{"id":107812,"date":"2025-05-07T07:34:28","date_gmt":"2025-05-07T14:34:28","guid":{"rendered":"https:\/\/fuentesfidedignas.com.mx\/?p=107812"},"modified":"2025-05-07T07:34:55","modified_gmt":"2025-05-07T14:34:55","slug":"se-fuga-el-ponchis-lider-de-los-salazar-del-penal-de-hermosillo","status":"publish","type":"post","link":"https:\/\/fuentesfidedignas.com.mx\/index.php\/2025\/05\/07\/se-fuga-el-ponchis-lider-de-los-salazar-del-penal-de-hermosillo\/","title":{"rendered":"Se fuga \u2018El Ponchis\u2019, l\u00edder de Los Salazar, del penal de Hermosillo"},"content":{"rendered":"\n<p><strong><em>Salu Francisco Hern\u00e1ndez, alias \u2018el Ponchis\u2019 y considerado l\u00edder de Los Salazar, hab\u00eda sido detenido el 25 de marzo<\/em><\/strong><\/p>\n\n\n\n<p>Salu Francisco Hern\u00e1ndez Tenorio, alias el Ponchis o el Fantasma, jefe de plaza del grupo delictivo de Los Salazar, brazo armado y operativo del C\u00e1rtel de Sinaloa, se fug\u00f3 del Centro de Readaptaci\u00f3n Social (Cereso) Hermosillo Uno, en Sonora, informaron autoridades estatales.<\/p>\n\n\n\n<p>El ahora pr\u00f3fugo era considerado como objetivo prioritario generador de violencia por las agencias de Seguridad del Gobierno de M\u00e9xico, pero estaba encerrado en una c\u00e1rcel que no es de m\u00e1xima seguridad, a pesar que se le investigaba por delitos graves como homicidio calificado con premeditaci\u00f3n, alevos\u00eda y traici\u00f3n, as\u00ed como de asociaci\u00f3n delictiva.<\/p>\n\n\n\n<p>El secretario de Seguridad P\u00fablica en Sonora, V\u00edctor Hugo Enr\u00edquez Garc\u00eda, confirm\u00f3 que los custodios del Cereso Hermosillo Uno, se percataron de la fuga en el pase de lista de la noche del lunes 5 de mayo.<\/p>\n\n\n\n<p>&#8220;Durante el pase de lista en el Cereso Hermosillo 1 se detect\u00f3 la evasi\u00f3n de Salu Francisco Hern\u00e1ndez, persona privada de la libertad; de inmediato se activaron los protocolos de seguridad establecidos para este tipo de incidentes y se notific\u00f3 la Fiscal\u00eda General de Justicia del Estado, que ya ha iniciado una investigaci\u00f3n exhaustiva para esclarecer los hechos\u201d, asegur\u00f3 el secretario de Seguridad.<\/p>\n\n\n\n<p>Adem\u00e1s, advirti\u00f3 que las autoridades de la Agencia Ministerial de Investigaci\u00f3n Criminal \u201cest\u00e1n investigando a las personas responsables de la seguridad en el penal y que cualesquier indicio de complicidad, negligencia o encubrimiento, ser\u00e1 sancionado con todo el peso de la Ley.<\/p>\n\n\n\n<p>El Ponchis, que tambi\u00e9n utiliza el alias de Jorge Hern\u00e1ndez Robledo, es buscado y los operativos para su recaptura contemplan revisi\u00f3n de carreteras, centrales de autobuses y aeropuertos de todo el pa\u00eds.<\/p>\n\n\n\n<p>Fue el pasado 25 de marzo cuando autoridades federales anunciaron la captura de Salu Francisco \u201cN\u201d, quien era considerado objetivo prioritario por la Fiscal\u00eda General de Justicia Estatal, que ofrec\u00eda hasta 500 mil pesos por informaci\u00f3n que condujera a su localizaci\u00f3n.<\/p>\n\n\n\n<p>Las autoridades lo ubican como l\u00edder de Los Fantasmas, una c\u00e9lula armada dentro de \u2018Los Salazar\u2019, la cual actuaba como brazo operativo del C\u00e1rtel de Sinaloa.<\/p>\n\n\n\n<p>Seg\u00fan reportes oficiales y documentos de inteligencia militar del Ej\u00e9rcito mexicano, el Ponchis encabezaba operaciones en varios municipios del norte de Sonora, zonas clave por su proximidad con la frontera de Estados Unidos.<\/p>\n\n\n\n<p>Uno de los ataques que se le atribuyen a su c\u00e9lula delictiva, fue una emboscada a un convoy de la Defensa y de la Polic\u00eda Estatal de Seguridad P\u00fablica, el 31 de octubre de 2023, entre Altar y Oquitoa, con un resultado de varios agentes lesionados.<\/p>\n","protected":false},"excerpt":{"rendered":"<p>Salu Francisco Hern\u00e1ndez, alias \u2018el Ponchis\u2019 y considerado l\u00edder de Los Salazar, hab\u00eda sido detenido el 25 de marzo Salu Francisco Hern\u00e1ndez Tenorio, alias el Ponchis o el Fantasma, jefe de plaza del grupo delictivo de Los Salazar, brazo armado y operativo del C\u00e1rtel de Sinaloa, se fug\u00f3 del Centro de Readaptaci\u00f3n Social (Cereso) Hermosillo [&hellip;]<\/p>\n","protected":false},"author":47,"featured_media":107813,"comment_status":"open","ping_status":"open","sticky":false,"template":"","format":"standard","meta":{"tdm_status":"","tdm_grid_status":"","footnotes":""},"categories":[39],"tags":[],"class_list":{"0":"post-107812","1":"post","2":"type-post","3":"status-publish","4":"format-standard","5":"has-post-thumbnail","7":"category-noticias-nacionales"},"yoast_head":"<!-- This site is optimized with the Yoast SEO plugin v27.4 - https:\/\/yoast.com\/product\/yoast-seo-wordpress\/ -->\n<title>Se fuga \u2018El Ponchis\u2019, l\u00edder de Los Salazar, del penal de Hermosillo - Fuentes Fidedignas<\/title>\n<meta name=\"robots\" content=\"index, follow, max-snippet:-1, max-image-preview:large, max-video-preview:-1\" \/>\n<link rel=\"canonical\" href=\"https:\/\/fuentesfidedignas.com.mx\/index.php\/2025\/05\/07\/se-fuga-el-ponchis-lider-de-los-salazar-del-penal-de-hermosillo\/\" \/>\n<meta property=\"og:locale\" content=\"es_MX\" \/>\n<meta property=\"og:type\" content=\"article\" \/>\n<meta property=\"og:title\" content=\"Se fuga \u2018El Ponchis\u2019, l\u00edder de Los Salazar, del penal de Hermosillo - Fuentes Fidedignas\" \/>\n<meta property=\"og:description\" content=\"Salu Francisco Hern\u00e1ndez, alias \u2018el Ponchis\u2019 y considerado l\u00edder de Los Salazar, hab\u00eda sido detenido el 25 de marzo Salu Francisco Hern\u00e1ndez Tenorio, alias el Ponchis o el Fantasma, jefe de plaza del grupo delictivo de Los Salazar, brazo armado y operativo del C\u00e1rtel de Sinaloa, se fug\u00f3 del Centro de Readaptaci\u00f3n Social (Cereso) Hermosillo [&hellip;]\" \/>\n<meta property=\"og:url\" content=\"https:\/\/fuentesfidedignas.com.mx\/index.php\/2025\/05\/07\/se-fuga-el-ponchis-lider-de-los-salazar-del-penal-de-hermosillo\/\" \/>\n<meta property=\"og:site_name\" content=\"Fuentes Fidedignas\" \/>\n<meta property=\"article:publisher\" content=\"https:\/\/www.facebook.com\/Fuentes-Fidedignas-368234489921644\" \/>\n<meta property=\"article:published_time\" content=\"2025-05-07T14:34:28+00:00\" \/>\n<meta property=\"article:modified_time\" content=\"2025-05-07T14:34:55+00:00\" \/>\n<meta property=\"og:image\" content=\"https:\/\/fuentesfidedignas.com.mx\/wp-content\/uploads\/2025\/05\/salu-francisco-n-ponchis-fantasma-los-salazar.jpg\" \/>\n\t<meta property=\"og:image:width\" content=\"600\" \/>\n\t<meta property=\"og:image:height\" content=\"400\" \/>\n\t<meta property=\"og:image:type\" content=\"image\/jpeg\" \/>\n<meta name=\"author\" content=\"L\u00f3pez D\u00f3riga\" \/>\n<meta name=\"twitter:card\" content=\"summary_large_image\" \/>\n<meta name=\"twitter:creator\" content=\"@fidedignas\" \/>\n<meta name=\"twitter:site\" content=\"@fidedignas\" \/>\n<meta name=\"twitter:label1\" content=\"Escrito por\" \/>\n\t<meta name=\"twitter:data1\" content=\"L\u00f3pez D\u00f3riga\" \/>\n\t<meta name=\"twitter:label2\" content=\"Tiempo de lectura\" \/>\n\t<meta name=\"twitter:data2\" content=\"3 minutos\" \/>\n<script type=\"application\/ld+json\" class=\"yoast-schema-graph\">{\"@context\":\"https:\\\/\\\/schema.org\",\"@graph\":[{\"@type\":\"Article\",\"@id\":\"https:\\\/\\\/fuentesfidedignas.com.mx\\\/index.php\\\/2025\\\/05\\\/07\\\/se-fuga-el-ponchis-lider-de-los-salazar-del-penal-de-hermosillo\\\/#article\",\"isPartOf\":{\"@id\":\"https:\\\/\\\/fuentesfidedignas.com.mx\\\/index.php\\\/2025\\\/05\\\/07\\\/se-fuga-el-ponchis-lider-de-los-salazar-del-penal-de-hermosillo\\\/\"},\"author\":{\"name\":\"L\u00f3pez D\u00f3riga\",\"@id\":\"https:\\\/\\\/fuentesfidedignas.com.mx\\\/#\\\/schema\\\/person\\\/67d852f0557c8509146a4b9ddebd543a\"},\"headline\":\"Se fuga \u2018El Ponchis\u2019, l\u00edder de Los Salazar, del penal de Hermosillo\",\"datePublished\":\"2025-05-07T14:34:28+00:00\",\"dateModified\":\"2025-05-07T14:34:55+00:00\",\"mainEntityOfPage\":{\"@id\":\"https:\\\/\\\/fuentesfidedignas.com.mx\\\/index.php\\\/2025\\\/05\\\/07\\\/se-fuga-el-ponchis-lider-de-los-salazar-del-penal-de-hermosillo\\\/\"},\"wordCount\":482,\"commentCount\":0,\"publisher\":{\"@id\":\"https:\\\/\\\/fuentesfidedignas.com.mx\\\/#organization\"},\"image\":{\"@id\":\"https:\\\/\\\/fuentesfidedignas.com.mx\\\/index.php\\\/2025\\\/05\\\/07\\\/se-fuga-el-ponchis-lider-de-los-salazar-del-penal-de-hermosillo\\\/#primaryimage\"},\"thumbnailUrl\":\"https:\\\/\\\/fuentesfidedignas.com.mx\\\/wp-content\\\/uploads\\\/2025\\\/05\\\/salu-francisco-n-ponchis-fantasma-los-salazar.jpg\",\"articleSection\":[\"NOTICIAS NACIONALES\"],\"inLanguage\":\"es\",\"potentialAction\":[{\"@type\":\"CommentAction\",\"name\":\"Comment\",\"target\":[\"https:\\\/\\\/fuentesfidedignas.com.mx\\\/index.php\\\/2025\\\/05\\\/07\\\/se-fuga-el-ponchis-lider-de-los-salazar-del-penal-de-hermosillo\\\/#respond\"]}]},{\"@type\":\"WebPage\",\"@id\":\"https:\\\/\\\/fuentesfidedignas.com.mx\\\/index.php\\\/2025\\\/05\\\/07\\\/se-fuga-el-ponchis-lider-de-los-salazar-del-penal-de-hermosillo\\\/\",\"url\":\"https:\\\/\\\/fuentesfidedignas.com.mx\\\/index.php\\\/2025\\\/05\\\/07\\\/se-fuga-el-ponchis-lider-de-los-salazar-del-penal-de-hermosillo\\\/\",\"name\":\"Se fuga \u2018El Ponchis\u2019, l\u00edder de Los Salazar, del penal de Hermosillo - Fuentes Fidedignas\",\"isPartOf\":{\"@id\":\"https:\\\/\\\/fuentesfidedignas.com.mx\\\/#website\"},\"primaryImageOfPage\":{\"@id\":\"https:\\\/\\\/fuentesfidedignas.com.mx\\\/index.php\\\/2025\\\/05\\\/07\\\/se-fuga-el-ponchis-lider-de-los-salazar-del-penal-de-hermosillo\\\/#primaryimage\"},\"image\":{\"@id\":\"https:\\\/\\\/fuentesfidedignas.com.mx\\\/index.php\\\/2025\\\/05\\\/07\\\/se-fuga-el-ponchis-lider-de-los-salazar-del-penal-de-hermosillo\\\/#primaryimage\"},\"thumbnailUrl\":\"https:\\\/\\\/fuentesfidedignas.com.mx\\\/wp-content\\\/uploads\\\/2025\\\/05\\\/salu-francisco-n-ponchis-fantasma-los-salazar.jpg\",\"datePublished\":\"2025-05-07T14:34:28+00:00\",\"dateModified\":\"2025-05-07T14:34:55+00:00\",\"breadcrumb\":{\"@id\":\"https:\\\/\\\/fuentesfidedignas.com.mx\\\/index.php\\\/2025\\\/05\\\/07\\\/se-fuga-el-ponchis-lider-de-los-salazar-del-penal-de-hermosillo\\\/#breadcrumb\"},\"inLanguage\":\"es\",\"potentialAction\":[{\"@type\":\"ReadAction\",\"target\":[\"https:\\\/\\\/fuentesfidedignas.com.mx\\\/index.php\\\/2025\\\/05\\\/07\\\/se-fuga-el-ponchis-lider-de-los-salazar-del-penal-de-hermosillo\\\/\"]}]},{\"@type\":\"ImageObject\",\"inLanguage\":\"es\",\"@id\":\"https:\\\/\\\/fuentesfidedignas.com.mx\\\/index.php\\\/2025\\\/05\\\/07\\\/se-fuga-el-ponchis-lider-de-los-salazar-del-penal-de-hermosillo\\\/#primaryimage\",\"url\":\"https:\\\/\\\/fuentesfidedignas.com.mx\\\/wp-content\\\/uploads\\\/2025\\\/05\\\/salu-francisco-n-ponchis-fantasma-los-salazar.jpg\",\"contentUrl\":\"https:\\\/\\\/fuentesfidedignas.com.mx\\\/wp-content\\\/uploads\\\/2025\\\/05\\\/salu-francisco-n-ponchis-fantasma-los-salazar.jpg\",\"width\":600,\"height\":400},{\"@type\":\"BreadcrumbList\",\"@id\":\"https:\\\/\\\/fuentesfidedignas.com.mx\\\/index.php\\\/2025\\\/05\\\/07\\\/se-fuga-el-ponchis-lider-de-los-salazar-del-penal-de-hermosillo\\\/#breadcrumb\",\"itemListElement\":[{\"@type\":\"ListItem\",\"position\":1,\"name\":\"Inicio\",\"item\":\"https:\\\/\\\/fuentesfidedignas.com.mx\\\/\"},{\"@type\":\"ListItem\",\"position\":2,\"name\":\"Se fuga \u2018El Ponchis\u2019, l\u00edder de Los Salazar, del penal de Hermosillo\"}]},{\"@type\":\"WebSite\",\"@id\":\"https:\\\/\\\/fuentesfidedignas.com.mx\\\/#website\",\"url\":\"https:\\\/\\\/fuentesfidedignas.com.mx\\\/\",\"name\":\"Fuentes Fidedignas\",\"description\":\"Otro sitio realizado con WordPress\",\"publisher\":{\"@id\":\"https:\\\/\\\/fuentesfidedignas.com.mx\\\/#organization\"},\"potentialAction\":[{\"@type\":\"SearchAction\",\"target\":{\"@type\":\"EntryPoint\",\"urlTemplate\":\"https:\\\/\\\/fuentesfidedignas.com.mx\\\/?s={search_term_string}\"},\"query-input\":{\"@type\":\"PropertyValueSpecification\",\"valueRequired\":true,\"valueName\":\"search_term_string\"}}],\"inLanguage\":\"es\"},{\"@type\":\"Organization\",\"@id\":\"https:\\\/\\\/fuentesfidedignas.com.mx\\\/#organization\",\"name\":\"Fuentes Fidedignas\",\"url\":\"https:\\\/\\\/fuentesfidedignas.com.mx\\\/\",\"logo\":{\"@type\":\"ImageObject\",\"inLanguage\":\"es\",\"@id\":\"https:\\\/\\\/fuentesfidedignas.com.mx\\\/#\\\/schema\\\/logo\\\/image\\\/\",\"url\":\"https:\\\/\\\/fuentesfidedignas.com.mx\\\/wp-content\\\/uploads\\\/2021\\\/04\\\/logo-retina.png\",\"contentUrl\":\"https:\\\/\\\/fuentesfidedignas.com.mx\\\/wp-content\\\/uploads\\\/2021\\\/04\\\/logo-retina.png\",\"width\":280,\"height\":51,\"caption\":\"Fuentes Fidedignas\"},\"image\":{\"@id\":\"https:\\\/\\\/fuentesfidedignas.com.mx\\\/#\\\/schema\\\/logo\\\/image\\\/\"},\"sameAs\":[\"https:\\\/\\\/www.facebook.com\\\/Fuentes-Fidedignas-368234489921644\",\"https:\\\/\\\/x.com\\\/fidedignas\"]},{\"@type\":\"Person\",\"@id\":\"https:\\\/\\\/fuentesfidedignas.com.mx\\\/#\\\/schema\\\/person\\\/67d852f0557c8509146a4b9ddebd543a\",\"name\":\"L\u00f3pez D\u00f3riga\",\"image\":{\"@type\":\"ImageObject\",\"inLanguage\":\"es\",\"@id\":\"https:\\\/\\\/secure.gravatar.com\\\/avatar\\\/e525b06574ca18b33cded59dfe5778d6c823b9513154eff47da551b0551bdd1e?s=96&d=mm&r=g\",\"url\":\"https:\\\/\\\/secure.gravatar.com\\\/avatar\\\/e525b06574ca18b33cded59dfe5778d6c823b9513154eff47da551b0551bdd1e?s=96&d=mm&r=g\",\"contentUrl\":\"https:\\\/\\\/secure.gravatar.com\\\/avatar\\\/e525b06574ca18b33cded59dfe5778d6c823b9513154eff47da551b0551bdd1e?s=96&d=mm&r=g\",\"caption\":\"L\u00f3pez D\u00f3riga\"},\"url\":\"https:\\\/\\\/fuentesfidedignas.com.mx\\\/index.php\\\/author\\\/doriga\\\/\"}]}<\/script>\n<!-- \/ Yoast SEO plugin. -->","yoast_head_json":{"title":"Se fuga \u2018El Ponchis\u2019, l\u00edder de Los Salazar, del penal de Hermosillo - Fuentes Fidedignas","robots":{"index":"index","follow":"follow","max-snippet":"max-snippet:-1","max-image-preview":"max-image-preview:large","max-video-preview":"max-video-preview:-1"},"canonical":"https:\/\/fuentesfidedignas.com.mx\/index.php\/2025\/05\/07\/se-fuga-el-ponchis-lider-de-los-salazar-del-penal-de-hermosillo\/","og_locale":"es_MX","og_type":"article","og_title":"Se fuga \u2018El Ponchis\u2019, l\u00edder de Los Salazar, del penal de Hermosillo - Fuentes Fidedignas","og_description":"Salu Francisco Hern\u00e1ndez, alias \u2018el Ponchis\u2019 y considerado l\u00edder de Los Salazar, hab\u00eda sido detenido el 25 de marzo Salu Francisco Hern\u00e1ndez Tenorio, alias el Ponchis o el Fantasma, jefe de plaza del grupo delictivo de Los Salazar, brazo armado y operativo del C\u00e1rtel de Sinaloa, se fug\u00f3 del Centro de Readaptaci\u00f3n Social (Cereso) Hermosillo [&hellip;]","og_url":"https:\/\/fuentesfidedignas.com.mx\/index.php\/2025\/05\/07\/se-fuga-el-ponchis-lider-de-los-salazar-del-penal-de-hermosillo\/","og_site_name":"Fuentes Fidedignas","article_publisher":"https:\/\/www.facebook.com\/Fuentes-Fidedignas-368234489921644","article_published_time":"2025-05-07T14:34:28+00:00","article_modified_time":"2025-05-07T14:34:55+00:00","og_image":[{"width":600,"height":400,"url":"https:\/\/fuentesfidedignas.com.mx\/wp-content\/uploads\/2025\/05\/salu-francisco-n-ponchis-fantasma-los-salazar.jpg","type":"image\/jpeg"}],"author":"L\u00f3pez D\u00f3riga","twitter_card":"summary_large_image","twitter_creator":"@fidedignas","twitter_site":"@fidedignas","twitter_misc":{"Escrito por":"L\u00f3pez D\u00f3riga","Tiempo de lectura":"3 minutos"},"schema":{"@context":"https:\/\/schema.org","@graph":[{"@type":"Article","@id":"https:\/\/fuentesfidedignas.com.mx\/index.php\/2025\/05\/07\/se-fuga-el-ponchis-lider-de-los-salazar-del-penal-de-hermosillo\/#article","isPartOf":{"@id":"https:\/\/fuentesfidedignas.com.mx\/index.php\/2025\/05\/07\/se-fuga-el-ponchis-lider-de-los-salazar-del-penal-de-hermosillo\/"},"author":{"name":"L\u00f3pez D\u00f3riga","@id":"https:\/\/fuentesfidedignas.com.mx\/#\/schema\/person\/67d852f0557c8509146a4b9ddebd543a"},"headline":"Se fuga \u2018El Ponchis\u2019, l\u00edder de Los Salazar, del penal de Hermosillo","datePublished":"2025-05-07T14:34:28+00:00","dateModified":"2025-05-07T14:34:55+00:00","mainEntityOfPage":{"@id":"https:\/\/fuentesfidedignas.com.mx\/index.php\/2025\/05\/07\/se-fuga-el-ponchis-lider-de-los-salazar-del-penal-de-hermosillo\/"},"wordCount":482,"commentCount":0,"publisher":{"@id":"https:\/\/fuentesfidedignas.com.mx\/#organization"},"image":{"@id":"https:\/\/fuentesfidedignas.com.mx\/index.php\/2025\/05\/07\/se-fuga-el-ponchis-lider-de-los-salazar-del-penal-de-hermosillo\/#primaryimage"},"thumbnailUrl":"https:\/\/fuentesfidedignas.com.mx\/wp-content\/uploads\/2025\/05\/salu-francisco-n-ponchis-fantasma-los-salazar.jpg","articleSection":["NOTICIAS NACIONALES"],"inLanguage":"es","potentialAction":[{"@type":"CommentAction","name":"Comment","target":["https:\/\/fuentesfidedignas.com.mx\/index.php\/2025\/05\/07\/se-fuga-el-ponchis-lider-de-los-salazar-del-penal-de-hermosillo\/#respond"]}]},{"@type":"WebPage","@id":"https:\/\/fuentesfidedignas.com.mx\/index.php\/2025\/05\/07\/se-fuga-el-ponchis-lider-de-los-salazar-del-penal-de-hermosillo\/","url":"https:\/\/fuentesfidedignas.com.mx\/index.php\/2025\/05\/07\/se-fuga-el-ponchis-lider-de-los-salazar-del-penal-de-hermosillo\/","name":"Se fuga \u2018El Ponchis\u2019, l\u00edder de Los Salazar, del penal de Hermosillo - Fuentes Fidedignas","isPartOf":{"@id":"https:\/\/fuentesfidedignas.com.mx\/#website"},"primaryImageOfPage":{"@id":"https:\/\/fuentesfidedignas.com.mx\/index.php\/2025\/05\/07\/se-fuga-el-ponchis-lider-de-los-salazar-del-penal-de-hermosillo\/#primaryimage"},"image":{"@id":"https:\/\/fuentesfidedignas.com.mx\/index.php\/2025\/05\/07\/se-fuga-el-ponchis-lider-de-los-salazar-del-penal-de-hermosillo\/#primaryimage"},"thumbnailUrl":"https:\/\/fuentesfidedignas.com.mx\/wp-content\/uploads\/2025\/05\/salu-francisco-n-ponchis-fantasma-los-salazar.jpg","datePublished":"2025-05-07T14:34:28+00:00","dateModified":"2025-05-07T14:34:55+00:00","breadcrumb":{"@id":"https:\/\/fuentesfidedignas.com.mx\/index.php\/2025\/05\/07\/se-fuga-el-ponchis-lider-de-los-salazar-del-penal-de-hermosillo\/#breadcrumb"},"inLanguage":"es","potentialAction":[{"@type":"ReadAction","target":["https:\/\/fuentesfidedignas.com.mx\/index.php\/2025\/05\/07\/se-fuga-el-ponchis-lider-de-los-salazar-del-penal-de-hermosillo\/"]}]},{"@type":"ImageObject","inLanguage":"es","@id":"https:\/\/fuentesfidedignas.com.mx\/index.php\/2025\/05\/07\/se-fuga-el-ponchis-lider-de-los-salazar-del-penal-de-hermosillo\/#primaryimage","url":"https:\/\/fuentesfidedignas.com.mx\/wp-content\/uploads\/2025\/05\/salu-francisco-n-ponchis-fantasma-los-salazar.jpg","contentUrl":"https:\/\/fuentesfidedignas.com.mx\/wp-content\/uploads\/2025\/05\/salu-francisco-n-ponchis-fantasma-los-salazar.jpg","width":600,"height":400},{"@type":"BreadcrumbList","@id":"https:\/\/fuentesfidedignas.com.mx\/index.php\/2025\/05\/07\/se-fuga-el-ponchis-lider-de-los-salazar-del-penal-de-hermosillo\/#breadcrumb","itemListElement":[{"@type":"ListItem","position":1,"name":"Inicio","item":"https:\/\/fuentesfidedignas.com.mx\/"},{"@type":"ListItem","position":2,"name":"Se fuga \u2018El Ponchis\u2019, l\u00edder de Los Salazar, del penal de Hermosillo"}]},{"@type":"WebSite","@id":"https:\/\/fuentesfidedignas.com.mx\/#website","url":"https:\/\/fuentesfidedignas.com.mx\/","name":"Fuentes Fidedignas","description":"Otro sitio realizado con WordPress","publisher":{"@id":"https:\/\/fuentesfidedignas.com.mx\/#organization"},"potentialAction":[{"@type":"SearchAction","target":{"@type":"EntryPoint","urlTemplate":"https:\/\/fuentesfidedignas.com.mx\/?s={search_term_string}"},"query-input":{"@type":"PropertyValueSpecification","valueRequired":true,"valueName":"search_term_string"}}],"inLanguage":"es"},{"@type":"Organization","@id":"https:\/\/fuentesfidedignas.com.mx\/#organization","name":"Fuentes Fidedignas","url":"https:\/\/fuentesfidedignas.com.mx\/","logo":{"@type":"ImageObject","inLanguage":"es","@id":"https:\/\/fuentesfidedignas.com.mx\/#\/schema\/logo\/image\/","url":"https:\/\/fuentesfidedignas.com.mx\/wp-content\/uploads\/2021\/04\/logo-retina.png","contentUrl":"https:\/\/fuentesfidedignas.com.mx\/wp-content\/uploads\/2021\/04\/logo-retina.png","width":280,"height":51,"caption":"Fuentes Fidedignas"},"image":{"@id":"https:\/\/fuentesfidedignas.com.mx\/#\/schema\/logo\/image\/"},"sameAs":["https:\/\/www.facebook.com\/Fuentes-Fidedignas-368234489921644","https:\/\/x.com\/fidedignas"]},{"@type":"Person","@id":"https:\/\/fuentesfidedignas.com.mx\/#\/schema\/person\/67d852f0557c8509146a4b9ddebd543a","name":"L\u00f3pez D\u00f3riga","image":{"@type":"ImageObject","inLanguage":"es","@id":"https:\/\/secure.gravatar.com\/avatar\/e525b06574ca18b33cded59dfe5778d6c823b9513154eff47da551b0551bdd1e?s=96&d=mm&r=g","url":"https:\/\/secure.gravatar.com\/avatar\/e525b06574ca18b33cded59dfe5778d6c823b9513154eff47da551b0551bdd1e?s=96&d=mm&r=g","contentUrl":"https:\/\/secure.gravatar.com\/avatar\/e525b06574ca18b33cded59dfe5778d6c823b9513154eff47da551b0551bdd1e?s=96&d=mm&r=g","caption":"L\u00f3pez D\u00f3riga"},"url":"https:\/\/fuentesfidedignas.com.mx\/index.php\/author\/doriga\/"}]}},"_links":{"self":[{"href":"https:\/\/fuentesfidedignas.com.mx\/index.php\/wp-json\/wp\/v2\/posts\/107812","targetHints":{"allow":["GET"]}}],"collection":[{"href":"https:\/\/fuentesfidedignas.com.mx\/index.php\/wp-json\/wp\/v2\/posts"}],"about":[{"href":"https:\/\/fuentesfidedignas.com.mx\/index.php\/wp-json\/wp\/v2\/types\/post"}],"author":[{"embeddable":true,"href":"https:\/\/fuentesfidedignas.com.mx\/index.php\/wp-json\/wp\/v2\/users\/47"}],"replies":[{"embeddable":true,"href":"https:\/\/fuentesfidedignas.com.mx\/index.php\/wp-json\/wp\/v2\/comments?post=107812"}],"version-history":[{"count":1,"href":"https:\/\/fuentesfidedignas.com.mx\/index.php\/wp-json\/wp\/v2\/posts\/107812\/revisions"}],"predecessor-version":[{"id":107814,"href":"https:\/\/fuentesfidedignas.com.mx\/index.php\/wp-json\/wp\/v2\/posts\/107812\/revisions\/107814"}],"wp:featuredmedia":[{"embeddable":true,"href":"https:\/\/fuentesfidedignas.com.mx\/index.php\/wp-json\/wp\/v2\/media\/107813"}],"wp:attachment":[{"href":"https:\/\/fuentesfidedignas.com.mx\/index.php\/wp-json\/wp\/v2\/media?parent=107812"}],"wp:term":[{"taxonomy":"category","embeddable":true,"href":"https:\/\/fuentesfidedignas.com.mx\/index.php\/wp-json\/wp\/v2\/categories?post=107812"},{"taxonomy":"post_tag","embeddable":true,"href":"https:\/\/fuentesfidedignas.com.mx\/index.php\/wp-json\/wp\/v2\/tags?post=107812"}],"curies":[{"name":"wp","href":"https:\/\/api.w.org\/{rel}","templated":true}]}}