{"id":107775,"date":"2025-05-06T18:32:39","date_gmt":"2025-05-07T01:32:39","guid":{"rendered":"https:\/\/fuentesfidedignas.com.mx\/?p=107775"},"modified":"2025-05-06T18:34:09","modified_gmt":"2025-05-07T01:34:09","slug":"encuentran-seis-cuerpos-con-signos-de-tortura-calcinamiento-y-decapitacion-en-michoacan","status":"publish","type":"post","link":"https:\/\/fuentesfidedignas.com.mx\/index.php\/2025\/05\/06\/encuentran-seis-cuerpos-con-signos-de-tortura-calcinamiento-y-decapitacion-en-michoacan\/","title":{"rendered":"Hallan los cuerpos de seis hombres ejecutados en Michoac\u00e1n; tres fueron calcinados y uno decapitado"},"content":{"rendered":"\n<p><strong><em>Los seis cad\u00e1veres, todos del sexo masculino y sin identificar, fueron encontrados en distintos puntos, seg\u00fan informaron las autoridades locales.<\/em><\/strong><\/p>\n\n\n\n<p>MICHOAC\u00c1N, M\u00e9xico.- Autoridades de Michoac\u00e1n localizaron los cuerpos sin vida de seis hombres en distintos puntos del municipio de Villa Madero. La Fiscal\u00eda General del Estado confirm\u00f3 que tres de las v\u00edctimas fueron encontradas dentro de una camioneta Chevrolet blanca tipo pick-up, doble cabina y sin placas de circulaci\u00f3n. El veh\u00edculo fue abandonado y calcinado en una brecha de terracer\u00eda conocida como La Cuesta de los Fierros, entre las comunidades de Las Pilitas y El Ranchito.<\/p>\n\n\n\n<p>Las tres personas ten\u00edan entre 25 y 30 a\u00f1os de edad, presentaban disparos en la cabeza y, en al menos uno de los casos, los ojos vendados. En el lugar se encontraron casquillos percutidos de armas largas. Seg\u00fan las autoridades, las v\u00edctimas podr\u00edan haber sido ejecutadas en otro sitio y posteriormente llevadas al lugar donde se encontr\u00f3 la camioneta.<\/p>\n\n\n\n<p><strong>Otras dos v\u00edctimas con los ojos vendados y se\u00f1ales de violencia extrema<\/strong><br>En la misma zona, pero en un punto distinto del camino de terracer\u00eda, fueron hallados otros dos cuerpos. Ambas v\u00edctimas ten\u00edan las manos atadas a la espalda y vest\u00edan pantalones t\u00e1cticos. Uno de los hombres fue decapitado y su cabeza fue localizada a un costado. El otro ten\u00eda una herida en el cuello con caracter\u00edsticas de degollamiento. Ambos fueron asesinados con armas de fuego.<\/p>\n\n\n\n<p><strong>Un sexto cuerpo fue hallado bajo un puente<\/strong><br>Adem\u00e1s de los casos anteriores, las autoridades localizaron a una sexta v\u00edctima debajo de un puente en una localidad cercana. Este cuerpo tambi\u00e9n presentaba heridas de bala y huellas de tortura. La Fiscal\u00eda se\u00f1al\u00f3 que todos los fallecidos eran del sexo masculino y fueron ejecutados con disparos en la cabeza. Hasta ahora, ninguno ha sido identificado.<\/p>\n\n\n\n<p><strong>Las autoridades trasladaron los cuerpos al Semefo de Morelia<\/strong><br>Los seis cad\u00e1veres fueron llevados al Servicio M\u00e9dico Forense (Semefo) de la ciudad de Morelia. Ah\u00ed se realizar\u00e1n las necropsias correspondientes para establecer con precisi\u00f3n la causa de muerte e intentar identificar a las v\u00edctimas. Los cuerpos permanecen en calidad de desconocidos.<\/p>\n\n\n\n<p>Gobierno estatal se\u00f1ala que los homicidios pudieron haber ocurrido en otro municipio<br>El gobernador de Michoac\u00e1n, Alfredo Ram\u00edrez Bedolla, declar\u00f3 que la Fiscal\u00eda General del Estado ya investiga el caso. Indic\u00f3 que es posible que las ejecuciones no hayan ocurrido en Villa Madero.<\/p>\n\n\n\n<p>\u201cLa Fiscal\u00eda est\u00e1 investigando este tema; parece ser que ah\u00ed en Villa Madero dejaron la camioneta, le prendieron fuego, pero no necesariamente los homicidios ocurrieron ah\u00ed, sino puede ser que ocurri\u00f3 en otro municipio\u201d, afirm\u00f3.<\/p>\n\n\n\n<p>Hasta el momento, las autoridades no han confirmado si estos hechos est\u00e1n relacionados con grupos del crimen organizado. La Fiscal\u00eda contin\u00faa con las investigaciones para determinar el m\u00f3vil de los asesinatos y localizar a los responsables.<\/p>\n","protected":false},"excerpt":{"rendered":"<p>Los seis cad\u00e1veres, todos del sexo masculino y sin identificar, fueron encontrados en distintos puntos, seg\u00fan informaron las autoridades locales. MICHOAC\u00c1N, M\u00e9xico.- Autoridades de Michoac\u00e1n localizaron los cuerpos sin vida de seis hombres en distintos puntos del municipio de Villa Madero. La Fiscal\u00eda General del Estado confirm\u00f3 que tres de las v\u00edctimas fueron encontradas dentro [&hellip;]<\/p>\n","protected":false},"author":40,"featured_media":45435,"comment_status":"open","ping_status":"open","sticky":false,"template":"","format":"standard","meta":{"tdm_status":"","tdm_grid_status":"","footnotes":""},"categories":[39],"tags":[],"class_list":{"0":"post-107775","1":"post","2":"type-post","3":"status-publish","4":"format-standard","5":"has-post-thumbnail","7":"category-noticias-nacionales"},"yoast_head":"<!-- This site is optimized with the Yoast SEO plugin v27.5 - https:\/\/yoast.com\/product\/yoast-seo-wordpress\/ -->\n<title>Hallan los cuerpos de seis hombres ejecutados en Michoac\u00e1n; tres fueron calcinados y uno decapitado - Fuentes Fidedignas<\/title>\n<meta name=\"robots\" content=\"index, follow, max-snippet:-1, max-image-preview:large, max-video-preview:-1\" \/>\n<link rel=\"canonical\" href=\"https:\/\/fuentesfidedignas.com.mx\/index.php\/2025\/05\/06\/encuentran-seis-cuerpos-con-signos-de-tortura-calcinamiento-y-decapitacion-en-michoacan\/\" \/>\n<meta property=\"og:locale\" content=\"es_MX\" \/>\n<meta property=\"og:type\" content=\"article\" \/>\n<meta property=\"og:title\" content=\"Hallan los cuerpos de seis hombres ejecutados en Michoac\u00e1n; tres fueron calcinados y uno decapitado - Fuentes Fidedignas\" \/>\n<meta property=\"og:description\" content=\"Los seis cad\u00e1veres, todos del sexo masculino y sin identificar, fueron encontrados en distintos puntos, seg\u00fan informaron las autoridades locales. MICHOAC\u00c1N, M\u00e9xico.- Autoridades de Michoac\u00e1n localizaron los cuerpos sin vida de seis hombres en distintos puntos del municipio de Villa Madero. La Fiscal\u00eda General del Estado confirm\u00f3 que tres de las v\u00edctimas fueron encontradas dentro [&hellip;]\" \/>\n<meta property=\"og:url\" content=\"https:\/\/fuentesfidedignas.com.mx\/index.php\/2025\/05\/06\/encuentran-seis-cuerpos-con-signos-de-tortura-calcinamiento-y-decapitacion-en-michoacan\/\" \/>\n<meta property=\"og:site_name\" content=\"Fuentes Fidedignas\" \/>\n<meta property=\"article:publisher\" content=\"https:\/\/www.facebook.com\/Fuentes-Fidedignas-368234489921644\" \/>\n<meta property=\"article:published_time\" content=\"2025-05-07T01:32:39+00:00\" \/>\n<meta property=\"article:modified_time\" content=\"2025-05-07T01:34:09+00:00\" \/>\n<meta property=\"og:image\" content=\"https:\/\/fuentesfidedignas.com.mx\/wp-content\/uploads\/2023\/04\/CINTA.jpg\" \/>\n\t<meta property=\"og:image:width\" content=\"1370\" \/>\n\t<meta property=\"og:image:height\" content=\"801\" \/>\n\t<meta property=\"og:image:type\" content=\"image\/jpeg\" \/>\n<meta name=\"author\" content=\"El Imparcial\" \/>\n<meta name=\"twitter:card\" content=\"summary_large_image\" \/>\n<meta name=\"twitter:creator\" content=\"@fidedignas\" \/>\n<meta name=\"twitter:site\" content=\"@fidedignas\" \/>\n<meta name=\"twitter:label1\" content=\"Escrito por\" \/>\n\t<meta name=\"twitter:data1\" content=\"El Imparcial\" \/>\n\t<meta name=\"twitter:label2\" content=\"Tiempo de lectura\" \/>\n\t<meta name=\"twitter:data2\" content=\"3 minutos\" \/>\n<script type=\"application\/ld+json\" class=\"yoast-schema-graph\">{\"@context\":\"https:\\\/\\\/schema.org\",\"@graph\":[{\"@type\":\"Article\",\"@id\":\"https:\\\/\\\/fuentesfidedignas.com.mx\\\/index.php\\\/2025\\\/05\\\/06\\\/encuentran-seis-cuerpos-con-signos-de-tortura-calcinamiento-y-decapitacion-en-michoacan\\\/#article\",\"isPartOf\":{\"@id\":\"https:\\\/\\\/fuentesfidedignas.com.mx\\\/index.php\\\/2025\\\/05\\\/06\\\/encuentran-seis-cuerpos-con-signos-de-tortura-calcinamiento-y-decapitacion-en-michoacan\\\/\"},\"author\":{\"name\":\"El Imparcial\",\"@id\":\"https:\\\/\\\/fuentesfidedignas.com.mx\\\/#\\\/schema\\\/person\\\/ff4db17f8fd9c584e0cfc2a0c436b8a1\"},\"headline\":\"Hallan los cuerpos de seis hombres ejecutados en Michoac\u00e1n; tres fueron calcinados y uno decapitado\",\"datePublished\":\"2025-05-07T01:32:39+00:00\",\"dateModified\":\"2025-05-07T01:34:09+00:00\",\"mainEntityOfPage\":{\"@id\":\"https:\\\/\\\/fuentesfidedignas.com.mx\\\/index.php\\\/2025\\\/05\\\/06\\\/encuentran-seis-cuerpos-con-signos-de-tortura-calcinamiento-y-decapitacion-en-michoacan\\\/\"},\"wordCount\":517,\"commentCount\":0,\"publisher\":{\"@id\":\"https:\\\/\\\/fuentesfidedignas.com.mx\\\/#organization\"},\"image\":{\"@id\":\"https:\\\/\\\/fuentesfidedignas.com.mx\\\/index.php\\\/2025\\\/05\\\/06\\\/encuentran-seis-cuerpos-con-signos-de-tortura-calcinamiento-y-decapitacion-en-michoacan\\\/#primaryimage\"},\"thumbnailUrl\":\"https:\\\/\\\/fuentesfidedignas.com.mx\\\/wp-content\\\/uploads\\\/2023\\\/04\\\/CINTA.jpg\",\"articleSection\":[\"NOTICIAS NACIONALES\"],\"inLanguage\":\"es\",\"potentialAction\":[{\"@type\":\"CommentAction\",\"name\":\"Comment\",\"target\":[\"https:\\\/\\\/fuentesfidedignas.com.mx\\\/index.php\\\/2025\\\/05\\\/06\\\/encuentran-seis-cuerpos-con-signos-de-tortura-calcinamiento-y-decapitacion-en-michoacan\\\/#respond\"]}]},{\"@type\":\"WebPage\",\"@id\":\"https:\\\/\\\/fuentesfidedignas.com.mx\\\/index.php\\\/2025\\\/05\\\/06\\\/encuentran-seis-cuerpos-con-signos-de-tortura-calcinamiento-y-decapitacion-en-michoacan\\\/\",\"url\":\"https:\\\/\\\/fuentesfidedignas.com.mx\\\/index.php\\\/2025\\\/05\\\/06\\\/encuentran-seis-cuerpos-con-signos-de-tortura-calcinamiento-y-decapitacion-en-michoacan\\\/\",\"name\":\"Hallan los cuerpos de seis hombres ejecutados en Michoac\u00e1n; tres fueron calcinados y uno decapitado - Fuentes Fidedignas\",\"isPartOf\":{\"@id\":\"https:\\\/\\\/fuentesfidedignas.com.mx\\\/#website\"},\"primaryImageOfPage\":{\"@id\":\"https:\\\/\\\/fuentesfidedignas.com.mx\\\/index.php\\\/2025\\\/05\\\/06\\\/encuentran-seis-cuerpos-con-signos-de-tortura-calcinamiento-y-decapitacion-en-michoacan\\\/#primaryimage\"},\"image\":{\"@id\":\"https:\\\/\\\/fuentesfidedignas.com.mx\\\/index.php\\\/2025\\\/05\\\/06\\\/encuentran-seis-cuerpos-con-signos-de-tortura-calcinamiento-y-decapitacion-en-michoacan\\\/#primaryimage\"},\"thumbnailUrl\":\"https:\\\/\\\/fuentesfidedignas.com.mx\\\/wp-content\\\/uploads\\\/2023\\\/04\\\/CINTA.jpg\",\"datePublished\":\"2025-05-07T01:32:39+00:00\",\"dateModified\":\"2025-05-07T01:34:09+00:00\",\"breadcrumb\":{\"@id\":\"https:\\\/\\\/fuentesfidedignas.com.mx\\\/index.php\\\/2025\\\/05\\\/06\\\/encuentran-seis-cuerpos-con-signos-de-tortura-calcinamiento-y-decapitacion-en-michoacan\\\/#breadcrumb\"},\"inLanguage\":\"es\",\"potentialAction\":[{\"@type\":\"ReadAction\",\"target\":[\"https:\\\/\\\/fuentesfidedignas.com.mx\\\/index.php\\\/2025\\\/05\\\/06\\\/encuentran-seis-cuerpos-con-signos-de-tortura-calcinamiento-y-decapitacion-en-michoacan\\\/\"]}]},{\"@type\":\"ImageObject\",\"inLanguage\":\"es\",\"@id\":\"https:\\\/\\\/fuentesfidedignas.com.mx\\\/index.php\\\/2025\\\/05\\\/06\\\/encuentran-seis-cuerpos-con-signos-de-tortura-calcinamiento-y-decapitacion-en-michoacan\\\/#primaryimage\",\"url\":\"https:\\\/\\\/fuentesfidedignas.com.mx\\\/wp-content\\\/uploads\\\/2023\\\/04\\\/CINTA.jpg\",\"contentUrl\":\"https:\\\/\\\/fuentesfidedignas.com.mx\\\/wp-content\\\/uploads\\\/2023\\\/04\\\/CINTA.jpg\",\"width\":1370,\"height\":801},{\"@type\":\"BreadcrumbList\",\"@id\":\"https:\\\/\\\/fuentesfidedignas.com.mx\\\/index.php\\\/2025\\\/05\\\/06\\\/encuentran-seis-cuerpos-con-signos-de-tortura-calcinamiento-y-decapitacion-en-michoacan\\\/#breadcrumb\",\"itemListElement\":[{\"@type\":\"ListItem\",\"position\":1,\"name\":\"Inicio\",\"item\":\"https:\\\/\\\/fuentesfidedignas.com.mx\\\/\"},{\"@type\":\"ListItem\",\"position\":2,\"name\":\"Hallan los cuerpos de seis hombres ejecutados en Michoac\u00e1n; tres fueron calcinados y uno decapitado\"}]},{\"@type\":\"WebSite\",\"@id\":\"https:\\\/\\\/fuentesfidedignas.com.mx\\\/#website\",\"url\":\"https:\\\/\\\/fuentesfidedignas.com.mx\\\/\",\"name\":\"Fuentes Fidedignas\",\"description\":\"Otro sitio realizado con WordPress\",\"publisher\":{\"@id\":\"https:\\\/\\\/fuentesfidedignas.com.mx\\\/#organization\"},\"potentialAction\":[{\"@type\":\"SearchAction\",\"target\":{\"@type\":\"EntryPoint\",\"urlTemplate\":\"https:\\\/\\\/fuentesfidedignas.com.mx\\\/?s={search_term_string}\"},\"query-input\":{\"@type\":\"PropertyValueSpecification\",\"valueRequired\":true,\"valueName\":\"search_term_string\"}}],\"inLanguage\":\"es\"},{\"@type\":\"Organization\",\"@id\":\"https:\\\/\\\/fuentesfidedignas.com.mx\\\/#organization\",\"name\":\"Fuentes Fidedignas\",\"url\":\"https:\\\/\\\/fuentesfidedignas.com.mx\\\/\",\"logo\":{\"@type\":\"ImageObject\",\"inLanguage\":\"es\",\"@id\":\"https:\\\/\\\/fuentesfidedignas.com.mx\\\/#\\\/schema\\\/logo\\\/image\\\/\",\"url\":\"https:\\\/\\\/fuentesfidedignas.com.mx\\\/wp-content\\\/uploads\\\/2021\\\/04\\\/logo-retina.png\",\"contentUrl\":\"https:\\\/\\\/fuentesfidedignas.com.mx\\\/wp-content\\\/uploads\\\/2021\\\/04\\\/logo-retina.png\",\"width\":280,\"height\":51,\"caption\":\"Fuentes Fidedignas\"},\"image\":{\"@id\":\"https:\\\/\\\/fuentesfidedignas.com.mx\\\/#\\\/schema\\\/logo\\\/image\\\/\"},\"sameAs\":[\"https:\\\/\\\/www.facebook.com\\\/Fuentes-Fidedignas-368234489921644\",\"https:\\\/\\\/x.com\\\/fidedignas\"]},{\"@type\":\"Person\",\"@id\":\"https:\\\/\\\/fuentesfidedignas.com.mx\\\/#\\\/schema\\\/person\\\/ff4db17f8fd9c584e0cfc2a0c436b8a1\",\"name\":\"El Imparcial\",\"image\":{\"@type\":\"ImageObject\",\"inLanguage\":\"es\",\"@id\":\"https:\\\/\\\/secure.gravatar.com\\\/avatar\\\/accd6807585a75316c237ee783498317be6f66ab34c47c940966f26a3f613161?s=96&d=mm&r=g\",\"url\":\"https:\\\/\\\/secure.gravatar.com\\\/avatar\\\/accd6807585a75316c237ee783498317be6f66ab34c47c940966f26a3f613161?s=96&d=mm&r=g\",\"contentUrl\":\"https:\\\/\\\/secure.gravatar.com\\\/avatar\\\/accd6807585a75316c237ee783498317be6f66ab34c47c940966f26a3f613161?s=96&d=mm&r=g\",\"caption\":\"El Imparcial\"},\"url\":\"https:\\\/\\\/fuentesfidedignas.com.mx\\\/index.php\\\/author\\\/imparcial\\\/\"}]}<\/script>\n<!-- \/ Yoast SEO plugin. -->","yoast_head_json":{"title":"Hallan los cuerpos de seis hombres ejecutados en Michoac\u00e1n; tres fueron calcinados y uno decapitado - Fuentes Fidedignas","robots":{"index":"index","follow":"follow","max-snippet":"max-snippet:-1","max-image-preview":"max-image-preview:large","max-video-preview":"max-video-preview:-1"},"canonical":"https:\/\/fuentesfidedignas.com.mx\/index.php\/2025\/05\/06\/encuentran-seis-cuerpos-con-signos-de-tortura-calcinamiento-y-decapitacion-en-michoacan\/","og_locale":"es_MX","og_type":"article","og_title":"Hallan los cuerpos de seis hombres ejecutados en Michoac\u00e1n; tres fueron calcinados y uno decapitado - Fuentes Fidedignas","og_description":"Los seis cad\u00e1veres, todos del sexo masculino y sin identificar, fueron encontrados en distintos puntos, seg\u00fan informaron las autoridades locales. MICHOAC\u00c1N, M\u00e9xico.- Autoridades de Michoac\u00e1n localizaron los cuerpos sin vida de seis hombres en distintos puntos del municipio de Villa Madero. La Fiscal\u00eda General del Estado confirm\u00f3 que tres de las v\u00edctimas fueron encontradas dentro [&hellip;]","og_url":"https:\/\/fuentesfidedignas.com.mx\/index.php\/2025\/05\/06\/encuentran-seis-cuerpos-con-signos-de-tortura-calcinamiento-y-decapitacion-en-michoacan\/","og_site_name":"Fuentes Fidedignas","article_publisher":"https:\/\/www.facebook.com\/Fuentes-Fidedignas-368234489921644","article_published_time":"2025-05-07T01:32:39+00:00","article_modified_time":"2025-05-07T01:34:09+00:00","og_image":[{"width":1370,"height":801,"url":"https:\/\/fuentesfidedignas.com.mx\/wp-content\/uploads\/2023\/04\/CINTA.jpg","type":"image\/jpeg"}],"author":"El Imparcial","twitter_card":"summary_large_image","twitter_creator":"@fidedignas","twitter_site":"@fidedignas","twitter_misc":{"Escrito por":"El Imparcial","Tiempo de lectura":"3 minutos"},"schema":{"@context":"https:\/\/schema.org","@graph":[{"@type":"Article","@id":"https:\/\/fuentesfidedignas.com.mx\/index.php\/2025\/05\/06\/encuentran-seis-cuerpos-con-signos-de-tortura-calcinamiento-y-decapitacion-en-michoacan\/#article","isPartOf":{"@id":"https:\/\/fuentesfidedignas.com.mx\/index.php\/2025\/05\/06\/encuentran-seis-cuerpos-con-signos-de-tortura-calcinamiento-y-decapitacion-en-michoacan\/"},"author":{"name":"El Imparcial","@id":"https:\/\/fuentesfidedignas.com.mx\/#\/schema\/person\/ff4db17f8fd9c584e0cfc2a0c436b8a1"},"headline":"Hallan los cuerpos de seis hombres ejecutados en Michoac\u00e1n; tres fueron calcinados y uno decapitado","datePublished":"2025-05-07T01:32:39+00:00","dateModified":"2025-05-07T01:34:09+00:00","mainEntityOfPage":{"@id":"https:\/\/fuentesfidedignas.com.mx\/index.php\/2025\/05\/06\/encuentran-seis-cuerpos-con-signos-de-tortura-calcinamiento-y-decapitacion-en-michoacan\/"},"wordCount":517,"commentCount":0,"publisher":{"@id":"https:\/\/fuentesfidedignas.com.mx\/#organization"},"image":{"@id":"https:\/\/fuentesfidedignas.com.mx\/index.php\/2025\/05\/06\/encuentran-seis-cuerpos-con-signos-de-tortura-calcinamiento-y-decapitacion-en-michoacan\/#primaryimage"},"thumbnailUrl":"https:\/\/fuentesfidedignas.com.mx\/wp-content\/uploads\/2023\/04\/CINTA.jpg","articleSection":["NOTICIAS NACIONALES"],"inLanguage":"es","potentialAction":[{"@type":"CommentAction","name":"Comment","target":["https:\/\/fuentesfidedignas.com.mx\/index.php\/2025\/05\/06\/encuentran-seis-cuerpos-con-signos-de-tortura-calcinamiento-y-decapitacion-en-michoacan\/#respond"]}]},{"@type":"WebPage","@id":"https:\/\/fuentesfidedignas.com.mx\/index.php\/2025\/05\/06\/encuentran-seis-cuerpos-con-signos-de-tortura-calcinamiento-y-decapitacion-en-michoacan\/","url":"https:\/\/fuentesfidedignas.com.mx\/index.php\/2025\/05\/06\/encuentran-seis-cuerpos-con-signos-de-tortura-calcinamiento-y-decapitacion-en-michoacan\/","name":"Hallan los cuerpos de seis hombres ejecutados en Michoac\u00e1n; tres fueron calcinados y uno decapitado - Fuentes Fidedignas","isPartOf":{"@id":"https:\/\/fuentesfidedignas.com.mx\/#website"},"primaryImageOfPage":{"@id":"https:\/\/fuentesfidedignas.com.mx\/index.php\/2025\/05\/06\/encuentran-seis-cuerpos-con-signos-de-tortura-calcinamiento-y-decapitacion-en-michoacan\/#primaryimage"},"image":{"@id":"https:\/\/fuentesfidedignas.com.mx\/index.php\/2025\/05\/06\/encuentran-seis-cuerpos-con-signos-de-tortura-calcinamiento-y-decapitacion-en-michoacan\/#primaryimage"},"thumbnailUrl":"https:\/\/fuentesfidedignas.com.mx\/wp-content\/uploads\/2023\/04\/CINTA.jpg","datePublished":"2025-05-07T01:32:39+00:00","dateModified":"2025-05-07T01:34:09+00:00","breadcrumb":{"@id":"https:\/\/fuentesfidedignas.com.mx\/index.php\/2025\/05\/06\/encuentran-seis-cuerpos-con-signos-de-tortura-calcinamiento-y-decapitacion-en-michoacan\/#breadcrumb"},"inLanguage":"es","potentialAction":[{"@type":"ReadAction","target":["https:\/\/fuentesfidedignas.com.mx\/index.php\/2025\/05\/06\/encuentran-seis-cuerpos-con-signos-de-tortura-calcinamiento-y-decapitacion-en-michoacan\/"]}]},{"@type":"ImageObject","inLanguage":"es","@id":"https:\/\/fuentesfidedignas.com.mx\/index.php\/2025\/05\/06\/encuentran-seis-cuerpos-con-signos-de-tortura-calcinamiento-y-decapitacion-en-michoacan\/#primaryimage","url":"https:\/\/fuentesfidedignas.com.mx\/wp-content\/uploads\/2023\/04\/CINTA.jpg","contentUrl":"https:\/\/fuentesfidedignas.com.mx\/wp-content\/uploads\/2023\/04\/CINTA.jpg","width":1370,"height":801},{"@type":"BreadcrumbList","@id":"https:\/\/fuentesfidedignas.com.mx\/index.php\/2025\/05\/06\/encuentran-seis-cuerpos-con-signos-de-tortura-calcinamiento-y-decapitacion-en-michoacan\/#breadcrumb","itemListElement":[{"@type":"ListItem","position":1,"name":"Inicio","item":"https:\/\/fuentesfidedignas.com.mx\/"},{"@type":"ListItem","position":2,"name":"Hallan los cuerpos de seis hombres ejecutados en Michoac\u00e1n; tres fueron calcinados y uno decapitado"}]},{"@type":"WebSite","@id":"https:\/\/fuentesfidedignas.com.mx\/#website","url":"https:\/\/fuentesfidedignas.com.mx\/","name":"Fuentes Fidedignas","description":"Otro sitio realizado con WordPress","publisher":{"@id":"https:\/\/fuentesfidedignas.com.mx\/#organization"},"potentialAction":[{"@type":"SearchAction","target":{"@type":"EntryPoint","urlTemplate":"https:\/\/fuentesfidedignas.com.mx\/?s={search_term_string}"},"query-input":{"@type":"PropertyValueSpecification","valueRequired":true,"valueName":"search_term_string"}}],"inLanguage":"es"},{"@type":"Organization","@id":"https:\/\/fuentesfidedignas.com.mx\/#organization","name":"Fuentes Fidedignas","url":"https:\/\/fuentesfidedignas.com.mx\/","logo":{"@type":"ImageObject","inLanguage":"es","@id":"https:\/\/fuentesfidedignas.com.mx\/#\/schema\/logo\/image\/","url":"https:\/\/fuentesfidedignas.com.mx\/wp-content\/uploads\/2021\/04\/logo-retina.png","contentUrl":"https:\/\/fuentesfidedignas.com.mx\/wp-content\/uploads\/2021\/04\/logo-retina.png","width":280,"height":51,"caption":"Fuentes Fidedignas"},"image":{"@id":"https:\/\/fuentesfidedignas.com.mx\/#\/schema\/logo\/image\/"},"sameAs":["https:\/\/www.facebook.com\/Fuentes-Fidedignas-368234489921644","https:\/\/x.com\/fidedignas"]},{"@type":"Person","@id":"https:\/\/fuentesfidedignas.com.mx\/#\/schema\/person\/ff4db17f8fd9c584e0cfc2a0c436b8a1","name":"El Imparcial","image":{"@type":"ImageObject","inLanguage":"es","@id":"https:\/\/secure.gravatar.com\/avatar\/accd6807585a75316c237ee783498317be6f66ab34c47c940966f26a3f613161?s=96&d=mm&r=g","url":"https:\/\/secure.gravatar.com\/avatar\/accd6807585a75316c237ee783498317be6f66ab34c47c940966f26a3f613161?s=96&d=mm&r=g","contentUrl":"https:\/\/secure.gravatar.com\/avatar\/accd6807585a75316c237ee783498317be6f66ab34c47c940966f26a3f613161?s=96&d=mm&r=g","caption":"El Imparcial"},"url":"https:\/\/fuentesfidedignas.com.mx\/index.php\/author\/imparcial\/"}]}},"_links":{"self":[{"href":"https:\/\/fuentesfidedignas.com.mx\/index.php\/wp-json\/wp\/v2\/posts\/107775","targetHints":{"allow":["GET"]}}],"collection":[{"href":"https:\/\/fuentesfidedignas.com.mx\/index.php\/wp-json\/wp\/v2\/posts"}],"about":[{"href":"https:\/\/fuentesfidedignas.com.mx\/index.php\/wp-json\/wp\/v2\/types\/post"}],"author":[{"embeddable":true,"href":"https:\/\/fuentesfidedignas.com.mx\/index.php\/wp-json\/wp\/v2\/users\/40"}],"replies":[{"embeddable":true,"href":"https:\/\/fuentesfidedignas.com.mx\/index.php\/wp-json\/wp\/v2\/comments?post=107775"}],"version-history":[{"count":2,"href":"https:\/\/fuentesfidedignas.com.mx\/index.php\/wp-json\/wp\/v2\/posts\/107775\/revisions"}],"predecessor-version":[{"id":107778,"href":"https:\/\/fuentesfidedignas.com.mx\/index.php\/wp-json\/wp\/v2\/posts\/107775\/revisions\/107778"}],"wp:featuredmedia":[{"embeddable":true,"href":"https:\/\/fuentesfidedignas.com.mx\/index.php\/wp-json\/wp\/v2\/media\/45435"}],"wp:attachment":[{"href":"https:\/\/fuentesfidedignas.com.mx\/index.php\/wp-json\/wp\/v2\/media?parent=107775"}],"wp:term":[{"taxonomy":"category","embeddable":true,"href":"https:\/\/fuentesfidedignas.com.mx\/index.php\/wp-json\/wp\/v2\/categories?post=107775"},{"taxonomy":"post_tag","embeddable":true,"href":"https:\/\/fuentesfidedignas.com.mx\/index.php\/wp-json\/wp\/v2\/tags?post=107775"}],"curies":[{"name":"wp","href":"https:\/\/api.w.org\/{rel}","templated":true}]}}