{"id":107769,"date":"2025-05-06T17:46:51","date_gmt":"2025-05-07T00:46:51","guid":{"rendered":"https:\/\/fuentesfidedignas.com.mx\/?p=107769"},"modified":"2025-05-06T17:47:00","modified_gmt":"2025-05-07T00:47:00","slug":"eu-detiene-a-16-miembros-del-cartel-de-sinaloa-en-historica-operacion-contra-fentanilo","status":"publish","type":"post","link":"https:\/\/fuentesfidedignas.com.mx\/index.php\/2025\/05\/06\/eu-detiene-a-16-miembros-del-cartel-de-sinaloa-en-historica-operacion-contra-fentanilo\/","title":{"rendered":"EU detiene a 16 miembros del C\u00e1rtel de Sinaloa en \u2018hist\u00f3rica\u2019 operaci\u00f3n contra fentanilo"},"content":{"rendered":"\n<p><strong><em>Entre los detenidos se encuentra Heriberto Salazar Amaya, l\u00edder de una red de distribuci\u00f3n de droga del C\u00e1rtel de Sinaloa en EU<\/em><\/strong><\/p>\n\n\n\n<p>El Departamento de Justicia de Estados Unidos anunci\u00f3 el arresto de 16 miembros del C\u00e1rtel de Sinaloa, incluyendo uno de sus l\u00edderes, Heriberto Salazar Amaya, en una operaci\u00f3n en la que confisc\u00f3 cerca de 3 millones de pastillas de fentanilo, \u201cla mayor cantidad en la historia\u201d.<\/p>\n\n\n\n<p>La acci\u00f3n abarc\u00f3 varios puntos cercanos a la frontera sur de Estados Unidos, como Albuquerque, en Nuevo M\u00e9xico, y Phoenix, en Arizona, seg\u00fan detallaron las autoridades.<\/p>\n\n\n\n<p>\u201cEstamos muy orgullosos de anunciar un hist\u00f3rico arresto del C\u00e1rtel de Sinaloa y marca, hasta la fecha, la victoria m\u00e1s significativa en la lucha de nuestra naci\u00f3n contra el fentanilo y el narcotr\u00e1fico\u201d, declar\u00f3 Pamela Bondi, la fiscal general de Estados Unidos, en una rueda de prensa.<\/p>\n\n\n\n<p>En el operativo, liderado por la Agencia Antidrogas de Estados Unidos (DEA, en ingl\u00e9s), las autoridades decomisaron 11.5 kilogramos adicionales de fentanilo, 35 kilogramos de metanfetaminas, 35 kilos de crystal, 7.5 kilos de coca\u00edna, 4.5 kilos de hero\u00edna, 49 armas y 5 millones de d\u00f3lares en efectivo.<\/p>\n\n\n\n<p>Bondi enmarc\u00f3 la operaci\u00f3n en la lucha del presidente de Estados Unidos, Donald Trump, contra el fentanilo, una droga sint\u00e9tica elaborada en M\u00e9xico con precursores qu\u00edmicos de China y que mata a 75 mil estadounidenses al a\u00f1o, por lo que es la principal causa de muerte para personas de 18 a 34 a\u00f1os, seg\u00fan la fiscal.<\/p>\n\n\n\n<p>\u201cVienen m\u00e1s confiscaciones, vienen m\u00e1s arrestos. Les garantizo eso. Y que mejor se cuiden estos traficantes, estos vendedores, porque no estaremos negociando\u201d, advirti\u00f3 la funcionaria.<\/p>\n\n\n\n<p>La investigaci\u00f3n sobre la red de distribuci\u00f3n de la droga, que abarca Nuevo M\u00e9xico, Arizona, Nevada, Oreg\u00f3n y Utah, tom\u00f3 seis meses, expuso Ryan Ellison, fiscal de Estados Unidos para el distrito de Nuevo M\u00e9xico.<\/p>\n\n\n\n<p>Las autoridades ya hab\u00edan deportado dos veces a M\u00e9xico a Heriberto Salazar Amaya, el l\u00edder de esta red del C\u00e1rtel de Sinaloa, que el Gobierno de Trump declar\u00f3 como organizaci\u00f3n terrorista en febrero, seg\u00fan record\u00f3 Bondi, quien avis\u00f3 que enviar\u00e1 a los detenidos a las c\u00e1rceles \u201cel mayor tiempo posible\u201d en lugar de deportarlos.<\/p>\n\n\n\n<p>\u201cPor la cantidad de drogas, de dinero, de armas, la mayor\u00eda de estos individuos, si son condenados, permanecer\u00e1n en prisiones estadounidenses, tal vez en Alcatraz\u201d, expres\u00f3 la fiscal.<\/p>\n","protected":false},"excerpt":{"rendered":"<p>Entre los detenidos se encuentra Heriberto Salazar Amaya, l\u00edder de una red de distribuci\u00f3n de droga del C\u00e1rtel de Sinaloa en EU El Departamento de Justicia de Estados Unidos anunci\u00f3 el arresto de 16 miembros del C\u00e1rtel de Sinaloa, incluyendo uno de sus l\u00edderes, Heriberto Salazar Amaya, en una operaci\u00f3n en la que confisc\u00f3 cerca [&hellip;]<\/p>\n","protected":false},"author":22,"featured_media":107770,"comment_status":"open","ping_status":"open","sticky":false,"template":"","format":"standard","meta":{"tdm_status":"","tdm_grid_status":"","footnotes":""},"categories":[39],"tags":[],"class_list":{"0":"post-107769","1":"post","2":"type-post","3":"status-publish","4":"format-standard","5":"has-post-thumbnail","7":"category-noticias-nacionales"},"yoast_head":"<!-- This site is optimized with the Yoast SEO plugin v27.5 - https:\/\/yoast.com\/product\/yoast-seo-wordpress\/ -->\n<title>EU detiene a 16 miembros del C\u00e1rtel de Sinaloa en \u2018hist\u00f3rica\u2019 operaci\u00f3n contra fentanilo - Fuentes Fidedignas<\/title>\n<meta name=\"robots\" content=\"index, follow, max-snippet:-1, max-image-preview:large, max-video-preview:-1\" \/>\n<link rel=\"canonical\" href=\"https:\/\/fuentesfidedignas.com.mx\/index.php\/2025\/05\/06\/eu-detiene-a-16-miembros-del-cartel-de-sinaloa-en-historica-operacion-contra-fentanilo\/\" \/>\n<meta property=\"og:locale\" content=\"es_MX\" \/>\n<meta property=\"og:type\" content=\"article\" \/>\n<meta property=\"og:title\" content=\"EU detiene a 16 miembros del C\u00e1rtel de Sinaloa en \u2018hist\u00f3rica\u2019 operaci\u00f3n contra fentanilo - Fuentes Fidedignas\" \/>\n<meta property=\"og:description\" content=\"Entre los detenidos se encuentra Heriberto Salazar Amaya, l\u00edder de una red de distribuci\u00f3n de droga del C\u00e1rtel de Sinaloa en EU El Departamento de Justicia de Estados Unidos anunci\u00f3 el arresto de 16 miembros del C\u00e1rtel de Sinaloa, incluyendo uno de sus l\u00edderes, Heriberto Salazar Amaya, en una operaci\u00f3n en la que confisc\u00f3 cerca [&hellip;]\" \/>\n<meta property=\"og:url\" content=\"https:\/\/fuentesfidedignas.com.mx\/index.php\/2025\/05\/06\/eu-detiene-a-16-miembros-del-cartel-de-sinaloa-en-historica-operacion-contra-fentanilo\/\" \/>\n<meta property=\"og:site_name\" content=\"Fuentes Fidedignas\" \/>\n<meta property=\"article:publisher\" content=\"https:\/\/www.facebook.com\/Fuentes-Fidedignas-368234489921644\" \/>\n<meta property=\"article:published_time\" content=\"2025-05-07T00:46:51+00:00\" \/>\n<meta property=\"article:modified_time\" content=\"2025-05-07T00:47:00+00:00\" \/>\n<meta property=\"og:image\" content=\"https:\/\/fuentesfidedignas.com.mx\/wp-content\/uploads\/2025\/05\/miembros-del-cartel-de-sinaloa-detenidos-en-eeuu-en-operativo-contra-el-fentanilo.jpg\" \/>\n\t<meta property=\"og:image:width\" content=\"600\" \/>\n\t<meta property=\"og:image:height\" content=\"337\" \/>\n\t<meta property=\"og:image:type\" content=\"image\/jpeg\" \/>\n<meta name=\"author\" content=\"EFE\" \/>\n<meta name=\"twitter:card\" content=\"summary_large_image\" \/>\n<meta name=\"twitter:creator\" content=\"@fidedignas\" \/>\n<meta name=\"twitter:site\" content=\"@fidedignas\" \/>\n<meta name=\"twitter:label1\" content=\"Escrito por\" \/>\n\t<meta name=\"twitter:data1\" content=\"EFE\" \/>\n\t<meta name=\"twitter:label2\" content=\"Tiempo de lectura\" \/>\n\t<meta name=\"twitter:data2\" content=\"2 minutos\" \/>\n<script type=\"application\/ld+json\" class=\"yoast-schema-graph\">{\"@context\":\"https:\\\/\\\/schema.org\",\"@graph\":[{\"@type\":\"Article\",\"@id\":\"https:\\\/\\\/fuentesfidedignas.com.mx\\\/index.php\\\/2025\\\/05\\\/06\\\/eu-detiene-a-16-miembros-del-cartel-de-sinaloa-en-historica-operacion-contra-fentanilo\\\/#article\",\"isPartOf\":{\"@id\":\"https:\\\/\\\/fuentesfidedignas.com.mx\\\/index.php\\\/2025\\\/05\\\/06\\\/eu-detiene-a-16-miembros-del-cartel-de-sinaloa-en-historica-operacion-contra-fentanilo\\\/\"},\"author\":{\"name\":\"EFE\",\"@id\":\"https:\\\/\\\/fuentesfidedignas.com.mx\\\/#\\\/schema\\\/person\\\/0d44615087b5a626d5d3f13afe31ac41\"},\"headline\":\"EU detiene a 16 miembros del C\u00e1rtel de Sinaloa en \u2018hist\u00f3rica\u2019 operaci\u00f3n contra fentanilo\",\"datePublished\":\"2025-05-07T00:46:51+00:00\",\"dateModified\":\"2025-05-07T00:47:00+00:00\",\"mainEntityOfPage\":{\"@id\":\"https:\\\/\\\/fuentesfidedignas.com.mx\\\/index.php\\\/2025\\\/05\\\/06\\\/eu-detiene-a-16-miembros-del-cartel-de-sinaloa-en-historica-operacion-contra-fentanilo\\\/\"},\"wordCount\":431,\"commentCount\":0,\"publisher\":{\"@id\":\"https:\\\/\\\/fuentesfidedignas.com.mx\\\/#organization\"},\"image\":{\"@id\":\"https:\\\/\\\/fuentesfidedignas.com.mx\\\/index.php\\\/2025\\\/05\\\/06\\\/eu-detiene-a-16-miembros-del-cartel-de-sinaloa-en-historica-operacion-contra-fentanilo\\\/#primaryimage\"},\"thumbnailUrl\":\"https:\\\/\\\/fuentesfidedignas.com.mx\\\/wp-content\\\/uploads\\\/2025\\\/05\\\/miembros-del-cartel-de-sinaloa-detenidos-en-eeuu-en-operativo-contra-el-fentanilo.jpg\",\"articleSection\":[\"NOTICIAS NACIONALES\"],\"inLanguage\":\"es\",\"potentialAction\":[{\"@type\":\"CommentAction\",\"name\":\"Comment\",\"target\":[\"https:\\\/\\\/fuentesfidedignas.com.mx\\\/index.php\\\/2025\\\/05\\\/06\\\/eu-detiene-a-16-miembros-del-cartel-de-sinaloa-en-historica-operacion-contra-fentanilo\\\/#respond\"]}]},{\"@type\":\"WebPage\",\"@id\":\"https:\\\/\\\/fuentesfidedignas.com.mx\\\/index.php\\\/2025\\\/05\\\/06\\\/eu-detiene-a-16-miembros-del-cartel-de-sinaloa-en-historica-operacion-contra-fentanilo\\\/\",\"url\":\"https:\\\/\\\/fuentesfidedignas.com.mx\\\/index.php\\\/2025\\\/05\\\/06\\\/eu-detiene-a-16-miembros-del-cartel-de-sinaloa-en-historica-operacion-contra-fentanilo\\\/\",\"name\":\"EU detiene a 16 miembros del C\u00e1rtel de Sinaloa en \u2018hist\u00f3rica\u2019 operaci\u00f3n contra fentanilo - Fuentes Fidedignas\",\"isPartOf\":{\"@id\":\"https:\\\/\\\/fuentesfidedignas.com.mx\\\/#website\"},\"primaryImageOfPage\":{\"@id\":\"https:\\\/\\\/fuentesfidedignas.com.mx\\\/index.php\\\/2025\\\/05\\\/06\\\/eu-detiene-a-16-miembros-del-cartel-de-sinaloa-en-historica-operacion-contra-fentanilo\\\/#primaryimage\"},\"image\":{\"@id\":\"https:\\\/\\\/fuentesfidedignas.com.mx\\\/index.php\\\/2025\\\/05\\\/06\\\/eu-detiene-a-16-miembros-del-cartel-de-sinaloa-en-historica-operacion-contra-fentanilo\\\/#primaryimage\"},\"thumbnailUrl\":\"https:\\\/\\\/fuentesfidedignas.com.mx\\\/wp-content\\\/uploads\\\/2025\\\/05\\\/miembros-del-cartel-de-sinaloa-detenidos-en-eeuu-en-operativo-contra-el-fentanilo.jpg\",\"datePublished\":\"2025-05-07T00:46:51+00:00\",\"dateModified\":\"2025-05-07T00:47:00+00:00\",\"breadcrumb\":{\"@id\":\"https:\\\/\\\/fuentesfidedignas.com.mx\\\/index.php\\\/2025\\\/05\\\/06\\\/eu-detiene-a-16-miembros-del-cartel-de-sinaloa-en-historica-operacion-contra-fentanilo\\\/#breadcrumb\"},\"inLanguage\":\"es\",\"potentialAction\":[{\"@type\":\"ReadAction\",\"target\":[\"https:\\\/\\\/fuentesfidedignas.com.mx\\\/index.php\\\/2025\\\/05\\\/06\\\/eu-detiene-a-16-miembros-del-cartel-de-sinaloa-en-historica-operacion-contra-fentanilo\\\/\"]}]},{\"@type\":\"ImageObject\",\"inLanguage\":\"es\",\"@id\":\"https:\\\/\\\/fuentesfidedignas.com.mx\\\/index.php\\\/2025\\\/05\\\/06\\\/eu-detiene-a-16-miembros-del-cartel-de-sinaloa-en-historica-operacion-contra-fentanilo\\\/#primaryimage\",\"url\":\"https:\\\/\\\/fuentesfidedignas.com.mx\\\/wp-content\\\/uploads\\\/2025\\\/05\\\/miembros-del-cartel-de-sinaloa-detenidos-en-eeuu-en-operativo-contra-el-fentanilo.jpg\",\"contentUrl\":\"https:\\\/\\\/fuentesfidedignas.com.mx\\\/wp-content\\\/uploads\\\/2025\\\/05\\\/miembros-del-cartel-de-sinaloa-detenidos-en-eeuu-en-operativo-contra-el-fentanilo.jpg\",\"width\":600,\"height\":337},{\"@type\":\"BreadcrumbList\",\"@id\":\"https:\\\/\\\/fuentesfidedignas.com.mx\\\/index.php\\\/2025\\\/05\\\/06\\\/eu-detiene-a-16-miembros-del-cartel-de-sinaloa-en-historica-operacion-contra-fentanilo\\\/#breadcrumb\",\"itemListElement\":[{\"@type\":\"ListItem\",\"position\":1,\"name\":\"Inicio\",\"item\":\"https:\\\/\\\/fuentesfidedignas.com.mx\\\/\"},{\"@type\":\"ListItem\",\"position\":2,\"name\":\"EU detiene a 16 miembros del C\u00e1rtel de Sinaloa en \u2018hist\u00f3rica\u2019 operaci\u00f3n contra fentanilo\"}]},{\"@type\":\"WebSite\",\"@id\":\"https:\\\/\\\/fuentesfidedignas.com.mx\\\/#website\",\"url\":\"https:\\\/\\\/fuentesfidedignas.com.mx\\\/\",\"name\":\"Fuentes Fidedignas\",\"description\":\"Otro sitio realizado con WordPress\",\"publisher\":{\"@id\":\"https:\\\/\\\/fuentesfidedignas.com.mx\\\/#organization\"},\"potentialAction\":[{\"@type\":\"SearchAction\",\"target\":{\"@type\":\"EntryPoint\",\"urlTemplate\":\"https:\\\/\\\/fuentesfidedignas.com.mx\\\/?s={search_term_string}\"},\"query-input\":{\"@type\":\"PropertyValueSpecification\",\"valueRequired\":true,\"valueName\":\"search_term_string\"}}],\"inLanguage\":\"es\"},{\"@type\":\"Organization\",\"@id\":\"https:\\\/\\\/fuentesfidedignas.com.mx\\\/#organization\",\"name\":\"Fuentes Fidedignas\",\"url\":\"https:\\\/\\\/fuentesfidedignas.com.mx\\\/\",\"logo\":{\"@type\":\"ImageObject\",\"inLanguage\":\"es\",\"@id\":\"https:\\\/\\\/fuentesfidedignas.com.mx\\\/#\\\/schema\\\/logo\\\/image\\\/\",\"url\":\"https:\\\/\\\/fuentesfidedignas.com.mx\\\/wp-content\\\/uploads\\\/2021\\\/04\\\/logo-retina.png\",\"contentUrl\":\"https:\\\/\\\/fuentesfidedignas.com.mx\\\/wp-content\\\/uploads\\\/2021\\\/04\\\/logo-retina.png\",\"width\":280,\"height\":51,\"caption\":\"Fuentes Fidedignas\"},\"image\":{\"@id\":\"https:\\\/\\\/fuentesfidedignas.com.mx\\\/#\\\/schema\\\/logo\\\/image\\\/\"},\"sameAs\":[\"https:\\\/\\\/www.facebook.com\\\/Fuentes-Fidedignas-368234489921644\",\"https:\\\/\\\/x.com\\\/fidedignas\"]},{\"@type\":\"Person\",\"@id\":\"https:\\\/\\\/fuentesfidedignas.com.mx\\\/#\\\/schema\\\/person\\\/0d44615087b5a626d5d3f13afe31ac41\",\"name\":\"EFE\",\"image\":{\"@type\":\"ImageObject\",\"inLanguage\":\"es\",\"@id\":\"https:\\\/\\\/secure.gravatar.com\\\/avatar\\\/7048c2d9b569d9bed55bb53ad23821e6e047aa66338fb6ea9868627bbb9f54e8?s=96&d=mm&r=g\",\"url\":\"https:\\\/\\\/secure.gravatar.com\\\/avatar\\\/7048c2d9b569d9bed55bb53ad23821e6e047aa66338fb6ea9868627bbb9f54e8?s=96&d=mm&r=g\",\"contentUrl\":\"https:\\\/\\\/secure.gravatar.com\\\/avatar\\\/7048c2d9b569d9bed55bb53ad23821e6e047aa66338fb6ea9868627bbb9f54e8?s=96&d=mm&r=g\",\"caption\":\"EFE\"},\"url\":\"https:\\\/\\\/fuentesfidedignas.com.mx\\\/index.php\\\/author\\\/efe\\\/\"}]}<\/script>\n<!-- \/ Yoast SEO plugin. -->","yoast_head_json":{"title":"EU detiene a 16 miembros del C\u00e1rtel de Sinaloa en \u2018hist\u00f3rica\u2019 operaci\u00f3n contra fentanilo - Fuentes Fidedignas","robots":{"index":"index","follow":"follow","max-snippet":"max-snippet:-1","max-image-preview":"max-image-preview:large","max-video-preview":"max-video-preview:-1"},"canonical":"https:\/\/fuentesfidedignas.com.mx\/index.php\/2025\/05\/06\/eu-detiene-a-16-miembros-del-cartel-de-sinaloa-en-historica-operacion-contra-fentanilo\/","og_locale":"es_MX","og_type":"article","og_title":"EU detiene a 16 miembros del C\u00e1rtel de Sinaloa en \u2018hist\u00f3rica\u2019 operaci\u00f3n contra fentanilo - Fuentes Fidedignas","og_description":"Entre los detenidos se encuentra Heriberto Salazar Amaya, l\u00edder de una red de distribuci\u00f3n de droga del C\u00e1rtel de Sinaloa en EU El Departamento de Justicia de Estados Unidos anunci\u00f3 el arresto de 16 miembros del C\u00e1rtel de Sinaloa, incluyendo uno de sus l\u00edderes, Heriberto Salazar Amaya, en una operaci\u00f3n en la que confisc\u00f3 cerca [&hellip;]","og_url":"https:\/\/fuentesfidedignas.com.mx\/index.php\/2025\/05\/06\/eu-detiene-a-16-miembros-del-cartel-de-sinaloa-en-historica-operacion-contra-fentanilo\/","og_site_name":"Fuentes Fidedignas","article_publisher":"https:\/\/www.facebook.com\/Fuentes-Fidedignas-368234489921644","article_published_time":"2025-05-07T00:46:51+00:00","article_modified_time":"2025-05-07T00:47:00+00:00","og_image":[{"width":600,"height":337,"url":"https:\/\/fuentesfidedignas.com.mx\/wp-content\/uploads\/2025\/05\/miembros-del-cartel-de-sinaloa-detenidos-en-eeuu-en-operativo-contra-el-fentanilo.jpg","type":"image\/jpeg"}],"author":"EFE","twitter_card":"summary_large_image","twitter_creator":"@fidedignas","twitter_site":"@fidedignas","twitter_misc":{"Escrito por":"EFE","Tiempo de lectura":"2 minutos"},"schema":{"@context":"https:\/\/schema.org","@graph":[{"@type":"Article","@id":"https:\/\/fuentesfidedignas.com.mx\/index.php\/2025\/05\/06\/eu-detiene-a-16-miembros-del-cartel-de-sinaloa-en-historica-operacion-contra-fentanilo\/#article","isPartOf":{"@id":"https:\/\/fuentesfidedignas.com.mx\/index.php\/2025\/05\/06\/eu-detiene-a-16-miembros-del-cartel-de-sinaloa-en-historica-operacion-contra-fentanilo\/"},"author":{"name":"EFE","@id":"https:\/\/fuentesfidedignas.com.mx\/#\/schema\/person\/0d44615087b5a626d5d3f13afe31ac41"},"headline":"EU detiene a 16 miembros del C\u00e1rtel de Sinaloa en \u2018hist\u00f3rica\u2019 operaci\u00f3n contra fentanilo","datePublished":"2025-05-07T00:46:51+00:00","dateModified":"2025-05-07T00:47:00+00:00","mainEntityOfPage":{"@id":"https:\/\/fuentesfidedignas.com.mx\/index.php\/2025\/05\/06\/eu-detiene-a-16-miembros-del-cartel-de-sinaloa-en-historica-operacion-contra-fentanilo\/"},"wordCount":431,"commentCount":0,"publisher":{"@id":"https:\/\/fuentesfidedignas.com.mx\/#organization"},"image":{"@id":"https:\/\/fuentesfidedignas.com.mx\/index.php\/2025\/05\/06\/eu-detiene-a-16-miembros-del-cartel-de-sinaloa-en-historica-operacion-contra-fentanilo\/#primaryimage"},"thumbnailUrl":"https:\/\/fuentesfidedignas.com.mx\/wp-content\/uploads\/2025\/05\/miembros-del-cartel-de-sinaloa-detenidos-en-eeuu-en-operativo-contra-el-fentanilo.jpg","articleSection":["NOTICIAS NACIONALES"],"inLanguage":"es","potentialAction":[{"@type":"CommentAction","name":"Comment","target":["https:\/\/fuentesfidedignas.com.mx\/index.php\/2025\/05\/06\/eu-detiene-a-16-miembros-del-cartel-de-sinaloa-en-historica-operacion-contra-fentanilo\/#respond"]}]},{"@type":"WebPage","@id":"https:\/\/fuentesfidedignas.com.mx\/index.php\/2025\/05\/06\/eu-detiene-a-16-miembros-del-cartel-de-sinaloa-en-historica-operacion-contra-fentanilo\/","url":"https:\/\/fuentesfidedignas.com.mx\/index.php\/2025\/05\/06\/eu-detiene-a-16-miembros-del-cartel-de-sinaloa-en-historica-operacion-contra-fentanilo\/","name":"EU detiene a 16 miembros del C\u00e1rtel de Sinaloa en \u2018hist\u00f3rica\u2019 operaci\u00f3n contra fentanilo - Fuentes Fidedignas","isPartOf":{"@id":"https:\/\/fuentesfidedignas.com.mx\/#website"},"primaryImageOfPage":{"@id":"https:\/\/fuentesfidedignas.com.mx\/index.php\/2025\/05\/06\/eu-detiene-a-16-miembros-del-cartel-de-sinaloa-en-historica-operacion-contra-fentanilo\/#primaryimage"},"image":{"@id":"https:\/\/fuentesfidedignas.com.mx\/index.php\/2025\/05\/06\/eu-detiene-a-16-miembros-del-cartel-de-sinaloa-en-historica-operacion-contra-fentanilo\/#primaryimage"},"thumbnailUrl":"https:\/\/fuentesfidedignas.com.mx\/wp-content\/uploads\/2025\/05\/miembros-del-cartel-de-sinaloa-detenidos-en-eeuu-en-operativo-contra-el-fentanilo.jpg","datePublished":"2025-05-07T00:46:51+00:00","dateModified":"2025-05-07T00:47:00+00:00","breadcrumb":{"@id":"https:\/\/fuentesfidedignas.com.mx\/index.php\/2025\/05\/06\/eu-detiene-a-16-miembros-del-cartel-de-sinaloa-en-historica-operacion-contra-fentanilo\/#breadcrumb"},"inLanguage":"es","potentialAction":[{"@type":"ReadAction","target":["https:\/\/fuentesfidedignas.com.mx\/index.php\/2025\/05\/06\/eu-detiene-a-16-miembros-del-cartel-de-sinaloa-en-historica-operacion-contra-fentanilo\/"]}]},{"@type":"ImageObject","inLanguage":"es","@id":"https:\/\/fuentesfidedignas.com.mx\/index.php\/2025\/05\/06\/eu-detiene-a-16-miembros-del-cartel-de-sinaloa-en-historica-operacion-contra-fentanilo\/#primaryimage","url":"https:\/\/fuentesfidedignas.com.mx\/wp-content\/uploads\/2025\/05\/miembros-del-cartel-de-sinaloa-detenidos-en-eeuu-en-operativo-contra-el-fentanilo.jpg","contentUrl":"https:\/\/fuentesfidedignas.com.mx\/wp-content\/uploads\/2025\/05\/miembros-del-cartel-de-sinaloa-detenidos-en-eeuu-en-operativo-contra-el-fentanilo.jpg","width":600,"height":337},{"@type":"BreadcrumbList","@id":"https:\/\/fuentesfidedignas.com.mx\/index.php\/2025\/05\/06\/eu-detiene-a-16-miembros-del-cartel-de-sinaloa-en-historica-operacion-contra-fentanilo\/#breadcrumb","itemListElement":[{"@type":"ListItem","position":1,"name":"Inicio","item":"https:\/\/fuentesfidedignas.com.mx\/"},{"@type":"ListItem","position":2,"name":"EU detiene a 16 miembros del C\u00e1rtel de Sinaloa en \u2018hist\u00f3rica\u2019 operaci\u00f3n contra fentanilo"}]},{"@type":"WebSite","@id":"https:\/\/fuentesfidedignas.com.mx\/#website","url":"https:\/\/fuentesfidedignas.com.mx\/","name":"Fuentes Fidedignas","description":"Otro sitio realizado con WordPress","publisher":{"@id":"https:\/\/fuentesfidedignas.com.mx\/#organization"},"potentialAction":[{"@type":"SearchAction","target":{"@type":"EntryPoint","urlTemplate":"https:\/\/fuentesfidedignas.com.mx\/?s={search_term_string}"},"query-input":{"@type":"PropertyValueSpecification","valueRequired":true,"valueName":"search_term_string"}}],"inLanguage":"es"},{"@type":"Organization","@id":"https:\/\/fuentesfidedignas.com.mx\/#organization","name":"Fuentes Fidedignas","url":"https:\/\/fuentesfidedignas.com.mx\/","logo":{"@type":"ImageObject","inLanguage":"es","@id":"https:\/\/fuentesfidedignas.com.mx\/#\/schema\/logo\/image\/","url":"https:\/\/fuentesfidedignas.com.mx\/wp-content\/uploads\/2021\/04\/logo-retina.png","contentUrl":"https:\/\/fuentesfidedignas.com.mx\/wp-content\/uploads\/2021\/04\/logo-retina.png","width":280,"height":51,"caption":"Fuentes Fidedignas"},"image":{"@id":"https:\/\/fuentesfidedignas.com.mx\/#\/schema\/logo\/image\/"},"sameAs":["https:\/\/www.facebook.com\/Fuentes-Fidedignas-368234489921644","https:\/\/x.com\/fidedignas"]},{"@type":"Person","@id":"https:\/\/fuentesfidedignas.com.mx\/#\/schema\/person\/0d44615087b5a626d5d3f13afe31ac41","name":"EFE","image":{"@type":"ImageObject","inLanguage":"es","@id":"https:\/\/secure.gravatar.com\/avatar\/7048c2d9b569d9bed55bb53ad23821e6e047aa66338fb6ea9868627bbb9f54e8?s=96&d=mm&r=g","url":"https:\/\/secure.gravatar.com\/avatar\/7048c2d9b569d9bed55bb53ad23821e6e047aa66338fb6ea9868627bbb9f54e8?s=96&d=mm&r=g","contentUrl":"https:\/\/secure.gravatar.com\/avatar\/7048c2d9b569d9bed55bb53ad23821e6e047aa66338fb6ea9868627bbb9f54e8?s=96&d=mm&r=g","caption":"EFE"},"url":"https:\/\/fuentesfidedignas.com.mx\/index.php\/author\/efe\/"}]}},"_links":{"self":[{"href":"https:\/\/fuentesfidedignas.com.mx\/index.php\/wp-json\/wp\/v2\/posts\/107769","targetHints":{"allow":["GET"]}}],"collection":[{"href":"https:\/\/fuentesfidedignas.com.mx\/index.php\/wp-json\/wp\/v2\/posts"}],"about":[{"href":"https:\/\/fuentesfidedignas.com.mx\/index.php\/wp-json\/wp\/v2\/types\/post"}],"author":[{"embeddable":true,"href":"https:\/\/fuentesfidedignas.com.mx\/index.php\/wp-json\/wp\/v2\/users\/22"}],"replies":[{"embeddable":true,"href":"https:\/\/fuentesfidedignas.com.mx\/index.php\/wp-json\/wp\/v2\/comments?post=107769"}],"version-history":[{"count":1,"href":"https:\/\/fuentesfidedignas.com.mx\/index.php\/wp-json\/wp\/v2\/posts\/107769\/revisions"}],"predecessor-version":[{"id":107771,"href":"https:\/\/fuentesfidedignas.com.mx\/index.php\/wp-json\/wp\/v2\/posts\/107769\/revisions\/107771"}],"wp:featuredmedia":[{"embeddable":true,"href":"https:\/\/fuentesfidedignas.com.mx\/index.php\/wp-json\/wp\/v2\/media\/107770"}],"wp:attachment":[{"href":"https:\/\/fuentesfidedignas.com.mx\/index.php\/wp-json\/wp\/v2\/media?parent=107769"}],"wp:term":[{"taxonomy":"category","embeddable":true,"href":"https:\/\/fuentesfidedignas.com.mx\/index.php\/wp-json\/wp\/v2\/categories?post=107769"},{"taxonomy":"post_tag","embeddable":true,"href":"https:\/\/fuentesfidedignas.com.mx\/index.php\/wp-json\/wp\/v2\/tags?post=107769"}],"curies":[{"name":"wp","href":"https:\/\/api.w.org\/{rel}","templated":true}]}}