{"id":10763,"date":"2021-08-25T09:17:49","date_gmt":"2021-08-25T16:17:49","guid":{"rendered":"https:\/\/fuentesfidedignas.com.mx\/?p=10763"},"modified":"2021-08-25T09:17:51","modified_gmt":"2021-08-25T16:17:51","slug":"condenan-a-10-anos-de-prision-en-eu-a-la-patrona-integrante-del-cartel-de-sinaloa","status":"publish","type":"post","link":"https:\/\/fuentesfidedignas.com.mx\/index.php\/2021\/08\/25\/condenan-a-10-anos-de-prision-en-eu-a-la-patrona-integrante-del-cartel-de-sinaloa\/","title":{"rendered":"Condenan a 10 a\u00f1os de prisi\u00f3n en EU a &#8220;La Patrona&#8221; integrante del C\u00e1rtel de Sinaloa"},"content":{"rendered":"\n<p><strong><em>La condena no fue mayor porque brind\u00f3 asistencia crucial a fiscales federales sobre el tr\u00e1fico de drogas de Culiac\u00e1n a Estados Unidos<\/em><\/strong><\/p>\n\n\n\n<p>Estados Unidos.- Guadalupe Fern\u00e1ndez Valencia, \u201cLa Patrona\u201d, integrante del C\u00e1rtel de Sinaloa, fue sentenciada a 10 a\u00f1os de prisi\u00f3n en Estados Unidos.<\/p>\n\n\n\n<p>Seg\u00fan el diario Chicago Sun-Times, la condena no fue mayor a causa de que la mujer brind\u00f3 asistencia crucial a fiscales federales sobre el tr\u00e1fico de drogas de Culiac\u00e1n a Estados Unidos.<\/p>\n\n\n\n<p>En la audiencia, \u201cLa Patrona\u201d, llor\u00f3 y pidi\u00f3 perd\u00f3n a su familia y a la jueza federal Sharon Johnson Coleman.<\/p>\n\n\n\n<p>Los fiscales federales indicaron que Fern\u00e1ndez Valencia ofreci\u00f3 \u201casistencia clave\u201d al gobierno estadunidense. Los detalles de su colaboraci\u00f3n permanecen en un archivo sellado. La jueza Coleman dijo que Fern\u00e1ndez Valencia arriesg\u00f3 su vida y las de sus hijos para cooperar con las autoridades.<\/p>\n\n\n\n<p>La exintegrante del C\u00e1rtel de Sinaloa se declar\u00f3 culpable hace m\u00e1s de dos a\u00f1os de conspirar para traficar drogas y lavar dinero.<\/p>\n\n\n\n<p>Seg\u00fan su declaraci\u00f3n de culpabilidad, Fern\u00e1ndez Valencia ayud\u00f3 a traficar 3 mil 500 libras de mariguana a Estados Unidos entre 2009 y 2010 y tambi\u00e9n un promedio de 30 kilogramos de coca\u00edna a la semana a clientes en el \u00e1rea de Los \u00c1ngeles.<\/p>\n\n\n\n<p>Tambi\u00e9n lav\u00f3 dinero de Los \u00c1ngeles a Guadalajara, M\u00e9xico, a trav\u00e9s de casas de cambio que se llevaron 3% de las cantidades que mov\u00eda.<\/p>\n\n\n\n<p>Fern\u00e1ndez Valencia fue la \u00fanica mujer acusada junto con Joaqu\u00edn \u201cEl Chapo\u201d Guzm\u00e1n y otros en un caso en Chicago. Guzm\u00e1n fue enjuiciado en Brooklyn y sentenciado a cadena perpetua.<\/p>\n\n\n\n<p>En la acusaci\u00f3n el Departamento de Justicia se\u00f1al\u00f3 que La Patrona operaba desde Culiac\u00e1n para Alfredo Guzm\u00e1n, \u201cAlfredillo\u201d, hijo de \u201cEl Chapo\u201d Guzm\u00e1n.<\/p>\n","protected":false},"excerpt":{"rendered":"<p>La condena no fue mayor porque brind\u00f3 asistencia crucial a fiscales federales sobre el tr\u00e1fico de drogas de Culiac\u00e1n a Estados Unidos Estados Unidos.- Guadalupe Fern\u00e1ndez Valencia, \u201cLa Patrona\u201d, integrante del C\u00e1rtel de Sinaloa, fue sentenciada a 10 a\u00f1os de prisi\u00f3n en Estados Unidos. Seg\u00fan el diario Chicago Sun-Times, la condena no fue mayor a [&hellip;]<\/p>\n","protected":false},"author":50,"featured_media":10764,"comment_status":"open","ping_status":"open","sticky":false,"template":"","format":"standard","meta":{"tdm_status":"","tdm_grid_status":"","footnotes":""},"categories":[39],"tags":[],"class_list":{"0":"post-10763","1":"post","2":"type-post","3":"status-publish","4":"format-standard","5":"has-post-thumbnail","7":"category-noticias-nacionales"},"yoast_head":"<!-- This site is optimized with the Yoast SEO plugin v27.4 - https:\/\/yoast.com\/product\/yoast-seo-wordpress\/ -->\n<title>Condenan a 10 a\u00f1os de prisi\u00f3n en EU a &quot;La Patrona&quot; integrante del C\u00e1rtel de Sinaloa - Fuentes Fidedignas<\/title>\n<meta name=\"robots\" content=\"index, follow, max-snippet:-1, max-image-preview:large, max-video-preview:-1\" \/>\n<link rel=\"canonical\" href=\"https:\/\/fuentesfidedignas.com.mx\/index.php\/2021\/08\/25\/condenan-a-10-anos-de-prision-en-eu-a-la-patrona-integrante-del-cartel-de-sinaloa\/\" \/>\n<meta property=\"og:locale\" content=\"es_MX\" \/>\n<meta property=\"og:type\" content=\"article\" \/>\n<meta property=\"og:title\" content=\"Condenan a 10 a\u00f1os de prisi\u00f3n en EU a &quot;La Patrona&quot; integrante del C\u00e1rtel de Sinaloa - Fuentes Fidedignas\" \/>\n<meta property=\"og:description\" content=\"La condena no fue mayor porque brind\u00f3 asistencia crucial a fiscales federales sobre el tr\u00e1fico de drogas de Culiac\u00e1n a Estados Unidos Estados Unidos.- Guadalupe Fern\u00e1ndez Valencia, \u201cLa Patrona\u201d, integrante del C\u00e1rtel de Sinaloa, fue sentenciada a 10 a\u00f1os de prisi\u00f3n en Estados Unidos. Seg\u00fan el diario Chicago Sun-Times, la condena no fue mayor a [&hellip;]\" \/>\n<meta property=\"og:url\" content=\"https:\/\/fuentesfidedignas.com.mx\/index.php\/2021\/08\/25\/condenan-a-10-anos-de-prision-en-eu-a-la-patrona-integrante-del-cartel-de-sinaloa\/\" \/>\n<meta property=\"og:site_name\" content=\"Fuentes Fidedignas\" \/>\n<meta property=\"article:publisher\" content=\"https:\/\/www.facebook.com\/Fuentes-Fidedignas-368234489921644\" \/>\n<meta property=\"article:published_time\" content=\"2021-08-25T16:17:49+00:00\" \/>\n<meta property=\"article:modified_time\" content=\"2021-08-25T16:17:51+00:00\" \/>\n<meta property=\"og:image\" content=\"https:\/\/fuentesfidedignas.com.mx\/wp-content\/uploads\/2021\/08\/f608x342-141346_171069_0.jpeg\" \/>\n\t<meta property=\"og:image:width\" content=\"608\" \/>\n\t<meta property=\"og:image:height\" content=\"342\" \/>\n\t<meta property=\"og:image:type\" content=\"image\/jpeg\" \/>\n<meta name=\"author\" content=\"Proceso\" \/>\n<meta name=\"twitter:card\" content=\"summary_large_image\" \/>\n<meta name=\"twitter:creator\" content=\"@fidedignas\" \/>\n<meta name=\"twitter:site\" content=\"@fidedignas\" \/>\n<meta name=\"twitter:label1\" content=\"Escrito por\" \/>\n\t<meta name=\"twitter:data1\" content=\"Proceso\" \/>\n\t<meta name=\"twitter:label2\" content=\"Tiempo de lectura\" \/>\n\t<meta name=\"twitter:data2\" content=\"2 minutos\" \/>\n<script type=\"application\/ld+json\" class=\"yoast-schema-graph\">{\"@context\":\"https:\\\/\\\/schema.org\",\"@graph\":[{\"@type\":\"Article\",\"@id\":\"https:\\\/\\\/fuentesfidedignas.com.mx\\\/index.php\\\/2021\\\/08\\\/25\\\/condenan-a-10-anos-de-prision-en-eu-a-la-patrona-integrante-del-cartel-de-sinaloa\\\/#article\",\"isPartOf\":{\"@id\":\"https:\\\/\\\/fuentesfidedignas.com.mx\\\/index.php\\\/2021\\\/08\\\/25\\\/condenan-a-10-anos-de-prision-en-eu-a-la-patrona-integrante-del-cartel-de-sinaloa\\\/\"},\"author\":{\"name\":\"Proceso\",\"@id\":\"https:\\\/\\\/fuentesfidedignas.com.mx\\\/#\\\/schema\\\/person\\\/eb72247ff123b3ce5e4cadc7f50ae372\"},\"headline\":\"Condenan a 10 a\u00f1os de prisi\u00f3n en EU a &#8220;La Patrona&#8221; integrante del C\u00e1rtel de Sinaloa\",\"datePublished\":\"2021-08-25T16:17:49+00:00\",\"dateModified\":\"2021-08-25T16:17:51+00:00\",\"mainEntityOfPage\":{\"@id\":\"https:\\\/\\\/fuentesfidedignas.com.mx\\\/index.php\\\/2021\\\/08\\\/25\\\/condenan-a-10-anos-de-prision-en-eu-a-la-patrona-integrante-del-cartel-de-sinaloa\\\/\"},\"wordCount\":327,\"commentCount\":0,\"publisher\":{\"@id\":\"https:\\\/\\\/fuentesfidedignas.com.mx\\\/#organization\"},\"image\":{\"@id\":\"https:\\\/\\\/fuentesfidedignas.com.mx\\\/index.php\\\/2021\\\/08\\\/25\\\/condenan-a-10-anos-de-prision-en-eu-a-la-patrona-integrante-del-cartel-de-sinaloa\\\/#primaryimage\"},\"thumbnailUrl\":\"https:\\\/\\\/fuentesfidedignas.com.mx\\\/wp-content\\\/uploads\\\/2021\\\/08\\\/f608x342-141346_171069_0.jpeg\",\"articleSection\":[\"NOTICIAS NACIONALES\"],\"inLanguage\":\"es\",\"potentialAction\":[{\"@type\":\"CommentAction\",\"name\":\"Comment\",\"target\":[\"https:\\\/\\\/fuentesfidedignas.com.mx\\\/index.php\\\/2021\\\/08\\\/25\\\/condenan-a-10-anos-de-prision-en-eu-a-la-patrona-integrante-del-cartel-de-sinaloa\\\/#respond\"]}]},{\"@type\":\"WebPage\",\"@id\":\"https:\\\/\\\/fuentesfidedignas.com.mx\\\/index.php\\\/2021\\\/08\\\/25\\\/condenan-a-10-anos-de-prision-en-eu-a-la-patrona-integrante-del-cartel-de-sinaloa\\\/\",\"url\":\"https:\\\/\\\/fuentesfidedignas.com.mx\\\/index.php\\\/2021\\\/08\\\/25\\\/condenan-a-10-anos-de-prision-en-eu-a-la-patrona-integrante-del-cartel-de-sinaloa\\\/\",\"name\":\"Condenan a 10 a\u00f1os de prisi\u00f3n en EU a \\\"La Patrona\\\" integrante del C\u00e1rtel de Sinaloa - Fuentes Fidedignas\",\"isPartOf\":{\"@id\":\"https:\\\/\\\/fuentesfidedignas.com.mx\\\/#website\"},\"primaryImageOfPage\":{\"@id\":\"https:\\\/\\\/fuentesfidedignas.com.mx\\\/index.php\\\/2021\\\/08\\\/25\\\/condenan-a-10-anos-de-prision-en-eu-a-la-patrona-integrante-del-cartel-de-sinaloa\\\/#primaryimage\"},\"image\":{\"@id\":\"https:\\\/\\\/fuentesfidedignas.com.mx\\\/index.php\\\/2021\\\/08\\\/25\\\/condenan-a-10-anos-de-prision-en-eu-a-la-patrona-integrante-del-cartel-de-sinaloa\\\/#primaryimage\"},\"thumbnailUrl\":\"https:\\\/\\\/fuentesfidedignas.com.mx\\\/wp-content\\\/uploads\\\/2021\\\/08\\\/f608x342-141346_171069_0.jpeg\",\"datePublished\":\"2021-08-25T16:17:49+00:00\",\"dateModified\":\"2021-08-25T16:17:51+00:00\",\"breadcrumb\":{\"@id\":\"https:\\\/\\\/fuentesfidedignas.com.mx\\\/index.php\\\/2021\\\/08\\\/25\\\/condenan-a-10-anos-de-prision-en-eu-a-la-patrona-integrante-del-cartel-de-sinaloa\\\/#breadcrumb\"},\"inLanguage\":\"es\",\"potentialAction\":[{\"@type\":\"ReadAction\",\"target\":[\"https:\\\/\\\/fuentesfidedignas.com.mx\\\/index.php\\\/2021\\\/08\\\/25\\\/condenan-a-10-anos-de-prision-en-eu-a-la-patrona-integrante-del-cartel-de-sinaloa\\\/\"]}]},{\"@type\":\"ImageObject\",\"inLanguage\":\"es\",\"@id\":\"https:\\\/\\\/fuentesfidedignas.com.mx\\\/index.php\\\/2021\\\/08\\\/25\\\/condenan-a-10-anos-de-prision-en-eu-a-la-patrona-integrante-del-cartel-de-sinaloa\\\/#primaryimage\",\"url\":\"https:\\\/\\\/fuentesfidedignas.com.mx\\\/wp-content\\\/uploads\\\/2021\\\/08\\\/f608x342-141346_171069_0.jpeg\",\"contentUrl\":\"https:\\\/\\\/fuentesfidedignas.com.mx\\\/wp-content\\\/uploads\\\/2021\\\/08\\\/f608x342-141346_171069_0.jpeg\",\"width\":608,\"height\":342},{\"@type\":\"BreadcrumbList\",\"@id\":\"https:\\\/\\\/fuentesfidedignas.com.mx\\\/index.php\\\/2021\\\/08\\\/25\\\/condenan-a-10-anos-de-prision-en-eu-a-la-patrona-integrante-del-cartel-de-sinaloa\\\/#breadcrumb\",\"itemListElement\":[{\"@type\":\"ListItem\",\"position\":1,\"name\":\"Inicio\",\"item\":\"https:\\\/\\\/fuentesfidedignas.com.mx\\\/\"},{\"@type\":\"ListItem\",\"position\":2,\"name\":\"Condenan a 10 a\u00f1os de prisi\u00f3n en EU a &#8220;La Patrona&#8221; integrante del C\u00e1rtel de Sinaloa\"}]},{\"@type\":\"WebSite\",\"@id\":\"https:\\\/\\\/fuentesfidedignas.com.mx\\\/#website\",\"url\":\"https:\\\/\\\/fuentesfidedignas.com.mx\\\/\",\"name\":\"Fuentes Fidedignas\",\"description\":\"Otro sitio realizado con WordPress\",\"publisher\":{\"@id\":\"https:\\\/\\\/fuentesfidedignas.com.mx\\\/#organization\"},\"potentialAction\":[{\"@type\":\"SearchAction\",\"target\":{\"@type\":\"EntryPoint\",\"urlTemplate\":\"https:\\\/\\\/fuentesfidedignas.com.mx\\\/?s={search_term_string}\"},\"query-input\":{\"@type\":\"PropertyValueSpecification\",\"valueRequired\":true,\"valueName\":\"search_term_string\"}}],\"inLanguage\":\"es\"},{\"@type\":\"Organization\",\"@id\":\"https:\\\/\\\/fuentesfidedignas.com.mx\\\/#organization\",\"name\":\"Fuentes Fidedignas\",\"url\":\"https:\\\/\\\/fuentesfidedignas.com.mx\\\/\",\"logo\":{\"@type\":\"ImageObject\",\"inLanguage\":\"es\",\"@id\":\"https:\\\/\\\/fuentesfidedignas.com.mx\\\/#\\\/schema\\\/logo\\\/image\\\/\",\"url\":\"https:\\\/\\\/fuentesfidedignas.com.mx\\\/wp-content\\\/uploads\\\/2021\\\/04\\\/logo-retina.png\",\"contentUrl\":\"https:\\\/\\\/fuentesfidedignas.com.mx\\\/wp-content\\\/uploads\\\/2021\\\/04\\\/logo-retina.png\",\"width\":280,\"height\":51,\"caption\":\"Fuentes Fidedignas\"},\"image\":{\"@id\":\"https:\\\/\\\/fuentesfidedignas.com.mx\\\/#\\\/schema\\\/logo\\\/image\\\/\"},\"sameAs\":[\"https:\\\/\\\/www.facebook.com\\\/Fuentes-Fidedignas-368234489921644\",\"https:\\\/\\\/x.com\\\/fidedignas\"]},{\"@type\":\"Person\",\"@id\":\"https:\\\/\\\/fuentesfidedignas.com.mx\\\/#\\\/schema\\\/person\\\/eb72247ff123b3ce5e4cadc7f50ae372\",\"name\":\"Proceso\",\"image\":{\"@type\":\"ImageObject\",\"inLanguage\":\"es\",\"@id\":\"https:\\\/\\\/secure.gravatar.com\\\/avatar\\\/0bb01ecb091d50a46122cbe5cc32ffea15a000f83628f1e40458e669d38ff2cd?s=96&d=mm&r=g\",\"url\":\"https:\\\/\\\/secure.gravatar.com\\\/avatar\\\/0bb01ecb091d50a46122cbe5cc32ffea15a000f83628f1e40458e669d38ff2cd?s=96&d=mm&r=g\",\"contentUrl\":\"https:\\\/\\\/secure.gravatar.com\\\/avatar\\\/0bb01ecb091d50a46122cbe5cc32ffea15a000f83628f1e40458e669d38ff2cd?s=96&d=mm&r=g\",\"caption\":\"Proceso\"},\"url\":\"https:\\\/\\\/fuentesfidedignas.com.mx\\\/index.php\\\/author\\\/proceso\\\/\"}]}<\/script>\n<!-- \/ Yoast SEO plugin. -->","yoast_head_json":{"title":"Condenan a 10 a\u00f1os de prisi\u00f3n en EU a \"La Patrona\" integrante del C\u00e1rtel de Sinaloa - Fuentes Fidedignas","robots":{"index":"index","follow":"follow","max-snippet":"max-snippet:-1","max-image-preview":"max-image-preview:large","max-video-preview":"max-video-preview:-1"},"canonical":"https:\/\/fuentesfidedignas.com.mx\/index.php\/2021\/08\/25\/condenan-a-10-anos-de-prision-en-eu-a-la-patrona-integrante-del-cartel-de-sinaloa\/","og_locale":"es_MX","og_type":"article","og_title":"Condenan a 10 a\u00f1os de prisi\u00f3n en EU a \"La Patrona\" integrante del C\u00e1rtel de Sinaloa - Fuentes Fidedignas","og_description":"La condena no fue mayor porque brind\u00f3 asistencia crucial a fiscales federales sobre el tr\u00e1fico de drogas de Culiac\u00e1n a Estados Unidos Estados Unidos.- Guadalupe Fern\u00e1ndez Valencia, \u201cLa Patrona\u201d, integrante del C\u00e1rtel de Sinaloa, fue sentenciada a 10 a\u00f1os de prisi\u00f3n en Estados Unidos. Seg\u00fan el diario Chicago Sun-Times, la condena no fue mayor a [&hellip;]","og_url":"https:\/\/fuentesfidedignas.com.mx\/index.php\/2021\/08\/25\/condenan-a-10-anos-de-prision-en-eu-a-la-patrona-integrante-del-cartel-de-sinaloa\/","og_site_name":"Fuentes Fidedignas","article_publisher":"https:\/\/www.facebook.com\/Fuentes-Fidedignas-368234489921644","article_published_time":"2021-08-25T16:17:49+00:00","article_modified_time":"2021-08-25T16:17:51+00:00","og_image":[{"width":608,"height":342,"url":"https:\/\/fuentesfidedignas.com.mx\/wp-content\/uploads\/2021\/08\/f608x342-141346_171069_0.jpeg","type":"image\/jpeg"}],"author":"Proceso","twitter_card":"summary_large_image","twitter_creator":"@fidedignas","twitter_site":"@fidedignas","twitter_misc":{"Escrito por":"Proceso","Tiempo de lectura":"2 minutos"},"schema":{"@context":"https:\/\/schema.org","@graph":[{"@type":"Article","@id":"https:\/\/fuentesfidedignas.com.mx\/index.php\/2021\/08\/25\/condenan-a-10-anos-de-prision-en-eu-a-la-patrona-integrante-del-cartel-de-sinaloa\/#article","isPartOf":{"@id":"https:\/\/fuentesfidedignas.com.mx\/index.php\/2021\/08\/25\/condenan-a-10-anos-de-prision-en-eu-a-la-patrona-integrante-del-cartel-de-sinaloa\/"},"author":{"name":"Proceso","@id":"https:\/\/fuentesfidedignas.com.mx\/#\/schema\/person\/eb72247ff123b3ce5e4cadc7f50ae372"},"headline":"Condenan a 10 a\u00f1os de prisi\u00f3n en EU a &#8220;La Patrona&#8221; integrante del C\u00e1rtel de Sinaloa","datePublished":"2021-08-25T16:17:49+00:00","dateModified":"2021-08-25T16:17:51+00:00","mainEntityOfPage":{"@id":"https:\/\/fuentesfidedignas.com.mx\/index.php\/2021\/08\/25\/condenan-a-10-anos-de-prision-en-eu-a-la-patrona-integrante-del-cartel-de-sinaloa\/"},"wordCount":327,"commentCount":0,"publisher":{"@id":"https:\/\/fuentesfidedignas.com.mx\/#organization"},"image":{"@id":"https:\/\/fuentesfidedignas.com.mx\/index.php\/2021\/08\/25\/condenan-a-10-anos-de-prision-en-eu-a-la-patrona-integrante-del-cartel-de-sinaloa\/#primaryimage"},"thumbnailUrl":"https:\/\/fuentesfidedignas.com.mx\/wp-content\/uploads\/2021\/08\/f608x342-141346_171069_0.jpeg","articleSection":["NOTICIAS NACIONALES"],"inLanguage":"es","potentialAction":[{"@type":"CommentAction","name":"Comment","target":["https:\/\/fuentesfidedignas.com.mx\/index.php\/2021\/08\/25\/condenan-a-10-anos-de-prision-en-eu-a-la-patrona-integrante-del-cartel-de-sinaloa\/#respond"]}]},{"@type":"WebPage","@id":"https:\/\/fuentesfidedignas.com.mx\/index.php\/2021\/08\/25\/condenan-a-10-anos-de-prision-en-eu-a-la-patrona-integrante-del-cartel-de-sinaloa\/","url":"https:\/\/fuentesfidedignas.com.mx\/index.php\/2021\/08\/25\/condenan-a-10-anos-de-prision-en-eu-a-la-patrona-integrante-del-cartel-de-sinaloa\/","name":"Condenan a 10 a\u00f1os de prisi\u00f3n en EU a \"La Patrona\" integrante del C\u00e1rtel de Sinaloa - Fuentes Fidedignas","isPartOf":{"@id":"https:\/\/fuentesfidedignas.com.mx\/#website"},"primaryImageOfPage":{"@id":"https:\/\/fuentesfidedignas.com.mx\/index.php\/2021\/08\/25\/condenan-a-10-anos-de-prision-en-eu-a-la-patrona-integrante-del-cartel-de-sinaloa\/#primaryimage"},"image":{"@id":"https:\/\/fuentesfidedignas.com.mx\/index.php\/2021\/08\/25\/condenan-a-10-anos-de-prision-en-eu-a-la-patrona-integrante-del-cartel-de-sinaloa\/#primaryimage"},"thumbnailUrl":"https:\/\/fuentesfidedignas.com.mx\/wp-content\/uploads\/2021\/08\/f608x342-141346_171069_0.jpeg","datePublished":"2021-08-25T16:17:49+00:00","dateModified":"2021-08-25T16:17:51+00:00","breadcrumb":{"@id":"https:\/\/fuentesfidedignas.com.mx\/index.php\/2021\/08\/25\/condenan-a-10-anos-de-prision-en-eu-a-la-patrona-integrante-del-cartel-de-sinaloa\/#breadcrumb"},"inLanguage":"es","potentialAction":[{"@type":"ReadAction","target":["https:\/\/fuentesfidedignas.com.mx\/index.php\/2021\/08\/25\/condenan-a-10-anos-de-prision-en-eu-a-la-patrona-integrante-del-cartel-de-sinaloa\/"]}]},{"@type":"ImageObject","inLanguage":"es","@id":"https:\/\/fuentesfidedignas.com.mx\/index.php\/2021\/08\/25\/condenan-a-10-anos-de-prision-en-eu-a-la-patrona-integrante-del-cartel-de-sinaloa\/#primaryimage","url":"https:\/\/fuentesfidedignas.com.mx\/wp-content\/uploads\/2021\/08\/f608x342-141346_171069_0.jpeg","contentUrl":"https:\/\/fuentesfidedignas.com.mx\/wp-content\/uploads\/2021\/08\/f608x342-141346_171069_0.jpeg","width":608,"height":342},{"@type":"BreadcrumbList","@id":"https:\/\/fuentesfidedignas.com.mx\/index.php\/2021\/08\/25\/condenan-a-10-anos-de-prision-en-eu-a-la-patrona-integrante-del-cartel-de-sinaloa\/#breadcrumb","itemListElement":[{"@type":"ListItem","position":1,"name":"Inicio","item":"https:\/\/fuentesfidedignas.com.mx\/"},{"@type":"ListItem","position":2,"name":"Condenan a 10 a\u00f1os de prisi\u00f3n en EU a &#8220;La Patrona&#8221; integrante del C\u00e1rtel de Sinaloa"}]},{"@type":"WebSite","@id":"https:\/\/fuentesfidedignas.com.mx\/#website","url":"https:\/\/fuentesfidedignas.com.mx\/","name":"Fuentes Fidedignas","description":"Otro sitio realizado con WordPress","publisher":{"@id":"https:\/\/fuentesfidedignas.com.mx\/#organization"},"potentialAction":[{"@type":"SearchAction","target":{"@type":"EntryPoint","urlTemplate":"https:\/\/fuentesfidedignas.com.mx\/?s={search_term_string}"},"query-input":{"@type":"PropertyValueSpecification","valueRequired":true,"valueName":"search_term_string"}}],"inLanguage":"es"},{"@type":"Organization","@id":"https:\/\/fuentesfidedignas.com.mx\/#organization","name":"Fuentes Fidedignas","url":"https:\/\/fuentesfidedignas.com.mx\/","logo":{"@type":"ImageObject","inLanguage":"es","@id":"https:\/\/fuentesfidedignas.com.mx\/#\/schema\/logo\/image\/","url":"https:\/\/fuentesfidedignas.com.mx\/wp-content\/uploads\/2021\/04\/logo-retina.png","contentUrl":"https:\/\/fuentesfidedignas.com.mx\/wp-content\/uploads\/2021\/04\/logo-retina.png","width":280,"height":51,"caption":"Fuentes Fidedignas"},"image":{"@id":"https:\/\/fuentesfidedignas.com.mx\/#\/schema\/logo\/image\/"},"sameAs":["https:\/\/www.facebook.com\/Fuentes-Fidedignas-368234489921644","https:\/\/x.com\/fidedignas"]},{"@type":"Person","@id":"https:\/\/fuentesfidedignas.com.mx\/#\/schema\/person\/eb72247ff123b3ce5e4cadc7f50ae372","name":"Proceso","image":{"@type":"ImageObject","inLanguage":"es","@id":"https:\/\/secure.gravatar.com\/avatar\/0bb01ecb091d50a46122cbe5cc32ffea15a000f83628f1e40458e669d38ff2cd?s=96&d=mm&r=g","url":"https:\/\/secure.gravatar.com\/avatar\/0bb01ecb091d50a46122cbe5cc32ffea15a000f83628f1e40458e669d38ff2cd?s=96&d=mm&r=g","contentUrl":"https:\/\/secure.gravatar.com\/avatar\/0bb01ecb091d50a46122cbe5cc32ffea15a000f83628f1e40458e669d38ff2cd?s=96&d=mm&r=g","caption":"Proceso"},"url":"https:\/\/fuentesfidedignas.com.mx\/index.php\/author\/proceso\/"}]}},"_links":{"self":[{"href":"https:\/\/fuentesfidedignas.com.mx\/index.php\/wp-json\/wp\/v2\/posts\/10763","targetHints":{"allow":["GET"]}}],"collection":[{"href":"https:\/\/fuentesfidedignas.com.mx\/index.php\/wp-json\/wp\/v2\/posts"}],"about":[{"href":"https:\/\/fuentesfidedignas.com.mx\/index.php\/wp-json\/wp\/v2\/types\/post"}],"author":[{"embeddable":true,"href":"https:\/\/fuentesfidedignas.com.mx\/index.php\/wp-json\/wp\/v2\/users\/50"}],"replies":[{"embeddable":true,"href":"https:\/\/fuentesfidedignas.com.mx\/index.php\/wp-json\/wp\/v2\/comments?post=10763"}],"version-history":[{"count":1,"href":"https:\/\/fuentesfidedignas.com.mx\/index.php\/wp-json\/wp\/v2\/posts\/10763\/revisions"}],"predecessor-version":[{"id":10765,"href":"https:\/\/fuentesfidedignas.com.mx\/index.php\/wp-json\/wp\/v2\/posts\/10763\/revisions\/10765"}],"wp:featuredmedia":[{"embeddable":true,"href":"https:\/\/fuentesfidedignas.com.mx\/index.php\/wp-json\/wp\/v2\/media\/10764"}],"wp:attachment":[{"href":"https:\/\/fuentesfidedignas.com.mx\/index.php\/wp-json\/wp\/v2\/media?parent=10763"}],"wp:term":[{"taxonomy":"category","embeddable":true,"href":"https:\/\/fuentesfidedignas.com.mx\/index.php\/wp-json\/wp\/v2\/categories?post=10763"},{"taxonomy":"post_tag","embeddable":true,"href":"https:\/\/fuentesfidedignas.com.mx\/index.php\/wp-json\/wp\/v2\/tags?post=10763"}],"curies":[{"name":"wp","href":"https:\/\/api.w.org\/{rel}","templated":true}]}}