{"id":107579,"date":"2025-05-03T14:24:20","date_gmt":"2025-05-03T21:24:20","guid":{"rendered":"https:\/\/fuentesfidedignas.com.mx\/?p=107579"},"modified":"2025-05-03T14:24:20","modified_gmt":"2025-05-03T21:24:20","slug":"trump-postea-en-su-cuenta-de-truth-social-una-foto-vestido-de-papa","status":"publish","type":"post","link":"https:\/\/fuentesfidedignas.com.mx\/index.php\/2025\/05\/03\/trump-postea-en-su-cuenta-de-truth-social-una-foto-vestido-de-papa\/","title":{"rendered":"Trump postea en su cuenta de Truth Social una foto vestido de papa"},"content":{"rendered":"\n<p><strong><em>Trump public\u00f3 una imagen suya vestido como papa, se muestra con sotana blanca, mitra, cruz dorada y parece estar por dar una bendici\u00f3n<\/em><\/strong><\/p>\n\n\n\n<p>Estados Unidos.- El presidente de Estados Unidos, Donald Trump, public\u00f3 en su cuenta de la red Truth Social una imagen suya&nbsp;<strong>vestido como papa.<\/strong><\/p>\n\n\n\n<p>La imagen del gobernante estadounidense est\u00e1 hecha con la ayuda de la inteligencia artificial (IA) y lo presenta con&nbsp;<strong>sotana blanca, mitra, cruz dorada y parece estar por dar una bendici\u00f3n,<\/strong>&nbsp;ya que tiene el brazo derecho inclinado a la altura del hombro y con el dedo \u00edndice levantado.<\/p>\n\n\n\n<p>La imagen de&nbsp;<a href=\"https:\/\/x.com\/realDonaldTrump\" target=\"_blank\" rel=\"noreferrer noopener\">Trump<\/a>&nbsp;aparece mientras la Iglesia cat\u00f3lica espera la celebraci\u00f3n del&nbsp;<strong>c\u00f3nclave<\/strong>&nbsp;que elegir\u00e1 al nuevo pont\u00edfice, el pr\u00f3ximo mi\u00e9rcoles, tras la muerte del papa Francisco el lunes 21 de abril, y dos d\u00edas despu\u00e9s de que el mandatario sugiriera que&nbsp;<strong>\u00e9l ser\u00eda una buena opci\u00f3n para ocupar el trono de San Pedro.<\/strong><\/p>\n\n\n\n<blockquote class=\"wp-block-quote is-layout-flow wp-block-quote-is-layout-flow\">\n<p>\u201cMe gustar\u00eda ser papa. Esa ser\u00eda mi opci\u00f3n n\u00famero uno. Creo que ser\u00eda un gran papa. Nadie lo har\u00eda mejor que yo\u201d, dijo el mandatario el mi\u00e9rcoles desde la Casa Blanca.<\/p>\n<\/blockquote>\n\n\n\n<p>Con esta imagen, Trump vuelve a generar controversia, ya que en el funeral del papa Francisco, el pasado s\u00e1bado en El&nbsp;<strong>Vaticano,<\/strong>&nbsp;se salt\u00f3 el protocolo al asistir vestido de azul y no de negro, como lo dicta la tradici\u00f3n en estos casos.<\/p>\n\n\n\n<p>Trump tambi\u00e9n ha dicho que le gustar\u00eda que el&nbsp;<strong>arzobispo de Nueva York, el cardenal Timothy Michael<\/strong>&nbsp;Dolan, uno de los prelados estadounidenses presentes en el c\u00f3nclave, fuera el pr\u00f3ximo papa.<\/p>\n\n\n\n<blockquote class=\"wp-block-quote is-layout-flow wp-block-quote-is-layout-flow\">\n<p>\u201cDebo decir que hay un cardenal de un lugar llamado Nueva York que es muy bueno. Veremos qu\u00e9 pasa\u201d.<\/p>\n<\/blockquote>\n\n\n\n<p>Estados Unidos tendr\u00e1 a diez cardenales representados en el c\u00f3nclave y Dolan ya estuvo presente en el de 2013, en el que fue elegido como nuevo papa el cardenal argentino&nbsp;<strong>Jorge Bergoglio.<\/strong><\/p>\n\n\n\n<p><strong>Dolan recibi\u00f3 dos votos en 2013<\/strong>&nbsp;y en este nuevo c\u00f3nclave estar\u00e1 de nuevo presente hasta que el misterio del nuevo pont\u00edfice se resuelva con el humo blanco.<\/p>\n\n\n\n<p>Otros de los cardenales estadounidenses mencionados son&nbsp;<strong>Raymond Burke,<\/strong>&nbsp;considerado uno de los favoritos en el \u00e1mbito m\u00e1s conservador, y<strong>&nbsp;Robert Prevost<\/strong>, nombrado por Francisco prefecto del Dicasterio de los Obispos y presidente de la Comisi\u00f3n Pontificia para Latinoam\u00e9rica y un fluido hispanohablante.<\/p>\n","protected":false},"excerpt":{"rendered":"<p>Trump public\u00f3 una imagen suya vestido como papa, se muestra con sotana blanca, mitra, cruz dorada y parece estar por dar una bendici\u00f3n Estados Unidos.- El presidente de Estados Unidos, Donald Trump, public\u00f3 en su cuenta de la red Truth Social una imagen suya&nbsp;vestido como papa. La imagen del gobernante estadounidense est\u00e1 hecha con la [&hellip;]<\/p>\n","protected":false},"author":47,"featured_media":107578,"comment_status":"closed","ping_status":"open","sticky":false,"template":"","format":"standard","meta":{"tdm_status":"","tdm_grid_status":"","footnotes":""},"categories":[39],"tags":[],"class_list":{"0":"post-107579","1":"post","2":"type-post","3":"status-publish","4":"format-standard","5":"has-post-thumbnail","7":"category-noticias-nacionales"},"yoast_head":"<!-- This site is optimized with the Yoast SEO plugin v27.4 - https:\/\/yoast.com\/product\/yoast-seo-wordpress\/ -->\n<title>Trump postea en su cuenta de Truth Social una foto vestido de papa - Fuentes Fidedignas<\/title>\n<meta name=\"robots\" content=\"index, follow, max-snippet:-1, max-image-preview:large, max-video-preview:-1\" \/>\n<link rel=\"canonical\" href=\"https:\/\/fuentesfidedignas.com.mx\/index.php\/2025\/05\/03\/trump-postea-en-su-cuenta-de-truth-social-una-foto-vestido-de-papa\/\" \/>\n<meta property=\"og:locale\" content=\"es_MX\" \/>\n<meta property=\"og:type\" content=\"article\" \/>\n<meta property=\"og:title\" content=\"Trump postea en su cuenta de Truth Social una foto vestido de papa - Fuentes Fidedignas\" \/>\n<meta property=\"og:description\" content=\"Trump public\u00f3 una imagen suya vestido como papa, se muestra con sotana blanca, mitra, cruz dorada y parece estar por dar una bendici\u00f3n Estados Unidos.- El presidente de Estados Unidos, Donald Trump, public\u00f3 en su cuenta de la red Truth Social una imagen suya&nbsp;vestido como papa. La imagen del gobernante estadounidense est\u00e1 hecha con la [&hellip;]\" \/>\n<meta property=\"og:url\" content=\"https:\/\/fuentesfidedignas.com.mx\/index.php\/2025\/05\/03\/trump-postea-en-su-cuenta-de-truth-social-una-foto-vestido-de-papa\/\" \/>\n<meta property=\"og:site_name\" content=\"Fuentes Fidedignas\" \/>\n<meta property=\"article:publisher\" content=\"https:\/\/www.facebook.com\/Fuentes-Fidedignas-368234489921644\" \/>\n<meta property=\"article:published_time\" content=\"2025-05-03T21:24:20+00:00\" \/>\n<meta property=\"og:image\" content=\"https:\/\/fuentesfidedignas.com.mx\/wp-content\/uploads\/2025\/05\/img_0473-1.jpg\" \/>\n\t<meta property=\"og:image:width\" content=\"1536\" \/>\n\t<meta property=\"og:image:height\" content=\"864\" \/>\n\t<meta property=\"og:image:type\" content=\"image\/jpeg\" \/>\n<meta name=\"author\" content=\"L\u00f3pez D\u00f3riga\" \/>\n<meta name=\"twitter:card\" content=\"summary_large_image\" \/>\n<meta name=\"twitter:creator\" content=\"@fidedignas\" \/>\n<meta name=\"twitter:site\" content=\"@fidedignas\" \/>\n<meta name=\"twitter:label1\" content=\"Escrito por\" \/>\n\t<meta name=\"twitter:data1\" content=\"L\u00f3pez D\u00f3riga\" \/>\n\t<meta name=\"twitter:label2\" content=\"Tiempo de lectura\" \/>\n\t<meta name=\"twitter:data2\" content=\"2 minutos\" \/>\n<script type=\"application\/ld+json\" class=\"yoast-schema-graph\">{\"@context\":\"https:\\\/\\\/schema.org\",\"@graph\":[{\"@type\":\"Article\",\"@id\":\"https:\\\/\\\/fuentesfidedignas.com.mx\\\/index.php\\\/2025\\\/05\\\/03\\\/trump-postea-en-su-cuenta-de-truth-social-una-foto-vestido-de-papa\\\/#article\",\"isPartOf\":{\"@id\":\"https:\\\/\\\/fuentesfidedignas.com.mx\\\/index.php\\\/2025\\\/05\\\/03\\\/trump-postea-en-su-cuenta-de-truth-social-una-foto-vestido-de-papa\\\/\"},\"author\":{\"name\":\"L\u00f3pez D\u00f3riga\",\"@id\":\"https:\\\/\\\/fuentesfidedignas.com.mx\\\/#\\\/schema\\\/person\\\/67d852f0557c8509146a4b9ddebd543a\"},\"headline\":\"Trump postea en su cuenta de Truth Social una foto vestido de papa\",\"datePublished\":\"2025-05-03T21:24:20+00:00\",\"mainEntityOfPage\":{\"@id\":\"https:\\\/\\\/fuentesfidedignas.com.mx\\\/index.php\\\/2025\\\/05\\\/03\\\/trump-postea-en-su-cuenta-de-truth-social-una-foto-vestido-de-papa\\\/\"},\"wordCount\":437,\"publisher\":{\"@id\":\"https:\\\/\\\/fuentesfidedignas.com.mx\\\/#organization\"},\"image\":{\"@id\":\"https:\\\/\\\/fuentesfidedignas.com.mx\\\/index.php\\\/2025\\\/05\\\/03\\\/trump-postea-en-su-cuenta-de-truth-social-una-foto-vestido-de-papa\\\/#primaryimage\"},\"thumbnailUrl\":\"https:\\\/\\\/fuentesfidedignas.com.mx\\\/wp-content\\\/uploads\\\/2025\\\/05\\\/img_0473-1.jpg\",\"articleSection\":[\"NOTICIAS NACIONALES\"],\"inLanguage\":\"es\"},{\"@type\":\"WebPage\",\"@id\":\"https:\\\/\\\/fuentesfidedignas.com.mx\\\/index.php\\\/2025\\\/05\\\/03\\\/trump-postea-en-su-cuenta-de-truth-social-una-foto-vestido-de-papa\\\/\",\"url\":\"https:\\\/\\\/fuentesfidedignas.com.mx\\\/index.php\\\/2025\\\/05\\\/03\\\/trump-postea-en-su-cuenta-de-truth-social-una-foto-vestido-de-papa\\\/\",\"name\":\"Trump postea en su cuenta de Truth Social una foto vestido de papa - Fuentes Fidedignas\",\"isPartOf\":{\"@id\":\"https:\\\/\\\/fuentesfidedignas.com.mx\\\/#website\"},\"primaryImageOfPage\":{\"@id\":\"https:\\\/\\\/fuentesfidedignas.com.mx\\\/index.php\\\/2025\\\/05\\\/03\\\/trump-postea-en-su-cuenta-de-truth-social-una-foto-vestido-de-papa\\\/#primaryimage\"},\"image\":{\"@id\":\"https:\\\/\\\/fuentesfidedignas.com.mx\\\/index.php\\\/2025\\\/05\\\/03\\\/trump-postea-en-su-cuenta-de-truth-social-una-foto-vestido-de-papa\\\/#primaryimage\"},\"thumbnailUrl\":\"https:\\\/\\\/fuentesfidedignas.com.mx\\\/wp-content\\\/uploads\\\/2025\\\/05\\\/img_0473-1.jpg\",\"datePublished\":\"2025-05-03T21:24:20+00:00\",\"breadcrumb\":{\"@id\":\"https:\\\/\\\/fuentesfidedignas.com.mx\\\/index.php\\\/2025\\\/05\\\/03\\\/trump-postea-en-su-cuenta-de-truth-social-una-foto-vestido-de-papa\\\/#breadcrumb\"},\"inLanguage\":\"es\",\"potentialAction\":[{\"@type\":\"ReadAction\",\"target\":[\"https:\\\/\\\/fuentesfidedignas.com.mx\\\/index.php\\\/2025\\\/05\\\/03\\\/trump-postea-en-su-cuenta-de-truth-social-una-foto-vestido-de-papa\\\/\"]}]},{\"@type\":\"ImageObject\",\"inLanguage\":\"es\",\"@id\":\"https:\\\/\\\/fuentesfidedignas.com.mx\\\/index.php\\\/2025\\\/05\\\/03\\\/trump-postea-en-su-cuenta-de-truth-social-una-foto-vestido-de-papa\\\/#primaryimage\",\"url\":\"https:\\\/\\\/fuentesfidedignas.com.mx\\\/wp-content\\\/uploads\\\/2025\\\/05\\\/img_0473-1.jpg\",\"contentUrl\":\"https:\\\/\\\/fuentesfidedignas.com.mx\\\/wp-content\\\/uploads\\\/2025\\\/05\\\/img_0473-1.jpg\",\"width\":1536,\"height\":864},{\"@type\":\"BreadcrumbList\",\"@id\":\"https:\\\/\\\/fuentesfidedignas.com.mx\\\/index.php\\\/2025\\\/05\\\/03\\\/trump-postea-en-su-cuenta-de-truth-social-una-foto-vestido-de-papa\\\/#breadcrumb\",\"itemListElement\":[{\"@type\":\"ListItem\",\"position\":1,\"name\":\"Inicio\",\"item\":\"https:\\\/\\\/fuentesfidedignas.com.mx\\\/\"},{\"@type\":\"ListItem\",\"position\":2,\"name\":\"Trump postea en su cuenta de Truth Social una foto vestido de papa\"}]},{\"@type\":\"WebSite\",\"@id\":\"https:\\\/\\\/fuentesfidedignas.com.mx\\\/#website\",\"url\":\"https:\\\/\\\/fuentesfidedignas.com.mx\\\/\",\"name\":\"Fuentes Fidedignas\",\"description\":\"Otro sitio realizado con WordPress\",\"publisher\":{\"@id\":\"https:\\\/\\\/fuentesfidedignas.com.mx\\\/#organization\"},\"potentialAction\":[{\"@type\":\"SearchAction\",\"target\":{\"@type\":\"EntryPoint\",\"urlTemplate\":\"https:\\\/\\\/fuentesfidedignas.com.mx\\\/?s={search_term_string}\"},\"query-input\":{\"@type\":\"PropertyValueSpecification\",\"valueRequired\":true,\"valueName\":\"search_term_string\"}}],\"inLanguage\":\"es\"},{\"@type\":\"Organization\",\"@id\":\"https:\\\/\\\/fuentesfidedignas.com.mx\\\/#organization\",\"name\":\"Fuentes Fidedignas\",\"url\":\"https:\\\/\\\/fuentesfidedignas.com.mx\\\/\",\"logo\":{\"@type\":\"ImageObject\",\"inLanguage\":\"es\",\"@id\":\"https:\\\/\\\/fuentesfidedignas.com.mx\\\/#\\\/schema\\\/logo\\\/image\\\/\",\"url\":\"https:\\\/\\\/fuentesfidedignas.com.mx\\\/wp-content\\\/uploads\\\/2021\\\/04\\\/logo-retina.png\",\"contentUrl\":\"https:\\\/\\\/fuentesfidedignas.com.mx\\\/wp-content\\\/uploads\\\/2021\\\/04\\\/logo-retina.png\",\"width\":280,\"height\":51,\"caption\":\"Fuentes Fidedignas\"},\"image\":{\"@id\":\"https:\\\/\\\/fuentesfidedignas.com.mx\\\/#\\\/schema\\\/logo\\\/image\\\/\"},\"sameAs\":[\"https:\\\/\\\/www.facebook.com\\\/Fuentes-Fidedignas-368234489921644\",\"https:\\\/\\\/x.com\\\/fidedignas\"]},{\"@type\":\"Person\",\"@id\":\"https:\\\/\\\/fuentesfidedignas.com.mx\\\/#\\\/schema\\\/person\\\/67d852f0557c8509146a4b9ddebd543a\",\"name\":\"L\u00f3pez D\u00f3riga\",\"image\":{\"@type\":\"ImageObject\",\"inLanguage\":\"es\",\"@id\":\"https:\\\/\\\/secure.gravatar.com\\\/avatar\\\/e525b06574ca18b33cded59dfe5778d6c823b9513154eff47da551b0551bdd1e?s=96&d=mm&r=g\",\"url\":\"https:\\\/\\\/secure.gravatar.com\\\/avatar\\\/e525b06574ca18b33cded59dfe5778d6c823b9513154eff47da551b0551bdd1e?s=96&d=mm&r=g\",\"contentUrl\":\"https:\\\/\\\/secure.gravatar.com\\\/avatar\\\/e525b06574ca18b33cded59dfe5778d6c823b9513154eff47da551b0551bdd1e?s=96&d=mm&r=g\",\"caption\":\"L\u00f3pez D\u00f3riga\"},\"url\":\"https:\\\/\\\/fuentesfidedignas.com.mx\\\/index.php\\\/author\\\/doriga\\\/\"}]}<\/script>\n<!-- \/ Yoast SEO plugin. -->","yoast_head_json":{"title":"Trump postea en su cuenta de Truth Social una foto vestido de papa - Fuentes Fidedignas","robots":{"index":"index","follow":"follow","max-snippet":"max-snippet:-1","max-image-preview":"max-image-preview:large","max-video-preview":"max-video-preview:-1"},"canonical":"https:\/\/fuentesfidedignas.com.mx\/index.php\/2025\/05\/03\/trump-postea-en-su-cuenta-de-truth-social-una-foto-vestido-de-papa\/","og_locale":"es_MX","og_type":"article","og_title":"Trump postea en su cuenta de Truth Social una foto vestido de papa - Fuentes Fidedignas","og_description":"Trump public\u00f3 una imagen suya vestido como papa, se muestra con sotana blanca, mitra, cruz dorada y parece estar por dar una bendici\u00f3n Estados Unidos.- El presidente de Estados Unidos, Donald Trump, public\u00f3 en su cuenta de la red Truth Social una imagen suya&nbsp;vestido como papa. La imagen del gobernante estadounidense est\u00e1 hecha con la [&hellip;]","og_url":"https:\/\/fuentesfidedignas.com.mx\/index.php\/2025\/05\/03\/trump-postea-en-su-cuenta-de-truth-social-una-foto-vestido-de-papa\/","og_site_name":"Fuentes Fidedignas","article_publisher":"https:\/\/www.facebook.com\/Fuentes-Fidedignas-368234489921644","article_published_time":"2025-05-03T21:24:20+00:00","og_image":[{"width":1536,"height":864,"url":"https:\/\/fuentesfidedignas.com.mx\/wp-content\/uploads\/2025\/05\/img_0473-1.jpg","type":"image\/jpeg"}],"author":"L\u00f3pez D\u00f3riga","twitter_card":"summary_large_image","twitter_creator":"@fidedignas","twitter_site":"@fidedignas","twitter_misc":{"Escrito por":"L\u00f3pez D\u00f3riga","Tiempo de lectura":"2 minutos"},"schema":{"@context":"https:\/\/schema.org","@graph":[{"@type":"Article","@id":"https:\/\/fuentesfidedignas.com.mx\/index.php\/2025\/05\/03\/trump-postea-en-su-cuenta-de-truth-social-una-foto-vestido-de-papa\/#article","isPartOf":{"@id":"https:\/\/fuentesfidedignas.com.mx\/index.php\/2025\/05\/03\/trump-postea-en-su-cuenta-de-truth-social-una-foto-vestido-de-papa\/"},"author":{"name":"L\u00f3pez D\u00f3riga","@id":"https:\/\/fuentesfidedignas.com.mx\/#\/schema\/person\/67d852f0557c8509146a4b9ddebd543a"},"headline":"Trump postea en su cuenta de Truth Social una foto vestido de papa","datePublished":"2025-05-03T21:24:20+00:00","mainEntityOfPage":{"@id":"https:\/\/fuentesfidedignas.com.mx\/index.php\/2025\/05\/03\/trump-postea-en-su-cuenta-de-truth-social-una-foto-vestido-de-papa\/"},"wordCount":437,"publisher":{"@id":"https:\/\/fuentesfidedignas.com.mx\/#organization"},"image":{"@id":"https:\/\/fuentesfidedignas.com.mx\/index.php\/2025\/05\/03\/trump-postea-en-su-cuenta-de-truth-social-una-foto-vestido-de-papa\/#primaryimage"},"thumbnailUrl":"https:\/\/fuentesfidedignas.com.mx\/wp-content\/uploads\/2025\/05\/img_0473-1.jpg","articleSection":["NOTICIAS NACIONALES"],"inLanguage":"es"},{"@type":"WebPage","@id":"https:\/\/fuentesfidedignas.com.mx\/index.php\/2025\/05\/03\/trump-postea-en-su-cuenta-de-truth-social-una-foto-vestido-de-papa\/","url":"https:\/\/fuentesfidedignas.com.mx\/index.php\/2025\/05\/03\/trump-postea-en-su-cuenta-de-truth-social-una-foto-vestido-de-papa\/","name":"Trump postea en su cuenta de Truth Social una foto vestido de papa - Fuentes Fidedignas","isPartOf":{"@id":"https:\/\/fuentesfidedignas.com.mx\/#website"},"primaryImageOfPage":{"@id":"https:\/\/fuentesfidedignas.com.mx\/index.php\/2025\/05\/03\/trump-postea-en-su-cuenta-de-truth-social-una-foto-vestido-de-papa\/#primaryimage"},"image":{"@id":"https:\/\/fuentesfidedignas.com.mx\/index.php\/2025\/05\/03\/trump-postea-en-su-cuenta-de-truth-social-una-foto-vestido-de-papa\/#primaryimage"},"thumbnailUrl":"https:\/\/fuentesfidedignas.com.mx\/wp-content\/uploads\/2025\/05\/img_0473-1.jpg","datePublished":"2025-05-03T21:24:20+00:00","breadcrumb":{"@id":"https:\/\/fuentesfidedignas.com.mx\/index.php\/2025\/05\/03\/trump-postea-en-su-cuenta-de-truth-social-una-foto-vestido-de-papa\/#breadcrumb"},"inLanguage":"es","potentialAction":[{"@type":"ReadAction","target":["https:\/\/fuentesfidedignas.com.mx\/index.php\/2025\/05\/03\/trump-postea-en-su-cuenta-de-truth-social-una-foto-vestido-de-papa\/"]}]},{"@type":"ImageObject","inLanguage":"es","@id":"https:\/\/fuentesfidedignas.com.mx\/index.php\/2025\/05\/03\/trump-postea-en-su-cuenta-de-truth-social-una-foto-vestido-de-papa\/#primaryimage","url":"https:\/\/fuentesfidedignas.com.mx\/wp-content\/uploads\/2025\/05\/img_0473-1.jpg","contentUrl":"https:\/\/fuentesfidedignas.com.mx\/wp-content\/uploads\/2025\/05\/img_0473-1.jpg","width":1536,"height":864},{"@type":"BreadcrumbList","@id":"https:\/\/fuentesfidedignas.com.mx\/index.php\/2025\/05\/03\/trump-postea-en-su-cuenta-de-truth-social-una-foto-vestido-de-papa\/#breadcrumb","itemListElement":[{"@type":"ListItem","position":1,"name":"Inicio","item":"https:\/\/fuentesfidedignas.com.mx\/"},{"@type":"ListItem","position":2,"name":"Trump postea en su cuenta de Truth Social una foto vestido de papa"}]},{"@type":"WebSite","@id":"https:\/\/fuentesfidedignas.com.mx\/#website","url":"https:\/\/fuentesfidedignas.com.mx\/","name":"Fuentes Fidedignas","description":"Otro sitio realizado con WordPress","publisher":{"@id":"https:\/\/fuentesfidedignas.com.mx\/#organization"},"potentialAction":[{"@type":"SearchAction","target":{"@type":"EntryPoint","urlTemplate":"https:\/\/fuentesfidedignas.com.mx\/?s={search_term_string}"},"query-input":{"@type":"PropertyValueSpecification","valueRequired":true,"valueName":"search_term_string"}}],"inLanguage":"es"},{"@type":"Organization","@id":"https:\/\/fuentesfidedignas.com.mx\/#organization","name":"Fuentes Fidedignas","url":"https:\/\/fuentesfidedignas.com.mx\/","logo":{"@type":"ImageObject","inLanguage":"es","@id":"https:\/\/fuentesfidedignas.com.mx\/#\/schema\/logo\/image\/","url":"https:\/\/fuentesfidedignas.com.mx\/wp-content\/uploads\/2021\/04\/logo-retina.png","contentUrl":"https:\/\/fuentesfidedignas.com.mx\/wp-content\/uploads\/2021\/04\/logo-retina.png","width":280,"height":51,"caption":"Fuentes Fidedignas"},"image":{"@id":"https:\/\/fuentesfidedignas.com.mx\/#\/schema\/logo\/image\/"},"sameAs":["https:\/\/www.facebook.com\/Fuentes-Fidedignas-368234489921644","https:\/\/x.com\/fidedignas"]},{"@type":"Person","@id":"https:\/\/fuentesfidedignas.com.mx\/#\/schema\/person\/67d852f0557c8509146a4b9ddebd543a","name":"L\u00f3pez D\u00f3riga","image":{"@type":"ImageObject","inLanguage":"es","@id":"https:\/\/secure.gravatar.com\/avatar\/e525b06574ca18b33cded59dfe5778d6c823b9513154eff47da551b0551bdd1e?s=96&d=mm&r=g","url":"https:\/\/secure.gravatar.com\/avatar\/e525b06574ca18b33cded59dfe5778d6c823b9513154eff47da551b0551bdd1e?s=96&d=mm&r=g","contentUrl":"https:\/\/secure.gravatar.com\/avatar\/e525b06574ca18b33cded59dfe5778d6c823b9513154eff47da551b0551bdd1e?s=96&d=mm&r=g","caption":"L\u00f3pez D\u00f3riga"},"url":"https:\/\/fuentesfidedignas.com.mx\/index.php\/author\/doriga\/"}]}},"_links":{"self":[{"href":"https:\/\/fuentesfidedignas.com.mx\/index.php\/wp-json\/wp\/v2\/posts\/107579","targetHints":{"allow":["GET"]}}],"collection":[{"href":"https:\/\/fuentesfidedignas.com.mx\/index.php\/wp-json\/wp\/v2\/posts"}],"about":[{"href":"https:\/\/fuentesfidedignas.com.mx\/index.php\/wp-json\/wp\/v2\/types\/post"}],"author":[{"embeddable":true,"href":"https:\/\/fuentesfidedignas.com.mx\/index.php\/wp-json\/wp\/v2\/users\/47"}],"replies":[{"embeddable":true,"href":"https:\/\/fuentesfidedignas.com.mx\/index.php\/wp-json\/wp\/v2\/comments?post=107579"}],"version-history":[{"count":1,"href":"https:\/\/fuentesfidedignas.com.mx\/index.php\/wp-json\/wp\/v2\/posts\/107579\/revisions"}],"predecessor-version":[{"id":107580,"href":"https:\/\/fuentesfidedignas.com.mx\/index.php\/wp-json\/wp\/v2\/posts\/107579\/revisions\/107580"}],"wp:featuredmedia":[{"embeddable":true,"href":"https:\/\/fuentesfidedignas.com.mx\/index.php\/wp-json\/wp\/v2\/media\/107578"}],"wp:attachment":[{"href":"https:\/\/fuentesfidedignas.com.mx\/index.php\/wp-json\/wp\/v2\/media?parent=107579"}],"wp:term":[{"taxonomy":"category","embeddable":true,"href":"https:\/\/fuentesfidedignas.com.mx\/index.php\/wp-json\/wp\/v2\/categories?post=107579"},{"taxonomy":"post_tag","embeddable":true,"href":"https:\/\/fuentesfidedignas.com.mx\/index.php\/wp-json\/wp\/v2\/tags?post=107579"}],"curies":[{"name":"wp","href":"https:\/\/api.w.org\/{rel}","templated":true}]}}