{"id":10751,"date":"2021-08-25T05:41:11","date_gmt":"2021-08-25T12:41:11","guid":{"rendered":"https:\/\/fuentesfidedignas.com.mx\/?p=10751"},"modified":"2021-08-25T05:41:14","modified_gmt":"2021-08-25T12:41:14","slug":"mexico-recibe-a-primeras-afganas-que-solicitaron-ayuda-humanitaria","status":"publish","type":"post","link":"https:\/\/fuentesfidedignas.com.mx\/index.php\/2021\/08\/25\/mexico-recibe-a-primeras-afganas-que-solicitaron-ayuda-humanitaria\/","title":{"rendered":"M\u00e9xico recibe a primeras afganas que solicitaron ayuda humanitaria"},"content":{"rendered":"\n<p><strong><em>Se trata de un grupo de mujeres que son parte de un equipo de rob\u00f3tica afgano, quienes lograron salir de su pa\u00eds y llegar a M\u00e9xico<\/em><\/strong><\/p>\n\n\n\n<p> Internacional de la CDMX a las primeras cinco mujeres afganas que solicitaron protecci\u00f3n humanitaria tras la crisis que se vive en dicho pa\u00eds por el ascenso en el poder de los Talibanes.<\/p>\n\n\n\n<p>Se trata de un grupo de mujeres que son parte de un equipo de rob\u00f3tica afgano, que hace tiempo gan\u00f3 un premio internacional en dicha \u00e1rea en Estados Unidos y tambi\u00e9n que ha destacado por la creaci\u00f3n de ventiladores para atenci\u00f3n de pacientes con Covid-19 que hicieron con piezas de autos usados.<\/p>\n\n\n\n<p>Parte del equipo de estas mujeres afganas logr\u00f3 salir hace d\u00edas hacia Catar, pero otro grupo no lo hizo, por lo que el Gobierno de M\u00e9xico busc\u00f3 c\u00f3mo traerlas, primero ayud\u00e1ndolas a salir de Afganist\u00e1n hacia un pa\u00eds con representaci\u00f3n mexicana, dijo la Secretar\u00eda de Relaciones Exteriores.<\/p>\n\n\n\n<p>\u201cHemos realizado diversas gestiones diplom\u00e1ticas y consulares con el fin de poder tener un pasaje seguro para las mujeres y traerlas a M\u00e9xico\u201d, dijo Martha Delgado, subsecretaria para Asuntos Multilaterales y Derechos Humanos.<\/p>\n\n\n\n<p>La funcionaria asegur\u00f3 que las mujeres fueron trasladadas a M\u00e9xico con fondos de diferentes organizaciones y podr\u00e1n adoptar una visa humanitaria hasta por 180 d\u00edas con opci\u00f3n a pr\u00f3rroga.<\/p>\n\n\n\n<p>Las mujeres agradecieron al gobierno mexicano por \u201chaber salvado su vida\u201d.<\/p>\n\n\n\n<p>En tanto, el canciller Marcelo Ebrard, dio la bienvenida a este grupo de mujeres y record\u00f3 que M\u00e9xico tiene una gran tradici\u00f3n de ser un pa\u00eds que acoge a refugiados.<\/p>\n\n\n\n<p>\u201cRecibimos a las primeras solicitantes de status humanitario en M\u00e9xico provenientes de Afganist\u00e1n , ellas forman parte del equipo de rob\u00f3tica de ese pa\u00eds y defienden un sue\u00f1o : un mundo con igualdad de g\u00e9nero. Bienvenidas!!!\u201d, public\u00f3 el canciller Ebrard en Twitter.<\/p>\n\n\n\n<figure class=\"wp-block-embed is-type-rich is-provider-twitter wp-block-embed-twitter\"><div class=\"wp-block-embed__wrapper\">\n<blockquote class=\"twitter-tweet\" data-width=\"550\" data-dnt=\"true\"><p lang=\"es\" dir=\"ltr\">Recibimos a las primeras solicitantes de status humanitario en M\u00e9xico provenientes de Afganist\u00e1n , ellas forman parte del equipo de rob\u00f3tica de ese pa\u00eds  y defienden un sue\u00f1o : un mundo con igualdad de g\u00e9nero. Bienvenidas!!! <a href=\"https:\/\/t.co\/Kw0WFtR3Bk\">pic.twitter.com\/Kw0WFtR3Bk<\/a><\/p>&mdash; Marcelo Ebrard C. (@m_ebrard) <a href=\"https:\/\/twitter.com\/m_ebrard\/status\/1430334686828679177?ref_src=twsrc%5Etfw\">August 25, 2021<\/a><\/blockquote><script async src=\"https:\/\/platform.twitter.com\/widgets.js\" charset=\"utf-8\"><\/script>\n<\/div><\/figure>\n","protected":false},"excerpt":{"rendered":"<p>Se trata de un grupo de mujeres que son parte de un equipo de rob\u00f3tica afgano, quienes lograron salir de su pa\u00eds y llegar a M\u00e9xico Internacional de la CDMX a las primeras cinco mujeres afganas que solicitaron protecci\u00f3n humanitaria tras la crisis que se vive en dicho pa\u00eds por el ascenso en el poder [&hellip;]<\/p>\n","protected":false},"author":5,"featured_media":10752,"comment_status":"open","ping_status":"open","sticky":false,"template":"","format":"standard","meta":{"tdm_status":"","tdm_grid_status":"","footnotes":""},"categories":[39],"tags":[],"class_list":{"0":"post-10751","1":"post","2":"type-post","3":"status-publish","4":"format-standard","5":"has-post-thumbnail","7":"category-noticias-nacionales"},"yoast_head":"<!-- This site is optimized with the Yoast SEO plugin v27.5 - https:\/\/yoast.com\/product\/yoast-seo-wordpress\/ -->\n<title>M\u00e9xico recibe a primeras afganas que solicitaron ayuda humanitaria - Fuentes Fidedignas<\/title>\n<meta name=\"robots\" content=\"index, follow, max-snippet:-1, max-image-preview:large, max-video-preview:-1\" \/>\n<link rel=\"canonical\" href=\"https:\/\/fuentesfidedignas.com.mx\/index.php\/2021\/08\/25\/mexico-recibe-a-primeras-afganas-que-solicitaron-ayuda-humanitaria\/\" \/>\n<meta property=\"og:locale\" content=\"es_MX\" \/>\n<meta property=\"og:type\" content=\"article\" \/>\n<meta property=\"og:title\" content=\"M\u00e9xico recibe a primeras afganas que solicitaron ayuda humanitaria - Fuentes Fidedignas\" \/>\n<meta property=\"og:description\" content=\"Se trata de un grupo de mujeres que son parte de un equipo de rob\u00f3tica afgano, quienes lograron salir de su pa\u00eds y llegar a M\u00e9xico Internacional de la CDMX a las primeras cinco mujeres afganas que solicitaron protecci\u00f3n humanitaria tras la crisis que se vive en dicho pa\u00eds por el ascenso en el poder [&hellip;]\" \/>\n<meta property=\"og:url\" content=\"https:\/\/fuentesfidedignas.com.mx\/index.php\/2021\/08\/25\/mexico-recibe-a-primeras-afganas-que-solicitaron-ayuda-humanitaria\/\" \/>\n<meta property=\"og:site_name\" content=\"Fuentes Fidedignas\" \/>\n<meta property=\"article:publisher\" content=\"https:\/\/www.facebook.com\/Fuentes-Fidedignas-368234489921644\" \/>\n<meta property=\"article:published_time\" content=\"2021-08-25T12:41:11+00:00\" \/>\n<meta property=\"article:modified_time\" content=\"2021-08-25T12:41:14+00:00\" \/>\n<meta property=\"og:image\" content=\"https:\/\/fuentesfidedignas.com.mx\/wp-content\/uploads\/2021\/08\/afganas-768x432-1.jpg\" \/>\n\t<meta property=\"og:image:width\" content=\"768\" \/>\n\t<meta property=\"og:image:height\" content=\"432\" \/>\n\t<meta property=\"og:image:type\" content=\"image\/jpeg\" \/>\n<meta name=\"author\" content=\"Forbes\" \/>\n<meta name=\"twitter:card\" content=\"summary_large_image\" \/>\n<meta name=\"twitter:creator\" content=\"@fidedignas\" \/>\n<meta name=\"twitter:site\" content=\"@fidedignas\" \/>\n<meta name=\"twitter:label1\" content=\"Escrito por\" \/>\n\t<meta name=\"twitter:data1\" content=\"Forbes\" \/>\n\t<meta name=\"twitter:label2\" content=\"Tiempo de lectura\" \/>\n\t<meta name=\"twitter:data2\" content=\"2 minutos\" \/>\n<script type=\"application\/ld+json\" class=\"yoast-schema-graph\">{\"@context\":\"https:\\\/\\\/schema.org\",\"@graph\":[{\"@type\":\"Article\",\"@id\":\"https:\\\/\\\/fuentesfidedignas.com.mx\\\/index.php\\\/2021\\\/08\\\/25\\\/mexico-recibe-a-primeras-afganas-que-solicitaron-ayuda-humanitaria\\\/#article\",\"isPartOf\":{\"@id\":\"https:\\\/\\\/fuentesfidedignas.com.mx\\\/index.php\\\/2021\\\/08\\\/25\\\/mexico-recibe-a-primeras-afganas-que-solicitaron-ayuda-humanitaria\\\/\"},\"author\":{\"name\":\"Forbes\",\"@id\":\"https:\\\/\\\/fuentesfidedignas.com.mx\\\/#\\\/schema\\\/person\\\/5623d53fe2e579d825b1679734abcc44\"},\"headline\":\"M\u00e9xico recibe a primeras afganas que solicitaron ayuda humanitaria\",\"datePublished\":\"2021-08-25T12:41:11+00:00\",\"dateModified\":\"2021-08-25T12:41:14+00:00\",\"mainEntityOfPage\":{\"@id\":\"https:\\\/\\\/fuentesfidedignas.com.mx\\\/index.php\\\/2021\\\/08\\\/25\\\/mexico-recibe-a-primeras-afganas-que-solicitaron-ayuda-humanitaria\\\/\"},\"wordCount\":372,\"commentCount\":0,\"publisher\":{\"@id\":\"https:\\\/\\\/fuentesfidedignas.com.mx\\\/#organization\"},\"image\":{\"@id\":\"https:\\\/\\\/fuentesfidedignas.com.mx\\\/index.php\\\/2021\\\/08\\\/25\\\/mexico-recibe-a-primeras-afganas-que-solicitaron-ayuda-humanitaria\\\/#primaryimage\"},\"thumbnailUrl\":\"https:\\\/\\\/fuentesfidedignas.com.mx\\\/wp-content\\\/uploads\\\/2021\\\/08\\\/afganas-768x432-1.jpg\",\"articleSection\":[\"NOTICIAS NACIONALES\"],\"inLanguage\":\"es\",\"potentialAction\":[{\"@type\":\"CommentAction\",\"name\":\"Comment\",\"target\":[\"https:\\\/\\\/fuentesfidedignas.com.mx\\\/index.php\\\/2021\\\/08\\\/25\\\/mexico-recibe-a-primeras-afganas-que-solicitaron-ayuda-humanitaria\\\/#respond\"]}]},{\"@type\":\"WebPage\",\"@id\":\"https:\\\/\\\/fuentesfidedignas.com.mx\\\/index.php\\\/2021\\\/08\\\/25\\\/mexico-recibe-a-primeras-afganas-que-solicitaron-ayuda-humanitaria\\\/\",\"url\":\"https:\\\/\\\/fuentesfidedignas.com.mx\\\/index.php\\\/2021\\\/08\\\/25\\\/mexico-recibe-a-primeras-afganas-que-solicitaron-ayuda-humanitaria\\\/\",\"name\":\"M\u00e9xico recibe a primeras afganas que solicitaron ayuda humanitaria - Fuentes Fidedignas\",\"isPartOf\":{\"@id\":\"https:\\\/\\\/fuentesfidedignas.com.mx\\\/#website\"},\"primaryImageOfPage\":{\"@id\":\"https:\\\/\\\/fuentesfidedignas.com.mx\\\/index.php\\\/2021\\\/08\\\/25\\\/mexico-recibe-a-primeras-afganas-que-solicitaron-ayuda-humanitaria\\\/#primaryimage\"},\"image\":{\"@id\":\"https:\\\/\\\/fuentesfidedignas.com.mx\\\/index.php\\\/2021\\\/08\\\/25\\\/mexico-recibe-a-primeras-afganas-que-solicitaron-ayuda-humanitaria\\\/#primaryimage\"},\"thumbnailUrl\":\"https:\\\/\\\/fuentesfidedignas.com.mx\\\/wp-content\\\/uploads\\\/2021\\\/08\\\/afganas-768x432-1.jpg\",\"datePublished\":\"2021-08-25T12:41:11+00:00\",\"dateModified\":\"2021-08-25T12:41:14+00:00\",\"breadcrumb\":{\"@id\":\"https:\\\/\\\/fuentesfidedignas.com.mx\\\/index.php\\\/2021\\\/08\\\/25\\\/mexico-recibe-a-primeras-afganas-que-solicitaron-ayuda-humanitaria\\\/#breadcrumb\"},\"inLanguage\":\"es\",\"potentialAction\":[{\"@type\":\"ReadAction\",\"target\":[\"https:\\\/\\\/fuentesfidedignas.com.mx\\\/index.php\\\/2021\\\/08\\\/25\\\/mexico-recibe-a-primeras-afganas-que-solicitaron-ayuda-humanitaria\\\/\"]}]},{\"@type\":\"ImageObject\",\"inLanguage\":\"es\",\"@id\":\"https:\\\/\\\/fuentesfidedignas.com.mx\\\/index.php\\\/2021\\\/08\\\/25\\\/mexico-recibe-a-primeras-afganas-que-solicitaron-ayuda-humanitaria\\\/#primaryimage\",\"url\":\"https:\\\/\\\/fuentesfidedignas.com.mx\\\/wp-content\\\/uploads\\\/2021\\\/08\\\/afganas-768x432-1.jpg\",\"contentUrl\":\"https:\\\/\\\/fuentesfidedignas.com.mx\\\/wp-content\\\/uploads\\\/2021\\\/08\\\/afganas-768x432-1.jpg\",\"width\":768,\"height\":432},{\"@type\":\"BreadcrumbList\",\"@id\":\"https:\\\/\\\/fuentesfidedignas.com.mx\\\/index.php\\\/2021\\\/08\\\/25\\\/mexico-recibe-a-primeras-afganas-que-solicitaron-ayuda-humanitaria\\\/#breadcrumb\",\"itemListElement\":[{\"@type\":\"ListItem\",\"position\":1,\"name\":\"Inicio\",\"item\":\"https:\\\/\\\/fuentesfidedignas.com.mx\\\/\"},{\"@type\":\"ListItem\",\"position\":2,\"name\":\"M\u00e9xico recibe a primeras afganas que solicitaron ayuda humanitaria\"}]},{\"@type\":\"WebSite\",\"@id\":\"https:\\\/\\\/fuentesfidedignas.com.mx\\\/#website\",\"url\":\"https:\\\/\\\/fuentesfidedignas.com.mx\\\/\",\"name\":\"Fuentes Fidedignas\",\"description\":\"Otro sitio realizado con WordPress\",\"publisher\":{\"@id\":\"https:\\\/\\\/fuentesfidedignas.com.mx\\\/#organization\"},\"potentialAction\":[{\"@type\":\"SearchAction\",\"target\":{\"@type\":\"EntryPoint\",\"urlTemplate\":\"https:\\\/\\\/fuentesfidedignas.com.mx\\\/?s={search_term_string}\"},\"query-input\":{\"@type\":\"PropertyValueSpecification\",\"valueRequired\":true,\"valueName\":\"search_term_string\"}}],\"inLanguage\":\"es\"},{\"@type\":\"Organization\",\"@id\":\"https:\\\/\\\/fuentesfidedignas.com.mx\\\/#organization\",\"name\":\"Fuentes Fidedignas\",\"url\":\"https:\\\/\\\/fuentesfidedignas.com.mx\\\/\",\"logo\":{\"@type\":\"ImageObject\",\"inLanguage\":\"es\",\"@id\":\"https:\\\/\\\/fuentesfidedignas.com.mx\\\/#\\\/schema\\\/logo\\\/image\\\/\",\"url\":\"https:\\\/\\\/fuentesfidedignas.com.mx\\\/wp-content\\\/uploads\\\/2021\\\/04\\\/logo-retina.png\",\"contentUrl\":\"https:\\\/\\\/fuentesfidedignas.com.mx\\\/wp-content\\\/uploads\\\/2021\\\/04\\\/logo-retina.png\",\"width\":280,\"height\":51,\"caption\":\"Fuentes Fidedignas\"},\"image\":{\"@id\":\"https:\\\/\\\/fuentesfidedignas.com.mx\\\/#\\\/schema\\\/logo\\\/image\\\/\"},\"sameAs\":[\"https:\\\/\\\/www.facebook.com\\\/Fuentes-Fidedignas-368234489921644\",\"https:\\\/\\\/x.com\\\/fidedignas\"]},{\"@type\":\"Person\",\"@id\":\"https:\\\/\\\/fuentesfidedignas.com.mx\\\/#\\\/schema\\\/person\\\/5623d53fe2e579d825b1679734abcc44\",\"name\":\"Forbes\",\"image\":{\"@type\":\"ImageObject\",\"inLanguage\":\"es\",\"@id\":\"https:\\\/\\\/secure.gravatar.com\\\/avatar\\\/87ce3dd4e41e60c22a79c758614f01a6bc2469255fc936ec7b15efb9bb5cb66f?s=96&d=mm&r=g\",\"url\":\"https:\\\/\\\/secure.gravatar.com\\\/avatar\\\/87ce3dd4e41e60c22a79c758614f01a6bc2469255fc936ec7b15efb9bb5cb66f?s=96&d=mm&r=g\",\"contentUrl\":\"https:\\\/\\\/secure.gravatar.com\\\/avatar\\\/87ce3dd4e41e60c22a79c758614f01a6bc2469255fc936ec7b15efb9bb5cb66f?s=96&d=mm&r=g\",\"caption\":\"Forbes\"},\"url\":\"https:\\\/\\\/fuentesfidedignas.com.mx\\\/index.php\\\/author\\\/forbes\\\/\"}]}<\/script>\n<!-- \/ Yoast SEO plugin. -->","yoast_head_json":{"title":"M\u00e9xico recibe a primeras afganas que solicitaron ayuda humanitaria - Fuentes Fidedignas","robots":{"index":"index","follow":"follow","max-snippet":"max-snippet:-1","max-image-preview":"max-image-preview:large","max-video-preview":"max-video-preview:-1"},"canonical":"https:\/\/fuentesfidedignas.com.mx\/index.php\/2021\/08\/25\/mexico-recibe-a-primeras-afganas-que-solicitaron-ayuda-humanitaria\/","og_locale":"es_MX","og_type":"article","og_title":"M\u00e9xico recibe a primeras afganas que solicitaron ayuda humanitaria - Fuentes Fidedignas","og_description":"Se trata de un grupo de mujeres que son parte de un equipo de rob\u00f3tica afgano, quienes lograron salir de su pa\u00eds y llegar a M\u00e9xico Internacional de la CDMX a las primeras cinco mujeres afganas que solicitaron protecci\u00f3n humanitaria tras la crisis que se vive en dicho pa\u00eds por el ascenso en el poder [&hellip;]","og_url":"https:\/\/fuentesfidedignas.com.mx\/index.php\/2021\/08\/25\/mexico-recibe-a-primeras-afganas-que-solicitaron-ayuda-humanitaria\/","og_site_name":"Fuentes Fidedignas","article_publisher":"https:\/\/www.facebook.com\/Fuentes-Fidedignas-368234489921644","article_published_time":"2021-08-25T12:41:11+00:00","article_modified_time":"2021-08-25T12:41:14+00:00","og_image":[{"width":768,"height":432,"url":"https:\/\/fuentesfidedignas.com.mx\/wp-content\/uploads\/2021\/08\/afganas-768x432-1.jpg","type":"image\/jpeg"}],"author":"Forbes","twitter_card":"summary_large_image","twitter_creator":"@fidedignas","twitter_site":"@fidedignas","twitter_misc":{"Escrito por":"Forbes","Tiempo de lectura":"2 minutos"},"schema":{"@context":"https:\/\/schema.org","@graph":[{"@type":"Article","@id":"https:\/\/fuentesfidedignas.com.mx\/index.php\/2021\/08\/25\/mexico-recibe-a-primeras-afganas-que-solicitaron-ayuda-humanitaria\/#article","isPartOf":{"@id":"https:\/\/fuentesfidedignas.com.mx\/index.php\/2021\/08\/25\/mexico-recibe-a-primeras-afganas-que-solicitaron-ayuda-humanitaria\/"},"author":{"name":"Forbes","@id":"https:\/\/fuentesfidedignas.com.mx\/#\/schema\/person\/5623d53fe2e579d825b1679734abcc44"},"headline":"M\u00e9xico recibe a primeras afganas que solicitaron ayuda humanitaria","datePublished":"2021-08-25T12:41:11+00:00","dateModified":"2021-08-25T12:41:14+00:00","mainEntityOfPage":{"@id":"https:\/\/fuentesfidedignas.com.mx\/index.php\/2021\/08\/25\/mexico-recibe-a-primeras-afganas-que-solicitaron-ayuda-humanitaria\/"},"wordCount":372,"commentCount":0,"publisher":{"@id":"https:\/\/fuentesfidedignas.com.mx\/#organization"},"image":{"@id":"https:\/\/fuentesfidedignas.com.mx\/index.php\/2021\/08\/25\/mexico-recibe-a-primeras-afganas-que-solicitaron-ayuda-humanitaria\/#primaryimage"},"thumbnailUrl":"https:\/\/fuentesfidedignas.com.mx\/wp-content\/uploads\/2021\/08\/afganas-768x432-1.jpg","articleSection":["NOTICIAS NACIONALES"],"inLanguage":"es","potentialAction":[{"@type":"CommentAction","name":"Comment","target":["https:\/\/fuentesfidedignas.com.mx\/index.php\/2021\/08\/25\/mexico-recibe-a-primeras-afganas-que-solicitaron-ayuda-humanitaria\/#respond"]}]},{"@type":"WebPage","@id":"https:\/\/fuentesfidedignas.com.mx\/index.php\/2021\/08\/25\/mexico-recibe-a-primeras-afganas-que-solicitaron-ayuda-humanitaria\/","url":"https:\/\/fuentesfidedignas.com.mx\/index.php\/2021\/08\/25\/mexico-recibe-a-primeras-afganas-que-solicitaron-ayuda-humanitaria\/","name":"M\u00e9xico recibe a primeras afganas que solicitaron ayuda humanitaria - Fuentes Fidedignas","isPartOf":{"@id":"https:\/\/fuentesfidedignas.com.mx\/#website"},"primaryImageOfPage":{"@id":"https:\/\/fuentesfidedignas.com.mx\/index.php\/2021\/08\/25\/mexico-recibe-a-primeras-afganas-que-solicitaron-ayuda-humanitaria\/#primaryimage"},"image":{"@id":"https:\/\/fuentesfidedignas.com.mx\/index.php\/2021\/08\/25\/mexico-recibe-a-primeras-afganas-que-solicitaron-ayuda-humanitaria\/#primaryimage"},"thumbnailUrl":"https:\/\/fuentesfidedignas.com.mx\/wp-content\/uploads\/2021\/08\/afganas-768x432-1.jpg","datePublished":"2021-08-25T12:41:11+00:00","dateModified":"2021-08-25T12:41:14+00:00","breadcrumb":{"@id":"https:\/\/fuentesfidedignas.com.mx\/index.php\/2021\/08\/25\/mexico-recibe-a-primeras-afganas-que-solicitaron-ayuda-humanitaria\/#breadcrumb"},"inLanguage":"es","potentialAction":[{"@type":"ReadAction","target":["https:\/\/fuentesfidedignas.com.mx\/index.php\/2021\/08\/25\/mexico-recibe-a-primeras-afganas-que-solicitaron-ayuda-humanitaria\/"]}]},{"@type":"ImageObject","inLanguage":"es","@id":"https:\/\/fuentesfidedignas.com.mx\/index.php\/2021\/08\/25\/mexico-recibe-a-primeras-afganas-que-solicitaron-ayuda-humanitaria\/#primaryimage","url":"https:\/\/fuentesfidedignas.com.mx\/wp-content\/uploads\/2021\/08\/afganas-768x432-1.jpg","contentUrl":"https:\/\/fuentesfidedignas.com.mx\/wp-content\/uploads\/2021\/08\/afganas-768x432-1.jpg","width":768,"height":432},{"@type":"BreadcrumbList","@id":"https:\/\/fuentesfidedignas.com.mx\/index.php\/2021\/08\/25\/mexico-recibe-a-primeras-afganas-que-solicitaron-ayuda-humanitaria\/#breadcrumb","itemListElement":[{"@type":"ListItem","position":1,"name":"Inicio","item":"https:\/\/fuentesfidedignas.com.mx\/"},{"@type":"ListItem","position":2,"name":"M\u00e9xico recibe a primeras afganas que solicitaron ayuda humanitaria"}]},{"@type":"WebSite","@id":"https:\/\/fuentesfidedignas.com.mx\/#website","url":"https:\/\/fuentesfidedignas.com.mx\/","name":"Fuentes Fidedignas","description":"Otro sitio realizado con WordPress","publisher":{"@id":"https:\/\/fuentesfidedignas.com.mx\/#organization"},"potentialAction":[{"@type":"SearchAction","target":{"@type":"EntryPoint","urlTemplate":"https:\/\/fuentesfidedignas.com.mx\/?s={search_term_string}"},"query-input":{"@type":"PropertyValueSpecification","valueRequired":true,"valueName":"search_term_string"}}],"inLanguage":"es"},{"@type":"Organization","@id":"https:\/\/fuentesfidedignas.com.mx\/#organization","name":"Fuentes Fidedignas","url":"https:\/\/fuentesfidedignas.com.mx\/","logo":{"@type":"ImageObject","inLanguage":"es","@id":"https:\/\/fuentesfidedignas.com.mx\/#\/schema\/logo\/image\/","url":"https:\/\/fuentesfidedignas.com.mx\/wp-content\/uploads\/2021\/04\/logo-retina.png","contentUrl":"https:\/\/fuentesfidedignas.com.mx\/wp-content\/uploads\/2021\/04\/logo-retina.png","width":280,"height":51,"caption":"Fuentes Fidedignas"},"image":{"@id":"https:\/\/fuentesfidedignas.com.mx\/#\/schema\/logo\/image\/"},"sameAs":["https:\/\/www.facebook.com\/Fuentes-Fidedignas-368234489921644","https:\/\/x.com\/fidedignas"]},{"@type":"Person","@id":"https:\/\/fuentesfidedignas.com.mx\/#\/schema\/person\/5623d53fe2e579d825b1679734abcc44","name":"Forbes","image":{"@type":"ImageObject","inLanguage":"es","@id":"https:\/\/secure.gravatar.com\/avatar\/87ce3dd4e41e60c22a79c758614f01a6bc2469255fc936ec7b15efb9bb5cb66f?s=96&d=mm&r=g","url":"https:\/\/secure.gravatar.com\/avatar\/87ce3dd4e41e60c22a79c758614f01a6bc2469255fc936ec7b15efb9bb5cb66f?s=96&d=mm&r=g","contentUrl":"https:\/\/secure.gravatar.com\/avatar\/87ce3dd4e41e60c22a79c758614f01a6bc2469255fc936ec7b15efb9bb5cb66f?s=96&d=mm&r=g","caption":"Forbes"},"url":"https:\/\/fuentesfidedignas.com.mx\/index.php\/author\/forbes\/"}]}},"_links":{"self":[{"href":"https:\/\/fuentesfidedignas.com.mx\/index.php\/wp-json\/wp\/v2\/posts\/10751","targetHints":{"allow":["GET"]}}],"collection":[{"href":"https:\/\/fuentesfidedignas.com.mx\/index.php\/wp-json\/wp\/v2\/posts"}],"about":[{"href":"https:\/\/fuentesfidedignas.com.mx\/index.php\/wp-json\/wp\/v2\/types\/post"}],"author":[{"embeddable":true,"href":"https:\/\/fuentesfidedignas.com.mx\/index.php\/wp-json\/wp\/v2\/users\/5"}],"replies":[{"embeddable":true,"href":"https:\/\/fuentesfidedignas.com.mx\/index.php\/wp-json\/wp\/v2\/comments?post=10751"}],"version-history":[{"count":1,"href":"https:\/\/fuentesfidedignas.com.mx\/index.php\/wp-json\/wp\/v2\/posts\/10751\/revisions"}],"predecessor-version":[{"id":10753,"href":"https:\/\/fuentesfidedignas.com.mx\/index.php\/wp-json\/wp\/v2\/posts\/10751\/revisions\/10753"}],"wp:featuredmedia":[{"embeddable":true,"href":"https:\/\/fuentesfidedignas.com.mx\/index.php\/wp-json\/wp\/v2\/media\/10752"}],"wp:attachment":[{"href":"https:\/\/fuentesfidedignas.com.mx\/index.php\/wp-json\/wp\/v2\/media?parent=10751"}],"wp:term":[{"taxonomy":"category","embeddable":true,"href":"https:\/\/fuentesfidedignas.com.mx\/index.php\/wp-json\/wp\/v2\/categories?post=10751"},{"taxonomy":"post_tag","embeddable":true,"href":"https:\/\/fuentesfidedignas.com.mx\/index.php\/wp-json\/wp\/v2\/tags?post=10751"}],"curies":[{"name":"wp","href":"https:\/\/api.w.org\/{rel}","templated":true}]}}