{"id":107499,"date":"2025-05-02T07:48:49","date_gmt":"2025-05-02T14:48:49","guid":{"rendered":"https:\/\/fuentesfidedignas.com.mx\/?p=107499"},"modified":"2025-05-02T07:48:51","modified_gmt":"2025-05-02T14:48:51","slug":"joven-contrae-extrana-enfermedad-en-la-piel-tras-usar-ropa-de-segunda-mano","status":"publish","type":"post","link":"https:\/\/fuentesfidedignas.com.mx\/index.php\/2025\/05\/02\/joven-contrae-extrana-enfermedad-en-la-piel-tras-usar-ropa-de-segunda-mano\/","title":{"rendered":"Joven contrae extra\u00f1a enfermedad en la piel tras usar ropa de segunda mano"},"content":{"rendered":"\n<p><strong><em>Un joven se volvi\u00f3 viral tras contraer una infecci\u00f3n en la piel por usar ropa de segunda mano sin lavar. Descubre los riesgos y c\u00f3mo protegerte.<\/em><\/strong><\/p>\n\n\n\n<p>Usar ropa de segunda mano puede ser una forma fant\u00e1stica de ahorrar dinero y cuidar el planeta, pero hay una regla de oro que no deber\u00edas romper jam\u00e1s: l\u00e1vala antes de pon\u00e9rtela. Lamentablemente, un usuario de TikTok aprendi\u00f3 esta lecci\u00f3n de la manera m\u00e1s dura.<\/p>\n\n\n\n<p>El creador de contenido identificado en redes como @onenevertwhoo_one, comparti\u00f3 su experiencia en un video que r\u00e1pidamente se volvi\u00f3 viral. En \u00e9l, explica que contrajo molusco contagioso, una infecci\u00f3n viral de la piel que provoca peque\u00f1as protuberancias, similares a granitos, en la superficie de la piel<\/p>\n\n\n\n<p>Aunque esta condici\u00f3n no suele ser grave y muchas veces desaparece sola, no deja de ser inc\u00f3moda, molesta y, lo m\u00e1s importante, evitable. Seg\u00fan los m\u00e9dicos, el molusco contagioso se transmite com\u00fanmente por contacto directo con la piel o por contacto \u00edntimo, pero tambi\u00e9n puede propagarse a trav\u00e9s de superficies contaminadas\u2026 como la ropa usada.<\/p>\n\n\n\n<blockquote class=\"tiktok-embed\" cite=\"https:\/\/www.tiktok.com\/@onenevertwoo_one\/video\/7496131960155229446\" data-video-id=\"7496131960155229446\" style=\"max-width: 605px;min-width: 325px;\" > <section> <a target=\"_blank\" title=\"@onenevertwoo_one\" href=\"https:\/\/www.tiktok.com\/@onenevertwoo_one?refer=embed\">@onenevertwoo_one<\/a> Sepercaya itukah allah bahwa saya sekuat itu.. <a title=\"fyp\" target=\"_blank\" href=\"https:\/\/www.tiktok.com\/tag\/fyp?refer=embed\">#fyp<\/a> <a title=\"foryoupage\" target=\"_blank\" href=\"https:\/\/www.tiktok.com\/tag\/foryoupage?refer=embed\">#foryoupage<\/a> <a title=\"moluskum\" target=\"_blank\" href=\"https:\/\/www.tiktok.com\/tag\/moluskum?refer=embed\">#moluskum<\/a> <a target=\"_blank\" title=\"\u266c suara asli  - Ultramen Muslim\ud83e\udd40\" href=\"https:\/\/www.tiktok.com\/music\/suara-asli-Ultramen-Muslim\ud83e\udd40-7394766342800182022?refer=embed\">\u266c suara asli  &#8211; Ultramen Muslim\ud83e\udd40<\/a> <\/section> <\/blockquote> <script async src=\"https:\/\/www.tiktok.com\/embed.js\"><\/script>\n\n\n\n<p>El TikToker cree que su infecci\u00f3n fue causada por su costumbre de usar ropa de segunda mano sin lavarla previamente. Y los expertos respaldan esta posibilidad.<\/p>\n\n\n\n<p>Muchas prendas nuevas o de segunda mano vienen tratadas con productos qu\u00edmicos como suavizantes, repelentes al agua o agentes antimoho. Estos compuestos pueden provocar reacciones al\u00e9rgicas como picaz\u00f3n, sarpullidos o irritaciones en la piel.<\/p>\n\n\n\n<p>\u201c\u00bfPor qu\u00e9 no lavas tu ropa antes de usarla?\u201d, pregunt\u00f3 un usuario. Otro escribi\u00f3: \u201cUn nuevo miedo desbloqueado\u201d.<\/p>\n\n\n\n<p>Incluso m\u00e9dicos han salido a hablar sobre el tema, pues dermat\u00f3logos publicaron videos en TikTok advirtiendo sobre los riesgos de usar ropa sin lavar, especialmente aquellas compradas en tiendas de moda r\u00e1pida como Shein o Temu.<\/p>\n\n\n\n<p>Otra infecci\u00f3n bastante com\u00fan asociada al uso de ropa contaminada es la ti\u00f1a, una afecci\u00f3n f\u00fangica que causa picaz\u00f3n, descamaci\u00f3n e inflamaci\u00f3n. Seg\u00fan la Cl\u00ednica Mayo, esta infecci\u00f3n se puede propagar a trav\u00e9s de ropa, toallas o s\u00e1banas que no hayan sido lavadas despu\u00e9s de estar en contacto con alguien infectado.<\/p>\n\n\n\n<p>Por eso, la pr\u00f3xima vez que compres ropa, ya sea en una tienda de segunda mano o por internet, aseg\u00farate de lavarla bien antes de usarla. Puede parecer una precauci\u00f3n exagerada, pero tu piel te lo va a agradecer.<\/p>\n","protected":false},"excerpt":{"rendered":"<p>Un joven se volvi\u00f3 viral tras contraer una infecci\u00f3n en la piel por usar ropa de segunda mano sin lavar. Descubre los riesgos y c\u00f3mo protegerte. Usar ropa de segunda mano puede ser una forma fant\u00e1stica de ahorrar dinero y cuidar el planeta, pero hay una regla de oro que no deber\u00edas romper jam\u00e1s: l\u00e1vala [&hellip;]<\/p>\n","protected":false},"author":7,"featured_media":107500,"comment_status":"open","ping_status":"open","sticky":false,"template":"","format":"standard","meta":{"tdm_status":"","tdm_grid_status":"","footnotes":""},"categories":[40],"tags":[],"class_list":{"0":"post-107499","1":"post","2":"type-post","3":"status-publish","4":"format-standard","5":"has-post-thumbnail","7":"category-las-asombrosas"},"yoast_head":"<!-- This site is optimized with the Yoast SEO plugin v27.5 - https:\/\/yoast.com\/product\/yoast-seo-wordpress\/ -->\n<title>Joven contrae extra\u00f1a enfermedad en la piel tras usar ropa de segunda mano - Fuentes Fidedignas<\/title>\n<meta name=\"robots\" content=\"index, follow, max-snippet:-1, max-image-preview:large, max-video-preview:-1\" \/>\n<link rel=\"canonical\" href=\"https:\/\/fuentesfidedignas.com.mx\/index.php\/2025\/05\/02\/joven-contrae-extrana-enfermedad-en-la-piel-tras-usar-ropa-de-segunda-mano\/\" \/>\n<meta property=\"og:locale\" content=\"es_MX\" \/>\n<meta property=\"og:type\" content=\"article\" \/>\n<meta property=\"og:title\" content=\"Joven contrae extra\u00f1a enfermedad en la piel tras usar ropa de segunda mano - Fuentes Fidedignas\" \/>\n<meta property=\"og:description\" content=\"Un joven se volvi\u00f3 viral tras contraer una infecci\u00f3n en la piel por usar ropa de segunda mano sin lavar. Descubre los riesgos y c\u00f3mo protegerte. Usar ropa de segunda mano puede ser una forma fant\u00e1stica de ahorrar dinero y cuidar el planeta, pero hay una regla de oro que no deber\u00edas romper jam\u00e1s: l\u00e1vala [&hellip;]\" \/>\n<meta property=\"og:url\" content=\"https:\/\/fuentesfidedignas.com.mx\/index.php\/2025\/05\/02\/joven-contrae-extrana-enfermedad-en-la-piel-tras-usar-ropa-de-segunda-mano\/\" \/>\n<meta property=\"og:site_name\" content=\"Fuentes Fidedignas\" \/>\n<meta property=\"article:publisher\" content=\"https:\/\/www.facebook.com\/Fuentes-Fidedignas-368234489921644\" \/>\n<meta property=\"article:published_time\" content=\"2025-05-02T14:48:49+00:00\" \/>\n<meta property=\"article:modified_time\" content=\"2025-05-02T14:48:51+00:00\" \/>\n<meta property=\"og:image\" content=\"https:\/\/fuentesfidedignas.com.mx\/wp-content\/uploads\/2025\/05\/joven_infeccion.jpg\" \/>\n\t<meta property=\"og:image:width\" content=\"600\" \/>\n\t<meta property=\"og:image:height\" content=\"450\" \/>\n\t<meta property=\"og:image:type\" content=\"image\/jpeg\" \/>\n<meta name=\"author\" content=\"Exc\u00e9lsior\" \/>\n<meta name=\"twitter:card\" content=\"summary_large_image\" \/>\n<meta name=\"twitter:creator\" content=\"@fidedignas\" \/>\n<meta name=\"twitter:site\" content=\"@fidedignas\" \/>\n<meta name=\"twitter:label1\" content=\"Escrito por\" \/>\n\t<meta name=\"twitter:data1\" content=\"Exc\u00e9lsior\" \/>\n\t<meta name=\"twitter:label2\" content=\"Tiempo de lectura\" \/>\n\t<meta name=\"twitter:data2\" content=\"2 minutos\" \/>\n<script type=\"application\/ld+json\" class=\"yoast-schema-graph\">{\"@context\":\"https:\\\/\\\/schema.org\",\"@graph\":[{\"@type\":\"Article\",\"@id\":\"https:\\\/\\\/fuentesfidedignas.com.mx\\\/index.php\\\/2025\\\/05\\\/02\\\/joven-contrae-extrana-enfermedad-en-la-piel-tras-usar-ropa-de-segunda-mano\\\/#article\",\"isPartOf\":{\"@id\":\"https:\\\/\\\/fuentesfidedignas.com.mx\\\/index.php\\\/2025\\\/05\\\/02\\\/joven-contrae-extrana-enfermedad-en-la-piel-tras-usar-ropa-de-segunda-mano\\\/\"},\"author\":{\"name\":\"Exc\u00e9lsior\",\"@id\":\"https:\\\/\\\/fuentesfidedignas.com.mx\\\/#\\\/schema\\\/person\\\/ec4edd1fbf5efa3e44fce34fe2787780\"},\"headline\":\"Joven contrae extra\u00f1a enfermedad en la piel tras usar ropa de segunda mano\",\"datePublished\":\"2025-05-02T14:48:49+00:00\",\"dateModified\":\"2025-05-02T14:48:51+00:00\",\"mainEntityOfPage\":{\"@id\":\"https:\\\/\\\/fuentesfidedignas.com.mx\\\/index.php\\\/2025\\\/05\\\/02\\\/joven-contrae-extrana-enfermedad-en-la-piel-tras-usar-ropa-de-segunda-mano\\\/\"},\"wordCount\":452,\"commentCount\":0,\"publisher\":{\"@id\":\"https:\\\/\\\/fuentesfidedignas.com.mx\\\/#organization\"},\"image\":{\"@id\":\"https:\\\/\\\/fuentesfidedignas.com.mx\\\/index.php\\\/2025\\\/05\\\/02\\\/joven-contrae-extrana-enfermedad-en-la-piel-tras-usar-ropa-de-segunda-mano\\\/#primaryimage\"},\"thumbnailUrl\":\"https:\\\/\\\/fuentesfidedignas.com.mx\\\/wp-content\\\/uploads\\\/2025\\\/05\\\/joven_infeccion.jpg\",\"articleSection\":[\"LAS ASOMBROSAS\"],\"inLanguage\":\"es\",\"potentialAction\":[{\"@type\":\"CommentAction\",\"name\":\"Comment\",\"target\":[\"https:\\\/\\\/fuentesfidedignas.com.mx\\\/index.php\\\/2025\\\/05\\\/02\\\/joven-contrae-extrana-enfermedad-en-la-piel-tras-usar-ropa-de-segunda-mano\\\/#respond\"]}]},{\"@type\":\"WebPage\",\"@id\":\"https:\\\/\\\/fuentesfidedignas.com.mx\\\/index.php\\\/2025\\\/05\\\/02\\\/joven-contrae-extrana-enfermedad-en-la-piel-tras-usar-ropa-de-segunda-mano\\\/\",\"url\":\"https:\\\/\\\/fuentesfidedignas.com.mx\\\/index.php\\\/2025\\\/05\\\/02\\\/joven-contrae-extrana-enfermedad-en-la-piel-tras-usar-ropa-de-segunda-mano\\\/\",\"name\":\"Joven contrae extra\u00f1a enfermedad en la piel tras usar ropa de segunda mano - Fuentes Fidedignas\",\"isPartOf\":{\"@id\":\"https:\\\/\\\/fuentesfidedignas.com.mx\\\/#website\"},\"primaryImageOfPage\":{\"@id\":\"https:\\\/\\\/fuentesfidedignas.com.mx\\\/index.php\\\/2025\\\/05\\\/02\\\/joven-contrae-extrana-enfermedad-en-la-piel-tras-usar-ropa-de-segunda-mano\\\/#primaryimage\"},\"image\":{\"@id\":\"https:\\\/\\\/fuentesfidedignas.com.mx\\\/index.php\\\/2025\\\/05\\\/02\\\/joven-contrae-extrana-enfermedad-en-la-piel-tras-usar-ropa-de-segunda-mano\\\/#primaryimage\"},\"thumbnailUrl\":\"https:\\\/\\\/fuentesfidedignas.com.mx\\\/wp-content\\\/uploads\\\/2025\\\/05\\\/joven_infeccion.jpg\",\"datePublished\":\"2025-05-02T14:48:49+00:00\",\"dateModified\":\"2025-05-02T14:48:51+00:00\",\"breadcrumb\":{\"@id\":\"https:\\\/\\\/fuentesfidedignas.com.mx\\\/index.php\\\/2025\\\/05\\\/02\\\/joven-contrae-extrana-enfermedad-en-la-piel-tras-usar-ropa-de-segunda-mano\\\/#breadcrumb\"},\"inLanguage\":\"es\",\"potentialAction\":[{\"@type\":\"ReadAction\",\"target\":[\"https:\\\/\\\/fuentesfidedignas.com.mx\\\/index.php\\\/2025\\\/05\\\/02\\\/joven-contrae-extrana-enfermedad-en-la-piel-tras-usar-ropa-de-segunda-mano\\\/\"]}]},{\"@type\":\"ImageObject\",\"inLanguage\":\"es\",\"@id\":\"https:\\\/\\\/fuentesfidedignas.com.mx\\\/index.php\\\/2025\\\/05\\\/02\\\/joven-contrae-extrana-enfermedad-en-la-piel-tras-usar-ropa-de-segunda-mano\\\/#primaryimage\",\"url\":\"https:\\\/\\\/fuentesfidedignas.com.mx\\\/wp-content\\\/uploads\\\/2025\\\/05\\\/joven_infeccion.jpg\",\"contentUrl\":\"https:\\\/\\\/fuentesfidedignas.com.mx\\\/wp-content\\\/uploads\\\/2025\\\/05\\\/joven_infeccion.jpg\",\"width\":600,\"height\":450},{\"@type\":\"BreadcrumbList\",\"@id\":\"https:\\\/\\\/fuentesfidedignas.com.mx\\\/index.php\\\/2025\\\/05\\\/02\\\/joven-contrae-extrana-enfermedad-en-la-piel-tras-usar-ropa-de-segunda-mano\\\/#breadcrumb\",\"itemListElement\":[{\"@type\":\"ListItem\",\"position\":1,\"name\":\"Inicio\",\"item\":\"https:\\\/\\\/fuentesfidedignas.com.mx\\\/\"},{\"@type\":\"ListItem\",\"position\":2,\"name\":\"Joven contrae extra\u00f1a enfermedad en la piel tras usar ropa de segunda mano\"}]},{\"@type\":\"WebSite\",\"@id\":\"https:\\\/\\\/fuentesfidedignas.com.mx\\\/#website\",\"url\":\"https:\\\/\\\/fuentesfidedignas.com.mx\\\/\",\"name\":\"Fuentes Fidedignas\",\"description\":\"Otro sitio realizado con WordPress\",\"publisher\":{\"@id\":\"https:\\\/\\\/fuentesfidedignas.com.mx\\\/#organization\"},\"potentialAction\":[{\"@type\":\"SearchAction\",\"target\":{\"@type\":\"EntryPoint\",\"urlTemplate\":\"https:\\\/\\\/fuentesfidedignas.com.mx\\\/?s={search_term_string}\"},\"query-input\":{\"@type\":\"PropertyValueSpecification\",\"valueRequired\":true,\"valueName\":\"search_term_string\"}}],\"inLanguage\":\"es\"},{\"@type\":\"Organization\",\"@id\":\"https:\\\/\\\/fuentesfidedignas.com.mx\\\/#organization\",\"name\":\"Fuentes Fidedignas\",\"url\":\"https:\\\/\\\/fuentesfidedignas.com.mx\\\/\",\"logo\":{\"@type\":\"ImageObject\",\"inLanguage\":\"es\",\"@id\":\"https:\\\/\\\/fuentesfidedignas.com.mx\\\/#\\\/schema\\\/logo\\\/image\\\/\",\"url\":\"https:\\\/\\\/fuentesfidedignas.com.mx\\\/wp-content\\\/uploads\\\/2021\\\/04\\\/logo-retina.png\",\"contentUrl\":\"https:\\\/\\\/fuentesfidedignas.com.mx\\\/wp-content\\\/uploads\\\/2021\\\/04\\\/logo-retina.png\",\"width\":280,\"height\":51,\"caption\":\"Fuentes Fidedignas\"},\"image\":{\"@id\":\"https:\\\/\\\/fuentesfidedignas.com.mx\\\/#\\\/schema\\\/logo\\\/image\\\/\"},\"sameAs\":[\"https:\\\/\\\/www.facebook.com\\\/Fuentes-Fidedignas-368234489921644\",\"https:\\\/\\\/x.com\\\/fidedignas\"]},{\"@type\":\"Person\",\"@id\":\"https:\\\/\\\/fuentesfidedignas.com.mx\\\/#\\\/schema\\\/person\\\/ec4edd1fbf5efa3e44fce34fe2787780\",\"name\":\"Exc\u00e9lsior\",\"image\":{\"@type\":\"ImageObject\",\"inLanguage\":\"es\",\"@id\":\"https:\\\/\\\/secure.gravatar.com\\\/avatar\\\/4b7ee9206b48be08447852b3f0814dbc7c0f3b51541b164f1464a2725614020b?s=96&d=mm&r=g\",\"url\":\"https:\\\/\\\/secure.gravatar.com\\\/avatar\\\/4b7ee9206b48be08447852b3f0814dbc7c0f3b51541b164f1464a2725614020b?s=96&d=mm&r=g\",\"contentUrl\":\"https:\\\/\\\/secure.gravatar.com\\\/avatar\\\/4b7ee9206b48be08447852b3f0814dbc7c0f3b51541b164f1464a2725614020b?s=96&d=mm&r=g\",\"caption\":\"Exc\u00e9lsior\"},\"url\":\"https:\\\/\\\/fuentesfidedignas.com.mx\\\/index.php\\\/author\\\/excelsior\\\/\"}]}<\/script>\n<!-- \/ Yoast SEO plugin. -->","yoast_head_json":{"title":"Joven contrae extra\u00f1a enfermedad en la piel tras usar ropa de segunda mano - Fuentes Fidedignas","robots":{"index":"index","follow":"follow","max-snippet":"max-snippet:-1","max-image-preview":"max-image-preview:large","max-video-preview":"max-video-preview:-1"},"canonical":"https:\/\/fuentesfidedignas.com.mx\/index.php\/2025\/05\/02\/joven-contrae-extrana-enfermedad-en-la-piel-tras-usar-ropa-de-segunda-mano\/","og_locale":"es_MX","og_type":"article","og_title":"Joven contrae extra\u00f1a enfermedad en la piel tras usar ropa de segunda mano - Fuentes Fidedignas","og_description":"Un joven se volvi\u00f3 viral tras contraer una infecci\u00f3n en la piel por usar ropa de segunda mano sin lavar. Descubre los riesgos y c\u00f3mo protegerte. Usar ropa de segunda mano puede ser una forma fant\u00e1stica de ahorrar dinero y cuidar el planeta, pero hay una regla de oro que no deber\u00edas romper jam\u00e1s: l\u00e1vala [&hellip;]","og_url":"https:\/\/fuentesfidedignas.com.mx\/index.php\/2025\/05\/02\/joven-contrae-extrana-enfermedad-en-la-piel-tras-usar-ropa-de-segunda-mano\/","og_site_name":"Fuentes Fidedignas","article_publisher":"https:\/\/www.facebook.com\/Fuentes-Fidedignas-368234489921644","article_published_time":"2025-05-02T14:48:49+00:00","article_modified_time":"2025-05-02T14:48:51+00:00","og_image":[{"width":600,"height":450,"url":"https:\/\/fuentesfidedignas.com.mx\/wp-content\/uploads\/2025\/05\/joven_infeccion.jpg","type":"image\/jpeg"}],"author":"Exc\u00e9lsior","twitter_card":"summary_large_image","twitter_creator":"@fidedignas","twitter_site":"@fidedignas","twitter_misc":{"Escrito por":"Exc\u00e9lsior","Tiempo de lectura":"2 minutos"},"schema":{"@context":"https:\/\/schema.org","@graph":[{"@type":"Article","@id":"https:\/\/fuentesfidedignas.com.mx\/index.php\/2025\/05\/02\/joven-contrae-extrana-enfermedad-en-la-piel-tras-usar-ropa-de-segunda-mano\/#article","isPartOf":{"@id":"https:\/\/fuentesfidedignas.com.mx\/index.php\/2025\/05\/02\/joven-contrae-extrana-enfermedad-en-la-piel-tras-usar-ropa-de-segunda-mano\/"},"author":{"name":"Exc\u00e9lsior","@id":"https:\/\/fuentesfidedignas.com.mx\/#\/schema\/person\/ec4edd1fbf5efa3e44fce34fe2787780"},"headline":"Joven contrae extra\u00f1a enfermedad en la piel tras usar ropa de segunda mano","datePublished":"2025-05-02T14:48:49+00:00","dateModified":"2025-05-02T14:48:51+00:00","mainEntityOfPage":{"@id":"https:\/\/fuentesfidedignas.com.mx\/index.php\/2025\/05\/02\/joven-contrae-extrana-enfermedad-en-la-piel-tras-usar-ropa-de-segunda-mano\/"},"wordCount":452,"commentCount":0,"publisher":{"@id":"https:\/\/fuentesfidedignas.com.mx\/#organization"},"image":{"@id":"https:\/\/fuentesfidedignas.com.mx\/index.php\/2025\/05\/02\/joven-contrae-extrana-enfermedad-en-la-piel-tras-usar-ropa-de-segunda-mano\/#primaryimage"},"thumbnailUrl":"https:\/\/fuentesfidedignas.com.mx\/wp-content\/uploads\/2025\/05\/joven_infeccion.jpg","articleSection":["LAS ASOMBROSAS"],"inLanguage":"es","potentialAction":[{"@type":"CommentAction","name":"Comment","target":["https:\/\/fuentesfidedignas.com.mx\/index.php\/2025\/05\/02\/joven-contrae-extrana-enfermedad-en-la-piel-tras-usar-ropa-de-segunda-mano\/#respond"]}]},{"@type":"WebPage","@id":"https:\/\/fuentesfidedignas.com.mx\/index.php\/2025\/05\/02\/joven-contrae-extrana-enfermedad-en-la-piel-tras-usar-ropa-de-segunda-mano\/","url":"https:\/\/fuentesfidedignas.com.mx\/index.php\/2025\/05\/02\/joven-contrae-extrana-enfermedad-en-la-piel-tras-usar-ropa-de-segunda-mano\/","name":"Joven contrae extra\u00f1a enfermedad en la piel tras usar ropa de segunda mano - Fuentes Fidedignas","isPartOf":{"@id":"https:\/\/fuentesfidedignas.com.mx\/#website"},"primaryImageOfPage":{"@id":"https:\/\/fuentesfidedignas.com.mx\/index.php\/2025\/05\/02\/joven-contrae-extrana-enfermedad-en-la-piel-tras-usar-ropa-de-segunda-mano\/#primaryimage"},"image":{"@id":"https:\/\/fuentesfidedignas.com.mx\/index.php\/2025\/05\/02\/joven-contrae-extrana-enfermedad-en-la-piel-tras-usar-ropa-de-segunda-mano\/#primaryimage"},"thumbnailUrl":"https:\/\/fuentesfidedignas.com.mx\/wp-content\/uploads\/2025\/05\/joven_infeccion.jpg","datePublished":"2025-05-02T14:48:49+00:00","dateModified":"2025-05-02T14:48:51+00:00","breadcrumb":{"@id":"https:\/\/fuentesfidedignas.com.mx\/index.php\/2025\/05\/02\/joven-contrae-extrana-enfermedad-en-la-piel-tras-usar-ropa-de-segunda-mano\/#breadcrumb"},"inLanguage":"es","potentialAction":[{"@type":"ReadAction","target":["https:\/\/fuentesfidedignas.com.mx\/index.php\/2025\/05\/02\/joven-contrae-extrana-enfermedad-en-la-piel-tras-usar-ropa-de-segunda-mano\/"]}]},{"@type":"ImageObject","inLanguage":"es","@id":"https:\/\/fuentesfidedignas.com.mx\/index.php\/2025\/05\/02\/joven-contrae-extrana-enfermedad-en-la-piel-tras-usar-ropa-de-segunda-mano\/#primaryimage","url":"https:\/\/fuentesfidedignas.com.mx\/wp-content\/uploads\/2025\/05\/joven_infeccion.jpg","contentUrl":"https:\/\/fuentesfidedignas.com.mx\/wp-content\/uploads\/2025\/05\/joven_infeccion.jpg","width":600,"height":450},{"@type":"BreadcrumbList","@id":"https:\/\/fuentesfidedignas.com.mx\/index.php\/2025\/05\/02\/joven-contrae-extrana-enfermedad-en-la-piel-tras-usar-ropa-de-segunda-mano\/#breadcrumb","itemListElement":[{"@type":"ListItem","position":1,"name":"Inicio","item":"https:\/\/fuentesfidedignas.com.mx\/"},{"@type":"ListItem","position":2,"name":"Joven contrae extra\u00f1a enfermedad en la piel tras usar ropa de segunda mano"}]},{"@type":"WebSite","@id":"https:\/\/fuentesfidedignas.com.mx\/#website","url":"https:\/\/fuentesfidedignas.com.mx\/","name":"Fuentes Fidedignas","description":"Otro sitio realizado con WordPress","publisher":{"@id":"https:\/\/fuentesfidedignas.com.mx\/#organization"},"potentialAction":[{"@type":"SearchAction","target":{"@type":"EntryPoint","urlTemplate":"https:\/\/fuentesfidedignas.com.mx\/?s={search_term_string}"},"query-input":{"@type":"PropertyValueSpecification","valueRequired":true,"valueName":"search_term_string"}}],"inLanguage":"es"},{"@type":"Organization","@id":"https:\/\/fuentesfidedignas.com.mx\/#organization","name":"Fuentes Fidedignas","url":"https:\/\/fuentesfidedignas.com.mx\/","logo":{"@type":"ImageObject","inLanguage":"es","@id":"https:\/\/fuentesfidedignas.com.mx\/#\/schema\/logo\/image\/","url":"https:\/\/fuentesfidedignas.com.mx\/wp-content\/uploads\/2021\/04\/logo-retina.png","contentUrl":"https:\/\/fuentesfidedignas.com.mx\/wp-content\/uploads\/2021\/04\/logo-retina.png","width":280,"height":51,"caption":"Fuentes Fidedignas"},"image":{"@id":"https:\/\/fuentesfidedignas.com.mx\/#\/schema\/logo\/image\/"},"sameAs":["https:\/\/www.facebook.com\/Fuentes-Fidedignas-368234489921644","https:\/\/x.com\/fidedignas"]},{"@type":"Person","@id":"https:\/\/fuentesfidedignas.com.mx\/#\/schema\/person\/ec4edd1fbf5efa3e44fce34fe2787780","name":"Exc\u00e9lsior","image":{"@type":"ImageObject","inLanguage":"es","@id":"https:\/\/secure.gravatar.com\/avatar\/4b7ee9206b48be08447852b3f0814dbc7c0f3b51541b164f1464a2725614020b?s=96&d=mm&r=g","url":"https:\/\/secure.gravatar.com\/avatar\/4b7ee9206b48be08447852b3f0814dbc7c0f3b51541b164f1464a2725614020b?s=96&d=mm&r=g","contentUrl":"https:\/\/secure.gravatar.com\/avatar\/4b7ee9206b48be08447852b3f0814dbc7c0f3b51541b164f1464a2725614020b?s=96&d=mm&r=g","caption":"Exc\u00e9lsior"},"url":"https:\/\/fuentesfidedignas.com.mx\/index.php\/author\/excelsior\/"}]}},"_links":{"self":[{"href":"https:\/\/fuentesfidedignas.com.mx\/index.php\/wp-json\/wp\/v2\/posts\/107499","targetHints":{"allow":["GET"]}}],"collection":[{"href":"https:\/\/fuentesfidedignas.com.mx\/index.php\/wp-json\/wp\/v2\/posts"}],"about":[{"href":"https:\/\/fuentesfidedignas.com.mx\/index.php\/wp-json\/wp\/v2\/types\/post"}],"author":[{"embeddable":true,"href":"https:\/\/fuentesfidedignas.com.mx\/index.php\/wp-json\/wp\/v2\/users\/7"}],"replies":[{"embeddable":true,"href":"https:\/\/fuentesfidedignas.com.mx\/index.php\/wp-json\/wp\/v2\/comments?post=107499"}],"version-history":[{"count":1,"href":"https:\/\/fuentesfidedignas.com.mx\/index.php\/wp-json\/wp\/v2\/posts\/107499\/revisions"}],"predecessor-version":[{"id":107501,"href":"https:\/\/fuentesfidedignas.com.mx\/index.php\/wp-json\/wp\/v2\/posts\/107499\/revisions\/107501"}],"wp:featuredmedia":[{"embeddable":true,"href":"https:\/\/fuentesfidedignas.com.mx\/index.php\/wp-json\/wp\/v2\/media\/107500"}],"wp:attachment":[{"href":"https:\/\/fuentesfidedignas.com.mx\/index.php\/wp-json\/wp\/v2\/media?parent=107499"}],"wp:term":[{"taxonomy":"category","embeddable":true,"href":"https:\/\/fuentesfidedignas.com.mx\/index.php\/wp-json\/wp\/v2\/categories?post=107499"},{"taxonomy":"post_tag","embeddable":true,"href":"https:\/\/fuentesfidedignas.com.mx\/index.php\/wp-json\/wp\/v2\/tags?post=107499"}],"curies":[{"name":"wp","href":"https:\/\/api.w.org\/{rel}","templated":true}]}}