{"id":107492,"date":"2025-05-02T07:30:25","date_gmt":"2025-05-02T14:30:25","guid":{"rendered":"https:\/\/fuentesfidedignas.com.mx\/?p=107492"},"modified":"2025-05-02T07:30:31","modified_gmt":"2025-05-02T14:30:31","slug":"habemus-chimenea-la-otra-protagonista-del-conclave-ya-corona-la-capilla-sixtina","status":"publish","type":"post","link":"https:\/\/fuentesfidedignas.com.mx\/index.php\/2025\/05\/02\/habemus-chimenea-la-otra-protagonista-del-conclave-ya-corona-la-capilla-sixtina\/","title":{"rendered":"&#8216;Habemus&#8217; chimenea, la otra protagonista del c\u00f3nclave ya corona la Capilla Sixtina"},"content":{"rendered":"\n<p><strong><em>Los cardenales votar\u00e1n en secreto en la Capilla Sixtina para elegir a un nuevo Papa y revelar\u00e1n el escrutinio con el humo que saldr\u00e1 por esa chimenea tras la quema de las papeletas en una estufa<\/em><\/strong><\/p>\n\n\n\n<p>El Vaticano instal\u00f3 este viernes la chimenea que anunciar\u00e1 que los cardenales encerrados a partir de la pr\u00f3xima semana en la Capilla Sixtina eligieron al sucesor del papa Francisco.<\/p>\n\n\n\n<p>Un total de 133 cardenales votar\u00e1n desde el mi\u00e9rcoles pr\u00f3ximo bajo los frescos de Miguel \u00c1ngel por el nuevo l\u00edder espiritual de 1,400 millones de cat\u00f3licos.<\/p>\n\n\n\n<p>Los llamados &#8220;pr\u00edncipes de la Iglesia&#8221; celebrar\u00e1n cuatro votaciones diarias: dos por la ma\u00f1ana y dos por la tarde, salvo el primer d\u00eda.<\/p>\n\n\n\n<p>Y quemar\u00e1n en una estufa las papeletas de la votaci\u00f3n para anunciar al mundo el resultado: humo negro si no logran alcanzar la mayor\u00eda necesaria de dos tercios; blanco si &#8220;Habemus papam&#8221;.<\/p>\n\n\n\n<p>Decenas de miles de personas en la plaza San Pedro y millones en el mundo a trav\u00e9s de la televisi\u00f3n pondr\u00e1n sus ojos en el cilindro marr\u00f3n estrecho, a la espera del gran anuncio.<\/p>\n\n\n\n<p>Hay una atm\u00f3sfera &#8220;m\u00e1s espiritual&#8221;, dijo a la AFP Diana Ispego, mexicana residente en Estados Unidos, al se\u00f1alar la chimenea.<\/p>\n\n\n\n<p>&#8220;Se siente tristeza e ilusi\u00f3n&#8221;, se\u00f1al\u00f3 por su parte Glenn Atherton, un turista brit\u00e1nico que ve su visita como una &#8220;oportunidad \u00fanica en la vida&#8221;.<\/p>\n\n\n\n<p><strong>Cuatro por llegar<\/strong><br>La Capilla Sixtina cuenta con dos estufas conectadas a la misma chimenea de la que sale la \u00fanica indicaci\u00f3n de lo que ocurre en el interior.<\/p>\n\n\n\n<p>En la m\u00e1s antigua se queman las papeletas de votaci\u00f3n y las notas de los cardenales. La segunda, m\u00e1s moderna, sirve para anunciar el resultado de la votaci\u00f3n. De esta \u00faltima, con ayuda de productos qu\u00edmicos, sale humo negro (si los cardenales no llegan a un acuerdo) o blanco, cuando se ha elegido a un nuevo papa.<\/p>\n","protected":false},"excerpt":{"rendered":"<p>Los cardenales votar\u00e1n en secreto en la Capilla Sixtina para elegir a un nuevo Papa y revelar\u00e1n el escrutinio con el humo que saldr\u00e1 por esa chimenea tras la quema de las papeletas en una estufa El Vaticano instal\u00f3 este viernes la chimenea que anunciar\u00e1 que los cardenales encerrados a partir de la pr\u00f3xima semana [&hellip;]<\/p>\n","protected":false},"author":12,"featured_media":107493,"comment_status":"open","ping_status":"open","sticky":false,"template":"","format":"standard","meta":{"tdm_status":"","tdm_grid_status":"","footnotes":""},"categories":[39],"tags":[],"class_list":{"0":"post-107492","1":"post","2":"type-post","3":"status-publish","4":"format-standard","5":"has-post-thumbnail","7":"category-noticias-nacionales"},"yoast_head":"<!-- This site is optimized with the Yoast SEO plugin v27.5 - https:\/\/yoast.com\/product\/yoast-seo-wordpress\/ -->\n<title>&#039;Habemus&#039; chimenea, la otra protagonista del c\u00f3nclave ya corona la Capilla Sixtina - Fuentes Fidedignas<\/title>\n<meta name=\"robots\" content=\"index, follow, max-snippet:-1, max-image-preview:large, max-video-preview:-1\" \/>\n<link rel=\"canonical\" href=\"https:\/\/fuentesfidedignas.com.mx\/index.php\/2025\/05\/02\/habemus-chimenea-la-otra-protagonista-del-conclave-ya-corona-la-capilla-sixtina\/\" \/>\n<meta property=\"og:locale\" content=\"es_MX\" \/>\n<meta property=\"og:type\" content=\"article\" \/>\n<meta property=\"og:title\" content=\"&#039;Habemus&#039; chimenea, la otra protagonista del c\u00f3nclave ya corona la Capilla Sixtina - Fuentes Fidedignas\" \/>\n<meta property=\"og:description\" content=\"Los cardenales votar\u00e1n en secreto en la Capilla Sixtina para elegir a un nuevo Papa y revelar\u00e1n el escrutinio con el humo que saldr\u00e1 por esa chimenea tras la quema de las papeletas en una estufa El Vaticano instal\u00f3 este viernes la chimenea que anunciar\u00e1 que los cardenales encerrados a partir de la pr\u00f3xima semana [&hellip;]\" \/>\n<meta property=\"og:url\" content=\"https:\/\/fuentesfidedignas.com.mx\/index.php\/2025\/05\/02\/habemus-chimenea-la-otra-protagonista-del-conclave-ya-corona-la-capilla-sixtina\/\" \/>\n<meta property=\"og:site_name\" content=\"Fuentes Fidedignas\" \/>\n<meta property=\"article:publisher\" content=\"https:\/\/www.facebook.com\/Fuentes-Fidedignas-368234489921644\" \/>\n<meta property=\"article:published_time\" content=\"2025-05-02T14:30:25+00:00\" \/>\n<meta property=\"article:modified_time\" content=\"2025-05-02T14:30:31+00:00\" \/>\n<meta property=\"og:image\" content=\"https:\/\/fuentesfidedignas.com.mx\/wp-content\/uploads\/2025\/05\/chimenea-capilla-sixtina.jpg\" \/>\n\t<meta property=\"og:image:width\" content=\"600\" \/>\n\t<meta property=\"og:image:height\" content=\"393\" \/>\n\t<meta property=\"og:image:type\" content=\"image\/jpeg\" \/>\n<meta name=\"author\" content=\"AFP\" \/>\n<meta name=\"twitter:card\" content=\"summary_large_image\" \/>\n<meta name=\"twitter:creator\" content=\"@fidedignas\" \/>\n<meta name=\"twitter:site\" content=\"@fidedignas\" \/>\n<meta name=\"twitter:label1\" content=\"Escrito por\" \/>\n\t<meta name=\"twitter:data1\" content=\"AFP\" \/>\n\t<meta name=\"twitter:label2\" content=\"Tiempo de lectura\" \/>\n\t<meta name=\"twitter:data2\" content=\"2 minutos\" \/>\n<script type=\"application\/ld+json\" class=\"yoast-schema-graph\">{\"@context\":\"https:\\\/\\\/schema.org\",\"@graph\":[{\"@type\":\"Article\",\"@id\":\"https:\\\/\\\/fuentesfidedignas.com.mx\\\/index.php\\\/2025\\\/05\\\/02\\\/habemus-chimenea-la-otra-protagonista-del-conclave-ya-corona-la-capilla-sixtina\\\/#article\",\"isPartOf\":{\"@id\":\"https:\\\/\\\/fuentesfidedignas.com.mx\\\/index.php\\\/2025\\\/05\\\/02\\\/habemus-chimenea-la-otra-protagonista-del-conclave-ya-corona-la-capilla-sixtina\\\/\"},\"author\":{\"name\":\"AFP\",\"@id\":\"https:\\\/\\\/fuentesfidedignas.com.mx\\\/#\\\/schema\\\/person\\\/1827b38c6cf89e1d6cc7d78ca3fae732\"},\"headline\":\"&#8216;Habemus&#8217; chimenea, la otra protagonista del c\u00f3nclave ya corona la Capilla Sixtina\",\"datePublished\":\"2025-05-02T14:30:25+00:00\",\"dateModified\":\"2025-05-02T14:30:31+00:00\",\"mainEntityOfPage\":{\"@id\":\"https:\\\/\\\/fuentesfidedignas.com.mx\\\/index.php\\\/2025\\\/05\\\/02\\\/habemus-chimenea-la-otra-protagonista-del-conclave-ya-corona-la-capilla-sixtina\\\/\"},\"wordCount\":353,\"commentCount\":0,\"publisher\":{\"@id\":\"https:\\\/\\\/fuentesfidedignas.com.mx\\\/#organization\"},\"image\":{\"@id\":\"https:\\\/\\\/fuentesfidedignas.com.mx\\\/index.php\\\/2025\\\/05\\\/02\\\/habemus-chimenea-la-otra-protagonista-del-conclave-ya-corona-la-capilla-sixtina\\\/#primaryimage\"},\"thumbnailUrl\":\"https:\\\/\\\/fuentesfidedignas.com.mx\\\/wp-content\\\/uploads\\\/2025\\\/05\\\/chimenea-capilla-sixtina.jpg\",\"articleSection\":[\"NOTICIAS NACIONALES\"],\"inLanguage\":\"es\",\"potentialAction\":[{\"@type\":\"CommentAction\",\"name\":\"Comment\",\"target\":[\"https:\\\/\\\/fuentesfidedignas.com.mx\\\/index.php\\\/2025\\\/05\\\/02\\\/habemus-chimenea-la-otra-protagonista-del-conclave-ya-corona-la-capilla-sixtina\\\/#respond\"]}]},{\"@type\":\"WebPage\",\"@id\":\"https:\\\/\\\/fuentesfidedignas.com.mx\\\/index.php\\\/2025\\\/05\\\/02\\\/habemus-chimenea-la-otra-protagonista-del-conclave-ya-corona-la-capilla-sixtina\\\/\",\"url\":\"https:\\\/\\\/fuentesfidedignas.com.mx\\\/index.php\\\/2025\\\/05\\\/02\\\/habemus-chimenea-la-otra-protagonista-del-conclave-ya-corona-la-capilla-sixtina\\\/\",\"name\":\"'Habemus' chimenea, la otra protagonista del c\u00f3nclave ya corona la Capilla Sixtina - Fuentes Fidedignas\",\"isPartOf\":{\"@id\":\"https:\\\/\\\/fuentesfidedignas.com.mx\\\/#website\"},\"primaryImageOfPage\":{\"@id\":\"https:\\\/\\\/fuentesfidedignas.com.mx\\\/index.php\\\/2025\\\/05\\\/02\\\/habemus-chimenea-la-otra-protagonista-del-conclave-ya-corona-la-capilla-sixtina\\\/#primaryimage\"},\"image\":{\"@id\":\"https:\\\/\\\/fuentesfidedignas.com.mx\\\/index.php\\\/2025\\\/05\\\/02\\\/habemus-chimenea-la-otra-protagonista-del-conclave-ya-corona-la-capilla-sixtina\\\/#primaryimage\"},\"thumbnailUrl\":\"https:\\\/\\\/fuentesfidedignas.com.mx\\\/wp-content\\\/uploads\\\/2025\\\/05\\\/chimenea-capilla-sixtina.jpg\",\"datePublished\":\"2025-05-02T14:30:25+00:00\",\"dateModified\":\"2025-05-02T14:30:31+00:00\",\"breadcrumb\":{\"@id\":\"https:\\\/\\\/fuentesfidedignas.com.mx\\\/index.php\\\/2025\\\/05\\\/02\\\/habemus-chimenea-la-otra-protagonista-del-conclave-ya-corona-la-capilla-sixtina\\\/#breadcrumb\"},\"inLanguage\":\"es\",\"potentialAction\":[{\"@type\":\"ReadAction\",\"target\":[\"https:\\\/\\\/fuentesfidedignas.com.mx\\\/index.php\\\/2025\\\/05\\\/02\\\/habemus-chimenea-la-otra-protagonista-del-conclave-ya-corona-la-capilla-sixtina\\\/\"]}]},{\"@type\":\"ImageObject\",\"inLanguage\":\"es\",\"@id\":\"https:\\\/\\\/fuentesfidedignas.com.mx\\\/index.php\\\/2025\\\/05\\\/02\\\/habemus-chimenea-la-otra-protagonista-del-conclave-ya-corona-la-capilla-sixtina\\\/#primaryimage\",\"url\":\"https:\\\/\\\/fuentesfidedignas.com.mx\\\/wp-content\\\/uploads\\\/2025\\\/05\\\/chimenea-capilla-sixtina.jpg\",\"contentUrl\":\"https:\\\/\\\/fuentesfidedignas.com.mx\\\/wp-content\\\/uploads\\\/2025\\\/05\\\/chimenea-capilla-sixtina.jpg\",\"width\":600,\"height\":393},{\"@type\":\"BreadcrumbList\",\"@id\":\"https:\\\/\\\/fuentesfidedignas.com.mx\\\/index.php\\\/2025\\\/05\\\/02\\\/habemus-chimenea-la-otra-protagonista-del-conclave-ya-corona-la-capilla-sixtina\\\/#breadcrumb\",\"itemListElement\":[{\"@type\":\"ListItem\",\"position\":1,\"name\":\"Inicio\",\"item\":\"https:\\\/\\\/fuentesfidedignas.com.mx\\\/\"},{\"@type\":\"ListItem\",\"position\":2,\"name\":\"&#8216;Habemus&#8217; chimenea, la otra protagonista del c\u00f3nclave ya corona la Capilla Sixtina\"}]},{\"@type\":\"WebSite\",\"@id\":\"https:\\\/\\\/fuentesfidedignas.com.mx\\\/#website\",\"url\":\"https:\\\/\\\/fuentesfidedignas.com.mx\\\/\",\"name\":\"Fuentes Fidedignas\",\"description\":\"Otro sitio realizado con WordPress\",\"publisher\":{\"@id\":\"https:\\\/\\\/fuentesfidedignas.com.mx\\\/#organization\"},\"potentialAction\":[{\"@type\":\"SearchAction\",\"target\":{\"@type\":\"EntryPoint\",\"urlTemplate\":\"https:\\\/\\\/fuentesfidedignas.com.mx\\\/?s={search_term_string}\"},\"query-input\":{\"@type\":\"PropertyValueSpecification\",\"valueRequired\":true,\"valueName\":\"search_term_string\"}}],\"inLanguage\":\"es\"},{\"@type\":\"Organization\",\"@id\":\"https:\\\/\\\/fuentesfidedignas.com.mx\\\/#organization\",\"name\":\"Fuentes Fidedignas\",\"url\":\"https:\\\/\\\/fuentesfidedignas.com.mx\\\/\",\"logo\":{\"@type\":\"ImageObject\",\"inLanguage\":\"es\",\"@id\":\"https:\\\/\\\/fuentesfidedignas.com.mx\\\/#\\\/schema\\\/logo\\\/image\\\/\",\"url\":\"https:\\\/\\\/fuentesfidedignas.com.mx\\\/wp-content\\\/uploads\\\/2021\\\/04\\\/logo-retina.png\",\"contentUrl\":\"https:\\\/\\\/fuentesfidedignas.com.mx\\\/wp-content\\\/uploads\\\/2021\\\/04\\\/logo-retina.png\",\"width\":280,\"height\":51,\"caption\":\"Fuentes Fidedignas\"},\"image\":{\"@id\":\"https:\\\/\\\/fuentesfidedignas.com.mx\\\/#\\\/schema\\\/logo\\\/image\\\/\"},\"sameAs\":[\"https:\\\/\\\/www.facebook.com\\\/Fuentes-Fidedignas-368234489921644\",\"https:\\\/\\\/x.com\\\/fidedignas\"]},{\"@type\":\"Person\",\"@id\":\"https:\\\/\\\/fuentesfidedignas.com.mx\\\/#\\\/schema\\\/person\\\/1827b38c6cf89e1d6cc7d78ca3fae732\",\"name\":\"AFP\",\"image\":{\"@type\":\"ImageObject\",\"inLanguage\":\"es\",\"@id\":\"https:\\\/\\\/secure.gravatar.com\\\/avatar\\\/236827d2ee9bf15e1ea99e0c1cd1b467cffa55e324d177638d0f8de7950cbae6?s=96&d=mm&r=g\",\"url\":\"https:\\\/\\\/secure.gravatar.com\\\/avatar\\\/236827d2ee9bf15e1ea99e0c1cd1b467cffa55e324d177638d0f8de7950cbae6?s=96&d=mm&r=g\",\"contentUrl\":\"https:\\\/\\\/secure.gravatar.com\\\/avatar\\\/236827d2ee9bf15e1ea99e0c1cd1b467cffa55e324d177638d0f8de7950cbae6?s=96&d=mm&r=g\",\"caption\":\"AFP\"},\"url\":\"https:\\\/\\\/fuentesfidedignas.com.mx\\\/index.php\\\/author\\\/afp\\\/\"}]}<\/script>\n<!-- \/ Yoast SEO plugin. -->","yoast_head_json":{"title":"'Habemus' chimenea, la otra protagonista del c\u00f3nclave ya corona la Capilla Sixtina - Fuentes Fidedignas","robots":{"index":"index","follow":"follow","max-snippet":"max-snippet:-1","max-image-preview":"max-image-preview:large","max-video-preview":"max-video-preview:-1"},"canonical":"https:\/\/fuentesfidedignas.com.mx\/index.php\/2025\/05\/02\/habemus-chimenea-la-otra-protagonista-del-conclave-ya-corona-la-capilla-sixtina\/","og_locale":"es_MX","og_type":"article","og_title":"'Habemus' chimenea, la otra protagonista del c\u00f3nclave ya corona la Capilla Sixtina - Fuentes Fidedignas","og_description":"Los cardenales votar\u00e1n en secreto en la Capilla Sixtina para elegir a un nuevo Papa y revelar\u00e1n el escrutinio con el humo que saldr\u00e1 por esa chimenea tras la quema de las papeletas en una estufa El Vaticano instal\u00f3 este viernes la chimenea que anunciar\u00e1 que los cardenales encerrados a partir de la pr\u00f3xima semana [&hellip;]","og_url":"https:\/\/fuentesfidedignas.com.mx\/index.php\/2025\/05\/02\/habemus-chimenea-la-otra-protagonista-del-conclave-ya-corona-la-capilla-sixtina\/","og_site_name":"Fuentes Fidedignas","article_publisher":"https:\/\/www.facebook.com\/Fuentes-Fidedignas-368234489921644","article_published_time":"2025-05-02T14:30:25+00:00","article_modified_time":"2025-05-02T14:30:31+00:00","og_image":[{"width":600,"height":393,"url":"https:\/\/fuentesfidedignas.com.mx\/wp-content\/uploads\/2025\/05\/chimenea-capilla-sixtina.jpg","type":"image\/jpeg"}],"author":"AFP","twitter_card":"summary_large_image","twitter_creator":"@fidedignas","twitter_site":"@fidedignas","twitter_misc":{"Escrito por":"AFP","Tiempo de lectura":"2 minutos"},"schema":{"@context":"https:\/\/schema.org","@graph":[{"@type":"Article","@id":"https:\/\/fuentesfidedignas.com.mx\/index.php\/2025\/05\/02\/habemus-chimenea-la-otra-protagonista-del-conclave-ya-corona-la-capilla-sixtina\/#article","isPartOf":{"@id":"https:\/\/fuentesfidedignas.com.mx\/index.php\/2025\/05\/02\/habemus-chimenea-la-otra-protagonista-del-conclave-ya-corona-la-capilla-sixtina\/"},"author":{"name":"AFP","@id":"https:\/\/fuentesfidedignas.com.mx\/#\/schema\/person\/1827b38c6cf89e1d6cc7d78ca3fae732"},"headline":"&#8216;Habemus&#8217; chimenea, la otra protagonista del c\u00f3nclave ya corona la Capilla Sixtina","datePublished":"2025-05-02T14:30:25+00:00","dateModified":"2025-05-02T14:30:31+00:00","mainEntityOfPage":{"@id":"https:\/\/fuentesfidedignas.com.mx\/index.php\/2025\/05\/02\/habemus-chimenea-la-otra-protagonista-del-conclave-ya-corona-la-capilla-sixtina\/"},"wordCount":353,"commentCount":0,"publisher":{"@id":"https:\/\/fuentesfidedignas.com.mx\/#organization"},"image":{"@id":"https:\/\/fuentesfidedignas.com.mx\/index.php\/2025\/05\/02\/habemus-chimenea-la-otra-protagonista-del-conclave-ya-corona-la-capilla-sixtina\/#primaryimage"},"thumbnailUrl":"https:\/\/fuentesfidedignas.com.mx\/wp-content\/uploads\/2025\/05\/chimenea-capilla-sixtina.jpg","articleSection":["NOTICIAS NACIONALES"],"inLanguage":"es","potentialAction":[{"@type":"CommentAction","name":"Comment","target":["https:\/\/fuentesfidedignas.com.mx\/index.php\/2025\/05\/02\/habemus-chimenea-la-otra-protagonista-del-conclave-ya-corona-la-capilla-sixtina\/#respond"]}]},{"@type":"WebPage","@id":"https:\/\/fuentesfidedignas.com.mx\/index.php\/2025\/05\/02\/habemus-chimenea-la-otra-protagonista-del-conclave-ya-corona-la-capilla-sixtina\/","url":"https:\/\/fuentesfidedignas.com.mx\/index.php\/2025\/05\/02\/habemus-chimenea-la-otra-protagonista-del-conclave-ya-corona-la-capilla-sixtina\/","name":"'Habemus' chimenea, la otra protagonista del c\u00f3nclave ya corona la Capilla Sixtina - Fuentes Fidedignas","isPartOf":{"@id":"https:\/\/fuentesfidedignas.com.mx\/#website"},"primaryImageOfPage":{"@id":"https:\/\/fuentesfidedignas.com.mx\/index.php\/2025\/05\/02\/habemus-chimenea-la-otra-protagonista-del-conclave-ya-corona-la-capilla-sixtina\/#primaryimage"},"image":{"@id":"https:\/\/fuentesfidedignas.com.mx\/index.php\/2025\/05\/02\/habemus-chimenea-la-otra-protagonista-del-conclave-ya-corona-la-capilla-sixtina\/#primaryimage"},"thumbnailUrl":"https:\/\/fuentesfidedignas.com.mx\/wp-content\/uploads\/2025\/05\/chimenea-capilla-sixtina.jpg","datePublished":"2025-05-02T14:30:25+00:00","dateModified":"2025-05-02T14:30:31+00:00","breadcrumb":{"@id":"https:\/\/fuentesfidedignas.com.mx\/index.php\/2025\/05\/02\/habemus-chimenea-la-otra-protagonista-del-conclave-ya-corona-la-capilla-sixtina\/#breadcrumb"},"inLanguage":"es","potentialAction":[{"@type":"ReadAction","target":["https:\/\/fuentesfidedignas.com.mx\/index.php\/2025\/05\/02\/habemus-chimenea-la-otra-protagonista-del-conclave-ya-corona-la-capilla-sixtina\/"]}]},{"@type":"ImageObject","inLanguage":"es","@id":"https:\/\/fuentesfidedignas.com.mx\/index.php\/2025\/05\/02\/habemus-chimenea-la-otra-protagonista-del-conclave-ya-corona-la-capilla-sixtina\/#primaryimage","url":"https:\/\/fuentesfidedignas.com.mx\/wp-content\/uploads\/2025\/05\/chimenea-capilla-sixtina.jpg","contentUrl":"https:\/\/fuentesfidedignas.com.mx\/wp-content\/uploads\/2025\/05\/chimenea-capilla-sixtina.jpg","width":600,"height":393},{"@type":"BreadcrumbList","@id":"https:\/\/fuentesfidedignas.com.mx\/index.php\/2025\/05\/02\/habemus-chimenea-la-otra-protagonista-del-conclave-ya-corona-la-capilla-sixtina\/#breadcrumb","itemListElement":[{"@type":"ListItem","position":1,"name":"Inicio","item":"https:\/\/fuentesfidedignas.com.mx\/"},{"@type":"ListItem","position":2,"name":"&#8216;Habemus&#8217; chimenea, la otra protagonista del c\u00f3nclave ya corona la Capilla Sixtina"}]},{"@type":"WebSite","@id":"https:\/\/fuentesfidedignas.com.mx\/#website","url":"https:\/\/fuentesfidedignas.com.mx\/","name":"Fuentes Fidedignas","description":"Otro sitio realizado con WordPress","publisher":{"@id":"https:\/\/fuentesfidedignas.com.mx\/#organization"},"potentialAction":[{"@type":"SearchAction","target":{"@type":"EntryPoint","urlTemplate":"https:\/\/fuentesfidedignas.com.mx\/?s={search_term_string}"},"query-input":{"@type":"PropertyValueSpecification","valueRequired":true,"valueName":"search_term_string"}}],"inLanguage":"es"},{"@type":"Organization","@id":"https:\/\/fuentesfidedignas.com.mx\/#organization","name":"Fuentes Fidedignas","url":"https:\/\/fuentesfidedignas.com.mx\/","logo":{"@type":"ImageObject","inLanguage":"es","@id":"https:\/\/fuentesfidedignas.com.mx\/#\/schema\/logo\/image\/","url":"https:\/\/fuentesfidedignas.com.mx\/wp-content\/uploads\/2021\/04\/logo-retina.png","contentUrl":"https:\/\/fuentesfidedignas.com.mx\/wp-content\/uploads\/2021\/04\/logo-retina.png","width":280,"height":51,"caption":"Fuentes Fidedignas"},"image":{"@id":"https:\/\/fuentesfidedignas.com.mx\/#\/schema\/logo\/image\/"},"sameAs":["https:\/\/www.facebook.com\/Fuentes-Fidedignas-368234489921644","https:\/\/x.com\/fidedignas"]},{"@type":"Person","@id":"https:\/\/fuentesfidedignas.com.mx\/#\/schema\/person\/1827b38c6cf89e1d6cc7d78ca3fae732","name":"AFP","image":{"@type":"ImageObject","inLanguage":"es","@id":"https:\/\/secure.gravatar.com\/avatar\/236827d2ee9bf15e1ea99e0c1cd1b467cffa55e324d177638d0f8de7950cbae6?s=96&d=mm&r=g","url":"https:\/\/secure.gravatar.com\/avatar\/236827d2ee9bf15e1ea99e0c1cd1b467cffa55e324d177638d0f8de7950cbae6?s=96&d=mm&r=g","contentUrl":"https:\/\/secure.gravatar.com\/avatar\/236827d2ee9bf15e1ea99e0c1cd1b467cffa55e324d177638d0f8de7950cbae6?s=96&d=mm&r=g","caption":"AFP"},"url":"https:\/\/fuentesfidedignas.com.mx\/index.php\/author\/afp\/"}]}},"_links":{"self":[{"href":"https:\/\/fuentesfidedignas.com.mx\/index.php\/wp-json\/wp\/v2\/posts\/107492","targetHints":{"allow":["GET"]}}],"collection":[{"href":"https:\/\/fuentesfidedignas.com.mx\/index.php\/wp-json\/wp\/v2\/posts"}],"about":[{"href":"https:\/\/fuentesfidedignas.com.mx\/index.php\/wp-json\/wp\/v2\/types\/post"}],"author":[{"embeddable":true,"href":"https:\/\/fuentesfidedignas.com.mx\/index.php\/wp-json\/wp\/v2\/users\/12"}],"replies":[{"embeddable":true,"href":"https:\/\/fuentesfidedignas.com.mx\/index.php\/wp-json\/wp\/v2\/comments?post=107492"}],"version-history":[{"count":1,"href":"https:\/\/fuentesfidedignas.com.mx\/index.php\/wp-json\/wp\/v2\/posts\/107492\/revisions"}],"predecessor-version":[{"id":107495,"href":"https:\/\/fuentesfidedignas.com.mx\/index.php\/wp-json\/wp\/v2\/posts\/107492\/revisions\/107495"}],"wp:featuredmedia":[{"embeddable":true,"href":"https:\/\/fuentesfidedignas.com.mx\/index.php\/wp-json\/wp\/v2\/media\/107493"}],"wp:attachment":[{"href":"https:\/\/fuentesfidedignas.com.mx\/index.php\/wp-json\/wp\/v2\/media?parent=107492"}],"wp:term":[{"taxonomy":"category","embeddable":true,"href":"https:\/\/fuentesfidedignas.com.mx\/index.php\/wp-json\/wp\/v2\/categories?post=107492"},{"taxonomy":"post_tag","embeddable":true,"href":"https:\/\/fuentesfidedignas.com.mx\/index.php\/wp-json\/wp\/v2\/tags?post=107492"}],"curies":[{"name":"wp","href":"https:\/\/api.w.org\/{rel}","templated":true}]}}