{"id":107382,"date":"2025-05-01T05:49:00","date_gmt":"2025-05-01T12:49:00","guid":{"rendered":"https:\/\/fuentesfidedignas.com.mx\/?p=107382"},"modified":"2025-04-30T21:55:59","modified_gmt":"2025-05-01T04:55:59","slug":"muere-la-persona-mas-vieja-del-mundo-a-sus-116-anos","status":"publish","type":"post","link":"https:\/\/fuentesfidedignas.com.mx\/index.php\/2025\/05\/01\/muere-la-persona-mas-vieja-del-mundo-a-sus-116-anos\/","title":{"rendered":"Muere la persona m\u00e1s vieja del mundo a sus 116 a\u00f1os"},"content":{"rendered":"\n<p><strong><em>Muri\u00f3 Inah Canabarro Lucas, la persona m\u00e1s longeva del mundo, a los 116 a\u00f1os en Brasil.<\/em><\/strong><\/p>\n\n\n\n<p>La persona m\u00e1s anciana del mundo, la monja brasile\u00f1a Inah Canabarro Lucas, muri\u00f3 este mi\u00e9rcoles a los 116 a\u00f1os, anunci\u00f3 la Congregaci\u00f3n de las Hermanas Teresianas con quienes resid\u00eda en la ciudad de Porto Alegre.<\/p>\n\n\n\n<p>Nacida el 8 de junio de 1908, Canabarro fue reconocida como la decana de la humanidad luego de la muerte en enero de la japonesa Tomiko Itooka, tambi\u00e9n a los 116 a\u00f1os, seg\u00fan el grupo de investigaci\u00f3n gerontol\u00f3gica de Estados Unidos (GRG) y LongeviQuest.<\/p>\n\n\n\n<p><strong>\u00bfQui\u00e9n fue Inah Canabarro?<\/strong><br>Inah Canabarro Lucas fue una monja y educadora brasile\u00f1a que alcanz\u00f3 notoriedad internacional al ser reconocida como la persona viva m\u00e1s longeva del mundo en enero de 2025, a los 116 a\u00f1os de edad.<\/p>\n\n\n\n<p>Naci\u00f3 el 8 de junio de 1908 en S\u00e3o Francisco de Assis, R\u00edo Grande del Sur, Brasil, aunque ella afirmaba haber nacido el 27 de mayo de ese a\u00f1o.<\/p>\n\n\n\n<p>Desde su infancia, enfrent\u00f3 desaf\u00edos de salud que hac\u00edan dudar de su supervivencia, pero su determinaci\u00f3n y fe la llevaron a una vida plena y longeva.<\/p>\n\n\n\n<p>Proveniente de una familia con ra\u00edces militares, era bisnieta del general David Canabarro, figura destacada en la Guerra de los Farrapos.<\/p>\n\n\n\n<p>Su padre falleci\u00f3 en combate en 1923 durante la Revoluci\u00f3n brasile\u00f1a. Inah ingres\u00f3 al internado Santa Teresa de Jes\u00fas en Santana do Livramento y, en 1928, se traslad\u00f3 a Montevideo, Uruguay, donde se convirti\u00f3 en novicia y posteriormente en monja.<\/p>\n\n\n\n<p>En 1930, regres\u00f3 a Brasil para ense\u00f1ar portugu\u00e9s y matem\u00e1ticas en una escuela del barrio Tijuca, en R\u00edo de Janeiro. A principios de los a\u00f1os 1940, volvi\u00f3 a Santana do Livramento para continuar su labor educativa<\/p>\n\n\n\n<p>A lo largo de su vida, Inah fue reconocida por su dedicaci\u00f3n a la educaci\u00f3n y la espiritualidad. Fue profesora de Jo\u00e3o Figueiredo, quien m\u00e1s tarde se convertir\u00eda en el 30.\u00ba presidente de Brasil.<\/p>\n\n\n\n<p>Su longevidad la llev\u00f3 a recibir diversos reconocimientos, incluyendo el t\u00edtulo de &#8220;inmortal&#8221; por la Academia Luso-Brasile\u00f1a de Letras de R\u00edo Grande del Sur en 2022. Adem\u00e1s, sobrevivi\u00f3 al covid-19 en 2022, convirti\u00e9ndose en una de las personas m\u00e1s longevas en superar la enfermedad.<\/p>\n\n\n\n<p>Inah Canabarro Lucas falleci\u00f3 el 30 de abril de 2025 en Porto Alegre, a los 116 a\u00f1os y 326 d\u00edas, por causas naturales.<\/p>\n","protected":false},"excerpt":{"rendered":"<p>Muri\u00f3 Inah Canabarro Lucas, la persona m\u00e1s longeva del mundo, a los 116 a\u00f1os en Brasil. La persona m\u00e1s anciana del mundo, la monja brasile\u00f1a Inah Canabarro Lucas, muri\u00f3 este mi\u00e9rcoles a los 116 a\u00f1os, anunci\u00f3 la Congregaci\u00f3n de las Hermanas Teresianas con quienes resid\u00eda en la ciudad de Porto Alegre. Nacida el 8 de [&hellip;]<\/p>\n","protected":false},"author":12,"featured_media":107383,"comment_status":"open","ping_status":"open","sticky":false,"template":"","format":"standard","meta":{"tdm_status":"","tdm_grid_status":"","footnotes":""},"categories":[40],"tags":[],"class_list":{"0":"post-107382","1":"post","2":"type-post","3":"status-publish","4":"format-standard","5":"has-post-thumbnail","7":"category-las-asombrosas"},"yoast_head":"<!-- This site is optimized with the Yoast SEO plugin v27.5 - https:\/\/yoast.com\/product\/yoast-seo-wordpress\/ -->\n<title>Muere la persona m\u00e1s vieja del mundo a sus 116 a\u00f1os - Fuentes Fidedignas<\/title>\n<meta name=\"robots\" content=\"index, follow, max-snippet:-1, max-image-preview:large, max-video-preview:-1\" \/>\n<link rel=\"canonical\" href=\"https:\/\/fuentesfidedignas.com.mx\/index.php\/2025\/05\/01\/muere-la-persona-mas-vieja-del-mundo-a-sus-116-anos\/\" \/>\n<meta property=\"og:locale\" content=\"es_MX\" \/>\n<meta property=\"og:type\" content=\"article\" \/>\n<meta property=\"og:title\" content=\"Muere la persona m\u00e1s vieja del mundo a sus 116 a\u00f1os - Fuentes Fidedignas\" \/>\n<meta property=\"og:description\" content=\"Muri\u00f3 Inah Canabarro Lucas, la persona m\u00e1s longeva del mundo, a los 116 a\u00f1os en Brasil. La persona m\u00e1s anciana del mundo, la monja brasile\u00f1a Inah Canabarro Lucas, muri\u00f3 este mi\u00e9rcoles a los 116 a\u00f1os, anunci\u00f3 la Congregaci\u00f3n de las Hermanas Teresianas con quienes resid\u00eda en la ciudad de Porto Alegre. Nacida el 8 de [&hellip;]\" \/>\n<meta property=\"og:url\" content=\"https:\/\/fuentesfidedignas.com.mx\/index.php\/2025\/05\/01\/muere-la-persona-mas-vieja-del-mundo-a-sus-116-anos\/\" \/>\n<meta property=\"og:site_name\" content=\"Fuentes Fidedignas\" \/>\n<meta property=\"article:publisher\" content=\"https:\/\/www.facebook.com\/Fuentes-Fidedignas-368234489921644\" \/>\n<meta property=\"article:published_time\" content=\"2025-05-01T12:49:00+00:00\" \/>\n<meta property=\"og:image\" content=\"https:\/\/fuentesfidedignas.com.mx\/wp-content\/uploads\/2025\/04\/mujer-mas-longeva.jpg\" \/>\n\t<meta property=\"og:image:width\" content=\"600\" \/>\n\t<meta property=\"og:image:height\" content=\"448\" \/>\n\t<meta property=\"og:image:type\" content=\"image\/jpeg\" \/>\n<meta name=\"author\" content=\"AFP\" \/>\n<meta name=\"twitter:card\" content=\"summary_large_image\" \/>\n<meta name=\"twitter:creator\" content=\"@fidedignas\" \/>\n<meta name=\"twitter:site\" content=\"@fidedignas\" \/>\n<meta name=\"twitter:label1\" content=\"Escrito por\" \/>\n\t<meta name=\"twitter:data1\" content=\"AFP\" \/>\n\t<meta name=\"twitter:label2\" content=\"Tiempo de lectura\" \/>\n\t<meta name=\"twitter:data2\" content=\"2 minutos\" \/>\n<script type=\"application\/ld+json\" class=\"yoast-schema-graph\">{\"@context\":\"https:\\\/\\\/schema.org\",\"@graph\":[{\"@type\":\"Article\",\"@id\":\"https:\\\/\\\/fuentesfidedignas.com.mx\\\/index.php\\\/2025\\\/05\\\/01\\\/muere-la-persona-mas-vieja-del-mundo-a-sus-116-anos\\\/#article\",\"isPartOf\":{\"@id\":\"https:\\\/\\\/fuentesfidedignas.com.mx\\\/index.php\\\/2025\\\/05\\\/01\\\/muere-la-persona-mas-vieja-del-mundo-a-sus-116-anos\\\/\"},\"author\":{\"name\":\"AFP\",\"@id\":\"https:\\\/\\\/fuentesfidedignas.com.mx\\\/#\\\/schema\\\/person\\\/1827b38c6cf89e1d6cc7d78ca3fae732\"},\"headline\":\"Muere la persona m\u00e1s vieja del mundo a sus 116 a\u00f1os\",\"datePublished\":\"2025-05-01T12:49:00+00:00\",\"mainEntityOfPage\":{\"@id\":\"https:\\\/\\\/fuentesfidedignas.com.mx\\\/index.php\\\/2025\\\/05\\\/01\\\/muere-la-persona-mas-vieja-del-mundo-a-sus-116-anos\\\/\"},\"wordCount\":422,\"commentCount\":0,\"publisher\":{\"@id\":\"https:\\\/\\\/fuentesfidedignas.com.mx\\\/#organization\"},\"image\":{\"@id\":\"https:\\\/\\\/fuentesfidedignas.com.mx\\\/index.php\\\/2025\\\/05\\\/01\\\/muere-la-persona-mas-vieja-del-mundo-a-sus-116-anos\\\/#primaryimage\"},\"thumbnailUrl\":\"https:\\\/\\\/fuentesfidedignas.com.mx\\\/wp-content\\\/uploads\\\/2025\\\/04\\\/mujer-mas-longeva.jpg\",\"articleSection\":[\"LAS ASOMBROSAS\"],\"inLanguage\":\"es\",\"potentialAction\":[{\"@type\":\"CommentAction\",\"name\":\"Comment\",\"target\":[\"https:\\\/\\\/fuentesfidedignas.com.mx\\\/index.php\\\/2025\\\/05\\\/01\\\/muere-la-persona-mas-vieja-del-mundo-a-sus-116-anos\\\/#respond\"]}]},{\"@type\":\"WebPage\",\"@id\":\"https:\\\/\\\/fuentesfidedignas.com.mx\\\/index.php\\\/2025\\\/05\\\/01\\\/muere-la-persona-mas-vieja-del-mundo-a-sus-116-anos\\\/\",\"url\":\"https:\\\/\\\/fuentesfidedignas.com.mx\\\/index.php\\\/2025\\\/05\\\/01\\\/muere-la-persona-mas-vieja-del-mundo-a-sus-116-anos\\\/\",\"name\":\"Muere la persona m\u00e1s vieja del mundo a sus 116 a\u00f1os - Fuentes Fidedignas\",\"isPartOf\":{\"@id\":\"https:\\\/\\\/fuentesfidedignas.com.mx\\\/#website\"},\"primaryImageOfPage\":{\"@id\":\"https:\\\/\\\/fuentesfidedignas.com.mx\\\/index.php\\\/2025\\\/05\\\/01\\\/muere-la-persona-mas-vieja-del-mundo-a-sus-116-anos\\\/#primaryimage\"},\"image\":{\"@id\":\"https:\\\/\\\/fuentesfidedignas.com.mx\\\/index.php\\\/2025\\\/05\\\/01\\\/muere-la-persona-mas-vieja-del-mundo-a-sus-116-anos\\\/#primaryimage\"},\"thumbnailUrl\":\"https:\\\/\\\/fuentesfidedignas.com.mx\\\/wp-content\\\/uploads\\\/2025\\\/04\\\/mujer-mas-longeva.jpg\",\"datePublished\":\"2025-05-01T12:49:00+00:00\",\"breadcrumb\":{\"@id\":\"https:\\\/\\\/fuentesfidedignas.com.mx\\\/index.php\\\/2025\\\/05\\\/01\\\/muere-la-persona-mas-vieja-del-mundo-a-sus-116-anos\\\/#breadcrumb\"},\"inLanguage\":\"es\",\"potentialAction\":[{\"@type\":\"ReadAction\",\"target\":[\"https:\\\/\\\/fuentesfidedignas.com.mx\\\/index.php\\\/2025\\\/05\\\/01\\\/muere-la-persona-mas-vieja-del-mundo-a-sus-116-anos\\\/\"]}]},{\"@type\":\"ImageObject\",\"inLanguage\":\"es\",\"@id\":\"https:\\\/\\\/fuentesfidedignas.com.mx\\\/index.php\\\/2025\\\/05\\\/01\\\/muere-la-persona-mas-vieja-del-mundo-a-sus-116-anos\\\/#primaryimage\",\"url\":\"https:\\\/\\\/fuentesfidedignas.com.mx\\\/wp-content\\\/uploads\\\/2025\\\/04\\\/mujer-mas-longeva.jpg\",\"contentUrl\":\"https:\\\/\\\/fuentesfidedignas.com.mx\\\/wp-content\\\/uploads\\\/2025\\\/04\\\/mujer-mas-longeva.jpg\",\"width\":600,\"height\":448},{\"@type\":\"BreadcrumbList\",\"@id\":\"https:\\\/\\\/fuentesfidedignas.com.mx\\\/index.php\\\/2025\\\/05\\\/01\\\/muere-la-persona-mas-vieja-del-mundo-a-sus-116-anos\\\/#breadcrumb\",\"itemListElement\":[{\"@type\":\"ListItem\",\"position\":1,\"name\":\"Inicio\",\"item\":\"https:\\\/\\\/fuentesfidedignas.com.mx\\\/\"},{\"@type\":\"ListItem\",\"position\":2,\"name\":\"Muere la persona m\u00e1s vieja del mundo a sus 116 a\u00f1os\"}]},{\"@type\":\"WebSite\",\"@id\":\"https:\\\/\\\/fuentesfidedignas.com.mx\\\/#website\",\"url\":\"https:\\\/\\\/fuentesfidedignas.com.mx\\\/\",\"name\":\"Fuentes Fidedignas\",\"description\":\"Otro sitio realizado con WordPress\",\"publisher\":{\"@id\":\"https:\\\/\\\/fuentesfidedignas.com.mx\\\/#organization\"},\"potentialAction\":[{\"@type\":\"SearchAction\",\"target\":{\"@type\":\"EntryPoint\",\"urlTemplate\":\"https:\\\/\\\/fuentesfidedignas.com.mx\\\/?s={search_term_string}\"},\"query-input\":{\"@type\":\"PropertyValueSpecification\",\"valueRequired\":true,\"valueName\":\"search_term_string\"}}],\"inLanguage\":\"es\"},{\"@type\":\"Organization\",\"@id\":\"https:\\\/\\\/fuentesfidedignas.com.mx\\\/#organization\",\"name\":\"Fuentes Fidedignas\",\"url\":\"https:\\\/\\\/fuentesfidedignas.com.mx\\\/\",\"logo\":{\"@type\":\"ImageObject\",\"inLanguage\":\"es\",\"@id\":\"https:\\\/\\\/fuentesfidedignas.com.mx\\\/#\\\/schema\\\/logo\\\/image\\\/\",\"url\":\"https:\\\/\\\/fuentesfidedignas.com.mx\\\/wp-content\\\/uploads\\\/2021\\\/04\\\/logo-retina.png\",\"contentUrl\":\"https:\\\/\\\/fuentesfidedignas.com.mx\\\/wp-content\\\/uploads\\\/2021\\\/04\\\/logo-retina.png\",\"width\":280,\"height\":51,\"caption\":\"Fuentes Fidedignas\"},\"image\":{\"@id\":\"https:\\\/\\\/fuentesfidedignas.com.mx\\\/#\\\/schema\\\/logo\\\/image\\\/\"},\"sameAs\":[\"https:\\\/\\\/www.facebook.com\\\/Fuentes-Fidedignas-368234489921644\",\"https:\\\/\\\/x.com\\\/fidedignas\"]},{\"@type\":\"Person\",\"@id\":\"https:\\\/\\\/fuentesfidedignas.com.mx\\\/#\\\/schema\\\/person\\\/1827b38c6cf89e1d6cc7d78ca3fae732\",\"name\":\"AFP\",\"image\":{\"@type\":\"ImageObject\",\"inLanguage\":\"es\",\"@id\":\"https:\\\/\\\/secure.gravatar.com\\\/avatar\\\/236827d2ee9bf15e1ea99e0c1cd1b467cffa55e324d177638d0f8de7950cbae6?s=96&d=mm&r=g\",\"url\":\"https:\\\/\\\/secure.gravatar.com\\\/avatar\\\/236827d2ee9bf15e1ea99e0c1cd1b467cffa55e324d177638d0f8de7950cbae6?s=96&d=mm&r=g\",\"contentUrl\":\"https:\\\/\\\/secure.gravatar.com\\\/avatar\\\/236827d2ee9bf15e1ea99e0c1cd1b467cffa55e324d177638d0f8de7950cbae6?s=96&d=mm&r=g\",\"caption\":\"AFP\"},\"url\":\"https:\\\/\\\/fuentesfidedignas.com.mx\\\/index.php\\\/author\\\/afp\\\/\"}]}<\/script>\n<!-- \/ Yoast SEO plugin. -->","yoast_head_json":{"title":"Muere la persona m\u00e1s vieja del mundo a sus 116 a\u00f1os - Fuentes Fidedignas","robots":{"index":"index","follow":"follow","max-snippet":"max-snippet:-1","max-image-preview":"max-image-preview:large","max-video-preview":"max-video-preview:-1"},"canonical":"https:\/\/fuentesfidedignas.com.mx\/index.php\/2025\/05\/01\/muere-la-persona-mas-vieja-del-mundo-a-sus-116-anos\/","og_locale":"es_MX","og_type":"article","og_title":"Muere la persona m\u00e1s vieja del mundo a sus 116 a\u00f1os - Fuentes Fidedignas","og_description":"Muri\u00f3 Inah Canabarro Lucas, la persona m\u00e1s longeva del mundo, a los 116 a\u00f1os en Brasil. La persona m\u00e1s anciana del mundo, la monja brasile\u00f1a Inah Canabarro Lucas, muri\u00f3 este mi\u00e9rcoles a los 116 a\u00f1os, anunci\u00f3 la Congregaci\u00f3n de las Hermanas Teresianas con quienes resid\u00eda en la ciudad de Porto Alegre. Nacida el 8 de [&hellip;]","og_url":"https:\/\/fuentesfidedignas.com.mx\/index.php\/2025\/05\/01\/muere-la-persona-mas-vieja-del-mundo-a-sus-116-anos\/","og_site_name":"Fuentes Fidedignas","article_publisher":"https:\/\/www.facebook.com\/Fuentes-Fidedignas-368234489921644","article_published_time":"2025-05-01T12:49:00+00:00","og_image":[{"width":600,"height":448,"url":"https:\/\/fuentesfidedignas.com.mx\/wp-content\/uploads\/2025\/04\/mujer-mas-longeva.jpg","type":"image\/jpeg"}],"author":"AFP","twitter_card":"summary_large_image","twitter_creator":"@fidedignas","twitter_site":"@fidedignas","twitter_misc":{"Escrito por":"AFP","Tiempo de lectura":"2 minutos"},"schema":{"@context":"https:\/\/schema.org","@graph":[{"@type":"Article","@id":"https:\/\/fuentesfidedignas.com.mx\/index.php\/2025\/05\/01\/muere-la-persona-mas-vieja-del-mundo-a-sus-116-anos\/#article","isPartOf":{"@id":"https:\/\/fuentesfidedignas.com.mx\/index.php\/2025\/05\/01\/muere-la-persona-mas-vieja-del-mundo-a-sus-116-anos\/"},"author":{"name":"AFP","@id":"https:\/\/fuentesfidedignas.com.mx\/#\/schema\/person\/1827b38c6cf89e1d6cc7d78ca3fae732"},"headline":"Muere la persona m\u00e1s vieja del mundo a sus 116 a\u00f1os","datePublished":"2025-05-01T12:49:00+00:00","mainEntityOfPage":{"@id":"https:\/\/fuentesfidedignas.com.mx\/index.php\/2025\/05\/01\/muere-la-persona-mas-vieja-del-mundo-a-sus-116-anos\/"},"wordCount":422,"commentCount":0,"publisher":{"@id":"https:\/\/fuentesfidedignas.com.mx\/#organization"},"image":{"@id":"https:\/\/fuentesfidedignas.com.mx\/index.php\/2025\/05\/01\/muere-la-persona-mas-vieja-del-mundo-a-sus-116-anos\/#primaryimage"},"thumbnailUrl":"https:\/\/fuentesfidedignas.com.mx\/wp-content\/uploads\/2025\/04\/mujer-mas-longeva.jpg","articleSection":["LAS ASOMBROSAS"],"inLanguage":"es","potentialAction":[{"@type":"CommentAction","name":"Comment","target":["https:\/\/fuentesfidedignas.com.mx\/index.php\/2025\/05\/01\/muere-la-persona-mas-vieja-del-mundo-a-sus-116-anos\/#respond"]}]},{"@type":"WebPage","@id":"https:\/\/fuentesfidedignas.com.mx\/index.php\/2025\/05\/01\/muere-la-persona-mas-vieja-del-mundo-a-sus-116-anos\/","url":"https:\/\/fuentesfidedignas.com.mx\/index.php\/2025\/05\/01\/muere-la-persona-mas-vieja-del-mundo-a-sus-116-anos\/","name":"Muere la persona m\u00e1s vieja del mundo a sus 116 a\u00f1os - Fuentes Fidedignas","isPartOf":{"@id":"https:\/\/fuentesfidedignas.com.mx\/#website"},"primaryImageOfPage":{"@id":"https:\/\/fuentesfidedignas.com.mx\/index.php\/2025\/05\/01\/muere-la-persona-mas-vieja-del-mundo-a-sus-116-anos\/#primaryimage"},"image":{"@id":"https:\/\/fuentesfidedignas.com.mx\/index.php\/2025\/05\/01\/muere-la-persona-mas-vieja-del-mundo-a-sus-116-anos\/#primaryimage"},"thumbnailUrl":"https:\/\/fuentesfidedignas.com.mx\/wp-content\/uploads\/2025\/04\/mujer-mas-longeva.jpg","datePublished":"2025-05-01T12:49:00+00:00","breadcrumb":{"@id":"https:\/\/fuentesfidedignas.com.mx\/index.php\/2025\/05\/01\/muere-la-persona-mas-vieja-del-mundo-a-sus-116-anos\/#breadcrumb"},"inLanguage":"es","potentialAction":[{"@type":"ReadAction","target":["https:\/\/fuentesfidedignas.com.mx\/index.php\/2025\/05\/01\/muere-la-persona-mas-vieja-del-mundo-a-sus-116-anos\/"]}]},{"@type":"ImageObject","inLanguage":"es","@id":"https:\/\/fuentesfidedignas.com.mx\/index.php\/2025\/05\/01\/muere-la-persona-mas-vieja-del-mundo-a-sus-116-anos\/#primaryimage","url":"https:\/\/fuentesfidedignas.com.mx\/wp-content\/uploads\/2025\/04\/mujer-mas-longeva.jpg","contentUrl":"https:\/\/fuentesfidedignas.com.mx\/wp-content\/uploads\/2025\/04\/mujer-mas-longeva.jpg","width":600,"height":448},{"@type":"BreadcrumbList","@id":"https:\/\/fuentesfidedignas.com.mx\/index.php\/2025\/05\/01\/muere-la-persona-mas-vieja-del-mundo-a-sus-116-anos\/#breadcrumb","itemListElement":[{"@type":"ListItem","position":1,"name":"Inicio","item":"https:\/\/fuentesfidedignas.com.mx\/"},{"@type":"ListItem","position":2,"name":"Muere la persona m\u00e1s vieja del mundo a sus 116 a\u00f1os"}]},{"@type":"WebSite","@id":"https:\/\/fuentesfidedignas.com.mx\/#website","url":"https:\/\/fuentesfidedignas.com.mx\/","name":"Fuentes Fidedignas","description":"Otro sitio realizado con WordPress","publisher":{"@id":"https:\/\/fuentesfidedignas.com.mx\/#organization"},"potentialAction":[{"@type":"SearchAction","target":{"@type":"EntryPoint","urlTemplate":"https:\/\/fuentesfidedignas.com.mx\/?s={search_term_string}"},"query-input":{"@type":"PropertyValueSpecification","valueRequired":true,"valueName":"search_term_string"}}],"inLanguage":"es"},{"@type":"Organization","@id":"https:\/\/fuentesfidedignas.com.mx\/#organization","name":"Fuentes Fidedignas","url":"https:\/\/fuentesfidedignas.com.mx\/","logo":{"@type":"ImageObject","inLanguage":"es","@id":"https:\/\/fuentesfidedignas.com.mx\/#\/schema\/logo\/image\/","url":"https:\/\/fuentesfidedignas.com.mx\/wp-content\/uploads\/2021\/04\/logo-retina.png","contentUrl":"https:\/\/fuentesfidedignas.com.mx\/wp-content\/uploads\/2021\/04\/logo-retina.png","width":280,"height":51,"caption":"Fuentes Fidedignas"},"image":{"@id":"https:\/\/fuentesfidedignas.com.mx\/#\/schema\/logo\/image\/"},"sameAs":["https:\/\/www.facebook.com\/Fuentes-Fidedignas-368234489921644","https:\/\/x.com\/fidedignas"]},{"@type":"Person","@id":"https:\/\/fuentesfidedignas.com.mx\/#\/schema\/person\/1827b38c6cf89e1d6cc7d78ca3fae732","name":"AFP","image":{"@type":"ImageObject","inLanguage":"es","@id":"https:\/\/secure.gravatar.com\/avatar\/236827d2ee9bf15e1ea99e0c1cd1b467cffa55e324d177638d0f8de7950cbae6?s=96&d=mm&r=g","url":"https:\/\/secure.gravatar.com\/avatar\/236827d2ee9bf15e1ea99e0c1cd1b467cffa55e324d177638d0f8de7950cbae6?s=96&d=mm&r=g","contentUrl":"https:\/\/secure.gravatar.com\/avatar\/236827d2ee9bf15e1ea99e0c1cd1b467cffa55e324d177638d0f8de7950cbae6?s=96&d=mm&r=g","caption":"AFP"},"url":"https:\/\/fuentesfidedignas.com.mx\/index.php\/author\/afp\/"}]}},"_links":{"self":[{"href":"https:\/\/fuentesfidedignas.com.mx\/index.php\/wp-json\/wp\/v2\/posts\/107382","targetHints":{"allow":["GET"]}}],"collection":[{"href":"https:\/\/fuentesfidedignas.com.mx\/index.php\/wp-json\/wp\/v2\/posts"}],"about":[{"href":"https:\/\/fuentesfidedignas.com.mx\/index.php\/wp-json\/wp\/v2\/types\/post"}],"author":[{"embeddable":true,"href":"https:\/\/fuentesfidedignas.com.mx\/index.php\/wp-json\/wp\/v2\/users\/12"}],"replies":[{"embeddable":true,"href":"https:\/\/fuentesfidedignas.com.mx\/index.php\/wp-json\/wp\/v2\/comments?post=107382"}],"version-history":[{"count":1,"href":"https:\/\/fuentesfidedignas.com.mx\/index.php\/wp-json\/wp\/v2\/posts\/107382\/revisions"}],"predecessor-version":[{"id":107384,"href":"https:\/\/fuentesfidedignas.com.mx\/index.php\/wp-json\/wp\/v2\/posts\/107382\/revisions\/107384"}],"wp:featuredmedia":[{"embeddable":true,"href":"https:\/\/fuentesfidedignas.com.mx\/index.php\/wp-json\/wp\/v2\/media\/107383"}],"wp:attachment":[{"href":"https:\/\/fuentesfidedignas.com.mx\/index.php\/wp-json\/wp\/v2\/media?parent=107382"}],"wp:term":[{"taxonomy":"category","embeddable":true,"href":"https:\/\/fuentesfidedignas.com.mx\/index.php\/wp-json\/wp\/v2\/categories?post=107382"},{"taxonomy":"post_tag","embeddable":true,"href":"https:\/\/fuentesfidedignas.com.mx\/index.php\/wp-json\/wp\/v2\/tags?post=107382"}],"curies":[{"name":"wp","href":"https:\/\/api.w.org\/{rel}","templated":true}]}}