{"id":107290,"date":"2025-06-18T05:03:00","date_gmt":"2025-06-18T12:03:00","guid":{"rendered":"https:\/\/fuentesfidedignas.com.mx\/?p=107290"},"modified":"2025-06-17T23:38:48","modified_gmt":"2025-06-18T06:38:48","slug":"descubren-en-hawai-una-nueva-especie-de-abeja-completamente-negra","status":"publish","type":"post","link":"https:\/\/fuentesfidedignas.com.mx\/index.php\/2025\/06\/18\/descubren-en-hawai-una-nueva-especie-de-abeja-completamente-negra\/","title":{"rendered":"Descubren en Haw\u00e1i una nueva especie de abeja completamente negra"},"content":{"rendered":"\n<p><strong><em>Los cient\u00edficos la han denominado Hylaeus paumako.<\/em><\/strong><\/p>\n\n\n\n<p>Haw\u00e1i est\u00e1 considerado uno de los lugares con mayor diversidad del mundo, pero los cient\u00edficos se han sorprendido con el reciente descubrimiento que han realizado en el archipi\u00e9lago: una abeja completamente negra.<\/p>\n\n\n\n<p>Ya sab\u00edamos lo llamativas que pueden llegar a ser las abejas, pero esta nueva especie tiene caracter\u00edsticas que la convierten en un ser espectacular. De momento, los cient\u00edficos la han denominado Hylaeus paumako.<\/p>\n\n\n\n<p>El nombre significa en hawaiano duelo o tristeza, como referencia a su apariencia l\u00fagubre. Adem\u00e1s, un estudio publicado por la Universidad de Haw\u00e1i en M\u0101noa (ScholarSpace) ha descrito a la abeja.<\/p>\n\n\n\n<p><strong>Una abeja \u00fanica en Haw\u00e1i: un tono oscuro que la delata<\/strong><br>El entom\u00f3logo Karl Magnacca fue el responsable del descubrimiento de la nueva especie de abeja durante el mayo del a\u00f1o pasado.<\/p>\n\n\n\n<p>El hallazgo lo realiz\u00f3 en una expedici\u00f3n de campo formada por la Divisi\u00f3n de Recursos Naturales y Forestales de Haw\u00e1i (DLNR) y el equipo del Programa para la Prevenci\u00f3n de la Extinci\u00f3n de Plantas de Moloka\u2019i (MoPEPP).<\/p>\n\n\n\n<p>Aunque presenta alguna otra variaci\u00f3n, lo m\u00e1s llamativo y lo que le diferencia de otras especies encontradas en Haw\u00e1i es su color completamente negro. Esto es algo que no se hab\u00eda visto en otras abejas de Moloka\u2019i.<\/p>\n\n\n\n<p>El avistamiento de la abeja se produjo en una zona protegida de M\u0101kolelau, en las laderas del este de la isla La buena noticia es que el descubrimiento pudo realizarse a pesar del deterioro causado por las especies invasoras y por la erosi\u00f3n.<\/p>\n\n\n\n<p>De hecho, este hallazgo cient\u00edfico es la demostraci\u00f3n de que la reserva de peque\u00f1as \u00e1reas de vegetaci\u00f3n nativa, para su conservaci\u00f3n puede tener una serie de implicaciones muy positivas.<\/p>\n\n\n\n<p><strong>\u00bfCu\u00e1l es el origen de la nueva abeja negra descubierta en Haw\u00e1i?<\/strong><br>Hylaeus paumako forma parte de un grupo de abejas end\u00e9micas que evolucionaron a partir de un \u00fanico ancestro que lleg\u00f3 a Haw\u00e1i hace entre uno y 1,5 millones de a\u00f1os.<\/p>\n\n\n\n<p>Hasta ahora, hay registradas 64 especies del mismo g\u00e9nero en la isla. Aun as\u00ed, no todas se han adaptado al mismo tipo de ecosistemas, sino que presentan variaciones.<\/p>\n\n\n\n<p>No obstante, la mayor\u00eda pertenecen a bosques mesot\u00e9rmicos, que mezclan condiciones secas y h\u00famedas.<\/p>\n\n\n\n<p>Esto tendr\u00eda que servirnos como toque de atenci\u00f3n, ya que son los m\u00e1s diversos en vegetaci\u00f3n y animales nativos, pero tambi\u00e9n son los m\u00e1s amenazados.<\/p>\n\n\n\n<p><strong>Las implicaciones cient\u00edficas del nuevo descubrimiento en Haw\u00e1i<\/strong><br>El hallazgo de esta abeja negra, en primer lugar, deja claro la importancia de proteger todo tipo de bosques, incluso las parcelas m\u00e1s peque\u00f1as.<\/p>\n\n\n\n<p>La protecci\u00f3n de la biodiversidad debe empezar en los peque\u00f1os fragmentos, ya que son vitales para la conservaci\u00f3n de especies que ni siquiera los humanos tenemos todav\u00eda ubicadas.<\/p>\n\n\n\n<p>Adem\u00e1s, es un recordatorio de todo lo que nos queda todav\u00eda por descubrir. En los \u00faltimos tres a\u00f1os, el doctor Magnacca ha registrado casi 500 nuevas especies de insectos nativos durante sus trabajos de campo.<\/p>\n\n\n\n<p>Es decir, el camino s\u00f3lo acaba de empezar y no hay que escatimar en esfuerzos. Por ejemplo, muchas especies de abejas de la regi\u00f3n no han vuelto a ser vistas en d\u00e9cadas.<\/p>\n\n\n\n<p>Todo ello obliga a los cient\u00edficos a redoblar sus esfuerzos, para proteger la biodiversidad de una zona con una riqueza natural tan grande como Haw\u00e1i.<\/p>\n\n\n\n<p>Con informaci\u00f3n de <strong><em>OK diario<\/em><\/strong><\/p>\n\n\n\n<p><\/p>\n","protected":false},"excerpt":{"rendered":"<p>Los cient\u00edficos la han denominado Hylaeus paumako. Haw\u00e1i est\u00e1 considerado uno de los lugares con mayor diversidad del mundo, pero los cient\u00edficos se han sorprendido con el reciente descubrimiento que han realizado en el archipi\u00e9lago: una abeja completamente negra. Ya sab\u00edamos lo llamativas que pueden llegar a ser las abejas, pero esta nueva especie tiene [&hellip;]<\/p>\n","protected":false},"author":4,"featured_media":107291,"comment_status":"open","ping_status":"open","sticky":false,"template":"","format":"standard","meta":{"tdm_status":"","tdm_grid_status":"","footnotes":""},"categories":[40],"tags":[],"class_list":{"0":"post-107290","1":"post","2":"type-post","3":"status-publish","4":"format-standard","5":"has-post-thumbnail","7":"category-las-asombrosas"},"yoast_head":"<!-- This site is optimized with the Yoast SEO plugin v27.5 - https:\/\/yoast.com\/product\/yoast-seo-wordpress\/ -->\n<title>Descubren en Haw\u00e1i una nueva especie de abeja completamente negra - Fuentes Fidedignas<\/title>\n<meta name=\"robots\" content=\"index, follow, max-snippet:-1, max-image-preview:large, max-video-preview:-1\" \/>\n<link rel=\"canonical\" href=\"https:\/\/fuentesfidedignas.com.mx\/index.php\/2025\/06\/18\/descubren-en-hawai-una-nueva-especie-de-abeja-completamente-negra\/\" \/>\n<meta property=\"og:locale\" content=\"es_MX\" \/>\n<meta property=\"og:type\" content=\"article\" \/>\n<meta property=\"og:title\" content=\"Descubren en Haw\u00e1i una nueva especie de abeja completamente negra - Fuentes Fidedignas\" \/>\n<meta property=\"og:description\" content=\"Los cient\u00edficos la han denominado Hylaeus paumako. Haw\u00e1i est\u00e1 considerado uno de los lugares con mayor diversidad del mundo, pero los cient\u00edficos se han sorprendido con el reciente descubrimiento que han realizado en el archipi\u00e9lago: una abeja completamente negra. Ya sab\u00edamos lo llamativas que pueden llegar a ser las abejas, pero esta nueva especie tiene [&hellip;]\" \/>\n<meta property=\"og:url\" content=\"https:\/\/fuentesfidedignas.com.mx\/index.php\/2025\/06\/18\/descubren-en-hawai-una-nueva-especie-de-abeja-completamente-negra\/\" \/>\n<meta property=\"og:site_name\" content=\"Fuentes Fidedignas\" \/>\n<meta property=\"article:publisher\" content=\"https:\/\/www.facebook.com\/Fuentes-Fidedignas-368234489921644\" \/>\n<meta property=\"article:published_time\" content=\"2025-06-18T12:03:00+00:00\" \/>\n<meta property=\"og:image\" content=\"https:\/\/fuentesfidedignas.com.mx\/wp-content\/uploads\/2025\/04\/abeja-negra-.jpg\" \/>\n\t<meta property=\"og:image:width\" content=\"635\" \/>\n\t<meta property=\"og:image:height\" content=\"358\" \/>\n\t<meta property=\"og:image:type\" content=\"image\/jpeg\" \/>\n<meta name=\"author\" content=\"Redacci\u00f3n\" \/>\n<meta name=\"twitter:card\" content=\"summary_large_image\" \/>\n<meta name=\"twitter:creator\" content=\"@fidedignas\" \/>\n<meta name=\"twitter:site\" content=\"@fidedignas\" \/>\n<meta name=\"twitter:label1\" content=\"Escrito por\" \/>\n\t<meta name=\"twitter:data1\" content=\"Redacci\u00f3n\" \/>\n\t<meta name=\"twitter:label2\" content=\"Tiempo de lectura\" \/>\n\t<meta name=\"twitter:data2\" content=\"3 minutos\" \/>\n<script type=\"application\/ld+json\" class=\"yoast-schema-graph\">{\"@context\":\"https:\\\/\\\/schema.org\",\"@graph\":[{\"@type\":\"Article\",\"@id\":\"https:\\\/\\\/fuentesfidedignas.com.mx\\\/index.php\\\/2025\\\/06\\\/18\\\/descubren-en-hawai-una-nueva-especie-de-abeja-completamente-negra\\\/#article\",\"isPartOf\":{\"@id\":\"https:\\\/\\\/fuentesfidedignas.com.mx\\\/index.php\\\/2025\\\/06\\\/18\\\/descubren-en-hawai-una-nueva-especie-de-abeja-completamente-negra\\\/\"},\"author\":{\"name\":\"Redacci\u00f3n\",\"@id\":\"https:\\\/\\\/fuentesfidedignas.com.mx\\\/#\\\/schema\\\/person\\\/331be9283d37198e2acd5750279085b0\"},\"headline\":\"Descubren en Haw\u00e1i una nueva especie de abeja completamente negra\",\"datePublished\":\"2025-06-18T12:03:00+00:00\",\"mainEntityOfPage\":{\"@id\":\"https:\\\/\\\/fuentesfidedignas.com.mx\\\/index.php\\\/2025\\\/06\\\/18\\\/descubren-en-hawai-una-nueva-especie-de-abeja-completamente-negra\\\/\"},\"wordCount\":619,\"commentCount\":0,\"publisher\":{\"@id\":\"https:\\\/\\\/fuentesfidedignas.com.mx\\\/#organization\"},\"image\":{\"@id\":\"https:\\\/\\\/fuentesfidedignas.com.mx\\\/index.php\\\/2025\\\/06\\\/18\\\/descubren-en-hawai-una-nueva-especie-de-abeja-completamente-negra\\\/#primaryimage\"},\"thumbnailUrl\":\"https:\\\/\\\/fuentesfidedignas.com.mx\\\/wp-content\\\/uploads\\\/2025\\\/04\\\/abeja-negra-.jpg\",\"articleSection\":[\"LAS ASOMBROSAS\"],\"inLanguage\":\"es\",\"potentialAction\":[{\"@type\":\"CommentAction\",\"name\":\"Comment\",\"target\":[\"https:\\\/\\\/fuentesfidedignas.com.mx\\\/index.php\\\/2025\\\/06\\\/18\\\/descubren-en-hawai-una-nueva-especie-de-abeja-completamente-negra\\\/#respond\"]}]},{\"@type\":\"WebPage\",\"@id\":\"https:\\\/\\\/fuentesfidedignas.com.mx\\\/index.php\\\/2025\\\/06\\\/18\\\/descubren-en-hawai-una-nueva-especie-de-abeja-completamente-negra\\\/\",\"url\":\"https:\\\/\\\/fuentesfidedignas.com.mx\\\/index.php\\\/2025\\\/06\\\/18\\\/descubren-en-hawai-una-nueva-especie-de-abeja-completamente-negra\\\/\",\"name\":\"Descubren en Haw\u00e1i una nueva especie de abeja completamente negra - Fuentes Fidedignas\",\"isPartOf\":{\"@id\":\"https:\\\/\\\/fuentesfidedignas.com.mx\\\/#website\"},\"primaryImageOfPage\":{\"@id\":\"https:\\\/\\\/fuentesfidedignas.com.mx\\\/index.php\\\/2025\\\/06\\\/18\\\/descubren-en-hawai-una-nueva-especie-de-abeja-completamente-negra\\\/#primaryimage\"},\"image\":{\"@id\":\"https:\\\/\\\/fuentesfidedignas.com.mx\\\/index.php\\\/2025\\\/06\\\/18\\\/descubren-en-hawai-una-nueva-especie-de-abeja-completamente-negra\\\/#primaryimage\"},\"thumbnailUrl\":\"https:\\\/\\\/fuentesfidedignas.com.mx\\\/wp-content\\\/uploads\\\/2025\\\/04\\\/abeja-negra-.jpg\",\"datePublished\":\"2025-06-18T12:03:00+00:00\",\"breadcrumb\":{\"@id\":\"https:\\\/\\\/fuentesfidedignas.com.mx\\\/index.php\\\/2025\\\/06\\\/18\\\/descubren-en-hawai-una-nueva-especie-de-abeja-completamente-negra\\\/#breadcrumb\"},\"inLanguage\":\"es\",\"potentialAction\":[{\"@type\":\"ReadAction\",\"target\":[\"https:\\\/\\\/fuentesfidedignas.com.mx\\\/index.php\\\/2025\\\/06\\\/18\\\/descubren-en-hawai-una-nueva-especie-de-abeja-completamente-negra\\\/\"]}]},{\"@type\":\"ImageObject\",\"inLanguage\":\"es\",\"@id\":\"https:\\\/\\\/fuentesfidedignas.com.mx\\\/index.php\\\/2025\\\/06\\\/18\\\/descubren-en-hawai-una-nueva-especie-de-abeja-completamente-negra\\\/#primaryimage\",\"url\":\"https:\\\/\\\/fuentesfidedignas.com.mx\\\/wp-content\\\/uploads\\\/2025\\\/04\\\/abeja-negra-.jpg\",\"contentUrl\":\"https:\\\/\\\/fuentesfidedignas.com.mx\\\/wp-content\\\/uploads\\\/2025\\\/04\\\/abeja-negra-.jpg\",\"width\":635,\"height\":358},{\"@type\":\"BreadcrumbList\",\"@id\":\"https:\\\/\\\/fuentesfidedignas.com.mx\\\/index.php\\\/2025\\\/06\\\/18\\\/descubren-en-hawai-una-nueva-especie-de-abeja-completamente-negra\\\/#breadcrumb\",\"itemListElement\":[{\"@type\":\"ListItem\",\"position\":1,\"name\":\"Inicio\",\"item\":\"https:\\\/\\\/fuentesfidedignas.com.mx\\\/\"},{\"@type\":\"ListItem\",\"position\":2,\"name\":\"Descubren en Haw\u00e1i una nueva especie de abeja completamente negra\"}]},{\"@type\":\"WebSite\",\"@id\":\"https:\\\/\\\/fuentesfidedignas.com.mx\\\/#website\",\"url\":\"https:\\\/\\\/fuentesfidedignas.com.mx\\\/\",\"name\":\"Fuentes Fidedignas\",\"description\":\"Otro sitio realizado con WordPress\",\"publisher\":{\"@id\":\"https:\\\/\\\/fuentesfidedignas.com.mx\\\/#organization\"},\"potentialAction\":[{\"@type\":\"SearchAction\",\"target\":{\"@type\":\"EntryPoint\",\"urlTemplate\":\"https:\\\/\\\/fuentesfidedignas.com.mx\\\/?s={search_term_string}\"},\"query-input\":{\"@type\":\"PropertyValueSpecification\",\"valueRequired\":true,\"valueName\":\"search_term_string\"}}],\"inLanguage\":\"es\"},{\"@type\":\"Organization\",\"@id\":\"https:\\\/\\\/fuentesfidedignas.com.mx\\\/#organization\",\"name\":\"Fuentes Fidedignas\",\"url\":\"https:\\\/\\\/fuentesfidedignas.com.mx\\\/\",\"logo\":{\"@type\":\"ImageObject\",\"inLanguage\":\"es\",\"@id\":\"https:\\\/\\\/fuentesfidedignas.com.mx\\\/#\\\/schema\\\/logo\\\/image\\\/\",\"url\":\"https:\\\/\\\/fuentesfidedignas.com.mx\\\/wp-content\\\/uploads\\\/2021\\\/04\\\/logo-retina.png\",\"contentUrl\":\"https:\\\/\\\/fuentesfidedignas.com.mx\\\/wp-content\\\/uploads\\\/2021\\\/04\\\/logo-retina.png\",\"width\":280,\"height\":51,\"caption\":\"Fuentes Fidedignas\"},\"image\":{\"@id\":\"https:\\\/\\\/fuentesfidedignas.com.mx\\\/#\\\/schema\\\/logo\\\/image\\\/\"},\"sameAs\":[\"https:\\\/\\\/www.facebook.com\\\/Fuentes-Fidedignas-368234489921644\",\"https:\\\/\\\/x.com\\\/fidedignas\"]},{\"@type\":\"Person\",\"@id\":\"https:\\\/\\\/fuentesfidedignas.com.mx\\\/#\\\/schema\\\/person\\\/331be9283d37198e2acd5750279085b0\",\"name\":\"Redacci\u00f3n\",\"image\":{\"@type\":\"ImageObject\",\"inLanguage\":\"es\",\"@id\":\"https:\\\/\\\/secure.gravatar.com\\\/avatar\\\/f6d8782c11d12b2d4ad3fbb6931aeab5309937a4d6cd2fc9cfaa28a6396a5aec?s=96&d=mm&r=g\",\"url\":\"https:\\\/\\\/secure.gravatar.com\\\/avatar\\\/f6d8782c11d12b2d4ad3fbb6931aeab5309937a4d6cd2fc9cfaa28a6396a5aec?s=96&d=mm&r=g\",\"contentUrl\":\"https:\\\/\\\/secure.gravatar.com\\\/avatar\\\/f6d8782c11d12b2d4ad3fbb6931aeab5309937a4d6cd2fc9cfaa28a6396a5aec?s=96&d=mm&r=g\",\"caption\":\"Redacci\u00f3n\"},\"url\":\"https:\\\/\\\/fuentesfidedignas.com.mx\\\/index.php\\\/author\\\/redaccion\\\/\"}]}<\/script>\n<!-- \/ Yoast SEO plugin. -->","yoast_head_json":{"title":"Descubren en Haw\u00e1i una nueva especie de abeja completamente negra - Fuentes Fidedignas","robots":{"index":"index","follow":"follow","max-snippet":"max-snippet:-1","max-image-preview":"max-image-preview:large","max-video-preview":"max-video-preview:-1"},"canonical":"https:\/\/fuentesfidedignas.com.mx\/index.php\/2025\/06\/18\/descubren-en-hawai-una-nueva-especie-de-abeja-completamente-negra\/","og_locale":"es_MX","og_type":"article","og_title":"Descubren en Haw\u00e1i una nueva especie de abeja completamente negra - Fuentes Fidedignas","og_description":"Los cient\u00edficos la han denominado Hylaeus paumako. Haw\u00e1i est\u00e1 considerado uno de los lugares con mayor diversidad del mundo, pero los cient\u00edficos se han sorprendido con el reciente descubrimiento que han realizado en el archipi\u00e9lago: una abeja completamente negra. Ya sab\u00edamos lo llamativas que pueden llegar a ser las abejas, pero esta nueva especie tiene [&hellip;]","og_url":"https:\/\/fuentesfidedignas.com.mx\/index.php\/2025\/06\/18\/descubren-en-hawai-una-nueva-especie-de-abeja-completamente-negra\/","og_site_name":"Fuentes Fidedignas","article_publisher":"https:\/\/www.facebook.com\/Fuentes-Fidedignas-368234489921644","article_published_time":"2025-06-18T12:03:00+00:00","og_image":[{"width":635,"height":358,"url":"https:\/\/fuentesfidedignas.com.mx\/wp-content\/uploads\/2025\/04\/abeja-negra-.jpg","type":"image\/jpeg"}],"author":"Redacci\u00f3n","twitter_card":"summary_large_image","twitter_creator":"@fidedignas","twitter_site":"@fidedignas","twitter_misc":{"Escrito por":"Redacci\u00f3n","Tiempo de lectura":"3 minutos"},"schema":{"@context":"https:\/\/schema.org","@graph":[{"@type":"Article","@id":"https:\/\/fuentesfidedignas.com.mx\/index.php\/2025\/06\/18\/descubren-en-hawai-una-nueva-especie-de-abeja-completamente-negra\/#article","isPartOf":{"@id":"https:\/\/fuentesfidedignas.com.mx\/index.php\/2025\/06\/18\/descubren-en-hawai-una-nueva-especie-de-abeja-completamente-negra\/"},"author":{"name":"Redacci\u00f3n","@id":"https:\/\/fuentesfidedignas.com.mx\/#\/schema\/person\/331be9283d37198e2acd5750279085b0"},"headline":"Descubren en Haw\u00e1i una nueva especie de abeja completamente negra","datePublished":"2025-06-18T12:03:00+00:00","mainEntityOfPage":{"@id":"https:\/\/fuentesfidedignas.com.mx\/index.php\/2025\/06\/18\/descubren-en-hawai-una-nueva-especie-de-abeja-completamente-negra\/"},"wordCount":619,"commentCount":0,"publisher":{"@id":"https:\/\/fuentesfidedignas.com.mx\/#organization"},"image":{"@id":"https:\/\/fuentesfidedignas.com.mx\/index.php\/2025\/06\/18\/descubren-en-hawai-una-nueva-especie-de-abeja-completamente-negra\/#primaryimage"},"thumbnailUrl":"https:\/\/fuentesfidedignas.com.mx\/wp-content\/uploads\/2025\/04\/abeja-negra-.jpg","articleSection":["LAS ASOMBROSAS"],"inLanguage":"es","potentialAction":[{"@type":"CommentAction","name":"Comment","target":["https:\/\/fuentesfidedignas.com.mx\/index.php\/2025\/06\/18\/descubren-en-hawai-una-nueva-especie-de-abeja-completamente-negra\/#respond"]}]},{"@type":"WebPage","@id":"https:\/\/fuentesfidedignas.com.mx\/index.php\/2025\/06\/18\/descubren-en-hawai-una-nueva-especie-de-abeja-completamente-negra\/","url":"https:\/\/fuentesfidedignas.com.mx\/index.php\/2025\/06\/18\/descubren-en-hawai-una-nueva-especie-de-abeja-completamente-negra\/","name":"Descubren en Haw\u00e1i una nueva especie de abeja completamente negra - Fuentes Fidedignas","isPartOf":{"@id":"https:\/\/fuentesfidedignas.com.mx\/#website"},"primaryImageOfPage":{"@id":"https:\/\/fuentesfidedignas.com.mx\/index.php\/2025\/06\/18\/descubren-en-hawai-una-nueva-especie-de-abeja-completamente-negra\/#primaryimage"},"image":{"@id":"https:\/\/fuentesfidedignas.com.mx\/index.php\/2025\/06\/18\/descubren-en-hawai-una-nueva-especie-de-abeja-completamente-negra\/#primaryimage"},"thumbnailUrl":"https:\/\/fuentesfidedignas.com.mx\/wp-content\/uploads\/2025\/04\/abeja-negra-.jpg","datePublished":"2025-06-18T12:03:00+00:00","breadcrumb":{"@id":"https:\/\/fuentesfidedignas.com.mx\/index.php\/2025\/06\/18\/descubren-en-hawai-una-nueva-especie-de-abeja-completamente-negra\/#breadcrumb"},"inLanguage":"es","potentialAction":[{"@type":"ReadAction","target":["https:\/\/fuentesfidedignas.com.mx\/index.php\/2025\/06\/18\/descubren-en-hawai-una-nueva-especie-de-abeja-completamente-negra\/"]}]},{"@type":"ImageObject","inLanguage":"es","@id":"https:\/\/fuentesfidedignas.com.mx\/index.php\/2025\/06\/18\/descubren-en-hawai-una-nueva-especie-de-abeja-completamente-negra\/#primaryimage","url":"https:\/\/fuentesfidedignas.com.mx\/wp-content\/uploads\/2025\/04\/abeja-negra-.jpg","contentUrl":"https:\/\/fuentesfidedignas.com.mx\/wp-content\/uploads\/2025\/04\/abeja-negra-.jpg","width":635,"height":358},{"@type":"BreadcrumbList","@id":"https:\/\/fuentesfidedignas.com.mx\/index.php\/2025\/06\/18\/descubren-en-hawai-una-nueva-especie-de-abeja-completamente-negra\/#breadcrumb","itemListElement":[{"@type":"ListItem","position":1,"name":"Inicio","item":"https:\/\/fuentesfidedignas.com.mx\/"},{"@type":"ListItem","position":2,"name":"Descubren en Haw\u00e1i una nueva especie de abeja completamente negra"}]},{"@type":"WebSite","@id":"https:\/\/fuentesfidedignas.com.mx\/#website","url":"https:\/\/fuentesfidedignas.com.mx\/","name":"Fuentes Fidedignas","description":"Otro sitio realizado con WordPress","publisher":{"@id":"https:\/\/fuentesfidedignas.com.mx\/#organization"},"potentialAction":[{"@type":"SearchAction","target":{"@type":"EntryPoint","urlTemplate":"https:\/\/fuentesfidedignas.com.mx\/?s={search_term_string}"},"query-input":{"@type":"PropertyValueSpecification","valueRequired":true,"valueName":"search_term_string"}}],"inLanguage":"es"},{"@type":"Organization","@id":"https:\/\/fuentesfidedignas.com.mx\/#organization","name":"Fuentes Fidedignas","url":"https:\/\/fuentesfidedignas.com.mx\/","logo":{"@type":"ImageObject","inLanguage":"es","@id":"https:\/\/fuentesfidedignas.com.mx\/#\/schema\/logo\/image\/","url":"https:\/\/fuentesfidedignas.com.mx\/wp-content\/uploads\/2021\/04\/logo-retina.png","contentUrl":"https:\/\/fuentesfidedignas.com.mx\/wp-content\/uploads\/2021\/04\/logo-retina.png","width":280,"height":51,"caption":"Fuentes Fidedignas"},"image":{"@id":"https:\/\/fuentesfidedignas.com.mx\/#\/schema\/logo\/image\/"},"sameAs":["https:\/\/www.facebook.com\/Fuentes-Fidedignas-368234489921644","https:\/\/x.com\/fidedignas"]},{"@type":"Person","@id":"https:\/\/fuentesfidedignas.com.mx\/#\/schema\/person\/331be9283d37198e2acd5750279085b0","name":"Redacci\u00f3n","image":{"@type":"ImageObject","inLanguage":"es","@id":"https:\/\/secure.gravatar.com\/avatar\/f6d8782c11d12b2d4ad3fbb6931aeab5309937a4d6cd2fc9cfaa28a6396a5aec?s=96&d=mm&r=g","url":"https:\/\/secure.gravatar.com\/avatar\/f6d8782c11d12b2d4ad3fbb6931aeab5309937a4d6cd2fc9cfaa28a6396a5aec?s=96&d=mm&r=g","contentUrl":"https:\/\/secure.gravatar.com\/avatar\/f6d8782c11d12b2d4ad3fbb6931aeab5309937a4d6cd2fc9cfaa28a6396a5aec?s=96&d=mm&r=g","caption":"Redacci\u00f3n"},"url":"https:\/\/fuentesfidedignas.com.mx\/index.php\/author\/redaccion\/"}]}},"_links":{"self":[{"href":"https:\/\/fuentesfidedignas.com.mx\/index.php\/wp-json\/wp\/v2\/posts\/107290","targetHints":{"allow":["GET"]}}],"collection":[{"href":"https:\/\/fuentesfidedignas.com.mx\/index.php\/wp-json\/wp\/v2\/posts"}],"about":[{"href":"https:\/\/fuentesfidedignas.com.mx\/index.php\/wp-json\/wp\/v2\/types\/post"}],"author":[{"embeddable":true,"href":"https:\/\/fuentesfidedignas.com.mx\/index.php\/wp-json\/wp\/v2\/users\/4"}],"replies":[{"embeddable":true,"href":"https:\/\/fuentesfidedignas.com.mx\/index.php\/wp-json\/wp\/v2\/comments?post=107290"}],"version-history":[{"count":1,"href":"https:\/\/fuentesfidedignas.com.mx\/index.php\/wp-json\/wp\/v2\/posts\/107290\/revisions"}],"predecessor-version":[{"id":107292,"href":"https:\/\/fuentesfidedignas.com.mx\/index.php\/wp-json\/wp\/v2\/posts\/107290\/revisions\/107292"}],"wp:featuredmedia":[{"embeddable":true,"href":"https:\/\/fuentesfidedignas.com.mx\/index.php\/wp-json\/wp\/v2\/media\/107291"}],"wp:attachment":[{"href":"https:\/\/fuentesfidedignas.com.mx\/index.php\/wp-json\/wp\/v2\/media?parent=107290"}],"wp:term":[{"taxonomy":"category","embeddable":true,"href":"https:\/\/fuentesfidedignas.com.mx\/index.php\/wp-json\/wp\/v2\/categories?post=107290"},{"taxonomy":"post_tag","embeddable":true,"href":"https:\/\/fuentesfidedignas.com.mx\/index.php\/wp-json\/wp\/v2\/tags?post=107290"}],"curies":[{"name":"wp","href":"https:\/\/api.w.org\/{rel}","templated":true}]}}