{"id":107284,"date":"2025-04-29T16:45:17","date_gmt":"2025-04-29T23:45:17","guid":{"rendered":"https:\/\/fuentesfidedignas.com.mx\/?p=107284"},"modified":"2025-04-29T16:50:07","modified_gmt":"2025-04-29T23:50:07","slug":"centro-de-convenciones-de-culiacan-transformara-el-turismo-en-el-noroeste-de-mexico-rocha","status":"publish","type":"post","link":"https:\/\/fuentesfidedignas.com.mx\/index.php\/2025\/04\/29\/centro-de-convenciones-de-culiacan-transformara-el-turismo-en-el-noroeste-de-mexico-rocha\/","title":{"rendered":"Centro de Convenciones de Culiac\u00e1n transformar\u00e1 el turismo en el Noroeste de M\u00e9xico: Rocha"},"content":{"rendered":"\n<p><strong><em>El gobernador de Sinaloa, Rub\u00e9n Rocha Moya, realiz\u00f3 la presentaci\u00f3n del proyecto en el marco del Tianguis Tur\u00edstico 2025 que se realiza en Baja California<\/em><\/strong><\/p>\n\n\n\n<p>Tijuana, Baja California.- El nuevo Centro de Convenciones de Culiac\u00e1n ser\u00e1 el motor de transformaci\u00f3n del turismo de negocios y eventos del Noroeste de M\u00e9xico, asegur\u00f3 el gobernador de Sinaloa, Rub\u00e9n Rocha Moya, al presentar el proyecto en el marco del Tianguis Tur\u00edstico 2025 realizado en Baja California. Una obra que tendr\u00e1 una inversi\u00f3n de 300 millones de pesos, el Centro de Convenciones de Culiac\u00e1n contar\u00e1 con una capacidad para albergar hasta mil quinientas personas, \u00e1reas divisibles de m\u00e1s de mil doscientos metros cuadrados y una ubicaci\u00f3n privilegiada, a solo 10 minutos del Aeropuerto Internacional de Culiac\u00e1n.<\/p>\n\n\n\n<p>Culiac\u00e1n es un destino completo, con infraestructura hotelera en crecimiento, resalt\u00f3 el mandatario al asegurar que este espacio redefinir\u00e1 el turismo de negocios y reuniones en la entidad. &#8220;Sinaloa tiene muchos atractivos y ahora queremos ampliarlos a Culiac\u00e1n, pero hacer un Centro de Convenciones solo no tendr\u00eda sentido, por eso lo estamos complementando con obras, que le dan una circulaci\u00f3n a la ciudad, que permitan que tenga movilidad r\u00e1pida&#8221;, destac\u00f3.<\/p>\n\n\n\n<p>El Centro de Convenciones va a construirse sobre 10 mil metros cuadrados y contar\u00e1 con un \u00e1rea que se ofertar\u00e1 a inversionistas para la construcci\u00f3n de hoteles y desarrollarlo como un espacio completo de negocios.<\/p>\n\n\n\n<p>El mandatario estuvo acompa\u00f1ado por la secretaria de Turismo de Sinaloa, Mireya Sosa Osuna y por el secretario de Econom\u00eda, Ricardo Velarde C\u00e1rdenas.<\/p>\n\n\n\n<p>Sosa Osuna afirm\u00f3 que con este proyecto se da un paso firme hacia el fortalecimiento del turismo de reuniones en la capital del estado, &#8220;El nuevo Centro de Convenciones de Culiac\u00e1n representa una infraestructura moderna, incluyente y estrat\u00e9gica, muy cerca del Aeropuerto Internacional de Culiac\u00e1n, un aeropuerto que, adem\u00e1s, est\u00e1 siendo renovado con una inversi\u00f3n superior a 650 millones de pesos, lo que duplicar\u00e1 su capacidad para atender hasta cinco millones de pasajeros al a\u00f1o, fortaleciendo nuestra conectividad y abriendo nuevas puertas para el turismo, los negocios y el desarrollo econ\u00f3mico de la regi\u00f3n&#8221;, destac\u00f3 Sosa Osuna.<\/p>\n\n\n\n<p>Esto ampl\u00eda las posibilidades para atraer a Culiac\u00e1n congresos, exposiciones, ferias y convenciones, adem\u00e1s de que lo posiciona como un nodo log\u00edstico ideal en la regi\u00f3n, Con m\u00e1s de tres mil habitaciones disponibles en la capital del estado y una oferta tur\u00edstica en constante crecimiento, el Centro de Convenciones de Culiac\u00e1n es m\u00e1s que un edificio, una puerta al futuro de Culiac\u00e1n como destino de alto valor. Seguiremos trabajando para que este espacio se convierta en un motor de desarrollo econ\u00f3mico, cultural y social para nuestra gente, puntualiz\u00f3.<\/p>\n\n\n\n<p>Previo a la presentaci\u00f3n del proyecto, el gobernador realiz\u00f3 un recorrido por el stand de Sinaloa en el Tianguis Tur\u00edstico 2025, donde salud\u00f3 a los vendedores y clientes potenciales del estado que se encontraban en el lugar.<\/p>\n","protected":false},"excerpt":{"rendered":"<p>El gobernador de Sinaloa, Rub\u00e9n Rocha Moya, realiz\u00f3 la presentaci\u00f3n del proyecto en el marco del Tianguis Tur\u00edstico 2025 que se realiza en Baja California Tijuana, Baja California.- El nuevo Centro de Convenciones de Culiac\u00e1n ser\u00e1 el motor de transformaci\u00f3n del turismo de negocios y eventos del Noroeste de M\u00e9xico, asegur\u00f3 el gobernador de Sinaloa, [&hellip;]<\/p>\n","protected":false},"author":4,"featured_media":107285,"comment_status":"open","ping_status":"open","sticky":false,"template":"","format":"standard","meta":{"tdm_status":"","tdm_grid_status":"","footnotes":""},"categories":[37],"tags":[],"class_list":{"0":"post-107284","1":"post","2":"type-post","3":"status-publish","4":"format-standard","5":"has-post-thumbnail","7":"category-nota-principal"},"yoast_head":"<!-- This site is optimized with the Yoast SEO plugin v27.5 - https:\/\/yoast.com\/product\/yoast-seo-wordpress\/ -->\n<title>Centro de Convenciones de Culiac\u00e1n transformar\u00e1 el turismo en el Noroeste de M\u00e9xico: Rocha - Fuentes Fidedignas<\/title>\n<meta name=\"robots\" content=\"index, follow, max-snippet:-1, max-image-preview:large, max-video-preview:-1\" \/>\n<link rel=\"canonical\" href=\"https:\/\/fuentesfidedignas.com.mx\/index.php\/2025\/04\/29\/centro-de-convenciones-de-culiacan-transformara-el-turismo-en-el-noroeste-de-mexico-rocha\/\" \/>\n<meta property=\"og:locale\" content=\"es_MX\" \/>\n<meta property=\"og:type\" content=\"article\" \/>\n<meta property=\"og:title\" content=\"Centro de Convenciones de Culiac\u00e1n transformar\u00e1 el turismo en el Noroeste de M\u00e9xico: Rocha - Fuentes Fidedignas\" \/>\n<meta property=\"og:description\" content=\"El gobernador de Sinaloa, Rub\u00e9n Rocha Moya, realiz\u00f3 la presentaci\u00f3n del proyecto en el marco del Tianguis Tur\u00edstico 2025 que se realiza en Baja California Tijuana, Baja California.- El nuevo Centro de Convenciones de Culiac\u00e1n ser\u00e1 el motor de transformaci\u00f3n del turismo de negocios y eventos del Noroeste de M\u00e9xico, asegur\u00f3 el gobernador de Sinaloa, [&hellip;]\" \/>\n<meta property=\"og:url\" content=\"https:\/\/fuentesfidedignas.com.mx\/index.php\/2025\/04\/29\/centro-de-convenciones-de-culiacan-transformara-el-turismo-en-el-noroeste-de-mexico-rocha\/\" \/>\n<meta property=\"og:site_name\" content=\"Fuentes Fidedignas\" \/>\n<meta property=\"article:publisher\" content=\"https:\/\/www.facebook.com\/Fuentes-Fidedignas-368234489921644\" \/>\n<meta property=\"article:published_time\" content=\"2025-04-29T23:45:17+00:00\" \/>\n<meta property=\"article:modified_time\" content=\"2025-04-29T23:50:07+00:00\" \/>\n<meta property=\"og:image\" content=\"https:\/\/fuentesfidedignas.com.mx\/wp-content\/uploads\/2025\/04\/WhatsApp-Image-2025-04-29-at-3.27.06-PM.jpeg\" \/>\n\t<meta property=\"og:image:width\" content=\"600\" \/>\n\t<meta property=\"og:image:height\" content=\"400\" \/>\n\t<meta property=\"og:image:type\" content=\"image\/jpeg\" \/>\n<meta name=\"author\" content=\"Redacci\u00f3n\" \/>\n<meta name=\"twitter:card\" content=\"summary_large_image\" \/>\n<meta name=\"twitter:creator\" content=\"@fidedignas\" \/>\n<meta name=\"twitter:site\" content=\"@fidedignas\" \/>\n<meta name=\"twitter:label1\" content=\"Escrito por\" \/>\n\t<meta name=\"twitter:data1\" content=\"Redacci\u00f3n\" \/>\n\t<meta name=\"twitter:label2\" content=\"Tiempo de lectura\" \/>\n\t<meta name=\"twitter:data2\" content=\"3 minutos\" \/>\n<script type=\"application\/ld+json\" class=\"yoast-schema-graph\">{\"@context\":\"https:\\\/\\\/schema.org\",\"@graph\":[{\"@type\":\"Article\",\"@id\":\"https:\\\/\\\/fuentesfidedignas.com.mx\\\/index.php\\\/2025\\\/04\\\/29\\\/centro-de-convenciones-de-culiacan-transformara-el-turismo-en-el-noroeste-de-mexico-rocha\\\/#article\",\"isPartOf\":{\"@id\":\"https:\\\/\\\/fuentesfidedignas.com.mx\\\/index.php\\\/2025\\\/04\\\/29\\\/centro-de-convenciones-de-culiacan-transformara-el-turismo-en-el-noroeste-de-mexico-rocha\\\/\"},\"author\":{\"name\":\"Redacci\u00f3n\",\"@id\":\"https:\\\/\\\/fuentesfidedignas.com.mx\\\/#\\\/schema\\\/person\\\/331be9283d37198e2acd5750279085b0\"},\"headline\":\"Centro de Convenciones de Culiac\u00e1n transformar\u00e1 el turismo en el Noroeste de M\u00e9xico: Rocha\",\"datePublished\":\"2025-04-29T23:45:17+00:00\",\"dateModified\":\"2025-04-29T23:50:07+00:00\",\"mainEntityOfPage\":{\"@id\":\"https:\\\/\\\/fuentesfidedignas.com.mx\\\/index.php\\\/2025\\\/04\\\/29\\\/centro-de-convenciones-de-culiacan-transformara-el-turismo-en-el-noroeste-de-mexico-rocha\\\/\"},\"wordCount\":525,\"commentCount\":0,\"publisher\":{\"@id\":\"https:\\\/\\\/fuentesfidedignas.com.mx\\\/#organization\"},\"image\":{\"@id\":\"https:\\\/\\\/fuentesfidedignas.com.mx\\\/index.php\\\/2025\\\/04\\\/29\\\/centro-de-convenciones-de-culiacan-transformara-el-turismo-en-el-noroeste-de-mexico-rocha\\\/#primaryimage\"},\"thumbnailUrl\":\"https:\\\/\\\/fuentesfidedignas.com.mx\\\/wp-content\\\/uploads\\\/2025\\\/04\\\/WhatsApp-Image-2025-04-29-at-3.27.06-PM.jpeg\",\"articleSection\":[\"NOTA PRINCIPAL\"],\"inLanguage\":\"es\",\"potentialAction\":[{\"@type\":\"CommentAction\",\"name\":\"Comment\",\"target\":[\"https:\\\/\\\/fuentesfidedignas.com.mx\\\/index.php\\\/2025\\\/04\\\/29\\\/centro-de-convenciones-de-culiacan-transformara-el-turismo-en-el-noroeste-de-mexico-rocha\\\/#respond\"]}]},{\"@type\":\"WebPage\",\"@id\":\"https:\\\/\\\/fuentesfidedignas.com.mx\\\/index.php\\\/2025\\\/04\\\/29\\\/centro-de-convenciones-de-culiacan-transformara-el-turismo-en-el-noroeste-de-mexico-rocha\\\/\",\"url\":\"https:\\\/\\\/fuentesfidedignas.com.mx\\\/index.php\\\/2025\\\/04\\\/29\\\/centro-de-convenciones-de-culiacan-transformara-el-turismo-en-el-noroeste-de-mexico-rocha\\\/\",\"name\":\"Centro de Convenciones de Culiac\u00e1n transformar\u00e1 el turismo en el Noroeste de M\u00e9xico: Rocha - Fuentes Fidedignas\",\"isPartOf\":{\"@id\":\"https:\\\/\\\/fuentesfidedignas.com.mx\\\/#website\"},\"primaryImageOfPage\":{\"@id\":\"https:\\\/\\\/fuentesfidedignas.com.mx\\\/index.php\\\/2025\\\/04\\\/29\\\/centro-de-convenciones-de-culiacan-transformara-el-turismo-en-el-noroeste-de-mexico-rocha\\\/#primaryimage\"},\"image\":{\"@id\":\"https:\\\/\\\/fuentesfidedignas.com.mx\\\/index.php\\\/2025\\\/04\\\/29\\\/centro-de-convenciones-de-culiacan-transformara-el-turismo-en-el-noroeste-de-mexico-rocha\\\/#primaryimage\"},\"thumbnailUrl\":\"https:\\\/\\\/fuentesfidedignas.com.mx\\\/wp-content\\\/uploads\\\/2025\\\/04\\\/WhatsApp-Image-2025-04-29-at-3.27.06-PM.jpeg\",\"datePublished\":\"2025-04-29T23:45:17+00:00\",\"dateModified\":\"2025-04-29T23:50:07+00:00\",\"breadcrumb\":{\"@id\":\"https:\\\/\\\/fuentesfidedignas.com.mx\\\/index.php\\\/2025\\\/04\\\/29\\\/centro-de-convenciones-de-culiacan-transformara-el-turismo-en-el-noroeste-de-mexico-rocha\\\/#breadcrumb\"},\"inLanguage\":\"es\",\"potentialAction\":[{\"@type\":\"ReadAction\",\"target\":[\"https:\\\/\\\/fuentesfidedignas.com.mx\\\/index.php\\\/2025\\\/04\\\/29\\\/centro-de-convenciones-de-culiacan-transformara-el-turismo-en-el-noroeste-de-mexico-rocha\\\/\"]}]},{\"@type\":\"ImageObject\",\"inLanguage\":\"es\",\"@id\":\"https:\\\/\\\/fuentesfidedignas.com.mx\\\/index.php\\\/2025\\\/04\\\/29\\\/centro-de-convenciones-de-culiacan-transformara-el-turismo-en-el-noroeste-de-mexico-rocha\\\/#primaryimage\",\"url\":\"https:\\\/\\\/fuentesfidedignas.com.mx\\\/wp-content\\\/uploads\\\/2025\\\/04\\\/WhatsApp-Image-2025-04-29-at-3.27.06-PM.jpeg\",\"contentUrl\":\"https:\\\/\\\/fuentesfidedignas.com.mx\\\/wp-content\\\/uploads\\\/2025\\\/04\\\/WhatsApp-Image-2025-04-29-at-3.27.06-PM.jpeg\",\"width\":600,\"height\":400},{\"@type\":\"BreadcrumbList\",\"@id\":\"https:\\\/\\\/fuentesfidedignas.com.mx\\\/index.php\\\/2025\\\/04\\\/29\\\/centro-de-convenciones-de-culiacan-transformara-el-turismo-en-el-noroeste-de-mexico-rocha\\\/#breadcrumb\",\"itemListElement\":[{\"@type\":\"ListItem\",\"position\":1,\"name\":\"Inicio\",\"item\":\"https:\\\/\\\/fuentesfidedignas.com.mx\\\/\"},{\"@type\":\"ListItem\",\"position\":2,\"name\":\"Centro de Convenciones de Culiac\u00e1n transformar\u00e1 el turismo en el Noroeste de M\u00e9xico: Rocha\"}]},{\"@type\":\"WebSite\",\"@id\":\"https:\\\/\\\/fuentesfidedignas.com.mx\\\/#website\",\"url\":\"https:\\\/\\\/fuentesfidedignas.com.mx\\\/\",\"name\":\"Fuentes Fidedignas\",\"description\":\"Otro sitio realizado con WordPress\",\"publisher\":{\"@id\":\"https:\\\/\\\/fuentesfidedignas.com.mx\\\/#organization\"},\"potentialAction\":[{\"@type\":\"SearchAction\",\"target\":{\"@type\":\"EntryPoint\",\"urlTemplate\":\"https:\\\/\\\/fuentesfidedignas.com.mx\\\/?s={search_term_string}\"},\"query-input\":{\"@type\":\"PropertyValueSpecification\",\"valueRequired\":true,\"valueName\":\"search_term_string\"}}],\"inLanguage\":\"es\"},{\"@type\":\"Organization\",\"@id\":\"https:\\\/\\\/fuentesfidedignas.com.mx\\\/#organization\",\"name\":\"Fuentes Fidedignas\",\"url\":\"https:\\\/\\\/fuentesfidedignas.com.mx\\\/\",\"logo\":{\"@type\":\"ImageObject\",\"inLanguage\":\"es\",\"@id\":\"https:\\\/\\\/fuentesfidedignas.com.mx\\\/#\\\/schema\\\/logo\\\/image\\\/\",\"url\":\"https:\\\/\\\/fuentesfidedignas.com.mx\\\/wp-content\\\/uploads\\\/2021\\\/04\\\/logo-retina.png\",\"contentUrl\":\"https:\\\/\\\/fuentesfidedignas.com.mx\\\/wp-content\\\/uploads\\\/2021\\\/04\\\/logo-retina.png\",\"width\":280,\"height\":51,\"caption\":\"Fuentes Fidedignas\"},\"image\":{\"@id\":\"https:\\\/\\\/fuentesfidedignas.com.mx\\\/#\\\/schema\\\/logo\\\/image\\\/\"},\"sameAs\":[\"https:\\\/\\\/www.facebook.com\\\/Fuentes-Fidedignas-368234489921644\",\"https:\\\/\\\/x.com\\\/fidedignas\"]},{\"@type\":\"Person\",\"@id\":\"https:\\\/\\\/fuentesfidedignas.com.mx\\\/#\\\/schema\\\/person\\\/331be9283d37198e2acd5750279085b0\",\"name\":\"Redacci\u00f3n\",\"image\":{\"@type\":\"ImageObject\",\"inLanguage\":\"es\",\"@id\":\"https:\\\/\\\/secure.gravatar.com\\\/avatar\\\/f6d8782c11d12b2d4ad3fbb6931aeab5309937a4d6cd2fc9cfaa28a6396a5aec?s=96&d=mm&r=g\",\"url\":\"https:\\\/\\\/secure.gravatar.com\\\/avatar\\\/f6d8782c11d12b2d4ad3fbb6931aeab5309937a4d6cd2fc9cfaa28a6396a5aec?s=96&d=mm&r=g\",\"contentUrl\":\"https:\\\/\\\/secure.gravatar.com\\\/avatar\\\/f6d8782c11d12b2d4ad3fbb6931aeab5309937a4d6cd2fc9cfaa28a6396a5aec?s=96&d=mm&r=g\",\"caption\":\"Redacci\u00f3n\"},\"url\":\"https:\\\/\\\/fuentesfidedignas.com.mx\\\/index.php\\\/author\\\/redaccion\\\/\"}]}<\/script>\n<!-- \/ Yoast SEO plugin. -->","yoast_head_json":{"title":"Centro de Convenciones de Culiac\u00e1n transformar\u00e1 el turismo en el Noroeste de M\u00e9xico: Rocha - Fuentes Fidedignas","robots":{"index":"index","follow":"follow","max-snippet":"max-snippet:-1","max-image-preview":"max-image-preview:large","max-video-preview":"max-video-preview:-1"},"canonical":"https:\/\/fuentesfidedignas.com.mx\/index.php\/2025\/04\/29\/centro-de-convenciones-de-culiacan-transformara-el-turismo-en-el-noroeste-de-mexico-rocha\/","og_locale":"es_MX","og_type":"article","og_title":"Centro de Convenciones de Culiac\u00e1n transformar\u00e1 el turismo en el Noroeste de M\u00e9xico: Rocha - Fuentes Fidedignas","og_description":"El gobernador de Sinaloa, Rub\u00e9n Rocha Moya, realiz\u00f3 la presentaci\u00f3n del proyecto en el marco del Tianguis Tur\u00edstico 2025 que se realiza en Baja California Tijuana, Baja California.- El nuevo Centro de Convenciones de Culiac\u00e1n ser\u00e1 el motor de transformaci\u00f3n del turismo de negocios y eventos del Noroeste de M\u00e9xico, asegur\u00f3 el gobernador de Sinaloa, [&hellip;]","og_url":"https:\/\/fuentesfidedignas.com.mx\/index.php\/2025\/04\/29\/centro-de-convenciones-de-culiacan-transformara-el-turismo-en-el-noroeste-de-mexico-rocha\/","og_site_name":"Fuentes Fidedignas","article_publisher":"https:\/\/www.facebook.com\/Fuentes-Fidedignas-368234489921644","article_published_time":"2025-04-29T23:45:17+00:00","article_modified_time":"2025-04-29T23:50:07+00:00","og_image":[{"width":600,"height":400,"url":"https:\/\/fuentesfidedignas.com.mx\/wp-content\/uploads\/2025\/04\/WhatsApp-Image-2025-04-29-at-3.27.06-PM.jpeg","type":"image\/jpeg"}],"author":"Redacci\u00f3n","twitter_card":"summary_large_image","twitter_creator":"@fidedignas","twitter_site":"@fidedignas","twitter_misc":{"Escrito por":"Redacci\u00f3n","Tiempo de lectura":"3 minutos"},"schema":{"@context":"https:\/\/schema.org","@graph":[{"@type":"Article","@id":"https:\/\/fuentesfidedignas.com.mx\/index.php\/2025\/04\/29\/centro-de-convenciones-de-culiacan-transformara-el-turismo-en-el-noroeste-de-mexico-rocha\/#article","isPartOf":{"@id":"https:\/\/fuentesfidedignas.com.mx\/index.php\/2025\/04\/29\/centro-de-convenciones-de-culiacan-transformara-el-turismo-en-el-noroeste-de-mexico-rocha\/"},"author":{"name":"Redacci\u00f3n","@id":"https:\/\/fuentesfidedignas.com.mx\/#\/schema\/person\/331be9283d37198e2acd5750279085b0"},"headline":"Centro de Convenciones de Culiac\u00e1n transformar\u00e1 el turismo en el Noroeste de M\u00e9xico: Rocha","datePublished":"2025-04-29T23:45:17+00:00","dateModified":"2025-04-29T23:50:07+00:00","mainEntityOfPage":{"@id":"https:\/\/fuentesfidedignas.com.mx\/index.php\/2025\/04\/29\/centro-de-convenciones-de-culiacan-transformara-el-turismo-en-el-noroeste-de-mexico-rocha\/"},"wordCount":525,"commentCount":0,"publisher":{"@id":"https:\/\/fuentesfidedignas.com.mx\/#organization"},"image":{"@id":"https:\/\/fuentesfidedignas.com.mx\/index.php\/2025\/04\/29\/centro-de-convenciones-de-culiacan-transformara-el-turismo-en-el-noroeste-de-mexico-rocha\/#primaryimage"},"thumbnailUrl":"https:\/\/fuentesfidedignas.com.mx\/wp-content\/uploads\/2025\/04\/WhatsApp-Image-2025-04-29-at-3.27.06-PM.jpeg","articleSection":["NOTA PRINCIPAL"],"inLanguage":"es","potentialAction":[{"@type":"CommentAction","name":"Comment","target":["https:\/\/fuentesfidedignas.com.mx\/index.php\/2025\/04\/29\/centro-de-convenciones-de-culiacan-transformara-el-turismo-en-el-noroeste-de-mexico-rocha\/#respond"]}]},{"@type":"WebPage","@id":"https:\/\/fuentesfidedignas.com.mx\/index.php\/2025\/04\/29\/centro-de-convenciones-de-culiacan-transformara-el-turismo-en-el-noroeste-de-mexico-rocha\/","url":"https:\/\/fuentesfidedignas.com.mx\/index.php\/2025\/04\/29\/centro-de-convenciones-de-culiacan-transformara-el-turismo-en-el-noroeste-de-mexico-rocha\/","name":"Centro de Convenciones de Culiac\u00e1n transformar\u00e1 el turismo en el Noroeste de M\u00e9xico: Rocha - Fuentes Fidedignas","isPartOf":{"@id":"https:\/\/fuentesfidedignas.com.mx\/#website"},"primaryImageOfPage":{"@id":"https:\/\/fuentesfidedignas.com.mx\/index.php\/2025\/04\/29\/centro-de-convenciones-de-culiacan-transformara-el-turismo-en-el-noroeste-de-mexico-rocha\/#primaryimage"},"image":{"@id":"https:\/\/fuentesfidedignas.com.mx\/index.php\/2025\/04\/29\/centro-de-convenciones-de-culiacan-transformara-el-turismo-en-el-noroeste-de-mexico-rocha\/#primaryimage"},"thumbnailUrl":"https:\/\/fuentesfidedignas.com.mx\/wp-content\/uploads\/2025\/04\/WhatsApp-Image-2025-04-29-at-3.27.06-PM.jpeg","datePublished":"2025-04-29T23:45:17+00:00","dateModified":"2025-04-29T23:50:07+00:00","breadcrumb":{"@id":"https:\/\/fuentesfidedignas.com.mx\/index.php\/2025\/04\/29\/centro-de-convenciones-de-culiacan-transformara-el-turismo-en-el-noroeste-de-mexico-rocha\/#breadcrumb"},"inLanguage":"es","potentialAction":[{"@type":"ReadAction","target":["https:\/\/fuentesfidedignas.com.mx\/index.php\/2025\/04\/29\/centro-de-convenciones-de-culiacan-transformara-el-turismo-en-el-noroeste-de-mexico-rocha\/"]}]},{"@type":"ImageObject","inLanguage":"es","@id":"https:\/\/fuentesfidedignas.com.mx\/index.php\/2025\/04\/29\/centro-de-convenciones-de-culiacan-transformara-el-turismo-en-el-noroeste-de-mexico-rocha\/#primaryimage","url":"https:\/\/fuentesfidedignas.com.mx\/wp-content\/uploads\/2025\/04\/WhatsApp-Image-2025-04-29-at-3.27.06-PM.jpeg","contentUrl":"https:\/\/fuentesfidedignas.com.mx\/wp-content\/uploads\/2025\/04\/WhatsApp-Image-2025-04-29-at-3.27.06-PM.jpeg","width":600,"height":400},{"@type":"BreadcrumbList","@id":"https:\/\/fuentesfidedignas.com.mx\/index.php\/2025\/04\/29\/centro-de-convenciones-de-culiacan-transformara-el-turismo-en-el-noroeste-de-mexico-rocha\/#breadcrumb","itemListElement":[{"@type":"ListItem","position":1,"name":"Inicio","item":"https:\/\/fuentesfidedignas.com.mx\/"},{"@type":"ListItem","position":2,"name":"Centro de Convenciones de Culiac\u00e1n transformar\u00e1 el turismo en el Noroeste de M\u00e9xico: Rocha"}]},{"@type":"WebSite","@id":"https:\/\/fuentesfidedignas.com.mx\/#website","url":"https:\/\/fuentesfidedignas.com.mx\/","name":"Fuentes Fidedignas","description":"Otro sitio realizado con WordPress","publisher":{"@id":"https:\/\/fuentesfidedignas.com.mx\/#organization"},"potentialAction":[{"@type":"SearchAction","target":{"@type":"EntryPoint","urlTemplate":"https:\/\/fuentesfidedignas.com.mx\/?s={search_term_string}"},"query-input":{"@type":"PropertyValueSpecification","valueRequired":true,"valueName":"search_term_string"}}],"inLanguage":"es"},{"@type":"Organization","@id":"https:\/\/fuentesfidedignas.com.mx\/#organization","name":"Fuentes Fidedignas","url":"https:\/\/fuentesfidedignas.com.mx\/","logo":{"@type":"ImageObject","inLanguage":"es","@id":"https:\/\/fuentesfidedignas.com.mx\/#\/schema\/logo\/image\/","url":"https:\/\/fuentesfidedignas.com.mx\/wp-content\/uploads\/2021\/04\/logo-retina.png","contentUrl":"https:\/\/fuentesfidedignas.com.mx\/wp-content\/uploads\/2021\/04\/logo-retina.png","width":280,"height":51,"caption":"Fuentes Fidedignas"},"image":{"@id":"https:\/\/fuentesfidedignas.com.mx\/#\/schema\/logo\/image\/"},"sameAs":["https:\/\/www.facebook.com\/Fuentes-Fidedignas-368234489921644","https:\/\/x.com\/fidedignas"]},{"@type":"Person","@id":"https:\/\/fuentesfidedignas.com.mx\/#\/schema\/person\/331be9283d37198e2acd5750279085b0","name":"Redacci\u00f3n","image":{"@type":"ImageObject","inLanguage":"es","@id":"https:\/\/secure.gravatar.com\/avatar\/f6d8782c11d12b2d4ad3fbb6931aeab5309937a4d6cd2fc9cfaa28a6396a5aec?s=96&d=mm&r=g","url":"https:\/\/secure.gravatar.com\/avatar\/f6d8782c11d12b2d4ad3fbb6931aeab5309937a4d6cd2fc9cfaa28a6396a5aec?s=96&d=mm&r=g","contentUrl":"https:\/\/secure.gravatar.com\/avatar\/f6d8782c11d12b2d4ad3fbb6931aeab5309937a4d6cd2fc9cfaa28a6396a5aec?s=96&d=mm&r=g","caption":"Redacci\u00f3n"},"url":"https:\/\/fuentesfidedignas.com.mx\/index.php\/author\/redaccion\/"}]}},"_links":{"self":[{"href":"https:\/\/fuentesfidedignas.com.mx\/index.php\/wp-json\/wp\/v2\/posts\/107284","targetHints":{"allow":["GET"]}}],"collection":[{"href":"https:\/\/fuentesfidedignas.com.mx\/index.php\/wp-json\/wp\/v2\/posts"}],"about":[{"href":"https:\/\/fuentesfidedignas.com.mx\/index.php\/wp-json\/wp\/v2\/types\/post"}],"author":[{"embeddable":true,"href":"https:\/\/fuentesfidedignas.com.mx\/index.php\/wp-json\/wp\/v2\/users\/4"}],"replies":[{"embeddable":true,"href":"https:\/\/fuentesfidedignas.com.mx\/index.php\/wp-json\/wp\/v2\/comments?post=107284"}],"version-history":[{"count":3,"href":"https:\/\/fuentesfidedignas.com.mx\/index.php\/wp-json\/wp\/v2\/posts\/107284\/revisions"}],"predecessor-version":[{"id":107289,"href":"https:\/\/fuentesfidedignas.com.mx\/index.php\/wp-json\/wp\/v2\/posts\/107284\/revisions\/107289"}],"wp:featuredmedia":[{"embeddable":true,"href":"https:\/\/fuentesfidedignas.com.mx\/index.php\/wp-json\/wp\/v2\/media\/107285"}],"wp:attachment":[{"href":"https:\/\/fuentesfidedignas.com.mx\/index.php\/wp-json\/wp\/v2\/media?parent=107284"}],"wp:term":[{"taxonomy":"category","embeddable":true,"href":"https:\/\/fuentesfidedignas.com.mx\/index.php\/wp-json\/wp\/v2\/categories?post=107284"},{"taxonomy":"post_tag","embeddable":true,"href":"https:\/\/fuentesfidedignas.com.mx\/index.php\/wp-json\/wp\/v2\/tags?post=107284"}],"curies":[{"name":"wp","href":"https:\/\/api.w.org\/{rel}","templated":true}]}}