{"id":107220,"date":"2025-04-29T06:26:02","date_gmt":"2025-04-29T13:26:02","guid":{"rendered":"https:\/\/fuentesfidedignas.com.mx\/?p=107220"},"modified":"2025-04-29T06:26:06","modified_gmt":"2025-04-29T13:26:06","slug":"vinculan-a-proceso-a-el-gangoso-lider-de-celula-del-cartel-de-sinaloa-detenido-en-cdmx","status":"publish","type":"post","link":"https:\/\/fuentesfidedignas.com.mx\/index.php\/2025\/04\/29\/vinculan-a-proceso-a-el-gangoso-lider-de-celula-del-cartel-de-sinaloa-detenido-en-cdmx\/","title":{"rendered":"Vinculan a proceso a &#8216;El Gangoso&#8217;, l\u00edder de c\u00e9lula del C\u00e1rtel de Sinaloa detenido en CdMx"},"content":{"rendered":"\n<p><strong><em>Con las pruebas aportadas por el agente del Ministerio P\u00fablico Federal, un juez lo vincul\u00f3 a proceso e impuso prisi\u00f3n preventiva oficiosa y durante un mes para la investigaci\u00f3n complementaria.<\/em><\/strong><\/p>\n\n\n\n<p>Un juez federal vincul\u00f3 a proceso a Joel Alfonso Urrea Yuriar, &#8216;El Gangoso&#8217;, presunto l\u00edder de una c\u00e9lula delictiva vinculada al c\u00e1rtel de Sinaloa.<\/p>\n\n\n\n<p>La Fiscal\u00eda Especializada en Materia de Delincuencia Organizada (FEMDO), de la Fiscal\u00eda General de la Rep\u00fablica (FGR), lo imput\u00f3 por su presunta responsabilidad en los delitos de portaci\u00f3n de arma de fuego de uso exclusivo de las Fuerzas Armadas, contra la salud en su modalidad de posesi\u00f3n con fines de comercio en su variante de venta de clorhidrato de metanfetamina y cohecho.<\/p>\n\n\n\n<p>Mientras que a Javier Ernesto L\u00f3pez Lara, quien fue capturado junto con \u00e9l, solo se le vincul\u00f3 por el probable delito contra la salud en su modalidad de posesi\u00f3n con fines de comercio en su variante de venta de clorhidrato de metanfetamina y cohecho.<\/p>\n\n\n\n<figure class=\"wp-block-image size-full\"><img decoding=\"async\" width=\"618\" height=\"385\" src=\"https:\/\/fuentesfidedignas.com.mx\/wp-content\/uploads\/2025\/04\/image-1.png\" alt=\"\" class=\"wp-image-107221\" srcset=\"https:\/\/fuentesfidedignas.com.mx\/wp-content\/uploads\/2025\/04\/image-1.png 618w, https:\/\/fuentesfidedignas.com.mx\/wp-content\/uploads\/2025\/04\/image-1-300x187.png 300w, https:\/\/fuentesfidedignas.com.mx\/wp-content\/uploads\/2025\/04\/image-1-600x374.png 600w\" sizes=\"(max-width: 618px) 100vw, 618px\" \/><figcaption class=\"wp-element-caption\">Javier Ernesto L\u00f3pez Lara acompa\u00f1aba a &#8216;El Gangoso&#8217; | Especial<\/figcaption><\/figure>\n\n\n\n<p>En d\u00edas pasados, las Fuerzas Federales los detuvieron en las inmediaciones de la alcald\u00eda Azcapotzalco, de la Ciudad de M\u00e9xico.<\/p>\n\n\n\n<p>A Urrea Yuriar se le asegur\u00f3 un arma de fuego corta con su respectivo cargador abastecido, clorhidrato de metanfetamina, numerario, dos credenciales de identificaci\u00f3n y tres tel\u00e9fonos m\u00f3viles.<\/p>\n\n\n\n<p>Seg\u00fan la carpeta de investigaci\u00f3n, Joel Alfonso tambi\u00e9n ofreci\u00f3 dinero a los uniformados a cambio de su libertad.<\/p>\n\n\n\n<p>Con las pruebas aportadas por el agente del Ministerio P\u00fablico Federal, un juez de control adscrito al Centro de Justicia Penal Federal sede en el Reclusorio Norte los vincul\u00f3 a proceso e impuso prisi\u00f3n preventiva oficiosa y un mes para la investigaci\u00f3n complementaria.<\/p>\n\n\n\n<p>Hace unos d\u00edas, funcionarios del gabinete de seguridad comentaron que, el 23 de marzo de este a\u00f1o, en Carrizalejo, Sinaloa, supuestamente Urrea Yariar orden\u00f3 un ataque con drones armados contra soldados, en represalia por una incautaci\u00f3n previa.<\/p>\n\n\n\n<p>Adem\u00e1s, que fung\u00eda como encargado de la fabricaci\u00f3n de cristal en laboratorios clandestinos ubicados en Sinaloa y Puebla, cerca de Chachapa. Tambi\u00e9n que utilizaba casas del Fraccionamiento Los H\u00e9roes, en Puebla, como bodegas.<\/p>\n","protected":false},"excerpt":{"rendered":"<p>Con las pruebas aportadas por el agente del Ministerio P\u00fablico Federal, un juez lo vincul\u00f3 a proceso e impuso prisi\u00f3n preventiva oficiosa y durante un mes para la investigaci\u00f3n complementaria. Un juez federal vincul\u00f3 a proceso a Joel Alfonso Urrea Yuriar, &#8216;El Gangoso&#8217;, presunto l\u00edder de una c\u00e9lula delictiva vinculada al c\u00e1rtel de Sinaloa. La [&hellip;]<\/p>\n","protected":false},"author":9,"featured_media":107222,"comment_status":"open","ping_status":"open","sticky":false,"template":"","format":"standard","meta":{"tdm_status":"","tdm_grid_status":"","footnotes":""},"categories":[39],"tags":[],"class_list":{"0":"post-107220","1":"post","2":"type-post","3":"status-publish","4":"format-standard","5":"has-post-thumbnail","7":"category-noticias-nacionales"},"yoast_head":"<!-- This site is optimized with the Yoast SEO plugin v27.4 - https:\/\/yoast.com\/product\/yoast-seo-wordpress\/ -->\n<title>Vinculan a proceso a &#039;El Gangoso&#039;, l\u00edder de c\u00e9lula del C\u00e1rtel de Sinaloa detenido en CdMx - Fuentes Fidedignas<\/title>\n<meta name=\"robots\" content=\"index, follow, max-snippet:-1, max-image-preview:large, max-video-preview:-1\" \/>\n<link rel=\"canonical\" href=\"https:\/\/fuentesfidedignas.com.mx\/index.php\/2025\/04\/29\/vinculan-a-proceso-a-el-gangoso-lider-de-celula-del-cartel-de-sinaloa-detenido-en-cdmx\/\" \/>\n<meta property=\"og:locale\" content=\"es_MX\" \/>\n<meta property=\"og:type\" content=\"article\" \/>\n<meta property=\"og:title\" content=\"Vinculan a proceso a &#039;El Gangoso&#039;, l\u00edder de c\u00e9lula del C\u00e1rtel de Sinaloa detenido en CdMx - Fuentes Fidedignas\" \/>\n<meta property=\"og:description\" content=\"Con las pruebas aportadas por el agente del Ministerio P\u00fablico Federal, un juez lo vincul\u00f3 a proceso e impuso prisi\u00f3n preventiva oficiosa y durante un mes para la investigaci\u00f3n complementaria. Un juez federal vincul\u00f3 a proceso a Joel Alfonso Urrea Yuriar, &#8216;El Gangoso&#8217;, presunto l\u00edder de una c\u00e9lula delictiva vinculada al c\u00e1rtel de Sinaloa. La [&hellip;]\" \/>\n<meta property=\"og:url\" content=\"https:\/\/fuentesfidedignas.com.mx\/index.php\/2025\/04\/29\/vinculan-a-proceso-a-el-gangoso-lider-de-celula-del-cartel-de-sinaloa-detenido-en-cdmx\/\" \/>\n<meta property=\"og:site_name\" content=\"Fuentes Fidedignas\" \/>\n<meta property=\"article:publisher\" content=\"https:\/\/www.facebook.com\/Fuentes-Fidedignas-368234489921644\" \/>\n<meta property=\"article:published_time\" content=\"2025-04-29T13:26:02+00:00\" \/>\n<meta property=\"article:modified_time\" content=\"2025-04-29T13:26:06+00:00\" \/>\n<meta property=\"og:image\" content=\"https:\/\/fuentesfidedignas.com.mx\/wp-content\/uploads\/2025\/04\/gangoso.jpg\" \/>\n\t<meta property=\"og:image:width\" content=\"600\" \/>\n\t<meta property=\"og:image:height\" content=\"339\" \/>\n\t<meta property=\"og:image:type\" content=\"image\/jpeg\" \/>\n<meta name=\"author\" content=\"Milenio\" \/>\n<meta name=\"twitter:card\" content=\"summary_large_image\" \/>\n<meta name=\"twitter:creator\" content=\"@fidedignas\" \/>\n<meta name=\"twitter:site\" content=\"@fidedignas\" \/>\n<meta name=\"twitter:label1\" content=\"Escrito por\" \/>\n\t<meta name=\"twitter:data1\" content=\"Milenio\" \/>\n\t<meta name=\"twitter:label2\" content=\"Tiempo de lectura\" \/>\n\t<meta name=\"twitter:data2\" content=\"3 minutos\" \/>\n<script type=\"application\/ld+json\" class=\"yoast-schema-graph\">{\"@context\":\"https:\\\/\\\/schema.org\",\"@graph\":[{\"@type\":\"Article\",\"@id\":\"https:\\\/\\\/fuentesfidedignas.com.mx\\\/index.php\\\/2025\\\/04\\\/29\\\/vinculan-a-proceso-a-el-gangoso-lider-de-celula-del-cartel-de-sinaloa-detenido-en-cdmx\\\/#article\",\"isPartOf\":{\"@id\":\"https:\\\/\\\/fuentesfidedignas.com.mx\\\/index.php\\\/2025\\\/04\\\/29\\\/vinculan-a-proceso-a-el-gangoso-lider-de-celula-del-cartel-de-sinaloa-detenido-en-cdmx\\\/\"},\"author\":{\"name\":\"Milenio\",\"@id\":\"https:\\\/\\\/fuentesfidedignas.com.mx\\\/#\\\/schema\\\/person\\\/47ec0135738f4b0c7495f06a77a2c976\"},\"headline\":\"Vinculan a proceso a &#8216;El Gangoso&#8217;, l\u00edder de c\u00e9lula del C\u00e1rtel de Sinaloa detenido en CdMx\",\"datePublished\":\"2025-04-29T13:26:02+00:00\",\"dateModified\":\"2025-04-29T13:26:06+00:00\",\"mainEntityOfPage\":{\"@id\":\"https:\\\/\\\/fuentesfidedignas.com.mx\\\/index.php\\\/2025\\\/04\\\/29\\\/vinculan-a-proceso-a-el-gangoso-lider-de-celula-del-cartel-de-sinaloa-detenido-en-cdmx\\\/\"},\"wordCount\":401,\"commentCount\":0,\"publisher\":{\"@id\":\"https:\\\/\\\/fuentesfidedignas.com.mx\\\/#organization\"},\"image\":{\"@id\":\"https:\\\/\\\/fuentesfidedignas.com.mx\\\/index.php\\\/2025\\\/04\\\/29\\\/vinculan-a-proceso-a-el-gangoso-lider-de-celula-del-cartel-de-sinaloa-detenido-en-cdmx\\\/#primaryimage\"},\"thumbnailUrl\":\"https:\\\/\\\/fuentesfidedignas.com.mx\\\/wp-content\\\/uploads\\\/2025\\\/04\\\/gangoso.jpg\",\"articleSection\":[\"NOTICIAS NACIONALES\"],\"inLanguage\":\"es\",\"potentialAction\":[{\"@type\":\"CommentAction\",\"name\":\"Comment\",\"target\":[\"https:\\\/\\\/fuentesfidedignas.com.mx\\\/index.php\\\/2025\\\/04\\\/29\\\/vinculan-a-proceso-a-el-gangoso-lider-de-celula-del-cartel-de-sinaloa-detenido-en-cdmx\\\/#respond\"]}]},{\"@type\":\"WebPage\",\"@id\":\"https:\\\/\\\/fuentesfidedignas.com.mx\\\/index.php\\\/2025\\\/04\\\/29\\\/vinculan-a-proceso-a-el-gangoso-lider-de-celula-del-cartel-de-sinaloa-detenido-en-cdmx\\\/\",\"url\":\"https:\\\/\\\/fuentesfidedignas.com.mx\\\/index.php\\\/2025\\\/04\\\/29\\\/vinculan-a-proceso-a-el-gangoso-lider-de-celula-del-cartel-de-sinaloa-detenido-en-cdmx\\\/\",\"name\":\"Vinculan a proceso a 'El Gangoso', l\u00edder de c\u00e9lula del C\u00e1rtel de Sinaloa detenido en CdMx - Fuentes Fidedignas\",\"isPartOf\":{\"@id\":\"https:\\\/\\\/fuentesfidedignas.com.mx\\\/#website\"},\"primaryImageOfPage\":{\"@id\":\"https:\\\/\\\/fuentesfidedignas.com.mx\\\/index.php\\\/2025\\\/04\\\/29\\\/vinculan-a-proceso-a-el-gangoso-lider-de-celula-del-cartel-de-sinaloa-detenido-en-cdmx\\\/#primaryimage\"},\"image\":{\"@id\":\"https:\\\/\\\/fuentesfidedignas.com.mx\\\/index.php\\\/2025\\\/04\\\/29\\\/vinculan-a-proceso-a-el-gangoso-lider-de-celula-del-cartel-de-sinaloa-detenido-en-cdmx\\\/#primaryimage\"},\"thumbnailUrl\":\"https:\\\/\\\/fuentesfidedignas.com.mx\\\/wp-content\\\/uploads\\\/2025\\\/04\\\/gangoso.jpg\",\"datePublished\":\"2025-04-29T13:26:02+00:00\",\"dateModified\":\"2025-04-29T13:26:06+00:00\",\"breadcrumb\":{\"@id\":\"https:\\\/\\\/fuentesfidedignas.com.mx\\\/index.php\\\/2025\\\/04\\\/29\\\/vinculan-a-proceso-a-el-gangoso-lider-de-celula-del-cartel-de-sinaloa-detenido-en-cdmx\\\/#breadcrumb\"},\"inLanguage\":\"es\",\"potentialAction\":[{\"@type\":\"ReadAction\",\"target\":[\"https:\\\/\\\/fuentesfidedignas.com.mx\\\/index.php\\\/2025\\\/04\\\/29\\\/vinculan-a-proceso-a-el-gangoso-lider-de-celula-del-cartel-de-sinaloa-detenido-en-cdmx\\\/\"]}]},{\"@type\":\"ImageObject\",\"inLanguage\":\"es\",\"@id\":\"https:\\\/\\\/fuentesfidedignas.com.mx\\\/index.php\\\/2025\\\/04\\\/29\\\/vinculan-a-proceso-a-el-gangoso-lider-de-celula-del-cartel-de-sinaloa-detenido-en-cdmx\\\/#primaryimage\",\"url\":\"https:\\\/\\\/fuentesfidedignas.com.mx\\\/wp-content\\\/uploads\\\/2025\\\/04\\\/gangoso.jpg\",\"contentUrl\":\"https:\\\/\\\/fuentesfidedignas.com.mx\\\/wp-content\\\/uploads\\\/2025\\\/04\\\/gangoso.jpg\",\"width\":600,\"height\":339},{\"@type\":\"BreadcrumbList\",\"@id\":\"https:\\\/\\\/fuentesfidedignas.com.mx\\\/index.php\\\/2025\\\/04\\\/29\\\/vinculan-a-proceso-a-el-gangoso-lider-de-celula-del-cartel-de-sinaloa-detenido-en-cdmx\\\/#breadcrumb\",\"itemListElement\":[{\"@type\":\"ListItem\",\"position\":1,\"name\":\"Inicio\",\"item\":\"https:\\\/\\\/fuentesfidedignas.com.mx\\\/\"},{\"@type\":\"ListItem\",\"position\":2,\"name\":\"Vinculan a proceso a &#8216;El Gangoso&#8217;, l\u00edder de c\u00e9lula del C\u00e1rtel de Sinaloa detenido en CdMx\"}]},{\"@type\":\"WebSite\",\"@id\":\"https:\\\/\\\/fuentesfidedignas.com.mx\\\/#website\",\"url\":\"https:\\\/\\\/fuentesfidedignas.com.mx\\\/\",\"name\":\"Fuentes Fidedignas\",\"description\":\"Otro sitio realizado con WordPress\",\"publisher\":{\"@id\":\"https:\\\/\\\/fuentesfidedignas.com.mx\\\/#organization\"},\"potentialAction\":[{\"@type\":\"SearchAction\",\"target\":{\"@type\":\"EntryPoint\",\"urlTemplate\":\"https:\\\/\\\/fuentesfidedignas.com.mx\\\/?s={search_term_string}\"},\"query-input\":{\"@type\":\"PropertyValueSpecification\",\"valueRequired\":true,\"valueName\":\"search_term_string\"}}],\"inLanguage\":\"es\"},{\"@type\":\"Organization\",\"@id\":\"https:\\\/\\\/fuentesfidedignas.com.mx\\\/#organization\",\"name\":\"Fuentes Fidedignas\",\"url\":\"https:\\\/\\\/fuentesfidedignas.com.mx\\\/\",\"logo\":{\"@type\":\"ImageObject\",\"inLanguage\":\"es\",\"@id\":\"https:\\\/\\\/fuentesfidedignas.com.mx\\\/#\\\/schema\\\/logo\\\/image\\\/\",\"url\":\"https:\\\/\\\/fuentesfidedignas.com.mx\\\/wp-content\\\/uploads\\\/2021\\\/04\\\/logo-retina.png\",\"contentUrl\":\"https:\\\/\\\/fuentesfidedignas.com.mx\\\/wp-content\\\/uploads\\\/2021\\\/04\\\/logo-retina.png\",\"width\":280,\"height\":51,\"caption\":\"Fuentes Fidedignas\"},\"image\":{\"@id\":\"https:\\\/\\\/fuentesfidedignas.com.mx\\\/#\\\/schema\\\/logo\\\/image\\\/\"},\"sameAs\":[\"https:\\\/\\\/www.facebook.com\\\/Fuentes-Fidedignas-368234489921644\",\"https:\\\/\\\/x.com\\\/fidedignas\"]},{\"@type\":\"Person\",\"@id\":\"https:\\\/\\\/fuentesfidedignas.com.mx\\\/#\\\/schema\\\/person\\\/47ec0135738f4b0c7495f06a77a2c976\",\"name\":\"Milenio\",\"image\":{\"@type\":\"ImageObject\",\"inLanguage\":\"es\",\"@id\":\"https:\\\/\\\/secure.gravatar.com\\\/avatar\\\/acabf7b54753e51c2c76457954577c236b3b764789b19879565769739d1e4a75?s=96&d=mm&r=g\",\"url\":\"https:\\\/\\\/secure.gravatar.com\\\/avatar\\\/acabf7b54753e51c2c76457954577c236b3b764789b19879565769739d1e4a75?s=96&d=mm&r=g\",\"contentUrl\":\"https:\\\/\\\/secure.gravatar.com\\\/avatar\\\/acabf7b54753e51c2c76457954577c236b3b764789b19879565769739d1e4a75?s=96&d=mm&r=g\",\"caption\":\"Milenio\"},\"url\":\"https:\\\/\\\/fuentesfidedignas.com.mx\\\/index.php\\\/author\\\/milenio\\\/\"}]}<\/script>\n<!-- \/ Yoast SEO plugin. -->","yoast_head_json":{"title":"Vinculan a proceso a 'El Gangoso', l\u00edder de c\u00e9lula del C\u00e1rtel de Sinaloa detenido en CdMx - Fuentes Fidedignas","robots":{"index":"index","follow":"follow","max-snippet":"max-snippet:-1","max-image-preview":"max-image-preview:large","max-video-preview":"max-video-preview:-1"},"canonical":"https:\/\/fuentesfidedignas.com.mx\/index.php\/2025\/04\/29\/vinculan-a-proceso-a-el-gangoso-lider-de-celula-del-cartel-de-sinaloa-detenido-en-cdmx\/","og_locale":"es_MX","og_type":"article","og_title":"Vinculan a proceso a 'El Gangoso', l\u00edder de c\u00e9lula del C\u00e1rtel de Sinaloa detenido en CdMx - Fuentes Fidedignas","og_description":"Con las pruebas aportadas por el agente del Ministerio P\u00fablico Federal, un juez lo vincul\u00f3 a proceso e impuso prisi\u00f3n preventiva oficiosa y durante un mes para la investigaci\u00f3n complementaria. Un juez federal vincul\u00f3 a proceso a Joel Alfonso Urrea Yuriar, &#8216;El Gangoso&#8217;, presunto l\u00edder de una c\u00e9lula delictiva vinculada al c\u00e1rtel de Sinaloa. La [&hellip;]","og_url":"https:\/\/fuentesfidedignas.com.mx\/index.php\/2025\/04\/29\/vinculan-a-proceso-a-el-gangoso-lider-de-celula-del-cartel-de-sinaloa-detenido-en-cdmx\/","og_site_name":"Fuentes Fidedignas","article_publisher":"https:\/\/www.facebook.com\/Fuentes-Fidedignas-368234489921644","article_published_time":"2025-04-29T13:26:02+00:00","article_modified_time":"2025-04-29T13:26:06+00:00","og_image":[{"width":600,"height":339,"url":"https:\/\/fuentesfidedignas.com.mx\/wp-content\/uploads\/2025\/04\/gangoso.jpg","type":"image\/jpeg"}],"author":"Milenio","twitter_card":"summary_large_image","twitter_creator":"@fidedignas","twitter_site":"@fidedignas","twitter_misc":{"Escrito por":"Milenio","Tiempo de lectura":"3 minutos"},"schema":{"@context":"https:\/\/schema.org","@graph":[{"@type":"Article","@id":"https:\/\/fuentesfidedignas.com.mx\/index.php\/2025\/04\/29\/vinculan-a-proceso-a-el-gangoso-lider-de-celula-del-cartel-de-sinaloa-detenido-en-cdmx\/#article","isPartOf":{"@id":"https:\/\/fuentesfidedignas.com.mx\/index.php\/2025\/04\/29\/vinculan-a-proceso-a-el-gangoso-lider-de-celula-del-cartel-de-sinaloa-detenido-en-cdmx\/"},"author":{"name":"Milenio","@id":"https:\/\/fuentesfidedignas.com.mx\/#\/schema\/person\/47ec0135738f4b0c7495f06a77a2c976"},"headline":"Vinculan a proceso a &#8216;El Gangoso&#8217;, l\u00edder de c\u00e9lula del C\u00e1rtel de Sinaloa detenido en CdMx","datePublished":"2025-04-29T13:26:02+00:00","dateModified":"2025-04-29T13:26:06+00:00","mainEntityOfPage":{"@id":"https:\/\/fuentesfidedignas.com.mx\/index.php\/2025\/04\/29\/vinculan-a-proceso-a-el-gangoso-lider-de-celula-del-cartel-de-sinaloa-detenido-en-cdmx\/"},"wordCount":401,"commentCount":0,"publisher":{"@id":"https:\/\/fuentesfidedignas.com.mx\/#organization"},"image":{"@id":"https:\/\/fuentesfidedignas.com.mx\/index.php\/2025\/04\/29\/vinculan-a-proceso-a-el-gangoso-lider-de-celula-del-cartel-de-sinaloa-detenido-en-cdmx\/#primaryimage"},"thumbnailUrl":"https:\/\/fuentesfidedignas.com.mx\/wp-content\/uploads\/2025\/04\/gangoso.jpg","articleSection":["NOTICIAS NACIONALES"],"inLanguage":"es","potentialAction":[{"@type":"CommentAction","name":"Comment","target":["https:\/\/fuentesfidedignas.com.mx\/index.php\/2025\/04\/29\/vinculan-a-proceso-a-el-gangoso-lider-de-celula-del-cartel-de-sinaloa-detenido-en-cdmx\/#respond"]}]},{"@type":"WebPage","@id":"https:\/\/fuentesfidedignas.com.mx\/index.php\/2025\/04\/29\/vinculan-a-proceso-a-el-gangoso-lider-de-celula-del-cartel-de-sinaloa-detenido-en-cdmx\/","url":"https:\/\/fuentesfidedignas.com.mx\/index.php\/2025\/04\/29\/vinculan-a-proceso-a-el-gangoso-lider-de-celula-del-cartel-de-sinaloa-detenido-en-cdmx\/","name":"Vinculan a proceso a 'El Gangoso', l\u00edder de c\u00e9lula del C\u00e1rtel de Sinaloa detenido en CdMx - Fuentes Fidedignas","isPartOf":{"@id":"https:\/\/fuentesfidedignas.com.mx\/#website"},"primaryImageOfPage":{"@id":"https:\/\/fuentesfidedignas.com.mx\/index.php\/2025\/04\/29\/vinculan-a-proceso-a-el-gangoso-lider-de-celula-del-cartel-de-sinaloa-detenido-en-cdmx\/#primaryimage"},"image":{"@id":"https:\/\/fuentesfidedignas.com.mx\/index.php\/2025\/04\/29\/vinculan-a-proceso-a-el-gangoso-lider-de-celula-del-cartel-de-sinaloa-detenido-en-cdmx\/#primaryimage"},"thumbnailUrl":"https:\/\/fuentesfidedignas.com.mx\/wp-content\/uploads\/2025\/04\/gangoso.jpg","datePublished":"2025-04-29T13:26:02+00:00","dateModified":"2025-04-29T13:26:06+00:00","breadcrumb":{"@id":"https:\/\/fuentesfidedignas.com.mx\/index.php\/2025\/04\/29\/vinculan-a-proceso-a-el-gangoso-lider-de-celula-del-cartel-de-sinaloa-detenido-en-cdmx\/#breadcrumb"},"inLanguage":"es","potentialAction":[{"@type":"ReadAction","target":["https:\/\/fuentesfidedignas.com.mx\/index.php\/2025\/04\/29\/vinculan-a-proceso-a-el-gangoso-lider-de-celula-del-cartel-de-sinaloa-detenido-en-cdmx\/"]}]},{"@type":"ImageObject","inLanguage":"es","@id":"https:\/\/fuentesfidedignas.com.mx\/index.php\/2025\/04\/29\/vinculan-a-proceso-a-el-gangoso-lider-de-celula-del-cartel-de-sinaloa-detenido-en-cdmx\/#primaryimage","url":"https:\/\/fuentesfidedignas.com.mx\/wp-content\/uploads\/2025\/04\/gangoso.jpg","contentUrl":"https:\/\/fuentesfidedignas.com.mx\/wp-content\/uploads\/2025\/04\/gangoso.jpg","width":600,"height":339},{"@type":"BreadcrumbList","@id":"https:\/\/fuentesfidedignas.com.mx\/index.php\/2025\/04\/29\/vinculan-a-proceso-a-el-gangoso-lider-de-celula-del-cartel-de-sinaloa-detenido-en-cdmx\/#breadcrumb","itemListElement":[{"@type":"ListItem","position":1,"name":"Inicio","item":"https:\/\/fuentesfidedignas.com.mx\/"},{"@type":"ListItem","position":2,"name":"Vinculan a proceso a &#8216;El Gangoso&#8217;, l\u00edder de c\u00e9lula del C\u00e1rtel de Sinaloa detenido en CdMx"}]},{"@type":"WebSite","@id":"https:\/\/fuentesfidedignas.com.mx\/#website","url":"https:\/\/fuentesfidedignas.com.mx\/","name":"Fuentes Fidedignas","description":"Otro sitio realizado con WordPress","publisher":{"@id":"https:\/\/fuentesfidedignas.com.mx\/#organization"},"potentialAction":[{"@type":"SearchAction","target":{"@type":"EntryPoint","urlTemplate":"https:\/\/fuentesfidedignas.com.mx\/?s={search_term_string}"},"query-input":{"@type":"PropertyValueSpecification","valueRequired":true,"valueName":"search_term_string"}}],"inLanguage":"es"},{"@type":"Organization","@id":"https:\/\/fuentesfidedignas.com.mx\/#organization","name":"Fuentes Fidedignas","url":"https:\/\/fuentesfidedignas.com.mx\/","logo":{"@type":"ImageObject","inLanguage":"es","@id":"https:\/\/fuentesfidedignas.com.mx\/#\/schema\/logo\/image\/","url":"https:\/\/fuentesfidedignas.com.mx\/wp-content\/uploads\/2021\/04\/logo-retina.png","contentUrl":"https:\/\/fuentesfidedignas.com.mx\/wp-content\/uploads\/2021\/04\/logo-retina.png","width":280,"height":51,"caption":"Fuentes Fidedignas"},"image":{"@id":"https:\/\/fuentesfidedignas.com.mx\/#\/schema\/logo\/image\/"},"sameAs":["https:\/\/www.facebook.com\/Fuentes-Fidedignas-368234489921644","https:\/\/x.com\/fidedignas"]},{"@type":"Person","@id":"https:\/\/fuentesfidedignas.com.mx\/#\/schema\/person\/47ec0135738f4b0c7495f06a77a2c976","name":"Milenio","image":{"@type":"ImageObject","inLanguage":"es","@id":"https:\/\/secure.gravatar.com\/avatar\/acabf7b54753e51c2c76457954577c236b3b764789b19879565769739d1e4a75?s=96&d=mm&r=g","url":"https:\/\/secure.gravatar.com\/avatar\/acabf7b54753e51c2c76457954577c236b3b764789b19879565769739d1e4a75?s=96&d=mm&r=g","contentUrl":"https:\/\/secure.gravatar.com\/avatar\/acabf7b54753e51c2c76457954577c236b3b764789b19879565769739d1e4a75?s=96&d=mm&r=g","caption":"Milenio"},"url":"https:\/\/fuentesfidedignas.com.mx\/index.php\/author\/milenio\/"}]}},"_links":{"self":[{"href":"https:\/\/fuentesfidedignas.com.mx\/index.php\/wp-json\/wp\/v2\/posts\/107220","targetHints":{"allow":["GET"]}}],"collection":[{"href":"https:\/\/fuentesfidedignas.com.mx\/index.php\/wp-json\/wp\/v2\/posts"}],"about":[{"href":"https:\/\/fuentesfidedignas.com.mx\/index.php\/wp-json\/wp\/v2\/types\/post"}],"author":[{"embeddable":true,"href":"https:\/\/fuentesfidedignas.com.mx\/index.php\/wp-json\/wp\/v2\/users\/9"}],"replies":[{"embeddable":true,"href":"https:\/\/fuentesfidedignas.com.mx\/index.php\/wp-json\/wp\/v2\/comments?post=107220"}],"version-history":[{"count":1,"href":"https:\/\/fuentesfidedignas.com.mx\/index.php\/wp-json\/wp\/v2\/posts\/107220\/revisions"}],"predecessor-version":[{"id":107223,"href":"https:\/\/fuentesfidedignas.com.mx\/index.php\/wp-json\/wp\/v2\/posts\/107220\/revisions\/107223"}],"wp:featuredmedia":[{"embeddable":true,"href":"https:\/\/fuentesfidedignas.com.mx\/index.php\/wp-json\/wp\/v2\/media\/107222"}],"wp:attachment":[{"href":"https:\/\/fuentesfidedignas.com.mx\/index.php\/wp-json\/wp\/v2\/media?parent=107220"}],"wp:term":[{"taxonomy":"category","embeddable":true,"href":"https:\/\/fuentesfidedignas.com.mx\/index.php\/wp-json\/wp\/v2\/categories?post=107220"},{"taxonomy":"post_tag","embeddable":true,"href":"https:\/\/fuentesfidedignas.com.mx\/index.php\/wp-json\/wp\/v2\/tags?post=107220"}],"curies":[{"name":"wp","href":"https:\/\/api.w.org\/{rel}","templated":true}]}}