{"id":107199,"date":"2025-04-28T17:54:52","date_gmt":"2025-04-29T00:54:52","guid":{"rendered":"https:\/\/fuentesfidedignas.com.mx\/?p=107199"},"modified":"2025-04-28T17:55:00","modified_gmt":"2025-04-29T00:55:00","slug":"reporta-la-uas-saldo-blanco-en-sus-instalaciones-durante-el-periodo-vacacional","status":"publish","type":"post","link":"https:\/\/fuentesfidedignas.com.mx\/index.php\/2025\/04\/28\/reporta-la-uas-saldo-blanco-en-sus-instalaciones-durante-el-periodo-vacacional\/","title":{"rendered":"Reporta la UAS saldo blanco en sus instalaciones durante el periodo vacacional"},"content":{"rendered":"\n<p><strong><em>Se agradeci\u00f3 al personal a su cargo por el objetivo logrado, a la vez que lo hizo extensivo a la Guardia Nacional y Polic\u00eda Municipal, quienes realizaron rondines en los per\u00edmetros universitarios, adem\u00e1s de estar pendientes de suscitarse alg\u00fan incidente.<\/em><\/strong><\/p>\n\n\n\n<p>Resultado del operativo de resguardo implementado en las instalaciones en la Universidad Aut\u00f3noma de Sinaloa por el periodo vacacional reci\u00e9n culminado, saldo blanco fue el resultado de esta estrategia en la que practicaron veladores, intendentes y vigilantes, inform\u00f3 Fernando Medina.<\/p>\n\n\n\n<p>El director de Personal de la casa de estudios sinaloense agradeci\u00f3 a su personal la buena coordinaci\u00f3n, disposici\u00f3n y trabajo llevado a cabo en cada uno de los planteles y dependencias que les fue asignado.<\/p>\n\n\n\n<p>\u201cEstoy muy contento porque hicieron el trabajo los muchachos; nos ayud\u00f3 la Guardia Nacional y la polic\u00eda, quienes respondieron a nuestra solicitud y, bueno, hicieron muy bien su trabajo en todas las escuelas, nos estuvimos coordinando en todas las vacaciones y no hubo ning\u00fan incidente, por tercera ocasi\u00f3n estando al frente\u201d, comparti\u00f3.<\/p>\n\n\n\n<p>De lo que representa obtener saldo blanco en cada periodo vacacional en donde las instalaciones quedan bajo resguardo, para la administraci\u00f3n ello se refleja en el aspecto econ\u00f3mico al no tener que realizar compras para reponer lo que los amantes de lo ajeno podr\u00edan en un momento llevarse.<\/p>\n\n\n\n<p>En ese sentido, agradeci\u00f3 al personal a su cargo por el objetivo logrado, a la vez que lo hizo extensivo a la Guardia Nacional y Polic\u00eda Municipal, quienes realizaron rondines en los per\u00edmetros universitarios, adem\u00e1s de estar pendientes de suscitarse alg\u00fan incidente.<\/p>\n\n\n\n<p>Entre las \u00e1reas en resguardo, mencion\u00f3 algunas como las escuelas preparatorias, Edificio Central, Torre Acad\u00e9mica, Ciudad Universitaria, la Torre de Rector\u00eda, pol\u00edgono sur, las \u00e1reas de la salud, jard\u00edn de ni\u00f1os y \u00e1reas de cultura.<\/p>\n\n\n\n<p>El director de Personal, para finalizar, hizo un llamado a los trabajadores a su cargo a continuar realizando su labor como lo han venido haciendo hasta el momento, de la mejor manera, tomando en cuenta que la dependencia que encabeza es una familia que avanza unida por bien de la Universidad.<\/p>\n","protected":false},"excerpt":{"rendered":"<p>Se agradeci\u00f3 al personal a su cargo por el objetivo logrado, a la vez que lo hizo extensivo a la Guardia Nacional y Polic\u00eda Municipal, quienes realizaron rondines en los per\u00edmetros universitarios, adem\u00e1s de estar pendientes de suscitarse alg\u00fan incidente. Resultado del operativo de resguardo implementado en las instalaciones en la Universidad Aut\u00f3noma de Sinaloa [&hellip;]<\/p>\n","protected":false},"author":4,"featured_media":86852,"comment_status":"open","ping_status":"open","sticky":false,"template":"","format":"standard","meta":{"tdm_status":"","tdm_grid_status":"","footnotes":""},"categories":[38],"tags":[],"class_list":{"0":"post-107199","1":"post","2":"type-post","3":"status-publish","4":"format-standard","5":"has-post-thumbnail","7":"category-noticias-locales"},"yoast_head":"<!-- This site is optimized with the Yoast SEO plugin v27.5 - https:\/\/yoast.com\/product\/yoast-seo-wordpress\/ -->\n<title>Reporta la UAS saldo blanco en sus instalaciones durante el periodo vacacional - Fuentes Fidedignas<\/title>\n<meta name=\"robots\" content=\"index, follow, max-snippet:-1, max-image-preview:large, max-video-preview:-1\" \/>\n<link rel=\"canonical\" href=\"https:\/\/fuentesfidedignas.com.mx\/index.php\/2025\/04\/28\/reporta-la-uas-saldo-blanco-en-sus-instalaciones-durante-el-periodo-vacacional\/\" \/>\n<meta property=\"og:locale\" content=\"es_MX\" \/>\n<meta property=\"og:type\" content=\"article\" \/>\n<meta property=\"og:title\" content=\"Reporta la UAS saldo blanco en sus instalaciones durante el periodo vacacional - Fuentes Fidedignas\" \/>\n<meta property=\"og:description\" content=\"Se agradeci\u00f3 al personal a su cargo por el objetivo logrado, a la vez que lo hizo extensivo a la Guardia Nacional y Polic\u00eda Municipal, quienes realizaron rondines en los per\u00edmetros universitarios, adem\u00e1s de estar pendientes de suscitarse alg\u00fan incidente. Resultado del operativo de resguardo implementado en las instalaciones en la Universidad Aut\u00f3noma de Sinaloa [&hellip;]\" \/>\n<meta property=\"og:url\" content=\"https:\/\/fuentesfidedignas.com.mx\/index.php\/2025\/04\/28\/reporta-la-uas-saldo-blanco-en-sus-instalaciones-durante-el-periodo-vacacional\/\" \/>\n<meta property=\"og:site_name\" content=\"Fuentes Fidedignas\" \/>\n<meta property=\"article:publisher\" content=\"https:\/\/www.facebook.com\/Fuentes-Fidedignas-368234489921644\" \/>\n<meta property=\"article:published_time\" content=\"2025-04-29T00:54:52+00:00\" \/>\n<meta property=\"article:modified_time\" content=\"2025-04-29T00:55:00+00:00\" \/>\n<meta property=\"og:image\" content=\"https:\/\/fuentesfidedignas.com.mx\/wp-content\/uploads\/2024\/07\/PROTOCOLO-4.jpeg\" \/>\n\t<meta property=\"og:image:width\" content=\"650\" \/>\n\t<meta property=\"og:image:height\" content=\"367\" \/>\n\t<meta property=\"og:image:type\" content=\"image\/jpeg\" \/>\n<meta name=\"author\" content=\"Redacci\u00f3n\" \/>\n<meta name=\"twitter:card\" content=\"summary_large_image\" \/>\n<meta name=\"twitter:creator\" content=\"@fidedignas\" \/>\n<meta name=\"twitter:site\" content=\"@fidedignas\" \/>\n<meta name=\"twitter:label1\" content=\"Escrito por\" \/>\n\t<meta name=\"twitter:data1\" content=\"Redacci\u00f3n\" \/>\n\t<meta name=\"twitter:label2\" content=\"Tiempo de lectura\" \/>\n\t<meta name=\"twitter:data2\" content=\"2 minutos\" \/>\n<script type=\"application\/ld+json\" class=\"yoast-schema-graph\">{\"@context\":\"https:\\\/\\\/schema.org\",\"@graph\":[{\"@type\":\"Article\",\"@id\":\"https:\\\/\\\/fuentesfidedignas.com.mx\\\/index.php\\\/2025\\\/04\\\/28\\\/reporta-la-uas-saldo-blanco-en-sus-instalaciones-durante-el-periodo-vacacional\\\/#article\",\"isPartOf\":{\"@id\":\"https:\\\/\\\/fuentesfidedignas.com.mx\\\/index.php\\\/2025\\\/04\\\/28\\\/reporta-la-uas-saldo-blanco-en-sus-instalaciones-durante-el-periodo-vacacional\\\/\"},\"author\":{\"name\":\"Redacci\u00f3n\",\"@id\":\"https:\\\/\\\/fuentesfidedignas.com.mx\\\/#\\\/schema\\\/person\\\/331be9283d37198e2acd5750279085b0\"},\"headline\":\"Reporta la UAS saldo blanco en sus instalaciones durante el periodo vacacional\",\"datePublished\":\"2025-04-29T00:54:52+00:00\",\"dateModified\":\"2025-04-29T00:55:00+00:00\",\"mainEntityOfPage\":{\"@id\":\"https:\\\/\\\/fuentesfidedignas.com.mx\\\/index.php\\\/2025\\\/04\\\/28\\\/reporta-la-uas-saldo-blanco-en-sus-instalaciones-durante-el-periodo-vacacional\\\/\"},\"wordCount\":378,\"commentCount\":0,\"publisher\":{\"@id\":\"https:\\\/\\\/fuentesfidedignas.com.mx\\\/#organization\"},\"image\":{\"@id\":\"https:\\\/\\\/fuentesfidedignas.com.mx\\\/index.php\\\/2025\\\/04\\\/28\\\/reporta-la-uas-saldo-blanco-en-sus-instalaciones-durante-el-periodo-vacacional\\\/#primaryimage\"},\"thumbnailUrl\":\"https:\\\/\\\/fuentesfidedignas.com.mx\\\/wp-content\\\/uploads\\\/2024\\\/07\\\/PROTOCOLO-4.jpeg\",\"articleSection\":[\"NOTICIAS LOCALES\"],\"inLanguage\":\"es\",\"potentialAction\":[{\"@type\":\"CommentAction\",\"name\":\"Comment\",\"target\":[\"https:\\\/\\\/fuentesfidedignas.com.mx\\\/index.php\\\/2025\\\/04\\\/28\\\/reporta-la-uas-saldo-blanco-en-sus-instalaciones-durante-el-periodo-vacacional\\\/#respond\"]}]},{\"@type\":\"WebPage\",\"@id\":\"https:\\\/\\\/fuentesfidedignas.com.mx\\\/index.php\\\/2025\\\/04\\\/28\\\/reporta-la-uas-saldo-blanco-en-sus-instalaciones-durante-el-periodo-vacacional\\\/\",\"url\":\"https:\\\/\\\/fuentesfidedignas.com.mx\\\/index.php\\\/2025\\\/04\\\/28\\\/reporta-la-uas-saldo-blanco-en-sus-instalaciones-durante-el-periodo-vacacional\\\/\",\"name\":\"Reporta la UAS saldo blanco en sus instalaciones durante el periodo vacacional - Fuentes Fidedignas\",\"isPartOf\":{\"@id\":\"https:\\\/\\\/fuentesfidedignas.com.mx\\\/#website\"},\"primaryImageOfPage\":{\"@id\":\"https:\\\/\\\/fuentesfidedignas.com.mx\\\/index.php\\\/2025\\\/04\\\/28\\\/reporta-la-uas-saldo-blanco-en-sus-instalaciones-durante-el-periodo-vacacional\\\/#primaryimage\"},\"image\":{\"@id\":\"https:\\\/\\\/fuentesfidedignas.com.mx\\\/index.php\\\/2025\\\/04\\\/28\\\/reporta-la-uas-saldo-blanco-en-sus-instalaciones-durante-el-periodo-vacacional\\\/#primaryimage\"},\"thumbnailUrl\":\"https:\\\/\\\/fuentesfidedignas.com.mx\\\/wp-content\\\/uploads\\\/2024\\\/07\\\/PROTOCOLO-4.jpeg\",\"datePublished\":\"2025-04-29T00:54:52+00:00\",\"dateModified\":\"2025-04-29T00:55:00+00:00\",\"breadcrumb\":{\"@id\":\"https:\\\/\\\/fuentesfidedignas.com.mx\\\/index.php\\\/2025\\\/04\\\/28\\\/reporta-la-uas-saldo-blanco-en-sus-instalaciones-durante-el-periodo-vacacional\\\/#breadcrumb\"},\"inLanguage\":\"es\",\"potentialAction\":[{\"@type\":\"ReadAction\",\"target\":[\"https:\\\/\\\/fuentesfidedignas.com.mx\\\/index.php\\\/2025\\\/04\\\/28\\\/reporta-la-uas-saldo-blanco-en-sus-instalaciones-durante-el-periodo-vacacional\\\/\"]}]},{\"@type\":\"ImageObject\",\"inLanguage\":\"es\",\"@id\":\"https:\\\/\\\/fuentesfidedignas.com.mx\\\/index.php\\\/2025\\\/04\\\/28\\\/reporta-la-uas-saldo-blanco-en-sus-instalaciones-durante-el-periodo-vacacional\\\/#primaryimage\",\"url\":\"https:\\\/\\\/fuentesfidedignas.com.mx\\\/wp-content\\\/uploads\\\/2024\\\/07\\\/PROTOCOLO-4.jpeg\",\"contentUrl\":\"https:\\\/\\\/fuentesfidedignas.com.mx\\\/wp-content\\\/uploads\\\/2024\\\/07\\\/PROTOCOLO-4.jpeg\",\"width\":650,\"height\":367},{\"@type\":\"BreadcrumbList\",\"@id\":\"https:\\\/\\\/fuentesfidedignas.com.mx\\\/index.php\\\/2025\\\/04\\\/28\\\/reporta-la-uas-saldo-blanco-en-sus-instalaciones-durante-el-periodo-vacacional\\\/#breadcrumb\",\"itemListElement\":[{\"@type\":\"ListItem\",\"position\":1,\"name\":\"Inicio\",\"item\":\"https:\\\/\\\/fuentesfidedignas.com.mx\\\/\"},{\"@type\":\"ListItem\",\"position\":2,\"name\":\"Reporta la UAS saldo blanco en sus instalaciones durante el periodo vacacional\"}]},{\"@type\":\"WebSite\",\"@id\":\"https:\\\/\\\/fuentesfidedignas.com.mx\\\/#website\",\"url\":\"https:\\\/\\\/fuentesfidedignas.com.mx\\\/\",\"name\":\"Fuentes Fidedignas\",\"description\":\"Otro sitio realizado con WordPress\",\"publisher\":{\"@id\":\"https:\\\/\\\/fuentesfidedignas.com.mx\\\/#organization\"},\"potentialAction\":[{\"@type\":\"SearchAction\",\"target\":{\"@type\":\"EntryPoint\",\"urlTemplate\":\"https:\\\/\\\/fuentesfidedignas.com.mx\\\/?s={search_term_string}\"},\"query-input\":{\"@type\":\"PropertyValueSpecification\",\"valueRequired\":true,\"valueName\":\"search_term_string\"}}],\"inLanguage\":\"es\"},{\"@type\":\"Organization\",\"@id\":\"https:\\\/\\\/fuentesfidedignas.com.mx\\\/#organization\",\"name\":\"Fuentes Fidedignas\",\"url\":\"https:\\\/\\\/fuentesfidedignas.com.mx\\\/\",\"logo\":{\"@type\":\"ImageObject\",\"inLanguage\":\"es\",\"@id\":\"https:\\\/\\\/fuentesfidedignas.com.mx\\\/#\\\/schema\\\/logo\\\/image\\\/\",\"url\":\"https:\\\/\\\/fuentesfidedignas.com.mx\\\/wp-content\\\/uploads\\\/2021\\\/04\\\/logo-retina.png\",\"contentUrl\":\"https:\\\/\\\/fuentesfidedignas.com.mx\\\/wp-content\\\/uploads\\\/2021\\\/04\\\/logo-retina.png\",\"width\":280,\"height\":51,\"caption\":\"Fuentes Fidedignas\"},\"image\":{\"@id\":\"https:\\\/\\\/fuentesfidedignas.com.mx\\\/#\\\/schema\\\/logo\\\/image\\\/\"},\"sameAs\":[\"https:\\\/\\\/www.facebook.com\\\/Fuentes-Fidedignas-368234489921644\",\"https:\\\/\\\/x.com\\\/fidedignas\"]},{\"@type\":\"Person\",\"@id\":\"https:\\\/\\\/fuentesfidedignas.com.mx\\\/#\\\/schema\\\/person\\\/331be9283d37198e2acd5750279085b0\",\"name\":\"Redacci\u00f3n\",\"image\":{\"@type\":\"ImageObject\",\"inLanguage\":\"es\",\"@id\":\"https:\\\/\\\/secure.gravatar.com\\\/avatar\\\/f6d8782c11d12b2d4ad3fbb6931aeab5309937a4d6cd2fc9cfaa28a6396a5aec?s=96&d=mm&r=g\",\"url\":\"https:\\\/\\\/secure.gravatar.com\\\/avatar\\\/f6d8782c11d12b2d4ad3fbb6931aeab5309937a4d6cd2fc9cfaa28a6396a5aec?s=96&d=mm&r=g\",\"contentUrl\":\"https:\\\/\\\/secure.gravatar.com\\\/avatar\\\/f6d8782c11d12b2d4ad3fbb6931aeab5309937a4d6cd2fc9cfaa28a6396a5aec?s=96&d=mm&r=g\",\"caption\":\"Redacci\u00f3n\"},\"url\":\"https:\\\/\\\/fuentesfidedignas.com.mx\\\/index.php\\\/author\\\/redaccion\\\/\"}]}<\/script>\n<!-- \/ Yoast SEO plugin. -->","yoast_head_json":{"title":"Reporta la UAS saldo blanco en sus instalaciones durante el periodo vacacional - Fuentes Fidedignas","robots":{"index":"index","follow":"follow","max-snippet":"max-snippet:-1","max-image-preview":"max-image-preview:large","max-video-preview":"max-video-preview:-1"},"canonical":"https:\/\/fuentesfidedignas.com.mx\/index.php\/2025\/04\/28\/reporta-la-uas-saldo-blanco-en-sus-instalaciones-durante-el-periodo-vacacional\/","og_locale":"es_MX","og_type":"article","og_title":"Reporta la UAS saldo blanco en sus instalaciones durante el periodo vacacional - Fuentes Fidedignas","og_description":"Se agradeci\u00f3 al personal a su cargo por el objetivo logrado, a la vez que lo hizo extensivo a la Guardia Nacional y Polic\u00eda Municipal, quienes realizaron rondines en los per\u00edmetros universitarios, adem\u00e1s de estar pendientes de suscitarse alg\u00fan incidente. Resultado del operativo de resguardo implementado en las instalaciones en la Universidad Aut\u00f3noma de Sinaloa [&hellip;]","og_url":"https:\/\/fuentesfidedignas.com.mx\/index.php\/2025\/04\/28\/reporta-la-uas-saldo-blanco-en-sus-instalaciones-durante-el-periodo-vacacional\/","og_site_name":"Fuentes Fidedignas","article_publisher":"https:\/\/www.facebook.com\/Fuentes-Fidedignas-368234489921644","article_published_time":"2025-04-29T00:54:52+00:00","article_modified_time":"2025-04-29T00:55:00+00:00","og_image":[{"width":650,"height":367,"url":"https:\/\/fuentesfidedignas.com.mx\/wp-content\/uploads\/2024\/07\/PROTOCOLO-4.jpeg","type":"image\/jpeg"}],"author":"Redacci\u00f3n","twitter_card":"summary_large_image","twitter_creator":"@fidedignas","twitter_site":"@fidedignas","twitter_misc":{"Escrito por":"Redacci\u00f3n","Tiempo de lectura":"2 minutos"},"schema":{"@context":"https:\/\/schema.org","@graph":[{"@type":"Article","@id":"https:\/\/fuentesfidedignas.com.mx\/index.php\/2025\/04\/28\/reporta-la-uas-saldo-blanco-en-sus-instalaciones-durante-el-periodo-vacacional\/#article","isPartOf":{"@id":"https:\/\/fuentesfidedignas.com.mx\/index.php\/2025\/04\/28\/reporta-la-uas-saldo-blanco-en-sus-instalaciones-durante-el-periodo-vacacional\/"},"author":{"name":"Redacci\u00f3n","@id":"https:\/\/fuentesfidedignas.com.mx\/#\/schema\/person\/331be9283d37198e2acd5750279085b0"},"headline":"Reporta la UAS saldo blanco en sus instalaciones durante el periodo vacacional","datePublished":"2025-04-29T00:54:52+00:00","dateModified":"2025-04-29T00:55:00+00:00","mainEntityOfPage":{"@id":"https:\/\/fuentesfidedignas.com.mx\/index.php\/2025\/04\/28\/reporta-la-uas-saldo-blanco-en-sus-instalaciones-durante-el-periodo-vacacional\/"},"wordCount":378,"commentCount":0,"publisher":{"@id":"https:\/\/fuentesfidedignas.com.mx\/#organization"},"image":{"@id":"https:\/\/fuentesfidedignas.com.mx\/index.php\/2025\/04\/28\/reporta-la-uas-saldo-blanco-en-sus-instalaciones-durante-el-periodo-vacacional\/#primaryimage"},"thumbnailUrl":"https:\/\/fuentesfidedignas.com.mx\/wp-content\/uploads\/2024\/07\/PROTOCOLO-4.jpeg","articleSection":["NOTICIAS LOCALES"],"inLanguage":"es","potentialAction":[{"@type":"CommentAction","name":"Comment","target":["https:\/\/fuentesfidedignas.com.mx\/index.php\/2025\/04\/28\/reporta-la-uas-saldo-blanco-en-sus-instalaciones-durante-el-periodo-vacacional\/#respond"]}]},{"@type":"WebPage","@id":"https:\/\/fuentesfidedignas.com.mx\/index.php\/2025\/04\/28\/reporta-la-uas-saldo-blanco-en-sus-instalaciones-durante-el-periodo-vacacional\/","url":"https:\/\/fuentesfidedignas.com.mx\/index.php\/2025\/04\/28\/reporta-la-uas-saldo-blanco-en-sus-instalaciones-durante-el-periodo-vacacional\/","name":"Reporta la UAS saldo blanco en sus instalaciones durante el periodo vacacional - Fuentes Fidedignas","isPartOf":{"@id":"https:\/\/fuentesfidedignas.com.mx\/#website"},"primaryImageOfPage":{"@id":"https:\/\/fuentesfidedignas.com.mx\/index.php\/2025\/04\/28\/reporta-la-uas-saldo-blanco-en-sus-instalaciones-durante-el-periodo-vacacional\/#primaryimage"},"image":{"@id":"https:\/\/fuentesfidedignas.com.mx\/index.php\/2025\/04\/28\/reporta-la-uas-saldo-blanco-en-sus-instalaciones-durante-el-periodo-vacacional\/#primaryimage"},"thumbnailUrl":"https:\/\/fuentesfidedignas.com.mx\/wp-content\/uploads\/2024\/07\/PROTOCOLO-4.jpeg","datePublished":"2025-04-29T00:54:52+00:00","dateModified":"2025-04-29T00:55:00+00:00","breadcrumb":{"@id":"https:\/\/fuentesfidedignas.com.mx\/index.php\/2025\/04\/28\/reporta-la-uas-saldo-blanco-en-sus-instalaciones-durante-el-periodo-vacacional\/#breadcrumb"},"inLanguage":"es","potentialAction":[{"@type":"ReadAction","target":["https:\/\/fuentesfidedignas.com.mx\/index.php\/2025\/04\/28\/reporta-la-uas-saldo-blanco-en-sus-instalaciones-durante-el-periodo-vacacional\/"]}]},{"@type":"ImageObject","inLanguage":"es","@id":"https:\/\/fuentesfidedignas.com.mx\/index.php\/2025\/04\/28\/reporta-la-uas-saldo-blanco-en-sus-instalaciones-durante-el-periodo-vacacional\/#primaryimage","url":"https:\/\/fuentesfidedignas.com.mx\/wp-content\/uploads\/2024\/07\/PROTOCOLO-4.jpeg","contentUrl":"https:\/\/fuentesfidedignas.com.mx\/wp-content\/uploads\/2024\/07\/PROTOCOLO-4.jpeg","width":650,"height":367},{"@type":"BreadcrumbList","@id":"https:\/\/fuentesfidedignas.com.mx\/index.php\/2025\/04\/28\/reporta-la-uas-saldo-blanco-en-sus-instalaciones-durante-el-periodo-vacacional\/#breadcrumb","itemListElement":[{"@type":"ListItem","position":1,"name":"Inicio","item":"https:\/\/fuentesfidedignas.com.mx\/"},{"@type":"ListItem","position":2,"name":"Reporta la UAS saldo blanco en sus instalaciones durante el periodo vacacional"}]},{"@type":"WebSite","@id":"https:\/\/fuentesfidedignas.com.mx\/#website","url":"https:\/\/fuentesfidedignas.com.mx\/","name":"Fuentes Fidedignas","description":"Otro sitio realizado con WordPress","publisher":{"@id":"https:\/\/fuentesfidedignas.com.mx\/#organization"},"potentialAction":[{"@type":"SearchAction","target":{"@type":"EntryPoint","urlTemplate":"https:\/\/fuentesfidedignas.com.mx\/?s={search_term_string}"},"query-input":{"@type":"PropertyValueSpecification","valueRequired":true,"valueName":"search_term_string"}}],"inLanguage":"es"},{"@type":"Organization","@id":"https:\/\/fuentesfidedignas.com.mx\/#organization","name":"Fuentes Fidedignas","url":"https:\/\/fuentesfidedignas.com.mx\/","logo":{"@type":"ImageObject","inLanguage":"es","@id":"https:\/\/fuentesfidedignas.com.mx\/#\/schema\/logo\/image\/","url":"https:\/\/fuentesfidedignas.com.mx\/wp-content\/uploads\/2021\/04\/logo-retina.png","contentUrl":"https:\/\/fuentesfidedignas.com.mx\/wp-content\/uploads\/2021\/04\/logo-retina.png","width":280,"height":51,"caption":"Fuentes Fidedignas"},"image":{"@id":"https:\/\/fuentesfidedignas.com.mx\/#\/schema\/logo\/image\/"},"sameAs":["https:\/\/www.facebook.com\/Fuentes-Fidedignas-368234489921644","https:\/\/x.com\/fidedignas"]},{"@type":"Person","@id":"https:\/\/fuentesfidedignas.com.mx\/#\/schema\/person\/331be9283d37198e2acd5750279085b0","name":"Redacci\u00f3n","image":{"@type":"ImageObject","inLanguage":"es","@id":"https:\/\/secure.gravatar.com\/avatar\/f6d8782c11d12b2d4ad3fbb6931aeab5309937a4d6cd2fc9cfaa28a6396a5aec?s=96&d=mm&r=g","url":"https:\/\/secure.gravatar.com\/avatar\/f6d8782c11d12b2d4ad3fbb6931aeab5309937a4d6cd2fc9cfaa28a6396a5aec?s=96&d=mm&r=g","contentUrl":"https:\/\/secure.gravatar.com\/avatar\/f6d8782c11d12b2d4ad3fbb6931aeab5309937a4d6cd2fc9cfaa28a6396a5aec?s=96&d=mm&r=g","caption":"Redacci\u00f3n"},"url":"https:\/\/fuentesfidedignas.com.mx\/index.php\/author\/redaccion\/"}]}},"_links":{"self":[{"href":"https:\/\/fuentesfidedignas.com.mx\/index.php\/wp-json\/wp\/v2\/posts\/107199","targetHints":{"allow":["GET"]}}],"collection":[{"href":"https:\/\/fuentesfidedignas.com.mx\/index.php\/wp-json\/wp\/v2\/posts"}],"about":[{"href":"https:\/\/fuentesfidedignas.com.mx\/index.php\/wp-json\/wp\/v2\/types\/post"}],"author":[{"embeddable":true,"href":"https:\/\/fuentesfidedignas.com.mx\/index.php\/wp-json\/wp\/v2\/users\/4"}],"replies":[{"embeddable":true,"href":"https:\/\/fuentesfidedignas.com.mx\/index.php\/wp-json\/wp\/v2\/comments?post=107199"}],"version-history":[{"count":1,"href":"https:\/\/fuentesfidedignas.com.mx\/index.php\/wp-json\/wp\/v2\/posts\/107199\/revisions"}],"predecessor-version":[{"id":107200,"href":"https:\/\/fuentesfidedignas.com.mx\/index.php\/wp-json\/wp\/v2\/posts\/107199\/revisions\/107200"}],"wp:featuredmedia":[{"embeddable":true,"href":"https:\/\/fuentesfidedignas.com.mx\/index.php\/wp-json\/wp\/v2\/media\/86852"}],"wp:attachment":[{"href":"https:\/\/fuentesfidedignas.com.mx\/index.php\/wp-json\/wp\/v2\/media?parent=107199"}],"wp:term":[{"taxonomy":"category","embeddable":true,"href":"https:\/\/fuentesfidedignas.com.mx\/index.php\/wp-json\/wp\/v2\/categories?post=107199"},{"taxonomy":"post_tag","embeddable":true,"href":"https:\/\/fuentesfidedignas.com.mx\/index.php\/wp-json\/wp\/v2\/tags?post=107199"}],"curies":[{"name":"wp","href":"https:\/\/api.w.org\/{rel}","templated":true}]}}