{"id":107181,"date":"2025-04-28T14:43:59","date_gmt":"2025-04-28T21:43:59","guid":{"rendered":"https:\/\/fuentesfidedignas.com.mx\/?p=107181"},"modified":"2025-04-28T14:43:59","modified_gmt":"2025-04-28T21:43:59","slug":"el-espejo-fragmentado-del-alma-moderna","status":"publish","type":"post","link":"https:\/\/fuentesfidedignas.com.mx\/index.php\/2025\/04\/28\/el-espejo-fragmentado-del-alma-moderna\/","title":{"rendered":"El espejo fragmentado del alma moderna"},"content":{"rendered":"\n<p><\/p>\n\n\n\n<p>Entre las sombras de la posguerra europea, Hermann Hesse nos entreg\u00f3 en &#8220;El lobo estepario&#8221; una de las confesiones literarias m\u00e1s desgarradoras del siglo XX. Esta obra trasciende la mera narrativa para convertirse en un espejo donde la conciencia moderna contempla su propia disociaci\u00f3n, su fundamental desgarramiento interior.<\/p>\n\n\n\n<p>En Harry Haller, Hesse cristaliza la condici\u00f3n esencial del individuo contempor\u00e1neo: la dolorosa escisi\u00f3n entre lo que la sociedad demanda y lo que el alma reclama en sus horas m\u00e1s silenciosas. El protagonista, percibido a s\u00ed mismo como dividido entre la naturaleza humana y la lupina, encarna la imposibilidad de habitar plenamente un mundo cuyos valores se han vuelto incomprensibles, la sensaci\u00f3n de ser perpetuamente un extranjero entre los propios cong\u00e9neres.<\/p>\n\n\n\n<p>La visi\u00f3n central de Hesse cuestiona radicalmente la ilusi\u00f3n occidental de un yo unificado y coherente. &#8220;No hay ninguna personalidad \u00fanica&#8221;, nos dice a trav\u00e9s del tratado que Haller encuentra. &#8220;El hombre es una cebolla de cien telas, un tejido compuesto de muchos hilos&#8221;. Esta multiplicidad que tanto desconcierta al protagonista no es una patolog\u00eda a superar, sino la condici\u00f3n fundamental de la existencia humana que debemos aprender a aceptar.<\/p>\n\n\n\n<p>La tragedia de Haller radica en su lucidez paralizante. Ha visto demasiado para creer en las ilusiones que sostienen el edificio social, pero no lo suficiente para trascenderlas. Vive en ese espacio intermedio donde el dolor de la conciencia a\u00fan no se ha transformado en liberaci\u00f3n. Su constante ideaci\u00f3n suicida refleja no tanto un deseo de muerte, sino el anhelo de una existencia m\u00e1s aut\u00e9ntica que parece perpetuamente fuera de alcance.<br>Hesse plantea que nuestro error fundamental consiste en intentar resolver la fragmentaci\u00f3n interna, en lugar de aceptarla como base para una libertad m\u00e1s profunda. Si no somos una cosa \u00fanica y definible, si nuestra naturaleza consiste precisamente en esta multiplicidad fluida, entonces ninguna prisi\u00f3n identitaria puede contenernos por completo. El Teatro M\u00e1gico, con su inscripci\u00f3n &#8220;Solo para locos&#8221;, simboliza este espacio donde las contradicciones pueden coexistir sin resolverse, donde la personalidad puede expandirse m\u00e1s all\u00e1 de las dicotom\u00edas habituales.<\/p>\n\n\n\n<p>El humor emerge en la obra como la perspectiva existencial m\u00e1s elevada. No el humor como mero entretenimiento, sino como capacidad para contemplar simult\u00e1neamente lo tr\u00e1gico y lo c\u00f3mico de la condici\u00f3n humana. Los inmortales que aparecen en el Teatro M\u00e1gico \u2014particularmente Mozart\u2014 han conquistado la eternidad porque han aprendido a re\u00edrse de s\u00ed mismos, a no tomar demasiado en serio el drama de la existencia, encontrando armon\u00edas inesperadas en medio del caos aparente.<\/p>\n\n\n\n<p>La visi\u00f3n de Hesse sobre la vida rechaza tanto el conformismo burgu\u00e9s como la desesperaci\u00f3n nihilista. Propone, en cambio, una aceptaci\u00f3n radical de nuestra multiplicidad, el desarrollo del humor como forma suprema de sabidur\u00eda, y la inmersi\u00f3n en la experiencia inmediata como ant\u00eddoto contra la abstracci\u00f3n est\u00e9ril. No hay salvaci\u00f3n definitiva, sugiere la novela; hay, en el mejor de los casos, una expansi\u00f3n gradual de la conciencia que nos permite habitar nuestras contradicciones sin ser destruidos por ellas.<\/p>\n\n\n\n<p>En tiempos donde la autenticidad se ha convertido en un imperativo cultural y, parad\u00f3jicamente, en una nueva forma de tiran\u00eda, &#8220;El lobo estepario&#8221; nos recuerda que quiz\u00e1s no exista una versi\u00f3n &#8220;verdadera&#8221; de nosotros mismos esperando ser descubierta. Tal vez la autenticidad consista precisamente en abrazar la contradicci\u00f3n, en habitar conscientemente la multiplicidad, en reconciliarnos con la idea de que somos, por naturaleza, seres incompletos y fragmentarios.<\/p>\n\n\n\n<p>La genialidad de Hesse reside en haber creado una obra que funciona simult\u00e1neamente como diagn\u00f3stico y como terapia. Al mostrarnos la fragmentaci\u00f3n interna de Haller, nos invita a reconocer la nuestra propia; al acompa\u00f1arlo en su doloroso peregrinaje hacia una conciencia m\u00e1s amplia, nos ofrece un mapa para nuestro propio viaje. &#8220;El lobo estepario&#8221; no promete curar la herida existencial del ser humano moderno; sugiere, en cambio, que es precisamente a trav\u00e9s de esa herida por donde entra la luz.<\/p>\n\n\n\n<p>El valor perdurable de esta obra radica en su negativa a ofrecer soluciones simplistas. Hesse no nos dice c\u00f3mo resolver la fragmentaci\u00f3n o c\u00f3mo superar la alienaci\u00f3n. Nos muestra, en cambio, que nuestra libertad m\u00e1s profunda podr\u00eda residir precisamente en la capacidad para transformarnos continuamente, para asumir y descartar m\u00e1scaras, para jugar el juego infinito de las personalidades m\u00faltiples sin perdernos en ninguna de ellas.<\/p>\n\n\n\n<p>En esta incompletud, en esta fragmentaci\u00f3n que tanto dolor nos causa, radica tambi\u00e9n nuestra m\u00e1s preciosa libertad: la de reinventarnos constantemente, la de trascender cualquier definici\u00f3n limitante, la de ser, como los inmortales del Teatro M\u00e1gico, eternos aprendices del arte de vivir en la multiplicidad.<\/p>\n","protected":false},"excerpt":{"rendered":"<p>Entre las sombras de la posguerra europea, Hermann Hesse nos entreg\u00f3 en &#8220;El lobo estepario&#8221; una de las confesiones literarias m\u00e1s desgarradoras del siglo XX. Esta obra trasciende la mera narrativa para convertirse en un espejo donde la conciencia moderna contempla su propia disociaci\u00f3n, su fundamental desgarramiento interior. En Harry Haller, Hesse cristaliza la condici\u00f3n [&hellip;]<\/p>\n","protected":false},"author":146,"featured_media":107180,"comment_status":"closed","ping_status":"open","sticky":false,"template":"","format":"standard","meta":{"tdm_status":"","tdm_grid_status":"","footnotes":""},"categories":[3064,3089],"tags":[],"class_list":{"0":"post-107181","1":"post","2":"type-post","3":"status-publish","4":"format-standard","5":"has-post-thumbnail","7":"category-columnas","8":"category-nutriendo-la-mente"},"yoast_head":"<!-- This site is optimized with the Yoast SEO plugin v27.5 - https:\/\/yoast.com\/product\/yoast-seo-wordpress\/ -->\n<title>El espejo fragmentado del alma moderna - Fuentes Fidedignas<\/title>\n<meta name=\"robots\" content=\"index, follow, max-snippet:-1, max-image-preview:large, max-video-preview:-1\" \/>\n<link rel=\"canonical\" href=\"https:\/\/fuentesfidedignas.com.mx\/index.php\/2025\/04\/28\/el-espejo-fragmentado-del-alma-moderna\/\" \/>\n<meta property=\"og:locale\" content=\"es_MX\" \/>\n<meta property=\"og:type\" content=\"article\" \/>\n<meta property=\"og:title\" content=\"El espejo fragmentado del alma moderna - Fuentes Fidedignas\" \/>\n<meta property=\"og:description\" content=\"Entre las sombras de la posguerra europea, Hermann Hesse nos entreg\u00f3 en &#8220;El lobo estepario&#8221; una de las confesiones literarias m\u00e1s desgarradoras del siglo XX. Esta obra trasciende la mera narrativa para convertirse en un espejo donde la conciencia moderna contempla su propia disociaci\u00f3n, su fundamental desgarramiento interior. En Harry Haller, Hesse cristaliza la condici\u00f3n [&hellip;]\" \/>\n<meta property=\"og:url\" content=\"https:\/\/fuentesfidedignas.com.mx\/index.php\/2025\/04\/28\/el-espejo-fragmentado-del-alma-moderna\/\" \/>\n<meta property=\"og:site_name\" content=\"Fuentes Fidedignas\" \/>\n<meta property=\"article:publisher\" content=\"https:\/\/www.facebook.com\/Fuentes-Fidedignas-368234489921644\" \/>\n<meta property=\"article:published_time\" content=\"2025-04-28T21:43:59+00:00\" \/>\n<meta property=\"og:image\" content=\"https:\/\/fuentesfidedignas.com.mx\/wp-content\/uploads\/2025\/04\/21ec2845-fff6-492d-894f-3f845409bf89-1.jpg\" \/>\n\t<meta property=\"og:image:width\" content=\"1600\" \/>\n\t<meta property=\"og:image:height\" content=\"1066\" \/>\n\t<meta property=\"og:image:type\" content=\"image\/jpeg\" \/>\n<meta name=\"author\" content=\"Mtro. Horacio de Jes\u00fas Malcampo Moreno\" \/>\n<meta name=\"twitter:card\" content=\"summary_large_image\" \/>\n<meta name=\"twitter:creator\" content=\"@fidedignas\" \/>\n<meta name=\"twitter:site\" content=\"@fidedignas\" \/>\n<meta name=\"twitter:label1\" content=\"Escrito por\" \/>\n\t<meta name=\"twitter:data1\" content=\"Mtro. Horacio de Jes\u00fas Malcampo Moreno\" \/>\n\t<meta name=\"twitter:label2\" content=\"Tiempo de lectura\" \/>\n\t<meta name=\"twitter:data2\" content=\"4 minutos\" \/>\n<script type=\"application\/ld+json\" class=\"yoast-schema-graph\">{\"@context\":\"https:\\\/\\\/schema.org\",\"@graph\":[{\"@type\":\"Article\",\"@id\":\"https:\\\/\\\/fuentesfidedignas.com.mx\\\/index.php\\\/2025\\\/04\\\/28\\\/el-espejo-fragmentado-del-alma-moderna\\\/#article\",\"isPartOf\":{\"@id\":\"https:\\\/\\\/fuentesfidedignas.com.mx\\\/index.php\\\/2025\\\/04\\\/28\\\/el-espejo-fragmentado-del-alma-moderna\\\/\"},\"author\":{\"name\":\"Mtro. Horacio de Jes\u00fas Malcampo Moreno\",\"@id\":\"https:\\\/\\\/fuentesfidedignas.com.mx\\\/#\\\/schema\\\/person\\\/3f687c55082c557a647c7836bde45728\"},\"headline\":\"El espejo fragmentado del alma moderna\",\"datePublished\":\"2025-04-28T21:43:59+00:00\",\"mainEntityOfPage\":{\"@id\":\"https:\\\/\\\/fuentesfidedignas.com.mx\\\/index.php\\\/2025\\\/04\\\/28\\\/el-espejo-fragmentado-del-alma-moderna\\\/\"},\"wordCount\":822,\"publisher\":{\"@id\":\"https:\\\/\\\/fuentesfidedignas.com.mx\\\/#organization\"},\"image\":{\"@id\":\"https:\\\/\\\/fuentesfidedignas.com.mx\\\/index.php\\\/2025\\\/04\\\/28\\\/el-espejo-fragmentado-del-alma-moderna\\\/#primaryimage\"},\"thumbnailUrl\":\"https:\\\/\\\/fuentesfidedignas.com.mx\\\/wp-content\\\/uploads\\\/2025\\\/04\\\/21ec2845-fff6-492d-894f-3f845409bf89-1.jpg\",\"articleSection\":[\"COLUMNAS\",\"NUTRIENDO LA MENTE\"],\"inLanguage\":\"es\"},{\"@type\":\"WebPage\",\"@id\":\"https:\\\/\\\/fuentesfidedignas.com.mx\\\/index.php\\\/2025\\\/04\\\/28\\\/el-espejo-fragmentado-del-alma-moderna\\\/\",\"url\":\"https:\\\/\\\/fuentesfidedignas.com.mx\\\/index.php\\\/2025\\\/04\\\/28\\\/el-espejo-fragmentado-del-alma-moderna\\\/\",\"name\":\"El espejo fragmentado del alma moderna - Fuentes Fidedignas\",\"isPartOf\":{\"@id\":\"https:\\\/\\\/fuentesfidedignas.com.mx\\\/#website\"},\"primaryImageOfPage\":{\"@id\":\"https:\\\/\\\/fuentesfidedignas.com.mx\\\/index.php\\\/2025\\\/04\\\/28\\\/el-espejo-fragmentado-del-alma-moderna\\\/#primaryimage\"},\"image\":{\"@id\":\"https:\\\/\\\/fuentesfidedignas.com.mx\\\/index.php\\\/2025\\\/04\\\/28\\\/el-espejo-fragmentado-del-alma-moderna\\\/#primaryimage\"},\"thumbnailUrl\":\"https:\\\/\\\/fuentesfidedignas.com.mx\\\/wp-content\\\/uploads\\\/2025\\\/04\\\/21ec2845-fff6-492d-894f-3f845409bf89-1.jpg\",\"datePublished\":\"2025-04-28T21:43:59+00:00\",\"breadcrumb\":{\"@id\":\"https:\\\/\\\/fuentesfidedignas.com.mx\\\/index.php\\\/2025\\\/04\\\/28\\\/el-espejo-fragmentado-del-alma-moderna\\\/#breadcrumb\"},\"inLanguage\":\"es\",\"potentialAction\":[{\"@type\":\"ReadAction\",\"target\":[\"https:\\\/\\\/fuentesfidedignas.com.mx\\\/index.php\\\/2025\\\/04\\\/28\\\/el-espejo-fragmentado-del-alma-moderna\\\/\"]}]},{\"@type\":\"ImageObject\",\"inLanguage\":\"es\",\"@id\":\"https:\\\/\\\/fuentesfidedignas.com.mx\\\/index.php\\\/2025\\\/04\\\/28\\\/el-espejo-fragmentado-del-alma-moderna\\\/#primaryimage\",\"url\":\"https:\\\/\\\/fuentesfidedignas.com.mx\\\/wp-content\\\/uploads\\\/2025\\\/04\\\/21ec2845-fff6-492d-894f-3f845409bf89-1.jpg\",\"contentUrl\":\"https:\\\/\\\/fuentesfidedignas.com.mx\\\/wp-content\\\/uploads\\\/2025\\\/04\\\/21ec2845-fff6-492d-894f-3f845409bf89-1.jpg\",\"width\":1600,\"height\":1066},{\"@type\":\"BreadcrumbList\",\"@id\":\"https:\\\/\\\/fuentesfidedignas.com.mx\\\/index.php\\\/2025\\\/04\\\/28\\\/el-espejo-fragmentado-del-alma-moderna\\\/#breadcrumb\",\"itemListElement\":[{\"@type\":\"ListItem\",\"position\":1,\"name\":\"Inicio\",\"item\":\"https:\\\/\\\/fuentesfidedignas.com.mx\\\/\"},{\"@type\":\"ListItem\",\"position\":2,\"name\":\"El espejo fragmentado del alma moderna\"}]},{\"@type\":\"WebSite\",\"@id\":\"https:\\\/\\\/fuentesfidedignas.com.mx\\\/#website\",\"url\":\"https:\\\/\\\/fuentesfidedignas.com.mx\\\/\",\"name\":\"Fuentes Fidedignas\",\"description\":\"Otro sitio realizado con WordPress\",\"publisher\":{\"@id\":\"https:\\\/\\\/fuentesfidedignas.com.mx\\\/#organization\"},\"potentialAction\":[{\"@type\":\"SearchAction\",\"target\":{\"@type\":\"EntryPoint\",\"urlTemplate\":\"https:\\\/\\\/fuentesfidedignas.com.mx\\\/?s={search_term_string}\"},\"query-input\":{\"@type\":\"PropertyValueSpecification\",\"valueRequired\":true,\"valueName\":\"search_term_string\"}}],\"inLanguage\":\"es\"},{\"@type\":\"Organization\",\"@id\":\"https:\\\/\\\/fuentesfidedignas.com.mx\\\/#organization\",\"name\":\"Fuentes Fidedignas\",\"url\":\"https:\\\/\\\/fuentesfidedignas.com.mx\\\/\",\"logo\":{\"@type\":\"ImageObject\",\"inLanguage\":\"es\",\"@id\":\"https:\\\/\\\/fuentesfidedignas.com.mx\\\/#\\\/schema\\\/logo\\\/image\\\/\",\"url\":\"https:\\\/\\\/fuentesfidedignas.com.mx\\\/wp-content\\\/uploads\\\/2021\\\/04\\\/logo-retina.png\",\"contentUrl\":\"https:\\\/\\\/fuentesfidedignas.com.mx\\\/wp-content\\\/uploads\\\/2021\\\/04\\\/logo-retina.png\",\"width\":280,\"height\":51,\"caption\":\"Fuentes Fidedignas\"},\"image\":{\"@id\":\"https:\\\/\\\/fuentesfidedignas.com.mx\\\/#\\\/schema\\\/logo\\\/image\\\/\"},\"sameAs\":[\"https:\\\/\\\/www.facebook.com\\\/Fuentes-Fidedignas-368234489921644\",\"https:\\\/\\\/x.com\\\/fidedignas\"]},{\"@type\":\"Person\",\"@id\":\"https:\\\/\\\/fuentesfidedignas.com.mx\\\/#\\\/schema\\\/person\\\/3f687c55082c557a647c7836bde45728\",\"name\":\"Mtro. Horacio de Jes\u00fas Malcampo Moreno\",\"image\":{\"@type\":\"ImageObject\",\"inLanguage\":\"es\",\"@id\":\"https:\\\/\\\/secure.gravatar.com\\\/avatar\\\/21fd667a5b9de079d383e44390566d4c728a6ce47b9b5e8419c61f1b793461ac?s=96&d=mm&r=g\",\"url\":\"https:\\\/\\\/secure.gravatar.com\\\/avatar\\\/21fd667a5b9de079d383e44390566d4c728a6ce47b9b5e8419c61f1b793461ac?s=96&d=mm&r=g\",\"contentUrl\":\"https:\\\/\\\/secure.gravatar.com\\\/avatar\\\/21fd667a5b9de079d383e44390566d4c728a6ce47b9b5e8419c61f1b793461ac?s=96&d=mm&r=g\",\"caption\":\"Mtro. Horacio de Jes\u00fas Malcampo Moreno\"},\"url\":\"https:\\\/\\\/fuentesfidedignas.com.mx\\\/index.php\\\/author\\\/horacio\\\/\"}]}<\/script>\n<!-- \/ Yoast SEO plugin. -->","yoast_head_json":{"title":"El espejo fragmentado del alma moderna - Fuentes Fidedignas","robots":{"index":"index","follow":"follow","max-snippet":"max-snippet:-1","max-image-preview":"max-image-preview:large","max-video-preview":"max-video-preview:-1"},"canonical":"https:\/\/fuentesfidedignas.com.mx\/index.php\/2025\/04\/28\/el-espejo-fragmentado-del-alma-moderna\/","og_locale":"es_MX","og_type":"article","og_title":"El espejo fragmentado del alma moderna - Fuentes Fidedignas","og_description":"Entre las sombras de la posguerra europea, Hermann Hesse nos entreg\u00f3 en &#8220;El lobo estepario&#8221; una de las confesiones literarias m\u00e1s desgarradoras del siglo XX. Esta obra trasciende la mera narrativa para convertirse en un espejo donde la conciencia moderna contempla su propia disociaci\u00f3n, su fundamental desgarramiento interior. En Harry Haller, Hesse cristaliza la condici\u00f3n [&hellip;]","og_url":"https:\/\/fuentesfidedignas.com.mx\/index.php\/2025\/04\/28\/el-espejo-fragmentado-del-alma-moderna\/","og_site_name":"Fuentes Fidedignas","article_publisher":"https:\/\/www.facebook.com\/Fuentes-Fidedignas-368234489921644","article_published_time":"2025-04-28T21:43:59+00:00","og_image":[{"width":1600,"height":1066,"url":"https:\/\/fuentesfidedignas.com.mx\/wp-content\/uploads\/2025\/04\/21ec2845-fff6-492d-894f-3f845409bf89-1.jpg","type":"image\/jpeg"}],"author":"Mtro. Horacio de Jes\u00fas Malcampo Moreno","twitter_card":"summary_large_image","twitter_creator":"@fidedignas","twitter_site":"@fidedignas","twitter_misc":{"Escrito por":"Mtro. Horacio de Jes\u00fas Malcampo Moreno","Tiempo de lectura":"4 minutos"},"schema":{"@context":"https:\/\/schema.org","@graph":[{"@type":"Article","@id":"https:\/\/fuentesfidedignas.com.mx\/index.php\/2025\/04\/28\/el-espejo-fragmentado-del-alma-moderna\/#article","isPartOf":{"@id":"https:\/\/fuentesfidedignas.com.mx\/index.php\/2025\/04\/28\/el-espejo-fragmentado-del-alma-moderna\/"},"author":{"name":"Mtro. Horacio de Jes\u00fas Malcampo Moreno","@id":"https:\/\/fuentesfidedignas.com.mx\/#\/schema\/person\/3f687c55082c557a647c7836bde45728"},"headline":"El espejo fragmentado del alma moderna","datePublished":"2025-04-28T21:43:59+00:00","mainEntityOfPage":{"@id":"https:\/\/fuentesfidedignas.com.mx\/index.php\/2025\/04\/28\/el-espejo-fragmentado-del-alma-moderna\/"},"wordCount":822,"publisher":{"@id":"https:\/\/fuentesfidedignas.com.mx\/#organization"},"image":{"@id":"https:\/\/fuentesfidedignas.com.mx\/index.php\/2025\/04\/28\/el-espejo-fragmentado-del-alma-moderna\/#primaryimage"},"thumbnailUrl":"https:\/\/fuentesfidedignas.com.mx\/wp-content\/uploads\/2025\/04\/21ec2845-fff6-492d-894f-3f845409bf89-1.jpg","articleSection":["COLUMNAS","NUTRIENDO LA MENTE"],"inLanguage":"es"},{"@type":"WebPage","@id":"https:\/\/fuentesfidedignas.com.mx\/index.php\/2025\/04\/28\/el-espejo-fragmentado-del-alma-moderna\/","url":"https:\/\/fuentesfidedignas.com.mx\/index.php\/2025\/04\/28\/el-espejo-fragmentado-del-alma-moderna\/","name":"El espejo fragmentado del alma moderna - Fuentes Fidedignas","isPartOf":{"@id":"https:\/\/fuentesfidedignas.com.mx\/#website"},"primaryImageOfPage":{"@id":"https:\/\/fuentesfidedignas.com.mx\/index.php\/2025\/04\/28\/el-espejo-fragmentado-del-alma-moderna\/#primaryimage"},"image":{"@id":"https:\/\/fuentesfidedignas.com.mx\/index.php\/2025\/04\/28\/el-espejo-fragmentado-del-alma-moderna\/#primaryimage"},"thumbnailUrl":"https:\/\/fuentesfidedignas.com.mx\/wp-content\/uploads\/2025\/04\/21ec2845-fff6-492d-894f-3f845409bf89-1.jpg","datePublished":"2025-04-28T21:43:59+00:00","breadcrumb":{"@id":"https:\/\/fuentesfidedignas.com.mx\/index.php\/2025\/04\/28\/el-espejo-fragmentado-del-alma-moderna\/#breadcrumb"},"inLanguage":"es","potentialAction":[{"@type":"ReadAction","target":["https:\/\/fuentesfidedignas.com.mx\/index.php\/2025\/04\/28\/el-espejo-fragmentado-del-alma-moderna\/"]}]},{"@type":"ImageObject","inLanguage":"es","@id":"https:\/\/fuentesfidedignas.com.mx\/index.php\/2025\/04\/28\/el-espejo-fragmentado-del-alma-moderna\/#primaryimage","url":"https:\/\/fuentesfidedignas.com.mx\/wp-content\/uploads\/2025\/04\/21ec2845-fff6-492d-894f-3f845409bf89-1.jpg","contentUrl":"https:\/\/fuentesfidedignas.com.mx\/wp-content\/uploads\/2025\/04\/21ec2845-fff6-492d-894f-3f845409bf89-1.jpg","width":1600,"height":1066},{"@type":"BreadcrumbList","@id":"https:\/\/fuentesfidedignas.com.mx\/index.php\/2025\/04\/28\/el-espejo-fragmentado-del-alma-moderna\/#breadcrumb","itemListElement":[{"@type":"ListItem","position":1,"name":"Inicio","item":"https:\/\/fuentesfidedignas.com.mx\/"},{"@type":"ListItem","position":2,"name":"El espejo fragmentado del alma moderna"}]},{"@type":"WebSite","@id":"https:\/\/fuentesfidedignas.com.mx\/#website","url":"https:\/\/fuentesfidedignas.com.mx\/","name":"Fuentes Fidedignas","description":"Otro sitio realizado con WordPress","publisher":{"@id":"https:\/\/fuentesfidedignas.com.mx\/#organization"},"potentialAction":[{"@type":"SearchAction","target":{"@type":"EntryPoint","urlTemplate":"https:\/\/fuentesfidedignas.com.mx\/?s={search_term_string}"},"query-input":{"@type":"PropertyValueSpecification","valueRequired":true,"valueName":"search_term_string"}}],"inLanguage":"es"},{"@type":"Organization","@id":"https:\/\/fuentesfidedignas.com.mx\/#organization","name":"Fuentes Fidedignas","url":"https:\/\/fuentesfidedignas.com.mx\/","logo":{"@type":"ImageObject","inLanguage":"es","@id":"https:\/\/fuentesfidedignas.com.mx\/#\/schema\/logo\/image\/","url":"https:\/\/fuentesfidedignas.com.mx\/wp-content\/uploads\/2021\/04\/logo-retina.png","contentUrl":"https:\/\/fuentesfidedignas.com.mx\/wp-content\/uploads\/2021\/04\/logo-retina.png","width":280,"height":51,"caption":"Fuentes Fidedignas"},"image":{"@id":"https:\/\/fuentesfidedignas.com.mx\/#\/schema\/logo\/image\/"},"sameAs":["https:\/\/www.facebook.com\/Fuentes-Fidedignas-368234489921644","https:\/\/x.com\/fidedignas"]},{"@type":"Person","@id":"https:\/\/fuentesfidedignas.com.mx\/#\/schema\/person\/3f687c55082c557a647c7836bde45728","name":"Mtro. Horacio de Jes\u00fas Malcampo Moreno","image":{"@type":"ImageObject","inLanguage":"es","@id":"https:\/\/secure.gravatar.com\/avatar\/21fd667a5b9de079d383e44390566d4c728a6ce47b9b5e8419c61f1b793461ac?s=96&d=mm&r=g","url":"https:\/\/secure.gravatar.com\/avatar\/21fd667a5b9de079d383e44390566d4c728a6ce47b9b5e8419c61f1b793461ac?s=96&d=mm&r=g","contentUrl":"https:\/\/secure.gravatar.com\/avatar\/21fd667a5b9de079d383e44390566d4c728a6ce47b9b5e8419c61f1b793461ac?s=96&d=mm&r=g","caption":"Mtro. Horacio de Jes\u00fas Malcampo Moreno"},"url":"https:\/\/fuentesfidedignas.com.mx\/index.php\/author\/horacio\/"}]}},"_links":{"self":[{"href":"https:\/\/fuentesfidedignas.com.mx\/index.php\/wp-json\/wp\/v2\/posts\/107181","targetHints":{"allow":["GET"]}}],"collection":[{"href":"https:\/\/fuentesfidedignas.com.mx\/index.php\/wp-json\/wp\/v2\/posts"}],"about":[{"href":"https:\/\/fuentesfidedignas.com.mx\/index.php\/wp-json\/wp\/v2\/types\/post"}],"author":[{"embeddable":true,"href":"https:\/\/fuentesfidedignas.com.mx\/index.php\/wp-json\/wp\/v2\/users\/146"}],"replies":[{"embeddable":true,"href":"https:\/\/fuentesfidedignas.com.mx\/index.php\/wp-json\/wp\/v2\/comments?post=107181"}],"version-history":[{"count":1,"href":"https:\/\/fuentesfidedignas.com.mx\/index.php\/wp-json\/wp\/v2\/posts\/107181\/revisions"}],"predecessor-version":[{"id":107182,"href":"https:\/\/fuentesfidedignas.com.mx\/index.php\/wp-json\/wp\/v2\/posts\/107181\/revisions\/107182"}],"wp:featuredmedia":[{"embeddable":true,"href":"https:\/\/fuentesfidedignas.com.mx\/index.php\/wp-json\/wp\/v2\/media\/107180"}],"wp:attachment":[{"href":"https:\/\/fuentesfidedignas.com.mx\/index.php\/wp-json\/wp\/v2\/media?parent=107181"}],"wp:term":[{"taxonomy":"category","embeddable":true,"href":"https:\/\/fuentesfidedignas.com.mx\/index.php\/wp-json\/wp\/v2\/categories?post=107181"},{"taxonomy":"post_tag","embeddable":true,"href":"https:\/\/fuentesfidedignas.com.mx\/index.php\/wp-json\/wp\/v2\/tags?post=107181"}],"curies":[{"name":"wp","href":"https:\/\/api.w.org\/{rel}","templated":true}]}}