{"id":107155,"date":"2025-04-28T07:29:16","date_gmt":"2025-04-28T14:29:16","guid":{"rendered":"https:\/\/fuentesfidedignas.com.mx\/?p=107155"},"modified":"2025-04-28T07:29:18","modified_gmt":"2025-04-28T14:29:18","slug":"los-jovenes-somos-un-motor-de-transformacion-emiliano-jacobo-noris","status":"publish","type":"post","link":"https:\/\/fuentesfidedignas.com.mx\/index.php\/2025\/04\/28\/los-jovenes-somos-un-motor-de-transformacion-emiliano-jacobo-noris\/","title":{"rendered":"Los j\u00f3venes somos un motor de transformaci\u00f3n: Emiliano Jacobo Noris"},"content":{"rendered":"\n<p><strong><em>El joven &#8216;culichi&#8217; particip\u00f3 junto con 39 j\u00f3venes en el Parlamento Juvenil &#8220;7 de abril&#8221; 2025<\/em><\/strong><\/p>\n\n\n\n<p>El joven Emiliano Jacobo Noris, con apenas 20 a\u00f1os de edad, originario de la capital sinaloense, estudiante de Derecho fue uno de los 40 que participaron el el pasado Parlamento Juvenil &#8220;7 de abril&#8221; 2025 en la 65 Legislatura del H. Congreso del Estado de Sinaloa, el cual se realiz\u00f3 el pasado fin de semana.<\/p>\n\n\n\n<p>Emiliano platica que desde que se enter\u00f3 que fue seleccionado para representar a una parte de la ciudadan\u00eda de Sinaloa entendi\u00f3 de que no se trataba de dar su voz, sino de ser un agente activo de cambio. <\/p>\n\n\n\n<p>Resalt\u00f3 que su paso por este espacio fue una experiencia enriquecedora, que le permiti\u00f3 contribuir al fortalecimiento de la democracia y la participaci\u00f3n ciudadana de Sinaloa.<\/p>\n\n\n\n<p>&#8220;Junto a mis compa\u00f1eros Diputadas y Diputados Juveniles integrantes de la Comisi\u00f3n Permanente: Participaci\u00f3n Ciudadana y Democracia, trabajamos en diversas iniciativas clave. Entre ellas, destacamos el impulso del Presupuesto Participativo, la creaci\u00f3n de Asambleas Ciudadanas, el fomento a la Red de apoyo y emprendimiento para la independencia femenina, y la promoci\u00f3n y fortalecimiento de la integraci\u00f3n de manera activa en los diferentes grupos de l\u00edderes comunitarios. Creemos que la participaci\u00f3n inclusiva es fundamental para que cada ciudadano se sienta parte de las decisiones que afectan su entorno&#8221;, resalt\u00f3.<\/p>\n\n\n\n<p>El joven explica que una de las propuestas m\u00e1s significativas en las que trabaj\u00f3 es en su Plan de Acci\u00f3n: &#8220;La Voz de la Ciudadan\u00eda: Evaluaci\u00f3n, Mejora y Participaci\u00f3n en nuestra democracia en Sinaloa&#8221;. Esta iniciativa busca fortalecer la democracia y empoderar a los ciudadanos, asegurando que cada uno pueda sentirse involucrado y con la capacidad de influir en las decisiones que impactan a su comunidad.<\/p>\n\n\n\n<p>Durante su participaci\u00f3n Emiliano propuso las siguientes actividades para lograr estos objetivos, las cuales incluyen:<\/p>\n\n\n\n<ul class=\"wp-block-list\">\n<li>Encuestas evaluativas y de percepci\u00f3n en cada comunidad de Sinaloa, para conocer la opini\u00f3n de los ciudadanos sobre los procesos democr\u00e1ticos.<\/li>\n\n\n\n<li>Reuniones comunitarias para promover el di\u00e1logo directo y escuchar las necesidades de la gente de primera instancia.<\/li>\n\n\n\n<li>Mesas de trabajo con activistas, expertos en derecho, ciencias pol\u00edticas y \u00e1reas afines, con el fin de desarrollar propuestas s\u00f3lidas y concretas.<\/li>\n\n\n\n<li>Campa\u00f1as informativas para incentivar la participaci\u00f3n en los procesos electorales y fortalecer la conciencia c\u00edvica.<\/li>\n\n\n\n<li>Eventos sociales, culturales y pol\u00edticos para consolidar un puente entre las autoridades gubernamentales y la ciudadan\u00eda.<\/li>\n\n\n\n<li>Manifestaciones pac\u00edficas como una forma de mantener una &#8220;voz&#8221; activa en cada comunidad del estado, promoviendo el derecho a la libre expresi\u00f3n.<\/li>\n\n\n\n<li>Creaci\u00f3n de un Buz\u00f3n Ciudadano mediante una plataforma en l\u00ednea, donde se pueda llevar un registro de todas las acciones, estrategias y dudas proporcionadas por la ciudadan\u00eda, con expertos que resuelvan cada inquietud.<\/li>\n\n\n\n<li>Parlamentos abiertos en los tres poderes de gobierno, para garantizar que la ciudadan\u00eda conozca de manera transparente a todos los servidores p\u00fablicos en funciones.<\/li>\n<\/ul>\n\n\n\n<p>Mencion\u00f3 que a trav\u00e9s de estas actividades, busca crear un puente real entre la ciudadan\u00eda y el gobierno, promoviendo un espacio de comunicaci\u00f3n constante.<\/p>\n\n\n\n<p>&#8220;Mi experiencia en el Parlamento Juvenil ha sido reveladora: el di\u00e1logo y el compromiso son herramientas poderosas para generar cambios reales. Esta vivencia tambi\u00e9n me ha reafirmado que los j\u00f3venes somos un motor de transformaci\u00f3n, capaces de ofrecer soluciones concretas a los desaf\u00edos de nuestra sociedad&#8221;, dijo.<\/p>\n\n\n\n<p>Por \u00faltimo, dijo estar convencido de que este es solo el inicio de un largo camino de participaci\u00f3n activa y compromiso social, pues el tiempo de actuar es ahora, y con unidad y esfuerzo, podr\u00e1 construir un Sinaloa m\u00e1s pr\u00f3spero, justo y democr\u00e1tico para todos.<\/p>\n\n\n\n<iframe loading=\"lazy\" src=\"https:\/\/www.facebook.com\/plugins\/post.php?href=https%3A%2F%2Fwww.facebook.com%2Fsergiotorresfelix%2Fposts%2Fpfbid02LZGA1o35Pc2pQVpdRv1QZgdJ58w1j7ttQSWR8oNxfBzgfXBjVt5kdRvgXJvy2Cbfl&#038;show_text=true&#038;width=500\" width=\"500\" height=\"250\" style=\"border:none;overflow:hidden\" scrolling=\"no\" frameborder=\"0\" allowfullscreen=\"true\" allow=\"autoplay; clipboard-write; encrypted-media; picture-in-picture; web-share\"><\/iframe>\n","protected":false},"excerpt":{"rendered":"<p>El joven &#8216;culichi&#8217; particip\u00f3 junto con 39 j\u00f3venes en el Parlamento Juvenil &#8220;7 de abril&#8221; 2025 El joven Emiliano Jacobo Noris, con apenas 20 a\u00f1os de edad, originario de la capital sinaloense, estudiante de Derecho fue uno de los 40 que participaron el el pasado Parlamento Juvenil &#8220;7 de abril&#8221; 2025 en la 65 Legislatura [&hellip;]<\/p>\n","protected":false},"author":10,"featured_media":107159,"comment_status":"open","ping_status":"open","sticky":false,"template":"","format":"standard","meta":{"tdm_status":"","tdm_grid_status":"","footnotes":""},"categories":[36,31],"tags":[],"class_list":{"0":"post-107155","1":"post","2":"type-post","3":"status-publish","4":"format-standard","5":"has-post-thumbnail","7":"category-semanales","8":"category-sinaloa-positivo"},"yoast_head":"<!-- This site is optimized with the Yoast SEO plugin v27.5 - https:\/\/yoast.com\/product\/yoast-seo-wordpress\/ -->\n<title>Los j\u00f3venes somos un motor de transformaci\u00f3n: Emiliano Jacobo Noris - Fuentes Fidedignas<\/title>\n<meta name=\"robots\" content=\"index, follow, max-snippet:-1, max-image-preview:large, max-video-preview:-1\" \/>\n<link rel=\"canonical\" href=\"https:\/\/fuentesfidedignas.com.mx\/index.php\/2025\/04\/28\/los-jovenes-somos-un-motor-de-transformacion-emiliano-jacobo-noris\/\" \/>\n<meta property=\"og:locale\" content=\"es_MX\" \/>\n<meta property=\"og:type\" content=\"article\" \/>\n<meta property=\"og:title\" content=\"Los j\u00f3venes somos un motor de transformaci\u00f3n: Emiliano Jacobo Noris - Fuentes Fidedignas\" \/>\n<meta property=\"og:description\" content=\"El joven &#8216;culichi&#8217; particip\u00f3 junto con 39 j\u00f3venes en el Parlamento Juvenil &#8220;7 de abril&#8221; 2025 El joven Emiliano Jacobo Noris, con apenas 20 a\u00f1os de edad, originario de la capital sinaloense, estudiante de Derecho fue uno de los 40 que participaron el el pasado Parlamento Juvenil &#8220;7 de abril&#8221; 2025 en la 65 Legislatura [&hellip;]\" \/>\n<meta property=\"og:url\" content=\"https:\/\/fuentesfidedignas.com.mx\/index.php\/2025\/04\/28\/los-jovenes-somos-un-motor-de-transformacion-emiliano-jacobo-noris\/\" \/>\n<meta property=\"og:site_name\" content=\"Fuentes Fidedignas\" \/>\n<meta property=\"article:publisher\" content=\"https:\/\/www.facebook.com\/Fuentes-Fidedignas-368234489921644\" \/>\n<meta property=\"article:published_time\" content=\"2025-04-28T14:29:16+00:00\" \/>\n<meta property=\"article:modified_time\" content=\"2025-04-28T14:29:18+00:00\" \/>\n<meta property=\"og:image\" content=\"https:\/\/fuentesfidedignas.com.mx\/wp-content\/uploads\/2025\/04\/WhatsApp-Image-2025-04-27-at-9.07.20-PM.jpeg\" \/>\n\t<meta property=\"og:image:width\" content=\"600\" \/>\n\t<meta property=\"og:image:height\" content=\"399\" \/>\n\t<meta property=\"og:image:type\" content=\"image\/jpeg\" \/>\n<meta name=\"author\" content=\"\u00c1ngeles Jacobo\" \/>\n<meta name=\"twitter:card\" content=\"summary_large_image\" \/>\n<meta name=\"twitter:creator\" content=\"@fidedignas\" \/>\n<meta name=\"twitter:site\" content=\"@fidedignas\" \/>\n<meta name=\"twitter:label1\" content=\"Escrito por\" \/>\n\t<meta name=\"twitter:data1\" content=\"\u00c1ngeles Jacobo\" \/>\n\t<meta name=\"twitter:label2\" content=\"Tiempo de lectura\" \/>\n\t<meta name=\"twitter:data2\" content=\"3 minutos\" \/>\n<script type=\"application\/ld+json\" class=\"yoast-schema-graph\">{\"@context\":\"https:\\\/\\\/schema.org\",\"@graph\":[{\"@type\":\"Article\",\"@id\":\"https:\\\/\\\/fuentesfidedignas.com.mx\\\/index.php\\\/2025\\\/04\\\/28\\\/los-jovenes-somos-un-motor-de-transformacion-emiliano-jacobo-noris\\\/#article\",\"isPartOf\":{\"@id\":\"https:\\\/\\\/fuentesfidedignas.com.mx\\\/index.php\\\/2025\\\/04\\\/28\\\/los-jovenes-somos-un-motor-de-transformacion-emiliano-jacobo-noris\\\/\"},\"author\":{\"name\":\"\u00c1ngeles Jacobo\",\"@id\":\"https:\\\/\\\/fuentesfidedignas.com.mx\\\/#\\\/schema\\\/person\\\/14a50152858ee497bc8b002149f5cca7\"},\"headline\":\"Los j\u00f3venes somos un motor de transformaci\u00f3n: Emiliano Jacobo Noris\",\"datePublished\":\"2025-04-28T14:29:16+00:00\",\"dateModified\":\"2025-04-28T14:29:18+00:00\",\"mainEntityOfPage\":{\"@id\":\"https:\\\/\\\/fuentesfidedignas.com.mx\\\/index.php\\\/2025\\\/04\\\/28\\\/los-jovenes-somos-un-motor-de-transformacion-emiliano-jacobo-noris\\\/\"},\"wordCount\":643,\"commentCount\":0,\"publisher\":{\"@id\":\"https:\\\/\\\/fuentesfidedignas.com.mx\\\/#organization\"},\"image\":{\"@id\":\"https:\\\/\\\/fuentesfidedignas.com.mx\\\/index.php\\\/2025\\\/04\\\/28\\\/los-jovenes-somos-un-motor-de-transformacion-emiliano-jacobo-noris\\\/#primaryimage\"},\"thumbnailUrl\":\"https:\\\/\\\/fuentesfidedignas.com.mx\\\/wp-content\\\/uploads\\\/2025\\\/04\\\/WhatsApp-Image-2025-04-27-at-9.07.20-PM.jpeg\",\"articleSection\":[\"SEMANALES\",\"SINALOA POSITIVO\"],\"inLanguage\":\"es\",\"potentialAction\":[{\"@type\":\"CommentAction\",\"name\":\"Comment\",\"target\":[\"https:\\\/\\\/fuentesfidedignas.com.mx\\\/index.php\\\/2025\\\/04\\\/28\\\/los-jovenes-somos-un-motor-de-transformacion-emiliano-jacobo-noris\\\/#respond\"]}]},{\"@type\":\"WebPage\",\"@id\":\"https:\\\/\\\/fuentesfidedignas.com.mx\\\/index.php\\\/2025\\\/04\\\/28\\\/los-jovenes-somos-un-motor-de-transformacion-emiliano-jacobo-noris\\\/\",\"url\":\"https:\\\/\\\/fuentesfidedignas.com.mx\\\/index.php\\\/2025\\\/04\\\/28\\\/los-jovenes-somos-un-motor-de-transformacion-emiliano-jacobo-noris\\\/\",\"name\":\"Los j\u00f3venes somos un motor de transformaci\u00f3n: Emiliano Jacobo Noris - Fuentes Fidedignas\",\"isPartOf\":{\"@id\":\"https:\\\/\\\/fuentesfidedignas.com.mx\\\/#website\"},\"primaryImageOfPage\":{\"@id\":\"https:\\\/\\\/fuentesfidedignas.com.mx\\\/index.php\\\/2025\\\/04\\\/28\\\/los-jovenes-somos-un-motor-de-transformacion-emiliano-jacobo-noris\\\/#primaryimage\"},\"image\":{\"@id\":\"https:\\\/\\\/fuentesfidedignas.com.mx\\\/index.php\\\/2025\\\/04\\\/28\\\/los-jovenes-somos-un-motor-de-transformacion-emiliano-jacobo-noris\\\/#primaryimage\"},\"thumbnailUrl\":\"https:\\\/\\\/fuentesfidedignas.com.mx\\\/wp-content\\\/uploads\\\/2025\\\/04\\\/WhatsApp-Image-2025-04-27-at-9.07.20-PM.jpeg\",\"datePublished\":\"2025-04-28T14:29:16+00:00\",\"dateModified\":\"2025-04-28T14:29:18+00:00\",\"breadcrumb\":{\"@id\":\"https:\\\/\\\/fuentesfidedignas.com.mx\\\/index.php\\\/2025\\\/04\\\/28\\\/los-jovenes-somos-un-motor-de-transformacion-emiliano-jacobo-noris\\\/#breadcrumb\"},\"inLanguage\":\"es\",\"potentialAction\":[{\"@type\":\"ReadAction\",\"target\":[\"https:\\\/\\\/fuentesfidedignas.com.mx\\\/index.php\\\/2025\\\/04\\\/28\\\/los-jovenes-somos-un-motor-de-transformacion-emiliano-jacobo-noris\\\/\"]}]},{\"@type\":\"ImageObject\",\"inLanguage\":\"es\",\"@id\":\"https:\\\/\\\/fuentesfidedignas.com.mx\\\/index.php\\\/2025\\\/04\\\/28\\\/los-jovenes-somos-un-motor-de-transformacion-emiliano-jacobo-noris\\\/#primaryimage\",\"url\":\"https:\\\/\\\/fuentesfidedignas.com.mx\\\/wp-content\\\/uploads\\\/2025\\\/04\\\/WhatsApp-Image-2025-04-27-at-9.07.20-PM.jpeg\",\"contentUrl\":\"https:\\\/\\\/fuentesfidedignas.com.mx\\\/wp-content\\\/uploads\\\/2025\\\/04\\\/WhatsApp-Image-2025-04-27-at-9.07.20-PM.jpeg\",\"width\":600,\"height\":399},{\"@type\":\"BreadcrumbList\",\"@id\":\"https:\\\/\\\/fuentesfidedignas.com.mx\\\/index.php\\\/2025\\\/04\\\/28\\\/los-jovenes-somos-un-motor-de-transformacion-emiliano-jacobo-noris\\\/#breadcrumb\",\"itemListElement\":[{\"@type\":\"ListItem\",\"position\":1,\"name\":\"Inicio\",\"item\":\"https:\\\/\\\/fuentesfidedignas.com.mx\\\/\"},{\"@type\":\"ListItem\",\"position\":2,\"name\":\"Los j\u00f3venes somos un motor de transformaci\u00f3n: Emiliano Jacobo Noris\"}]},{\"@type\":\"WebSite\",\"@id\":\"https:\\\/\\\/fuentesfidedignas.com.mx\\\/#website\",\"url\":\"https:\\\/\\\/fuentesfidedignas.com.mx\\\/\",\"name\":\"Fuentes Fidedignas\",\"description\":\"Otro sitio realizado con WordPress\",\"publisher\":{\"@id\":\"https:\\\/\\\/fuentesfidedignas.com.mx\\\/#organization\"},\"potentialAction\":[{\"@type\":\"SearchAction\",\"target\":{\"@type\":\"EntryPoint\",\"urlTemplate\":\"https:\\\/\\\/fuentesfidedignas.com.mx\\\/?s={search_term_string}\"},\"query-input\":{\"@type\":\"PropertyValueSpecification\",\"valueRequired\":true,\"valueName\":\"search_term_string\"}}],\"inLanguage\":\"es\"},{\"@type\":\"Organization\",\"@id\":\"https:\\\/\\\/fuentesfidedignas.com.mx\\\/#organization\",\"name\":\"Fuentes Fidedignas\",\"url\":\"https:\\\/\\\/fuentesfidedignas.com.mx\\\/\",\"logo\":{\"@type\":\"ImageObject\",\"inLanguage\":\"es\",\"@id\":\"https:\\\/\\\/fuentesfidedignas.com.mx\\\/#\\\/schema\\\/logo\\\/image\\\/\",\"url\":\"https:\\\/\\\/fuentesfidedignas.com.mx\\\/wp-content\\\/uploads\\\/2021\\\/04\\\/logo-retina.png\",\"contentUrl\":\"https:\\\/\\\/fuentesfidedignas.com.mx\\\/wp-content\\\/uploads\\\/2021\\\/04\\\/logo-retina.png\",\"width\":280,\"height\":51,\"caption\":\"Fuentes Fidedignas\"},\"image\":{\"@id\":\"https:\\\/\\\/fuentesfidedignas.com.mx\\\/#\\\/schema\\\/logo\\\/image\\\/\"},\"sameAs\":[\"https:\\\/\\\/www.facebook.com\\\/Fuentes-Fidedignas-368234489921644\",\"https:\\\/\\\/x.com\\\/fidedignas\"]},{\"@type\":\"Person\",\"@id\":\"https:\\\/\\\/fuentesfidedignas.com.mx\\\/#\\\/schema\\\/person\\\/14a50152858ee497bc8b002149f5cca7\",\"name\":\"\u00c1ngeles Jacobo\",\"image\":{\"@type\":\"ImageObject\",\"inLanguage\":\"es\",\"@id\":\"https:\\\/\\\/secure.gravatar.com\\\/avatar\\\/dca13ef3b25d86938bb42fb16ef445286e4b2d19cd007fc94a057338cf4710dd?s=96&d=mm&r=g\",\"url\":\"https:\\\/\\\/secure.gravatar.com\\\/avatar\\\/dca13ef3b25d86938bb42fb16ef445286e4b2d19cd007fc94a057338cf4710dd?s=96&d=mm&r=g\",\"contentUrl\":\"https:\\\/\\\/secure.gravatar.com\\\/avatar\\\/dca13ef3b25d86938bb42fb16ef445286e4b2d19cd007fc94a057338cf4710dd?s=96&d=mm&r=g\",\"caption\":\"\u00c1ngeles Jacobo\"},\"url\":\"https:\\\/\\\/fuentesfidedignas.com.mx\\\/index.php\\\/author\\\/angie\\\/\"}]}<\/script>\n<!-- \/ Yoast SEO plugin. -->","yoast_head_json":{"title":"Los j\u00f3venes somos un motor de transformaci\u00f3n: Emiliano Jacobo Noris - Fuentes Fidedignas","robots":{"index":"index","follow":"follow","max-snippet":"max-snippet:-1","max-image-preview":"max-image-preview:large","max-video-preview":"max-video-preview:-1"},"canonical":"https:\/\/fuentesfidedignas.com.mx\/index.php\/2025\/04\/28\/los-jovenes-somos-un-motor-de-transformacion-emiliano-jacobo-noris\/","og_locale":"es_MX","og_type":"article","og_title":"Los j\u00f3venes somos un motor de transformaci\u00f3n: Emiliano Jacobo Noris - Fuentes Fidedignas","og_description":"El joven &#8216;culichi&#8217; particip\u00f3 junto con 39 j\u00f3venes en el Parlamento Juvenil &#8220;7 de abril&#8221; 2025 El joven Emiliano Jacobo Noris, con apenas 20 a\u00f1os de edad, originario de la capital sinaloense, estudiante de Derecho fue uno de los 40 que participaron el el pasado Parlamento Juvenil &#8220;7 de abril&#8221; 2025 en la 65 Legislatura [&hellip;]","og_url":"https:\/\/fuentesfidedignas.com.mx\/index.php\/2025\/04\/28\/los-jovenes-somos-un-motor-de-transformacion-emiliano-jacobo-noris\/","og_site_name":"Fuentes Fidedignas","article_publisher":"https:\/\/www.facebook.com\/Fuentes-Fidedignas-368234489921644","article_published_time":"2025-04-28T14:29:16+00:00","article_modified_time":"2025-04-28T14:29:18+00:00","og_image":[{"width":600,"height":399,"url":"https:\/\/fuentesfidedignas.com.mx\/wp-content\/uploads\/2025\/04\/WhatsApp-Image-2025-04-27-at-9.07.20-PM.jpeg","type":"image\/jpeg"}],"author":"\u00c1ngeles Jacobo","twitter_card":"summary_large_image","twitter_creator":"@fidedignas","twitter_site":"@fidedignas","twitter_misc":{"Escrito por":"\u00c1ngeles Jacobo","Tiempo de lectura":"3 minutos"},"schema":{"@context":"https:\/\/schema.org","@graph":[{"@type":"Article","@id":"https:\/\/fuentesfidedignas.com.mx\/index.php\/2025\/04\/28\/los-jovenes-somos-un-motor-de-transformacion-emiliano-jacobo-noris\/#article","isPartOf":{"@id":"https:\/\/fuentesfidedignas.com.mx\/index.php\/2025\/04\/28\/los-jovenes-somos-un-motor-de-transformacion-emiliano-jacobo-noris\/"},"author":{"name":"\u00c1ngeles Jacobo","@id":"https:\/\/fuentesfidedignas.com.mx\/#\/schema\/person\/14a50152858ee497bc8b002149f5cca7"},"headline":"Los j\u00f3venes somos un motor de transformaci\u00f3n: Emiliano Jacobo Noris","datePublished":"2025-04-28T14:29:16+00:00","dateModified":"2025-04-28T14:29:18+00:00","mainEntityOfPage":{"@id":"https:\/\/fuentesfidedignas.com.mx\/index.php\/2025\/04\/28\/los-jovenes-somos-un-motor-de-transformacion-emiliano-jacobo-noris\/"},"wordCount":643,"commentCount":0,"publisher":{"@id":"https:\/\/fuentesfidedignas.com.mx\/#organization"},"image":{"@id":"https:\/\/fuentesfidedignas.com.mx\/index.php\/2025\/04\/28\/los-jovenes-somos-un-motor-de-transformacion-emiliano-jacobo-noris\/#primaryimage"},"thumbnailUrl":"https:\/\/fuentesfidedignas.com.mx\/wp-content\/uploads\/2025\/04\/WhatsApp-Image-2025-04-27-at-9.07.20-PM.jpeg","articleSection":["SEMANALES","SINALOA POSITIVO"],"inLanguage":"es","potentialAction":[{"@type":"CommentAction","name":"Comment","target":["https:\/\/fuentesfidedignas.com.mx\/index.php\/2025\/04\/28\/los-jovenes-somos-un-motor-de-transformacion-emiliano-jacobo-noris\/#respond"]}]},{"@type":"WebPage","@id":"https:\/\/fuentesfidedignas.com.mx\/index.php\/2025\/04\/28\/los-jovenes-somos-un-motor-de-transformacion-emiliano-jacobo-noris\/","url":"https:\/\/fuentesfidedignas.com.mx\/index.php\/2025\/04\/28\/los-jovenes-somos-un-motor-de-transformacion-emiliano-jacobo-noris\/","name":"Los j\u00f3venes somos un motor de transformaci\u00f3n: Emiliano Jacobo Noris - Fuentes Fidedignas","isPartOf":{"@id":"https:\/\/fuentesfidedignas.com.mx\/#website"},"primaryImageOfPage":{"@id":"https:\/\/fuentesfidedignas.com.mx\/index.php\/2025\/04\/28\/los-jovenes-somos-un-motor-de-transformacion-emiliano-jacobo-noris\/#primaryimage"},"image":{"@id":"https:\/\/fuentesfidedignas.com.mx\/index.php\/2025\/04\/28\/los-jovenes-somos-un-motor-de-transformacion-emiliano-jacobo-noris\/#primaryimage"},"thumbnailUrl":"https:\/\/fuentesfidedignas.com.mx\/wp-content\/uploads\/2025\/04\/WhatsApp-Image-2025-04-27-at-9.07.20-PM.jpeg","datePublished":"2025-04-28T14:29:16+00:00","dateModified":"2025-04-28T14:29:18+00:00","breadcrumb":{"@id":"https:\/\/fuentesfidedignas.com.mx\/index.php\/2025\/04\/28\/los-jovenes-somos-un-motor-de-transformacion-emiliano-jacobo-noris\/#breadcrumb"},"inLanguage":"es","potentialAction":[{"@type":"ReadAction","target":["https:\/\/fuentesfidedignas.com.mx\/index.php\/2025\/04\/28\/los-jovenes-somos-un-motor-de-transformacion-emiliano-jacobo-noris\/"]}]},{"@type":"ImageObject","inLanguage":"es","@id":"https:\/\/fuentesfidedignas.com.mx\/index.php\/2025\/04\/28\/los-jovenes-somos-un-motor-de-transformacion-emiliano-jacobo-noris\/#primaryimage","url":"https:\/\/fuentesfidedignas.com.mx\/wp-content\/uploads\/2025\/04\/WhatsApp-Image-2025-04-27-at-9.07.20-PM.jpeg","contentUrl":"https:\/\/fuentesfidedignas.com.mx\/wp-content\/uploads\/2025\/04\/WhatsApp-Image-2025-04-27-at-9.07.20-PM.jpeg","width":600,"height":399},{"@type":"BreadcrumbList","@id":"https:\/\/fuentesfidedignas.com.mx\/index.php\/2025\/04\/28\/los-jovenes-somos-un-motor-de-transformacion-emiliano-jacobo-noris\/#breadcrumb","itemListElement":[{"@type":"ListItem","position":1,"name":"Inicio","item":"https:\/\/fuentesfidedignas.com.mx\/"},{"@type":"ListItem","position":2,"name":"Los j\u00f3venes somos un motor de transformaci\u00f3n: Emiliano Jacobo Noris"}]},{"@type":"WebSite","@id":"https:\/\/fuentesfidedignas.com.mx\/#website","url":"https:\/\/fuentesfidedignas.com.mx\/","name":"Fuentes Fidedignas","description":"Otro sitio realizado con WordPress","publisher":{"@id":"https:\/\/fuentesfidedignas.com.mx\/#organization"},"potentialAction":[{"@type":"SearchAction","target":{"@type":"EntryPoint","urlTemplate":"https:\/\/fuentesfidedignas.com.mx\/?s={search_term_string}"},"query-input":{"@type":"PropertyValueSpecification","valueRequired":true,"valueName":"search_term_string"}}],"inLanguage":"es"},{"@type":"Organization","@id":"https:\/\/fuentesfidedignas.com.mx\/#organization","name":"Fuentes Fidedignas","url":"https:\/\/fuentesfidedignas.com.mx\/","logo":{"@type":"ImageObject","inLanguage":"es","@id":"https:\/\/fuentesfidedignas.com.mx\/#\/schema\/logo\/image\/","url":"https:\/\/fuentesfidedignas.com.mx\/wp-content\/uploads\/2021\/04\/logo-retina.png","contentUrl":"https:\/\/fuentesfidedignas.com.mx\/wp-content\/uploads\/2021\/04\/logo-retina.png","width":280,"height":51,"caption":"Fuentes Fidedignas"},"image":{"@id":"https:\/\/fuentesfidedignas.com.mx\/#\/schema\/logo\/image\/"},"sameAs":["https:\/\/www.facebook.com\/Fuentes-Fidedignas-368234489921644","https:\/\/x.com\/fidedignas"]},{"@type":"Person","@id":"https:\/\/fuentesfidedignas.com.mx\/#\/schema\/person\/14a50152858ee497bc8b002149f5cca7","name":"\u00c1ngeles Jacobo","image":{"@type":"ImageObject","inLanguage":"es","@id":"https:\/\/secure.gravatar.com\/avatar\/dca13ef3b25d86938bb42fb16ef445286e4b2d19cd007fc94a057338cf4710dd?s=96&d=mm&r=g","url":"https:\/\/secure.gravatar.com\/avatar\/dca13ef3b25d86938bb42fb16ef445286e4b2d19cd007fc94a057338cf4710dd?s=96&d=mm&r=g","contentUrl":"https:\/\/secure.gravatar.com\/avatar\/dca13ef3b25d86938bb42fb16ef445286e4b2d19cd007fc94a057338cf4710dd?s=96&d=mm&r=g","caption":"\u00c1ngeles Jacobo"},"url":"https:\/\/fuentesfidedignas.com.mx\/index.php\/author\/angie\/"}]}},"_links":{"self":[{"href":"https:\/\/fuentesfidedignas.com.mx\/index.php\/wp-json\/wp\/v2\/posts\/107155","targetHints":{"allow":["GET"]}}],"collection":[{"href":"https:\/\/fuentesfidedignas.com.mx\/index.php\/wp-json\/wp\/v2\/posts"}],"about":[{"href":"https:\/\/fuentesfidedignas.com.mx\/index.php\/wp-json\/wp\/v2\/types\/post"}],"author":[{"embeddable":true,"href":"https:\/\/fuentesfidedignas.com.mx\/index.php\/wp-json\/wp\/v2\/users\/10"}],"replies":[{"embeddable":true,"href":"https:\/\/fuentesfidedignas.com.mx\/index.php\/wp-json\/wp\/v2\/comments?post=107155"}],"version-history":[{"count":2,"href":"https:\/\/fuentesfidedignas.com.mx\/index.php\/wp-json\/wp\/v2\/posts\/107155\/revisions"}],"predecessor-version":[{"id":107160,"href":"https:\/\/fuentesfidedignas.com.mx\/index.php\/wp-json\/wp\/v2\/posts\/107155\/revisions\/107160"}],"wp:featuredmedia":[{"embeddable":true,"href":"https:\/\/fuentesfidedignas.com.mx\/index.php\/wp-json\/wp\/v2\/media\/107159"}],"wp:attachment":[{"href":"https:\/\/fuentesfidedignas.com.mx\/index.php\/wp-json\/wp\/v2\/media?parent=107155"}],"wp:term":[{"taxonomy":"category","embeddable":true,"href":"https:\/\/fuentesfidedignas.com.mx\/index.php\/wp-json\/wp\/v2\/categories?post=107155"},{"taxonomy":"post_tag","embeddable":true,"href":"https:\/\/fuentesfidedignas.com.mx\/index.php\/wp-json\/wp\/v2\/tags?post=107155"}],"curies":[{"name":"wp","href":"https:\/\/api.w.org\/{rel}","templated":true}]}}