{"id":107145,"date":"2025-04-28T06:25:34","date_gmt":"2025-04-28T13:25:34","guid":{"rendered":"https:\/\/fuentesfidedignas.com.mx\/?p=107145"},"modified":"2025-04-28T06:25:37","modified_gmt":"2025-04-28T13:25:37","slug":"en-la-palma-en-navolato-retiran-cinco-camaras-irregulares-suman-2-mil-083","status":"publish","type":"post","link":"https:\/\/fuentesfidedignas.com.mx\/index.php\/2025\/04\/28\/en-la-palma-en-navolato-retiran-cinco-camaras-irregulares-suman-2-mil-083\/","title":{"rendered":"En La Palma, en Navolato, retiran cinco c\u00e1maras irregulares; suman 2 mil 083"},"content":{"rendered":"\n<p><strong><em>Se destaca que ninguna de las c\u00e1maras retiradas est\u00e1 enlazada con el C4i <\/em><\/strong><\/p>\n\n\n\n<p>Elementos del Ej\u00e9rcito Mexicano, en coordinaci\u00f3n con la Guardia Nacional, la Secretar\u00eda de Marina, la Fiscal\u00eda General de la Rep\u00fablica, la Fiscal\u00eda General del Estado y la Secretar\u00eda de Seguridad P\u00fablica Estatal, retiraron c\u00e1maras de videovigilancia instaladas irregularmente en Navolato.<\/p>\n\n\n\n<p>En esta ocasi\u00f3n, el operativo se llev\u00f3 a cabo en la comunidad de General \u00c1ngel Flores (La Palma), donde se localizaron y retiraron:<\/p>\n\n\n\n<ul class=\"wp-block-list\">\n<li>5 c\u00e1maras fijas al\u00e1mbricas.<\/li>\n<\/ul>\n\n\n\n<p>En total, en esta fecha se retiraron 5 c\u00e1maras de videovigilancia.<\/p>\n\n\n\n<p>Cabe se\u00f1alar que el total acumulado es de 2,083 c\u00e1maras retiradas de estructuras p\u00fablicas desde que dio inicio este operativo.<\/p>\n\n\n\n<p>Se destaca que ninguna de las c\u00e1maras retiradas est\u00e1 enlazada con el C4i y que el sistema de videovigilancia institucional cuenta con las medidas tecnol\u00f3gicas de seguridad necesarias para evitar su hackeo o la creaci\u00f3n de espejos sin autorizaci\u00f3n.<\/p>\n\n\n\n<p>Se recuerda a la poblaci\u00f3n que es ilegal la instalaci\u00f3n de este tipo de equipamiento por particulares en estructuras o sitios p\u00fablicos. Adem\u00e1s, se hace un llamado para denunciar de forma an\u00f3nima a trav\u00e9s del 089 o mediante la l\u00ednea de emergencias 911 sobre la existencia o colocaci\u00f3n de estos equipos, que en ocasiones son utilizados por la delincuencia organizada para vigilar las acciones de las autoridades.<\/p>\n\n\n\n<p>Con estas acciones, el Gobierno Federal y el Gobierno del Estado mantienen su compromiso de brindar seguridad a la sociedad sinaloense.<\/p>\n","protected":false},"excerpt":{"rendered":"<p>Se destaca que ninguna de las c\u00e1maras retiradas est\u00e1 enlazada con el C4i Elementos del Ej\u00e9rcito Mexicano, en coordinaci\u00f3n con la Guardia Nacional, la Secretar\u00eda de Marina, la Fiscal\u00eda General de la Rep\u00fablica, la Fiscal\u00eda General del Estado y la Secretar\u00eda de Seguridad P\u00fablica Estatal, retiraron c\u00e1maras de videovigilancia instaladas irregularmente en Navolato. En esta [&hellip;]<\/p>\n","protected":false},"author":4,"featured_media":107146,"comment_status":"open","ping_status":"open","sticky":false,"template":"","format":"standard","meta":{"tdm_status":"","tdm_grid_status":"","footnotes":""},"categories":[38],"tags":[],"class_list":{"0":"post-107145","1":"post","2":"type-post","3":"status-publish","4":"format-standard","5":"has-post-thumbnail","7":"category-noticias-locales"},"yoast_head":"<!-- This site is optimized with the Yoast SEO plugin v27.5 - https:\/\/yoast.com\/product\/yoast-seo-wordpress\/ -->\n<title>En La Palma, en Navolato, retiran cinco c\u00e1maras irregulares; suman 2 mil 083 - Fuentes Fidedignas<\/title>\n<meta name=\"robots\" content=\"index, follow, max-snippet:-1, max-image-preview:large, max-video-preview:-1\" \/>\n<link rel=\"canonical\" href=\"https:\/\/fuentesfidedignas.com.mx\/index.php\/2025\/04\/28\/en-la-palma-en-navolato-retiran-cinco-camaras-irregulares-suman-2-mil-083\/\" \/>\n<meta property=\"og:locale\" content=\"es_MX\" \/>\n<meta property=\"og:type\" content=\"article\" \/>\n<meta property=\"og:title\" content=\"En La Palma, en Navolato, retiran cinco c\u00e1maras irregulares; suman 2 mil 083 - Fuentes Fidedignas\" \/>\n<meta property=\"og:description\" content=\"Se destaca que ninguna de las c\u00e1maras retiradas est\u00e1 enlazada con el C4i Elementos del Ej\u00e9rcito Mexicano, en coordinaci\u00f3n con la Guardia Nacional, la Secretar\u00eda de Marina, la Fiscal\u00eda General de la Rep\u00fablica, la Fiscal\u00eda General del Estado y la Secretar\u00eda de Seguridad P\u00fablica Estatal, retiraron c\u00e1maras de videovigilancia instaladas irregularmente en Navolato. En esta [&hellip;]\" \/>\n<meta property=\"og:url\" content=\"https:\/\/fuentesfidedignas.com.mx\/index.php\/2025\/04\/28\/en-la-palma-en-navolato-retiran-cinco-camaras-irregulares-suman-2-mil-083\/\" \/>\n<meta property=\"og:site_name\" content=\"Fuentes Fidedignas\" \/>\n<meta property=\"article:publisher\" content=\"https:\/\/www.facebook.com\/Fuentes-Fidedignas-368234489921644\" \/>\n<meta property=\"article:published_time\" content=\"2025-04-28T13:25:34+00:00\" \/>\n<meta property=\"article:modified_time\" content=\"2025-04-28T13:25:37+00:00\" \/>\n<meta property=\"og:image\" content=\"https:\/\/fuentesfidedignas.com.mx\/wp-content\/uploads\/2025\/04\/GpmO2ctbEAA3DJ9.jpeg\" \/>\n\t<meta property=\"og:image:width\" content=\"600\" \/>\n\t<meta property=\"og:image:height\" content=\"392\" \/>\n\t<meta property=\"og:image:type\" content=\"image\/jpeg\" \/>\n<meta name=\"author\" content=\"Redacci\u00f3n\" \/>\n<meta name=\"twitter:card\" content=\"summary_large_image\" \/>\n<meta name=\"twitter:creator\" content=\"@fidedignas\" \/>\n<meta name=\"twitter:site\" content=\"@fidedignas\" \/>\n<meta name=\"twitter:label1\" content=\"Escrito por\" \/>\n\t<meta name=\"twitter:data1\" content=\"Redacci\u00f3n\" \/>\n\t<meta name=\"twitter:label2\" content=\"Tiempo de lectura\" \/>\n\t<meta name=\"twitter:data2\" content=\"2 minutos\" \/>\n<script type=\"application\/ld+json\" class=\"yoast-schema-graph\">{\"@context\":\"https:\\\/\\\/schema.org\",\"@graph\":[{\"@type\":\"Article\",\"@id\":\"https:\\\/\\\/fuentesfidedignas.com.mx\\\/index.php\\\/2025\\\/04\\\/28\\\/en-la-palma-en-navolato-retiran-cinco-camaras-irregulares-suman-2-mil-083\\\/#article\",\"isPartOf\":{\"@id\":\"https:\\\/\\\/fuentesfidedignas.com.mx\\\/index.php\\\/2025\\\/04\\\/28\\\/en-la-palma-en-navolato-retiran-cinco-camaras-irregulares-suman-2-mil-083\\\/\"},\"author\":{\"name\":\"Redacci\u00f3n\",\"@id\":\"https:\\\/\\\/fuentesfidedignas.com.mx\\\/#\\\/schema\\\/person\\\/331be9283d37198e2acd5750279085b0\"},\"headline\":\"En La Palma, en Navolato, retiran cinco c\u00e1maras irregulares; suman 2 mil 083\",\"datePublished\":\"2025-04-28T13:25:34+00:00\",\"dateModified\":\"2025-04-28T13:25:37+00:00\",\"mainEntityOfPage\":{\"@id\":\"https:\\\/\\\/fuentesfidedignas.com.mx\\\/index.php\\\/2025\\\/04\\\/28\\\/en-la-palma-en-navolato-retiran-cinco-camaras-irregulares-suman-2-mil-083\\\/\"},\"wordCount\":276,\"commentCount\":0,\"publisher\":{\"@id\":\"https:\\\/\\\/fuentesfidedignas.com.mx\\\/#organization\"},\"image\":{\"@id\":\"https:\\\/\\\/fuentesfidedignas.com.mx\\\/index.php\\\/2025\\\/04\\\/28\\\/en-la-palma-en-navolato-retiran-cinco-camaras-irregulares-suman-2-mil-083\\\/#primaryimage\"},\"thumbnailUrl\":\"https:\\\/\\\/fuentesfidedignas.com.mx\\\/wp-content\\\/uploads\\\/2025\\\/04\\\/GpmO2ctbEAA3DJ9.jpeg\",\"articleSection\":[\"NOTICIAS LOCALES\"],\"inLanguage\":\"es\",\"potentialAction\":[{\"@type\":\"CommentAction\",\"name\":\"Comment\",\"target\":[\"https:\\\/\\\/fuentesfidedignas.com.mx\\\/index.php\\\/2025\\\/04\\\/28\\\/en-la-palma-en-navolato-retiran-cinco-camaras-irregulares-suman-2-mil-083\\\/#respond\"]}]},{\"@type\":\"WebPage\",\"@id\":\"https:\\\/\\\/fuentesfidedignas.com.mx\\\/index.php\\\/2025\\\/04\\\/28\\\/en-la-palma-en-navolato-retiran-cinco-camaras-irregulares-suman-2-mil-083\\\/\",\"url\":\"https:\\\/\\\/fuentesfidedignas.com.mx\\\/index.php\\\/2025\\\/04\\\/28\\\/en-la-palma-en-navolato-retiran-cinco-camaras-irregulares-suman-2-mil-083\\\/\",\"name\":\"En La Palma, en Navolato, retiran cinco c\u00e1maras irregulares; suman 2 mil 083 - Fuentes Fidedignas\",\"isPartOf\":{\"@id\":\"https:\\\/\\\/fuentesfidedignas.com.mx\\\/#website\"},\"primaryImageOfPage\":{\"@id\":\"https:\\\/\\\/fuentesfidedignas.com.mx\\\/index.php\\\/2025\\\/04\\\/28\\\/en-la-palma-en-navolato-retiran-cinco-camaras-irregulares-suman-2-mil-083\\\/#primaryimage\"},\"image\":{\"@id\":\"https:\\\/\\\/fuentesfidedignas.com.mx\\\/index.php\\\/2025\\\/04\\\/28\\\/en-la-palma-en-navolato-retiran-cinco-camaras-irregulares-suman-2-mil-083\\\/#primaryimage\"},\"thumbnailUrl\":\"https:\\\/\\\/fuentesfidedignas.com.mx\\\/wp-content\\\/uploads\\\/2025\\\/04\\\/GpmO2ctbEAA3DJ9.jpeg\",\"datePublished\":\"2025-04-28T13:25:34+00:00\",\"dateModified\":\"2025-04-28T13:25:37+00:00\",\"breadcrumb\":{\"@id\":\"https:\\\/\\\/fuentesfidedignas.com.mx\\\/index.php\\\/2025\\\/04\\\/28\\\/en-la-palma-en-navolato-retiran-cinco-camaras-irregulares-suman-2-mil-083\\\/#breadcrumb\"},\"inLanguage\":\"es\",\"potentialAction\":[{\"@type\":\"ReadAction\",\"target\":[\"https:\\\/\\\/fuentesfidedignas.com.mx\\\/index.php\\\/2025\\\/04\\\/28\\\/en-la-palma-en-navolato-retiran-cinco-camaras-irregulares-suman-2-mil-083\\\/\"]}]},{\"@type\":\"ImageObject\",\"inLanguage\":\"es\",\"@id\":\"https:\\\/\\\/fuentesfidedignas.com.mx\\\/index.php\\\/2025\\\/04\\\/28\\\/en-la-palma-en-navolato-retiran-cinco-camaras-irregulares-suman-2-mil-083\\\/#primaryimage\",\"url\":\"https:\\\/\\\/fuentesfidedignas.com.mx\\\/wp-content\\\/uploads\\\/2025\\\/04\\\/GpmO2ctbEAA3DJ9.jpeg\",\"contentUrl\":\"https:\\\/\\\/fuentesfidedignas.com.mx\\\/wp-content\\\/uploads\\\/2025\\\/04\\\/GpmO2ctbEAA3DJ9.jpeg\",\"width\":600,\"height\":392},{\"@type\":\"BreadcrumbList\",\"@id\":\"https:\\\/\\\/fuentesfidedignas.com.mx\\\/index.php\\\/2025\\\/04\\\/28\\\/en-la-palma-en-navolato-retiran-cinco-camaras-irregulares-suman-2-mil-083\\\/#breadcrumb\",\"itemListElement\":[{\"@type\":\"ListItem\",\"position\":1,\"name\":\"Inicio\",\"item\":\"https:\\\/\\\/fuentesfidedignas.com.mx\\\/\"},{\"@type\":\"ListItem\",\"position\":2,\"name\":\"En La Palma, en Navolato, retiran cinco c\u00e1maras irregulares; suman 2 mil 083\"}]},{\"@type\":\"WebSite\",\"@id\":\"https:\\\/\\\/fuentesfidedignas.com.mx\\\/#website\",\"url\":\"https:\\\/\\\/fuentesfidedignas.com.mx\\\/\",\"name\":\"Fuentes Fidedignas\",\"description\":\"Otro sitio realizado con WordPress\",\"publisher\":{\"@id\":\"https:\\\/\\\/fuentesfidedignas.com.mx\\\/#organization\"},\"potentialAction\":[{\"@type\":\"SearchAction\",\"target\":{\"@type\":\"EntryPoint\",\"urlTemplate\":\"https:\\\/\\\/fuentesfidedignas.com.mx\\\/?s={search_term_string}\"},\"query-input\":{\"@type\":\"PropertyValueSpecification\",\"valueRequired\":true,\"valueName\":\"search_term_string\"}}],\"inLanguage\":\"es\"},{\"@type\":\"Organization\",\"@id\":\"https:\\\/\\\/fuentesfidedignas.com.mx\\\/#organization\",\"name\":\"Fuentes Fidedignas\",\"url\":\"https:\\\/\\\/fuentesfidedignas.com.mx\\\/\",\"logo\":{\"@type\":\"ImageObject\",\"inLanguage\":\"es\",\"@id\":\"https:\\\/\\\/fuentesfidedignas.com.mx\\\/#\\\/schema\\\/logo\\\/image\\\/\",\"url\":\"https:\\\/\\\/fuentesfidedignas.com.mx\\\/wp-content\\\/uploads\\\/2021\\\/04\\\/logo-retina.png\",\"contentUrl\":\"https:\\\/\\\/fuentesfidedignas.com.mx\\\/wp-content\\\/uploads\\\/2021\\\/04\\\/logo-retina.png\",\"width\":280,\"height\":51,\"caption\":\"Fuentes Fidedignas\"},\"image\":{\"@id\":\"https:\\\/\\\/fuentesfidedignas.com.mx\\\/#\\\/schema\\\/logo\\\/image\\\/\"},\"sameAs\":[\"https:\\\/\\\/www.facebook.com\\\/Fuentes-Fidedignas-368234489921644\",\"https:\\\/\\\/x.com\\\/fidedignas\"]},{\"@type\":\"Person\",\"@id\":\"https:\\\/\\\/fuentesfidedignas.com.mx\\\/#\\\/schema\\\/person\\\/331be9283d37198e2acd5750279085b0\",\"name\":\"Redacci\u00f3n\",\"image\":{\"@type\":\"ImageObject\",\"inLanguage\":\"es\",\"@id\":\"https:\\\/\\\/secure.gravatar.com\\\/avatar\\\/f6d8782c11d12b2d4ad3fbb6931aeab5309937a4d6cd2fc9cfaa28a6396a5aec?s=96&d=mm&r=g\",\"url\":\"https:\\\/\\\/secure.gravatar.com\\\/avatar\\\/f6d8782c11d12b2d4ad3fbb6931aeab5309937a4d6cd2fc9cfaa28a6396a5aec?s=96&d=mm&r=g\",\"contentUrl\":\"https:\\\/\\\/secure.gravatar.com\\\/avatar\\\/f6d8782c11d12b2d4ad3fbb6931aeab5309937a4d6cd2fc9cfaa28a6396a5aec?s=96&d=mm&r=g\",\"caption\":\"Redacci\u00f3n\"},\"url\":\"https:\\\/\\\/fuentesfidedignas.com.mx\\\/index.php\\\/author\\\/redaccion\\\/\"}]}<\/script>\n<!-- \/ Yoast SEO plugin. -->","yoast_head_json":{"title":"En La Palma, en Navolato, retiran cinco c\u00e1maras irregulares; suman 2 mil 083 - Fuentes Fidedignas","robots":{"index":"index","follow":"follow","max-snippet":"max-snippet:-1","max-image-preview":"max-image-preview:large","max-video-preview":"max-video-preview:-1"},"canonical":"https:\/\/fuentesfidedignas.com.mx\/index.php\/2025\/04\/28\/en-la-palma-en-navolato-retiran-cinco-camaras-irregulares-suman-2-mil-083\/","og_locale":"es_MX","og_type":"article","og_title":"En La Palma, en Navolato, retiran cinco c\u00e1maras irregulares; suman 2 mil 083 - Fuentes Fidedignas","og_description":"Se destaca que ninguna de las c\u00e1maras retiradas est\u00e1 enlazada con el C4i Elementos del Ej\u00e9rcito Mexicano, en coordinaci\u00f3n con la Guardia Nacional, la Secretar\u00eda de Marina, la Fiscal\u00eda General de la Rep\u00fablica, la Fiscal\u00eda General del Estado y la Secretar\u00eda de Seguridad P\u00fablica Estatal, retiraron c\u00e1maras de videovigilancia instaladas irregularmente en Navolato. En esta [&hellip;]","og_url":"https:\/\/fuentesfidedignas.com.mx\/index.php\/2025\/04\/28\/en-la-palma-en-navolato-retiran-cinco-camaras-irregulares-suman-2-mil-083\/","og_site_name":"Fuentes Fidedignas","article_publisher":"https:\/\/www.facebook.com\/Fuentes-Fidedignas-368234489921644","article_published_time":"2025-04-28T13:25:34+00:00","article_modified_time":"2025-04-28T13:25:37+00:00","og_image":[{"width":600,"height":392,"url":"https:\/\/fuentesfidedignas.com.mx\/wp-content\/uploads\/2025\/04\/GpmO2ctbEAA3DJ9.jpeg","type":"image\/jpeg"}],"author":"Redacci\u00f3n","twitter_card":"summary_large_image","twitter_creator":"@fidedignas","twitter_site":"@fidedignas","twitter_misc":{"Escrito por":"Redacci\u00f3n","Tiempo de lectura":"2 minutos"},"schema":{"@context":"https:\/\/schema.org","@graph":[{"@type":"Article","@id":"https:\/\/fuentesfidedignas.com.mx\/index.php\/2025\/04\/28\/en-la-palma-en-navolato-retiran-cinco-camaras-irregulares-suman-2-mil-083\/#article","isPartOf":{"@id":"https:\/\/fuentesfidedignas.com.mx\/index.php\/2025\/04\/28\/en-la-palma-en-navolato-retiran-cinco-camaras-irregulares-suman-2-mil-083\/"},"author":{"name":"Redacci\u00f3n","@id":"https:\/\/fuentesfidedignas.com.mx\/#\/schema\/person\/331be9283d37198e2acd5750279085b0"},"headline":"En La Palma, en Navolato, retiran cinco c\u00e1maras irregulares; suman 2 mil 083","datePublished":"2025-04-28T13:25:34+00:00","dateModified":"2025-04-28T13:25:37+00:00","mainEntityOfPage":{"@id":"https:\/\/fuentesfidedignas.com.mx\/index.php\/2025\/04\/28\/en-la-palma-en-navolato-retiran-cinco-camaras-irregulares-suman-2-mil-083\/"},"wordCount":276,"commentCount":0,"publisher":{"@id":"https:\/\/fuentesfidedignas.com.mx\/#organization"},"image":{"@id":"https:\/\/fuentesfidedignas.com.mx\/index.php\/2025\/04\/28\/en-la-palma-en-navolato-retiran-cinco-camaras-irregulares-suman-2-mil-083\/#primaryimage"},"thumbnailUrl":"https:\/\/fuentesfidedignas.com.mx\/wp-content\/uploads\/2025\/04\/GpmO2ctbEAA3DJ9.jpeg","articleSection":["NOTICIAS LOCALES"],"inLanguage":"es","potentialAction":[{"@type":"CommentAction","name":"Comment","target":["https:\/\/fuentesfidedignas.com.mx\/index.php\/2025\/04\/28\/en-la-palma-en-navolato-retiran-cinco-camaras-irregulares-suman-2-mil-083\/#respond"]}]},{"@type":"WebPage","@id":"https:\/\/fuentesfidedignas.com.mx\/index.php\/2025\/04\/28\/en-la-palma-en-navolato-retiran-cinco-camaras-irregulares-suman-2-mil-083\/","url":"https:\/\/fuentesfidedignas.com.mx\/index.php\/2025\/04\/28\/en-la-palma-en-navolato-retiran-cinco-camaras-irregulares-suman-2-mil-083\/","name":"En La Palma, en Navolato, retiran cinco c\u00e1maras irregulares; suman 2 mil 083 - Fuentes Fidedignas","isPartOf":{"@id":"https:\/\/fuentesfidedignas.com.mx\/#website"},"primaryImageOfPage":{"@id":"https:\/\/fuentesfidedignas.com.mx\/index.php\/2025\/04\/28\/en-la-palma-en-navolato-retiran-cinco-camaras-irregulares-suman-2-mil-083\/#primaryimage"},"image":{"@id":"https:\/\/fuentesfidedignas.com.mx\/index.php\/2025\/04\/28\/en-la-palma-en-navolato-retiran-cinco-camaras-irregulares-suman-2-mil-083\/#primaryimage"},"thumbnailUrl":"https:\/\/fuentesfidedignas.com.mx\/wp-content\/uploads\/2025\/04\/GpmO2ctbEAA3DJ9.jpeg","datePublished":"2025-04-28T13:25:34+00:00","dateModified":"2025-04-28T13:25:37+00:00","breadcrumb":{"@id":"https:\/\/fuentesfidedignas.com.mx\/index.php\/2025\/04\/28\/en-la-palma-en-navolato-retiran-cinco-camaras-irregulares-suman-2-mil-083\/#breadcrumb"},"inLanguage":"es","potentialAction":[{"@type":"ReadAction","target":["https:\/\/fuentesfidedignas.com.mx\/index.php\/2025\/04\/28\/en-la-palma-en-navolato-retiran-cinco-camaras-irregulares-suman-2-mil-083\/"]}]},{"@type":"ImageObject","inLanguage":"es","@id":"https:\/\/fuentesfidedignas.com.mx\/index.php\/2025\/04\/28\/en-la-palma-en-navolato-retiran-cinco-camaras-irregulares-suman-2-mil-083\/#primaryimage","url":"https:\/\/fuentesfidedignas.com.mx\/wp-content\/uploads\/2025\/04\/GpmO2ctbEAA3DJ9.jpeg","contentUrl":"https:\/\/fuentesfidedignas.com.mx\/wp-content\/uploads\/2025\/04\/GpmO2ctbEAA3DJ9.jpeg","width":600,"height":392},{"@type":"BreadcrumbList","@id":"https:\/\/fuentesfidedignas.com.mx\/index.php\/2025\/04\/28\/en-la-palma-en-navolato-retiran-cinco-camaras-irregulares-suman-2-mil-083\/#breadcrumb","itemListElement":[{"@type":"ListItem","position":1,"name":"Inicio","item":"https:\/\/fuentesfidedignas.com.mx\/"},{"@type":"ListItem","position":2,"name":"En La Palma, en Navolato, retiran cinco c\u00e1maras irregulares; suman 2 mil 083"}]},{"@type":"WebSite","@id":"https:\/\/fuentesfidedignas.com.mx\/#website","url":"https:\/\/fuentesfidedignas.com.mx\/","name":"Fuentes Fidedignas","description":"Otro sitio realizado con WordPress","publisher":{"@id":"https:\/\/fuentesfidedignas.com.mx\/#organization"},"potentialAction":[{"@type":"SearchAction","target":{"@type":"EntryPoint","urlTemplate":"https:\/\/fuentesfidedignas.com.mx\/?s={search_term_string}"},"query-input":{"@type":"PropertyValueSpecification","valueRequired":true,"valueName":"search_term_string"}}],"inLanguage":"es"},{"@type":"Organization","@id":"https:\/\/fuentesfidedignas.com.mx\/#organization","name":"Fuentes Fidedignas","url":"https:\/\/fuentesfidedignas.com.mx\/","logo":{"@type":"ImageObject","inLanguage":"es","@id":"https:\/\/fuentesfidedignas.com.mx\/#\/schema\/logo\/image\/","url":"https:\/\/fuentesfidedignas.com.mx\/wp-content\/uploads\/2021\/04\/logo-retina.png","contentUrl":"https:\/\/fuentesfidedignas.com.mx\/wp-content\/uploads\/2021\/04\/logo-retina.png","width":280,"height":51,"caption":"Fuentes Fidedignas"},"image":{"@id":"https:\/\/fuentesfidedignas.com.mx\/#\/schema\/logo\/image\/"},"sameAs":["https:\/\/www.facebook.com\/Fuentes-Fidedignas-368234489921644","https:\/\/x.com\/fidedignas"]},{"@type":"Person","@id":"https:\/\/fuentesfidedignas.com.mx\/#\/schema\/person\/331be9283d37198e2acd5750279085b0","name":"Redacci\u00f3n","image":{"@type":"ImageObject","inLanguage":"es","@id":"https:\/\/secure.gravatar.com\/avatar\/f6d8782c11d12b2d4ad3fbb6931aeab5309937a4d6cd2fc9cfaa28a6396a5aec?s=96&d=mm&r=g","url":"https:\/\/secure.gravatar.com\/avatar\/f6d8782c11d12b2d4ad3fbb6931aeab5309937a4d6cd2fc9cfaa28a6396a5aec?s=96&d=mm&r=g","contentUrl":"https:\/\/secure.gravatar.com\/avatar\/f6d8782c11d12b2d4ad3fbb6931aeab5309937a4d6cd2fc9cfaa28a6396a5aec?s=96&d=mm&r=g","caption":"Redacci\u00f3n"},"url":"https:\/\/fuentesfidedignas.com.mx\/index.php\/author\/redaccion\/"}]}},"_links":{"self":[{"href":"https:\/\/fuentesfidedignas.com.mx\/index.php\/wp-json\/wp\/v2\/posts\/107145","targetHints":{"allow":["GET"]}}],"collection":[{"href":"https:\/\/fuentesfidedignas.com.mx\/index.php\/wp-json\/wp\/v2\/posts"}],"about":[{"href":"https:\/\/fuentesfidedignas.com.mx\/index.php\/wp-json\/wp\/v2\/types\/post"}],"author":[{"embeddable":true,"href":"https:\/\/fuentesfidedignas.com.mx\/index.php\/wp-json\/wp\/v2\/users\/4"}],"replies":[{"embeddable":true,"href":"https:\/\/fuentesfidedignas.com.mx\/index.php\/wp-json\/wp\/v2\/comments?post=107145"}],"version-history":[{"count":1,"href":"https:\/\/fuentesfidedignas.com.mx\/index.php\/wp-json\/wp\/v2\/posts\/107145\/revisions"}],"predecessor-version":[{"id":107147,"href":"https:\/\/fuentesfidedignas.com.mx\/index.php\/wp-json\/wp\/v2\/posts\/107145\/revisions\/107147"}],"wp:featuredmedia":[{"embeddable":true,"href":"https:\/\/fuentesfidedignas.com.mx\/index.php\/wp-json\/wp\/v2\/media\/107146"}],"wp:attachment":[{"href":"https:\/\/fuentesfidedignas.com.mx\/index.php\/wp-json\/wp\/v2\/media?parent=107145"}],"wp:term":[{"taxonomy":"category","embeddable":true,"href":"https:\/\/fuentesfidedignas.com.mx\/index.php\/wp-json\/wp\/v2\/categories?post=107145"},{"taxonomy":"post_tag","embeddable":true,"href":"https:\/\/fuentesfidedignas.com.mx\/index.php\/wp-json\/wp\/v2\/tags?post=107145"}],"curies":[{"name":"wp","href":"https:\/\/api.w.org\/{rel}","templated":true}]}}