{"id":107119,"date":"2025-04-27T12:16:43","date_gmt":"2025-04-27T19:16:43","guid":{"rendered":"https:\/\/fuentesfidedignas.com.mx\/?p=107119"},"modified":"2025-04-27T12:16:47","modified_gmt":"2025-04-27T19:16:47","slug":"precios-de-shein-se-disparan-377-en-eu-por-aranceles-de-trump-a-la-paqueteria","status":"publish","type":"post","link":"https:\/\/fuentesfidedignas.com.mx\/index.php\/2025\/04\/27\/precios-de-shein-se-disparan-377-en-eu-por-aranceles-de-trump-a-la-paqueteria\/","title":{"rendered":"Precios de Shein se disparan 377% en EU por aranceles de Trump a la paqueter\u00eda"},"content":{"rendered":"\n<p><strong><em>Shein y Temu se enfrentar\u00e1n a aranceles del 120 por ciento en EU, y ante los temores de las tarifas aumentaron sus precios.<\/em><\/strong><\/p>\n\n\n\n<p>El gigante del fast fshion, Shein Group, aument\u00f3 los precios en Estados Unidos de sus productos, desde vestidos hasta utensilios de cocina, antes de los inminentes aranceles sobre los paquetes peque\u00f1os, en una se\u00f1al temprana del posible efecto de la guerra comercial sobre los consumidores estadounidenses.<\/p>\n\n\n\n<p>La mayor\u00eda de los aumentos de precios en Estados Unidos se produjeron el viernes, con m\u00e1rgenes significativamente mayores en algunas categor\u00edas que en otras, seg\u00fan datos recopilados por Bloomberg News.<\/p>\n\n\n\n<p>El precio promedio de los 100 productos m\u00e1s populares de la categor\u00eda de belleza y salud aument\u00f3 un 51 por ciento con respecto al jueves, y varios art\u00edculos duplicaron su precio. En productos para el hogar, la cocina y los juguetes, el aumento promedio super\u00f3 el 30 por ciento, encabezado por un enorme aumento del 377 por ciento en el precio de un juego de 10 pa\u00f1os de cocina. En ropa de mujer, el aumento fue del 8 por ciento.<\/p>\n\n\n\n<p>Plataformas de comercio electr\u00f3nico como Shein y Temu se enfrentan a un arancel del 120 por ciento en muchos de sus productos debido a la decisi\u00f3n del gobierno estadounidense de eliminar la exenci\u00f3n de minimis para paquetes peque\u00f1os procedentes de China continental y Hong Kong.<\/p>\n\n\n\n<p>En los \u00faltimos a\u00f1os, los exportadores hab\u00edan aprovechado esta exenci\u00f3n, que permit\u00eda la entrada a Estados Unidos de mercanc\u00edas con un valor inferior a 800 d\u00f3lares sin aranceles ni derechos de aduana. Washington tambi\u00e9n aumentar\u00e1 la tarifa por art\u00edculo postal para las mercanc\u00edas que entren despu\u00e9s del 2 de mayo a 100 d\u00f3lares, e incluso m\u00e1s despu\u00e9s del 1 de junio.<\/p>\n\n\n\n<p>Tan recientemente como el 21 de abril, Trump declar\u00f3 en una publicaci\u00f3n en redes sociales que \u201cpr\u00e1cticamente no hay inflaci\u00f3n\u201d debido a la ca\u00edda de los precios de la energ\u00eda y los comestibles. Sin embargo, el aumento de precios de Shein refleja los \u00faltimos esfuerzos de los minoristas en l\u00ednea chinos por trasladar al menos una parte de los costos adicionales de las importaciones a los consumidores estadounidenses.<\/p>\n\n\n\n<p>En febrero, para protegerse de la pol\u00edtica arancelaria de Trump, Shein ofreci\u00f3 incentivos a algunos de sus proveedores chinos para que establecieran capacidad de producci\u00f3n en Vietnam. Temu quer\u00eda que las f\u00e1bricas chinas enviaran sus propios productos a granel directamente a almacenes estadounidenses, adoptando lo que denomin\u00f3 un marco de \u201cmedia custodia\u201d.<\/p>\n\n\n\n<p>Temu y Shein experimentaron un repunte en sus ventas en marzo y principios de abril, ya que los compradores estadounidenses acumularon todo tipo de art\u00edculos, desde brochas de maquillaje hasta electrodom\u00e9sticos, antes de que se implementaran los aumentos de precios provocados por los aranceles, seg\u00fan datos de Bloomberg. Ambas compa\u00f1\u00edas anunciaron a principios de este mes que subir\u00edan sus precios en Estados Unidos.<\/p>\n\n\n\n<p>En general, los precios de Shein en Estados Unidos aumentaron aproximadamente un 10 por ciento entre el 24 y el 26 de abril, seg\u00fan un carrito de compra de muestra de Bloomberg News con 50 art\u00edculos de diversas categor\u00edas. Durante este per\u00edodo, 7 de los 50 art\u00edculos incluidos en la muestra fueron retirados de la venta en Estados Unidos. En cambio, los precios de Shein en el Reino Unido se mantuvieron pr\u00e1cticamente sin cambios y no se retir\u00f3 ning\u00fan art\u00edculo.<\/p>\n\n\n\n<p>De los 43 art\u00edculos que a\u00fan estaban disponibles en el carrito de compras de Estados Unidos, 30 tuvieron un aumento de precio de m\u00e1s del 10 por ciento en los dos d\u00edas.<\/p>\n\n\n\n<p>Si bien el viernes se produjeron ajustes de precios m\u00e1s amplios, algunos productos ya hab\u00edan encarecido. El 22 de abril, los precios de docenas de productos estrella de la categor\u00eda Ropa de Mujer en Shein aumentaron, lo que elev\u00f3 el precio promedio de los 100 productos m\u00e1s vendidos de la categor\u00eda a 9.06 d\u00f3lares, desde 8.68 d\u00f3lares, un aumento de m\u00e1s del 4 por ciento.<\/p>\n","protected":false},"excerpt":{"rendered":"<p>Shein y Temu se enfrentar\u00e1n a aranceles del 120 por ciento en EU, y ante los temores de las tarifas aumentaron sus precios. El gigante del fast fshion, Shein Group, aument\u00f3 los precios en Estados Unidos de sus productos, desde vestidos hasta utensilios de cocina, antes de los inminentes aranceles sobre los paquetes peque\u00f1os, en [&hellip;]<\/p>\n","protected":false},"author":21,"featured_media":107120,"comment_status":"open","ping_status":"open","sticky":false,"template":"","format":"standard","meta":{"tdm_status":"","tdm_grid_status":"","footnotes":""},"categories":[39],"tags":[],"class_list":{"0":"post-107119","1":"post","2":"type-post","3":"status-publish","4":"format-standard","5":"has-post-thumbnail","7":"category-noticias-nacionales"},"yoast_head":"<!-- This site is optimized with the Yoast SEO plugin v27.5 - https:\/\/yoast.com\/product\/yoast-seo-wordpress\/ -->\n<title>Precios de Shein se disparan 377% en EU por aranceles de Trump a la paqueter\u00eda - Fuentes Fidedignas<\/title>\n<meta name=\"robots\" content=\"index, follow, max-snippet:-1, max-image-preview:large, max-video-preview:-1\" \/>\n<link rel=\"canonical\" href=\"https:\/\/fuentesfidedignas.com.mx\/index.php\/2025\/04\/27\/precios-de-shein-se-disparan-377-en-eu-por-aranceles-de-trump-a-la-paqueteria\/\" \/>\n<meta property=\"og:locale\" content=\"es_MX\" \/>\n<meta property=\"og:type\" content=\"article\" \/>\n<meta property=\"og:title\" content=\"Precios de Shein se disparan 377% en EU por aranceles de Trump a la paqueter\u00eda - Fuentes Fidedignas\" \/>\n<meta property=\"og:description\" content=\"Shein y Temu se enfrentar\u00e1n a aranceles del 120 por ciento en EU, y ante los temores de las tarifas aumentaron sus precios. El gigante del fast fshion, Shein Group, aument\u00f3 los precios en Estados Unidos de sus productos, desde vestidos hasta utensilios de cocina, antes de los inminentes aranceles sobre los paquetes peque\u00f1os, en [&hellip;]\" \/>\n<meta property=\"og:url\" content=\"https:\/\/fuentesfidedignas.com.mx\/index.php\/2025\/04\/27\/precios-de-shein-se-disparan-377-en-eu-por-aranceles-de-trump-a-la-paqueteria\/\" \/>\n<meta property=\"og:site_name\" content=\"Fuentes Fidedignas\" \/>\n<meta property=\"article:publisher\" content=\"https:\/\/www.facebook.com\/Fuentes-Fidedignas-368234489921644\" \/>\n<meta property=\"article:published_time\" content=\"2025-04-27T19:16:43+00:00\" \/>\n<meta property=\"article:modified_time\" content=\"2025-04-27T19:16:47+00:00\" \/>\n<meta property=\"og:image\" content=\"https:\/\/fuentesfidedignas.com.mx\/wp-content\/uploads\/2025\/04\/shein_usa.jpg\" \/>\n\t<meta property=\"og:image:width\" content=\"594\" \/>\n\t<meta property=\"og:image:height\" content=\"334\" \/>\n\t<meta property=\"og:image:type\" content=\"image\/jpeg\" \/>\n<meta name=\"author\" content=\"El Financiero\" \/>\n<meta name=\"twitter:card\" content=\"summary_large_image\" \/>\n<meta name=\"twitter:creator\" content=\"@fidedignas\" \/>\n<meta name=\"twitter:site\" content=\"@fidedignas\" \/>\n<meta name=\"twitter:label1\" content=\"Escrito por\" \/>\n\t<meta name=\"twitter:data1\" content=\"El Financiero\" \/>\n\t<meta name=\"twitter:label2\" content=\"Tiempo de lectura\" \/>\n\t<meta name=\"twitter:data2\" content=\"4 minutos\" \/>\n<script type=\"application\/ld+json\" class=\"yoast-schema-graph\">{\"@context\":\"https:\\\/\\\/schema.org\",\"@graph\":[{\"@type\":\"Article\",\"@id\":\"https:\\\/\\\/fuentesfidedignas.com.mx\\\/index.php\\\/2025\\\/04\\\/27\\\/precios-de-shein-se-disparan-377-en-eu-por-aranceles-de-trump-a-la-paqueteria\\\/#article\",\"isPartOf\":{\"@id\":\"https:\\\/\\\/fuentesfidedignas.com.mx\\\/index.php\\\/2025\\\/04\\\/27\\\/precios-de-shein-se-disparan-377-en-eu-por-aranceles-de-trump-a-la-paqueteria\\\/\"},\"author\":{\"name\":\"El Financiero\",\"@id\":\"https:\\\/\\\/fuentesfidedignas.com.mx\\\/#\\\/schema\\\/person\\\/494f7e0dce8dfaaec5b64f16615b78e9\"},\"headline\":\"Precios de Shein se disparan 377% en EU por aranceles de Trump a la paqueter\u00eda\",\"datePublished\":\"2025-04-27T19:16:43+00:00\",\"dateModified\":\"2025-04-27T19:16:47+00:00\",\"mainEntityOfPage\":{\"@id\":\"https:\\\/\\\/fuentesfidedignas.com.mx\\\/index.php\\\/2025\\\/04\\\/27\\\/precios-de-shein-se-disparan-377-en-eu-por-aranceles-de-trump-a-la-paqueteria\\\/\"},\"wordCount\":696,\"commentCount\":0,\"publisher\":{\"@id\":\"https:\\\/\\\/fuentesfidedignas.com.mx\\\/#organization\"},\"image\":{\"@id\":\"https:\\\/\\\/fuentesfidedignas.com.mx\\\/index.php\\\/2025\\\/04\\\/27\\\/precios-de-shein-se-disparan-377-en-eu-por-aranceles-de-trump-a-la-paqueteria\\\/#primaryimage\"},\"thumbnailUrl\":\"https:\\\/\\\/fuentesfidedignas.com.mx\\\/wp-content\\\/uploads\\\/2025\\\/04\\\/shein_usa.jpg\",\"articleSection\":[\"NOTICIAS NACIONALES\"],\"inLanguage\":\"es\",\"potentialAction\":[{\"@type\":\"CommentAction\",\"name\":\"Comment\",\"target\":[\"https:\\\/\\\/fuentesfidedignas.com.mx\\\/index.php\\\/2025\\\/04\\\/27\\\/precios-de-shein-se-disparan-377-en-eu-por-aranceles-de-trump-a-la-paqueteria\\\/#respond\"]}]},{\"@type\":\"WebPage\",\"@id\":\"https:\\\/\\\/fuentesfidedignas.com.mx\\\/index.php\\\/2025\\\/04\\\/27\\\/precios-de-shein-se-disparan-377-en-eu-por-aranceles-de-trump-a-la-paqueteria\\\/\",\"url\":\"https:\\\/\\\/fuentesfidedignas.com.mx\\\/index.php\\\/2025\\\/04\\\/27\\\/precios-de-shein-se-disparan-377-en-eu-por-aranceles-de-trump-a-la-paqueteria\\\/\",\"name\":\"Precios de Shein se disparan 377% en EU por aranceles de Trump a la paqueter\u00eda - Fuentes Fidedignas\",\"isPartOf\":{\"@id\":\"https:\\\/\\\/fuentesfidedignas.com.mx\\\/#website\"},\"primaryImageOfPage\":{\"@id\":\"https:\\\/\\\/fuentesfidedignas.com.mx\\\/index.php\\\/2025\\\/04\\\/27\\\/precios-de-shein-se-disparan-377-en-eu-por-aranceles-de-trump-a-la-paqueteria\\\/#primaryimage\"},\"image\":{\"@id\":\"https:\\\/\\\/fuentesfidedignas.com.mx\\\/index.php\\\/2025\\\/04\\\/27\\\/precios-de-shein-se-disparan-377-en-eu-por-aranceles-de-trump-a-la-paqueteria\\\/#primaryimage\"},\"thumbnailUrl\":\"https:\\\/\\\/fuentesfidedignas.com.mx\\\/wp-content\\\/uploads\\\/2025\\\/04\\\/shein_usa.jpg\",\"datePublished\":\"2025-04-27T19:16:43+00:00\",\"dateModified\":\"2025-04-27T19:16:47+00:00\",\"breadcrumb\":{\"@id\":\"https:\\\/\\\/fuentesfidedignas.com.mx\\\/index.php\\\/2025\\\/04\\\/27\\\/precios-de-shein-se-disparan-377-en-eu-por-aranceles-de-trump-a-la-paqueteria\\\/#breadcrumb\"},\"inLanguage\":\"es\",\"potentialAction\":[{\"@type\":\"ReadAction\",\"target\":[\"https:\\\/\\\/fuentesfidedignas.com.mx\\\/index.php\\\/2025\\\/04\\\/27\\\/precios-de-shein-se-disparan-377-en-eu-por-aranceles-de-trump-a-la-paqueteria\\\/\"]}]},{\"@type\":\"ImageObject\",\"inLanguage\":\"es\",\"@id\":\"https:\\\/\\\/fuentesfidedignas.com.mx\\\/index.php\\\/2025\\\/04\\\/27\\\/precios-de-shein-se-disparan-377-en-eu-por-aranceles-de-trump-a-la-paqueteria\\\/#primaryimage\",\"url\":\"https:\\\/\\\/fuentesfidedignas.com.mx\\\/wp-content\\\/uploads\\\/2025\\\/04\\\/shein_usa.jpg\",\"contentUrl\":\"https:\\\/\\\/fuentesfidedignas.com.mx\\\/wp-content\\\/uploads\\\/2025\\\/04\\\/shein_usa.jpg\",\"width\":594,\"height\":334},{\"@type\":\"BreadcrumbList\",\"@id\":\"https:\\\/\\\/fuentesfidedignas.com.mx\\\/index.php\\\/2025\\\/04\\\/27\\\/precios-de-shein-se-disparan-377-en-eu-por-aranceles-de-trump-a-la-paqueteria\\\/#breadcrumb\",\"itemListElement\":[{\"@type\":\"ListItem\",\"position\":1,\"name\":\"Inicio\",\"item\":\"https:\\\/\\\/fuentesfidedignas.com.mx\\\/\"},{\"@type\":\"ListItem\",\"position\":2,\"name\":\"Precios de Shein se disparan 377% en EU por aranceles de Trump a la paqueter\u00eda\"}]},{\"@type\":\"WebSite\",\"@id\":\"https:\\\/\\\/fuentesfidedignas.com.mx\\\/#website\",\"url\":\"https:\\\/\\\/fuentesfidedignas.com.mx\\\/\",\"name\":\"Fuentes Fidedignas\",\"description\":\"Otro sitio realizado con WordPress\",\"publisher\":{\"@id\":\"https:\\\/\\\/fuentesfidedignas.com.mx\\\/#organization\"},\"potentialAction\":[{\"@type\":\"SearchAction\",\"target\":{\"@type\":\"EntryPoint\",\"urlTemplate\":\"https:\\\/\\\/fuentesfidedignas.com.mx\\\/?s={search_term_string}\"},\"query-input\":{\"@type\":\"PropertyValueSpecification\",\"valueRequired\":true,\"valueName\":\"search_term_string\"}}],\"inLanguage\":\"es\"},{\"@type\":\"Organization\",\"@id\":\"https:\\\/\\\/fuentesfidedignas.com.mx\\\/#organization\",\"name\":\"Fuentes Fidedignas\",\"url\":\"https:\\\/\\\/fuentesfidedignas.com.mx\\\/\",\"logo\":{\"@type\":\"ImageObject\",\"inLanguage\":\"es\",\"@id\":\"https:\\\/\\\/fuentesfidedignas.com.mx\\\/#\\\/schema\\\/logo\\\/image\\\/\",\"url\":\"https:\\\/\\\/fuentesfidedignas.com.mx\\\/wp-content\\\/uploads\\\/2021\\\/04\\\/logo-retina.png\",\"contentUrl\":\"https:\\\/\\\/fuentesfidedignas.com.mx\\\/wp-content\\\/uploads\\\/2021\\\/04\\\/logo-retina.png\",\"width\":280,\"height\":51,\"caption\":\"Fuentes Fidedignas\"},\"image\":{\"@id\":\"https:\\\/\\\/fuentesfidedignas.com.mx\\\/#\\\/schema\\\/logo\\\/image\\\/\"},\"sameAs\":[\"https:\\\/\\\/www.facebook.com\\\/Fuentes-Fidedignas-368234489921644\",\"https:\\\/\\\/x.com\\\/fidedignas\"]},{\"@type\":\"Person\",\"@id\":\"https:\\\/\\\/fuentesfidedignas.com.mx\\\/#\\\/schema\\\/person\\\/494f7e0dce8dfaaec5b64f16615b78e9\",\"name\":\"El Financiero\",\"image\":{\"@type\":\"ImageObject\",\"inLanguage\":\"es\",\"@id\":\"https:\\\/\\\/secure.gravatar.com\\\/avatar\\\/88c0f3f2079389318ef8dd35c22cb997212aa89646e357ba59b318db26ed91a9?s=96&d=mm&r=g\",\"url\":\"https:\\\/\\\/secure.gravatar.com\\\/avatar\\\/88c0f3f2079389318ef8dd35c22cb997212aa89646e357ba59b318db26ed91a9?s=96&d=mm&r=g\",\"contentUrl\":\"https:\\\/\\\/secure.gravatar.com\\\/avatar\\\/88c0f3f2079389318ef8dd35c22cb997212aa89646e357ba59b318db26ed91a9?s=96&d=mm&r=g\",\"caption\":\"El Financiero\"},\"url\":\"https:\\\/\\\/fuentesfidedignas.com.mx\\\/index.php\\\/author\\\/financiero\\\/\"}]}<\/script>\n<!-- \/ Yoast SEO plugin. -->","yoast_head_json":{"title":"Precios de Shein se disparan 377% en EU por aranceles de Trump a la paqueter\u00eda - Fuentes Fidedignas","robots":{"index":"index","follow":"follow","max-snippet":"max-snippet:-1","max-image-preview":"max-image-preview:large","max-video-preview":"max-video-preview:-1"},"canonical":"https:\/\/fuentesfidedignas.com.mx\/index.php\/2025\/04\/27\/precios-de-shein-se-disparan-377-en-eu-por-aranceles-de-trump-a-la-paqueteria\/","og_locale":"es_MX","og_type":"article","og_title":"Precios de Shein se disparan 377% en EU por aranceles de Trump a la paqueter\u00eda - Fuentes Fidedignas","og_description":"Shein y Temu se enfrentar\u00e1n a aranceles del 120 por ciento en EU, y ante los temores de las tarifas aumentaron sus precios. El gigante del fast fshion, Shein Group, aument\u00f3 los precios en Estados Unidos de sus productos, desde vestidos hasta utensilios de cocina, antes de los inminentes aranceles sobre los paquetes peque\u00f1os, en [&hellip;]","og_url":"https:\/\/fuentesfidedignas.com.mx\/index.php\/2025\/04\/27\/precios-de-shein-se-disparan-377-en-eu-por-aranceles-de-trump-a-la-paqueteria\/","og_site_name":"Fuentes Fidedignas","article_publisher":"https:\/\/www.facebook.com\/Fuentes-Fidedignas-368234489921644","article_published_time":"2025-04-27T19:16:43+00:00","article_modified_time":"2025-04-27T19:16:47+00:00","og_image":[{"width":594,"height":334,"url":"https:\/\/fuentesfidedignas.com.mx\/wp-content\/uploads\/2025\/04\/shein_usa.jpg","type":"image\/jpeg"}],"author":"El Financiero","twitter_card":"summary_large_image","twitter_creator":"@fidedignas","twitter_site":"@fidedignas","twitter_misc":{"Escrito por":"El Financiero","Tiempo de lectura":"4 minutos"},"schema":{"@context":"https:\/\/schema.org","@graph":[{"@type":"Article","@id":"https:\/\/fuentesfidedignas.com.mx\/index.php\/2025\/04\/27\/precios-de-shein-se-disparan-377-en-eu-por-aranceles-de-trump-a-la-paqueteria\/#article","isPartOf":{"@id":"https:\/\/fuentesfidedignas.com.mx\/index.php\/2025\/04\/27\/precios-de-shein-se-disparan-377-en-eu-por-aranceles-de-trump-a-la-paqueteria\/"},"author":{"name":"El Financiero","@id":"https:\/\/fuentesfidedignas.com.mx\/#\/schema\/person\/494f7e0dce8dfaaec5b64f16615b78e9"},"headline":"Precios de Shein se disparan 377% en EU por aranceles de Trump a la paqueter\u00eda","datePublished":"2025-04-27T19:16:43+00:00","dateModified":"2025-04-27T19:16:47+00:00","mainEntityOfPage":{"@id":"https:\/\/fuentesfidedignas.com.mx\/index.php\/2025\/04\/27\/precios-de-shein-se-disparan-377-en-eu-por-aranceles-de-trump-a-la-paqueteria\/"},"wordCount":696,"commentCount":0,"publisher":{"@id":"https:\/\/fuentesfidedignas.com.mx\/#organization"},"image":{"@id":"https:\/\/fuentesfidedignas.com.mx\/index.php\/2025\/04\/27\/precios-de-shein-se-disparan-377-en-eu-por-aranceles-de-trump-a-la-paqueteria\/#primaryimage"},"thumbnailUrl":"https:\/\/fuentesfidedignas.com.mx\/wp-content\/uploads\/2025\/04\/shein_usa.jpg","articleSection":["NOTICIAS NACIONALES"],"inLanguage":"es","potentialAction":[{"@type":"CommentAction","name":"Comment","target":["https:\/\/fuentesfidedignas.com.mx\/index.php\/2025\/04\/27\/precios-de-shein-se-disparan-377-en-eu-por-aranceles-de-trump-a-la-paqueteria\/#respond"]}]},{"@type":"WebPage","@id":"https:\/\/fuentesfidedignas.com.mx\/index.php\/2025\/04\/27\/precios-de-shein-se-disparan-377-en-eu-por-aranceles-de-trump-a-la-paqueteria\/","url":"https:\/\/fuentesfidedignas.com.mx\/index.php\/2025\/04\/27\/precios-de-shein-se-disparan-377-en-eu-por-aranceles-de-trump-a-la-paqueteria\/","name":"Precios de Shein se disparan 377% en EU por aranceles de Trump a la paqueter\u00eda - Fuentes Fidedignas","isPartOf":{"@id":"https:\/\/fuentesfidedignas.com.mx\/#website"},"primaryImageOfPage":{"@id":"https:\/\/fuentesfidedignas.com.mx\/index.php\/2025\/04\/27\/precios-de-shein-se-disparan-377-en-eu-por-aranceles-de-trump-a-la-paqueteria\/#primaryimage"},"image":{"@id":"https:\/\/fuentesfidedignas.com.mx\/index.php\/2025\/04\/27\/precios-de-shein-se-disparan-377-en-eu-por-aranceles-de-trump-a-la-paqueteria\/#primaryimage"},"thumbnailUrl":"https:\/\/fuentesfidedignas.com.mx\/wp-content\/uploads\/2025\/04\/shein_usa.jpg","datePublished":"2025-04-27T19:16:43+00:00","dateModified":"2025-04-27T19:16:47+00:00","breadcrumb":{"@id":"https:\/\/fuentesfidedignas.com.mx\/index.php\/2025\/04\/27\/precios-de-shein-se-disparan-377-en-eu-por-aranceles-de-trump-a-la-paqueteria\/#breadcrumb"},"inLanguage":"es","potentialAction":[{"@type":"ReadAction","target":["https:\/\/fuentesfidedignas.com.mx\/index.php\/2025\/04\/27\/precios-de-shein-se-disparan-377-en-eu-por-aranceles-de-trump-a-la-paqueteria\/"]}]},{"@type":"ImageObject","inLanguage":"es","@id":"https:\/\/fuentesfidedignas.com.mx\/index.php\/2025\/04\/27\/precios-de-shein-se-disparan-377-en-eu-por-aranceles-de-trump-a-la-paqueteria\/#primaryimage","url":"https:\/\/fuentesfidedignas.com.mx\/wp-content\/uploads\/2025\/04\/shein_usa.jpg","contentUrl":"https:\/\/fuentesfidedignas.com.mx\/wp-content\/uploads\/2025\/04\/shein_usa.jpg","width":594,"height":334},{"@type":"BreadcrumbList","@id":"https:\/\/fuentesfidedignas.com.mx\/index.php\/2025\/04\/27\/precios-de-shein-se-disparan-377-en-eu-por-aranceles-de-trump-a-la-paqueteria\/#breadcrumb","itemListElement":[{"@type":"ListItem","position":1,"name":"Inicio","item":"https:\/\/fuentesfidedignas.com.mx\/"},{"@type":"ListItem","position":2,"name":"Precios de Shein se disparan 377% en EU por aranceles de Trump a la paqueter\u00eda"}]},{"@type":"WebSite","@id":"https:\/\/fuentesfidedignas.com.mx\/#website","url":"https:\/\/fuentesfidedignas.com.mx\/","name":"Fuentes Fidedignas","description":"Otro sitio realizado con WordPress","publisher":{"@id":"https:\/\/fuentesfidedignas.com.mx\/#organization"},"potentialAction":[{"@type":"SearchAction","target":{"@type":"EntryPoint","urlTemplate":"https:\/\/fuentesfidedignas.com.mx\/?s={search_term_string}"},"query-input":{"@type":"PropertyValueSpecification","valueRequired":true,"valueName":"search_term_string"}}],"inLanguage":"es"},{"@type":"Organization","@id":"https:\/\/fuentesfidedignas.com.mx\/#organization","name":"Fuentes Fidedignas","url":"https:\/\/fuentesfidedignas.com.mx\/","logo":{"@type":"ImageObject","inLanguage":"es","@id":"https:\/\/fuentesfidedignas.com.mx\/#\/schema\/logo\/image\/","url":"https:\/\/fuentesfidedignas.com.mx\/wp-content\/uploads\/2021\/04\/logo-retina.png","contentUrl":"https:\/\/fuentesfidedignas.com.mx\/wp-content\/uploads\/2021\/04\/logo-retina.png","width":280,"height":51,"caption":"Fuentes Fidedignas"},"image":{"@id":"https:\/\/fuentesfidedignas.com.mx\/#\/schema\/logo\/image\/"},"sameAs":["https:\/\/www.facebook.com\/Fuentes-Fidedignas-368234489921644","https:\/\/x.com\/fidedignas"]},{"@type":"Person","@id":"https:\/\/fuentesfidedignas.com.mx\/#\/schema\/person\/494f7e0dce8dfaaec5b64f16615b78e9","name":"El Financiero","image":{"@type":"ImageObject","inLanguage":"es","@id":"https:\/\/secure.gravatar.com\/avatar\/88c0f3f2079389318ef8dd35c22cb997212aa89646e357ba59b318db26ed91a9?s=96&d=mm&r=g","url":"https:\/\/secure.gravatar.com\/avatar\/88c0f3f2079389318ef8dd35c22cb997212aa89646e357ba59b318db26ed91a9?s=96&d=mm&r=g","contentUrl":"https:\/\/secure.gravatar.com\/avatar\/88c0f3f2079389318ef8dd35c22cb997212aa89646e357ba59b318db26ed91a9?s=96&d=mm&r=g","caption":"El Financiero"},"url":"https:\/\/fuentesfidedignas.com.mx\/index.php\/author\/financiero\/"}]}},"_links":{"self":[{"href":"https:\/\/fuentesfidedignas.com.mx\/index.php\/wp-json\/wp\/v2\/posts\/107119","targetHints":{"allow":["GET"]}}],"collection":[{"href":"https:\/\/fuentesfidedignas.com.mx\/index.php\/wp-json\/wp\/v2\/posts"}],"about":[{"href":"https:\/\/fuentesfidedignas.com.mx\/index.php\/wp-json\/wp\/v2\/types\/post"}],"author":[{"embeddable":true,"href":"https:\/\/fuentesfidedignas.com.mx\/index.php\/wp-json\/wp\/v2\/users\/21"}],"replies":[{"embeddable":true,"href":"https:\/\/fuentesfidedignas.com.mx\/index.php\/wp-json\/wp\/v2\/comments?post=107119"}],"version-history":[{"count":1,"href":"https:\/\/fuentesfidedignas.com.mx\/index.php\/wp-json\/wp\/v2\/posts\/107119\/revisions"}],"predecessor-version":[{"id":107121,"href":"https:\/\/fuentesfidedignas.com.mx\/index.php\/wp-json\/wp\/v2\/posts\/107119\/revisions\/107121"}],"wp:featuredmedia":[{"embeddable":true,"href":"https:\/\/fuentesfidedignas.com.mx\/index.php\/wp-json\/wp\/v2\/media\/107120"}],"wp:attachment":[{"href":"https:\/\/fuentesfidedignas.com.mx\/index.php\/wp-json\/wp\/v2\/media?parent=107119"}],"wp:term":[{"taxonomy":"category","embeddable":true,"href":"https:\/\/fuentesfidedignas.com.mx\/index.php\/wp-json\/wp\/v2\/categories?post=107119"},{"taxonomy":"post_tag","embeddable":true,"href":"https:\/\/fuentesfidedignas.com.mx\/index.php\/wp-json\/wp\/v2\/tags?post=107119"}],"curies":[{"name":"wp","href":"https:\/\/api.w.org\/{rel}","templated":true}]}}