{"id":107116,"date":"2025-04-27T11:12:24","date_gmt":"2025-04-27T18:12:24","guid":{"rendered":"https:\/\/fuentesfidedignas.com.mx\/?p=107116"},"modified":"2025-04-27T11:12:28","modified_gmt":"2025-04-27T18:12:28","slug":"mas-de-20-mil-personas-visitan-la-tumba-del-papa-francisco-en-santa-maria-la-mayor","status":"publish","type":"post","link":"https:\/\/fuentesfidedignas.com.mx\/index.php\/2025\/04\/27\/mas-de-20-mil-personas-visitan-la-tumba-del-papa-francisco-en-santa-maria-la-mayor\/","title":{"rendered":"M\u00e1s de 20 mil personas visitan la tumba del papa Francisco en Santa Mar\u00eda la Mayor"},"content":{"rendered":"\n<p><strong><em>La bas\u00edlica de Santa Mar\u00eda la Mayor es escenario de largas filas de fieles que buscan visitar la tumba del papa Francisco<\/em><\/strong><\/p>\n\n\n\n<p>Unas 20 mil personas se han acercado desde las 7:00 h local de este domingo a la bas\u00edlica romana de Santa Mar\u00eda la Mayor para visitar la tumba del papa Francisco, abierta hoy por primera vez al p\u00fablico.<\/p>\n\n\n\n<p>Seg\u00fan informaron a EFE fuentes policiales de la capital italiana, 13 mil personas de las congregadas ya hab\u00edan conseguido entrar en el templo a las 12:00 h, mientras que el resto esperaba su turno en largas colas.<\/p>\n\n\n\n<iframe loading=\"lazy\" width=\"728\" height=\"600\" src=\"https:\/\/www.youtube.com\/embed\/RZEwM8nrQSk\" title=\"Tumba del Santo Padre Francisco en la Bas\u00edlica de Santa Mar\u00eda la Mayor\" frameborder=\"0\" allow=\"accelerometer; autoplay; clipboard-write; encrypted-media; gyroscope; picture-in-picture; web-share\" referrerpolicy=\"strict-origin-when-cross-origin\" allowfullscreen><\/iframe>\n\n\n\n<p>En el interior de Santa Mar\u00eda la Mayor, reposa desde la v\u00edspera el papa Francisco en su tumba, de piedra y tenuemente iluminada, donde recibi\u00f3 sepultura en una ceremonia privada este s\u00e1bado despu\u00e9s de su multitudinario funeral.<\/p>\n\n\n\n<p>Alrededor de 200 personas hac\u00edan fila para entrar ya una hora antes de que la iglesia abriera sus puertas, constat\u00f3 EFE en el lugar.<\/p>\n\n\n\n<p>El pont\u00edfice argentino fue despedido este s\u00e1bado con un funeral solemne en la plaza de San Pedro del Vaticano y, acto seguido, su f\u00e9retro atraves\u00f3 la Roma m\u00e1s monumental en un cortejo f\u00fanebre hasta llegar a Santa Mar\u00eda La Mayor.<\/p>\n\n\n\n<p>Este antiqu\u00edsimo templo, uno de los cuatro papales de la ciudad y cuyos or\u00edgenes se atribuyen a un milenario milagro, fue el elegido por Francisco para construir su sepultura pues custodia una Virgen de la que era muy devoto, la \u2018Salus Populi Romani\u2019.<\/p>\n\n\n\n<p>La sepultura se halla a un lado de la capilla que la alberga y consiste, tal y como pidi\u00f3 en su testamento, en una l\u00e1pida sencilla de piedra de Liguria, la tierra de sus antepasados italianos, con una \u00fanica inscripci\u00f3n: \u2018FRANCISCUS\u2018, en lat\u00edn.<\/p>\n","protected":false},"excerpt":{"rendered":"<p>La bas\u00edlica de Santa Mar\u00eda la Mayor es escenario de largas filas de fieles que buscan visitar la tumba del papa Francisco Unas 20 mil personas se han acercado desde las 7:00 h local de este domingo a la bas\u00edlica romana de Santa Mar\u00eda la Mayor para visitar la tumba del papa Francisco, abierta hoy [&hellip;]<\/p>\n","protected":false},"author":47,"featured_media":107117,"comment_status":"open","ping_status":"open","sticky":false,"template":"","format":"standard","meta":{"tdm_status":"","tdm_grid_status":"","footnotes":""},"categories":[39],"tags":[],"class_list":{"0":"post-107116","1":"post","2":"type-post","3":"status-publish","4":"format-standard","5":"has-post-thumbnail","7":"category-noticias-nacionales"},"yoast_head":"<!-- This site is optimized with the Yoast SEO plugin v27.4 - https:\/\/yoast.com\/product\/yoast-seo-wordpress\/ -->\n<title>M\u00e1s de 20 mil personas visitan la tumba del papa Francisco en Santa Mar\u00eda la Mayor - Fuentes Fidedignas<\/title>\n<meta name=\"robots\" content=\"index, follow, max-snippet:-1, max-image-preview:large, max-video-preview:-1\" \/>\n<link rel=\"canonical\" href=\"https:\/\/fuentesfidedignas.com.mx\/index.php\/2025\/04\/27\/mas-de-20-mil-personas-visitan-la-tumba-del-papa-francisco-en-santa-maria-la-mayor\/\" \/>\n<meta property=\"og:locale\" content=\"es_MX\" \/>\n<meta property=\"og:type\" content=\"article\" \/>\n<meta property=\"og:title\" content=\"M\u00e1s de 20 mil personas visitan la tumba del papa Francisco en Santa Mar\u00eda la Mayor - Fuentes Fidedignas\" \/>\n<meta property=\"og:description\" content=\"La bas\u00edlica de Santa Mar\u00eda la Mayor es escenario de largas filas de fieles que buscan visitar la tumba del papa Francisco Unas 20 mil personas se han acercado desde las 7:00 h local de este domingo a la bas\u00edlica romana de Santa Mar\u00eda la Mayor para visitar la tumba del papa Francisco, abierta hoy [&hellip;]\" \/>\n<meta property=\"og:url\" content=\"https:\/\/fuentesfidedignas.com.mx\/index.php\/2025\/04\/27\/mas-de-20-mil-personas-visitan-la-tumba-del-papa-francisco-en-santa-maria-la-mayor\/\" \/>\n<meta property=\"og:site_name\" content=\"Fuentes Fidedignas\" \/>\n<meta property=\"article:publisher\" content=\"https:\/\/www.facebook.com\/Fuentes-Fidedignas-368234489921644\" \/>\n<meta property=\"article:published_time\" content=\"2025-04-27T18:12:24+00:00\" \/>\n<meta property=\"article:modified_time\" content=\"2025-04-27T18:12:28+00:00\" \/>\n<meta property=\"og:image\" content=\"https:\/\/fuentesfidedignas.com.mx\/wp-content\/uploads\/2025\/04\/visita-de-fieles-a-tumba-del-papa-francisco.jpg\" \/>\n\t<meta property=\"og:image:width\" content=\"1920\" \/>\n\t<meta property=\"og:image:height\" content=\"1295\" \/>\n\t<meta property=\"og:image:type\" content=\"image\/jpeg\" \/>\n<meta name=\"author\" content=\"L\u00f3pez D\u00f3riga\" \/>\n<meta name=\"twitter:card\" content=\"summary_large_image\" \/>\n<meta name=\"twitter:creator\" content=\"@fidedignas\" \/>\n<meta name=\"twitter:site\" content=\"@fidedignas\" \/>\n<meta name=\"twitter:label1\" content=\"Escrito por\" \/>\n\t<meta name=\"twitter:data1\" content=\"L\u00f3pez D\u00f3riga\" \/>\n\t<meta name=\"twitter:label2\" content=\"Tiempo de lectura\" \/>\n\t<meta name=\"twitter:data2\" content=\"2 minutos\" \/>\n<script type=\"application\/ld+json\" class=\"yoast-schema-graph\">{\"@context\":\"https:\\\/\\\/schema.org\",\"@graph\":[{\"@type\":\"Article\",\"@id\":\"https:\\\/\\\/fuentesfidedignas.com.mx\\\/index.php\\\/2025\\\/04\\\/27\\\/mas-de-20-mil-personas-visitan-la-tumba-del-papa-francisco-en-santa-maria-la-mayor\\\/#article\",\"isPartOf\":{\"@id\":\"https:\\\/\\\/fuentesfidedignas.com.mx\\\/index.php\\\/2025\\\/04\\\/27\\\/mas-de-20-mil-personas-visitan-la-tumba-del-papa-francisco-en-santa-maria-la-mayor\\\/\"},\"author\":{\"name\":\"L\u00f3pez D\u00f3riga\",\"@id\":\"https:\\\/\\\/fuentesfidedignas.com.mx\\\/#\\\/schema\\\/person\\\/67d852f0557c8509146a4b9ddebd543a\"},\"headline\":\"M\u00e1s de 20 mil personas visitan la tumba del papa Francisco en Santa Mar\u00eda la Mayor\",\"datePublished\":\"2025-04-27T18:12:24+00:00\",\"dateModified\":\"2025-04-27T18:12:28+00:00\",\"mainEntityOfPage\":{\"@id\":\"https:\\\/\\\/fuentesfidedignas.com.mx\\\/index.php\\\/2025\\\/04\\\/27\\\/mas-de-20-mil-personas-visitan-la-tumba-del-papa-francisco-en-santa-maria-la-mayor\\\/\"},\"wordCount\":319,\"commentCount\":0,\"publisher\":{\"@id\":\"https:\\\/\\\/fuentesfidedignas.com.mx\\\/#organization\"},\"image\":{\"@id\":\"https:\\\/\\\/fuentesfidedignas.com.mx\\\/index.php\\\/2025\\\/04\\\/27\\\/mas-de-20-mil-personas-visitan-la-tumba-del-papa-francisco-en-santa-maria-la-mayor\\\/#primaryimage\"},\"thumbnailUrl\":\"https:\\\/\\\/fuentesfidedignas.com.mx\\\/wp-content\\\/uploads\\\/2025\\\/04\\\/visita-de-fieles-a-tumba-del-papa-francisco.jpg\",\"articleSection\":[\"NOTICIAS NACIONALES\"],\"inLanguage\":\"es\",\"potentialAction\":[{\"@type\":\"CommentAction\",\"name\":\"Comment\",\"target\":[\"https:\\\/\\\/fuentesfidedignas.com.mx\\\/index.php\\\/2025\\\/04\\\/27\\\/mas-de-20-mil-personas-visitan-la-tumba-del-papa-francisco-en-santa-maria-la-mayor\\\/#respond\"]}]},{\"@type\":\"WebPage\",\"@id\":\"https:\\\/\\\/fuentesfidedignas.com.mx\\\/index.php\\\/2025\\\/04\\\/27\\\/mas-de-20-mil-personas-visitan-la-tumba-del-papa-francisco-en-santa-maria-la-mayor\\\/\",\"url\":\"https:\\\/\\\/fuentesfidedignas.com.mx\\\/index.php\\\/2025\\\/04\\\/27\\\/mas-de-20-mil-personas-visitan-la-tumba-del-papa-francisco-en-santa-maria-la-mayor\\\/\",\"name\":\"M\u00e1s de 20 mil personas visitan la tumba del papa Francisco en Santa Mar\u00eda la Mayor - Fuentes Fidedignas\",\"isPartOf\":{\"@id\":\"https:\\\/\\\/fuentesfidedignas.com.mx\\\/#website\"},\"primaryImageOfPage\":{\"@id\":\"https:\\\/\\\/fuentesfidedignas.com.mx\\\/index.php\\\/2025\\\/04\\\/27\\\/mas-de-20-mil-personas-visitan-la-tumba-del-papa-francisco-en-santa-maria-la-mayor\\\/#primaryimage\"},\"image\":{\"@id\":\"https:\\\/\\\/fuentesfidedignas.com.mx\\\/index.php\\\/2025\\\/04\\\/27\\\/mas-de-20-mil-personas-visitan-la-tumba-del-papa-francisco-en-santa-maria-la-mayor\\\/#primaryimage\"},\"thumbnailUrl\":\"https:\\\/\\\/fuentesfidedignas.com.mx\\\/wp-content\\\/uploads\\\/2025\\\/04\\\/visita-de-fieles-a-tumba-del-papa-francisco.jpg\",\"datePublished\":\"2025-04-27T18:12:24+00:00\",\"dateModified\":\"2025-04-27T18:12:28+00:00\",\"breadcrumb\":{\"@id\":\"https:\\\/\\\/fuentesfidedignas.com.mx\\\/index.php\\\/2025\\\/04\\\/27\\\/mas-de-20-mil-personas-visitan-la-tumba-del-papa-francisco-en-santa-maria-la-mayor\\\/#breadcrumb\"},\"inLanguage\":\"es\",\"potentialAction\":[{\"@type\":\"ReadAction\",\"target\":[\"https:\\\/\\\/fuentesfidedignas.com.mx\\\/index.php\\\/2025\\\/04\\\/27\\\/mas-de-20-mil-personas-visitan-la-tumba-del-papa-francisco-en-santa-maria-la-mayor\\\/\"]}]},{\"@type\":\"ImageObject\",\"inLanguage\":\"es\",\"@id\":\"https:\\\/\\\/fuentesfidedignas.com.mx\\\/index.php\\\/2025\\\/04\\\/27\\\/mas-de-20-mil-personas-visitan-la-tumba-del-papa-francisco-en-santa-maria-la-mayor\\\/#primaryimage\",\"url\":\"https:\\\/\\\/fuentesfidedignas.com.mx\\\/wp-content\\\/uploads\\\/2025\\\/04\\\/visita-de-fieles-a-tumba-del-papa-francisco.jpg\",\"contentUrl\":\"https:\\\/\\\/fuentesfidedignas.com.mx\\\/wp-content\\\/uploads\\\/2025\\\/04\\\/visita-de-fieles-a-tumba-del-papa-francisco.jpg\",\"width\":1920,\"height\":1295},{\"@type\":\"BreadcrumbList\",\"@id\":\"https:\\\/\\\/fuentesfidedignas.com.mx\\\/index.php\\\/2025\\\/04\\\/27\\\/mas-de-20-mil-personas-visitan-la-tumba-del-papa-francisco-en-santa-maria-la-mayor\\\/#breadcrumb\",\"itemListElement\":[{\"@type\":\"ListItem\",\"position\":1,\"name\":\"Inicio\",\"item\":\"https:\\\/\\\/fuentesfidedignas.com.mx\\\/\"},{\"@type\":\"ListItem\",\"position\":2,\"name\":\"M\u00e1s de 20 mil personas visitan la tumba del papa Francisco en Santa Mar\u00eda la Mayor\"}]},{\"@type\":\"WebSite\",\"@id\":\"https:\\\/\\\/fuentesfidedignas.com.mx\\\/#website\",\"url\":\"https:\\\/\\\/fuentesfidedignas.com.mx\\\/\",\"name\":\"Fuentes Fidedignas\",\"description\":\"Otro sitio realizado con WordPress\",\"publisher\":{\"@id\":\"https:\\\/\\\/fuentesfidedignas.com.mx\\\/#organization\"},\"potentialAction\":[{\"@type\":\"SearchAction\",\"target\":{\"@type\":\"EntryPoint\",\"urlTemplate\":\"https:\\\/\\\/fuentesfidedignas.com.mx\\\/?s={search_term_string}\"},\"query-input\":{\"@type\":\"PropertyValueSpecification\",\"valueRequired\":true,\"valueName\":\"search_term_string\"}}],\"inLanguage\":\"es\"},{\"@type\":\"Organization\",\"@id\":\"https:\\\/\\\/fuentesfidedignas.com.mx\\\/#organization\",\"name\":\"Fuentes Fidedignas\",\"url\":\"https:\\\/\\\/fuentesfidedignas.com.mx\\\/\",\"logo\":{\"@type\":\"ImageObject\",\"inLanguage\":\"es\",\"@id\":\"https:\\\/\\\/fuentesfidedignas.com.mx\\\/#\\\/schema\\\/logo\\\/image\\\/\",\"url\":\"https:\\\/\\\/fuentesfidedignas.com.mx\\\/wp-content\\\/uploads\\\/2021\\\/04\\\/logo-retina.png\",\"contentUrl\":\"https:\\\/\\\/fuentesfidedignas.com.mx\\\/wp-content\\\/uploads\\\/2021\\\/04\\\/logo-retina.png\",\"width\":280,\"height\":51,\"caption\":\"Fuentes Fidedignas\"},\"image\":{\"@id\":\"https:\\\/\\\/fuentesfidedignas.com.mx\\\/#\\\/schema\\\/logo\\\/image\\\/\"},\"sameAs\":[\"https:\\\/\\\/www.facebook.com\\\/Fuentes-Fidedignas-368234489921644\",\"https:\\\/\\\/x.com\\\/fidedignas\"]},{\"@type\":\"Person\",\"@id\":\"https:\\\/\\\/fuentesfidedignas.com.mx\\\/#\\\/schema\\\/person\\\/67d852f0557c8509146a4b9ddebd543a\",\"name\":\"L\u00f3pez D\u00f3riga\",\"image\":{\"@type\":\"ImageObject\",\"inLanguage\":\"es\",\"@id\":\"https:\\\/\\\/secure.gravatar.com\\\/avatar\\\/e525b06574ca18b33cded59dfe5778d6c823b9513154eff47da551b0551bdd1e?s=96&d=mm&r=g\",\"url\":\"https:\\\/\\\/secure.gravatar.com\\\/avatar\\\/e525b06574ca18b33cded59dfe5778d6c823b9513154eff47da551b0551bdd1e?s=96&d=mm&r=g\",\"contentUrl\":\"https:\\\/\\\/secure.gravatar.com\\\/avatar\\\/e525b06574ca18b33cded59dfe5778d6c823b9513154eff47da551b0551bdd1e?s=96&d=mm&r=g\",\"caption\":\"L\u00f3pez D\u00f3riga\"},\"url\":\"https:\\\/\\\/fuentesfidedignas.com.mx\\\/index.php\\\/author\\\/doriga\\\/\"}]}<\/script>\n<!-- \/ Yoast SEO plugin. -->","yoast_head_json":{"title":"M\u00e1s de 20 mil personas visitan la tumba del papa Francisco en Santa Mar\u00eda la Mayor - Fuentes Fidedignas","robots":{"index":"index","follow":"follow","max-snippet":"max-snippet:-1","max-image-preview":"max-image-preview:large","max-video-preview":"max-video-preview:-1"},"canonical":"https:\/\/fuentesfidedignas.com.mx\/index.php\/2025\/04\/27\/mas-de-20-mil-personas-visitan-la-tumba-del-papa-francisco-en-santa-maria-la-mayor\/","og_locale":"es_MX","og_type":"article","og_title":"M\u00e1s de 20 mil personas visitan la tumba del papa Francisco en Santa Mar\u00eda la Mayor - Fuentes Fidedignas","og_description":"La bas\u00edlica de Santa Mar\u00eda la Mayor es escenario de largas filas de fieles que buscan visitar la tumba del papa Francisco Unas 20 mil personas se han acercado desde las 7:00 h local de este domingo a la bas\u00edlica romana de Santa Mar\u00eda la Mayor para visitar la tumba del papa Francisco, abierta hoy [&hellip;]","og_url":"https:\/\/fuentesfidedignas.com.mx\/index.php\/2025\/04\/27\/mas-de-20-mil-personas-visitan-la-tumba-del-papa-francisco-en-santa-maria-la-mayor\/","og_site_name":"Fuentes Fidedignas","article_publisher":"https:\/\/www.facebook.com\/Fuentes-Fidedignas-368234489921644","article_published_time":"2025-04-27T18:12:24+00:00","article_modified_time":"2025-04-27T18:12:28+00:00","og_image":[{"width":1920,"height":1295,"url":"https:\/\/fuentesfidedignas.com.mx\/wp-content\/uploads\/2025\/04\/visita-de-fieles-a-tumba-del-papa-francisco.jpg","type":"image\/jpeg"}],"author":"L\u00f3pez D\u00f3riga","twitter_card":"summary_large_image","twitter_creator":"@fidedignas","twitter_site":"@fidedignas","twitter_misc":{"Escrito por":"L\u00f3pez D\u00f3riga","Tiempo de lectura":"2 minutos"},"schema":{"@context":"https:\/\/schema.org","@graph":[{"@type":"Article","@id":"https:\/\/fuentesfidedignas.com.mx\/index.php\/2025\/04\/27\/mas-de-20-mil-personas-visitan-la-tumba-del-papa-francisco-en-santa-maria-la-mayor\/#article","isPartOf":{"@id":"https:\/\/fuentesfidedignas.com.mx\/index.php\/2025\/04\/27\/mas-de-20-mil-personas-visitan-la-tumba-del-papa-francisco-en-santa-maria-la-mayor\/"},"author":{"name":"L\u00f3pez D\u00f3riga","@id":"https:\/\/fuentesfidedignas.com.mx\/#\/schema\/person\/67d852f0557c8509146a4b9ddebd543a"},"headline":"M\u00e1s de 20 mil personas visitan la tumba del papa Francisco en Santa Mar\u00eda la Mayor","datePublished":"2025-04-27T18:12:24+00:00","dateModified":"2025-04-27T18:12:28+00:00","mainEntityOfPage":{"@id":"https:\/\/fuentesfidedignas.com.mx\/index.php\/2025\/04\/27\/mas-de-20-mil-personas-visitan-la-tumba-del-papa-francisco-en-santa-maria-la-mayor\/"},"wordCount":319,"commentCount":0,"publisher":{"@id":"https:\/\/fuentesfidedignas.com.mx\/#organization"},"image":{"@id":"https:\/\/fuentesfidedignas.com.mx\/index.php\/2025\/04\/27\/mas-de-20-mil-personas-visitan-la-tumba-del-papa-francisco-en-santa-maria-la-mayor\/#primaryimage"},"thumbnailUrl":"https:\/\/fuentesfidedignas.com.mx\/wp-content\/uploads\/2025\/04\/visita-de-fieles-a-tumba-del-papa-francisco.jpg","articleSection":["NOTICIAS NACIONALES"],"inLanguage":"es","potentialAction":[{"@type":"CommentAction","name":"Comment","target":["https:\/\/fuentesfidedignas.com.mx\/index.php\/2025\/04\/27\/mas-de-20-mil-personas-visitan-la-tumba-del-papa-francisco-en-santa-maria-la-mayor\/#respond"]}]},{"@type":"WebPage","@id":"https:\/\/fuentesfidedignas.com.mx\/index.php\/2025\/04\/27\/mas-de-20-mil-personas-visitan-la-tumba-del-papa-francisco-en-santa-maria-la-mayor\/","url":"https:\/\/fuentesfidedignas.com.mx\/index.php\/2025\/04\/27\/mas-de-20-mil-personas-visitan-la-tumba-del-papa-francisco-en-santa-maria-la-mayor\/","name":"M\u00e1s de 20 mil personas visitan la tumba del papa Francisco en Santa Mar\u00eda la Mayor - Fuentes Fidedignas","isPartOf":{"@id":"https:\/\/fuentesfidedignas.com.mx\/#website"},"primaryImageOfPage":{"@id":"https:\/\/fuentesfidedignas.com.mx\/index.php\/2025\/04\/27\/mas-de-20-mil-personas-visitan-la-tumba-del-papa-francisco-en-santa-maria-la-mayor\/#primaryimage"},"image":{"@id":"https:\/\/fuentesfidedignas.com.mx\/index.php\/2025\/04\/27\/mas-de-20-mil-personas-visitan-la-tumba-del-papa-francisco-en-santa-maria-la-mayor\/#primaryimage"},"thumbnailUrl":"https:\/\/fuentesfidedignas.com.mx\/wp-content\/uploads\/2025\/04\/visita-de-fieles-a-tumba-del-papa-francisco.jpg","datePublished":"2025-04-27T18:12:24+00:00","dateModified":"2025-04-27T18:12:28+00:00","breadcrumb":{"@id":"https:\/\/fuentesfidedignas.com.mx\/index.php\/2025\/04\/27\/mas-de-20-mil-personas-visitan-la-tumba-del-papa-francisco-en-santa-maria-la-mayor\/#breadcrumb"},"inLanguage":"es","potentialAction":[{"@type":"ReadAction","target":["https:\/\/fuentesfidedignas.com.mx\/index.php\/2025\/04\/27\/mas-de-20-mil-personas-visitan-la-tumba-del-papa-francisco-en-santa-maria-la-mayor\/"]}]},{"@type":"ImageObject","inLanguage":"es","@id":"https:\/\/fuentesfidedignas.com.mx\/index.php\/2025\/04\/27\/mas-de-20-mil-personas-visitan-la-tumba-del-papa-francisco-en-santa-maria-la-mayor\/#primaryimage","url":"https:\/\/fuentesfidedignas.com.mx\/wp-content\/uploads\/2025\/04\/visita-de-fieles-a-tumba-del-papa-francisco.jpg","contentUrl":"https:\/\/fuentesfidedignas.com.mx\/wp-content\/uploads\/2025\/04\/visita-de-fieles-a-tumba-del-papa-francisco.jpg","width":1920,"height":1295},{"@type":"BreadcrumbList","@id":"https:\/\/fuentesfidedignas.com.mx\/index.php\/2025\/04\/27\/mas-de-20-mil-personas-visitan-la-tumba-del-papa-francisco-en-santa-maria-la-mayor\/#breadcrumb","itemListElement":[{"@type":"ListItem","position":1,"name":"Inicio","item":"https:\/\/fuentesfidedignas.com.mx\/"},{"@type":"ListItem","position":2,"name":"M\u00e1s de 20 mil personas visitan la tumba del papa Francisco en Santa Mar\u00eda la Mayor"}]},{"@type":"WebSite","@id":"https:\/\/fuentesfidedignas.com.mx\/#website","url":"https:\/\/fuentesfidedignas.com.mx\/","name":"Fuentes Fidedignas","description":"Otro sitio realizado con WordPress","publisher":{"@id":"https:\/\/fuentesfidedignas.com.mx\/#organization"},"potentialAction":[{"@type":"SearchAction","target":{"@type":"EntryPoint","urlTemplate":"https:\/\/fuentesfidedignas.com.mx\/?s={search_term_string}"},"query-input":{"@type":"PropertyValueSpecification","valueRequired":true,"valueName":"search_term_string"}}],"inLanguage":"es"},{"@type":"Organization","@id":"https:\/\/fuentesfidedignas.com.mx\/#organization","name":"Fuentes Fidedignas","url":"https:\/\/fuentesfidedignas.com.mx\/","logo":{"@type":"ImageObject","inLanguage":"es","@id":"https:\/\/fuentesfidedignas.com.mx\/#\/schema\/logo\/image\/","url":"https:\/\/fuentesfidedignas.com.mx\/wp-content\/uploads\/2021\/04\/logo-retina.png","contentUrl":"https:\/\/fuentesfidedignas.com.mx\/wp-content\/uploads\/2021\/04\/logo-retina.png","width":280,"height":51,"caption":"Fuentes Fidedignas"},"image":{"@id":"https:\/\/fuentesfidedignas.com.mx\/#\/schema\/logo\/image\/"},"sameAs":["https:\/\/www.facebook.com\/Fuentes-Fidedignas-368234489921644","https:\/\/x.com\/fidedignas"]},{"@type":"Person","@id":"https:\/\/fuentesfidedignas.com.mx\/#\/schema\/person\/67d852f0557c8509146a4b9ddebd543a","name":"L\u00f3pez D\u00f3riga","image":{"@type":"ImageObject","inLanguage":"es","@id":"https:\/\/secure.gravatar.com\/avatar\/e525b06574ca18b33cded59dfe5778d6c823b9513154eff47da551b0551bdd1e?s=96&d=mm&r=g","url":"https:\/\/secure.gravatar.com\/avatar\/e525b06574ca18b33cded59dfe5778d6c823b9513154eff47da551b0551bdd1e?s=96&d=mm&r=g","contentUrl":"https:\/\/secure.gravatar.com\/avatar\/e525b06574ca18b33cded59dfe5778d6c823b9513154eff47da551b0551bdd1e?s=96&d=mm&r=g","caption":"L\u00f3pez D\u00f3riga"},"url":"https:\/\/fuentesfidedignas.com.mx\/index.php\/author\/doriga\/"}]}},"_links":{"self":[{"href":"https:\/\/fuentesfidedignas.com.mx\/index.php\/wp-json\/wp\/v2\/posts\/107116","targetHints":{"allow":["GET"]}}],"collection":[{"href":"https:\/\/fuentesfidedignas.com.mx\/index.php\/wp-json\/wp\/v2\/posts"}],"about":[{"href":"https:\/\/fuentesfidedignas.com.mx\/index.php\/wp-json\/wp\/v2\/types\/post"}],"author":[{"embeddable":true,"href":"https:\/\/fuentesfidedignas.com.mx\/index.php\/wp-json\/wp\/v2\/users\/47"}],"replies":[{"embeddable":true,"href":"https:\/\/fuentesfidedignas.com.mx\/index.php\/wp-json\/wp\/v2\/comments?post=107116"}],"version-history":[{"count":1,"href":"https:\/\/fuentesfidedignas.com.mx\/index.php\/wp-json\/wp\/v2\/posts\/107116\/revisions"}],"predecessor-version":[{"id":107118,"href":"https:\/\/fuentesfidedignas.com.mx\/index.php\/wp-json\/wp\/v2\/posts\/107116\/revisions\/107118"}],"wp:featuredmedia":[{"embeddable":true,"href":"https:\/\/fuentesfidedignas.com.mx\/index.php\/wp-json\/wp\/v2\/media\/107117"}],"wp:attachment":[{"href":"https:\/\/fuentesfidedignas.com.mx\/index.php\/wp-json\/wp\/v2\/media?parent=107116"}],"wp:term":[{"taxonomy":"category","embeddable":true,"href":"https:\/\/fuentesfidedignas.com.mx\/index.php\/wp-json\/wp\/v2\/categories?post=107116"},{"taxonomy":"post_tag","embeddable":true,"href":"https:\/\/fuentesfidedignas.com.mx\/index.php\/wp-json\/wp\/v2\/tags?post=107116"}],"curies":[{"name":"wp","href":"https:\/\/api.w.org\/{rel}","templated":true}]}}