{"id":107104,"date":"2025-04-27T09:00:20","date_gmt":"2025-04-27T16:00:20","guid":{"rendered":"https:\/\/fuentesfidedignas.com.mx\/?p=107104"},"modified":"2025-04-27T09:00:24","modified_gmt":"2025-04-27T16:00:24","slug":"aseguran-un-vehiculo-droga-cartuchos-y-equipo-tactico-tras-agresion-en-el-fuerte","status":"publish","type":"post","link":"https:\/\/fuentesfidedignas.com.mx\/index.php\/2025\/04\/27\/aseguran-un-vehiculo-droga-cartuchos-y-equipo-tactico-tras-agresion-en-el-fuerte\/","title":{"rendered":"Aseguran un veh\u00edculo, droga, cartuchos y equipo t\u00e1ctico tras agresi\u00f3n en El Fuerte"},"content":{"rendered":"\n<p><strong><em>En el enfrentamiento agredieron a elementos del Ej\u00e9rcito, Guardia Nacional, de Seguridad Ciudadana y Marina.<\/em><\/strong><\/p>\n\n\n\n<p>Un enfrentamiento entre civiles armados y elementos del Ej\u00e9rcito mexicano,&nbsp;registrado durante un recorrido de reconocimiento en el poblado San L\u00e1zaro, en el municipio de El Fuerte, deriv\u00f3 en el aseguramiento de un veh\u00edculo, cargadores, cartuchos, presunta droga y equipo t\u00e1ctico.<\/p>\n\n\n\n<p>El ataque ocurri\u00f3 cuando los militares fueron agredidos por civiles armados. Tras repeler la agresi\u00f3n, en el lugar se localiz\u00f3 y asegur\u00f3 el siguiente material:<\/p>\n\n\n\n<ul class=\"wp-block-list\">\n<li>Un veh\u00edculo<\/li>\n\n\n\n<li>Tres cargadores, uno de ellos de disco<\/li>\n\n\n\n<li>Noventa y siete cartuchos \u00fatiles<\/li>\n\n\n\n<li>Una bolsa con presunta coca\u00edna<\/li>\n\n\n\n<li>Dos cascos tipo Kevlar<\/li>\n<\/ul>\n\n\n\n<p>El operativo fue realizado de manera coordinada entre el Ej\u00e9rcito mexicano, Guardia Nacional, Secretar\u00eda de Marina, Fiscal\u00eda General de la Rep\u00fablica, Fiscal\u00eda General del Estado y la Secretar\u00eda de Seguridad P\u00fablica de Sinaloa.<\/p>\n\n\n\n<figure class=\"wp-block-image size-full\"><img decoding=\"async\" width=\"618\" height=\"349\" src=\"https:\/\/fuentesfidedignas.com.mx\/wp-content\/uploads\/2025\/04\/image-1-11.jpg\" alt=\"\" class=\"wp-image-107105\" srcset=\"https:\/\/fuentesfidedignas.com.mx\/wp-content\/uploads\/2025\/04\/image-1-11.jpg 618w, https:\/\/fuentesfidedignas.com.mx\/wp-content\/uploads\/2025\/04\/image-1-11-300x169.jpg 300w, https:\/\/fuentesfidedignas.com.mx\/wp-content\/uploads\/2025\/04\/image-1-11-600x339.jpg 600w\" sizes=\"(max-width: 618px) 100vw, 618px\" \/><figcaption class=\"wp-element-caption\">Un veh\u00edculo fue asegurado tras el enfrentamiento en El Fuerte | Especial<\/figcaption><\/figure>\n\n\n\n<p>De manera extraoficial, se mencion\u00f3 que dos personas habr\u00edan sido detenidas y que hubo civiles lesionados; sin embargo, en el bolet\u00edn oficial de prensa no se reporta informaci\u00f3n sobre detenidos o personas heridas.<\/p>\n\n\n\n<p>Todo lo asegurado fue puesto a disposici\u00f3n del Ministerio P\u00fablico Federal para integrar las investigaciones correspondientes.<\/p>\n\n\n\n<p>Con estos resultados, las autoridades federales y estatales reiteraron su compromiso de garantizar la seguridad de la ciudadan\u00eda y exhortaron a la poblaci\u00f3n a utilizar el 911 para reportar emergencias y el 089 para realizar denuncias an\u00f3nimas.<\/p>\n","protected":false},"excerpt":{"rendered":"<p>En el enfrentamiento agredieron a elementos del Ej\u00e9rcito, Guardia Nacional, de Seguridad Ciudadana y Marina. Un enfrentamiento entre civiles armados y elementos del Ej\u00e9rcito mexicano,&nbsp;registrado durante un recorrido de reconocimiento en el poblado San L\u00e1zaro, en el municipio de El Fuerte, deriv\u00f3 en el aseguramiento de un veh\u00edculo, cargadores, cartuchos, presunta droga y equipo t\u00e1ctico. [&hellip;]<\/p>\n","protected":false},"author":9,"featured_media":107106,"comment_status":"open","ping_status":"open","sticky":false,"template":"","format":"standard","meta":{"tdm_status":"","tdm_grid_status":"","footnotes":""},"categories":[37],"tags":[],"class_list":{"0":"post-107104","1":"post","2":"type-post","3":"status-publish","4":"format-standard","5":"has-post-thumbnail","7":"category-nota-principal"},"yoast_head":"<!-- This site is optimized with the Yoast SEO plugin v27.4 - https:\/\/yoast.com\/product\/yoast-seo-wordpress\/ -->\n<title>Aseguran un veh\u00edculo, droga, cartuchos y equipo t\u00e1ctico tras agresi\u00f3n en El Fuerte - Fuentes Fidedignas<\/title>\n<meta name=\"robots\" content=\"index, follow, max-snippet:-1, max-image-preview:large, max-video-preview:-1\" \/>\n<link rel=\"canonical\" href=\"https:\/\/fuentesfidedignas.com.mx\/index.php\/2025\/04\/27\/aseguran-un-vehiculo-droga-cartuchos-y-equipo-tactico-tras-agresion-en-el-fuerte\/\" \/>\n<meta property=\"og:locale\" content=\"es_MX\" \/>\n<meta property=\"og:type\" content=\"article\" \/>\n<meta property=\"og:title\" content=\"Aseguran un veh\u00edculo, droga, cartuchos y equipo t\u00e1ctico tras agresi\u00f3n en El Fuerte - Fuentes Fidedignas\" \/>\n<meta property=\"og:description\" content=\"En el enfrentamiento agredieron a elementos del Ej\u00e9rcito, Guardia Nacional, de Seguridad Ciudadana y Marina. Un enfrentamiento entre civiles armados y elementos del Ej\u00e9rcito mexicano,&nbsp;registrado durante un recorrido de reconocimiento en el poblado San L\u00e1zaro, en el municipio de El Fuerte, deriv\u00f3 en el aseguramiento de un veh\u00edculo, cargadores, cartuchos, presunta droga y equipo t\u00e1ctico. [&hellip;]\" \/>\n<meta property=\"og:url\" content=\"https:\/\/fuentesfidedignas.com.mx\/index.php\/2025\/04\/27\/aseguran-un-vehiculo-droga-cartuchos-y-equipo-tactico-tras-agresion-en-el-fuerte\/\" \/>\n<meta property=\"og:site_name\" content=\"Fuentes Fidedignas\" \/>\n<meta property=\"article:publisher\" content=\"https:\/\/www.facebook.com\/Fuentes-Fidedignas-368234489921644\" \/>\n<meta property=\"article:published_time\" content=\"2025-04-27T16:00:20+00:00\" \/>\n<meta property=\"article:modified_time\" content=\"2025-04-27T16:00:24+00:00\" \/>\n<meta property=\"og:image\" content=\"https:\/\/fuentesfidedignas.com.mx\/wp-content\/uploads\/2025\/04\/asegurado_elfuerte.jpg\" \/>\n\t<meta property=\"og:image:width\" content=\"865\" \/>\n\t<meta property=\"og:image:height\" content=\"490\" \/>\n\t<meta property=\"og:image:type\" content=\"image\/jpeg\" \/>\n<meta name=\"author\" content=\"Milenio\" \/>\n<meta name=\"twitter:card\" content=\"summary_large_image\" \/>\n<meta name=\"twitter:creator\" content=\"@fidedignas\" \/>\n<meta name=\"twitter:site\" content=\"@fidedignas\" \/>\n<meta name=\"twitter:label1\" content=\"Escrito por\" \/>\n\t<meta name=\"twitter:data1\" content=\"Milenio\" \/>\n\t<meta name=\"twitter:label2\" content=\"Tiempo de lectura\" \/>\n\t<meta name=\"twitter:data2\" content=\"2 minutos\" \/>\n<script type=\"application\/ld+json\" class=\"yoast-schema-graph\">{\"@context\":\"https:\\\/\\\/schema.org\",\"@graph\":[{\"@type\":\"Article\",\"@id\":\"https:\\\/\\\/fuentesfidedignas.com.mx\\\/index.php\\\/2025\\\/04\\\/27\\\/aseguran-un-vehiculo-droga-cartuchos-y-equipo-tactico-tras-agresion-en-el-fuerte\\\/#article\",\"isPartOf\":{\"@id\":\"https:\\\/\\\/fuentesfidedignas.com.mx\\\/index.php\\\/2025\\\/04\\\/27\\\/aseguran-un-vehiculo-droga-cartuchos-y-equipo-tactico-tras-agresion-en-el-fuerte\\\/\"},\"author\":{\"name\":\"Milenio\",\"@id\":\"https:\\\/\\\/fuentesfidedignas.com.mx\\\/#\\\/schema\\\/person\\\/47ec0135738f4b0c7495f06a77a2c976\"},\"headline\":\"Aseguran un veh\u00edculo, droga, cartuchos y equipo t\u00e1ctico tras agresi\u00f3n en El Fuerte\",\"datePublished\":\"2025-04-27T16:00:20+00:00\",\"dateModified\":\"2025-04-27T16:00:24+00:00\",\"mainEntityOfPage\":{\"@id\":\"https:\\\/\\\/fuentesfidedignas.com.mx\\\/index.php\\\/2025\\\/04\\\/27\\\/aseguran-un-vehiculo-droga-cartuchos-y-equipo-tactico-tras-agresion-en-el-fuerte\\\/\"},\"wordCount\":273,\"commentCount\":0,\"publisher\":{\"@id\":\"https:\\\/\\\/fuentesfidedignas.com.mx\\\/#organization\"},\"image\":{\"@id\":\"https:\\\/\\\/fuentesfidedignas.com.mx\\\/index.php\\\/2025\\\/04\\\/27\\\/aseguran-un-vehiculo-droga-cartuchos-y-equipo-tactico-tras-agresion-en-el-fuerte\\\/#primaryimage\"},\"thumbnailUrl\":\"https:\\\/\\\/fuentesfidedignas.com.mx\\\/wp-content\\\/uploads\\\/2025\\\/04\\\/asegurado_elfuerte.jpg\",\"articleSection\":[\"NOTA PRINCIPAL\"],\"inLanguage\":\"es\",\"potentialAction\":[{\"@type\":\"CommentAction\",\"name\":\"Comment\",\"target\":[\"https:\\\/\\\/fuentesfidedignas.com.mx\\\/index.php\\\/2025\\\/04\\\/27\\\/aseguran-un-vehiculo-droga-cartuchos-y-equipo-tactico-tras-agresion-en-el-fuerte\\\/#respond\"]}]},{\"@type\":\"WebPage\",\"@id\":\"https:\\\/\\\/fuentesfidedignas.com.mx\\\/index.php\\\/2025\\\/04\\\/27\\\/aseguran-un-vehiculo-droga-cartuchos-y-equipo-tactico-tras-agresion-en-el-fuerte\\\/\",\"url\":\"https:\\\/\\\/fuentesfidedignas.com.mx\\\/index.php\\\/2025\\\/04\\\/27\\\/aseguran-un-vehiculo-droga-cartuchos-y-equipo-tactico-tras-agresion-en-el-fuerte\\\/\",\"name\":\"Aseguran un veh\u00edculo, droga, cartuchos y equipo t\u00e1ctico tras agresi\u00f3n en El Fuerte - Fuentes Fidedignas\",\"isPartOf\":{\"@id\":\"https:\\\/\\\/fuentesfidedignas.com.mx\\\/#website\"},\"primaryImageOfPage\":{\"@id\":\"https:\\\/\\\/fuentesfidedignas.com.mx\\\/index.php\\\/2025\\\/04\\\/27\\\/aseguran-un-vehiculo-droga-cartuchos-y-equipo-tactico-tras-agresion-en-el-fuerte\\\/#primaryimage\"},\"image\":{\"@id\":\"https:\\\/\\\/fuentesfidedignas.com.mx\\\/index.php\\\/2025\\\/04\\\/27\\\/aseguran-un-vehiculo-droga-cartuchos-y-equipo-tactico-tras-agresion-en-el-fuerte\\\/#primaryimage\"},\"thumbnailUrl\":\"https:\\\/\\\/fuentesfidedignas.com.mx\\\/wp-content\\\/uploads\\\/2025\\\/04\\\/asegurado_elfuerte.jpg\",\"datePublished\":\"2025-04-27T16:00:20+00:00\",\"dateModified\":\"2025-04-27T16:00:24+00:00\",\"breadcrumb\":{\"@id\":\"https:\\\/\\\/fuentesfidedignas.com.mx\\\/index.php\\\/2025\\\/04\\\/27\\\/aseguran-un-vehiculo-droga-cartuchos-y-equipo-tactico-tras-agresion-en-el-fuerte\\\/#breadcrumb\"},\"inLanguage\":\"es\",\"potentialAction\":[{\"@type\":\"ReadAction\",\"target\":[\"https:\\\/\\\/fuentesfidedignas.com.mx\\\/index.php\\\/2025\\\/04\\\/27\\\/aseguran-un-vehiculo-droga-cartuchos-y-equipo-tactico-tras-agresion-en-el-fuerte\\\/\"]}]},{\"@type\":\"ImageObject\",\"inLanguage\":\"es\",\"@id\":\"https:\\\/\\\/fuentesfidedignas.com.mx\\\/index.php\\\/2025\\\/04\\\/27\\\/aseguran-un-vehiculo-droga-cartuchos-y-equipo-tactico-tras-agresion-en-el-fuerte\\\/#primaryimage\",\"url\":\"https:\\\/\\\/fuentesfidedignas.com.mx\\\/wp-content\\\/uploads\\\/2025\\\/04\\\/asegurado_elfuerte.jpg\",\"contentUrl\":\"https:\\\/\\\/fuentesfidedignas.com.mx\\\/wp-content\\\/uploads\\\/2025\\\/04\\\/asegurado_elfuerte.jpg\",\"width\":865,\"height\":490},{\"@type\":\"BreadcrumbList\",\"@id\":\"https:\\\/\\\/fuentesfidedignas.com.mx\\\/index.php\\\/2025\\\/04\\\/27\\\/aseguran-un-vehiculo-droga-cartuchos-y-equipo-tactico-tras-agresion-en-el-fuerte\\\/#breadcrumb\",\"itemListElement\":[{\"@type\":\"ListItem\",\"position\":1,\"name\":\"Inicio\",\"item\":\"https:\\\/\\\/fuentesfidedignas.com.mx\\\/\"},{\"@type\":\"ListItem\",\"position\":2,\"name\":\"Aseguran un veh\u00edculo, droga, cartuchos y equipo t\u00e1ctico tras agresi\u00f3n en El Fuerte\"}]},{\"@type\":\"WebSite\",\"@id\":\"https:\\\/\\\/fuentesfidedignas.com.mx\\\/#website\",\"url\":\"https:\\\/\\\/fuentesfidedignas.com.mx\\\/\",\"name\":\"Fuentes Fidedignas\",\"description\":\"Otro sitio realizado con WordPress\",\"publisher\":{\"@id\":\"https:\\\/\\\/fuentesfidedignas.com.mx\\\/#organization\"},\"potentialAction\":[{\"@type\":\"SearchAction\",\"target\":{\"@type\":\"EntryPoint\",\"urlTemplate\":\"https:\\\/\\\/fuentesfidedignas.com.mx\\\/?s={search_term_string}\"},\"query-input\":{\"@type\":\"PropertyValueSpecification\",\"valueRequired\":true,\"valueName\":\"search_term_string\"}}],\"inLanguage\":\"es\"},{\"@type\":\"Organization\",\"@id\":\"https:\\\/\\\/fuentesfidedignas.com.mx\\\/#organization\",\"name\":\"Fuentes Fidedignas\",\"url\":\"https:\\\/\\\/fuentesfidedignas.com.mx\\\/\",\"logo\":{\"@type\":\"ImageObject\",\"inLanguage\":\"es\",\"@id\":\"https:\\\/\\\/fuentesfidedignas.com.mx\\\/#\\\/schema\\\/logo\\\/image\\\/\",\"url\":\"https:\\\/\\\/fuentesfidedignas.com.mx\\\/wp-content\\\/uploads\\\/2021\\\/04\\\/logo-retina.png\",\"contentUrl\":\"https:\\\/\\\/fuentesfidedignas.com.mx\\\/wp-content\\\/uploads\\\/2021\\\/04\\\/logo-retina.png\",\"width\":280,\"height\":51,\"caption\":\"Fuentes Fidedignas\"},\"image\":{\"@id\":\"https:\\\/\\\/fuentesfidedignas.com.mx\\\/#\\\/schema\\\/logo\\\/image\\\/\"},\"sameAs\":[\"https:\\\/\\\/www.facebook.com\\\/Fuentes-Fidedignas-368234489921644\",\"https:\\\/\\\/x.com\\\/fidedignas\"]},{\"@type\":\"Person\",\"@id\":\"https:\\\/\\\/fuentesfidedignas.com.mx\\\/#\\\/schema\\\/person\\\/47ec0135738f4b0c7495f06a77a2c976\",\"name\":\"Milenio\",\"image\":{\"@type\":\"ImageObject\",\"inLanguage\":\"es\",\"@id\":\"https:\\\/\\\/secure.gravatar.com\\\/avatar\\\/acabf7b54753e51c2c76457954577c236b3b764789b19879565769739d1e4a75?s=96&d=mm&r=g\",\"url\":\"https:\\\/\\\/secure.gravatar.com\\\/avatar\\\/acabf7b54753e51c2c76457954577c236b3b764789b19879565769739d1e4a75?s=96&d=mm&r=g\",\"contentUrl\":\"https:\\\/\\\/secure.gravatar.com\\\/avatar\\\/acabf7b54753e51c2c76457954577c236b3b764789b19879565769739d1e4a75?s=96&d=mm&r=g\",\"caption\":\"Milenio\"},\"url\":\"https:\\\/\\\/fuentesfidedignas.com.mx\\\/index.php\\\/author\\\/milenio\\\/\"}]}<\/script>\n<!-- \/ Yoast SEO plugin. -->","yoast_head_json":{"title":"Aseguran un veh\u00edculo, droga, cartuchos y equipo t\u00e1ctico tras agresi\u00f3n en El Fuerte - Fuentes Fidedignas","robots":{"index":"index","follow":"follow","max-snippet":"max-snippet:-1","max-image-preview":"max-image-preview:large","max-video-preview":"max-video-preview:-1"},"canonical":"https:\/\/fuentesfidedignas.com.mx\/index.php\/2025\/04\/27\/aseguran-un-vehiculo-droga-cartuchos-y-equipo-tactico-tras-agresion-en-el-fuerte\/","og_locale":"es_MX","og_type":"article","og_title":"Aseguran un veh\u00edculo, droga, cartuchos y equipo t\u00e1ctico tras agresi\u00f3n en El Fuerte - Fuentes Fidedignas","og_description":"En el enfrentamiento agredieron a elementos del Ej\u00e9rcito, Guardia Nacional, de Seguridad Ciudadana y Marina. Un enfrentamiento entre civiles armados y elementos del Ej\u00e9rcito mexicano,&nbsp;registrado durante un recorrido de reconocimiento en el poblado San L\u00e1zaro, en el municipio de El Fuerte, deriv\u00f3 en el aseguramiento de un veh\u00edculo, cargadores, cartuchos, presunta droga y equipo t\u00e1ctico. [&hellip;]","og_url":"https:\/\/fuentesfidedignas.com.mx\/index.php\/2025\/04\/27\/aseguran-un-vehiculo-droga-cartuchos-y-equipo-tactico-tras-agresion-en-el-fuerte\/","og_site_name":"Fuentes Fidedignas","article_publisher":"https:\/\/www.facebook.com\/Fuentes-Fidedignas-368234489921644","article_published_time":"2025-04-27T16:00:20+00:00","article_modified_time":"2025-04-27T16:00:24+00:00","og_image":[{"width":865,"height":490,"url":"https:\/\/fuentesfidedignas.com.mx\/wp-content\/uploads\/2025\/04\/asegurado_elfuerte.jpg","type":"image\/jpeg"}],"author":"Milenio","twitter_card":"summary_large_image","twitter_creator":"@fidedignas","twitter_site":"@fidedignas","twitter_misc":{"Escrito por":"Milenio","Tiempo de lectura":"2 minutos"},"schema":{"@context":"https:\/\/schema.org","@graph":[{"@type":"Article","@id":"https:\/\/fuentesfidedignas.com.mx\/index.php\/2025\/04\/27\/aseguran-un-vehiculo-droga-cartuchos-y-equipo-tactico-tras-agresion-en-el-fuerte\/#article","isPartOf":{"@id":"https:\/\/fuentesfidedignas.com.mx\/index.php\/2025\/04\/27\/aseguran-un-vehiculo-droga-cartuchos-y-equipo-tactico-tras-agresion-en-el-fuerte\/"},"author":{"name":"Milenio","@id":"https:\/\/fuentesfidedignas.com.mx\/#\/schema\/person\/47ec0135738f4b0c7495f06a77a2c976"},"headline":"Aseguran un veh\u00edculo, droga, cartuchos y equipo t\u00e1ctico tras agresi\u00f3n en El Fuerte","datePublished":"2025-04-27T16:00:20+00:00","dateModified":"2025-04-27T16:00:24+00:00","mainEntityOfPage":{"@id":"https:\/\/fuentesfidedignas.com.mx\/index.php\/2025\/04\/27\/aseguran-un-vehiculo-droga-cartuchos-y-equipo-tactico-tras-agresion-en-el-fuerte\/"},"wordCount":273,"commentCount":0,"publisher":{"@id":"https:\/\/fuentesfidedignas.com.mx\/#organization"},"image":{"@id":"https:\/\/fuentesfidedignas.com.mx\/index.php\/2025\/04\/27\/aseguran-un-vehiculo-droga-cartuchos-y-equipo-tactico-tras-agresion-en-el-fuerte\/#primaryimage"},"thumbnailUrl":"https:\/\/fuentesfidedignas.com.mx\/wp-content\/uploads\/2025\/04\/asegurado_elfuerte.jpg","articleSection":["NOTA PRINCIPAL"],"inLanguage":"es","potentialAction":[{"@type":"CommentAction","name":"Comment","target":["https:\/\/fuentesfidedignas.com.mx\/index.php\/2025\/04\/27\/aseguran-un-vehiculo-droga-cartuchos-y-equipo-tactico-tras-agresion-en-el-fuerte\/#respond"]}]},{"@type":"WebPage","@id":"https:\/\/fuentesfidedignas.com.mx\/index.php\/2025\/04\/27\/aseguran-un-vehiculo-droga-cartuchos-y-equipo-tactico-tras-agresion-en-el-fuerte\/","url":"https:\/\/fuentesfidedignas.com.mx\/index.php\/2025\/04\/27\/aseguran-un-vehiculo-droga-cartuchos-y-equipo-tactico-tras-agresion-en-el-fuerte\/","name":"Aseguran un veh\u00edculo, droga, cartuchos y equipo t\u00e1ctico tras agresi\u00f3n en El Fuerte - Fuentes Fidedignas","isPartOf":{"@id":"https:\/\/fuentesfidedignas.com.mx\/#website"},"primaryImageOfPage":{"@id":"https:\/\/fuentesfidedignas.com.mx\/index.php\/2025\/04\/27\/aseguran-un-vehiculo-droga-cartuchos-y-equipo-tactico-tras-agresion-en-el-fuerte\/#primaryimage"},"image":{"@id":"https:\/\/fuentesfidedignas.com.mx\/index.php\/2025\/04\/27\/aseguran-un-vehiculo-droga-cartuchos-y-equipo-tactico-tras-agresion-en-el-fuerte\/#primaryimage"},"thumbnailUrl":"https:\/\/fuentesfidedignas.com.mx\/wp-content\/uploads\/2025\/04\/asegurado_elfuerte.jpg","datePublished":"2025-04-27T16:00:20+00:00","dateModified":"2025-04-27T16:00:24+00:00","breadcrumb":{"@id":"https:\/\/fuentesfidedignas.com.mx\/index.php\/2025\/04\/27\/aseguran-un-vehiculo-droga-cartuchos-y-equipo-tactico-tras-agresion-en-el-fuerte\/#breadcrumb"},"inLanguage":"es","potentialAction":[{"@type":"ReadAction","target":["https:\/\/fuentesfidedignas.com.mx\/index.php\/2025\/04\/27\/aseguran-un-vehiculo-droga-cartuchos-y-equipo-tactico-tras-agresion-en-el-fuerte\/"]}]},{"@type":"ImageObject","inLanguage":"es","@id":"https:\/\/fuentesfidedignas.com.mx\/index.php\/2025\/04\/27\/aseguran-un-vehiculo-droga-cartuchos-y-equipo-tactico-tras-agresion-en-el-fuerte\/#primaryimage","url":"https:\/\/fuentesfidedignas.com.mx\/wp-content\/uploads\/2025\/04\/asegurado_elfuerte.jpg","contentUrl":"https:\/\/fuentesfidedignas.com.mx\/wp-content\/uploads\/2025\/04\/asegurado_elfuerte.jpg","width":865,"height":490},{"@type":"BreadcrumbList","@id":"https:\/\/fuentesfidedignas.com.mx\/index.php\/2025\/04\/27\/aseguran-un-vehiculo-droga-cartuchos-y-equipo-tactico-tras-agresion-en-el-fuerte\/#breadcrumb","itemListElement":[{"@type":"ListItem","position":1,"name":"Inicio","item":"https:\/\/fuentesfidedignas.com.mx\/"},{"@type":"ListItem","position":2,"name":"Aseguran un veh\u00edculo, droga, cartuchos y equipo t\u00e1ctico tras agresi\u00f3n en El Fuerte"}]},{"@type":"WebSite","@id":"https:\/\/fuentesfidedignas.com.mx\/#website","url":"https:\/\/fuentesfidedignas.com.mx\/","name":"Fuentes Fidedignas","description":"Otro sitio realizado con WordPress","publisher":{"@id":"https:\/\/fuentesfidedignas.com.mx\/#organization"},"potentialAction":[{"@type":"SearchAction","target":{"@type":"EntryPoint","urlTemplate":"https:\/\/fuentesfidedignas.com.mx\/?s={search_term_string}"},"query-input":{"@type":"PropertyValueSpecification","valueRequired":true,"valueName":"search_term_string"}}],"inLanguage":"es"},{"@type":"Organization","@id":"https:\/\/fuentesfidedignas.com.mx\/#organization","name":"Fuentes Fidedignas","url":"https:\/\/fuentesfidedignas.com.mx\/","logo":{"@type":"ImageObject","inLanguage":"es","@id":"https:\/\/fuentesfidedignas.com.mx\/#\/schema\/logo\/image\/","url":"https:\/\/fuentesfidedignas.com.mx\/wp-content\/uploads\/2021\/04\/logo-retina.png","contentUrl":"https:\/\/fuentesfidedignas.com.mx\/wp-content\/uploads\/2021\/04\/logo-retina.png","width":280,"height":51,"caption":"Fuentes Fidedignas"},"image":{"@id":"https:\/\/fuentesfidedignas.com.mx\/#\/schema\/logo\/image\/"},"sameAs":["https:\/\/www.facebook.com\/Fuentes-Fidedignas-368234489921644","https:\/\/x.com\/fidedignas"]},{"@type":"Person","@id":"https:\/\/fuentesfidedignas.com.mx\/#\/schema\/person\/47ec0135738f4b0c7495f06a77a2c976","name":"Milenio","image":{"@type":"ImageObject","inLanguage":"es","@id":"https:\/\/secure.gravatar.com\/avatar\/acabf7b54753e51c2c76457954577c236b3b764789b19879565769739d1e4a75?s=96&d=mm&r=g","url":"https:\/\/secure.gravatar.com\/avatar\/acabf7b54753e51c2c76457954577c236b3b764789b19879565769739d1e4a75?s=96&d=mm&r=g","contentUrl":"https:\/\/secure.gravatar.com\/avatar\/acabf7b54753e51c2c76457954577c236b3b764789b19879565769739d1e4a75?s=96&d=mm&r=g","caption":"Milenio"},"url":"https:\/\/fuentesfidedignas.com.mx\/index.php\/author\/milenio\/"}]}},"_links":{"self":[{"href":"https:\/\/fuentesfidedignas.com.mx\/index.php\/wp-json\/wp\/v2\/posts\/107104","targetHints":{"allow":["GET"]}}],"collection":[{"href":"https:\/\/fuentesfidedignas.com.mx\/index.php\/wp-json\/wp\/v2\/posts"}],"about":[{"href":"https:\/\/fuentesfidedignas.com.mx\/index.php\/wp-json\/wp\/v2\/types\/post"}],"author":[{"embeddable":true,"href":"https:\/\/fuentesfidedignas.com.mx\/index.php\/wp-json\/wp\/v2\/users\/9"}],"replies":[{"embeddable":true,"href":"https:\/\/fuentesfidedignas.com.mx\/index.php\/wp-json\/wp\/v2\/comments?post=107104"}],"version-history":[{"count":1,"href":"https:\/\/fuentesfidedignas.com.mx\/index.php\/wp-json\/wp\/v2\/posts\/107104\/revisions"}],"predecessor-version":[{"id":107107,"href":"https:\/\/fuentesfidedignas.com.mx\/index.php\/wp-json\/wp\/v2\/posts\/107104\/revisions\/107107"}],"wp:featuredmedia":[{"embeddable":true,"href":"https:\/\/fuentesfidedignas.com.mx\/index.php\/wp-json\/wp\/v2\/media\/107106"}],"wp:attachment":[{"href":"https:\/\/fuentesfidedignas.com.mx\/index.php\/wp-json\/wp\/v2\/media?parent=107104"}],"wp:term":[{"taxonomy":"category","embeddable":true,"href":"https:\/\/fuentesfidedignas.com.mx\/index.php\/wp-json\/wp\/v2\/categories?post=107104"},{"taxonomy":"post_tag","embeddable":true,"href":"https:\/\/fuentesfidedignas.com.mx\/index.php\/wp-json\/wp\/v2\/tags?post=107104"}],"curies":[{"name":"wp","href":"https:\/\/api.w.org\/{rel}","templated":true}]}}