{"id":107039,"date":"2025-04-26T05:11:00","date_gmt":"2025-04-26T12:11:00","guid":{"rendered":"https:\/\/fuentesfidedignas.com.mx\/?p=107039"},"modified":"2025-04-25T21:15:54","modified_gmt":"2025-04-26T04:15:54","slug":"capturan-la-imagen-mas-impresionante-del-sol-asi-luce-su-superficie-a-5-mil-500-c","status":"publish","type":"post","link":"https:\/\/fuentesfidedignas.com.mx\/index.php\/2025\/04\/26\/capturan-la-imagen-mas-impresionante-del-sol-asi-luce-su-superficie-a-5-mil-500-c\/","title":{"rendered":"Capturan la imagen m\u00e1s impresionante del Sol; as\u00ed luce su superficie a 5 mil 500 \u00b0C"},"content":{"rendered":"\n<p><strong><em>Especialistas han captado la imagen m\u00e1s detallada del Sol jam\u00e1s registrada por la humanidad, una fotograf\u00eda que ofrece una visi\u00f3n sin precedentes de esta gigantesca bola de plasma ardiente.<\/em><\/strong><\/p>\n\n\n\n<p>A lo largo de los a\u00f1os, los avances cient\u00edficos nos han permitido conocer cada vez m\u00e1s sobre el Sol: su tama\u00f1o colosal, su energ\u00eda desbordante e incluso c\u00f3mo su actividad puede impactar la vida aqu\u00ed en la Tierra. Gracias a la tecnolog\u00eda, las im\u00e1genes del astro rey son cada vez m\u00e1s frecuentes y detalladas, pero ahora, un grupo de cient\u00edficos ha logrado algo verdaderamente asombroso.<\/p>\n\n\n\n<p><strong>Una nueva mirada al coraz\u00f3n del sistema solar<\/strong><br>Especialistas han captado la imagen m\u00e1s detallada del Sol jam\u00e1s registrada por la humanidad, una fotograf\u00eda que ofrece una visi\u00f3n sin precedentes de esta gigantesca bola de plasma ardiente cuya superficie alcanza los 5,500 \u00b0C, adem\u00e1s de revelar la complejidad de su energ\u00eda magn\u00e9tica.<\/p>\n\n\n\n<p>La sorprendente imagen fue obtenida por el telescopio solar m\u00e1s poderoso del mundo, capaz de tomar instant\u00e1neas en 2D del Sol en distintos rangos de longitudes de onda. Utilizando tres c\u00e1maras sincronizadas que capturan cientos de im\u00e1genes en segundos, cada una con diferentes configuraciones, como si se usaran distintos filtros fotogr\u00e1ficos, los cient\u00edficos lograron construir una visi\u00f3n tridimensional de las estructuras solares.<\/p>\n\n\n\n<blockquote class=\"twitter-tweet\"><p lang=\"en\" dir=\"ltr\">Largest imaging spectro-polarimeter achieves first light at solar telescope.<br><br>The U.S. National Science Foundation Daniel K. Inouye Solar Telescope, the world&#39;s most powerful solar telescope, operated by the NSF National Solar Observatory (NSO) near the summit of Maui&#39;s\u2026 <a href=\"https:\/\/t.co\/UiKC7C6Csf\">pic.twitter.com\/UiKC7C6Csf<\/a><\/p>&mdash; RPG The Random Post Generator (@JimmyMcSqueezle) <a href=\"https:\/\/twitter.com\/JimmyMcSqueezle\/status\/1915404152613605507?ref_src=twsrc%5Etfw\">April 24, 2025<\/a><\/blockquote> <script async src=\"https:\/\/platform.twitter.com\/widgets.js\" charset=\"utf-8\"><\/script>\n\n\n\n<p><strong>\u00bfQu\u00e9 muestra esta imagen?<\/strong><\/p>\n\n\n\n<p>La fotograf\u00eda reci\u00e9n publicada revela un c\u00famulo de manchas solares de aproximadamente 25,000 x 25,000 kil\u00f3metros. Estas zonas oscuras, donde la actividad magn\u00e9tica es particularmente intensa, son las responsables de fen\u00f3menos como las erupciones solares y las eyecciones de masa coronal, eventos que pueden generar espect\u00e1culos de auroras boreales en la Tierra, pero tambi\u00e9n causar estragos en sistemas de comunicaci\u00f3n y redes el\u00e9ctricas.<\/p>\n\n\n\n<p>Lo m\u00e1s impresionante es la resoluci\u00f3n lograda: 10 kil\u00f3metros por p\u00edxel, una definici\u00f3n que permite observar con un nivel de detalle sin precedentes.<\/p>\n\n\n\n<p>El telescopio responsable de esta haza\u00f1a es el Daniel K. Inouye, ubicado en el Observatorio Solar Nacional (NSO), cerca de la cima del volc\u00e1n Haleakal\u0101, en Maui, Haw\u00e1i. Desde su instalaci\u00f3n en 2022, este coloso tecnol\u00f3gico de 5.6 toneladas, con dimensiones similares a un peque\u00f1o garaje, se ha convertido en una herramienta clave para entender el comportamiento del Sol.<\/p>\n\n\n\n<p>\u201cVer esos primeros escaneos espectrales fue un momento surrealista\u2026 Esto es algo que ning\u00fan otro instrumento del telescopio puede lograr de la misma manera\u201d, coment\u00f3 emocionada la Dra. Stacey Sueoka, ingeniera \u00f3ptica del observatorio.<\/p>\n\n\n\n<p>El Sol lanza peri\u00f3dicamente potentes erupciones que disparan part\u00edculas y radiaci\u00f3n al espacio. Aunque muchas veces estos fen\u00f3menos provocan auroras boreales de ensue\u00f1o, tambi\u00e9n pueden afectar gravemente sat\u00e9lites, redes el\u00e9ctricas y sistemas de comunicaci\u00f3n.<\/p>\n\n\n\n<p>Con este nuevo instrumento, los cient\u00edficos pueden analizar detalles clave como la velocidad del flujo de plasma, la intensidad del campo magn\u00e9tico, la presi\u00f3n y la temperatura solar, elementos esenciales para predecir el clima espacial y mitigar sus efectos en nuestro planeta.<\/p>\n","protected":false},"excerpt":{"rendered":"<p>Especialistas han captado la imagen m\u00e1s detallada del Sol jam\u00e1s registrada por la humanidad, una fotograf\u00eda que ofrece una visi\u00f3n sin precedentes de esta gigantesca bola de plasma ardiente. A lo largo de los a\u00f1os, los avances cient\u00edficos nos han permitido conocer cada vez m\u00e1s sobre el Sol: su tama\u00f1o colosal, su energ\u00eda desbordante e [&hellip;]<\/p>\n","protected":false},"author":7,"featured_media":107040,"comment_status":"open","ping_status":"open","sticky":false,"template":"","format":"standard","meta":{"tdm_status":"","tdm_grid_status":"","footnotes":""},"categories":[40],"tags":[],"class_list":{"0":"post-107039","1":"post","2":"type-post","3":"status-publish","4":"format-standard","5":"has-post-thumbnail","7":"category-las-asombrosas"},"yoast_head":"<!-- This site is optimized with the Yoast SEO plugin v27.5 - https:\/\/yoast.com\/product\/yoast-seo-wordpress\/ -->\n<title>Capturan la imagen m\u00e1s impresionante del Sol; as\u00ed luce su superficie a 5 mil 500 \u00b0C - Fuentes Fidedignas<\/title>\n<meta name=\"robots\" content=\"index, follow, max-snippet:-1, max-image-preview:large, max-video-preview:-1\" \/>\n<link rel=\"canonical\" href=\"https:\/\/fuentesfidedignas.com.mx\/index.php\/2025\/04\/26\/capturan-la-imagen-mas-impresionante-del-sol-asi-luce-su-superficie-a-5-mil-500-c\/\" \/>\n<meta property=\"og:locale\" content=\"es_MX\" \/>\n<meta property=\"og:type\" content=\"article\" \/>\n<meta property=\"og:title\" content=\"Capturan la imagen m\u00e1s impresionante del Sol; as\u00ed luce su superficie a 5 mil 500 \u00b0C - Fuentes Fidedignas\" \/>\n<meta property=\"og:description\" content=\"Especialistas han captado la imagen m\u00e1s detallada del Sol jam\u00e1s registrada por la humanidad, una fotograf\u00eda que ofrece una visi\u00f3n sin precedentes de esta gigantesca bola de plasma ardiente. A lo largo de los a\u00f1os, los avances cient\u00edficos nos han permitido conocer cada vez m\u00e1s sobre el Sol: su tama\u00f1o colosal, su energ\u00eda desbordante e [&hellip;]\" \/>\n<meta property=\"og:url\" content=\"https:\/\/fuentesfidedignas.com.mx\/index.php\/2025\/04\/26\/capturan-la-imagen-mas-impresionante-del-sol-asi-luce-su-superficie-a-5-mil-500-c\/\" \/>\n<meta property=\"og:site_name\" content=\"Fuentes Fidedignas\" \/>\n<meta property=\"article:publisher\" content=\"https:\/\/www.facebook.com\/Fuentes-Fidedignas-368234489921644\" \/>\n<meta property=\"article:published_time\" content=\"2025-04-26T12:11:00+00:00\" \/>\n<meta property=\"og:image\" content=\"https:\/\/fuentesfidedignas.com.mx\/wp-content\/uploads\/2025\/04\/foto_sol.jpg\" \/>\n\t<meta property=\"og:image:width\" content=\"600\" \/>\n\t<meta property=\"og:image:height\" content=\"450\" \/>\n\t<meta property=\"og:image:type\" content=\"image\/jpeg\" \/>\n<meta name=\"author\" content=\"Exc\u00e9lsior\" \/>\n<meta name=\"twitter:card\" content=\"summary_large_image\" \/>\n<meta name=\"twitter:creator\" content=\"@fidedignas\" \/>\n<meta name=\"twitter:site\" content=\"@fidedignas\" \/>\n<meta name=\"twitter:label1\" content=\"Escrito por\" \/>\n\t<meta name=\"twitter:data1\" content=\"Exc\u00e9lsior\" \/>\n\t<meta name=\"twitter:label2\" content=\"Tiempo de lectura\" \/>\n\t<meta name=\"twitter:data2\" content=\"3 minutos\" \/>\n<script type=\"application\/ld+json\" class=\"yoast-schema-graph\">{\"@context\":\"https:\\\/\\\/schema.org\",\"@graph\":[{\"@type\":\"Article\",\"@id\":\"https:\\\/\\\/fuentesfidedignas.com.mx\\\/index.php\\\/2025\\\/04\\\/26\\\/capturan-la-imagen-mas-impresionante-del-sol-asi-luce-su-superficie-a-5-mil-500-c\\\/#article\",\"isPartOf\":{\"@id\":\"https:\\\/\\\/fuentesfidedignas.com.mx\\\/index.php\\\/2025\\\/04\\\/26\\\/capturan-la-imagen-mas-impresionante-del-sol-asi-luce-su-superficie-a-5-mil-500-c\\\/\"},\"author\":{\"name\":\"Exc\u00e9lsior\",\"@id\":\"https:\\\/\\\/fuentesfidedignas.com.mx\\\/#\\\/schema\\\/person\\\/ec4edd1fbf5efa3e44fce34fe2787780\"},\"headline\":\"Capturan la imagen m\u00e1s impresionante del Sol; as\u00ed luce su superficie a 5 mil 500 \u00b0C\",\"datePublished\":\"2025-04-26T12:11:00+00:00\",\"mainEntityOfPage\":{\"@id\":\"https:\\\/\\\/fuentesfidedignas.com.mx\\\/index.php\\\/2025\\\/04\\\/26\\\/capturan-la-imagen-mas-impresionante-del-sol-asi-luce-su-superficie-a-5-mil-500-c\\\/\"},\"wordCount\":594,\"commentCount\":0,\"publisher\":{\"@id\":\"https:\\\/\\\/fuentesfidedignas.com.mx\\\/#organization\"},\"image\":{\"@id\":\"https:\\\/\\\/fuentesfidedignas.com.mx\\\/index.php\\\/2025\\\/04\\\/26\\\/capturan-la-imagen-mas-impresionante-del-sol-asi-luce-su-superficie-a-5-mil-500-c\\\/#primaryimage\"},\"thumbnailUrl\":\"https:\\\/\\\/fuentesfidedignas.com.mx\\\/wp-content\\\/uploads\\\/2025\\\/04\\\/foto_sol.jpg\",\"articleSection\":[\"LAS ASOMBROSAS\"],\"inLanguage\":\"es\",\"potentialAction\":[{\"@type\":\"CommentAction\",\"name\":\"Comment\",\"target\":[\"https:\\\/\\\/fuentesfidedignas.com.mx\\\/index.php\\\/2025\\\/04\\\/26\\\/capturan-la-imagen-mas-impresionante-del-sol-asi-luce-su-superficie-a-5-mil-500-c\\\/#respond\"]}]},{\"@type\":\"WebPage\",\"@id\":\"https:\\\/\\\/fuentesfidedignas.com.mx\\\/index.php\\\/2025\\\/04\\\/26\\\/capturan-la-imagen-mas-impresionante-del-sol-asi-luce-su-superficie-a-5-mil-500-c\\\/\",\"url\":\"https:\\\/\\\/fuentesfidedignas.com.mx\\\/index.php\\\/2025\\\/04\\\/26\\\/capturan-la-imagen-mas-impresionante-del-sol-asi-luce-su-superficie-a-5-mil-500-c\\\/\",\"name\":\"Capturan la imagen m\u00e1s impresionante del Sol; as\u00ed luce su superficie a 5 mil 500 \u00b0C - Fuentes Fidedignas\",\"isPartOf\":{\"@id\":\"https:\\\/\\\/fuentesfidedignas.com.mx\\\/#website\"},\"primaryImageOfPage\":{\"@id\":\"https:\\\/\\\/fuentesfidedignas.com.mx\\\/index.php\\\/2025\\\/04\\\/26\\\/capturan-la-imagen-mas-impresionante-del-sol-asi-luce-su-superficie-a-5-mil-500-c\\\/#primaryimage\"},\"image\":{\"@id\":\"https:\\\/\\\/fuentesfidedignas.com.mx\\\/index.php\\\/2025\\\/04\\\/26\\\/capturan-la-imagen-mas-impresionante-del-sol-asi-luce-su-superficie-a-5-mil-500-c\\\/#primaryimage\"},\"thumbnailUrl\":\"https:\\\/\\\/fuentesfidedignas.com.mx\\\/wp-content\\\/uploads\\\/2025\\\/04\\\/foto_sol.jpg\",\"datePublished\":\"2025-04-26T12:11:00+00:00\",\"breadcrumb\":{\"@id\":\"https:\\\/\\\/fuentesfidedignas.com.mx\\\/index.php\\\/2025\\\/04\\\/26\\\/capturan-la-imagen-mas-impresionante-del-sol-asi-luce-su-superficie-a-5-mil-500-c\\\/#breadcrumb\"},\"inLanguage\":\"es\",\"potentialAction\":[{\"@type\":\"ReadAction\",\"target\":[\"https:\\\/\\\/fuentesfidedignas.com.mx\\\/index.php\\\/2025\\\/04\\\/26\\\/capturan-la-imagen-mas-impresionante-del-sol-asi-luce-su-superficie-a-5-mil-500-c\\\/\"]}]},{\"@type\":\"ImageObject\",\"inLanguage\":\"es\",\"@id\":\"https:\\\/\\\/fuentesfidedignas.com.mx\\\/index.php\\\/2025\\\/04\\\/26\\\/capturan-la-imagen-mas-impresionante-del-sol-asi-luce-su-superficie-a-5-mil-500-c\\\/#primaryimage\",\"url\":\"https:\\\/\\\/fuentesfidedignas.com.mx\\\/wp-content\\\/uploads\\\/2025\\\/04\\\/foto_sol.jpg\",\"contentUrl\":\"https:\\\/\\\/fuentesfidedignas.com.mx\\\/wp-content\\\/uploads\\\/2025\\\/04\\\/foto_sol.jpg\",\"width\":600,\"height\":450},{\"@type\":\"BreadcrumbList\",\"@id\":\"https:\\\/\\\/fuentesfidedignas.com.mx\\\/index.php\\\/2025\\\/04\\\/26\\\/capturan-la-imagen-mas-impresionante-del-sol-asi-luce-su-superficie-a-5-mil-500-c\\\/#breadcrumb\",\"itemListElement\":[{\"@type\":\"ListItem\",\"position\":1,\"name\":\"Inicio\",\"item\":\"https:\\\/\\\/fuentesfidedignas.com.mx\\\/\"},{\"@type\":\"ListItem\",\"position\":2,\"name\":\"Capturan la imagen m\u00e1s impresionante del Sol; as\u00ed luce su superficie a 5 mil 500 \u00b0C\"}]},{\"@type\":\"WebSite\",\"@id\":\"https:\\\/\\\/fuentesfidedignas.com.mx\\\/#website\",\"url\":\"https:\\\/\\\/fuentesfidedignas.com.mx\\\/\",\"name\":\"Fuentes Fidedignas\",\"description\":\"Otro sitio realizado con WordPress\",\"publisher\":{\"@id\":\"https:\\\/\\\/fuentesfidedignas.com.mx\\\/#organization\"},\"potentialAction\":[{\"@type\":\"SearchAction\",\"target\":{\"@type\":\"EntryPoint\",\"urlTemplate\":\"https:\\\/\\\/fuentesfidedignas.com.mx\\\/?s={search_term_string}\"},\"query-input\":{\"@type\":\"PropertyValueSpecification\",\"valueRequired\":true,\"valueName\":\"search_term_string\"}}],\"inLanguage\":\"es\"},{\"@type\":\"Organization\",\"@id\":\"https:\\\/\\\/fuentesfidedignas.com.mx\\\/#organization\",\"name\":\"Fuentes Fidedignas\",\"url\":\"https:\\\/\\\/fuentesfidedignas.com.mx\\\/\",\"logo\":{\"@type\":\"ImageObject\",\"inLanguage\":\"es\",\"@id\":\"https:\\\/\\\/fuentesfidedignas.com.mx\\\/#\\\/schema\\\/logo\\\/image\\\/\",\"url\":\"https:\\\/\\\/fuentesfidedignas.com.mx\\\/wp-content\\\/uploads\\\/2021\\\/04\\\/logo-retina.png\",\"contentUrl\":\"https:\\\/\\\/fuentesfidedignas.com.mx\\\/wp-content\\\/uploads\\\/2021\\\/04\\\/logo-retina.png\",\"width\":280,\"height\":51,\"caption\":\"Fuentes Fidedignas\"},\"image\":{\"@id\":\"https:\\\/\\\/fuentesfidedignas.com.mx\\\/#\\\/schema\\\/logo\\\/image\\\/\"},\"sameAs\":[\"https:\\\/\\\/www.facebook.com\\\/Fuentes-Fidedignas-368234489921644\",\"https:\\\/\\\/x.com\\\/fidedignas\"]},{\"@type\":\"Person\",\"@id\":\"https:\\\/\\\/fuentesfidedignas.com.mx\\\/#\\\/schema\\\/person\\\/ec4edd1fbf5efa3e44fce34fe2787780\",\"name\":\"Exc\u00e9lsior\",\"image\":{\"@type\":\"ImageObject\",\"inLanguage\":\"es\",\"@id\":\"https:\\\/\\\/secure.gravatar.com\\\/avatar\\\/4b7ee9206b48be08447852b3f0814dbc7c0f3b51541b164f1464a2725614020b?s=96&d=mm&r=g\",\"url\":\"https:\\\/\\\/secure.gravatar.com\\\/avatar\\\/4b7ee9206b48be08447852b3f0814dbc7c0f3b51541b164f1464a2725614020b?s=96&d=mm&r=g\",\"contentUrl\":\"https:\\\/\\\/secure.gravatar.com\\\/avatar\\\/4b7ee9206b48be08447852b3f0814dbc7c0f3b51541b164f1464a2725614020b?s=96&d=mm&r=g\",\"caption\":\"Exc\u00e9lsior\"},\"url\":\"https:\\\/\\\/fuentesfidedignas.com.mx\\\/index.php\\\/author\\\/excelsior\\\/\"}]}<\/script>\n<!-- \/ Yoast SEO plugin. -->","yoast_head_json":{"title":"Capturan la imagen m\u00e1s impresionante del Sol; as\u00ed luce su superficie a 5 mil 500 \u00b0C - Fuentes Fidedignas","robots":{"index":"index","follow":"follow","max-snippet":"max-snippet:-1","max-image-preview":"max-image-preview:large","max-video-preview":"max-video-preview:-1"},"canonical":"https:\/\/fuentesfidedignas.com.mx\/index.php\/2025\/04\/26\/capturan-la-imagen-mas-impresionante-del-sol-asi-luce-su-superficie-a-5-mil-500-c\/","og_locale":"es_MX","og_type":"article","og_title":"Capturan la imagen m\u00e1s impresionante del Sol; as\u00ed luce su superficie a 5 mil 500 \u00b0C - Fuentes Fidedignas","og_description":"Especialistas han captado la imagen m\u00e1s detallada del Sol jam\u00e1s registrada por la humanidad, una fotograf\u00eda que ofrece una visi\u00f3n sin precedentes de esta gigantesca bola de plasma ardiente. A lo largo de los a\u00f1os, los avances cient\u00edficos nos han permitido conocer cada vez m\u00e1s sobre el Sol: su tama\u00f1o colosal, su energ\u00eda desbordante e [&hellip;]","og_url":"https:\/\/fuentesfidedignas.com.mx\/index.php\/2025\/04\/26\/capturan-la-imagen-mas-impresionante-del-sol-asi-luce-su-superficie-a-5-mil-500-c\/","og_site_name":"Fuentes Fidedignas","article_publisher":"https:\/\/www.facebook.com\/Fuentes-Fidedignas-368234489921644","article_published_time":"2025-04-26T12:11:00+00:00","og_image":[{"width":600,"height":450,"url":"https:\/\/fuentesfidedignas.com.mx\/wp-content\/uploads\/2025\/04\/foto_sol.jpg","type":"image\/jpeg"}],"author":"Exc\u00e9lsior","twitter_card":"summary_large_image","twitter_creator":"@fidedignas","twitter_site":"@fidedignas","twitter_misc":{"Escrito por":"Exc\u00e9lsior","Tiempo de lectura":"3 minutos"},"schema":{"@context":"https:\/\/schema.org","@graph":[{"@type":"Article","@id":"https:\/\/fuentesfidedignas.com.mx\/index.php\/2025\/04\/26\/capturan-la-imagen-mas-impresionante-del-sol-asi-luce-su-superficie-a-5-mil-500-c\/#article","isPartOf":{"@id":"https:\/\/fuentesfidedignas.com.mx\/index.php\/2025\/04\/26\/capturan-la-imagen-mas-impresionante-del-sol-asi-luce-su-superficie-a-5-mil-500-c\/"},"author":{"name":"Exc\u00e9lsior","@id":"https:\/\/fuentesfidedignas.com.mx\/#\/schema\/person\/ec4edd1fbf5efa3e44fce34fe2787780"},"headline":"Capturan la imagen m\u00e1s impresionante del Sol; as\u00ed luce su superficie a 5 mil 500 \u00b0C","datePublished":"2025-04-26T12:11:00+00:00","mainEntityOfPage":{"@id":"https:\/\/fuentesfidedignas.com.mx\/index.php\/2025\/04\/26\/capturan-la-imagen-mas-impresionante-del-sol-asi-luce-su-superficie-a-5-mil-500-c\/"},"wordCount":594,"commentCount":0,"publisher":{"@id":"https:\/\/fuentesfidedignas.com.mx\/#organization"},"image":{"@id":"https:\/\/fuentesfidedignas.com.mx\/index.php\/2025\/04\/26\/capturan-la-imagen-mas-impresionante-del-sol-asi-luce-su-superficie-a-5-mil-500-c\/#primaryimage"},"thumbnailUrl":"https:\/\/fuentesfidedignas.com.mx\/wp-content\/uploads\/2025\/04\/foto_sol.jpg","articleSection":["LAS ASOMBROSAS"],"inLanguage":"es","potentialAction":[{"@type":"CommentAction","name":"Comment","target":["https:\/\/fuentesfidedignas.com.mx\/index.php\/2025\/04\/26\/capturan-la-imagen-mas-impresionante-del-sol-asi-luce-su-superficie-a-5-mil-500-c\/#respond"]}]},{"@type":"WebPage","@id":"https:\/\/fuentesfidedignas.com.mx\/index.php\/2025\/04\/26\/capturan-la-imagen-mas-impresionante-del-sol-asi-luce-su-superficie-a-5-mil-500-c\/","url":"https:\/\/fuentesfidedignas.com.mx\/index.php\/2025\/04\/26\/capturan-la-imagen-mas-impresionante-del-sol-asi-luce-su-superficie-a-5-mil-500-c\/","name":"Capturan la imagen m\u00e1s impresionante del Sol; as\u00ed luce su superficie a 5 mil 500 \u00b0C - Fuentes Fidedignas","isPartOf":{"@id":"https:\/\/fuentesfidedignas.com.mx\/#website"},"primaryImageOfPage":{"@id":"https:\/\/fuentesfidedignas.com.mx\/index.php\/2025\/04\/26\/capturan-la-imagen-mas-impresionante-del-sol-asi-luce-su-superficie-a-5-mil-500-c\/#primaryimage"},"image":{"@id":"https:\/\/fuentesfidedignas.com.mx\/index.php\/2025\/04\/26\/capturan-la-imagen-mas-impresionante-del-sol-asi-luce-su-superficie-a-5-mil-500-c\/#primaryimage"},"thumbnailUrl":"https:\/\/fuentesfidedignas.com.mx\/wp-content\/uploads\/2025\/04\/foto_sol.jpg","datePublished":"2025-04-26T12:11:00+00:00","breadcrumb":{"@id":"https:\/\/fuentesfidedignas.com.mx\/index.php\/2025\/04\/26\/capturan-la-imagen-mas-impresionante-del-sol-asi-luce-su-superficie-a-5-mil-500-c\/#breadcrumb"},"inLanguage":"es","potentialAction":[{"@type":"ReadAction","target":["https:\/\/fuentesfidedignas.com.mx\/index.php\/2025\/04\/26\/capturan-la-imagen-mas-impresionante-del-sol-asi-luce-su-superficie-a-5-mil-500-c\/"]}]},{"@type":"ImageObject","inLanguage":"es","@id":"https:\/\/fuentesfidedignas.com.mx\/index.php\/2025\/04\/26\/capturan-la-imagen-mas-impresionante-del-sol-asi-luce-su-superficie-a-5-mil-500-c\/#primaryimage","url":"https:\/\/fuentesfidedignas.com.mx\/wp-content\/uploads\/2025\/04\/foto_sol.jpg","contentUrl":"https:\/\/fuentesfidedignas.com.mx\/wp-content\/uploads\/2025\/04\/foto_sol.jpg","width":600,"height":450},{"@type":"BreadcrumbList","@id":"https:\/\/fuentesfidedignas.com.mx\/index.php\/2025\/04\/26\/capturan-la-imagen-mas-impresionante-del-sol-asi-luce-su-superficie-a-5-mil-500-c\/#breadcrumb","itemListElement":[{"@type":"ListItem","position":1,"name":"Inicio","item":"https:\/\/fuentesfidedignas.com.mx\/"},{"@type":"ListItem","position":2,"name":"Capturan la imagen m\u00e1s impresionante del Sol; as\u00ed luce su superficie a 5 mil 500 \u00b0C"}]},{"@type":"WebSite","@id":"https:\/\/fuentesfidedignas.com.mx\/#website","url":"https:\/\/fuentesfidedignas.com.mx\/","name":"Fuentes Fidedignas","description":"Otro sitio realizado con WordPress","publisher":{"@id":"https:\/\/fuentesfidedignas.com.mx\/#organization"},"potentialAction":[{"@type":"SearchAction","target":{"@type":"EntryPoint","urlTemplate":"https:\/\/fuentesfidedignas.com.mx\/?s={search_term_string}"},"query-input":{"@type":"PropertyValueSpecification","valueRequired":true,"valueName":"search_term_string"}}],"inLanguage":"es"},{"@type":"Organization","@id":"https:\/\/fuentesfidedignas.com.mx\/#organization","name":"Fuentes Fidedignas","url":"https:\/\/fuentesfidedignas.com.mx\/","logo":{"@type":"ImageObject","inLanguage":"es","@id":"https:\/\/fuentesfidedignas.com.mx\/#\/schema\/logo\/image\/","url":"https:\/\/fuentesfidedignas.com.mx\/wp-content\/uploads\/2021\/04\/logo-retina.png","contentUrl":"https:\/\/fuentesfidedignas.com.mx\/wp-content\/uploads\/2021\/04\/logo-retina.png","width":280,"height":51,"caption":"Fuentes Fidedignas"},"image":{"@id":"https:\/\/fuentesfidedignas.com.mx\/#\/schema\/logo\/image\/"},"sameAs":["https:\/\/www.facebook.com\/Fuentes-Fidedignas-368234489921644","https:\/\/x.com\/fidedignas"]},{"@type":"Person","@id":"https:\/\/fuentesfidedignas.com.mx\/#\/schema\/person\/ec4edd1fbf5efa3e44fce34fe2787780","name":"Exc\u00e9lsior","image":{"@type":"ImageObject","inLanguage":"es","@id":"https:\/\/secure.gravatar.com\/avatar\/4b7ee9206b48be08447852b3f0814dbc7c0f3b51541b164f1464a2725614020b?s=96&d=mm&r=g","url":"https:\/\/secure.gravatar.com\/avatar\/4b7ee9206b48be08447852b3f0814dbc7c0f3b51541b164f1464a2725614020b?s=96&d=mm&r=g","contentUrl":"https:\/\/secure.gravatar.com\/avatar\/4b7ee9206b48be08447852b3f0814dbc7c0f3b51541b164f1464a2725614020b?s=96&d=mm&r=g","caption":"Exc\u00e9lsior"},"url":"https:\/\/fuentesfidedignas.com.mx\/index.php\/author\/excelsior\/"}]}},"_links":{"self":[{"href":"https:\/\/fuentesfidedignas.com.mx\/index.php\/wp-json\/wp\/v2\/posts\/107039","targetHints":{"allow":["GET"]}}],"collection":[{"href":"https:\/\/fuentesfidedignas.com.mx\/index.php\/wp-json\/wp\/v2\/posts"}],"about":[{"href":"https:\/\/fuentesfidedignas.com.mx\/index.php\/wp-json\/wp\/v2\/types\/post"}],"author":[{"embeddable":true,"href":"https:\/\/fuentesfidedignas.com.mx\/index.php\/wp-json\/wp\/v2\/users\/7"}],"replies":[{"embeddable":true,"href":"https:\/\/fuentesfidedignas.com.mx\/index.php\/wp-json\/wp\/v2\/comments?post=107039"}],"version-history":[{"count":1,"href":"https:\/\/fuentesfidedignas.com.mx\/index.php\/wp-json\/wp\/v2\/posts\/107039\/revisions"}],"predecessor-version":[{"id":107041,"href":"https:\/\/fuentesfidedignas.com.mx\/index.php\/wp-json\/wp\/v2\/posts\/107039\/revisions\/107041"}],"wp:featuredmedia":[{"embeddable":true,"href":"https:\/\/fuentesfidedignas.com.mx\/index.php\/wp-json\/wp\/v2\/media\/107040"}],"wp:attachment":[{"href":"https:\/\/fuentesfidedignas.com.mx\/index.php\/wp-json\/wp\/v2\/media?parent=107039"}],"wp:term":[{"taxonomy":"category","embeddable":true,"href":"https:\/\/fuentesfidedignas.com.mx\/index.php\/wp-json\/wp\/v2\/categories?post=107039"},{"taxonomy":"post_tag","embeddable":true,"href":"https:\/\/fuentesfidedignas.com.mx\/index.php\/wp-json\/wp\/v2\/tags?post=107039"}],"curies":[{"name":"wp","href":"https:\/\/api.w.org\/{rel}","templated":true}]}}