{"id":106861,"date":"2025-04-23T14:28:52","date_gmt":"2025-04-23T21:28:52","guid":{"rendered":"https:\/\/fuentesfidedignas.com.mx\/?p=106861"},"modified":"2025-04-23T14:32:11","modified_gmt":"2025-04-23T21:32:11","slug":"banco-mundial-pronostica-un-crecimiento-cero-para-mexico-en-2025","status":"publish","type":"post","link":"https:\/\/fuentesfidedignas.com.mx\/index.php\/2025\/04\/23\/banco-mundial-pronostica-un-crecimiento-cero-para-mexico-en-2025\/","title":{"rendered":"Banco Mundial pronostica un crecimiento cero para M\u00e9xico en 2025"},"content":{"rendered":"\n<p><br><strong><em>El Banco Mundial recort\u00f3 sus previsiones econ\u00f3micas para M\u00e9xico en 2025, como consecuencia del proteccionismo comercial<\/em><\/strong> <strong><em>impulsado por EU<\/em><\/strong><\/p>\n\n\n\n<p>El Banco Mundial (BM) recort\u00f3 sus previsiones econ\u00f3micas para M\u00e9xico al anticipar ahora un crecimiento cero en 2025, frente al 1.5 por ciento previsto en enero, como consecuencia de las tensiones comerciales desatadas tras las medidas proteccionistas impulsadas por Estados Unidos.<\/p>\n\n\n\n<p>El BM tambi\u00e9n recort\u00f3, aunque en menor medida, los pron\u00f3sticos para&nbsp;<strong>2026<\/strong>&nbsp;al&nbsp;<strong>1.1 por ciento<\/strong>, cuatro d\u00e9cimas menos que lo planteado a comienzos de a\u00f1o.<\/p>\n\n\n\n<p>M\u00e9xico es de los pa\u00edses m\u00e1s afectados por esta ola de proteccionismo comercial impulsada por el presidente Donald Trump ya que Estados Unidos es su primer socio comercial, destino del 80 % de sus exportaciones, y enfrenta ya una serie de aranceles impuestos por Washington a algunos de su productos.<\/p>\n\n\n\n<p>\u201cEl aparente giro de Estados Unidos hacia mayores aranceles arroja incertidumbre sobre el proyecto de nearshoring, la pr\u00e1ctica de llevar operaciones en el extranjero a pa\u00edses cercanos o amigos, y el acceso a los mercados mundiales en general\u201d, asegur\u00f3 el organismo en su \u201cReporte econ\u00f3mico de Am\u00e9rica y el Caribe\u201d.<\/p>\n\n\n\n<p>El nearshoring o relocalizaci\u00f3n empresarial era uno de los ejes del impulso econ\u00f3mico en M\u00e9xico dada su proximidad con Estados Unidos, la mayor econom\u00eda del mundo.<\/p>\n\n\n\n<p>Las previsiones del Banco Mundial son ligeramente m\u00e1s optimistas que las del Fondo Monetario Internacional (FMI), que pronostic\u00f3 en la previa una contracci\u00f3n del 0.3 por ciento para la econom\u00eda mexicana en 2025.<\/p>\n\n\n\n<p>No obstante, los pron\u00f3sticos de ambos organismos contrastan con los del gobierno mexicano, que a comienzos de mes auspiciaban un rango de crecimiento para 2025 del 1.5 al 2.3 por ciento y de entre el 1.5 % y el 2.5 por ciento para 2026.<\/p>\n\n\n\n<p>El FMI y el BM celebran esta semana en Washington su asamblea de primavera, en la que se re\u00fanen los principales l\u00edderes econ\u00f3micos para discutir sobre los desaf\u00edos globales y que en esta ocasi\u00f3n est\u00e1 marcada por la guerra comercial arancelaria desatada por el presidente estadounidense, Donald Trump.<br><br><\/p>\n","protected":false},"excerpt":{"rendered":"<p>El Banco Mundial recort\u00f3 sus previsiones econ\u00f3micas para M\u00e9xico en 2025, como consecuencia del proteccionismo comercial impulsado por EU El Banco Mundial (BM) recort\u00f3 sus previsiones econ\u00f3micas para M\u00e9xico al anticipar ahora un crecimiento cero en 2025, frente al 1.5 por ciento previsto en enero, como consecuencia de las tensiones comerciales desatadas tras las medidas [&hellip;]<\/p>\n","protected":false},"author":22,"featured_media":46851,"comment_status":"closed","ping_status":"open","sticky":false,"template":"","format":"standard","meta":{"tdm_status":"","tdm_grid_status":"","footnotes":""},"categories":[39],"tags":[],"class_list":{"0":"post-106861","1":"post","2":"type-post","3":"status-publish","4":"format-standard","5":"has-post-thumbnail","7":"category-noticias-nacionales"},"yoast_head":"<!-- This site is optimized with the Yoast SEO plugin v27.5 - https:\/\/yoast.com\/product\/yoast-seo-wordpress\/ -->\n<title>Banco Mundial pronostica un crecimiento cero para M\u00e9xico en 2025 - Fuentes Fidedignas<\/title>\n<meta name=\"robots\" content=\"index, follow, max-snippet:-1, max-image-preview:large, max-video-preview:-1\" \/>\n<link rel=\"canonical\" href=\"https:\/\/fuentesfidedignas.com.mx\/index.php\/2025\/04\/23\/banco-mundial-pronostica-un-crecimiento-cero-para-mexico-en-2025\/\" \/>\n<meta property=\"og:locale\" content=\"es_MX\" \/>\n<meta property=\"og:type\" content=\"article\" \/>\n<meta property=\"og:title\" content=\"Banco Mundial pronostica un crecimiento cero para M\u00e9xico en 2025 - Fuentes Fidedignas\" \/>\n<meta property=\"og:description\" content=\"El Banco Mundial recort\u00f3 sus previsiones econ\u00f3micas para M\u00e9xico en 2025, como consecuencia del proteccionismo comercial impulsado por EU El Banco Mundial (BM) recort\u00f3 sus previsiones econ\u00f3micas para M\u00e9xico al anticipar ahora un crecimiento cero en 2025, frente al 1.5 por ciento previsto en enero, como consecuencia de las tensiones comerciales desatadas tras las medidas [&hellip;]\" \/>\n<meta property=\"og:url\" content=\"https:\/\/fuentesfidedignas.com.mx\/index.php\/2025\/04\/23\/banco-mundial-pronostica-un-crecimiento-cero-para-mexico-en-2025\/\" \/>\n<meta property=\"og:site_name\" content=\"Fuentes Fidedignas\" \/>\n<meta property=\"article:publisher\" content=\"https:\/\/www.facebook.com\/Fuentes-Fidedignas-368234489921644\" \/>\n<meta property=\"article:published_time\" content=\"2025-04-23T21:28:52+00:00\" \/>\n<meta property=\"article:modified_time\" content=\"2025-04-23T21:32:11+00:00\" \/>\n<meta property=\"og:image\" content=\"https:\/\/fuentesfidedignas.com.mx\/wp-content\/uploads\/2023\/05\/Pesos-economia-1024x576-1.jpg\" \/>\n\t<meta property=\"og:image:width\" content=\"1024\" \/>\n\t<meta property=\"og:image:height\" content=\"576\" \/>\n\t<meta property=\"og:image:type\" content=\"image\/jpeg\" \/>\n<meta name=\"author\" content=\"EFE\" \/>\n<meta name=\"twitter:card\" content=\"summary_large_image\" \/>\n<meta name=\"twitter:creator\" content=\"@fidedignas\" \/>\n<meta name=\"twitter:site\" content=\"@fidedignas\" \/>\n<meta name=\"twitter:label1\" content=\"Escrito por\" \/>\n\t<meta name=\"twitter:data1\" content=\"EFE\" \/>\n\t<meta name=\"twitter:label2\" content=\"Tiempo de lectura\" \/>\n\t<meta name=\"twitter:data2\" content=\"2 minutos\" \/>\n<script type=\"application\/ld+json\" class=\"yoast-schema-graph\">{\"@context\":\"https:\\\/\\\/schema.org\",\"@graph\":[{\"@type\":\"Article\",\"@id\":\"https:\\\/\\\/fuentesfidedignas.com.mx\\\/index.php\\\/2025\\\/04\\\/23\\\/banco-mundial-pronostica-un-crecimiento-cero-para-mexico-en-2025\\\/#article\",\"isPartOf\":{\"@id\":\"https:\\\/\\\/fuentesfidedignas.com.mx\\\/index.php\\\/2025\\\/04\\\/23\\\/banco-mundial-pronostica-un-crecimiento-cero-para-mexico-en-2025\\\/\"},\"author\":{\"name\":\"EFE\",\"@id\":\"https:\\\/\\\/fuentesfidedignas.com.mx\\\/#\\\/schema\\\/person\\\/0d44615087b5a626d5d3f13afe31ac41\"},\"headline\":\"Banco Mundial pronostica un crecimiento cero para M\u00e9xico en 2025\",\"datePublished\":\"2025-04-23T21:28:52+00:00\",\"dateModified\":\"2025-04-23T21:32:11+00:00\",\"mainEntityOfPage\":{\"@id\":\"https:\\\/\\\/fuentesfidedignas.com.mx\\\/index.php\\\/2025\\\/04\\\/23\\\/banco-mundial-pronostica-un-crecimiento-cero-para-mexico-en-2025\\\/\"},\"wordCount\":362,\"publisher\":{\"@id\":\"https:\\\/\\\/fuentesfidedignas.com.mx\\\/#organization\"},\"image\":{\"@id\":\"https:\\\/\\\/fuentesfidedignas.com.mx\\\/index.php\\\/2025\\\/04\\\/23\\\/banco-mundial-pronostica-un-crecimiento-cero-para-mexico-en-2025\\\/#primaryimage\"},\"thumbnailUrl\":\"https:\\\/\\\/fuentesfidedignas.com.mx\\\/wp-content\\\/uploads\\\/2023\\\/05\\\/Pesos-economia-1024x576-1.jpg\",\"articleSection\":[\"NOTICIAS NACIONALES\"],\"inLanguage\":\"es\"},{\"@type\":\"WebPage\",\"@id\":\"https:\\\/\\\/fuentesfidedignas.com.mx\\\/index.php\\\/2025\\\/04\\\/23\\\/banco-mundial-pronostica-un-crecimiento-cero-para-mexico-en-2025\\\/\",\"url\":\"https:\\\/\\\/fuentesfidedignas.com.mx\\\/index.php\\\/2025\\\/04\\\/23\\\/banco-mundial-pronostica-un-crecimiento-cero-para-mexico-en-2025\\\/\",\"name\":\"Banco Mundial pronostica un crecimiento cero para M\u00e9xico en 2025 - Fuentes Fidedignas\",\"isPartOf\":{\"@id\":\"https:\\\/\\\/fuentesfidedignas.com.mx\\\/#website\"},\"primaryImageOfPage\":{\"@id\":\"https:\\\/\\\/fuentesfidedignas.com.mx\\\/index.php\\\/2025\\\/04\\\/23\\\/banco-mundial-pronostica-un-crecimiento-cero-para-mexico-en-2025\\\/#primaryimage\"},\"image\":{\"@id\":\"https:\\\/\\\/fuentesfidedignas.com.mx\\\/index.php\\\/2025\\\/04\\\/23\\\/banco-mundial-pronostica-un-crecimiento-cero-para-mexico-en-2025\\\/#primaryimage\"},\"thumbnailUrl\":\"https:\\\/\\\/fuentesfidedignas.com.mx\\\/wp-content\\\/uploads\\\/2023\\\/05\\\/Pesos-economia-1024x576-1.jpg\",\"datePublished\":\"2025-04-23T21:28:52+00:00\",\"dateModified\":\"2025-04-23T21:32:11+00:00\",\"breadcrumb\":{\"@id\":\"https:\\\/\\\/fuentesfidedignas.com.mx\\\/index.php\\\/2025\\\/04\\\/23\\\/banco-mundial-pronostica-un-crecimiento-cero-para-mexico-en-2025\\\/#breadcrumb\"},\"inLanguage\":\"es\",\"potentialAction\":[{\"@type\":\"ReadAction\",\"target\":[\"https:\\\/\\\/fuentesfidedignas.com.mx\\\/index.php\\\/2025\\\/04\\\/23\\\/banco-mundial-pronostica-un-crecimiento-cero-para-mexico-en-2025\\\/\"]}]},{\"@type\":\"ImageObject\",\"inLanguage\":\"es\",\"@id\":\"https:\\\/\\\/fuentesfidedignas.com.mx\\\/index.php\\\/2025\\\/04\\\/23\\\/banco-mundial-pronostica-un-crecimiento-cero-para-mexico-en-2025\\\/#primaryimage\",\"url\":\"https:\\\/\\\/fuentesfidedignas.com.mx\\\/wp-content\\\/uploads\\\/2023\\\/05\\\/Pesos-economia-1024x576-1.jpg\",\"contentUrl\":\"https:\\\/\\\/fuentesfidedignas.com.mx\\\/wp-content\\\/uploads\\\/2023\\\/05\\\/Pesos-economia-1024x576-1.jpg\",\"width\":1024,\"height\":576},{\"@type\":\"BreadcrumbList\",\"@id\":\"https:\\\/\\\/fuentesfidedignas.com.mx\\\/index.php\\\/2025\\\/04\\\/23\\\/banco-mundial-pronostica-un-crecimiento-cero-para-mexico-en-2025\\\/#breadcrumb\",\"itemListElement\":[{\"@type\":\"ListItem\",\"position\":1,\"name\":\"Inicio\",\"item\":\"https:\\\/\\\/fuentesfidedignas.com.mx\\\/\"},{\"@type\":\"ListItem\",\"position\":2,\"name\":\"Banco Mundial pronostica un crecimiento cero para M\u00e9xico en 2025\"}]},{\"@type\":\"WebSite\",\"@id\":\"https:\\\/\\\/fuentesfidedignas.com.mx\\\/#website\",\"url\":\"https:\\\/\\\/fuentesfidedignas.com.mx\\\/\",\"name\":\"Fuentes Fidedignas\",\"description\":\"Otro sitio realizado con WordPress\",\"publisher\":{\"@id\":\"https:\\\/\\\/fuentesfidedignas.com.mx\\\/#organization\"},\"potentialAction\":[{\"@type\":\"SearchAction\",\"target\":{\"@type\":\"EntryPoint\",\"urlTemplate\":\"https:\\\/\\\/fuentesfidedignas.com.mx\\\/?s={search_term_string}\"},\"query-input\":{\"@type\":\"PropertyValueSpecification\",\"valueRequired\":true,\"valueName\":\"search_term_string\"}}],\"inLanguage\":\"es\"},{\"@type\":\"Organization\",\"@id\":\"https:\\\/\\\/fuentesfidedignas.com.mx\\\/#organization\",\"name\":\"Fuentes Fidedignas\",\"url\":\"https:\\\/\\\/fuentesfidedignas.com.mx\\\/\",\"logo\":{\"@type\":\"ImageObject\",\"inLanguage\":\"es\",\"@id\":\"https:\\\/\\\/fuentesfidedignas.com.mx\\\/#\\\/schema\\\/logo\\\/image\\\/\",\"url\":\"https:\\\/\\\/fuentesfidedignas.com.mx\\\/wp-content\\\/uploads\\\/2021\\\/04\\\/logo-retina.png\",\"contentUrl\":\"https:\\\/\\\/fuentesfidedignas.com.mx\\\/wp-content\\\/uploads\\\/2021\\\/04\\\/logo-retina.png\",\"width\":280,\"height\":51,\"caption\":\"Fuentes Fidedignas\"},\"image\":{\"@id\":\"https:\\\/\\\/fuentesfidedignas.com.mx\\\/#\\\/schema\\\/logo\\\/image\\\/\"},\"sameAs\":[\"https:\\\/\\\/www.facebook.com\\\/Fuentes-Fidedignas-368234489921644\",\"https:\\\/\\\/x.com\\\/fidedignas\"]},{\"@type\":\"Person\",\"@id\":\"https:\\\/\\\/fuentesfidedignas.com.mx\\\/#\\\/schema\\\/person\\\/0d44615087b5a626d5d3f13afe31ac41\",\"name\":\"EFE\",\"image\":{\"@type\":\"ImageObject\",\"inLanguage\":\"es\",\"@id\":\"https:\\\/\\\/secure.gravatar.com\\\/avatar\\\/7048c2d9b569d9bed55bb53ad23821e6e047aa66338fb6ea9868627bbb9f54e8?s=96&d=mm&r=g\",\"url\":\"https:\\\/\\\/secure.gravatar.com\\\/avatar\\\/7048c2d9b569d9bed55bb53ad23821e6e047aa66338fb6ea9868627bbb9f54e8?s=96&d=mm&r=g\",\"contentUrl\":\"https:\\\/\\\/secure.gravatar.com\\\/avatar\\\/7048c2d9b569d9bed55bb53ad23821e6e047aa66338fb6ea9868627bbb9f54e8?s=96&d=mm&r=g\",\"caption\":\"EFE\"},\"url\":\"https:\\\/\\\/fuentesfidedignas.com.mx\\\/index.php\\\/author\\\/efe\\\/\"}]}<\/script>\n<!-- \/ Yoast SEO plugin. -->","yoast_head_json":{"title":"Banco Mundial pronostica un crecimiento cero para M\u00e9xico en 2025 - Fuentes Fidedignas","robots":{"index":"index","follow":"follow","max-snippet":"max-snippet:-1","max-image-preview":"max-image-preview:large","max-video-preview":"max-video-preview:-1"},"canonical":"https:\/\/fuentesfidedignas.com.mx\/index.php\/2025\/04\/23\/banco-mundial-pronostica-un-crecimiento-cero-para-mexico-en-2025\/","og_locale":"es_MX","og_type":"article","og_title":"Banco Mundial pronostica un crecimiento cero para M\u00e9xico en 2025 - Fuentes Fidedignas","og_description":"El Banco Mundial recort\u00f3 sus previsiones econ\u00f3micas para M\u00e9xico en 2025, como consecuencia del proteccionismo comercial impulsado por EU El Banco Mundial (BM) recort\u00f3 sus previsiones econ\u00f3micas para M\u00e9xico al anticipar ahora un crecimiento cero en 2025, frente al 1.5 por ciento previsto en enero, como consecuencia de las tensiones comerciales desatadas tras las medidas [&hellip;]","og_url":"https:\/\/fuentesfidedignas.com.mx\/index.php\/2025\/04\/23\/banco-mundial-pronostica-un-crecimiento-cero-para-mexico-en-2025\/","og_site_name":"Fuentes Fidedignas","article_publisher":"https:\/\/www.facebook.com\/Fuentes-Fidedignas-368234489921644","article_published_time":"2025-04-23T21:28:52+00:00","article_modified_time":"2025-04-23T21:32:11+00:00","og_image":[{"width":1024,"height":576,"url":"https:\/\/fuentesfidedignas.com.mx\/wp-content\/uploads\/2023\/05\/Pesos-economia-1024x576-1.jpg","type":"image\/jpeg"}],"author":"EFE","twitter_card":"summary_large_image","twitter_creator":"@fidedignas","twitter_site":"@fidedignas","twitter_misc":{"Escrito por":"EFE","Tiempo de lectura":"2 minutos"},"schema":{"@context":"https:\/\/schema.org","@graph":[{"@type":"Article","@id":"https:\/\/fuentesfidedignas.com.mx\/index.php\/2025\/04\/23\/banco-mundial-pronostica-un-crecimiento-cero-para-mexico-en-2025\/#article","isPartOf":{"@id":"https:\/\/fuentesfidedignas.com.mx\/index.php\/2025\/04\/23\/banco-mundial-pronostica-un-crecimiento-cero-para-mexico-en-2025\/"},"author":{"name":"EFE","@id":"https:\/\/fuentesfidedignas.com.mx\/#\/schema\/person\/0d44615087b5a626d5d3f13afe31ac41"},"headline":"Banco Mundial pronostica un crecimiento cero para M\u00e9xico en 2025","datePublished":"2025-04-23T21:28:52+00:00","dateModified":"2025-04-23T21:32:11+00:00","mainEntityOfPage":{"@id":"https:\/\/fuentesfidedignas.com.mx\/index.php\/2025\/04\/23\/banco-mundial-pronostica-un-crecimiento-cero-para-mexico-en-2025\/"},"wordCount":362,"publisher":{"@id":"https:\/\/fuentesfidedignas.com.mx\/#organization"},"image":{"@id":"https:\/\/fuentesfidedignas.com.mx\/index.php\/2025\/04\/23\/banco-mundial-pronostica-un-crecimiento-cero-para-mexico-en-2025\/#primaryimage"},"thumbnailUrl":"https:\/\/fuentesfidedignas.com.mx\/wp-content\/uploads\/2023\/05\/Pesos-economia-1024x576-1.jpg","articleSection":["NOTICIAS NACIONALES"],"inLanguage":"es"},{"@type":"WebPage","@id":"https:\/\/fuentesfidedignas.com.mx\/index.php\/2025\/04\/23\/banco-mundial-pronostica-un-crecimiento-cero-para-mexico-en-2025\/","url":"https:\/\/fuentesfidedignas.com.mx\/index.php\/2025\/04\/23\/banco-mundial-pronostica-un-crecimiento-cero-para-mexico-en-2025\/","name":"Banco Mundial pronostica un crecimiento cero para M\u00e9xico en 2025 - Fuentes Fidedignas","isPartOf":{"@id":"https:\/\/fuentesfidedignas.com.mx\/#website"},"primaryImageOfPage":{"@id":"https:\/\/fuentesfidedignas.com.mx\/index.php\/2025\/04\/23\/banco-mundial-pronostica-un-crecimiento-cero-para-mexico-en-2025\/#primaryimage"},"image":{"@id":"https:\/\/fuentesfidedignas.com.mx\/index.php\/2025\/04\/23\/banco-mundial-pronostica-un-crecimiento-cero-para-mexico-en-2025\/#primaryimage"},"thumbnailUrl":"https:\/\/fuentesfidedignas.com.mx\/wp-content\/uploads\/2023\/05\/Pesos-economia-1024x576-1.jpg","datePublished":"2025-04-23T21:28:52+00:00","dateModified":"2025-04-23T21:32:11+00:00","breadcrumb":{"@id":"https:\/\/fuentesfidedignas.com.mx\/index.php\/2025\/04\/23\/banco-mundial-pronostica-un-crecimiento-cero-para-mexico-en-2025\/#breadcrumb"},"inLanguage":"es","potentialAction":[{"@type":"ReadAction","target":["https:\/\/fuentesfidedignas.com.mx\/index.php\/2025\/04\/23\/banco-mundial-pronostica-un-crecimiento-cero-para-mexico-en-2025\/"]}]},{"@type":"ImageObject","inLanguage":"es","@id":"https:\/\/fuentesfidedignas.com.mx\/index.php\/2025\/04\/23\/banco-mundial-pronostica-un-crecimiento-cero-para-mexico-en-2025\/#primaryimage","url":"https:\/\/fuentesfidedignas.com.mx\/wp-content\/uploads\/2023\/05\/Pesos-economia-1024x576-1.jpg","contentUrl":"https:\/\/fuentesfidedignas.com.mx\/wp-content\/uploads\/2023\/05\/Pesos-economia-1024x576-1.jpg","width":1024,"height":576},{"@type":"BreadcrumbList","@id":"https:\/\/fuentesfidedignas.com.mx\/index.php\/2025\/04\/23\/banco-mundial-pronostica-un-crecimiento-cero-para-mexico-en-2025\/#breadcrumb","itemListElement":[{"@type":"ListItem","position":1,"name":"Inicio","item":"https:\/\/fuentesfidedignas.com.mx\/"},{"@type":"ListItem","position":2,"name":"Banco Mundial pronostica un crecimiento cero para M\u00e9xico en 2025"}]},{"@type":"WebSite","@id":"https:\/\/fuentesfidedignas.com.mx\/#website","url":"https:\/\/fuentesfidedignas.com.mx\/","name":"Fuentes Fidedignas","description":"Otro sitio realizado con WordPress","publisher":{"@id":"https:\/\/fuentesfidedignas.com.mx\/#organization"},"potentialAction":[{"@type":"SearchAction","target":{"@type":"EntryPoint","urlTemplate":"https:\/\/fuentesfidedignas.com.mx\/?s={search_term_string}"},"query-input":{"@type":"PropertyValueSpecification","valueRequired":true,"valueName":"search_term_string"}}],"inLanguage":"es"},{"@type":"Organization","@id":"https:\/\/fuentesfidedignas.com.mx\/#organization","name":"Fuentes Fidedignas","url":"https:\/\/fuentesfidedignas.com.mx\/","logo":{"@type":"ImageObject","inLanguage":"es","@id":"https:\/\/fuentesfidedignas.com.mx\/#\/schema\/logo\/image\/","url":"https:\/\/fuentesfidedignas.com.mx\/wp-content\/uploads\/2021\/04\/logo-retina.png","contentUrl":"https:\/\/fuentesfidedignas.com.mx\/wp-content\/uploads\/2021\/04\/logo-retina.png","width":280,"height":51,"caption":"Fuentes Fidedignas"},"image":{"@id":"https:\/\/fuentesfidedignas.com.mx\/#\/schema\/logo\/image\/"},"sameAs":["https:\/\/www.facebook.com\/Fuentes-Fidedignas-368234489921644","https:\/\/x.com\/fidedignas"]},{"@type":"Person","@id":"https:\/\/fuentesfidedignas.com.mx\/#\/schema\/person\/0d44615087b5a626d5d3f13afe31ac41","name":"EFE","image":{"@type":"ImageObject","inLanguage":"es","@id":"https:\/\/secure.gravatar.com\/avatar\/7048c2d9b569d9bed55bb53ad23821e6e047aa66338fb6ea9868627bbb9f54e8?s=96&d=mm&r=g","url":"https:\/\/secure.gravatar.com\/avatar\/7048c2d9b569d9bed55bb53ad23821e6e047aa66338fb6ea9868627bbb9f54e8?s=96&d=mm&r=g","contentUrl":"https:\/\/secure.gravatar.com\/avatar\/7048c2d9b569d9bed55bb53ad23821e6e047aa66338fb6ea9868627bbb9f54e8?s=96&d=mm&r=g","caption":"EFE"},"url":"https:\/\/fuentesfidedignas.com.mx\/index.php\/author\/efe\/"}]}},"_links":{"self":[{"href":"https:\/\/fuentesfidedignas.com.mx\/index.php\/wp-json\/wp\/v2\/posts\/106861","targetHints":{"allow":["GET"]}}],"collection":[{"href":"https:\/\/fuentesfidedignas.com.mx\/index.php\/wp-json\/wp\/v2\/posts"}],"about":[{"href":"https:\/\/fuentesfidedignas.com.mx\/index.php\/wp-json\/wp\/v2\/types\/post"}],"author":[{"embeddable":true,"href":"https:\/\/fuentesfidedignas.com.mx\/index.php\/wp-json\/wp\/v2\/users\/22"}],"replies":[{"embeddable":true,"href":"https:\/\/fuentesfidedignas.com.mx\/index.php\/wp-json\/wp\/v2\/comments?post=106861"}],"version-history":[{"count":2,"href":"https:\/\/fuentesfidedignas.com.mx\/index.php\/wp-json\/wp\/v2\/posts\/106861\/revisions"}],"predecessor-version":[{"id":106865,"href":"https:\/\/fuentesfidedignas.com.mx\/index.php\/wp-json\/wp\/v2\/posts\/106861\/revisions\/106865"}],"wp:featuredmedia":[{"embeddable":true,"href":"https:\/\/fuentesfidedignas.com.mx\/index.php\/wp-json\/wp\/v2\/media\/46851"}],"wp:attachment":[{"href":"https:\/\/fuentesfidedignas.com.mx\/index.php\/wp-json\/wp\/v2\/media?parent=106861"}],"wp:term":[{"taxonomy":"category","embeddable":true,"href":"https:\/\/fuentesfidedignas.com.mx\/index.php\/wp-json\/wp\/v2\/categories?post=106861"},{"taxonomy":"post_tag","embeddable":true,"href":"https:\/\/fuentesfidedignas.com.mx\/index.php\/wp-json\/wp\/v2\/tags?post=106861"}],"curies":[{"name":"wp","href":"https:\/\/api.w.org\/{rel}","templated":true}]}}