{"id":106832,"date":"2025-04-23T06:44:52","date_gmt":"2025-04-23T13:44:52","guid":{"rendered":"https:\/\/fuentesfidedignas.com.mx\/?p=106832"},"modified":"2025-04-23T06:45:04","modified_gmt":"2025-04-23T13:45:04","slug":"comienza-la-despedida-del-papa-miles-de-fieles-visitan-sus-restos-en-la-plaza-san-pedro","status":"publish","type":"post","link":"https:\/\/fuentesfidedignas.com.mx\/index.php\/2025\/04\/23\/comienza-la-despedida-del-papa-miles-de-fieles-visitan-sus-restos-en-la-plaza-san-pedro\/","title":{"rendered":"Comienza la despedida del papa: Miles de fieles visitan sus restos en la plaza San Pedro"},"content":{"rendered":"\n<p><strong><em>Miles de creyentes hicieron filas para ver por \u00faltima vez al papa Francisco en la plaza de San Pedro. Conoce cu\u00e1nto tiempo estar\u00e1 ah\u00ed.<\/em><\/strong><\/p>\n\n\n\n<p>Los miles de fieles que desde horas esperaban la apertura de la bas\u00edlica de San Pedro para dar su \u00faltimo adi\u00f3s al papa Francisco comenzaron a entrar a las 11:00 horas, tiempo local del Vaticano, de manera ordenada y poder detenerse algunos instantes ante el f\u00e9retro.<\/p>\n\n\n\n<p>La bas\u00edlica permanecer\u00e1 abierta este mi\u00e9rcoles 23 de abril hasta la medianoche y ma\u00f1ana volver\u00e1 a abrir a las 7:00 horas y hasta el viernes a las 19:00 horas, cuando se cerrar\u00e1 para comenzar el rito del cierre del f\u00e9retro.<\/p>\n\n\n\n<p>Largas filas se comenzaron a formar ya desde primeras horas de la ma\u00f1ana en espera de que se abriese la bas\u00edlica y muchos pudieron asistir al traslado del f\u00e9retro desde la capilla de Santa Marta a San Pedro.<\/p>\n\n\n\n<p>Los fieles pudieron acceder s\u00f3lo despu\u00e9s de que los cardenales, obispos y el personal del Vaticano le dieron su \u00faltimo adi\u00f3s.<\/p>\n\n\n\n<p>El f\u00e9retro del papa Francisco fue colocado frente a la tumba de San Pedro, enfrente del imponente baldaquino de Bernini, y se ha acordonado la zona para que las personas se sit\u00faen a una determinada distancia.<\/p>\n\n\n\n<p>El ata\u00fad con los restos mortales de Francisco recorri\u00f3 en una procesi\u00f3n la plaza de Santa Marta, la plaza de los Protomartires Romanos y atraves\u00f3 el Arco de las Campanas hasta salir a la plaza de San Pedro y entrar en la Bas\u00edlica Vaticana por la puerta central.<\/p>\n\n\n\n<p>El f\u00e9retro estaba precedido por los cardenales presentes en Roma, mientras que la cerraban las personas que m\u00e1s cerca estuvieron del papa Francisco, sus secretarios y sus asistentes.<\/p>\n\n\n\n<p>El papa Francisco muri\u00f3 este lunes 21 de abril a los 88 a\u00f1os de edad por un ictus cerebral. Luego de que el Vaticano revelara sus primeras fotos fallecido, se le observaba con una mancha en el rostro, posiblemente resultado de las afectaciones que tuvo y por las que perdi\u00f3 la vida un mes despu\u00e9s de haber sido dado de alta por una neumon\u00eda bilateral.<\/p>\n","protected":false},"excerpt":{"rendered":"<p>Miles de creyentes hicieron filas para ver por \u00faltima vez al papa Francisco en la plaza de San Pedro. Conoce cu\u00e1nto tiempo estar\u00e1 ah\u00ed. Los miles de fieles que desde horas esperaban la apertura de la bas\u00edlica de San Pedro para dar su \u00faltimo adi\u00f3s al papa Francisco comenzaron a entrar a las 11:00 horas, [&hellip;]<\/p>\n","protected":false},"author":22,"featured_media":106833,"comment_status":"open","ping_status":"open","sticky":false,"template":"","format":"standard","meta":{"tdm_status":"","tdm_grid_status":"","footnotes":""},"categories":[39],"tags":[],"class_list":{"0":"post-106832","1":"post","2":"type-post","3":"status-publish","4":"format-standard","5":"has-post-thumbnail","7":"category-noticias-nacionales"},"yoast_head":"<!-- This site is optimized with the Yoast SEO plugin v27.5 - https:\/\/yoast.com\/product\/yoast-seo-wordpress\/ -->\n<title>Comienza la despedida del papa: Miles de fieles visitan sus restos en la plaza San Pedro - Fuentes Fidedignas<\/title>\n<meta name=\"robots\" content=\"index, follow, max-snippet:-1, max-image-preview:large, max-video-preview:-1\" \/>\n<link rel=\"canonical\" href=\"https:\/\/fuentesfidedignas.com.mx\/index.php\/2025\/04\/23\/comienza-la-despedida-del-papa-miles-de-fieles-visitan-sus-restos-en-la-plaza-san-pedro\/\" \/>\n<meta property=\"og:locale\" content=\"es_MX\" \/>\n<meta property=\"og:type\" content=\"article\" \/>\n<meta property=\"og:title\" content=\"Comienza la despedida del papa: Miles de fieles visitan sus restos en la plaza San Pedro - Fuentes Fidedignas\" \/>\n<meta property=\"og:description\" content=\"Miles de creyentes hicieron filas para ver por \u00faltima vez al papa Francisco en la plaza de San Pedro. Conoce cu\u00e1nto tiempo estar\u00e1 ah\u00ed. Los miles de fieles que desde horas esperaban la apertura de la bas\u00edlica de San Pedro para dar su \u00faltimo adi\u00f3s al papa Francisco comenzaron a entrar a las 11:00 horas, [&hellip;]\" \/>\n<meta property=\"og:url\" content=\"https:\/\/fuentesfidedignas.com.mx\/index.php\/2025\/04\/23\/comienza-la-despedida-del-papa-miles-de-fieles-visitan-sus-restos-en-la-plaza-san-pedro\/\" \/>\n<meta property=\"og:site_name\" content=\"Fuentes Fidedignas\" \/>\n<meta property=\"article:publisher\" content=\"https:\/\/www.facebook.com\/Fuentes-Fidedignas-368234489921644\" \/>\n<meta property=\"article:published_time\" content=\"2025-04-23T13:44:52+00:00\" \/>\n<meta property=\"article:modified_time\" content=\"2025-04-23T13:45:04+00:00\" \/>\n<meta property=\"og:image\" content=\"https:\/\/fuentesfidedignas.com.mx\/wp-content\/uploads\/2025\/04\/despedida_papa.jpg\" \/>\n\t<meta property=\"og:image:width\" content=\"600\" \/>\n\t<meta property=\"og:image:height\" content=\"335\" \/>\n\t<meta property=\"og:image:type\" content=\"image\/jpeg\" \/>\n<meta name=\"author\" content=\"EFE\" \/>\n<meta name=\"twitter:card\" content=\"summary_large_image\" \/>\n<meta name=\"twitter:creator\" content=\"@fidedignas\" \/>\n<meta name=\"twitter:site\" content=\"@fidedignas\" \/>\n<meta name=\"twitter:label1\" content=\"Escrito por\" \/>\n\t<meta name=\"twitter:data1\" content=\"EFE\" \/>\n\t<meta name=\"twitter:label2\" content=\"Tiempo de lectura\" \/>\n\t<meta name=\"twitter:data2\" content=\"2 minutos\" \/>\n<script type=\"application\/ld+json\" class=\"yoast-schema-graph\">{\"@context\":\"https:\\\/\\\/schema.org\",\"@graph\":[{\"@type\":\"Article\",\"@id\":\"https:\\\/\\\/fuentesfidedignas.com.mx\\\/index.php\\\/2025\\\/04\\\/23\\\/comienza-la-despedida-del-papa-miles-de-fieles-visitan-sus-restos-en-la-plaza-san-pedro\\\/#article\",\"isPartOf\":{\"@id\":\"https:\\\/\\\/fuentesfidedignas.com.mx\\\/index.php\\\/2025\\\/04\\\/23\\\/comienza-la-despedida-del-papa-miles-de-fieles-visitan-sus-restos-en-la-plaza-san-pedro\\\/\"},\"author\":{\"name\":\"EFE\",\"@id\":\"https:\\\/\\\/fuentesfidedignas.com.mx\\\/#\\\/schema\\\/person\\\/0d44615087b5a626d5d3f13afe31ac41\"},\"headline\":\"Comienza la despedida del papa: Miles de fieles visitan sus restos en la plaza San Pedro\",\"datePublished\":\"2025-04-23T13:44:52+00:00\",\"dateModified\":\"2025-04-23T13:45:04+00:00\",\"mainEntityOfPage\":{\"@id\":\"https:\\\/\\\/fuentesfidedignas.com.mx\\\/index.php\\\/2025\\\/04\\\/23\\\/comienza-la-despedida-del-papa-miles-de-fieles-visitan-sus-restos-en-la-plaza-san-pedro\\\/\"},\"wordCount\":380,\"commentCount\":0,\"publisher\":{\"@id\":\"https:\\\/\\\/fuentesfidedignas.com.mx\\\/#organization\"},\"image\":{\"@id\":\"https:\\\/\\\/fuentesfidedignas.com.mx\\\/index.php\\\/2025\\\/04\\\/23\\\/comienza-la-despedida-del-papa-miles-de-fieles-visitan-sus-restos-en-la-plaza-san-pedro\\\/#primaryimage\"},\"thumbnailUrl\":\"https:\\\/\\\/fuentesfidedignas.com.mx\\\/wp-content\\\/uploads\\\/2025\\\/04\\\/despedida_papa.jpg\",\"articleSection\":[\"NOTICIAS NACIONALES\"],\"inLanguage\":\"es\",\"potentialAction\":[{\"@type\":\"CommentAction\",\"name\":\"Comment\",\"target\":[\"https:\\\/\\\/fuentesfidedignas.com.mx\\\/index.php\\\/2025\\\/04\\\/23\\\/comienza-la-despedida-del-papa-miles-de-fieles-visitan-sus-restos-en-la-plaza-san-pedro\\\/#respond\"]}]},{\"@type\":\"WebPage\",\"@id\":\"https:\\\/\\\/fuentesfidedignas.com.mx\\\/index.php\\\/2025\\\/04\\\/23\\\/comienza-la-despedida-del-papa-miles-de-fieles-visitan-sus-restos-en-la-plaza-san-pedro\\\/\",\"url\":\"https:\\\/\\\/fuentesfidedignas.com.mx\\\/index.php\\\/2025\\\/04\\\/23\\\/comienza-la-despedida-del-papa-miles-de-fieles-visitan-sus-restos-en-la-plaza-san-pedro\\\/\",\"name\":\"Comienza la despedida del papa: Miles de fieles visitan sus restos en la plaza San Pedro - Fuentes Fidedignas\",\"isPartOf\":{\"@id\":\"https:\\\/\\\/fuentesfidedignas.com.mx\\\/#website\"},\"primaryImageOfPage\":{\"@id\":\"https:\\\/\\\/fuentesfidedignas.com.mx\\\/index.php\\\/2025\\\/04\\\/23\\\/comienza-la-despedida-del-papa-miles-de-fieles-visitan-sus-restos-en-la-plaza-san-pedro\\\/#primaryimage\"},\"image\":{\"@id\":\"https:\\\/\\\/fuentesfidedignas.com.mx\\\/index.php\\\/2025\\\/04\\\/23\\\/comienza-la-despedida-del-papa-miles-de-fieles-visitan-sus-restos-en-la-plaza-san-pedro\\\/#primaryimage\"},\"thumbnailUrl\":\"https:\\\/\\\/fuentesfidedignas.com.mx\\\/wp-content\\\/uploads\\\/2025\\\/04\\\/despedida_papa.jpg\",\"datePublished\":\"2025-04-23T13:44:52+00:00\",\"dateModified\":\"2025-04-23T13:45:04+00:00\",\"breadcrumb\":{\"@id\":\"https:\\\/\\\/fuentesfidedignas.com.mx\\\/index.php\\\/2025\\\/04\\\/23\\\/comienza-la-despedida-del-papa-miles-de-fieles-visitan-sus-restos-en-la-plaza-san-pedro\\\/#breadcrumb\"},\"inLanguage\":\"es\",\"potentialAction\":[{\"@type\":\"ReadAction\",\"target\":[\"https:\\\/\\\/fuentesfidedignas.com.mx\\\/index.php\\\/2025\\\/04\\\/23\\\/comienza-la-despedida-del-papa-miles-de-fieles-visitan-sus-restos-en-la-plaza-san-pedro\\\/\"]}]},{\"@type\":\"ImageObject\",\"inLanguage\":\"es\",\"@id\":\"https:\\\/\\\/fuentesfidedignas.com.mx\\\/index.php\\\/2025\\\/04\\\/23\\\/comienza-la-despedida-del-papa-miles-de-fieles-visitan-sus-restos-en-la-plaza-san-pedro\\\/#primaryimage\",\"url\":\"https:\\\/\\\/fuentesfidedignas.com.mx\\\/wp-content\\\/uploads\\\/2025\\\/04\\\/despedida_papa.jpg\",\"contentUrl\":\"https:\\\/\\\/fuentesfidedignas.com.mx\\\/wp-content\\\/uploads\\\/2025\\\/04\\\/despedida_papa.jpg\",\"width\":600,\"height\":335},{\"@type\":\"BreadcrumbList\",\"@id\":\"https:\\\/\\\/fuentesfidedignas.com.mx\\\/index.php\\\/2025\\\/04\\\/23\\\/comienza-la-despedida-del-papa-miles-de-fieles-visitan-sus-restos-en-la-plaza-san-pedro\\\/#breadcrumb\",\"itemListElement\":[{\"@type\":\"ListItem\",\"position\":1,\"name\":\"Inicio\",\"item\":\"https:\\\/\\\/fuentesfidedignas.com.mx\\\/\"},{\"@type\":\"ListItem\",\"position\":2,\"name\":\"Comienza la despedida del papa: Miles de fieles visitan sus restos en la plaza San Pedro\"}]},{\"@type\":\"WebSite\",\"@id\":\"https:\\\/\\\/fuentesfidedignas.com.mx\\\/#website\",\"url\":\"https:\\\/\\\/fuentesfidedignas.com.mx\\\/\",\"name\":\"Fuentes Fidedignas\",\"description\":\"Otro sitio realizado con WordPress\",\"publisher\":{\"@id\":\"https:\\\/\\\/fuentesfidedignas.com.mx\\\/#organization\"},\"potentialAction\":[{\"@type\":\"SearchAction\",\"target\":{\"@type\":\"EntryPoint\",\"urlTemplate\":\"https:\\\/\\\/fuentesfidedignas.com.mx\\\/?s={search_term_string}\"},\"query-input\":{\"@type\":\"PropertyValueSpecification\",\"valueRequired\":true,\"valueName\":\"search_term_string\"}}],\"inLanguage\":\"es\"},{\"@type\":\"Organization\",\"@id\":\"https:\\\/\\\/fuentesfidedignas.com.mx\\\/#organization\",\"name\":\"Fuentes Fidedignas\",\"url\":\"https:\\\/\\\/fuentesfidedignas.com.mx\\\/\",\"logo\":{\"@type\":\"ImageObject\",\"inLanguage\":\"es\",\"@id\":\"https:\\\/\\\/fuentesfidedignas.com.mx\\\/#\\\/schema\\\/logo\\\/image\\\/\",\"url\":\"https:\\\/\\\/fuentesfidedignas.com.mx\\\/wp-content\\\/uploads\\\/2021\\\/04\\\/logo-retina.png\",\"contentUrl\":\"https:\\\/\\\/fuentesfidedignas.com.mx\\\/wp-content\\\/uploads\\\/2021\\\/04\\\/logo-retina.png\",\"width\":280,\"height\":51,\"caption\":\"Fuentes Fidedignas\"},\"image\":{\"@id\":\"https:\\\/\\\/fuentesfidedignas.com.mx\\\/#\\\/schema\\\/logo\\\/image\\\/\"},\"sameAs\":[\"https:\\\/\\\/www.facebook.com\\\/Fuentes-Fidedignas-368234489921644\",\"https:\\\/\\\/x.com\\\/fidedignas\"]},{\"@type\":\"Person\",\"@id\":\"https:\\\/\\\/fuentesfidedignas.com.mx\\\/#\\\/schema\\\/person\\\/0d44615087b5a626d5d3f13afe31ac41\",\"name\":\"EFE\",\"image\":{\"@type\":\"ImageObject\",\"inLanguage\":\"es\",\"@id\":\"https:\\\/\\\/secure.gravatar.com\\\/avatar\\\/7048c2d9b569d9bed55bb53ad23821e6e047aa66338fb6ea9868627bbb9f54e8?s=96&d=mm&r=g\",\"url\":\"https:\\\/\\\/secure.gravatar.com\\\/avatar\\\/7048c2d9b569d9bed55bb53ad23821e6e047aa66338fb6ea9868627bbb9f54e8?s=96&d=mm&r=g\",\"contentUrl\":\"https:\\\/\\\/secure.gravatar.com\\\/avatar\\\/7048c2d9b569d9bed55bb53ad23821e6e047aa66338fb6ea9868627bbb9f54e8?s=96&d=mm&r=g\",\"caption\":\"EFE\"},\"url\":\"https:\\\/\\\/fuentesfidedignas.com.mx\\\/index.php\\\/author\\\/efe\\\/\"}]}<\/script>\n<!-- \/ Yoast SEO plugin. -->","yoast_head_json":{"title":"Comienza la despedida del papa: Miles de fieles visitan sus restos en la plaza San Pedro - Fuentes Fidedignas","robots":{"index":"index","follow":"follow","max-snippet":"max-snippet:-1","max-image-preview":"max-image-preview:large","max-video-preview":"max-video-preview:-1"},"canonical":"https:\/\/fuentesfidedignas.com.mx\/index.php\/2025\/04\/23\/comienza-la-despedida-del-papa-miles-de-fieles-visitan-sus-restos-en-la-plaza-san-pedro\/","og_locale":"es_MX","og_type":"article","og_title":"Comienza la despedida del papa: Miles de fieles visitan sus restos en la plaza San Pedro - Fuentes Fidedignas","og_description":"Miles de creyentes hicieron filas para ver por \u00faltima vez al papa Francisco en la plaza de San Pedro. Conoce cu\u00e1nto tiempo estar\u00e1 ah\u00ed. Los miles de fieles que desde horas esperaban la apertura de la bas\u00edlica de San Pedro para dar su \u00faltimo adi\u00f3s al papa Francisco comenzaron a entrar a las 11:00 horas, [&hellip;]","og_url":"https:\/\/fuentesfidedignas.com.mx\/index.php\/2025\/04\/23\/comienza-la-despedida-del-papa-miles-de-fieles-visitan-sus-restos-en-la-plaza-san-pedro\/","og_site_name":"Fuentes Fidedignas","article_publisher":"https:\/\/www.facebook.com\/Fuentes-Fidedignas-368234489921644","article_published_time":"2025-04-23T13:44:52+00:00","article_modified_time":"2025-04-23T13:45:04+00:00","og_image":[{"width":600,"height":335,"url":"https:\/\/fuentesfidedignas.com.mx\/wp-content\/uploads\/2025\/04\/despedida_papa.jpg","type":"image\/jpeg"}],"author":"EFE","twitter_card":"summary_large_image","twitter_creator":"@fidedignas","twitter_site":"@fidedignas","twitter_misc":{"Escrito por":"EFE","Tiempo de lectura":"2 minutos"},"schema":{"@context":"https:\/\/schema.org","@graph":[{"@type":"Article","@id":"https:\/\/fuentesfidedignas.com.mx\/index.php\/2025\/04\/23\/comienza-la-despedida-del-papa-miles-de-fieles-visitan-sus-restos-en-la-plaza-san-pedro\/#article","isPartOf":{"@id":"https:\/\/fuentesfidedignas.com.mx\/index.php\/2025\/04\/23\/comienza-la-despedida-del-papa-miles-de-fieles-visitan-sus-restos-en-la-plaza-san-pedro\/"},"author":{"name":"EFE","@id":"https:\/\/fuentesfidedignas.com.mx\/#\/schema\/person\/0d44615087b5a626d5d3f13afe31ac41"},"headline":"Comienza la despedida del papa: Miles de fieles visitan sus restos en la plaza San Pedro","datePublished":"2025-04-23T13:44:52+00:00","dateModified":"2025-04-23T13:45:04+00:00","mainEntityOfPage":{"@id":"https:\/\/fuentesfidedignas.com.mx\/index.php\/2025\/04\/23\/comienza-la-despedida-del-papa-miles-de-fieles-visitan-sus-restos-en-la-plaza-san-pedro\/"},"wordCount":380,"commentCount":0,"publisher":{"@id":"https:\/\/fuentesfidedignas.com.mx\/#organization"},"image":{"@id":"https:\/\/fuentesfidedignas.com.mx\/index.php\/2025\/04\/23\/comienza-la-despedida-del-papa-miles-de-fieles-visitan-sus-restos-en-la-plaza-san-pedro\/#primaryimage"},"thumbnailUrl":"https:\/\/fuentesfidedignas.com.mx\/wp-content\/uploads\/2025\/04\/despedida_papa.jpg","articleSection":["NOTICIAS NACIONALES"],"inLanguage":"es","potentialAction":[{"@type":"CommentAction","name":"Comment","target":["https:\/\/fuentesfidedignas.com.mx\/index.php\/2025\/04\/23\/comienza-la-despedida-del-papa-miles-de-fieles-visitan-sus-restos-en-la-plaza-san-pedro\/#respond"]}]},{"@type":"WebPage","@id":"https:\/\/fuentesfidedignas.com.mx\/index.php\/2025\/04\/23\/comienza-la-despedida-del-papa-miles-de-fieles-visitan-sus-restos-en-la-plaza-san-pedro\/","url":"https:\/\/fuentesfidedignas.com.mx\/index.php\/2025\/04\/23\/comienza-la-despedida-del-papa-miles-de-fieles-visitan-sus-restos-en-la-plaza-san-pedro\/","name":"Comienza la despedida del papa: Miles de fieles visitan sus restos en la plaza San Pedro - Fuentes Fidedignas","isPartOf":{"@id":"https:\/\/fuentesfidedignas.com.mx\/#website"},"primaryImageOfPage":{"@id":"https:\/\/fuentesfidedignas.com.mx\/index.php\/2025\/04\/23\/comienza-la-despedida-del-papa-miles-de-fieles-visitan-sus-restos-en-la-plaza-san-pedro\/#primaryimage"},"image":{"@id":"https:\/\/fuentesfidedignas.com.mx\/index.php\/2025\/04\/23\/comienza-la-despedida-del-papa-miles-de-fieles-visitan-sus-restos-en-la-plaza-san-pedro\/#primaryimage"},"thumbnailUrl":"https:\/\/fuentesfidedignas.com.mx\/wp-content\/uploads\/2025\/04\/despedida_papa.jpg","datePublished":"2025-04-23T13:44:52+00:00","dateModified":"2025-04-23T13:45:04+00:00","breadcrumb":{"@id":"https:\/\/fuentesfidedignas.com.mx\/index.php\/2025\/04\/23\/comienza-la-despedida-del-papa-miles-de-fieles-visitan-sus-restos-en-la-plaza-san-pedro\/#breadcrumb"},"inLanguage":"es","potentialAction":[{"@type":"ReadAction","target":["https:\/\/fuentesfidedignas.com.mx\/index.php\/2025\/04\/23\/comienza-la-despedida-del-papa-miles-de-fieles-visitan-sus-restos-en-la-plaza-san-pedro\/"]}]},{"@type":"ImageObject","inLanguage":"es","@id":"https:\/\/fuentesfidedignas.com.mx\/index.php\/2025\/04\/23\/comienza-la-despedida-del-papa-miles-de-fieles-visitan-sus-restos-en-la-plaza-san-pedro\/#primaryimage","url":"https:\/\/fuentesfidedignas.com.mx\/wp-content\/uploads\/2025\/04\/despedida_papa.jpg","contentUrl":"https:\/\/fuentesfidedignas.com.mx\/wp-content\/uploads\/2025\/04\/despedida_papa.jpg","width":600,"height":335},{"@type":"BreadcrumbList","@id":"https:\/\/fuentesfidedignas.com.mx\/index.php\/2025\/04\/23\/comienza-la-despedida-del-papa-miles-de-fieles-visitan-sus-restos-en-la-plaza-san-pedro\/#breadcrumb","itemListElement":[{"@type":"ListItem","position":1,"name":"Inicio","item":"https:\/\/fuentesfidedignas.com.mx\/"},{"@type":"ListItem","position":2,"name":"Comienza la despedida del papa: Miles de fieles visitan sus restos en la plaza San Pedro"}]},{"@type":"WebSite","@id":"https:\/\/fuentesfidedignas.com.mx\/#website","url":"https:\/\/fuentesfidedignas.com.mx\/","name":"Fuentes Fidedignas","description":"Otro sitio realizado con WordPress","publisher":{"@id":"https:\/\/fuentesfidedignas.com.mx\/#organization"},"potentialAction":[{"@type":"SearchAction","target":{"@type":"EntryPoint","urlTemplate":"https:\/\/fuentesfidedignas.com.mx\/?s={search_term_string}"},"query-input":{"@type":"PropertyValueSpecification","valueRequired":true,"valueName":"search_term_string"}}],"inLanguage":"es"},{"@type":"Organization","@id":"https:\/\/fuentesfidedignas.com.mx\/#organization","name":"Fuentes Fidedignas","url":"https:\/\/fuentesfidedignas.com.mx\/","logo":{"@type":"ImageObject","inLanguage":"es","@id":"https:\/\/fuentesfidedignas.com.mx\/#\/schema\/logo\/image\/","url":"https:\/\/fuentesfidedignas.com.mx\/wp-content\/uploads\/2021\/04\/logo-retina.png","contentUrl":"https:\/\/fuentesfidedignas.com.mx\/wp-content\/uploads\/2021\/04\/logo-retina.png","width":280,"height":51,"caption":"Fuentes Fidedignas"},"image":{"@id":"https:\/\/fuentesfidedignas.com.mx\/#\/schema\/logo\/image\/"},"sameAs":["https:\/\/www.facebook.com\/Fuentes-Fidedignas-368234489921644","https:\/\/x.com\/fidedignas"]},{"@type":"Person","@id":"https:\/\/fuentesfidedignas.com.mx\/#\/schema\/person\/0d44615087b5a626d5d3f13afe31ac41","name":"EFE","image":{"@type":"ImageObject","inLanguage":"es","@id":"https:\/\/secure.gravatar.com\/avatar\/7048c2d9b569d9bed55bb53ad23821e6e047aa66338fb6ea9868627bbb9f54e8?s=96&d=mm&r=g","url":"https:\/\/secure.gravatar.com\/avatar\/7048c2d9b569d9bed55bb53ad23821e6e047aa66338fb6ea9868627bbb9f54e8?s=96&d=mm&r=g","contentUrl":"https:\/\/secure.gravatar.com\/avatar\/7048c2d9b569d9bed55bb53ad23821e6e047aa66338fb6ea9868627bbb9f54e8?s=96&d=mm&r=g","caption":"EFE"},"url":"https:\/\/fuentesfidedignas.com.mx\/index.php\/author\/efe\/"}]}},"_links":{"self":[{"href":"https:\/\/fuentesfidedignas.com.mx\/index.php\/wp-json\/wp\/v2\/posts\/106832","targetHints":{"allow":["GET"]}}],"collection":[{"href":"https:\/\/fuentesfidedignas.com.mx\/index.php\/wp-json\/wp\/v2\/posts"}],"about":[{"href":"https:\/\/fuentesfidedignas.com.mx\/index.php\/wp-json\/wp\/v2\/types\/post"}],"author":[{"embeddable":true,"href":"https:\/\/fuentesfidedignas.com.mx\/index.php\/wp-json\/wp\/v2\/users\/22"}],"replies":[{"embeddable":true,"href":"https:\/\/fuentesfidedignas.com.mx\/index.php\/wp-json\/wp\/v2\/comments?post=106832"}],"version-history":[{"count":1,"href":"https:\/\/fuentesfidedignas.com.mx\/index.php\/wp-json\/wp\/v2\/posts\/106832\/revisions"}],"predecessor-version":[{"id":106834,"href":"https:\/\/fuentesfidedignas.com.mx\/index.php\/wp-json\/wp\/v2\/posts\/106832\/revisions\/106834"}],"wp:featuredmedia":[{"embeddable":true,"href":"https:\/\/fuentesfidedignas.com.mx\/index.php\/wp-json\/wp\/v2\/media\/106833"}],"wp:attachment":[{"href":"https:\/\/fuentesfidedignas.com.mx\/index.php\/wp-json\/wp\/v2\/media?parent=106832"}],"wp:term":[{"taxonomy":"category","embeddable":true,"href":"https:\/\/fuentesfidedignas.com.mx\/index.php\/wp-json\/wp\/v2\/categories?post=106832"},{"taxonomy":"post_tag","embeddable":true,"href":"https:\/\/fuentesfidedignas.com.mx\/index.php\/wp-json\/wp\/v2\/tags?post=106832"}],"curies":[{"name":"wp","href":"https:\/\/api.w.org\/{rel}","templated":true}]}}