{"id":10668,"date":"2021-08-24T07:57:21","date_gmt":"2021-08-24T14:57:21","guid":{"rendered":"https:\/\/fuentesfidedignas.com.mx\/?p=10668"},"modified":"2021-08-24T07:57:25","modified_gmt":"2021-08-24T14:57:25","slug":"datos-muestran-tendencia-de-descenso-de-la-tercera-ola-lopez-gatell","status":"publish","type":"post","link":"https:\/\/fuentesfidedignas.com.mx\/index.php\/2021\/08\/24\/datos-muestran-tendencia-de-descenso-de-la-tercera-ola-lopez-gatell\/","title":{"rendered":"Datos muestran tendencia de descenso de la tercera ola: L\u00f3pez-Gatell"},"content":{"rendered":"\n<p><strong><em>Asegur\u00f3 que los datos ya muestran de forma m\u00e1s clara una tendencia de descenso de la tercera ola de Covid-19<br><\/em><\/strong><br>Ciudad de M\u00e9xico. Despu\u00e9s de m\u00e1s de dos meses que comenz\u00f3 la tercera de ola de Covid-19 en el pa\u00eds, el subsecretario de Salud, Hugo L\u00f3pez-Gatell, inform\u00f3 que ya comenz\u00f3 a disminuir el n\u00famero de infectados y de muertes por este virus, pues van tres semanas con menos casos registrados con respecto a la semana previa.<\/p>\n\n\n\n<p>\u201cEmpezamos la semana con una reducci\u00f3n de 11% en casos estimados entre la semana 32 comparado con la 31. Eso fue el domingo, 11%, hoy tenemos 10% y como suele ocurrir este cambio empieza a perderse conforme fluyen los datos de las distintas entidades federativas\u201d, dijo el funcionario.<\/p>\n\n\n\n<p>\u201cEs muy probable que terminemos la semana todav\u00eda con una reducci\u00f3n de 5%. Esto ya empezar\u00eda a ser un signo m\u00e1s claro de una tendencia de descenso de la tercera ola\u201d, agreg\u00f3 en la conferencia presidencial ma\u00f1anera desde Palacio Nacional.<\/p>\n\n\n\n<p>L\u00f3pez-Gatell afirm\u00f3 que tambi\u00e9n hay reducci\u00f3n en la ocupaci\u00f3n hospitalaria en diversas entidades del pa\u00eds, como la Ciudad de M\u00e9xico, donde ya van ocho d\u00edas con descenso.<\/p>\n\n\n\n<p>\u201cOtros indicadores con la probabilidad de que una persona con s\u00edntomas de Covid resulte positiva cuando se le hace la prueba, tambi\u00e9n se reduce, y la mortalidad tambi\u00e9n empieza a mostrar signos de reducci\u00f3n; 17 entidades federativas tienen una clara tendencia de reducci\u00f3n de la epidemia en esta semana, algunas acumulan cinco semana o seis de reducci\u00f3n que es el caso de Sinaloa\u201d, coment\u00f3.<\/p>\n\n\n\n<p>Reporte Covid 23 de agosto: M\u00e9xico suma 6,543 contagios y 371 muertes por Covid-19 en las \u00faltimas 24 horas<\/p>\n\n\n\n<p>Sobre las vacunas, mencion\u00f3 que ayer se aplicaron 388,148 dosis e indic\u00f3 que en total ya se aplicaron 81.2 millones de dosis a 56.6 millones de personas; 55% de \u00e9stas tienen el esquema completo y 45%, el esquema inicial, lo que significa 63% de la poblaci\u00f3n adulta ya ha recibido al menos una dosis.<\/p>\n\n\n\n<p>L\u00f3pez-Gatell coment\u00f3 que en esta semana se recibir\u00e1n 3.4 millones de dosis de vacunas. Adem\u00e1s, llam\u00f3 a las personas que no se han vacunado a hacerlo.<\/p>\n\n\n\n<p>Por otra parte, el canciller Marcelo Ebrard dijo que M\u00e9xico recibir\u00e1 hoy 1.75 millones de vacunas Moderna donadas por Estados Unidos, y las respectivas segundas dosis llegar\u00e1n en un mes. Mientras, en septiembre llegar\u00e1n 4.6 millones de AstraZeneca.<\/p>\n\n\n\n<p>Hasta el momento hay 9 vacunas aprobadas en M\u00e9xico y se aplican de \u00e9stas siete.<\/p>\n","protected":false},"excerpt":{"rendered":"<p>Asegur\u00f3 que los datos ya muestran de forma m\u00e1s clara una tendencia de descenso de la tercera ola de Covid-19Ciudad de M\u00e9xico. Despu\u00e9s de m\u00e1s de dos meses que comenz\u00f3 la tercera de ola de Covid-19 en el pa\u00eds, el subsecretario de Salud, Hugo L\u00f3pez-Gatell, inform\u00f3 que ya comenz\u00f3 a disminuir el n\u00famero de infectados [&hellip;]<\/p>\n","protected":false},"author":5,"featured_media":10669,"comment_status":"open","ping_status":"open","sticky":false,"template":"","format":"standard","meta":{"tdm_status":"","tdm_grid_status":"","footnotes":""},"categories":[39],"tags":[],"class_list":{"0":"post-10668","1":"post","2":"type-post","3":"status-publish","4":"format-standard","5":"has-post-thumbnail","7":"category-noticias-nacionales"},"yoast_head":"<!-- This site is optimized with the Yoast SEO plugin v27.5 - https:\/\/yoast.com\/product\/yoast-seo-wordpress\/ -->\n<title>Datos muestran tendencia de descenso de la tercera ola: L\u00f3pez-Gatell - Fuentes Fidedignas<\/title>\n<meta name=\"robots\" content=\"index, follow, max-snippet:-1, max-image-preview:large, max-video-preview:-1\" \/>\n<link rel=\"canonical\" href=\"https:\/\/fuentesfidedignas.com.mx\/index.php\/2021\/08\/24\/datos-muestran-tendencia-de-descenso-de-la-tercera-ola-lopez-gatell\/\" \/>\n<meta property=\"og:locale\" content=\"es_MX\" \/>\n<meta property=\"og:type\" content=\"article\" \/>\n<meta property=\"og:title\" content=\"Datos muestran tendencia de descenso de la tercera ola: L\u00f3pez-Gatell - Fuentes Fidedignas\" \/>\n<meta property=\"og:description\" content=\"Asegur\u00f3 que los datos ya muestran de forma m\u00e1s clara una tendencia de descenso de la tercera ola de Covid-19Ciudad de M\u00e9xico. Despu\u00e9s de m\u00e1s de dos meses que comenz\u00f3 la tercera de ola de Covid-19 en el pa\u00eds, el subsecretario de Salud, Hugo L\u00f3pez-Gatell, inform\u00f3 que ya comenz\u00f3 a disminuir el n\u00famero de infectados [&hellip;]\" \/>\n<meta property=\"og:url\" content=\"https:\/\/fuentesfidedignas.com.mx\/index.php\/2021\/08\/24\/datos-muestran-tendencia-de-descenso-de-la-tercera-ola-lopez-gatell\/\" \/>\n<meta property=\"og:site_name\" content=\"Fuentes Fidedignas\" \/>\n<meta property=\"article:publisher\" content=\"https:\/\/www.facebook.com\/Fuentes-Fidedignas-368234489921644\" \/>\n<meta property=\"article:published_time\" content=\"2021-08-24T14:57:21+00:00\" \/>\n<meta property=\"article:modified_time\" content=\"2021-08-24T14:57:25+00:00\" \/>\n<meta property=\"og:image\" content=\"https:\/\/fuentesfidedignas.com.mx\/wp-content\/uploads\/2021\/08\/c13508cf-2a75-41be-9f85-c676e3feab72-e1625577516159-768x432-1.jpg\" \/>\n\t<meta property=\"og:image:width\" content=\"768\" \/>\n\t<meta property=\"og:image:height\" content=\"432\" \/>\n\t<meta property=\"og:image:type\" content=\"image\/jpeg\" \/>\n<meta name=\"author\" content=\"Forbes\" \/>\n<meta name=\"twitter:card\" content=\"summary_large_image\" \/>\n<meta name=\"twitter:creator\" content=\"@fidedignas\" \/>\n<meta name=\"twitter:site\" content=\"@fidedignas\" \/>\n<meta name=\"twitter:label1\" content=\"Escrito por\" \/>\n\t<meta name=\"twitter:data1\" content=\"Forbes\" \/>\n\t<meta name=\"twitter:label2\" content=\"Tiempo de lectura\" \/>\n\t<meta name=\"twitter:data2\" content=\"2 minutos\" \/>\n<script type=\"application\/ld+json\" class=\"yoast-schema-graph\">{\"@context\":\"https:\\\/\\\/schema.org\",\"@graph\":[{\"@type\":\"Article\",\"@id\":\"https:\\\/\\\/fuentesfidedignas.com.mx\\\/index.php\\\/2021\\\/08\\\/24\\\/datos-muestran-tendencia-de-descenso-de-la-tercera-ola-lopez-gatell\\\/#article\",\"isPartOf\":{\"@id\":\"https:\\\/\\\/fuentesfidedignas.com.mx\\\/index.php\\\/2021\\\/08\\\/24\\\/datos-muestran-tendencia-de-descenso-de-la-tercera-ola-lopez-gatell\\\/\"},\"author\":{\"name\":\"Forbes\",\"@id\":\"https:\\\/\\\/fuentesfidedignas.com.mx\\\/#\\\/schema\\\/person\\\/5623d53fe2e579d825b1679734abcc44\"},\"headline\":\"Datos muestran tendencia de descenso de la tercera ola: L\u00f3pez-Gatell\",\"datePublished\":\"2021-08-24T14:57:21+00:00\",\"dateModified\":\"2021-08-24T14:57:25+00:00\",\"mainEntityOfPage\":{\"@id\":\"https:\\\/\\\/fuentesfidedignas.com.mx\\\/index.php\\\/2021\\\/08\\\/24\\\/datos-muestran-tendencia-de-descenso-de-la-tercera-ola-lopez-gatell\\\/\"},\"wordCount\":432,\"commentCount\":0,\"publisher\":{\"@id\":\"https:\\\/\\\/fuentesfidedignas.com.mx\\\/#organization\"},\"image\":{\"@id\":\"https:\\\/\\\/fuentesfidedignas.com.mx\\\/index.php\\\/2021\\\/08\\\/24\\\/datos-muestran-tendencia-de-descenso-de-la-tercera-ola-lopez-gatell\\\/#primaryimage\"},\"thumbnailUrl\":\"https:\\\/\\\/fuentesfidedignas.com.mx\\\/wp-content\\\/uploads\\\/2021\\\/08\\\/c13508cf-2a75-41be-9f85-c676e3feab72-e1625577516159-768x432-1.jpg\",\"articleSection\":[\"NOTICIAS NACIONALES\"],\"inLanguage\":\"es\",\"potentialAction\":[{\"@type\":\"CommentAction\",\"name\":\"Comment\",\"target\":[\"https:\\\/\\\/fuentesfidedignas.com.mx\\\/index.php\\\/2021\\\/08\\\/24\\\/datos-muestran-tendencia-de-descenso-de-la-tercera-ola-lopez-gatell\\\/#respond\"]}]},{\"@type\":\"WebPage\",\"@id\":\"https:\\\/\\\/fuentesfidedignas.com.mx\\\/index.php\\\/2021\\\/08\\\/24\\\/datos-muestran-tendencia-de-descenso-de-la-tercera-ola-lopez-gatell\\\/\",\"url\":\"https:\\\/\\\/fuentesfidedignas.com.mx\\\/index.php\\\/2021\\\/08\\\/24\\\/datos-muestran-tendencia-de-descenso-de-la-tercera-ola-lopez-gatell\\\/\",\"name\":\"Datos muestran tendencia de descenso de la tercera ola: L\u00f3pez-Gatell - Fuentes Fidedignas\",\"isPartOf\":{\"@id\":\"https:\\\/\\\/fuentesfidedignas.com.mx\\\/#website\"},\"primaryImageOfPage\":{\"@id\":\"https:\\\/\\\/fuentesfidedignas.com.mx\\\/index.php\\\/2021\\\/08\\\/24\\\/datos-muestran-tendencia-de-descenso-de-la-tercera-ola-lopez-gatell\\\/#primaryimage\"},\"image\":{\"@id\":\"https:\\\/\\\/fuentesfidedignas.com.mx\\\/index.php\\\/2021\\\/08\\\/24\\\/datos-muestran-tendencia-de-descenso-de-la-tercera-ola-lopez-gatell\\\/#primaryimage\"},\"thumbnailUrl\":\"https:\\\/\\\/fuentesfidedignas.com.mx\\\/wp-content\\\/uploads\\\/2021\\\/08\\\/c13508cf-2a75-41be-9f85-c676e3feab72-e1625577516159-768x432-1.jpg\",\"datePublished\":\"2021-08-24T14:57:21+00:00\",\"dateModified\":\"2021-08-24T14:57:25+00:00\",\"breadcrumb\":{\"@id\":\"https:\\\/\\\/fuentesfidedignas.com.mx\\\/index.php\\\/2021\\\/08\\\/24\\\/datos-muestran-tendencia-de-descenso-de-la-tercera-ola-lopez-gatell\\\/#breadcrumb\"},\"inLanguage\":\"es\",\"potentialAction\":[{\"@type\":\"ReadAction\",\"target\":[\"https:\\\/\\\/fuentesfidedignas.com.mx\\\/index.php\\\/2021\\\/08\\\/24\\\/datos-muestran-tendencia-de-descenso-de-la-tercera-ola-lopez-gatell\\\/\"]}]},{\"@type\":\"ImageObject\",\"inLanguage\":\"es\",\"@id\":\"https:\\\/\\\/fuentesfidedignas.com.mx\\\/index.php\\\/2021\\\/08\\\/24\\\/datos-muestran-tendencia-de-descenso-de-la-tercera-ola-lopez-gatell\\\/#primaryimage\",\"url\":\"https:\\\/\\\/fuentesfidedignas.com.mx\\\/wp-content\\\/uploads\\\/2021\\\/08\\\/c13508cf-2a75-41be-9f85-c676e3feab72-e1625577516159-768x432-1.jpg\",\"contentUrl\":\"https:\\\/\\\/fuentesfidedignas.com.mx\\\/wp-content\\\/uploads\\\/2021\\\/08\\\/c13508cf-2a75-41be-9f85-c676e3feab72-e1625577516159-768x432-1.jpg\",\"width\":768,\"height\":432},{\"@type\":\"BreadcrumbList\",\"@id\":\"https:\\\/\\\/fuentesfidedignas.com.mx\\\/index.php\\\/2021\\\/08\\\/24\\\/datos-muestran-tendencia-de-descenso-de-la-tercera-ola-lopez-gatell\\\/#breadcrumb\",\"itemListElement\":[{\"@type\":\"ListItem\",\"position\":1,\"name\":\"Inicio\",\"item\":\"https:\\\/\\\/fuentesfidedignas.com.mx\\\/\"},{\"@type\":\"ListItem\",\"position\":2,\"name\":\"Datos muestran tendencia de descenso de la tercera ola: L\u00f3pez-Gatell\"}]},{\"@type\":\"WebSite\",\"@id\":\"https:\\\/\\\/fuentesfidedignas.com.mx\\\/#website\",\"url\":\"https:\\\/\\\/fuentesfidedignas.com.mx\\\/\",\"name\":\"Fuentes Fidedignas\",\"description\":\"Otro sitio realizado con WordPress\",\"publisher\":{\"@id\":\"https:\\\/\\\/fuentesfidedignas.com.mx\\\/#organization\"},\"potentialAction\":[{\"@type\":\"SearchAction\",\"target\":{\"@type\":\"EntryPoint\",\"urlTemplate\":\"https:\\\/\\\/fuentesfidedignas.com.mx\\\/?s={search_term_string}\"},\"query-input\":{\"@type\":\"PropertyValueSpecification\",\"valueRequired\":true,\"valueName\":\"search_term_string\"}}],\"inLanguage\":\"es\"},{\"@type\":\"Organization\",\"@id\":\"https:\\\/\\\/fuentesfidedignas.com.mx\\\/#organization\",\"name\":\"Fuentes Fidedignas\",\"url\":\"https:\\\/\\\/fuentesfidedignas.com.mx\\\/\",\"logo\":{\"@type\":\"ImageObject\",\"inLanguage\":\"es\",\"@id\":\"https:\\\/\\\/fuentesfidedignas.com.mx\\\/#\\\/schema\\\/logo\\\/image\\\/\",\"url\":\"https:\\\/\\\/fuentesfidedignas.com.mx\\\/wp-content\\\/uploads\\\/2021\\\/04\\\/logo-retina.png\",\"contentUrl\":\"https:\\\/\\\/fuentesfidedignas.com.mx\\\/wp-content\\\/uploads\\\/2021\\\/04\\\/logo-retina.png\",\"width\":280,\"height\":51,\"caption\":\"Fuentes Fidedignas\"},\"image\":{\"@id\":\"https:\\\/\\\/fuentesfidedignas.com.mx\\\/#\\\/schema\\\/logo\\\/image\\\/\"},\"sameAs\":[\"https:\\\/\\\/www.facebook.com\\\/Fuentes-Fidedignas-368234489921644\",\"https:\\\/\\\/x.com\\\/fidedignas\"]},{\"@type\":\"Person\",\"@id\":\"https:\\\/\\\/fuentesfidedignas.com.mx\\\/#\\\/schema\\\/person\\\/5623d53fe2e579d825b1679734abcc44\",\"name\":\"Forbes\",\"image\":{\"@type\":\"ImageObject\",\"inLanguage\":\"es\",\"@id\":\"https:\\\/\\\/secure.gravatar.com\\\/avatar\\\/87ce3dd4e41e60c22a79c758614f01a6bc2469255fc936ec7b15efb9bb5cb66f?s=96&d=mm&r=g\",\"url\":\"https:\\\/\\\/secure.gravatar.com\\\/avatar\\\/87ce3dd4e41e60c22a79c758614f01a6bc2469255fc936ec7b15efb9bb5cb66f?s=96&d=mm&r=g\",\"contentUrl\":\"https:\\\/\\\/secure.gravatar.com\\\/avatar\\\/87ce3dd4e41e60c22a79c758614f01a6bc2469255fc936ec7b15efb9bb5cb66f?s=96&d=mm&r=g\",\"caption\":\"Forbes\"},\"url\":\"https:\\\/\\\/fuentesfidedignas.com.mx\\\/index.php\\\/author\\\/forbes\\\/\"}]}<\/script>\n<!-- \/ Yoast SEO plugin. -->","yoast_head_json":{"title":"Datos muestran tendencia de descenso de la tercera ola: L\u00f3pez-Gatell - Fuentes Fidedignas","robots":{"index":"index","follow":"follow","max-snippet":"max-snippet:-1","max-image-preview":"max-image-preview:large","max-video-preview":"max-video-preview:-1"},"canonical":"https:\/\/fuentesfidedignas.com.mx\/index.php\/2021\/08\/24\/datos-muestran-tendencia-de-descenso-de-la-tercera-ola-lopez-gatell\/","og_locale":"es_MX","og_type":"article","og_title":"Datos muestran tendencia de descenso de la tercera ola: L\u00f3pez-Gatell - Fuentes Fidedignas","og_description":"Asegur\u00f3 que los datos ya muestran de forma m\u00e1s clara una tendencia de descenso de la tercera ola de Covid-19Ciudad de M\u00e9xico. Despu\u00e9s de m\u00e1s de dos meses que comenz\u00f3 la tercera de ola de Covid-19 en el pa\u00eds, el subsecretario de Salud, Hugo L\u00f3pez-Gatell, inform\u00f3 que ya comenz\u00f3 a disminuir el n\u00famero de infectados [&hellip;]","og_url":"https:\/\/fuentesfidedignas.com.mx\/index.php\/2021\/08\/24\/datos-muestran-tendencia-de-descenso-de-la-tercera-ola-lopez-gatell\/","og_site_name":"Fuentes Fidedignas","article_publisher":"https:\/\/www.facebook.com\/Fuentes-Fidedignas-368234489921644","article_published_time":"2021-08-24T14:57:21+00:00","article_modified_time":"2021-08-24T14:57:25+00:00","og_image":[{"width":768,"height":432,"url":"https:\/\/fuentesfidedignas.com.mx\/wp-content\/uploads\/2021\/08\/c13508cf-2a75-41be-9f85-c676e3feab72-e1625577516159-768x432-1.jpg","type":"image\/jpeg"}],"author":"Forbes","twitter_card":"summary_large_image","twitter_creator":"@fidedignas","twitter_site":"@fidedignas","twitter_misc":{"Escrito por":"Forbes","Tiempo de lectura":"2 minutos"},"schema":{"@context":"https:\/\/schema.org","@graph":[{"@type":"Article","@id":"https:\/\/fuentesfidedignas.com.mx\/index.php\/2021\/08\/24\/datos-muestran-tendencia-de-descenso-de-la-tercera-ola-lopez-gatell\/#article","isPartOf":{"@id":"https:\/\/fuentesfidedignas.com.mx\/index.php\/2021\/08\/24\/datos-muestran-tendencia-de-descenso-de-la-tercera-ola-lopez-gatell\/"},"author":{"name":"Forbes","@id":"https:\/\/fuentesfidedignas.com.mx\/#\/schema\/person\/5623d53fe2e579d825b1679734abcc44"},"headline":"Datos muestran tendencia de descenso de la tercera ola: L\u00f3pez-Gatell","datePublished":"2021-08-24T14:57:21+00:00","dateModified":"2021-08-24T14:57:25+00:00","mainEntityOfPage":{"@id":"https:\/\/fuentesfidedignas.com.mx\/index.php\/2021\/08\/24\/datos-muestran-tendencia-de-descenso-de-la-tercera-ola-lopez-gatell\/"},"wordCount":432,"commentCount":0,"publisher":{"@id":"https:\/\/fuentesfidedignas.com.mx\/#organization"},"image":{"@id":"https:\/\/fuentesfidedignas.com.mx\/index.php\/2021\/08\/24\/datos-muestran-tendencia-de-descenso-de-la-tercera-ola-lopez-gatell\/#primaryimage"},"thumbnailUrl":"https:\/\/fuentesfidedignas.com.mx\/wp-content\/uploads\/2021\/08\/c13508cf-2a75-41be-9f85-c676e3feab72-e1625577516159-768x432-1.jpg","articleSection":["NOTICIAS NACIONALES"],"inLanguage":"es","potentialAction":[{"@type":"CommentAction","name":"Comment","target":["https:\/\/fuentesfidedignas.com.mx\/index.php\/2021\/08\/24\/datos-muestran-tendencia-de-descenso-de-la-tercera-ola-lopez-gatell\/#respond"]}]},{"@type":"WebPage","@id":"https:\/\/fuentesfidedignas.com.mx\/index.php\/2021\/08\/24\/datos-muestran-tendencia-de-descenso-de-la-tercera-ola-lopez-gatell\/","url":"https:\/\/fuentesfidedignas.com.mx\/index.php\/2021\/08\/24\/datos-muestran-tendencia-de-descenso-de-la-tercera-ola-lopez-gatell\/","name":"Datos muestran tendencia de descenso de la tercera ola: L\u00f3pez-Gatell - Fuentes Fidedignas","isPartOf":{"@id":"https:\/\/fuentesfidedignas.com.mx\/#website"},"primaryImageOfPage":{"@id":"https:\/\/fuentesfidedignas.com.mx\/index.php\/2021\/08\/24\/datos-muestran-tendencia-de-descenso-de-la-tercera-ola-lopez-gatell\/#primaryimage"},"image":{"@id":"https:\/\/fuentesfidedignas.com.mx\/index.php\/2021\/08\/24\/datos-muestran-tendencia-de-descenso-de-la-tercera-ola-lopez-gatell\/#primaryimage"},"thumbnailUrl":"https:\/\/fuentesfidedignas.com.mx\/wp-content\/uploads\/2021\/08\/c13508cf-2a75-41be-9f85-c676e3feab72-e1625577516159-768x432-1.jpg","datePublished":"2021-08-24T14:57:21+00:00","dateModified":"2021-08-24T14:57:25+00:00","breadcrumb":{"@id":"https:\/\/fuentesfidedignas.com.mx\/index.php\/2021\/08\/24\/datos-muestran-tendencia-de-descenso-de-la-tercera-ola-lopez-gatell\/#breadcrumb"},"inLanguage":"es","potentialAction":[{"@type":"ReadAction","target":["https:\/\/fuentesfidedignas.com.mx\/index.php\/2021\/08\/24\/datos-muestran-tendencia-de-descenso-de-la-tercera-ola-lopez-gatell\/"]}]},{"@type":"ImageObject","inLanguage":"es","@id":"https:\/\/fuentesfidedignas.com.mx\/index.php\/2021\/08\/24\/datos-muestran-tendencia-de-descenso-de-la-tercera-ola-lopez-gatell\/#primaryimage","url":"https:\/\/fuentesfidedignas.com.mx\/wp-content\/uploads\/2021\/08\/c13508cf-2a75-41be-9f85-c676e3feab72-e1625577516159-768x432-1.jpg","contentUrl":"https:\/\/fuentesfidedignas.com.mx\/wp-content\/uploads\/2021\/08\/c13508cf-2a75-41be-9f85-c676e3feab72-e1625577516159-768x432-1.jpg","width":768,"height":432},{"@type":"BreadcrumbList","@id":"https:\/\/fuentesfidedignas.com.mx\/index.php\/2021\/08\/24\/datos-muestran-tendencia-de-descenso-de-la-tercera-ola-lopez-gatell\/#breadcrumb","itemListElement":[{"@type":"ListItem","position":1,"name":"Inicio","item":"https:\/\/fuentesfidedignas.com.mx\/"},{"@type":"ListItem","position":2,"name":"Datos muestran tendencia de descenso de la tercera ola: L\u00f3pez-Gatell"}]},{"@type":"WebSite","@id":"https:\/\/fuentesfidedignas.com.mx\/#website","url":"https:\/\/fuentesfidedignas.com.mx\/","name":"Fuentes Fidedignas","description":"Otro sitio realizado con WordPress","publisher":{"@id":"https:\/\/fuentesfidedignas.com.mx\/#organization"},"potentialAction":[{"@type":"SearchAction","target":{"@type":"EntryPoint","urlTemplate":"https:\/\/fuentesfidedignas.com.mx\/?s={search_term_string}"},"query-input":{"@type":"PropertyValueSpecification","valueRequired":true,"valueName":"search_term_string"}}],"inLanguage":"es"},{"@type":"Organization","@id":"https:\/\/fuentesfidedignas.com.mx\/#organization","name":"Fuentes Fidedignas","url":"https:\/\/fuentesfidedignas.com.mx\/","logo":{"@type":"ImageObject","inLanguage":"es","@id":"https:\/\/fuentesfidedignas.com.mx\/#\/schema\/logo\/image\/","url":"https:\/\/fuentesfidedignas.com.mx\/wp-content\/uploads\/2021\/04\/logo-retina.png","contentUrl":"https:\/\/fuentesfidedignas.com.mx\/wp-content\/uploads\/2021\/04\/logo-retina.png","width":280,"height":51,"caption":"Fuentes Fidedignas"},"image":{"@id":"https:\/\/fuentesfidedignas.com.mx\/#\/schema\/logo\/image\/"},"sameAs":["https:\/\/www.facebook.com\/Fuentes-Fidedignas-368234489921644","https:\/\/x.com\/fidedignas"]},{"@type":"Person","@id":"https:\/\/fuentesfidedignas.com.mx\/#\/schema\/person\/5623d53fe2e579d825b1679734abcc44","name":"Forbes","image":{"@type":"ImageObject","inLanguage":"es","@id":"https:\/\/secure.gravatar.com\/avatar\/87ce3dd4e41e60c22a79c758614f01a6bc2469255fc936ec7b15efb9bb5cb66f?s=96&d=mm&r=g","url":"https:\/\/secure.gravatar.com\/avatar\/87ce3dd4e41e60c22a79c758614f01a6bc2469255fc936ec7b15efb9bb5cb66f?s=96&d=mm&r=g","contentUrl":"https:\/\/secure.gravatar.com\/avatar\/87ce3dd4e41e60c22a79c758614f01a6bc2469255fc936ec7b15efb9bb5cb66f?s=96&d=mm&r=g","caption":"Forbes"},"url":"https:\/\/fuentesfidedignas.com.mx\/index.php\/author\/forbes\/"}]}},"_links":{"self":[{"href":"https:\/\/fuentesfidedignas.com.mx\/index.php\/wp-json\/wp\/v2\/posts\/10668","targetHints":{"allow":["GET"]}}],"collection":[{"href":"https:\/\/fuentesfidedignas.com.mx\/index.php\/wp-json\/wp\/v2\/posts"}],"about":[{"href":"https:\/\/fuentesfidedignas.com.mx\/index.php\/wp-json\/wp\/v2\/types\/post"}],"author":[{"embeddable":true,"href":"https:\/\/fuentesfidedignas.com.mx\/index.php\/wp-json\/wp\/v2\/users\/5"}],"replies":[{"embeddable":true,"href":"https:\/\/fuentesfidedignas.com.mx\/index.php\/wp-json\/wp\/v2\/comments?post=10668"}],"version-history":[{"count":1,"href":"https:\/\/fuentesfidedignas.com.mx\/index.php\/wp-json\/wp\/v2\/posts\/10668\/revisions"}],"predecessor-version":[{"id":10670,"href":"https:\/\/fuentesfidedignas.com.mx\/index.php\/wp-json\/wp\/v2\/posts\/10668\/revisions\/10670"}],"wp:featuredmedia":[{"embeddable":true,"href":"https:\/\/fuentesfidedignas.com.mx\/index.php\/wp-json\/wp\/v2\/media\/10669"}],"wp:attachment":[{"href":"https:\/\/fuentesfidedignas.com.mx\/index.php\/wp-json\/wp\/v2\/media?parent=10668"}],"wp:term":[{"taxonomy":"category","embeddable":true,"href":"https:\/\/fuentesfidedignas.com.mx\/index.php\/wp-json\/wp\/v2\/categories?post=10668"},{"taxonomy":"post_tag","embeddable":true,"href":"https:\/\/fuentesfidedignas.com.mx\/index.php\/wp-json\/wp\/v2\/tags?post=10668"}],"curies":[{"name":"wp","href":"https:\/\/api.w.org\/{rel}","templated":true}]}}