{"id":10665,"date":"2021-08-24T06:23:58","date_gmt":"2021-08-24T13:23:58","guid":{"rendered":"https:\/\/fuentesfidedignas.com.mx\/?p=10665"},"modified":"2021-08-24T06:24:00","modified_gmt":"2021-08-24T13:24:00","slug":"regreso-a-clases-en-sinaloa-asi-se-regulara-la-actividad-presencial","status":"publish","type":"post","link":"https:\/\/fuentesfidedignas.com.mx\/index.php\/2021\/08\/24\/regreso-a-clases-en-sinaloa-asi-se-regulara-la-actividad-presencial\/","title":{"rendered":"Regreso a clases en Sinaloa: as\u00ed se regular\u00e1 la actividad presencial"},"content":{"rendered":"\n<p><strong><em>Para el color verde la operaci\u00f3n ser\u00e1 hasta del 100 por ciento; en color amarillo, del 50 hasta el 75%; color naranja, del 30 al 50% y en color rojo hasta el 30 por ciento<\/em><\/strong><\/p>\n\n\n\n<p>Culiac\u00e1n, Sin.- Sinaloa ya cuenta con un marco legal adecuado para iniciar el proceso de conquista hacia las aulas el pr\u00f3ximo ciclo escolar 2021-2022, mismo que establece que ser\u00e1 gradual, focalizado.<\/p>\n\n\n\n<p>Dicho marco legal fue publicado ayer en el peri\u00f3dico oficial \u201cEl estado de Sinaloa\u201d, en el que privar\u00e1 el contexto, ser\u00e1 voluntario y la decisi\u00f3n forma parte de la autonom\u00eda escolar.<\/p>\n\n\n\n<p>El secretario de Educaci\u00f3n, Juan Alfonso Mej\u00eda L\u00f3pez, destac\u00f3 la voluntad del gobernador Quirino Ordaz Coppel para que la entidad cuente con disposiciones legales que permita un regreso a clases seguro a partir del 30 de agosto, fecha de inicio del ciclo escolar 2021-2022. El regreso, dijo, ser\u00e1 sin prisa, pero sin pausa.<\/p>\n\n\n\n<p>Con la publicaci\u00f3n est\u00e1 disposici\u00f3n legal Sinaloa cuenta con los lineamientos que orientar\u00e1n a las escuelas en la operatividad: niveles de asistencia permitida de alumnas y alumnos, la manera en que los padres de familia comunicar\u00e1n con los docentes el primer filtro sanitario, la integraci\u00f3n de los Comit\u00e9s participativos de salud escolar, los protocolos de salud para el ingreso y permanencia en los planteles, as\u00ed como el esquema h\u00edbrido con el que cada escuela determinar\u00e1, con base en su contexto los d\u00edas que dedicar\u00e1 a la actividad presencial y a distancia.<\/p>\n\n\n\n<p><em>Sem\u00e1foro epidemiol\u00f3gico.<\/em> El porcentaje de alumnas y alumnos que podr\u00e1 asistir de manera presencial en las escuelas se determinar\u00e1 de acuerdo al color del sem\u00e1foro de riesgo epid\u00e9mico Covid-19 de la Secretar\u00eda de Salud Federal. Para el color verde la operaci\u00f3n ser\u00e1 hasta del 100 por ciento; en color amarillo, del 50 hasta el 75%; color naranja, del 30 al 50% y en color rojo hasta el 30 por ciento.<\/p>\n\n\n\n<p><em>Integraci\u00f3n de Comit\u00e9s Participativos de Salud Escolar.<\/em> Cada plantel, en los diferentes niveles educativos, deber\u00e1 integrar un Comit\u00e9 Participativo de Salud Escolar (CPSE) para implementar los filtros de salud en casa, en la entrada de la escuela y al interior de las aulas, as\u00ed como los protocolos sanitarios a seguir por parte de la comunidad educativa.<\/p>\n\n\n\n<p><em>Esquema h\u00edbrido.<\/em> El modelo propuesto por Sinaloa se\u00f1ala que, una vez que padres de familia, directores, y maestros hayan decidido regresar a un esquema presencial, determinar\u00e1 los d\u00edas que podr\u00e1n dedicar a distancia y los d\u00edas que atender\u00e1n a las y los alumnos en las aulas.<\/p>\n\n\n\n<p><em>Esquema a distancia.<\/em> En donde no existan las condiciones y\/o voluntad para un regreso presencial, se continuar\u00e1 ofreciendo el servicio educativo mediante las tecnolog\u00edas de la informaci\u00f3n y comunicaci\u00f3n. Las y los docentes, al ser quienes mejor conocen c\u00f3mo aprenden m\u00e1s y mejor sus alumnos, podr\u00e1n decidir las herramientas pedag\u00f3gicas m\u00e1s eficaces de acuerdo al contexto de cada familia.<\/p>\n\n\n\n<p><em>Recado escolar.<\/em> Los padres y madres de familia o tutores notificar\u00e1n semanalmente a las y los docentes c\u00f3mo est\u00e1 su hija o hijo mediante un recado escolar y si presenta o no alg\u00fan s\u00edntoma de contagio relacionado al virus SARS-CoV2. La ausencia del documento no impedir\u00e1 que el alumno sea recibido en la escuela.<\/p>\n\n\n\n<p><em>El arranque del ciclo escolar.<\/em> Durante el primer trimestre del ciclo escolar 2021-2022 se realizar\u00e1 una valoraci\u00f3n diagn\u00f3stica a los alumnos y un posterior periodo extraordinario de recuperaci\u00f3n para abatir rezagos en el aprendizaje correspondiente al grado anterior.<\/p>\n","protected":false},"excerpt":{"rendered":"<p>Para el color verde la operaci\u00f3n ser\u00e1 hasta del 100 por ciento; en color amarillo, del 50 hasta el 75%; color naranja, del 30 al 50% y en color rojo hasta el 30 por ciento Culiac\u00e1n, Sin.- Sinaloa ya cuenta con un marco legal adecuado para iniciar el proceso de conquista hacia las aulas el [&hellip;]<\/p>\n","protected":false},"author":4,"featured_media":10666,"comment_status":"open","ping_status":"open","sticky":false,"template":"","format":"standard","meta":{"tdm_status":"","tdm_grid_status":"","footnotes":""},"categories":[37],"tags":[],"class_list":{"0":"post-10665","1":"post","2":"type-post","3":"status-publish","4":"format-standard","5":"has-post-thumbnail","7":"category-nota-principal"},"yoast_head":"<!-- This site is optimized with the Yoast SEO plugin v27.5 - https:\/\/yoast.com\/product\/yoast-seo-wordpress\/ -->\n<title>Regreso a clases en Sinaloa: as\u00ed se regular\u00e1 la actividad presencial - Fuentes Fidedignas<\/title>\n<meta name=\"robots\" content=\"index, follow, max-snippet:-1, max-image-preview:large, max-video-preview:-1\" \/>\n<link rel=\"canonical\" href=\"https:\/\/fuentesfidedignas.com.mx\/index.php\/2021\/08\/24\/regreso-a-clases-en-sinaloa-asi-se-regulara-la-actividad-presencial\/\" \/>\n<meta property=\"og:locale\" content=\"es_MX\" \/>\n<meta property=\"og:type\" content=\"article\" \/>\n<meta property=\"og:title\" content=\"Regreso a clases en Sinaloa: as\u00ed se regular\u00e1 la actividad presencial - Fuentes Fidedignas\" \/>\n<meta property=\"og:description\" content=\"Para el color verde la operaci\u00f3n ser\u00e1 hasta del 100 por ciento; en color amarillo, del 50 hasta el 75%; color naranja, del 30 al 50% y en color rojo hasta el 30 por ciento Culiac\u00e1n, Sin.- Sinaloa ya cuenta con un marco legal adecuado para iniciar el proceso de conquista hacia las aulas el [&hellip;]\" \/>\n<meta property=\"og:url\" content=\"https:\/\/fuentesfidedignas.com.mx\/index.php\/2021\/08\/24\/regreso-a-clases-en-sinaloa-asi-se-regulara-la-actividad-presencial\/\" \/>\n<meta property=\"og:site_name\" content=\"Fuentes Fidedignas\" \/>\n<meta property=\"article:publisher\" content=\"https:\/\/www.facebook.com\/Fuentes-Fidedignas-368234489921644\" \/>\n<meta property=\"article:published_time\" content=\"2021-08-24T13:23:58+00:00\" \/>\n<meta property=\"article:modified_time\" content=\"2021-08-24T13:24:00+00:00\" \/>\n<meta property=\"og:image\" content=\"https:\/\/fuentesfidedignas.com.mx\/wp-content\/uploads\/2021\/08\/010ninos-covid-2.jpg\" \/>\n\t<meta property=\"og:image:width\" content=\"1201\" \/>\n\t<meta property=\"og:image:height\" content=\"740\" \/>\n\t<meta property=\"og:image:type\" content=\"image\/jpeg\" \/>\n<meta name=\"author\" content=\"Redacci\u00f3n\" \/>\n<meta name=\"twitter:card\" content=\"summary_large_image\" \/>\n<meta name=\"twitter:creator\" content=\"@fidedignas\" \/>\n<meta name=\"twitter:site\" content=\"@fidedignas\" \/>\n<meta name=\"twitter:label1\" content=\"Escrito por\" \/>\n\t<meta name=\"twitter:data1\" content=\"Redacci\u00f3n\" \/>\n\t<meta name=\"twitter:label2\" content=\"Tiempo de lectura\" \/>\n\t<meta name=\"twitter:data2\" content=\"3 minutos\" \/>\n<script type=\"application\/ld+json\" class=\"yoast-schema-graph\">{\"@context\":\"https:\\\/\\\/schema.org\",\"@graph\":[{\"@type\":\"Article\",\"@id\":\"https:\\\/\\\/fuentesfidedignas.com.mx\\\/index.php\\\/2021\\\/08\\\/24\\\/regreso-a-clases-en-sinaloa-asi-se-regulara-la-actividad-presencial\\\/#article\",\"isPartOf\":{\"@id\":\"https:\\\/\\\/fuentesfidedignas.com.mx\\\/index.php\\\/2021\\\/08\\\/24\\\/regreso-a-clases-en-sinaloa-asi-se-regulara-la-actividad-presencial\\\/\"},\"author\":{\"name\":\"Redacci\u00f3n\",\"@id\":\"https:\\\/\\\/fuentesfidedignas.com.mx\\\/#\\\/schema\\\/person\\\/331be9283d37198e2acd5750279085b0\"},\"headline\":\"Regreso a clases en Sinaloa: as\u00ed se regular\u00e1 la actividad presencial\",\"datePublished\":\"2021-08-24T13:23:58+00:00\",\"dateModified\":\"2021-08-24T13:24:00+00:00\",\"mainEntityOfPage\":{\"@id\":\"https:\\\/\\\/fuentesfidedignas.com.mx\\\/index.php\\\/2021\\\/08\\\/24\\\/regreso-a-clases-en-sinaloa-asi-se-regulara-la-actividad-presencial\\\/\"},\"wordCount\":610,\"commentCount\":0,\"publisher\":{\"@id\":\"https:\\\/\\\/fuentesfidedignas.com.mx\\\/#organization\"},\"image\":{\"@id\":\"https:\\\/\\\/fuentesfidedignas.com.mx\\\/index.php\\\/2021\\\/08\\\/24\\\/regreso-a-clases-en-sinaloa-asi-se-regulara-la-actividad-presencial\\\/#primaryimage\"},\"thumbnailUrl\":\"https:\\\/\\\/fuentesfidedignas.com.mx\\\/wp-content\\\/uploads\\\/2021\\\/08\\\/010ninos-covid-2.jpg\",\"articleSection\":[\"NOTA PRINCIPAL\"],\"inLanguage\":\"es\",\"potentialAction\":[{\"@type\":\"CommentAction\",\"name\":\"Comment\",\"target\":[\"https:\\\/\\\/fuentesfidedignas.com.mx\\\/index.php\\\/2021\\\/08\\\/24\\\/regreso-a-clases-en-sinaloa-asi-se-regulara-la-actividad-presencial\\\/#respond\"]}]},{\"@type\":\"WebPage\",\"@id\":\"https:\\\/\\\/fuentesfidedignas.com.mx\\\/index.php\\\/2021\\\/08\\\/24\\\/regreso-a-clases-en-sinaloa-asi-se-regulara-la-actividad-presencial\\\/\",\"url\":\"https:\\\/\\\/fuentesfidedignas.com.mx\\\/index.php\\\/2021\\\/08\\\/24\\\/regreso-a-clases-en-sinaloa-asi-se-regulara-la-actividad-presencial\\\/\",\"name\":\"Regreso a clases en Sinaloa: as\u00ed se regular\u00e1 la actividad presencial - Fuentes Fidedignas\",\"isPartOf\":{\"@id\":\"https:\\\/\\\/fuentesfidedignas.com.mx\\\/#website\"},\"primaryImageOfPage\":{\"@id\":\"https:\\\/\\\/fuentesfidedignas.com.mx\\\/index.php\\\/2021\\\/08\\\/24\\\/regreso-a-clases-en-sinaloa-asi-se-regulara-la-actividad-presencial\\\/#primaryimage\"},\"image\":{\"@id\":\"https:\\\/\\\/fuentesfidedignas.com.mx\\\/index.php\\\/2021\\\/08\\\/24\\\/regreso-a-clases-en-sinaloa-asi-se-regulara-la-actividad-presencial\\\/#primaryimage\"},\"thumbnailUrl\":\"https:\\\/\\\/fuentesfidedignas.com.mx\\\/wp-content\\\/uploads\\\/2021\\\/08\\\/010ninos-covid-2.jpg\",\"datePublished\":\"2021-08-24T13:23:58+00:00\",\"dateModified\":\"2021-08-24T13:24:00+00:00\",\"breadcrumb\":{\"@id\":\"https:\\\/\\\/fuentesfidedignas.com.mx\\\/index.php\\\/2021\\\/08\\\/24\\\/regreso-a-clases-en-sinaloa-asi-se-regulara-la-actividad-presencial\\\/#breadcrumb\"},\"inLanguage\":\"es\",\"potentialAction\":[{\"@type\":\"ReadAction\",\"target\":[\"https:\\\/\\\/fuentesfidedignas.com.mx\\\/index.php\\\/2021\\\/08\\\/24\\\/regreso-a-clases-en-sinaloa-asi-se-regulara-la-actividad-presencial\\\/\"]}]},{\"@type\":\"ImageObject\",\"inLanguage\":\"es\",\"@id\":\"https:\\\/\\\/fuentesfidedignas.com.mx\\\/index.php\\\/2021\\\/08\\\/24\\\/regreso-a-clases-en-sinaloa-asi-se-regulara-la-actividad-presencial\\\/#primaryimage\",\"url\":\"https:\\\/\\\/fuentesfidedignas.com.mx\\\/wp-content\\\/uploads\\\/2021\\\/08\\\/010ninos-covid-2.jpg\",\"contentUrl\":\"https:\\\/\\\/fuentesfidedignas.com.mx\\\/wp-content\\\/uploads\\\/2021\\\/08\\\/010ninos-covid-2.jpg\",\"width\":1201,\"height\":740},{\"@type\":\"BreadcrumbList\",\"@id\":\"https:\\\/\\\/fuentesfidedignas.com.mx\\\/index.php\\\/2021\\\/08\\\/24\\\/regreso-a-clases-en-sinaloa-asi-se-regulara-la-actividad-presencial\\\/#breadcrumb\",\"itemListElement\":[{\"@type\":\"ListItem\",\"position\":1,\"name\":\"Inicio\",\"item\":\"https:\\\/\\\/fuentesfidedignas.com.mx\\\/\"},{\"@type\":\"ListItem\",\"position\":2,\"name\":\"Regreso a clases en Sinaloa: as\u00ed se regular\u00e1 la actividad presencial\"}]},{\"@type\":\"WebSite\",\"@id\":\"https:\\\/\\\/fuentesfidedignas.com.mx\\\/#website\",\"url\":\"https:\\\/\\\/fuentesfidedignas.com.mx\\\/\",\"name\":\"Fuentes Fidedignas\",\"description\":\"Otro sitio realizado con WordPress\",\"publisher\":{\"@id\":\"https:\\\/\\\/fuentesfidedignas.com.mx\\\/#organization\"},\"potentialAction\":[{\"@type\":\"SearchAction\",\"target\":{\"@type\":\"EntryPoint\",\"urlTemplate\":\"https:\\\/\\\/fuentesfidedignas.com.mx\\\/?s={search_term_string}\"},\"query-input\":{\"@type\":\"PropertyValueSpecification\",\"valueRequired\":true,\"valueName\":\"search_term_string\"}}],\"inLanguage\":\"es\"},{\"@type\":\"Organization\",\"@id\":\"https:\\\/\\\/fuentesfidedignas.com.mx\\\/#organization\",\"name\":\"Fuentes Fidedignas\",\"url\":\"https:\\\/\\\/fuentesfidedignas.com.mx\\\/\",\"logo\":{\"@type\":\"ImageObject\",\"inLanguage\":\"es\",\"@id\":\"https:\\\/\\\/fuentesfidedignas.com.mx\\\/#\\\/schema\\\/logo\\\/image\\\/\",\"url\":\"https:\\\/\\\/fuentesfidedignas.com.mx\\\/wp-content\\\/uploads\\\/2021\\\/04\\\/logo-retina.png\",\"contentUrl\":\"https:\\\/\\\/fuentesfidedignas.com.mx\\\/wp-content\\\/uploads\\\/2021\\\/04\\\/logo-retina.png\",\"width\":280,\"height\":51,\"caption\":\"Fuentes Fidedignas\"},\"image\":{\"@id\":\"https:\\\/\\\/fuentesfidedignas.com.mx\\\/#\\\/schema\\\/logo\\\/image\\\/\"},\"sameAs\":[\"https:\\\/\\\/www.facebook.com\\\/Fuentes-Fidedignas-368234489921644\",\"https:\\\/\\\/x.com\\\/fidedignas\"]},{\"@type\":\"Person\",\"@id\":\"https:\\\/\\\/fuentesfidedignas.com.mx\\\/#\\\/schema\\\/person\\\/331be9283d37198e2acd5750279085b0\",\"name\":\"Redacci\u00f3n\",\"image\":{\"@type\":\"ImageObject\",\"inLanguage\":\"es\",\"@id\":\"https:\\\/\\\/secure.gravatar.com\\\/avatar\\\/f6d8782c11d12b2d4ad3fbb6931aeab5309937a4d6cd2fc9cfaa28a6396a5aec?s=96&d=mm&r=g\",\"url\":\"https:\\\/\\\/secure.gravatar.com\\\/avatar\\\/f6d8782c11d12b2d4ad3fbb6931aeab5309937a4d6cd2fc9cfaa28a6396a5aec?s=96&d=mm&r=g\",\"contentUrl\":\"https:\\\/\\\/secure.gravatar.com\\\/avatar\\\/f6d8782c11d12b2d4ad3fbb6931aeab5309937a4d6cd2fc9cfaa28a6396a5aec?s=96&d=mm&r=g\",\"caption\":\"Redacci\u00f3n\"},\"url\":\"https:\\\/\\\/fuentesfidedignas.com.mx\\\/index.php\\\/author\\\/redaccion\\\/\"}]}<\/script>\n<!-- \/ Yoast SEO plugin. -->","yoast_head_json":{"title":"Regreso a clases en Sinaloa: as\u00ed se regular\u00e1 la actividad presencial - Fuentes Fidedignas","robots":{"index":"index","follow":"follow","max-snippet":"max-snippet:-1","max-image-preview":"max-image-preview:large","max-video-preview":"max-video-preview:-1"},"canonical":"https:\/\/fuentesfidedignas.com.mx\/index.php\/2021\/08\/24\/regreso-a-clases-en-sinaloa-asi-se-regulara-la-actividad-presencial\/","og_locale":"es_MX","og_type":"article","og_title":"Regreso a clases en Sinaloa: as\u00ed se regular\u00e1 la actividad presencial - Fuentes Fidedignas","og_description":"Para el color verde la operaci\u00f3n ser\u00e1 hasta del 100 por ciento; en color amarillo, del 50 hasta el 75%; color naranja, del 30 al 50% y en color rojo hasta el 30 por ciento Culiac\u00e1n, Sin.- Sinaloa ya cuenta con un marco legal adecuado para iniciar el proceso de conquista hacia las aulas el [&hellip;]","og_url":"https:\/\/fuentesfidedignas.com.mx\/index.php\/2021\/08\/24\/regreso-a-clases-en-sinaloa-asi-se-regulara-la-actividad-presencial\/","og_site_name":"Fuentes Fidedignas","article_publisher":"https:\/\/www.facebook.com\/Fuentes-Fidedignas-368234489921644","article_published_time":"2021-08-24T13:23:58+00:00","article_modified_time":"2021-08-24T13:24:00+00:00","og_image":[{"width":1201,"height":740,"url":"https:\/\/fuentesfidedignas.com.mx\/wp-content\/uploads\/2021\/08\/010ninos-covid-2.jpg","type":"image\/jpeg"}],"author":"Redacci\u00f3n","twitter_card":"summary_large_image","twitter_creator":"@fidedignas","twitter_site":"@fidedignas","twitter_misc":{"Escrito por":"Redacci\u00f3n","Tiempo de lectura":"3 minutos"},"schema":{"@context":"https:\/\/schema.org","@graph":[{"@type":"Article","@id":"https:\/\/fuentesfidedignas.com.mx\/index.php\/2021\/08\/24\/regreso-a-clases-en-sinaloa-asi-se-regulara-la-actividad-presencial\/#article","isPartOf":{"@id":"https:\/\/fuentesfidedignas.com.mx\/index.php\/2021\/08\/24\/regreso-a-clases-en-sinaloa-asi-se-regulara-la-actividad-presencial\/"},"author":{"name":"Redacci\u00f3n","@id":"https:\/\/fuentesfidedignas.com.mx\/#\/schema\/person\/331be9283d37198e2acd5750279085b0"},"headline":"Regreso a clases en Sinaloa: as\u00ed se regular\u00e1 la actividad presencial","datePublished":"2021-08-24T13:23:58+00:00","dateModified":"2021-08-24T13:24:00+00:00","mainEntityOfPage":{"@id":"https:\/\/fuentesfidedignas.com.mx\/index.php\/2021\/08\/24\/regreso-a-clases-en-sinaloa-asi-se-regulara-la-actividad-presencial\/"},"wordCount":610,"commentCount":0,"publisher":{"@id":"https:\/\/fuentesfidedignas.com.mx\/#organization"},"image":{"@id":"https:\/\/fuentesfidedignas.com.mx\/index.php\/2021\/08\/24\/regreso-a-clases-en-sinaloa-asi-se-regulara-la-actividad-presencial\/#primaryimage"},"thumbnailUrl":"https:\/\/fuentesfidedignas.com.mx\/wp-content\/uploads\/2021\/08\/010ninos-covid-2.jpg","articleSection":["NOTA PRINCIPAL"],"inLanguage":"es","potentialAction":[{"@type":"CommentAction","name":"Comment","target":["https:\/\/fuentesfidedignas.com.mx\/index.php\/2021\/08\/24\/regreso-a-clases-en-sinaloa-asi-se-regulara-la-actividad-presencial\/#respond"]}]},{"@type":"WebPage","@id":"https:\/\/fuentesfidedignas.com.mx\/index.php\/2021\/08\/24\/regreso-a-clases-en-sinaloa-asi-se-regulara-la-actividad-presencial\/","url":"https:\/\/fuentesfidedignas.com.mx\/index.php\/2021\/08\/24\/regreso-a-clases-en-sinaloa-asi-se-regulara-la-actividad-presencial\/","name":"Regreso a clases en Sinaloa: as\u00ed se regular\u00e1 la actividad presencial - Fuentes Fidedignas","isPartOf":{"@id":"https:\/\/fuentesfidedignas.com.mx\/#website"},"primaryImageOfPage":{"@id":"https:\/\/fuentesfidedignas.com.mx\/index.php\/2021\/08\/24\/regreso-a-clases-en-sinaloa-asi-se-regulara-la-actividad-presencial\/#primaryimage"},"image":{"@id":"https:\/\/fuentesfidedignas.com.mx\/index.php\/2021\/08\/24\/regreso-a-clases-en-sinaloa-asi-se-regulara-la-actividad-presencial\/#primaryimage"},"thumbnailUrl":"https:\/\/fuentesfidedignas.com.mx\/wp-content\/uploads\/2021\/08\/010ninos-covid-2.jpg","datePublished":"2021-08-24T13:23:58+00:00","dateModified":"2021-08-24T13:24:00+00:00","breadcrumb":{"@id":"https:\/\/fuentesfidedignas.com.mx\/index.php\/2021\/08\/24\/regreso-a-clases-en-sinaloa-asi-se-regulara-la-actividad-presencial\/#breadcrumb"},"inLanguage":"es","potentialAction":[{"@type":"ReadAction","target":["https:\/\/fuentesfidedignas.com.mx\/index.php\/2021\/08\/24\/regreso-a-clases-en-sinaloa-asi-se-regulara-la-actividad-presencial\/"]}]},{"@type":"ImageObject","inLanguage":"es","@id":"https:\/\/fuentesfidedignas.com.mx\/index.php\/2021\/08\/24\/regreso-a-clases-en-sinaloa-asi-se-regulara-la-actividad-presencial\/#primaryimage","url":"https:\/\/fuentesfidedignas.com.mx\/wp-content\/uploads\/2021\/08\/010ninos-covid-2.jpg","contentUrl":"https:\/\/fuentesfidedignas.com.mx\/wp-content\/uploads\/2021\/08\/010ninos-covid-2.jpg","width":1201,"height":740},{"@type":"BreadcrumbList","@id":"https:\/\/fuentesfidedignas.com.mx\/index.php\/2021\/08\/24\/regreso-a-clases-en-sinaloa-asi-se-regulara-la-actividad-presencial\/#breadcrumb","itemListElement":[{"@type":"ListItem","position":1,"name":"Inicio","item":"https:\/\/fuentesfidedignas.com.mx\/"},{"@type":"ListItem","position":2,"name":"Regreso a clases en Sinaloa: as\u00ed se regular\u00e1 la actividad presencial"}]},{"@type":"WebSite","@id":"https:\/\/fuentesfidedignas.com.mx\/#website","url":"https:\/\/fuentesfidedignas.com.mx\/","name":"Fuentes Fidedignas","description":"Otro sitio realizado con WordPress","publisher":{"@id":"https:\/\/fuentesfidedignas.com.mx\/#organization"},"potentialAction":[{"@type":"SearchAction","target":{"@type":"EntryPoint","urlTemplate":"https:\/\/fuentesfidedignas.com.mx\/?s={search_term_string}"},"query-input":{"@type":"PropertyValueSpecification","valueRequired":true,"valueName":"search_term_string"}}],"inLanguage":"es"},{"@type":"Organization","@id":"https:\/\/fuentesfidedignas.com.mx\/#organization","name":"Fuentes Fidedignas","url":"https:\/\/fuentesfidedignas.com.mx\/","logo":{"@type":"ImageObject","inLanguage":"es","@id":"https:\/\/fuentesfidedignas.com.mx\/#\/schema\/logo\/image\/","url":"https:\/\/fuentesfidedignas.com.mx\/wp-content\/uploads\/2021\/04\/logo-retina.png","contentUrl":"https:\/\/fuentesfidedignas.com.mx\/wp-content\/uploads\/2021\/04\/logo-retina.png","width":280,"height":51,"caption":"Fuentes Fidedignas"},"image":{"@id":"https:\/\/fuentesfidedignas.com.mx\/#\/schema\/logo\/image\/"},"sameAs":["https:\/\/www.facebook.com\/Fuentes-Fidedignas-368234489921644","https:\/\/x.com\/fidedignas"]},{"@type":"Person","@id":"https:\/\/fuentesfidedignas.com.mx\/#\/schema\/person\/331be9283d37198e2acd5750279085b0","name":"Redacci\u00f3n","image":{"@type":"ImageObject","inLanguage":"es","@id":"https:\/\/secure.gravatar.com\/avatar\/f6d8782c11d12b2d4ad3fbb6931aeab5309937a4d6cd2fc9cfaa28a6396a5aec?s=96&d=mm&r=g","url":"https:\/\/secure.gravatar.com\/avatar\/f6d8782c11d12b2d4ad3fbb6931aeab5309937a4d6cd2fc9cfaa28a6396a5aec?s=96&d=mm&r=g","contentUrl":"https:\/\/secure.gravatar.com\/avatar\/f6d8782c11d12b2d4ad3fbb6931aeab5309937a4d6cd2fc9cfaa28a6396a5aec?s=96&d=mm&r=g","caption":"Redacci\u00f3n"},"url":"https:\/\/fuentesfidedignas.com.mx\/index.php\/author\/redaccion\/"}]}},"_links":{"self":[{"href":"https:\/\/fuentesfidedignas.com.mx\/index.php\/wp-json\/wp\/v2\/posts\/10665","targetHints":{"allow":["GET"]}}],"collection":[{"href":"https:\/\/fuentesfidedignas.com.mx\/index.php\/wp-json\/wp\/v2\/posts"}],"about":[{"href":"https:\/\/fuentesfidedignas.com.mx\/index.php\/wp-json\/wp\/v2\/types\/post"}],"author":[{"embeddable":true,"href":"https:\/\/fuentesfidedignas.com.mx\/index.php\/wp-json\/wp\/v2\/users\/4"}],"replies":[{"embeddable":true,"href":"https:\/\/fuentesfidedignas.com.mx\/index.php\/wp-json\/wp\/v2\/comments?post=10665"}],"version-history":[{"count":1,"href":"https:\/\/fuentesfidedignas.com.mx\/index.php\/wp-json\/wp\/v2\/posts\/10665\/revisions"}],"predecessor-version":[{"id":10667,"href":"https:\/\/fuentesfidedignas.com.mx\/index.php\/wp-json\/wp\/v2\/posts\/10665\/revisions\/10667"}],"wp:featuredmedia":[{"embeddable":true,"href":"https:\/\/fuentesfidedignas.com.mx\/index.php\/wp-json\/wp\/v2\/media\/10666"}],"wp:attachment":[{"href":"https:\/\/fuentesfidedignas.com.mx\/index.php\/wp-json\/wp\/v2\/media?parent=10665"}],"wp:term":[{"taxonomy":"category","embeddable":true,"href":"https:\/\/fuentesfidedignas.com.mx\/index.php\/wp-json\/wp\/v2\/categories?post=10665"},{"taxonomy":"post_tag","embeddable":true,"href":"https:\/\/fuentesfidedignas.com.mx\/index.php\/wp-json\/wp\/v2\/tags?post=10665"}],"curies":[{"name":"wp","href":"https:\/\/api.w.org\/{rel}","templated":true}]}}