{"id":10663,"date":"2021-08-24T06:14:32","date_gmt":"2021-08-24T13:14:32","guid":{"rendered":"https:\/\/fuentesfidedignas.com.mx\/?p=10663"},"modified":"2022-05-20T12:26:58","modified_gmt":"2022-05-20T18:26:58","slug":"escribir-para-que","status":"publish","type":"post","link":"https:\/\/fuentesfidedignas.com.mx\/index.php\/2021\/08\/24\/escribir-para-que\/","title":{"rendered":"Escribir, \u00bfpara qu\u00e9?"},"content":{"rendered":"\n<p>Cuando me decid\u00ed a ejercer disciplinadamente el acto de escribir una columna semanal, me pregunt\u00e9 acerca del sentido de hacerlo. Poca gente lee y d\u00eda con d\u00eda, menos gente quiere hacerlo. El mundo de la informaci\u00f3n est\u00e1 lleno de dato in\u00fatil. Y las plataformas digitales cada d\u00eda son m\u00e1s divertidas, con lo que el ocio es no solo m\u00e1s accesible, sino tambi\u00e9n m\u00e1s placentero.<\/p>\n\n\n\n<p>Nadie lee pues, porque es a veces aburrido. O porque hay mucho por hacer en el trabajo, o porque la chamba se acumula todos los d\u00edas. Se escribe para pocos, y a veces para nadie. Sin embargo, aun con todo eso, la escritura debe recuperarse como un acto de rebeld\u00eda: se escribe porque se atestigua el paso del tiempo, la narraci\u00f3n de los acontecimientos. Y, sobre todo, porque escribir es describir el porqu\u00e9 de las cosas.<\/p>\n\n\n\n<p>Tambi\u00e9n vino a mi mente la incre\u00edble necesidad de conversaci\u00f3n colectiva de valor, que nos ayude a entender a los d\u00edas explosivos, a los hechos que provocan incertidumbre. Nadie explica a esos acontecimientos con claridad y quienes lo llegan a hacer, lo cubren con sombras conceptuales, con sesgos pol\u00edticos, con nublados ideol\u00f3gicos.<\/p>\n\n\n\n<p>Me di cuenta de la pobreza intelectual de la conversaci\u00f3n p\u00fablica. Gente que escribe sobre el famoso radiopasillo, diciendo lo que alguien quiere que se diga: si fulanito de tal va a ser Secretario, Director, Ministro, Delegado, Subsecretario, Diputado, etc\u00e9tera. Por ejemplo, todo mundo est\u00e1 hablando de qui\u00e9nes ser\u00e1n los designados por el nuevo Gobernador, pero pocos hablan de una agenda de temas relevantes que nos ayude a recuperar empleo, empresas, a combatir la pobreza, a entender qu\u00e9 carajos haremos despu\u00e9s del Covid-19.<\/p>\n\n\n\n<p>Es decir, entend\u00ed que hay fascinaci\u00f3n por la intriga, no por la construcci\u00f3n de ideas. Hay hambre y sed de mitotes, urgencia de circunstancias, deseo de espejismos, anhelos de confabulaciones. Miramos a la conversaci\u00f3n p\u00fablica como una sombra del poder, no como un mecanismo para domarlo y dominarlo. Se perdi\u00f3 hace muchos a\u00f1os la intenci\u00f3n de crear y, por el contrario, escribir se convirti\u00f3 en el ardid de legitimar a cuanta decisi\u00f3n arbitraria viniera desde el poder.<\/p>\n\n\n\n<p>Por eso hay y abundan articulistas que dan lecturas de acontecimientos, a los que les motiva hablar de si alguna persona dijo alguna palabra que enalteciera o denostara a un aprontado. Por eso las columnas que se comparten son las que dicen qui\u00e9n est\u00e1 en el \u00e1nimo del poderoso y qui\u00e9n ya no est\u00e1 o estuvo. Queremos leer mitotes porque creemos que nos ayudan a operar para nosotros mismos o para nuestro grupo pol\u00edtico. Y peor a\u00fan, porque para ciertas personas lo \u00fanico valioso que pueden aportar es eso: decir qui\u00e9n s\u00ed y qui\u00e9n no ocupar\u00e1 un cargo, ser\u00e1 relevado, ser\u00e1 premiado, ser\u00e1 ascendido o ser\u00e1 despedido.<\/p>\n\n\n\n<p>Hay que darle una vuelta eso. Tuve la pretensi\u00f3n de canalizar las voces de mi generaci\u00f3n: esa que no sabe qu\u00e9 pedo, esa que no tiene empleos bien pagados, aunque tenga posgrados. Esa generaci\u00f3n que transita de un mundo documental a uno digital. Esta generaci\u00f3n que no sabe qu\u00e9 hacer para construir un bienestar econ\u00f3mico, porque le ense\u00f1aron a estudiar y luego a trabajar 30 a\u00f1os en una empresa y al final, solo cotizar para una casa de 4 por 4. S\u00ed, esa generaci\u00f3n que est\u00e1 cuestionando valores sociales y que recibe adjetivos solo porque plantea preguntas inc\u00f3modas, cosas que de las nadie quiere hablar.<\/p>\n\n\n\n<p>La escritura es una manera de romper con la hegemon\u00eda cultural de una \u00e9poca y en particular, es tambi\u00e9n una revelaci\u00f3n de caminos intransitados. Ir m\u00e1s all\u00e1 del espacio presente e imaginar mundos posibles. Quienes hacen cr\u00f3nica tambi\u00e9n deben entender que hay en la narraci\u00f3n de los hechos de un momento en la historia, una oportunidad para dibujar el por qu\u00e9 las cosas son como son, pero, sobre todo, el c\u00f3mo pueden ser mejores.<\/p>\n\n\n\n<p>Sinaloa y el pa\u00eds necesitan a una generaci\u00f3n nueva de pensadores. Y, adem\u00e1s, que los que ya est\u00e1n considerados como tales, comiencen a pensar de otra forma y en otras cosas. \u00bfDe qu\u00e9 nos sirve saber qui\u00e9nes ser\u00e1n los pr\u00f3ximos Secretarios, si ni siquiera hemos discutido suficientemente el efecto del cambio clim\u00e1tico en la agricultura, o la urgencia de desarrollar obras de infraestructura sustentable en un estado en el que cada d\u00eda se repiten sequ\u00edas dur\u00edsimas?<\/p>\n\n\n\n<p>\u00bfDe qu\u00e9 nos sirve hablar de innovaci\u00f3n en la estructura p\u00fablica, si nadie ha resuelto el tema del Servicio Civil de Carrera en el gobierno local? \u00bfCu\u00e1ndo podremos generar pol\u00edticas p\u00fablicas de alto efecto si ni siquiera tenemos un modelo econom\u00e9trico propio para calcular el PIB de los municipios m\u00e1s pobres?<\/p>\n\n\n\n<p>Es m\u00e1s, \u00bftenemos la capacidad de movernos como estado o municipio hacia una interacci\u00f3n geopol\u00edtica totalmente diferente a la de los \u00faltimos 30 a\u00f1os? \u00bfEstamos listos para cambiar modelos de pensamiento educativo cuando no hemos podido resolver la brecha social entre la ciudad y el campo? \u00bfQu\u00e9 pol\u00edtica de vivienda estableceremos en el futuro, si cada d\u00eda los cr\u00e9ditos hipotecarios parecen m\u00e1s lejanos para la clase trabajadora? \u00bfQu\u00e9 haremos con el sistema de pensiones que es una carga fiscal que va a explotar en las manos de alg\u00fan gobierno?<\/p>\n\n\n\n<p>El problema del populismo es que evita a toda costa generar pensamiento abstracto para entender los asuntos sociales. No solo simplifica mal, sino que anula cualquier posibilidad de generar pensamiento cr\u00edtico. <\/p>\n\n\n\n<p>Para el populismo, todo se resuelve ajustando una de muchas variables: si combatimos la corrupci\u00f3n, autom\u00e1ticamente se generan empleos. Si juzgamos a los malos gobernantes, inmediatamente veremos que la canasta b\u00e1sica es alcanzable para todos.<\/p>\n\n\n\n<p>Pero tampoco la democracia liberal pudo evitar ese agujero de falacias. La intelectualidad mexicana nos dec\u00eda una y otra vez que todo se iba a resolver cuando hubiera elecciones libres, cuando hubiera alternancia, cuando hubiera muchos contrapesos. Vivimos la par\u00e1lisis porque la clase pol\u00edtica comenz\u00f3 no a construir acuerdos y discusiones sobre el futuro.<\/p>\n\n\n\n<p>Ninguno de los dos paradigmas de pensamiento pol\u00edtico ha sido capaz de contestar las preguntas duras, las que exigen no discusiones de muchos, sino ideas de todos. Tampoco en los gobiernos locales la sociedad civil ha querido irrumpir para tomar el control de la discusi\u00f3n p\u00fablica.<\/p>\n\n\n\n<p>Hago votos porque los pr\u00f3ximos gobiernos entiendan el valor de darle valor a la narrativa pol\u00edtica. Porque si vamos a tener \u00e9mulos del mon\u00f3logo actual que viene de Palacio Nacional, estaremos perdiendo tiempo valioso para responder a los temas que ya he planteado.<\/p>\n\n\n\n<p>Me preocupa igualmente que la generaci\u00f3n que est\u00e1 por asumir los espacios de poder pol\u00edtico, ya sea en partidos o en instituciones, haya sido seducida por formas y personalidades que dejaron de cuestionar y de pensar. <\/p>\n\n\n\n<p>Me parece condenable que mi generaci\u00f3n haya ca\u00eddo en la trampa histri\u00f3nica de entregar despensas, pero no entregar soluciones. Y es triste que a\u00fan despu\u00e9s de la derrota pol\u00edtica en las pasadas elecciones, no nos quede claro que hacer Tik Tok, activaciones o rifas en redes sociales, no es ni siquiera relevante para una sociedad agobiada con problemas que tiene mejores distractores y de m\u00e1s calidad.<\/p>\n\n\n\n<p>Insisto. Escribir, \u00bfpara qu\u00e9? Bueno, para darle valor a la duda. Para entender que todos los seres humanos podemos pensar y aportar a un mundo que requiere, eso, preguntas.<\/p>\n\n\n\n<p>Escribir es pues, una construcci\u00f3n de esperanzas. Y lo mejor es que todos podemos hacerlo. Escribir tiene que ser un mensaje que trascienda a nuestra propia incertidumbre y le diga las pr\u00f3ximas generaciones que al menos dejamos de pensar en la intriga entre nosotros mismos y nos convertimos en arquitectos de un porvenir mejor.<\/p>\n\n\n\n<p><\/p>\n\n\n\n<blockquote class=\"wp-block-quote is-layout-flow wp-block-quote-is-layout-flow\"><p>SIGUE A \u00d3SCAR RIVAS EN:<\/p><p><a href=\"https:\/\/twitter.com\/RivasWalker?s=09\">HTTPS:\/\/TWITTER.COM\/RIVASWALKER?S=09<\/a><\/p><\/blockquote>\n\n\n\n<p><strong>Economista. Maestr\u00eda en Negocios Globales por la Escuela de Negocios Darla Moore de la Universidad de Carolina del Sur. Maestr\u00eda en Administraci\u00f3n de Negocios por el Tecnol\u00f3gico de Monterrey. Egresado del Programa de Georgetown en liderazgo e innovaci\u00f3n y del Curso Emerging Leaders de Executive Education de Harvard y del Programa de liderazgo y ciudades inteligentes de la Fundaci\u00f3n Naumann, de Alemania.&nbsp;<\/strong><\/p>\n","protected":false},"excerpt":{"rendered":"<p>Cuando me decid\u00ed a ejercer disciplinadamente el acto de escribir una columna semanal, me pregunt\u00e9 acerca del sentido de hacerlo. Poca gente lee y d\u00eda con d\u00eda, menos gente quiere hacerlo. El mundo de la informaci\u00f3n est\u00e1 lleno de dato in\u00fatil. Y las plataformas digitales cada d\u00eda son m\u00e1s divertidas, con lo que el ocio [&hellip;]<\/p>\n","protected":false},"author":60,"featured_media":7861,"comment_status":"open","ping_status":"open","sticky":false,"template":"","format":"standard","meta":{"tdm_status":"","tdm_grid_status":"","footnotes":""},"categories":[1246],"tags":[],"class_list":{"0":"post-10663","1":"post","2":"type-post","3":"status-publish","4":"format-standard","5":"has-post-thumbnail","7":"category-politropos"},"yoast_head":"<!-- This site is optimized with the Yoast SEO plugin v27.5 - https:\/\/yoast.com\/product\/yoast-seo-wordpress\/ -->\n<title>Escribir, \u00bfpara qu\u00e9? - Fuentes Fidedignas<\/title>\n<meta name=\"robots\" content=\"index, follow, max-snippet:-1, max-image-preview:large, max-video-preview:-1\" \/>\n<link rel=\"canonical\" href=\"https:\/\/fuentesfidedignas.com.mx\/index.php\/2021\/08\/24\/escribir-para-que\/\" \/>\n<meta property=\"og:locale\" content=\"es_MX\" \/>\n<meta property=\"og:type\" content=\"article\" \/>\n<meta property=\"og:title\" content=\"Escribir, \u00bfpara qu\u00e9? - Fuentes Fidedignas\" \/>\n<meta property=\"og:description\" content=\"Cuando me decid\u00ed a ejercer disciplinadamente el acto de escribir una columna semanal, me pregunt\u00e9 acerca del sentido de hacerlo. Poca gente lee y d\u00eda con d\u00eda, menos gente quiere hacerlo. El mundo de la informaci\u00f3n est\u00e1 lleno de dato in\u00fatil. Y las plataformas digitales cada d\u00eda son m\u00e1s divertidas, con lo que el ocio [&hellip;]\" \/>\n<meta property=\"og:url\" content=\"https:\/\/fuentesfidedignas.com.mx\/index.php\/2021\/08\/24\/escribir-para-que\/\" \/>\n<meta property=\"og:site_name\" content=\"Fuentes Fidedignas\" \/>\n<meta property=\"article:publisher\" content=\"https:\/\/www.facebook.com\/Fuentes-Fidedignas-368234489921644\" \/>\n<meta property=\"article:published_time\" content=\"2021-08-24T13:14:32+00:00\" \/>\n<meta property=\"article:modified_time\" content=\"2022-05-20T18:26:58+00:00\" \/>\n<meta property=\"og:image\" content=\"https:\/\/fuentesfidedignas.com.mx\/wp-content\/uploads\/2021\/07\/IMG_20210720_132046.jpg\" \/>\n\t<meta property=\"og:image:width\" content=\"714\" \/>\n\t<meta property=\"og:image:height\" content=\"635\" \/>\n\t<meta property=\"og:image:type\" content=\"image\/jpeg\" \/>\n<meta name=\"author\" content=\"\u00d3scar Rivas Inzunza\" \/>\n<meta name=\"twitter:card\" content=\"summary_large_image\" \/>\n<meta name=\"twitter:creator\" content=\"@fidedignas\" \/>\n<meta name=\"twitter:site\" content=\"@fidedignas\" \/>\n<meta name=\"twitter:label1\" content=\"Escrito por\" \/>\n\t<meta name=\"twitter:data1\" content=\"\u00d3scar Rivas Inzunza\" \/>\n\t<meta name=\"twitter:label2\" content=\"Tiempo de lectura\" \/>\n\t<meta name=\"twitter:data2\" content=\"7 minutos\" \/>\n<script type=\"application\/ld+json\" class=\"yoast-schema-graph\">{\"@context\":\"https:\\\/\\\/schema.org\",\"@graph\":[{\"@type\":\"Article\",\"@id\":\"https:\\\/\\\/fuentesfidedignas.com.mx\\\/index.php\\\/2021\\\/08\\\/24\\\/escribir-para-que\\\/#article\",\"isPartOf\":{\"@id\":\"https:\\\/\\\/fuentesfidedignas.com.mx\\\/index.php\\\/2021\\\/08\\\/24\\\/escribir-para-que\\\/\"},\"author\":{\"name\":\"\u00d3scar Rivas Inzunza\",\"@id\":\"https:\\\/\\\/fuentesfidedignas.com.mx\\\/#\\\/schema\\\/person\\\/ddaca48641399e214cd410040c018537\"},\"headline\":\"Escribir, \u00bfpara qu\u00e9?\",\"datePublished\":\"2021-08-24T13:14:32+00:00\",\"dateModified\":\"2022-05-20T18:26:58+00:00\",\"mainEntityOfPage\":{\"@id\":\"https:\\\/\\\/fuentesfidedignas.com.mx\\\/index.php\\\/2021\\\/08\\\/24\\\/escribir-para-que\\\/\"},\"wordCount\":1431,\"commentCount\":0,\"publisher\":{\"@id\":\"https:\\\/\\\/fuentesfidedignas.com.mx\\\/#organization\"},\"image\":{\"@id\":\"https:\\\/\\\/fuentesfidedignas.com.mx\\\/index.php\\\/2021\\\/08\\\/24\\\/escribir-para-que\\\/#primaryimage\"},\"thumbnailUrl\":\"https:\\\/\\\/fuentesfidedignas.com.mx\\\/wp-content\\\/uploads\\\/2021\\\/07\\\/IMG_20210720_132046.jpg\",\"articleSection\":[\"POLITROPOS\"],\"inLanguage\":\"es\",\"potentialAction\":[{\"@type\":\"CommentAction\",\"name\":\"Comment\",\"target\":[\"https:\\\/\\\/fuentesfidedignas.com.mx\\\/index.php\\\/2021\\\/08\\\/24\\\/escribir-para-que\\\/#respond\"]}]},{\"@type\":\"WebPage\",\"@id\":\"https:\\\/\\\/fuentesfidedignas.com.mx\\\/index.php\\\/2021\\\/08\\\/24\\\/escribir-para-que\\\/\",\"url\":\"https:\\\/\\\/fuentesfidedignas.com.mx\\\/index.php\\\/2021\\\/08\\\/24\\\/escribir-para-que\\\/\",\"name\":\"Escribir, \u00bfpara qu\u00e9? - Fuentes Fidedignas\",\"isPartOf\":{\"@id\":\"https:\\\/\\\/fuentesfidedignas.com.mx\\\/#website\"},\"primaryImageOfPage\":{\"@id\":\"https:\\\/\\\/fuentesfidedignas.com.mx\\\/index.php\\\/2021\\\/08\\\/24\\\/escribir-para-que\\\/#primaryimage\"},\"image\":{\"@id\":\"https:\\\/\\\/fuentesfidedignas.com.mx\\\/index.php\\\/2021\\\/08\\\/24\\\/escribir-para-que\\\/#primaryimage\"},\"thumbnailUrl\":\"https:\\\/\\\/fuentesfidedignas.com.mx\\\/wp-content\\\/uploads\\\/2021\\\/07\\\/IMG_20210720_132046.jpg\",\"datePublished\":\"2021-08-24T13:14:32+00:00\",\"dateModified\":\"2022-05-20T18:26:58+00:00\",\"breadcrumb\":{\"@id\":\"https:\\\/\\\/fuentesfidedignas.com.mx\\\/index.php\\\/2021\\\/08\\\/24\\\/escribir-para-que\\\/#breadcrumb\"},\"inLanguage\":\"es\",\"potentialAction\":[{\"@type\":\"ReadAction\",\"target\":[\"https:\\\/\\\/fuentesfidedignas.com.mx\\\/index.php\\\/2021\\\/08\\\/24\\\/escribir-para-que\\\/\"]}]},{\"@type\":\"ImageObject\",\"inLanguage\":\"es\",\"@id\":\"https:\\\/\\\/fuentesfidedignas.com.mx\\\/index.php\\\/2021\\\/08\\\/24\\\/escribir-para-que\\\/#primaryimage\",\"url\":\"https:\\\/\\\/fuentesfidedignas.com.mx\\\/wp-content\\\/uploads\\\/2021\\\/07\\\/IMG_20210720_132046.jpg\",\"contentUrl\":\"https:\\\/\\\/fuentesfidedignas.com.mx\\\/wp-content\\\/uploads\\\/2021\\\/07\\\/IMG_20210720_132046.jpg\",\"width\":714,\"height\":635},{\"@type\":\"BreadcrumbList\",\"@id\":\"https:\\\/\\\/fuentesfidedignas.com.mx\\\/index.php\\\/2021\\\/08\\\/24\\\/escribir-para-que\\\/#breadcrumb\",\"itemListElement\":[{\"@type\":\"ListItem\",\"position\":1,\"name\":\"Inicio\",\"item\":\"https:\\\/\\\/fuentesfidedignas.com.mx\\\/\"},{\"@type\":\"ListItem\",\"position\":2,\"name\":\"Escribir, \u00bfpara qu\u00e9?\"}]},{\"@type\":\"WebSite\",\"@id\":\"https:\\\/\\\/fuentesfidedignas.com.mx\\\/#website\",\"url\":\"https:\\\/\\\/fuentesfidedignas.com.mx\\\/\",\"name\":\"Fuentes Fidedignas\",\"description\":\"Otro sitio realizado con WordPress\",\"publisher\":{\"@id\":\"https:\\\/\\\/fuentesfidedignas.com.mx\\\/#organization\"},\"potentialAction\":[{\"@type\":\"SearchAction\",\"target\":{\"@type\":\"EntryPoint\",\"urlTemplate\":\"https:\\\/\\\/fuentesfidedignas.com.mx\\\/?s={search_term_string}\"},\"query-input\":{\"@type\":\"PropertyValueSpecification\",\"valueRequired\":true,\"valueName\":\"search_term_string\"}}],\"inLanguage\":\"es\"},{\"@type\":\"Organization\",\"@id\":\"https:\\\/\\\/fuentesfidedignas.com.mx\\\/#organization\",\"name\":\"Fuentes Fidedignas\",\"url\":\"https:\\\/\\\/fuentesfidedignas.com.mx\\\/\",\"logo\":{\"@type\":\"ImageObject\",\"inLanguage\":\"es\",\"@id\":\"https:\\\/\\\/fuentesfidedignas.com.mx\\\/#\\\/schema\\\/logo\\\/image\\\/\",\"url\":\"https:\\\/\\\/fuentesfidedignas.com.mx\\\/wp-content\\\/uploads\\\/2021\\\/04\\\/logo-retina.png\",\"contentUrl\":\"https:\\\/\\\/fuentesfidedignas.com.mx\\\/wp-content\\\/uploads\\\/2021\\\/04\\\/logo-retina.png\",\"width\":280,\"height\":51,\"caption\":\"Fuentes Fidedignas\"},\"image\":{\"@id\":\"https:\\\/\\\/fuentesfidedignas.com.mx\\\/#\\\/schema\\\/logo\\\/image\\\/\"},\"sameAs\":[\"https:\\\/\\\/www.facebook.com\\\/Fuentes-Fidedignas-368234489921644\",\"https:\\\/\\\/x.com\\\/fidedignas\"]},{\"@type\":\"Person\",\"@id\":\"https:\\\/\\\/fuentesfidedignas.com.mx\\\/#\\\/schema\\\/person\\\/ddaca48641399e214cd410040c018537\",\"name\":\"\u00d3scar Rivas Inzunza\",\"image\":{\"@type\":\"ImageObject\",\"inLanguage\":\"es\",\"@id\":\"https:\\\/\\\/secure.gravatar.com\\\/avatar\\\/2f27ba39adcf07fb389fd9ddea7d923e163327341e6020f1368063081a0bf6bc?s=96&d=mm&r=g\",\"url\":\"https:\\\/\\\/secure.gravatar.com\\\/avatar\\\/2f27ba39adcf07fb389fd9ddea7d923e163327341e6020f1368063081a0bf6bc?s=96&d=mm&r=g\",\"contentUrl\":\"https:\\\/\\\/secure.gravatar.com\\\/avatar\\\/2f27ba39adcf07fb389fd9ddea7d923e163327341e6020f1368063081a0bf6bc?s=96&d=mm&r=g\",\"caption\":\"\u00d3scar Rivas Inzunza\"},\"url\":\"https:\\\/\\\/fuentesfidedignas.com.mx\\\/index.php\\\/author\\\/oscar-r\\\/\"}]}<\/script>\n<!-- \/ Yoast SEO plugin. -->","yoast_head_json":{"title":"Escribir, \u00bfpara qu\u00e9? - Fuentes Fidedignas","robots":{"index":"index","follow":"follow","max-snippet":"max-snippet:-1","max-image-preview":"max-image-preview:large","max-video-preview":"max-video-preview:-1"},"canonical":"https:\/\/fuentesfidedignas.com.mx\/index.php\/2021\/08\/24\/escribir-para-que\/","og_locale":"es_MX","og_type":"article","og_title":"Escribir, \u00bfpara qu\u00e9? - Fuentes Fidedignas","og_description":"Cuando me decid\u00ed a ejercer disciplinadamente el acto de escribir una columna semanal, me pregunt\u00e9 acerca del sentido de hacerlo. Poca gente lee y d\u00eda con d\u00eda, menos gente quiere hacerlo. El mundo de la informaci\u00f3n est\u00e1 lleno de dato in\u00fatil. Y las plataformas digitales cada d\u00eda son m\u00e1s divertidas, con lo que el ocio [&hellip;]","og_url":"https:\/\/fuentesfidedignas.com.mx\/index.php\/2021\/08\/24\/escribir-para-que\/","og_site_name":"Fuentes Fidedignas","article_publisher":"https:\/\/www.facebook.com\/Fuentes-Fidedignas-368234489921644","article_published_time":"2021-08-24T13:14:32+00:00","article_modified_time":"2022-05-20T18:26:58+00:00","og_image":[{"width":714,"height":635,"url":"https:\/\/fuentesfidedignas.com.mx\/wp-content\/uploads\/2021\/07\/IMG_20210720_132046.jpg","type":"image\/jpeg"}],"author":"\u00d3scar Rivas Inzunza","twitter_card":"summary_large_image","twitter_creator":"@fidedignas","twitter_site":"@fidedignas","twitter_misc":{"Escrito por":"\u00d3scar Rivas Inzunza","Tiempo de lectura":"7 minutos"},"schema":{"@context":"https:\/\/schema.org","@graph":[{"@type":"Article","@id":"https:\/\/fuentesfidedignas.com.mx\/index.php\/2021\/08\/24\/escribir-para-que\/#article","isPartOf":{"@id":"https:\/\/fuentesfidedignas.com.mx\/index.php\/2021\/08\/24\/escribir-para-que\/"},"author":{"name":"\u00d3scar Rivas Inzunza","@id":"https:\/\/fuentesfidedignas.com.mx\/#\/schema\/person\/ddaca48641399e214cd410040c018537"},"headline":"Escribir, \u00bfpara qu\u00e9?","datePublished":"2021-08-24T13:14:32+00:00","dateModified":"2022-05-20T18:26:58+00:00","mainEntityOfPage":{"@id":"https:\/\/fuentesfidedignas.com.mx\/index.php\/2021\/08\/24\/escribir-para-que\/"},"wordCount":1431,"commentCount":0,"publisher":{"@id":"https:\/\/fuentesfidedignas.com.mx\/#organization"},"image":{"@id":"https:\/\/fuentesfidedignas.com.mx\/index.php\/2021\/08\/24\/escribir-para-que\/#primaryimage"},"thumbnailUrl":"https:\/\/fuentesfidedignas.com.mx\/wp-content\/uploads\/2021\/07\/IMG_20210720_132046.jpg","articleSection":["POLITROPOS"],"inLanguage":"es","potentialAction":[{"@type":"CommentAction","name":"Comment","target":["https:\/\/fuentesfidedignas.com.mx\/index.php\/2021\/08\/24\/escribir-para-que\/#respond"]}]},{"@type":"WebPage","@id":"https:\/\/fuentesfidedignas.com.mx\/index.php\/2021\/08\/24\/escribir-para-que\/","url":"https:\/\/fuentesfidedignas.com.mx\/index.php\/2021\/08\/24\/escribir-para-que\/","name":"Escribir, \u00bfpara qu\u00e9? - Fuentes Fidedignas","isPartOf":{"@id":"https:\/\/fuentesfidedignas.com.mx\/#website"},"primaryImageOfPage":{"@id":"https:\/\/fuentesfidedignas.com.mx\/index.php\/2021\/08\/24\/escribir-para-que\/#primaryimage"},"image":{"@id":"https:\/\/fuentesfidedignas.com.mx\/index.php\/2021\/08\/24\/escribir-para-que\/#primaryimage"},"thumbnailUrl":"https:\/\/fuentesfidedignas.com.mx\/wp-content\/uploads\/2021\/07\/IMG_20210720_132046.jpg","datePublished":"2021-08-24T13:14:32+00:00","dateModified":"2022-05-20T18:26:58+00:00","breadcrumb":{"@id":"https:\/\/fuentesfidedignas.com.mx\/index.php\/2021\/08\/24\/escribir-para-que\/#breadcrumb"},"inLanguage":"es","potentialAction":[{"@type":"ReadAction","target":["https:\/\/fuentesfidedignas.com.mx\/index.php\/2021\/08\/24\/escribir-para-que\/"]}]},{"@type":"ImageObject","inLanguage":"es","@id":"https:\/\/fuentesfidedignas.com.mx\/index.php\/2021\/08\/24\/escribir-para-que\/#primaryimage","url":"https:\/\/fuentesfidedignas.com.mx\/wp-content\/uploads\/2021\/07\/IMG_20210720_132046.jpg","contentUrl":"https:\/\/fuentesfidedignas.com.mx\/wp-content\/uploads\/2021\/07\/IMG_20210720_132046.jpg","width":714,"height":635},{"@type":"BreadcrumbList","@id":"https:\/\/fuentesfidedignas.com.mx\/index.php\/2021\/08\/24\/escribir-para-que\/#breadcrumb","itemListElement":[{"@type":"ListItem","position":1,"name":"Inicio","item":"https:\/\/fuentesfidedignas.com.mx\/"},{"@type":"ListItem","position":2,"name":"Escribir, \u00bfpara qu\u00e9?"}]},{"@type":"WebSite","@id":"https:\/\/fuentesfidedignas.com.mx\/#website","url":"https:\/\/fuentesfidedignas.com.mx\/","name":"Fuentes Fidedignas","description":"Otro sitio realizado con WordPress","publisher":{"@id":"https:\/\/fuentesfidedignas.com.mx\/#organization"},"potentialAction":[{"@type":"SearchAction","target":{"@type":"EntryPoint","urlTemplate":"https:\/\/fuentesfidedignas.com.mx\/?s={search_term_string}"},"query-input":{"@type":"PropertyValueSpecification","valueRequired":true,"valueName":"search_term_string"}}],"inLanguage":"es"},{"@type":"Organization","@id":"https:\/\/fuentesfidedignas.com.mx\/#organization","name":"Fuentes Fidedignas","url":"https:\/\/fuentesfidedignas.com.mx\/","logo":{"@type":"ImageObject","inLanguage":"es","@id":"https:\/\/fuentesfidedignas.com.mx\/#\/schema\/logo\/image\/","url":"https:\/\/fuentesfidedignas.com.mx\/wp-content\/uploads\/2021\/04\/logo-retina.png","contentUrl":"https:\/\/fuentesfidedignas.com.mx\/wp-content\/uploads\/2021\/04\/logo-retina.png","width":280,"height":51,"caption":"Fuentes Fidedignas"},"image":{"@id":"https:\/\/fuentesfidedignas.com.mx\/#\/schema\/logo\/image\/"},"sameAs":["https:\/\/www.facebook.com\/Fuentes-Fidedignas-368234489921644","https:\/\/x.com\/fidedignas"]},{"@type":"Person","@id":"https:\/\/fuentesfidedignas.com.mx\/#\/schema\/person\/ddaca48641399e214cd410040c018537","name":"\u00d3scar Rivas Inzunza","image":{"@type":"ImageObject","inLanguage":"es","@id":"https:\/\/secure.gravatar.com\/avatar\/2f27ba39adcf07fb389fd9ddea7d923e163327341e6020f1368063081a0bf6bc?s=96&d=mm&r=g","url":"https:\/\/secure.gravatar.com\/avatar\/2f27ba39adcf07fb389fd9ddea7d923e163327341e6020f1368063081a0bf6bc?s=96&d=mm&r=g","contentUrl":"https:\/\/secure.gravatar.com\/avatar\/2f27ba39adcf07fb389fd9ddea7d923e163327341e6020f1368063081a0bf6bc?s=96&d=mm&r=g","caption":"\u00d3scar Rivas Inzunza"},"url":"https:\/\/fuentesfidedignas.com.mx\/index.php\/author\/oscar-r\/"}]}},"_links":{"self":[{"href":"https:\/\/fuentesfidedignas.com.mx\/index.php\/wp-json\/wp\/v2\/posts\/10663","targetHints":{"allow":["GET"]}}],"collection":[{"href":"https:\/\/fuentesfidedignas.com.mx\/index.php\/wp-json\/wp\/v2\/posts"}],"about":[{"href":"https:\/\/fuentesfidedignas.com.mx\/index.php\/wp-json\/wp\/v2\/types\/post"}],"author":[{"embeddable":true,"href":"https:\/\/fuentesfidedignas.com.mx\/index.php\/wp-json\/wp\/v2\/users\/60"}],"replies":[{"embeddable":true,"href":"https:\/\/fuentesfidedignas.com.mx\/index.php\/wp-json\/wp\/v2\/comments?post=10663"}],"version-history":[{"count":1,"href":"https:\/\/fuentesfidedignas.com.mx\/index.php\/wp-json\/wp\/v2\/posts\/10663\/revisions"}],"predecessor-version":[{"id":10664,"href":"https:\/\/fuentesfidedignas.com.mx\/index.php\/wp-json\/wp\/v2\/posts\/10663\/revisions\/10664"}],"wp:featuredmedia":[{"embeddable":true,"href":"https:\/\/fuentesfidedignas.com.mx\/index.php\/wp-json\/wp\/v2\/media\/7861"}],"wp:attachment":[{"href":"https:\/\/fuentesfidedignas.com.mx\/index.php\/wp-json\/wp\/v2\/media?parent=10663"}],"wp:term":[{"taxonomy":"category","embeddable":true,"href":"https:\/\/fuentesfidedignas.com.mx\/index.php\/wp-json\/wp\/v2\/categories?post=10663"},{"taxonomy":"post_tag","embeddable":true,"href":"https:\/\/fuentesfidedignas.com.mx\/index.php\/wp-json\/wp\/v2\/tags?post=10663"}],"curies":[{"name":"wp","href":"https:\/\/api.w.org\/{rel}","templated":true}]}}