{"id":106597,"date":"2025-04-19T09:29:12","date_gmt":"2025-04-19T16:29:12","guid":{"rendered":"https:\/\/fuentesfidedignas.com.mx\/?p=106597"},"modified":"2025-04-19T10:29:03","modified_gmt":"2025-04-19T17:29:03","slug":"kunno-denuncia-agresion-homofobica-a-las-afueras-de-un-antro-en-nuevo-leon","status":"publish","type":"post","link":"https:\/\/fuentesfidedignas.com.mx\/index.php\/2025\/04\/19\/kunno-denuncia-agresion-homofobica-a-las-afueras-de-un-antro-en-nuevo-leon\/","title":{"rendered":"Kunno denuncia agresi\u00f3n homof\u00f3bica a las afueras de un antro en Nuevo Le\u00f3n"},"content":{"rendered":"\n<p><strong><em>La agresi\u00f3n ocurri\u00f3 mientras Kunno esperaba un uber a las afueras de un antro. El influencer recibi\u00f3 pu\u00f1etazos en el rostro<\/em><\/strong><\/p>\n\n\n\n<p>El influencer regiomontano Kunno denunci\u00f3 a trav\u00e9s de sus historias de Instagram que fue v\u00edctima de una agresi\u00f3n homof\u00f3bica por parte de tres hombres tras salir de un antro en San Pedro Garza Garc\u00eda, Nuevo Le\u00f3n.<\/p>\n\n\n\n<p>Visiblemente afectado, Kunno relat\u00f3 que los hechos ocurrieron la&nbsp;<strong>noche del jueves 17 de abril,<\/strong>&nbsp;cuando decidi\u00f3 retirarse del lugar por cuenta propia.<\/p>\n\n\n\n<blockquote class=\"wp-block-quote is-layout-flow wp-block-quote-is-layout-flow\">\n<p>\u201cEl d\u00eda de ayer sal\u00ed con unos amigos de fiesta, la est\u00e1bamos pasando agusto. Al final decid\u00ed yo retirarme de la fiesta porque ya estaba cansado y pasado de copas. Decid\u00ed salirme por mi cuenta\u201d, cont\u00f3.<\/p>\n<\/blockquote>\n\n\n\n<p>Al salir del establecimiento, intent\u00f3 pedir un Uber, pero se percat\u00f3 de la presencia de unos hombres a lo lejos, sin saber que vivir\u00eda un momento de violencia.<\/p>\n\n\n\n<blockquote class=\"wp-block-quote is-layout-flow wp-block-quote-is-layout-flow\">\n<p>\u201cMe empezaron a gritar muchas cosas homof\u00f3bicas y pues obviamente me asust\u00e9 mucho, pero me empezaron a gritar muchas cosas como pu*o, jo*o, y yo nada m\u00e1s me re\u00eda. Pero no s\u00e9, yo soy muy llevado, muy de humor negro, no pens\u00e9 que fuera en serio que me estuvieran gritando eso en mi ciudad\u201d, relat\u00f3 Kunno.<\/p>\n<\/blockquote>\n\n\n\n<p>Los insultos pronto se convirtieron en una&nbsp;<strong>agresi\u00f3n f\u00edsica<\/strong>. Uno de los agresores le dio un pu\u00f1etazo en la cara, ocasion\u00e1ndole una cortada leve en el rostro.<\/p>\n\n\n\n<blockquote class=\"wp-block-quote is-layout-flow wp-block-quote-is-layout-flow\">\n<p>\u201cLiteral sal\u00ed corriendo, no s\u00e9 con qu\u00e9 fuerzas me solt\u00e9 de estos chicos y corr\u00ed. Incluso por la adrenalina no sent\u00eda que estaba sangrando de la cara. Ped\u00ed mi Uber y me vine a mi casa, me acost\u00e9 en el piso de mi ba\u00f1o a llorar. Me sent\u00ed muy d\u00e9bil. No pod\u00eda creer lo que me pas\u00f3 y de lo que pude escapar\u201d.<\/p>\n<\/blockquote>\n\n\n\n<p>Kunno expres\u00f3 su tristeza al se\u00f1alar que este tipo de&nbsp;<strong>agresiones siguen ocurriendo,<\/strong>&nbsp;incluso en espacios donde las personas deber\u00edan sentirse seguras.<\/p>\n\n\n\n<blockquote class=\"wp-block-quote is-layout-flow wp-block-quote-is-layout-flow\">\n<p>\u201cEstamos en pleno 2025 y esto fue un acto de homofobia, no lo puedo creer que esto haya sucedido\u201d, lament\u00f3.<\/p>\n<\/blockquote>\n\n\n\n<p>El influencer asegur\u00f3 que decidi\u00f3 compartir p\u00fablicamente lo sucedido para visibilizar estas agresiones, que a\u00fan afectan a muchas personas de la&nbsp;<strong>comunidad LGBTQ+<\/strong>alrededor del mundo.<\/p>\n\n\n\n<p><\/p>\n","protected":false},"excerpt":{"rendered":"<p>La agresi\u00f3n ocurri\u00f3 mientras Kunno esperaba un uber a las afueras de un antro. El influencer recibi\u00f3 pu\u00f1etazos en el rostro El influencer regiomontano Kunno denunci\u00f3 a trav\u00e9s de sus historias de Instagram que fue v\u00edctima de una agresi\u00f3n homof\u00f3bica por parte de tres hombres tras salir de un antro en San Pedro Garza Garc\u00eda, [&hellip;]<\/p>\n","protected":false},"author":47,"featured_media":106596,"comment_status":"closed","ping_status":"open","sticky":false,"template":"","format":"standard","meta":{"tdm_status":"","tdm_grid_status":"","footnotes":""},"categories":[35,36],"tags":[],"class_list":{"0":"post-106597","1":"post","2":"type-post","3":"status-publish","4":"format-standard","5":"has-post-thumbnail","7":"category-amor-es-amor","8":"category-semanales"},"yoast_head":"<!-- This site is optimized with the Yoast SEO plugin v27.4 - https:\/\/yoast.com\/product\/yoast-seo-wordpress\/ -->\n<title>Kunno denuncia agresi\u00f3n homof\u00f3bica a las afueras de un antro en Nuevo Le\u00f3n - Fuentes Fidedignas<\/title>\n<meta name=\"robots\" content=\"index, follow, max-snippet:-1, max-image-preview:large, max-video-preview:-1\" \/>\n<link rel=\"canonical\" href=\"https:\/\/fuentesfidedignas.com.mx\/index.php\/2025\/04\/19\/kunno-denuncia-agresion-homofobica-a-las-afueras-de-un-antro-en-nuevo-leon\/\" \/>\n<meta property=\"og:locale\" content=\"es_MX\" \/>\n<meta property=\"og:type\" content=\"article\" \/>\n<meta property=\"og:title\" content=\"Kunno denuncia agresi\u00f3n homof\u00f3bica a las afueras de un antro en Nuevo Le\u00f3n - Fuentes Fidedignas\" \/>\n<meta property=\"og:description\" content=\"La agresi\u00f3n ocurri\u00f3 mientras Kunno esperaba un uber a las afueras de un antro. El influencer recibi\u00f3 pu\u00f1etazos en el rostro El influencer regiomontano Kunno denunci\u00f3 a trav\u00e9s de sus historias de Instagram que fue v\u00edctima de una agresi\u00f3n homof\u00f3bica por parte de tres hombres tras salir de un antro en San Pedro Garza Garc\u00eda, [&hellip;]\" \/>\n<meta property=\"og:url\" content=\"https:\/\/fuentesfidedignas.com.mx\/index.php\/2025\/04\/19\/kunno-denuncia-agresion-homofobica-a-las-afueras-de-un-antro-en-nuevo-leon\/\" \/>\n<meta property=\"og:site_name\" content=\"Fuentes Fidedignas\" \/>\n<meta property=\"article:publisher\" content=\"https:\/\/www.facebook.com\/Fuentes-Fidedignas-368234489921644\" \/>\n<meta property=\"article:published_time\" content=\"2025-04-19T16:29:12+00:00\" \/>\n<meta property=\"article:modified_time\" content=\"2025-04-19T17:29:03+00:00\" \/>\n<meta property=\"og:image\" content=\"https:\/\/fuentesfidedignas.com.mx\/wp-content\/uploads\/2025\/04\/img_7992.jpg\" \/>\n\t<meta property=\"og:image:width\" content=\"380\" \/>\n\t<meta property=\"og:image:height\" content=\"308\" \/>\n\t<meta property=\"og:image:type\" content=\"image\/jpeg\" \/>\n<meta name=\"author\" content=\"L\u00f3pez D\u00f3riga\" \/>\n<meta name=\"twitter:card\" content=\"summary_large_image\" \/>\n<meta name=\"twitter:creator\" content=\"@fidedignas\" \/>\n<meta name=\"twitter:site\" content=\"@fidedignas\" \/>\n<meta name=\"twitter:label1\" content=\"Escrito por\" \/>\n\t<meta name=\"twitter:data1\" content=\"L\u00f3pez D\u00f3riga\" \/>\n\t<meta name=\"twitter:label2\" content=\"Tiempo de lectura\" \/>\n\t<meta name=\"twitter:data2\" content=\"2 minutos\" \/>\n<script type=\"application\/ld+json\" class=\"yoast-schema-graph\">{\"@context\":\"https:\\\/\\\/schema.org\",\"@graph\":[{\"@type\":\"Article\",\"@id\":\"https:\\\/\\\/fuentesfidedignas.com.mx\\\/index.php\\\/2025\\\/04\\\/19\\\/kunno-denuncia-agresion-homofobica-a-las-afueras-de-un-antro-en-nuevo-leon\\\/#article\",\"isPartOf\":{\"@id\":\"https:\\\/\\\/fuentesfidedignas.com.mx\\\/index.php\\\/2025\\\/04\\\/19\\\/kunno-denuncia-agresion-homofobica-a-las-afueras-de-un-antro-en-nuevo-leon\\\/\"},\"author\":{\"name\":\"L\u00f3pez D\u00f3riga\",\"@id\":\"https:\\\/\\\/fuentesfidedignas.com.mx\\\/#\\\/schema\\\/person\\\/67d852f0557c8509146a4b9ddebd543a\"},\"headline\":\"Kunno denuncia agresi\u00f3n homof\u00f3bica a las afueras de un antro en Nuevo Le\u00f3n\",\"datePublished\":\"2025-04-19T16:29:12+00:00\",\"dateModified\":\"2025-04-19T17:29:03+00:00\",\"mainEntityOfPage\":{\"@id\":\"https:\\\/\\\/fuentesfidedignas.com.mx\\\/index.php\\\/2025\\\/04\\\/19\\\/kunno-denuncia-agresion-homofobica-a-las-afueras-de-un-antro-en-nuevo-leon\\\/\"},\"wordCount\":406,\"publisher\":{\"@id\":\"https:\\\/\\\/fuentesfidedignas.com.mx\\\/#organization\"},\"image\":{\"@id\":\"https:\\\/\\\/fuentesfidedignas.com.mx\\\/index.php\\\/2025\\\/04\\\/19\\\/kunno-denuncia-agresion-homofobica-a-las-afueras-de-un-antro-en-nuevo-leon\\\/#primaryimage\"},\"thumbnailUrl\":\"https:\\\/\\\/fuentesfidedignas.com.mx\\\/wp-content\\\/uploads\\\/2025\\\/04\\\/img_7992.jpg\",\"articleSection\":[\"AMOR ES AMOR\",\"SEMANALES\"],\"inLanguage\":\"es\"},{\"@type\":\"WebPage\",\"@id\":\"https:\\\/\\\/fuentesfidedignas.com.mx\\\/index.php\\\/2025\\\/04\\\/19\\\/kunno-denuncia-agresion-homofobica-a-las-afueras-de-un-antro-en-nuevo-leon\\\/\",\"url\":\"https:\\\/\\\/fuentesfidedignas.com.mx\\\/index.php\\\/2025\\\/04\\\/19\\\/kunno-denuncia-agresion-homofobica-a-las-afueras-de-un-antro-en-nuevo-leon\\\/\",\"name\":\"Kunno denuncia agresi\u00f3n homof\u00f3bica a las afueras de un antro en Nuevo Le\u00f3n - Fuentes Fidedignas\",\"isPartOf\":{\"@id\":\"https:\\\/\\\/fuentesfidedignas.com.mx\\\/#website\"},\"primaryImageOfPage\":{\"@id\":\"https:\\\/\\\/fuentesfidedignas.com.mx\\\/index.php\\\/2025\\\/04\\\/19\\\/kunno-denuncia-agresion-homofobica-a-las-afueras-de-un-antro-en-nuevo-leon\\\/#primaryimage\"},\"image\":{\"@id\":\"https:\\\/\\\/fuentesfidedignas.com.mx\\\/index.php\\\/2025\\\/04\\\/19\\\/kunno-denuncia-agresion-homofobica-a-las-afueras-de-un-antro-en-nuevo-leon\\\/#primaryimage\"},\"thumbnailUrl\":\"https:\\\/\\\/fuentesfidedignas.com.mx\\\/wp-content\\\/uploads\\\/2025\\\/04\\\/img_7992.jpg\",\"datePublished\":\"2025-04-19T16:29:12+00:00\",\"dateModified\":\"2025-04-19T17:29:03+00:00\",\"breadcrumb\":{\"@id\":\"https:\\\/\\\/fuentesfidedignas.com.mx\\\/index.php\\\/2025\\\/04\\\/19\\\/kunno-denuncia-agresion-homofobica-a-las-afueras-de-un-antro-en-nuevo-leon\\\/#breadcrumb\"},\"inLanguage\":\"es\",\"potentialAction\":[{\"@type\":\"ReadAction\",\"target\":[\"https:\\\/\\\/fuentesfidedignas.com.mx\\\/index.php\\\/2025\\\/04\\\/19\\\/kunno-denuncia-agresion-homofobica-a-las-afueras-de-un-antro-en-nuevo-leon\\\/\"]}]},{\"@type\":\"ImageObject\",\"inLanguage\":\"es\",\"@id\":\"https:\\\/\\\/fuentesfidedignas.com.mx\\\/index.php\\\/2025\\\/04\\\/19\\\/kunno-denuncia-agresion-homofobica-a-las-afueras-de-un-antro-en-nuevo-leon\\\/#primaryimage\",\"url\":\"https:\\\/\\\/fuentesfidedignas.com.mx\\\/wp-content\\\/uploads\\\/2025\\\/04\\\/img_7992.jpg\",\"contentUrl\":\"https:\\\/\\\/fuentesfidedignas.com.mx\\\/wp-content\\\/uploads\\\/2025\\\/04\\\/img_7992.jpg\",\"width\":380,\"height\":308},{\"@type\":\"BreadcrumbList\",\"@id\":\"https:\\\/\\\/fuentesfidedignas.com.mx\\\/index.php\\\/2025\\\/04\\\/19\\\/kunno-denuncia-agresion-homofobica-a-las-afueras-de-un-antro-en-nuevo-leon\\\/#breadcrumb\",\"itemListElement\":[{\"@type\":\"ListItem\",\"position\":1,\"name\":\"Inicio\",\"item\":\"https:\\\/\\\/fuentesfidedignas.com.mx\\\/\"},{\"@type\":\"ListItem\",\"position\":2,\"name\":\"Kunno denuncia agresi\u00f3n homof\u00f3bica a las afueras de un antro en Nuevo Le\u00f3n\"}]},{\"@type\":\"WebSite\",\"@id\":\"https:\\\/\\\/fuentesfidedignas.com.mx\\\/#website\",\"url\":\"https:\\\/\\\/fuentesfidedignas.com.mx\\\/\",\"name\":\"Fuentes Fidedignas\",\"description\":\"Otro sitio realizado con WordPress\",\"publisher\":{\"@id\":\"https:\\\/\\\/fuentesfidedignas.com.mx\\\/#organization\"},\"potentialAction\":[{\"@type\":\"SearchAction\",\"target\":{\"@type\":\"EntryPoint\",\"urlTemplate\":\"https:\\\/\\\/fuentesfidedignas.com.mx\\\/?s={search_term_string}\"},\"query-input\":{\"@type\":\"PropertyValueSpecification\",\"valueRequired\":true,\"valueName\":\"search_term_string\"}}],\"inLanguage\":\"es\"},{\"@type\":\"Organization\",\"@id\":\"https:\\\/\\\/fuentesfidedignas.com.mx\\\/#organization\",\"name\":\"Fuentes Fidedignas\",\"url\":\"https:\\\/\\\/fuentesfidedignas.com.mx\\\/\",\"logo\":{\"@type\":\"ImageObject\",\"inLanguage\":\"es\",\"@id\":\"https:\\\/\\\/fuentesfidedignas.com.mx\\\/#\\\/schema\\\/logo\\\/image\\\/\",\"url\":\"https:\\\/\\\/fuentesfidedignas.com.mx\\\/wp-content\\\/uploads\\\/2021\\\/04\\\/logo-retina.png\",\"contentUrl\":\"https:\\\/\\\/fuentesfidedignas.com.mx\\\/wp-content\\\/uploads\\\/2021\\\/04\\\/logo-retina.png\",\"width\":280,\"height\":51,\"caption\":\"Fuentes Fidedignas\"},\"image\":{\"@id\":\"https:\\\/\\\/fuentesfidedignas.com.mx\\\/#\\\/schema\\\/logo\\\/image\\\/\"},\"sameAs\":[\"https:\\\/\\\/www.facebook.com\\\/Fuentes-Fidedignas-368234489921644\",\"https:\\\/\\\/x.com\\\/fidedignas\"]},{\"@type\":\"Person\",\"@id\":\"https:\\\/\\\/fuentesfidedignas.com.mx\\\/#\\\/schema\\\/person\\\/67d852f0557c8509146a4b9ddebd543a\",\"name\":\"L\u00f3pez D\u00f3riga\",\"image\":{\"@type\":\"ImageObject\",\"inLanguage\":\"es\",\"@id\":\"https:\\\/\\\/secure.gravatar.com\\\/avatar\\\/e525b06574ca18b33cded59dfe5778d6c823b9513154eff47da551b0551bdd1e?s=96&d=mm&r=g\",\"url\":\"https:\\\/\\\/secure.gravatar.com\\\/avatar\\\/e525b06574ca18b33cded59dfe5778d6c823b9513154eff47da551b0551bdd1e?s=96&d=mm&r=g\",\"contentUrl\":\"https:\\\/\\\/secure.gravatar.com\\\/avatar\\\/e525b06574ca18b33cded59dfe5778d6c823b9513154eff47da551b0551bdd1e?s=96&d=mm&r=g\",\"caption\":\"L\u00f3pez D\u00f3riga\"},\"url\":\"https:\\\/\\\/fuentesfidedignas.com.mx\\\/index.php\\\/author\\\/doriga\\\/\"}]}<\/script>\n<!-- \/ Yoast SEO plugin. -->","yoast_head_json":{"title":"Kunno denuncia agresi\u00f3n homof\u00f3bica a las afueras de un antro en Nuevo Le\u00f3n - Fuentes Fidedignas","robots":{"index":"index","follow":"follow","max-snippet":"max-snippet:-1","max-image-preview":"max-image-preview:large","max-video-preview":"max-video-preview:-1"},"canonical":"https:\/\/fuentesfidedignas.com.mx\/index.php\/2025\/04\/19\/kunno-denuncia-agresion-homofobica-a-las-afueras-de-un-antro-en-nuevo-leon\/","og_locale":"es_MX","og_type":"article","og_title":"Kunno denuncia agresi\u00f3n homof\u00f3bica a las afueras de un antro en Nuevo Le\u00f3n - Fuentes Fidedignas","og_description":"La agresi\u00f3n ocurri\u00f3 mientras Kunno esperaba un uber a las afueras de un antro. El influencer recibi\u00f3 pu\u00f1etazos en el rostro El influencer regiomontano Kunno denunci\u00f3 a trav\u00e9s de sus historias de Instagram que fue v\u00edctima de una agresi\u00f3n homof\u00f3bica por parte de tres hombres tras salir de un antro en San Pedro Garza Garc\u00eda, [&hellip;]","og_url":"https:\/\/fuentesfidedignas.com.mx\/index.php\/2025\/04\/19\/kunno-denuncia-agresion-homofobica-a-las-afueras-de-un-antro-en-nuevo-leon\/","og_site_name":"Fuentes Fidedignas","article_publisher":"https:\/\/www.facebook.com\/Fuentes-Fidedignas-368234489921644","article_published_time":"2025-04-19T16:29:12+00:00","article_modified_time":"2025-04-19T17:29:03+00:00","og_image":[{"width":380,"height":308,"url":"https:\/\/fuentesfidedignas.com.mx\/wp-content\/uploads\/2025\/04\/img_7992.jpg","type":"image\/jpeg"}],"author":"L\u00f3pez D\u00f3riga","twitter_card":"summary_large_image","twitter_creator":"@fidedignas","twitter_site":"@fidedignas","twitter_misc":{"Escrito por":"L\u00f3pez D\u00f3riga","Tiempo de lectura":"2 minutos"},"schema":{"@context":"https:\/\/schema.org","@graph":[{"@type":"Article","@id":"https:\/\/fuentesfidedignas.com.mx\/index.php\/2025\/04\/19\/kunno-denuncia-agresion-homofobica-a-las-afueras-de-un-antro-en-nuevo-leon\/#article","isPartOf":{"@id":"https:\/\/fuentesfidedignas.com.mx\/index.php\/2025\/04\/19\/kunno-denuncia-agresion-homofobica-a-las-afueras-de-un-antro-en-nuevo-leon\/"},"author":{"name":"L\u00f3pez D\u00f3riga","@id":"https:\/\/fuentesfidedignas.com.mx\/#\/schema\/person\/67d852f0557c8509146a4b9ddebd543a"},"headline":"Kunno denuncia agresi\u00f3n homof\u00f3bica a las afueras de un antro en Nuevo Le\u00f3n","datePublished":"2025-04-19T16:29:12+00:00","dateModified":"2025-04-19T17:29:03+00:00","mainEntityOfPage":{"@id":"https:\/\/fuentesfidedignas.com.mx\/index.php\/2025\/04\/19\/kunno-denuncia-agresion-homofobica-a-las-afueras-de-un-antro-en-nuevo-leon\/"},"wordCount":406,"publisher":{"@id":"https:\/\/fuentesfidedignas.com.mx\/#organization"},"image":{"@id":"https:\/\/fuentesfidedignas.com.mx\/index.php\/2025\/04\/19\/kunno-denuncia-agresion-homofobica-a-las-afueras-de-un-antro-en-nuevo-leon\/#primaryimage"},"thumbnailUrl":"https:\/\/fuentesfidedignas.com.mx\/wp-content\/uploads\/2025\/04\/img_7992.jpg","articleSection":["AMOR ES AMOR","SEMANALES"],"inLanguage":"es"},{"@type":"WebPage","@id":"https:\/\/fuentesfidedignas.com.mx\/index.php\/2025\/04\/19\/kunno-denuncia-agresion-homofobica-a-las-afueras-de-un-antro-en-nuevo-leon\/","url":"https:\/\/fuentesfidedignas.com.mx\/index.php\/2025\/04\/19\/kunno-denuncia-agresion-homofobica-a-las-afueras-de-un-antro-en-nuevo-leon\/","name":"Kunno denuncia agresi\u00f3n homof\u00f3bica a las afueras de un antro en Nuevo Le\u00f3n - Fuentes Fidedignas","isPartOf":{"@id":"https:\/\/fuentesfidedignas.com.mx\/#website"},"primaryImageOfPage":{"@id":"https:\/\/fuentesfidedignas.com.mx\/index.php\/2025\/04\/19\/kunno-denuncia-agresion-homofobica-a-las-afueras-de-un-antro-en-nuevo-leon\/#primaryimage"},"image":{"@id":"https:\/\/fuentesfidedignas.com.mx\/index.php\/2025\/04\/19\/kunno-denuncia-agresion-homofobica-a-las-afueras-de-un-antro-en-nuevo-leon\/#primaryimage"},"thumbnailUrl":"https:\/\/fuentesfidedignas.com.mx\/wp-content\/uploads\/2025\/04\/img_7992.jpg","datePublished":"2025-04-19T16:29:12+00:00","dateModified":"2025-04-19T17:29:03+00:00","breadcrumb":{"@id":"https:\/\/fuentesfidedignas.com.mx\/index.php\/2025\/04\/19\/kunno-denuncia-agresion-homofobica-a-las-afueras-de-un-antro-en-nuevo-leon\/#breadcrumb"},"inLanguage":"es","potentialAction":[{"@type":"ReadAction","target":["https:\/\/fuentesfidedignas.com.mx\/index.php\/2025\/04\/19\/kunno-denuncia-agresion-homofobica-a-las-afueras-de-un-antro-en-nuevo-leon\/"]}]},{"@type":"ImageObject","inLanguage":"es","@id":"https:\/\/fuentesfidedignas.com.mx\/index.php\/2025\/04\/19\/kunno-denuncia-agresion-homofobica-a-las-afueras-de-un-antro-en-nuevo-leon\/#primaryimage","url":"https:\/\/fuentesfidedignas.com.mx\/wp-content\/uploads\/2025\/04\/img_7992.jpg","contentUrl":"https:\/\/fuentesfidedignas.com.mx\/wp-content\/uploads\/2025\/04\/img_7992.jpg","width":380,"height":308},{"@type":"BreadcrumbList","@id":"https:\/\/fuentesfidedignas.com.mx\/index.php\/2025\/04\/19\/kunno-denuncia-agresion-homofobica-a-las-afueras-de-un-antro-en-nuevo-leon\/#breadcrumb","itemListElement":[{"@type":"ListItem","position":1,"name":"Inicio","item":"https:\/\/fuentesfidedignas.com.mx\/"},{"@type":"ListItem","position":2,"name":"Kunno denuncia agresi\u00f3n homof\u00f3bica a las afueras de un antro en Nuevo Le\u00f3n"}]},{"@type":"WebSite","@id":"https:\/\/fuentesfidedignas.com.mx\/#website","url":"https:\/\/fuentesfidedignas.com.mx\/","name":"Fuentes Fidedignas","description":"Otro sitio realizado con WordPress","publisher":{"@id":"https:\/\/fuentesfidedignas.com.mx\/#organization"},"potentialAction":[{"@type":"SearchAction","target":{"@type":"EntryPoint","urlTemplate":"https:\/\/fuentesfidedignas.com.mx\/?s={search_term_string}"},"query-input":{"@type":"PropertyValueSpecification","valueRequired":true,"valueName":"search_term_string"}}],"inLanguage":"es"},{"@type":"Organization","@id":"https:\/\/fuentesfidedignas.com.mx\/#organization","name":"Fuentes Fidedignas","url":"https:\/\/fuentesfidedignas.com.mx\/","logo":{"@type":"ImageObject","inLanguage":"es","@id":"https:\/\/fuentesfidedignas.com.mx\/#\/schema\/logo\/image\/","url":"https:\/\/fuentesfidedignas.com.mx\/wp-content\/uploads\/2021\/04\/logo-retina.png","contentUrl":"https:\/\/fuentesfidedignas.com.mx\/wp-content\/uploads\/2021\/04\/logo-retina.png","width":280,"height":51,"caption":"Fuentes Fidedignas"},"image":{"@id":"https:\/\/fuentesfidedignas.com.mx\/#\/schema\/logo\/image\/"},"sameAs":["https:\/\/www.facebook.com\/Fuentes-Fidedignas-368234489921644","https:\/\/x.com\/fidedignas"]},{"@type":"Person","@id":"https:\/\/fuentesfidedignas.com.mx\/#\/schema\/person\/67d852f0557c8509146a4b9ddebd543a","name":"L\u00f3pez D\u00f3riga","image":{"@type":"ImageObject","inLanguage":"es","@id":"https:\/\/secure.gravatar.com\/avatar\/e525b06574ca18b33cded59dfe5778d6c823b9513154eff47da551b0551bdd1e?s=96&d=mm&r=g","url":"https:\/\/secure.gravatar.com\/avatar\/e525b06574ca18b33cded59dfe5778d6c823b9513154eff47da551b0551bdd1e?s=96&d=mm&r=g","contentUrl":"https:\/\/secure.gravatar.com\/avatar\/e525b06574ca18b33cded59dfe5778d6c823b9513154eff47da551b0551bdd1e?s=96&d=mm&r=g","caption":"L\u00f3pez D\u00f3riga"},"url":"https:\/\/fuentesfidedignas.com.mx\/index.php\/author\/doriga\/"}]}},"_links":{"self":[{"href":"https:\/\/fuentesfidedignas.com.mx\/index.php\/wp-json\/wp\/v2\/posts\/106597","targetHints":{"allow":["GET"]}}],"collection":[{"href":"https:\/\/fuentesfidedignas.com.mx\/index.php\/wp-json\/wp\/v2\/posts"}],"about":[{"href":"https:\/\/fuentesfidedignas.com.mx\/index.php\/wp-json\/wp\/v2\/types\/post"}],"author":[{"embeddable":true,"href":"https:\/\/fuentesfidedignas.com.mx\/index.php\/wp-json\/wp\/v2\/users\/47"}],"replies":[{"embeddable":true,"href":"https:\/\/fuentesfidedignas.com.mx\/index.php\/wp-json\/wp\/v2\/comments?post=106597"}],"version-history":[{"count":1,"href":"https:\/\/fuentesfidedignas.com.mx\/index.php\/wp-json\/wp\/v2\/posts\/106597\/revisions"}],"predecessor-version":[{"id":106598,"href":"https:\/\/fuentesfidedignas.com.mx\/index.php\/wp-json\/wp\/v2\/posts\/106597\/revisions\/106598"}],"wp:featuredmedia":[{"embeddable":true,"href":"https:\/\/fuentesfidedignas.com.mx\/index.php\/wp-json\/wp\/v2\/media\/106596"}],"wp:attachment":[{"href":"https:\/\/fuentesfidedignas.com.mx\/index.php\/wp-json\/wp\/v2\/media?parent=106597"}],"wp:term":[{"taxonomy":"category","embeddable":true,"href":"https:\/\/fuentesfidedignas.com.mx\/index.php\/wp-json\/wp\/v2\/categories?post=106597"},{"taxonomy":"post_tag","embeddable":true,"href":"https:\/\/fuentesfidedignas.com.mx\/index.php\/wp-json\/wp\/v2\/tags?post=106597"}],"curies":[{"name":"wp","href":"https:\/\/api.w.org\/{rel}","templated":true}]}}