{"id":106570,"date":"2025-04-18T10:54:00","date_gmt":"2025-04-18T17:54:00","guid":{"rendered":"https:\/\/fuentesfidedignas.com.mx\/?p=106570"},"modified":"2025-04-18T10:00:31","modified_gmt":"2025-04-18T17:00:31","slug":"capturan-a-cesar-hernandez-homicida-de-agente-de-la-fesc-en-tijuana","status":"publish","type":"post","link":"https:\/\/fuentesfidedignas.com.mx\/index.php\/2025\/04\/18\/capturan-a-cesar-hernandez-homicida-de-agente-de-la-fesc-en-tijuana\/","title":{"rendered":"Capturan a C\u00e9sar Hern\u00e1ndez, homicida de agente de la FESC en Tijuana"},"content":{"rendered":"\n<p><strong><em>Desde 2019, Hern\u00e1ndez cumpl\u00eda una sentencia de 25 a\u00f1os a cadena perpetua en la prisi\u00f3n estatal de Kern, por el asesinato de un hombre en Los \u00c1ngeles, California<\/em><\/strong><\/p>\n\n\n\n<p>La noche del jueves 17 de abril, fue detenido C\u00e9sar Mois\u00e9s Hern\u00e1ndez, presunto homicida de Abigail Esparza Reyes, jefa del Grupo de Enlace Internacional en Tijuana, de 33 a\u00f1os de edad. La captura ocurri\u00f3 en la colonia Lomas del Matamoros, al este de la ciudad.<\/p>\n\n\n\n<p>Seg\u00fan los primeros informes, Hern\u00e1ndez \u2014quien estaba pr\u00f3fugo de las autoridades mexicanas y estadounidenses\u2014 fue asegurado por elementos de la Fiscal\u00eda General del Estado y de la Secretar\u00eda de la Defensa Nacional (SEDENA).<\/p>\n\n\n\n<p>Fueron agentes del Grupo de Homicidios e Inteligencia quienes, mediante un cateo, lograron ubicarlo y neutralizarlo dentro de un cuarto de madera en la zona mencionada. En lugar se localiz\u00f3 un arma de fuego.<\/p>\n\n\n\n<p>El 9 de abril pasado, C\u00e9sar Mois\u00e9s Hern\u00e1ndez, de 35 a\u00f1os, se atrincher\u00f3 en una vivienda del fraccionamiento Barcelona. Al resistirse a una orden de aprehensi\u00f3n en su contra, dispar\u00f3 y asesin\u00f3 a Abigail Esparza, agente de la Fuerza Estatal de Seguridad Ciudadana (FESC), y posteriormente logr\u00f3 escapar.<\/p>\n\n\n\n<p>C\u00e1maras de vigilancia vecinal captaron a Hern\u00e1ndez corriendo por una privada en ropa interior. Despu\u00e9s, se dirigi\u00f3 hacia un veh\u00edculo tipo Jeep color rojo que estaba cubierto con una lona. Del autom\u00f3vil sali\u00f3 poco despu\u00e9s, vestido con un traje verde fosforescente, el cual le permiti\u00f3 evadir a m\u00e1s de 100 elementos policiales, as\u00ed como a drones y un helic\u00f3ptero de la FESC.<\/p>\n\n\n\n<p>El \u00faltimo video de Hern\u00e1ndez en la zona lo muestra caminando por el bulevar principal del fraccionamiento, antes de abordar un transporte p\u00fablico con direcci\u00f3n a la zona conocida como \u201c5 y 10\u201d, en La Mesa. Las autoridades creen que pudo haberse bajado en cualquier punto intermedio, sin que hasta ahora haya sido precisado.<\/p>\n\n\n\n<figure class=\"wp-block-image size-full\"><img decoding=\"async\" width=\"696\" height=\"696\" src=\"https:\/\/fuentesfidedignas.com.mx\/wp-content\/uploads\/2025\/04\/image-1-2.jpg\" alt=\"\" class=\"wp-image-106571\" srcset=\"https:\/\/fuentesfidedignas.com.mx\/wp-content\/uploads\/2025\/04\/image-1-2.jpg 696w, https:\/\/fuentesfidedignas.com.mx\/wp-content\/uploads\/2025\/04\/image-1-2-300x300.jpg 300w, https:\/\/fuentesfidedignas.com.mx\/wp-content\/uploads\/2025\/04\/image-1-2-150x150.jpg 150w, https:\/\/fuentesfidedignas.com.mx\/wp-content\/uploads\/2025\/04\/image-1-2-420x420.jpg 420w, https:\/\/fuentesfidedignas.com.mx\/wp-content\/uploads\/2025\/04\/image-1-2-600x600.jpg 600w\" sizes=\"(max-width: 696px) 100vw, 696px\" \/><figcaption class=\"wp-element-caption\">La\u00a0<em>US Marshals Service<\/em>\u00a0ofrec\u00eda una recompensa de 35 mil d\u00f3lares por su captura.<\/figcaption><\/figure>\n\n\n\n<p><strong>Las fugas<\/strong><\/p>\n\n\n\n<p>C\u00e9sar Mois\u00e9s Hern\u00e1ndez, se fug\u00f3 por segunda ocasi\u00f3n en menos de cinco meses, esta vez en Tijuana, Baja California, cuando autoridades mexicanas intentaban detenerlo para su deportaci\u00f3n a Estados Unidos, donde est\u00e1 condenado a cadena perpetua por homicidio.<\/p>\n\n\n\n<p>La primera fuga ocurri\u00f3 el 2 de diciembre de 2024, cuando Hern\u00e1ndez logr\u00f3 escapar de oficiales del sistema correccional de California en el estacionamiento del tribunal de justicia de Delano, en la calle Jefferson. Estaba bajo custodia del Departamento de Correcciones y Rehabilitaci\u00f3n de California (CDCR) y esperaba ingresar a una audiencia para ser sentenciado por nuevos cargos. \u201cCorri\u00f3, salt\u00f3 una cerca y escap\u00f3\u201d, reportaron medios locales.<\/p>\n\n\n\n<p>Desde 2019, Hern\u00e1ndez cumpl\u00eda una sentencia de 25 a\u00f1os a cadena perpetua en la prisi\u00f3n estatal de Kern, por el asesinato de un hombre en Los \u00c1ngeles, California, en junio de 2018. Durante su internamiento, tambi\u00e9n se declar\u00f3 culpable de fabricar un arma y de posesi\u00f3n de drogas y alcohol.<\/p>\n\n\n\n<p>La ficha de b\u00fasqueda enviada por el Gobierno de Estados Unidos a la Coordinaci\u00f3n de Enlace Internacional de la Fuerza Estatal de Seguridad Ciudadana (FESC) advert\u00eda que Hern\u00e1ndez ten\u00eda \u201ctendencias violentas\u201d y representaba \u201criesgo de escape\u201d. Sin embargo, dichas alertas no evitaron su fuga.<\/p>\n\n\n\n<p>El mi\u00e9rcoles 9 de abril de 2025, 128 d\u00edas despu\u00e9s de su huida en California, elementos de la FESC intentaron capturarlo en Tijuana, pero nuevamente logr\u00f3 escapar, evadiendo un operativo conjunto con autoridades estatales. El objetivo era detenerlo para ser entregado al Instituto Nacional de Migraci\u00f3n (INM) y posteriormente ser deportado a Estados Unidos.<\/p>\n\n\n\n<p>Hasta el momento, las autoridades estatales no han emitido informaci\u00f3n oficial sobre su captura.<\/p>\n","protected":false},"excerpt":{"rendered":"<p>Desde 2019, Hern\u00e1ndez cumpl\u00eda una sentencia de 25 a\u00f1os a cadena perpetua en la prisi\u00f3n estatal de Kern, por el asesinato de un hombre en Los \u00c1ngeles, California La noche del jueves 17 de abril, fue detenido C\u00e9sar Mois\u00e9s Hern\u00e1ndez, presunto homicida de Abigail Esparza Reyes, jefa del Grupo de Enlace Internacional en Tijuana, de [&hellip;]<\/p>\n","protected":false},"author":174,"featured_media":106067,"comment_status":"open","ping_status":"open","sticky":false,"template":"","format":"standard","meta":{"tdm_status":"","tdm_grid_status":"","footnotes":""},"categories":[39],"tags":[],"class_list":{"0":"post-106570","1":"post","2":"type-post","3":"status-publish","4":"format-standard","5":"has-post-thumbnail","7":"category-noticias-nacionales"},"yoast_head":"<!-- This site is optimized with the Yoast SEO plugin v27.4 - https:\/\/yoast.com\/product\/yoast-seo-wordpress\/ -->\n<title>Capturan a C\u00e9sar Hern\u00e1ndez, homicida de agente de la FESC en Tijuana - Fuentes Fidedignas<\/title>\n<meta name=\"robots\" content=\"index, follow, max-snippet:-1, max-image-preview:large, max-video-preview:-1\" \/>\n<link rel=\"canonical\" href=\"https:\/\/fuentesfidedignas.com.mx\/index.php\/2025\/04\/18\/capturan-a-cesar-hernandez-homicida-de-agente-de-la-fesc-en-tijuana\/\" \/>\n<meta property=\"og:locale\" content=\"es_MX\" \/>\n<meta property=\"og:type\" content=\"article\" \/>\n<meta property=\"og:title\" content=\"Capturan a C\u00e9sar Hern\u00e1ndez, homicida de agente de la FESC en Tijuana - Fuentes Fidedignas\" \/>\n<meta property=\"og:description\" content=\"Desde 2019, Hern\u00e1ndez cumpl\u00eda una sentencia de 25 a\u00f1os a cadena perpetua en la prisi\u00f3n estatal de Kern, por el asesinato de un hombre en Los \u00c1ngeles, California La noche del jueves 17 de abril, fue detenido C\u00e9sar Mois\u00e9s Hern\u00e1ndez, presunto homicida de Abigail Esparza Reyes, jefa del Grupo de Enlace Internacional en Tijuana, de [&hellip;]\" \/>\n<meta property=\"og:url\" content=\"https:\/\/fuentesfidedignas.com.mx\/index.php\/2025\/04\/18\/capturan-a-cesar-hernandez-homicida-de-agente-de-la-fesc-en-tijuana\/\" \/>\n<meta property=\"og:site_name\" content=\"Fuentes Fidedignas\" \/>\n<meta property=\"article:publisher\" content=\"https:\/\/www.facebook.com\/Fuentes-Fidedignas-368234489921644\" \/>\n<meta property=\"article:published_time\" content=\"2025-04-18T17:54:00+00:00\" \/>\n<meta property=\"og:image\" content=\"https:\/\/fuentesfidedignas.com.mx\/wp-content\/uploads\/2025\/04\/img_7355.jpg\" \/>\n\t<meta property=\"og:image:width\" content=\"992\" \/>\n\t<meta property=\"og:image:height\" content=\"558\" \/>\n\t<meta property=\"og:image:type\" content=\"image\/jpeg\" \/>\n<meta name=\"author\" content=\"Semanario ZETA\" \/>\n<meta name=\"twitter:card\" content=\"summary_large_image\" \/>\n<meta name=\"twitter:creator\" content=\"@fidedignas\" \/>\n<meta name=\"twitter:site\" content=\"@fidedignas\" \/>\n<meta name=\"twitter:label1\" content=\"Escrito por\" \/>\n\t<meta name=\"twitter:data1\" content=\"Semanario ZETA\" \/>\n\t<meta name=\"twitter:label2\" content=\"Tiempo de lectura\" \/>\n\t<meta name=\"twitter:data2\" content=\"4 minutos\" \/>\n<script type=\"application\/ld+json\" class=\"yoast-schema-graph\">{\"@context\":\"https:\\\/\\\/schema.org\",\"@graph\":[{\"@type\":\"Article\",\"@id\":\"https:\\\/\\\/fuentesfidedignas.com.mx\\\/index.php\\\/2025\\\/04\\\/18\\\/capturan-a-cesar-hernandez-homicida-de-agente-de-la-fesc-en-tijuana\\\/#article\",\"isPartOf\":{\"@id\":\"https:\\\/\\\/fuentesfidedignas.com.mx\\\/index.php\\\/2025\\\/04\\\/18\\\/capturan-a-cesar-hernandez-homicida-de-agente-de-la-fesc-en-tijuana\\\/\"},\"author\":{\"name\":\"Semanario ZETA\",\"@id\":\"https:\\\/\\\/fuentesfidedignas.com.mx\\\/#\\\/schema\\\/person\\\/905eb083f738e50c31f0810745e7f2d7\"},\"headline\":\"Capturan a C\u00e9sar Hern\u00e1ndez, homicida de agente de la FESC en Tijuana\",\"datePublished\":\"2025-04-18T17:54:00+00:00\",\"mainEntityOfPage\":{\"@id\":\"https:\\\/\\\/fuentesfidedignas.com.mx\\\/index.php\\\/2025\\\/04\\\/18\\\/capturan-a-cesar-hernandez-homicida-de-agente-de-la-fesc-en-tijuana\\\/\"},\"wordCount\":637,\"commentCount\":0,\"publisher\":{\"@id\":\"https:\\\/\\\/fuentesfidedignas.com.mx\\\/#organization\"},\"image\":{\"@id\":\"https:\\\/\\\/fuentesfidedignas.com.mx\\\/index.php\\\/2025\\\/04\\\/18\\\/capturan-a-cesar-hernandez-homicida-de-agente-de-la-fesc-en-tijuana\\\/#primaryimage\"},\"thumbnailUrl\":\"https:\\\/\\\/fuentesfidedignas.com.mx\\\/wp-content\\\/uploads\\\/2025\\\/04\\\/img_7355.jpg\",\"articleSection\":[\"NOTICIAS NACIONALES\"],\"inLanguage\":\"es\",\"potentialAction\":[{\"@type\":\"CommentAction\",\"name\":\"Comment\",\"target\":[\"https:\\\/\\\/fuentesfidedignas.com.mx\\\/index.php\\\/2025\\\/04\\\/18\\\/capturan-a-cesar-hernandez-homicida-de-agente-de-la-fesc-en-tijuana\\\/#respond\"]}]},{\"@type\":\"WebPage\",\"@id\":\"https:\\\/\\\/fuentesfidedignas.com.mx\\\/index.php\\\/2025\\\/04\\\/18\\\/capturan-a-cesar-hernandez-homicida-de-agente-de-la-fesc-en-tijuana\\\/\",\"url\":\"https:\\\/\\\/fuentesfidedignas.com.mx\\\/index.php\\\/2025\\\/04\\\/18\\\/capturan-a-cesar-hernandez-homicida-de-agente-de-la-fesc-en-tijuana\\\/\",\"name\":\"Capturan a C\u00e9sar Hern\u00e1ndez, homicida de agente de la FESC en Tijuana - Fuentes Fidedignas\",\"isPartOf\":{\"@id\":\"https:\\\/\\\/fuentesfidedignas.com.mx\\\/#website\"},\"primaryImageOfPage\":{\"@id\":\"https:\\\/\\\/fuentesfidedignas.com.mx\\\/index.php\\\/2025\\\/04\\\/18\\\/capturan-a-cesar-hernandez-homicida-de-agente-de-la-fesc-en-tijuana\\\/#primaryimage\"},\"image\":{\"@id\":\"https:\\\/\\\/fuentesfidedignas.com.mx\\\/index.php\\\/2025\\\/04\\\/18\\\/capturan-a-cesar-hernandez-homicida-de-agente-de-la-fesc-en-tijuana\\\/#primaryimage\"},\"thumbnailUrl\":\"https:\\\/\\\/fuentesfidedignas.com.mx\\\/wp-content\\\/uploads\\\/2025\\\/04\\\/img_7355.jpg\",\"datePublished\":\"2025-04-18T17:54:00+00:00\",\"breadcrumb\":{\"@id\":\"https:\\\/\\\/fuentesfidedignas.com.mx\\\/index.php\\\/2025\\\/04\\\/18\\\/capturan-a-cesar-hernandez-homicida-de-agente-de-la-fesc-en-tijuana\\\/#breadcrumb\"},\"inLanguage\":\"es\",\"potentialAction\":[{\"@type\":\"ReadAction\",\"target\":[\"https:\\\/\\\/fuentesfidedignas.com.mx\\\/index.php\\\/2025\\\/04\\\/18\\\/capturan-a-cesar-hernandez-homicida-de-agente-de-la-fesc-en-tijuana\\\/\"]}]},{\"@type\":\"ImageObject\",\"inLanguage\":\"es\",\"@id\":\"https:\\\/\\\/fuentesfidedignas.com.mx\\\/index.php\\\/2025\\\/04\\\/18\\\/capturan-a-cesar-hernandez-homicida-de-agente-de-la-fesc-en-tijuana\\\/#primaryimage\",\"url\":\"https:\\\/\\\/fuentesfidedignas.com.mx\\\/wp-content\\\/uploads\\\/2025\\\/04\\\/img_7355.jpg\",\"contentUrl\":\"https:\\\/\\\/fuentesfidedignas.com.mx\\\/wp-content\\\/uploads\\\/2025\\\/04\\\/img_7355.jpg\",\"width\":992,\"height\":558},{\"@type\":\"BreadcrumbList\",\"@id\":\"https:\\\/\\\/fuentesfidedignas.com.mx\\\/index.php\\\/2025\\\/04\\\/18\\\/capturan-a-cesar-hernandez-homicida-de-agente-de-la-fesc-en-tijuana\\\/#breadcrumb\",\"itemListElement\":[{\"@type\":\"ListItem\",\"position\":1,\"name\":\"Inicio\",\"item\":\"https:\\\/\\\/fuentesfidedignas.com.mx\\\/\"},{\"@type\":\"ListItem\",\"position\":2,\"name\":\"Capturan a C\u00e9sar Hern\u00e1ndez, homicida de agente de la FESC en Tijuana\"}]},{\"@type\":\"WebSite\",\"@id\":\"https:\\\/\\\/fuentesfidedignas.com.mx\\\/#website\",\"url\":\"https:\\\/\\\/fuentesfidedignas.com.mx\\\/\",\"name\":\"Fuentes Fidedignas\",\"description\":\"Otro sitio realizado con WordPress\",\"publisher\":{\"@id\":\"https:\\\/\\\/fuentesfidedignas.com.mx\\\/#organization\"},\"potentialAction\":[{\"@type\":\"SearchAction\",\"target\":{\"@type\":\"EntryPoint\",\"urlTemplate\":\"https:\\\/\\\/fuentesfidedignas.com.mx\\\/?s={search_term_string}\"},\"query-input\":{\"@type\":\"PropertyValueSpecification\",\"valueRequired\":true,\"valueName\":\"search_term_string\"}}],\"inLanguage\":\"es\"},{\"@type\":\"Organization\",\"@id\":\"https:\\\/\\\/fuentesfidedignas.com.mx\\\/#organization\",\"name\":\"Fuentes Fidedignas\",\"url\":\"https:\\\/\\\/fuentesfidedignas.com.mx\\\/\",\"logo\":{\"@type\":\"ImageObject\",\"inLanguage\":\"es\",\"@id\":\"https:\\\/\\\/fuentesfidedignas.com.mx\\\/#\\\/schema\\\/logo\\\/image\\\/\",\"url\":\"https:\\\/\\\/fuentesfidedignas.com.mx\\\/wp-content\\\/uploads\\\/2021\\\/04\\\/logo-retina.png\",\"contentUrl\":\"https:\\\/\\\/fuentesfidedignas.com.mx\\\/wp-content\\\/uploads\\\/2021\\\/04\\\/logo-retina.png\",\"width\":280,\"height\":51,\"caption\":\"Fuentes Fidedignas\"},\"image\":{\"@id\":\"https:\\\/\\\/fuentesfidedignas.com.mx\\\/#\\\/schema\\\/logo\\\/image\\\/\"},\"sameAs\":[\"https:\\\/\\\/www.facebook.com\\\/Fuentes-Fidedignas-368234489921644\",\"https:\\\/\\\/x.com\\\/fidedignas\"]},{\"@type\":\"Person\",\"@id\":\"https:\\\/\\\/fuentesfidedignas.com.mx\\\/#\\\/schema\\\/person\\\/905eb083f738e50c31f0810745e7f2d7\",\"name\":\"Semanario ZETA\",\"image\":{\"@type\":\"ImageObject\",\"inLanguage\":\"es\",\"@id\":\"https:\\\/\\\/secure.gravatar.com\\\/avatar\\\/683c3267bb80c3791f089cd0d4f3d6c86ca4d0534cdc9d92b7a367e0903c55d2?s=96&d=mm&r=g\",\"url\":\"https:\\\/\\\/secure.gravatar.com\\\/avatar\\\/683c3267bb80c3791f089cd0d4f3d6c86ca4d0534cdc9d92b7a367e0903c55d2?s=96&d=mm&r=g\",\"contentUrl\":\"https:\\\/\\\/secure.gravatar.com\\\/avatar\\\/683c3267bb80c3791f089cd0d4f3d6c86ca4d0534cdc9d92b7a367e0903c55d2?s=96&d=mm&r=g\",\"caption\":\"Semanario ZETA\"},\"url\":\"https:\\\/\\\/fuentesfidedignas.com.mx\\\/index.php\\\/author\\\/semanario\\\/\"}]}<\/script>\n<!-- \/ Yoast SEO plugin. -->","yoast_head_json":{"title":"Capturan a C\u00e9sar Hern\u00e1ndez, homicida de agente de la FESC en Tijuana - Fuentes Fidedignas","robots":{"index":"index","follow":"follow","max-snippet":"max-snippet:-1","max-image-preview":"max-image-preview:large","max-video-preview":"max-video-preview:-1"},"canonical":"https:\/\/fuentesfidedignas.com.mx\/index.php\/2025\/04\/18\/capturan-a-cesar-hernandez-homicida-de-agente-de-la-fesc-en-tijuana\/","og_locale":"es_MX","og_type":"article","og_title":"Capturan a C\u00e9sar Hern\u00e1ndez, homicida de agente de la FESC en Tijuana - Fuentes Fidedignas","og_description":"Desde 2019, Hern\u00e1ndez cumpl\u00eda una sentencia de 25 a\u00f1os a cadena perpetua en la prisi\u00f3n estatal de Kern, por el asesinato de un hombre en Los \u00c1ngeles, California La noche del jueves 17 de abril, fue detenido C\u00e9sar Mois\u00e9s Hern\u00e1ndez, presunto homicida de Abigail Esparza Reyes, jefa del Grupo de Enlace Internacional en Tijuana, de [&hellip;]","og_url":"https:\/\/fuentesfidedignas.com.mx\/index.php\/2025\/04\/18\/capturan-a-cesar-hernandez-homicida-de-agente-de-la-fesc-en-tijuana\/","og_site_name":"Fuentes Fidedignas","article_publisher":"https:\/\/www.facebook.com\/Fuentes-Fidedignas-368234489921644","article_published_time":"2025-04-18T17:54:00+00:00","og_image":[{"width":992,"height":558,"url":"https:\/\/fuentesfidedignas.com.mx\/wp-content\/uploads\/2025\/04\/img_7355.jpg","type":"image\/jpeg"}],"author":"Semanario ZETA","twitter_card":"summary_large_image","twitter_creator":"@fidedignas","twitter_site":"@fidedignas","twitter_misc":{"Escrito por":"Semanario ZETA","Tiempo de lectura":"4 minutos"},"schema":{"@context":"https:\/\/schema.org","@graph":[{"@type":"Article","@id":"https:\/\/fuentesfidedignas.com.mx\/index.php\/2025\/04\/18\/capturan-a-cesar-hernandez-homicida-de-agente-de-la-fesc-en-tijuana\/#article","isPartOf":{"@id":"https:\/\/fuentesfidedignas.com.mx\/index.php\/2025\/04\/18\/capturan-a-cesar-hernandez-homicida-de-agente-de-la-fesc-en-tijuana\/"},"author":{"name":"Semanario ZETA","@id":"https:\/\/fuentesfidedignas.com.mx\/#\/schema\/person\/905eb083f738e50c31f0810745e7f2d7"},"headline":"Capturan a C\u00e9sar Hern\u00e1ndez, homicida de agente de la FESC en Tijuana","datePublished":"2025-04-18T17:54:00+00:00","mainEntityOfPage":{"@id":"https:\/\/fuentesfidedignas.com.mx\/index.php\/2025\/04\/18\/capturan-a-cesar-hernandez-homicida-de-agente-de-la-fesc-en-tijuana\/"},"wordCount":637,"commentCount":0,"publisher":{"@id":"https:\/\/fuentesfidedignas.com.mx\/#organization"},"image":{"@id":"https:\/\/fuentesfidedignas.com.mx\/index.php\/2025\/04\/18\/capturan-a-cesar-hernandez-homicida-de-agente-de-la-fesc-en-tijuana\/#primaryimage"},"thumbnailUrl":"https:\/\/fuentesfidedignas.com.mx\/wp-content\/uploads\/2025\/04\/img_7355.jpg","articleSection":["NOTICIAS NACIONALES"],"inLanguage":"es","potentialAction":[{"@type":"CommentAction","name":"Comment","target":["https:\/\/fuentesfidedignas.com.mx\/index.php\/2025\/04\/18\/capturan-a-cesar-hernandez-homicida-de-agente-de-la-fesc-en-tijuana\/#respond"]}]},{"@type":"WebPage","@id":"https:\/\/fuentesfidedignas.com.mx\/index.php\/2025\/04\/18\/capturan-a-cesar-hernandez-homicida-de-agente-de-la-fesc-en-tijuana\/","url":"https:\/\/fuentesfidedignas.com.mx\/index.php\/2025\/04\/18\/capturan-a-cesar-hernandez-homicida-de-agente-de-la-fesc-en-tijuana\/","name":"Capturan a C\u00e9sar Hern\u00e1ndez, homicida de agente de la FESC en Tijuana - Fuentes Fidedignas","isPartOf":{"@id":"https:\/\/fuentesfidedignas.com.mx\/#website"},"primaryImageOfPage":{"@id":"https:\/\/fuentesfidedignas.com.mx\/index.php\/2025\/04\/18\/capturan-a-cesar-hernandez-homicida-de-agente-de-la-fesc-en-tijuana\/#primaryimage"},"image":{"@id":"https:\/\/fuentesfidedignas.com.mx\/index.php\/2025\/04\/18\/capturan-a-cesar-hernandez-homicida-de-agente-de-la-fesc-en-tijuana\/#primaryimage"},"thumbnailUrl":"https:\/\/fuentesfidedignas.com.mx\/wp-content\/uploads\/2025\/04\/img_7355.jpg","datePublished":"2025-04-18T17:54:00+00:00","breadcrumb":{"@id":"https:\/\/fuentesfidedignas.com.mx\/index.php\/2025\/04\/18\/capturan-a-cesar-hernandez-homicida-de-agente-de-la-fesc-en-tijuana\/#breadcrumb"},"inLanguage":"es","potentialAction":[{"@type":"ReadAction","target":["https:\/\/fuentesfidedignas.com.mx\/index.php\/2025\/04\/18\/capturan-a-cesar-hernandez-homicida-de-agente-de-la-fesc-en-tijuana\/"]}]},{"@type":"ImageObject","inLanguage":"es","@id":"https:\/\/fuentesfidedignas.com.mx\/index.php\/2025\/04\/18\/capturan-a-cesar-hernandez-homicida-de-agente-de-la-fesc-en-tijuana\/#primaryimage","url":"https:\/\/fuentesfidedignas.com.mx\/wp-content\/uploads\/2025\/04\/img_7355.jpg","contentUrl":"https:\/\/fuentesfidedignas.com.mx\/wp-content\/uploads\/2025\/04\/img_7355.jpg","width":992,"height":558},{"@type":"BreadcrumbList","@id":"https:\/\/fuentesfidedignas.com.mx\/index.php\/2025\/04\/18\/capturan-a-cesar-hernandez-homicida-de-agente-de-la-fesc-en-tijuana\/#breadcrumb","itemListElement":[{"@type":"ListItem","position":1,"name":"Inicio","item":"https:\/\/fuentesfidedignas.com.mx\/"},{"@type":"ListItem","position":2,"name":"Capturan a C\u00e9sar Hern\u00e1ndez, homicida de agente de la FESC en Tijuana"}]},{"@type":"WebSite","@id":"https:\/\/fuentesfidedignas.com.mx\/#website","url":"https:\/\/fuentesfidedignas.com.mx\/","name":"Fuentes Fidedignas","description":"Otro sitio realizado con WordPress","publisher":{"@id":"https:\/\/fuentesfidedignas.com.mx\/#organization"},"potentialAction":[{"@type":"SearchAction","target":{"@type":"EntryPoint","urlTemplate":"https:\/\/fuentesfidedignas.com.mx\/?s={search_term_string}"},"query-input":{"@type":"PropertyValueSpecification","valueRequired":true,"valueName":"search_term_string"}}],"inLanguage":"es"},{"@type":"Organization","@id":"https:\/\/fuentesfidedignas.com.mx\/#organization","name":"Fuentes Fidedignas","url":"https:\/\/fuentesfidedignas.com.mx\/","logo":{"@type":"ImageObject","inLanguage":"es","@id":"https:\/\/fuentesfidedignas.com.mx\/#\/schema\/logo\/image\/","url":"https:\/\/fuentesfidedignas.com.mx\/wp-content\/uploads\/2021\/04\/logo-retina.png","contentUrl":"https:\/\/fuentesfidedignas.com.mx\/wp-content\/uploads\/2021\/04\/logo-retina.png","width":280,"height":51,"caption":"Fuentes Fidedignas"},"image":{"@id":"https:\/\/fuentesfidedignas.com.mx\/#\/schema\/logo\/image\/"},"sameAs":["https:\/\/www.facebook.com\/Fuentes-Fidedignas-368234489921644","https:\/\/x.com\/fidedignas"]},{"@type":"Person","@id":"https:\/\/fuentesfidedignas.com.mx\/#\/schema\/person\/905eb083f738e50c31f0810745e7f2d7","name":"Semanario ZETA","image":{"@type":"ImageObject","inLanguage":"es","@id":"https:\/\/secure.gravatar.com\/avatar\/683c3267bb80c3791f089cd0d4f3d6c86ca4d0534cdc9d92b7a367e0903c55d2?s=96&d=mm&r=g","url":"https:\/\/secure.gravatar.com\/avatar\/683c3267bb80c3791f089cd0d4f3d6c86ca4d0534cdc9d92b7a367e0903c55d2?s=96&d=mm&r=g","contentUrl":"https:\/\/secure.gravatar.com\/avatar\/683c3267bb80c3791f089cd0d4f3d6c86ca4d0534cdc9d92b7a367e0903c55d2?s=96&d=mm&r=g","caption":"Semanario ZETA"},"url":"https:\/\/fuentesfidedignas.com.mx\/index.php\/author\/semanario\/"}]}},"_links":{"self":[{"href":"https:\/\/fuentesfidedignas.com.mx\/index.php\/wp-json\/wp\/v2\/posts\/106570","targetHints":{"allow":["GET"]}}],"collection":[{"href":"https:\/\/fuentesfidedignas.com.mx\/index.php\/wp-json\/wp\/v2\/posts"}],"about":[{"href":"https:\/\/fuentesfidedignas.com.mx\/index.php\/wp-json\/wp\/v2\/types\/post"}],"author":[{"embeddable":true,"href":"https:\/\/fuentesfidedignas.com.mx\/index.php\/wp-json\/wp\/v2\/users\/174"}],"replies":[{"embeddable":true,"href":"https:\/\/fuentesfidedignas.com.mx\/index.php\/wp-json\/wp\/v2\/comments?post=106570"}],"version-history":[{"count":1,"href":"https:\/\/fuentesfidedignas.com.mx\/index.php\/wp-json\/wp\/v2\/posts\/106570\/revisions"}],"predecessor-version":[{"id":106572,"href":"https:\/\/fuentesfidedignas.com.mx\/index.php\/wp-json\/wp\/v2\/posts\/106570\/revisions\/106572"}],"wp:featuredmedia":[{"embeddable":true,"href":"https:\/\/fuentesfidedignas.com.mx\/index.php\/wp-json\/wp\/v2\/media\/106067"}],"wp:attachment":[{"href":"https:\/\/fuentesfidedignas.com.mx\/index.php\/wp-json\/wp\/v2\/media?parent=106570"}],"wp:term":[{"taxonomy":"category","embeddable":true,"href":"https:\/\/fuentesfidedignas.com.mx\/index.php\/wp-json\/wp\/v2\/categories?post=106570"},{"taxonomy":"post_tag","embeddable":true,"href":"https:\/\/fuentesfidedignas.com.mx\/index.php\/wp-json\/wp\/v2\/tags?post=106570"}],"curies":[{"name":"wp","href":"https:\/\/api.w.org\/{rel}","templated":true}]}}