{"id":106560,"date":"2025-04-18T09:36:11","date_gmt":"2025-04-18T16:36:11","guid":{"rendered":"https:\/\/fuentesfidedignas.com.mx\/?p=106560"},"modified":"2025-04-18T09:36:18","modified_gmt":"2025-04-18T16:36:18","slug":"un-viaje-al-alma-de-la-inocencia-perdida","status":"publish","type":"post","link":"https:\/\/fuentesfidedignas.com.mx\/index.php\/2025\/04\/18\/un-viaje-al-alma-de-la-inocencia-perdida\/","title":{"rendered":"Un Viaje al Alma de la Inocencia Perdida"},"content":{"rendered":"\n<p>\u00bfNo es acaso en la aparente sencillez de un cuento donde a veces encontramos las verdades m\u00e1s profundas de nuestra existencia? Adentrarnos en el an\u00e1lisis de &#8220;El Principito&#8221; supone un acto de valent\u00eda existencial, una disposici\u00f3n del alma para mirarnos en ese espejo cristalino que Saint-Exup\u00e9ry nos ofrece. Este an\u00e1lisis no es un ejercicio acad\u00e9mico fr\u00edo, sino una invitaci\u00f3n a recuperar esa mirada limpia con la que alguna vez contemplamos el mundo, antes de que las sombras de la &#8220;sensatez adulta&#8221; nublaran nuestra capacidad de asombro.<\/p>\n\n\n\n<p>En tiempos donde la velocidad y la eficiencia se han convertido en nuestros nuevos \u00eddolos, detenernos a escuchar la voz del peque\u00f1o pr\u00edncipe representa un acto de resistencia, una forma de recuperar el tiempo contemplativo que hemos sacrificado en el altar de la productividad. \u00bfNo sentimos todos, en alg\u00fan momento, ese vac\u00edo inexplicable que ning\u00fan logro material parece capaz de llenar? Es ah\u00ed, en esa sed sin nombre, donde las palabras del ni\u00f1o venido de las estrellas encuentran su m\u00e1s profunda resonancia.<\/p>\n\n\n\n<p>Este viaje anal\u00edtico nos permitir\u00e1 reconocernos en cada uno de los personajes del relato. En el aviador extraviado que lucha por reparar su avi\u00f3n en medio del desierto, \u00bfno vemos acaso nuestros propios intentos por recomponer lo que se ha roto en nuestras vidas? En el rey solitario que gobierna sobre nada, \u00bfno reconocemos nuestras peque\u00f1as vanidades, nuestros territorios de poder ilusorios? La geograf\u00eda emocional del libro se convierte as\u00ed en un mapa para explorar nuestras propias contradicciones, nuestras soledades disfrazadas de conexi\u00f3n, nuestros espejismos de adultez.<\/p>\n\n\n\n<p>La relevancia de este an\u00e1lisis se intensifica cuando observamos a nuestro alrededor y descubrimos un mundo que ha perdido su capacidad de ver &#8220;con el coraz\u00f3n&#8221;. Las relaciones se han vuelto transaccionales, el tiempo se ha fragmentado en instantes productivos, y lo inmedible \u2014lo verdaderamente esencial\u2014 ha quedado relegado a los m\u00e1rgenes de nuestra atenci\u00f3n. En este contexto, las palabras del zorro sobre el ritual del afecto, sobre la responsabilidad que nace de los v\u00ednculos, adquieren un car\u00e1cter casi prof\u00e9tico, una sabidur\u00eda que podr\u00eda iluminar nuestro camino de regreso hacia lo que realmente importa.<\/p>\n\n\n\n<p>Cuando el peque\u00f1o pr\u00edncipe nos habla de su rosa, de su dedicaci\u00f3n a una flor aparentemente igual a todas las dem\u00e1s, nos est\u00e1 invitando a reflexionar sobre el valor de la unicidad en un mundo obsesionado con la reproducci\u00f3n en serie, con la homogeneizaci\u00f3n. <\/p>\n\n\n\n<p>\u00bfNo existe en cada uno de nosotros esa nostalgia secreta por ser vistos en nuestra singularidad, por ser reconocidos m\u00e1s all\u00e1 de nuestras funciones sociales? La historia de amor entre el principito y su rosa nos devuelve a esa verdad esencial: el amor no es posesi\u00f3n, sino el reconocimiento reverente de la alteridad.<\/p>\n\n\n\n<p>La figura de los baobabs, esos \u00e1rboles que amenazan con destruir el peque\u00f1o planeta, nos confronta con los peligros de la negligencia espiritual, con las consecuencias de no atender aquello que, silenciosamente, puede crecer hasta fracturar los fundamentos de nuestra existencia. En tiempos donde la ansiedad y la depresi\u00f3n se extienden como epidemias silenciosas, \u00bfno resuena con especial intensidad esta advertencia sobre la necesidad de cuidar nuestro jard\u00edn interior?<\/p>\n\n\n\n<p>El valor imperecedero de &#8220;El Principito&#8221; reside en su capacidad para tocar las fibras m\u00e1s \u00edntimas de nuestra humanidad compartida. No importa nuestra edad, origen o circunstancia, todos hemos experimentado la sensaci\u00f3n de ser extranjeros en un mundo cuyos c\u00f3digos y valores a veces parecen incomprensibles. Todos hemos sentido la nostalgia de un hogar que no se ubica en ning\u00fan lugar geogr\u00e1fico, sino en ese espacio interior donde habita nuestra verdad m\u00e1s aut\u00e9ntica.<\/p>\n\n\n\n<p>En la era de la hiperconexi\u00f3n digital, donde parad\u00f3jicamente la soledad se ha vuelto end\u00e9mica, la historia del principito nos recuerda la naturaleza sagrada de los encuentros genuinos, esos momentos en que dos seres se reconocen m\u00e1s all\u00e1 de las palabras, en ese territorio donde lo visible y lo invisible intercambian sus propiedades. \u00bfNo es precisamente esa forma de presencia atenta la que m\u00e1s a\u00f1oramos en nuestras interacciones cotidianas?<br>El an\u00e1lisis que emprendemos no busca agotar los significados del texto, sino abrir puertas hacia nuevas comprensiones, invitar a un di\u00e1logo vivo con la obra que contin\u00fae reverberando en nuestra conciencia mucho despu\u00e9s de que hayamos cerrado el libro. Porque &#8220;El Principito&#8221; no es una historia que se lee y se archiva, sino una semilla que, plantada en el coraz\u00f3n, florece de maneras inesperadas a lo largo de toda nuestra vida.<\/p>\n\n\n\n<p>Adentrarnos en las profundidades de esta f\u00e1bula luminosa es, en \u00faltima instancia, un acto de rebeld\u00eda contra el olvido de lo esencial, contra la tiran\u00eda de lo urgente sobre lo importante, contra el adormecimiento de nuestra capacidad de asombro. Es recuperar, aunque sea por un instante, esa mirada limpia con la que el ni\u00f1o que fuimos contemplaba el mundo, descubriendo maravillas donde los ojos adultos solo ven objetos ordinarios. Es, quiz\u00e1s, el camino m\u00e1s directo hacia ese reencuentro con nosotros mismos que, en el fondo, todos anhelamos.<\/p>\n","protected":false},"excerpt":{"rendered":"<p>\u00bfNo es acaso en la aparente sencillez de un cuento donde a veces encontramos las verdades m\u00e1s profundas de nuestra existencia? Adentrarnos en el an\u00e1lisis de &#8220;El Principito&#8221; supone un acto de valent\u00eda existencial, una disposici\u00f3n del alma para mirarnos en ese espejo cristalino que Saint-Exup\u00e9ry nos ofrece. Este an\u00e1lisis no es un ejercicio acad\u00e9mico [&hellip;]<\/p>\n","protected":false},"author":146,"featured_media":106561,"comment_status":"open","ping_status":"open","sticky":false,"template":"","format":"standard","meta":{"tdm_status":"","tdm_grid_status":"","footnotes":""},"categories":[3064,3089],"tags":[],"class_list":{"0":"post-106560","1":"post","2":"type-post","3":"status-publish","4":"format-standard","5":"has-post-thumbnail","7":"category-columnas","8":"category-nutriendo-la-mente"},"yoast_head":"<!-- This site is optimized with the Yoast SEO plugin v27.5 - https:\/\/yoast.com\/product\/yoast-seo-wordpress\/ -->\n<title>Un Viaje al Alma de la Inocencia Perdida - Fuentes Fidedignas<\/title>\n<meta name=\"robots\" content=\"index, follow, max-snippet:-1, max-image-preview:large, max-video-preview:-1\" \/>\n<link rel=\"canonical\" href=\"https:\/\/fuentesfidedignas.com.mx\/index.php\/2025\/04\/18\/un-viaje-al-alma-de-la-inocencia-perdida\/\" \/>\n<meta property=\"og:locale\" content=\"es_MX\" \/>\n<meta property=\"og:type\" content=\"article\" \/>\n<meta property=\"og:title\" content=\"Un Viaje al Alma de la Inocencia Perdida - Fuentes Fidedignas\" \/>\n<meta property=\"og:description\" content=\"\u00bfNo es acaso en la aparente sencillez de un cuento donde a veces encontramos las verdades m\u00e1s profundas de nuestra existencia? Adentrarnos en el an\u00e1lisis de &#8220;El Principito&#8221; supone un acto de valent\u00eda existencial, una disposici\u00f3n del alma para mirarnos en ese espejo cristalino que Saint-Exup\u00e9ry nos ofrece. Este an\u00e1lisis no es un ejercicio acad\u00e9mico [&hellip;]\" \/>\n<meta property=\"og:url\" content=\"https:\/\/fuentesfidedignas.com.mx\/index.php\/2025\/04\/18\/un-viaje-al-alma-de-la-inocencia-perdida\/\" \/>\n<meta property=\"og:site_name\" content=\"Fuentes Fidedignas\" \/>\n<meta property=\"article:publisher\" content=\"https:\/\/www.facebook.com\/Fuentes-Fidedignas-368234489921644\" \/>\n<meta property=\"article:published_time\" content=\"2025-04-18T16:36:11+00:00\" \/>\n<meta property=\"article:modified_time\" content=\"2025-04-18T16:36:18+00:00\" \/>\n<meta property=\"og:image\" content=\"https:\/\/fuentesfidedignas.com.mx\/wp-content\/uploads\/2025\/04\/WhatsApp-Image-2025-04-17-at-7.39.57-PM.jpeg\" \/>\n\t<meta property=\"og:image:width\" content=\"600\" \/>\n\t<meta property=\"og:image:height\" content=\"480\" \/>\n\t<meta property=\"og:image:type\" content=\"image\/jpeg\" \/>\n<meta name=\"author\" content=\"Mtro. Horacio de Jes\u00fas Malcampo Moreno\" \/>\n<meta name=\"twitter:card\" content=\"summary_large_image\" \/>\n<meta name=\"twitter:creator\" content=\"@fidedignas\" \/>\n<meta name=\"twitter:site\" content=\"@fidedignas\" \/>\n<meta name=\"twitter:label1\" content=\"Escrito por\" \/>\n\t<meta name=\"twitter:data1\" content=\"Mtro. Horacio de Jes\u00fas Malcampo Moreno\" \/>\n\t<meta name=\"twitter:label2\" content=\"Tiempo de lectura\" \/>\n\t<meta name=\"twitter:data2\" content=\"4 minutos\" \/>\n<script type=\"application\/ld+json\" class=\"yoast-schema-graph\">{\"@context\":\"https:\\\/\\\/schema.org\",\"@graph\":[{\"@type\":\"Article\",\"@id\":\"https:\\\/\\\/fuentesfidedignas.com.mx\\\/index.php\\\/2025\\\/04\\\/18\\\/un-viaje-al-alma-de-la-inocencia-perdida\\\/#article\",\"isPartOf\":{\"@id\":\"https:\\\/\\\/fuentesfidedignas.com.mx\\\/index.php\\\/2025\\\/04\\\/18\\\/un-viaje-al-alma-de-la-inocencia-perdida\\\/\"},\"author\":{\"name\":\"Mtro. Horacio de Jes\u00fas Malcampo Moreno\",\"@id\":\"https:\\\/\\\/fuentesfidedignas.com.mx\\\/#\\\/schema\\\/person\\\/3f687c55082c557a647c7836bde45728\"},\"headline\":\"Un Viaje al Alma de la Inocencia Perdida\",\"datePublished\":\"2025-04-18T16:36:11+00:00\",\"dateModified\":\"2025-04-18T16:36:18+00:00\",\"mainEntityOfPage\":{\"@id\":\"https:\\\/\\\/fuentesfidedignas.com.mx\\\/index.php\\\/2025\\\/04\\\/18\\\/un-viaje-al-alma-de-la-inocencia-perdida\\\/\"},\"wordCount\":888,\"commentCount\":0,\"publisher\":{\"@id\":\"https:\\\/\\\/fuentesfidedignas.com.mx\\\/#organization\"},\"image\":{\"@id\":\"https:\\\/\\\/fuentesfidedignas.com.mx\\\/index.php\\\/2025\\\/04\\\/18\\\/un-viaje-al-alma-de-la-inocencia-perdida\\\/#primaryimage\"},\"thumbnailUrl\":\"https:\\\/\\\/fuentesfidedignas.com.mx\\\/wp-content\\\/uploads\\\/2025\\\/04\\\/WhatsApp-Image-2025-04-17-at-7.39.57-PM.jpeg\",\"articleSection\":[\"COLUMNAS\",\"NUTRIENDO LA MENTE\"],\"inLanguage\":\"es\",\"potentialAction\":[{\"@type\":\"CommentAction\",\"name\":\"Comment\",\"target\":[\"https:\\\/\\\/fuentesfidedignas.com.mx\\\/index.php\\\/2025\\\/04\\\/18\\\/un-viaje-al-alma-de-la-inocencia-perdida\\\/#respond\"]}]},{\"@type\":\"WebPage\",\"@id\":\"https:\\\/\\\/fuentesfidedignas.com.mx\\\/index.php\\\/2025\\\/04\\\/18\\\/un-viaje-al-alma-de-la-inocencia-perdida\\\/\",\"url\":\"https:\\\/\\\/fuentesfidedignas.com.mx\\\/index.php\\\/2025\\\/04\\\/18\\\/un-viaje-al-alma-de-la-inocencia-perdida\\\/\",\"name\":\"Un Viaje al Alma de la Inocencia Perdida - Fuentes Fidedignas\",\"isPartOf\":{\"@id\":\"https:\\\/\\\/fuentesfidedignas.com.mx\\\/#website\"},\"primaryImageOfPage\":{\"@id\":\"https:\\\/\\\/fuentesfidedignas.com.mx\\\/index.php\\\/2025\\\/04\\\/18\\\/un-viaje-al-alma-de-la-inocencia-perdida\\\/#primaryimage\"},\"image\":{\"@id\":\"https:\\\/\\\/fuentesfidedignas.com.mx\\\/index.php\\\/2025\\\/04\\\/18\\\/un-viaje-al-alma-de-la-inocencia-perdida\\\/#primaryimage\"},\"thumbnailUrl\":\"https:\\\/\\\/fuentesfidedignas.com.mx\\\/wp-content\\\/uploads\\\/2025\\\/04\\\/WhatsApp-Image-2025-04-17-at-7.39.57-PM.jpeg\",\"datePublished\":\"2025-04-18T16:36:11+00:00\",\"dateModified\":\"2025-04-18T16:36:18+00:00\",\"breadcrumb\":{\"@id\":\"https:\\\/\\\/fuentesfidedignas.com.mx\\\/index.php\\\/2025\\\/04\\\/18\\\/un-viaje-al-alma-de-la-inocencia-perdida\\\/#breadcrumb\"},\"inLanguage\":\"es\",\"potentialAction\":[{\"@type\":\"ReadAction\",\"target\":[\"https:\\\/\\\/fuentesfidedignas.com.mx\\\/index.php\\\/2025\\\/04\\\/18\\\/un-viaje-al-alma-de-la-inocencia-perdida\\\/\"]}]},{\"@type\":\"ImageObject\",\"inLanguage\":\"es\",\"@id\":\"https:\\\/\\\/fuentesfidedignas.com.mx\\\/index.php\\\/2025\\\/04\\\/18\\\/un-viaje-al-alma-de-la-inocencia-perdida\\\/#primaryimage\",\"url\":\"https:\\\/\\\/fuentesfidedignas.com.mx\\\/wp-content\\\/uploads\\\/2025\\\/04\\\/WhatsApp-Image-2025-04-17-at-7.39.57-PM.jpeg\",\"contentUrl\":\"https:\\\/\\\/fuentesfidedignas.com.mx\\\/wp-content\\\/uploads\\\/2025\\\/04\\\/WhatsApp-Image-2025-04-17-at-7.39.57-PM.jpeg\",\"width\":600,\"height\":480},{\"@type\":\"BreadcrumbList\",\"@id\":\"https:\\\/\\\/fuentesfidedignas.com.mx\\\/index.php\\\/2025\\\/04\\\/18\\\/un-viaje-al-alma-de-la-inocencia-perdida\\\/#breadcrumb\",\"itemListElement\":[{\"@type\":\"ListItem\",\"position\":1,\"name\":\"Inicio\",\"item\":\"https:\\\/\\\/fuentesfidedignas.com.mx\\\/\"},{\"@type\":\"ListItem\",\"position\":2,\"name\":\"Un Viaje al Alma de la Inocencia Perdida\"}]},{\"@type\":\"WebSite\",\"@id\":\"https:\\\/\\\/fuentesfidedignas.com.mx\\\/#website\",\"url\":\"https:\\\/\\\/fuentesfidedignas.com.mx\\\/\",\"name\":\"Fuentes Fidedignas\",\"description\":\"Otro sitio realizado con WordPress\",\"publisher\":{\"@id\":\"https:\\\/\\\/fuentesfidedignas.com.mx\\\/#organization\"},\"potentialAction\":[{\"@type\":\"SearchAction\",\"target\":{\"@type\":\"EntryPoint\",\"urlTemplate\":\"https:\\\/\\\/fuentesfidedignas.com.mx\\\/?s={search_term_string}\"},\"query-input\":{\"@type\":\"PropertyValueSpecification\",\"valueRequired\":true,\"valueName\":\"search_term_string\"}}],\"inLanguage\":\"es\"},{\"@type\":\"Organization\",\"@id\":\"https:\\\/\\\/fuentesfidedignas.com.mx\\\/#organization\",\"name\":\"Fuentes Fidedignas\",\"url\":\"https:\\\/\\\/fuentesfidedignas.com.mx\\\/\",\"logo\":{\"@type\":\"ImageObject\",\"inLanguage\":\"es\",\"@id\":\"https:\\\/\\\/fuentesfidedignas.com.mx\\\/#\\\/schema\\\/logo\\\/image\\\/\",\"url\":\"https:\\\/\\\/fuentesfidedignas.com.mx\\\/wp-content\\\/uploads\\\/2021\\\/04\\\/logo-retina.png\",\"contentUrl\":\"https:\\\/\\\/fuentesfidedignas.com.mx\\\/wp-content\\\/uploads\\\/2021\\\/04\\\/logo-retina.png\",\"width\":280,\"height\":51,\"caption\":\"Fuentes Fidedignas\"},\"image\":{\"@id\":\"https:\\\/\\\/fuentesfidedignas.com.mx\\\/#\\\/schema\\\/logo\\\/image\\\/\"},\"sameAs\":[\"https:\\\/\\\/www.facebook.com\\\/Fuentes-Fidedignas-368234489921644\",\"https:\\\/\\\/x.com\\\/fidedignas\"]},{\"@type\":\"Person\",\"@id\":\"https:\\\/\\\/fuentesfidedignas.com.mx\\\/#\\\/schema\\\/person\\\/3f687c55082c557a647c7836bde45728\",\"name\":\"Mtro. Horacio de Jes\u00fas Malcampo Moreno\",\"image\":{\"@type\":\"ImageObject\",\"inLanguage\":\"es\",\"@id\":\"https:\\\/\\\/secure.gravatar.com\\\/avatar\\\/21fd667a5b9de079d383e44390566d4c728a6ce47b9b5e8419c61f1b793461ac?s=96&d=mm&r=g\",\"url\":\"https:\\\/\\\/secure.gravatar.com\\\/avatar\\\/21fd667a5b9de079d383e44390566d4c728a6ce47b9b5e8419c61f1b793461ac?s=96&d=mm&r=g\",\"contentUrl\":\"https:\\\/\\\/secure.gravatar.com\\\/avatar\\\/21fd667a5b9de079d383e44390566d4c728a6ce47b9b5e8419c61f1b793461ac?s=96&d=mm&r=g\",\"caption\":\"Mtro. Horacio de Jes\u00fas Malcampo Moreno\"},\"url\":\"https:\\\/\\\/fuentesfidedignas.com.mx\\\/index.php\\\/author\\\/horacio\\\/\"}]}<\/script>\n<!-- \/ Yoast SEO plugin. -->","yoast_head_json":{"title":"Un Viaje al Alma de la Inocencia Perdida - Fuentes Fidedignas","robots":{"index":"index","follow":"follow","max-snippet":"max-snippet:-1","max-image-preview":"max-image-preview:large","max-video-preview":"max-video-preview:-1"},"canonical":"https:\/\/fuentesfidedignas.com.mx\/index.php\/2025\/04\/18\/un-viaje-al-alma-de-la-inocencia-perdida\/","og_locale":"es_MX","og_type":"article","og_title":"Un Viaje al Alma de la Inocencia Perdida - Fuentes Fidedignas","og_description":"\u00bfNo es acaso en la aparente sencillez de un cuento donde a veces encontramos las verdades m\u00e1s profundas de nuestra existencia? Adentrarnos en el an\u00e1lisis de &#8220;El Principito&#8221; supone un acto de valent\u00eda existencial, una disposici\u00f3n del alma para mirarnos en ese espejo cristalino que Saint-Exup\u00e9ry nos ofrece. Este an\u00e1lisis no es un ejercicio acad\u00e9mico [&hellip;]","og_url":"https:\/\/fuentesfidedignas.com.mx\/index.php\/2025\/04\/18\/un-viaje-al-alma-de-la-inocencia-perdida\/","og_site_name":"Fuentes Fidedignas","article_publisher":"https:\/\/www.facebook.com\/Fuentes-Fidedignas-368234489921644","article_published_time":"2025-04-18T16:36:11+00:00","article_modified_time":"2025-04-18T16:36:18+00:00","og_image":[{"width":600,"height":480,"url":"https:\/\/fuentesfidedignas.com.mx\/wp-content\/uploads\/2025\/04\/WhatsApp-Image-2025-04-17-at-7.39.57-PM.jpeg","type":"image\/jpeg"}],"author":"Mtro. Horacio de Jes\u00fas Malcampo Moreno","twitter_card":"summary_large_image","twitter_creator":"@fidedignas","twitter_site":"@fidedignas","twitter_misc":{"Escrito por":"Mtro. Horacio de Jes\u00fas Malcampo Moreno","Tiempo de lectura":"4 minutos"},"schema":{"@context":"https:\/\/schema.org","@graph":[{"@type":"Article","@id":"https:\/\/fuentesfidedignas.com.mx\/index.php\/2025\/04\/18\/un-viaje-al-alma-de-la-inocencia-perdida\/#article","isPartOf":{"@id":"https:\/\/fuentesfidedignas.com.mx\/index.php\/2025\/04\/18\/un-viaje-al-alma-de-la-inocencia-perdida\/"},"author":{"name":"Mtro. Horacio de Jes\u00fas Malcampo Moreno","@id":"https:\/\/fuentesfidedignas.com.mx\/#\/schema\/person\/3f687c55082c557a647c7836bde45728"},"headline":"Un Viaje al Alma de la Inocencia Perdida","datePublished":"2025-04-18T16:36:11+00:00","dateModified":"2025-04-18T16:36:18+00:00","mainEntityOfPage":{"@id":"https:\/\/fuentesfidedignas.com.mx\/index.php\/2025\/04\/18\/un-viaje-al-alma-de-la-inocencia-perdida\/"},"wordCount":888,"commentCount":0,"publisher":{"@id":"https:\/\/fuentesfidedignas.com.mx\/#organization"},"image":{"@id":"https:\/\/fuentesfidedignas.com.mx\/index.php\/2025\/04\/18\/un-viaje-al-alma-de-la-inocencia-perdida\/#primaryimage"},"thumbnailUrl":"https:\/\/fuentesfidedignas.com.mx\/wp-content\/uploads\/2025\/04\/WhatsApp-Image-2025-04-17-at-7.39.57-PM.jpeg","articleSection":["COLUMNAS","NUTRIENDO LA MENTE"],"inLanguage":"es","potentialAction":[{"@type":"CommentAction","name":"Comment","target":["https:\/\/fuentesfidedignas.com.mx\/index.php\/2025\/04\/18\/un-viaje-al-alma-de-la-inocencia-perdida\/#respond"]}]},{"@type":"WebPage","@id":"https:\/\/fuentesfidedignas.com.mx\/index.php\/2025\/04\/18\/un-viaje-al-alma-de-la-inocencia-perdida\/","url":"https:\/\/fuentesfidedignas.com.mx\/index.php\/2025\/04\/18\/un-viaje-al-alma-de-la-inocencia-perdida\/","name":"Un Viaje al Alma de la Inocencia Perdida - Fuentes Fidedignas","isPartOf":{"@id":"https:\/\/fuentesfidedignas.com.mx\/#website"},"primaryImageOfPage":{"@id":"https:\/\/fuentesfidedignas.com.mx\/index.php\/2025\/04\/18\/un-viaje-al-alma-de-la-inocencia-perdida\/#primaryimage"},"image":{"@id":"https:\/\/fuentesfidedignas.com.mx\/index.php\/2025\/04\/18\/un-viaje-al-alma-de-la-inocencia-perdida\/#primaryimage"},"thumbnailUrl":"https:\/\/fuentesfidedignas.com.mx\/wp-content\/uploads\/2025\/04\/WhatsApp-Image-2025-04-17-at-7.39.57-PM.jpeg","datePublished":"2025-04-18T16:36:11+00:00","dateModified":"2025-04-18T16:36:18+00:00","breadcrumb":{"@id":"https:\/\/fuentesfidedignas.com.mx\/index.php\/2025\/04\/18\/un-viaje-al-alma-de-la-inocencia-perdida\/#breadcrumb"},"inLanguage":"es","potentialAction":[{"@type":"ReadAction","target":["https:\/\/fuentesfidedignas.com.mx\/index.php\/2025\/04\/18\/un-viaje-al-alma-de-la-inocencia-perdida\/"]}]},{"@type":"ImageObject","inLanguage":"es","@id":"https:\/\/fuentesfidedignas.com.mx\/index.php\/2025\/04\/18\/un-viaje-al-alma-de-la-inocencia-perdida\/#primaryimage","url":"https:\/\/fuentesfidedignas.com.mx\/wp-content\/uploads\/2025\/04\/WhatsApp-Image-2025-04-17-at-7.39.57-PM.jpeg","contentUrl":"https:\/\/fuentesfidedignas.com.mx\/wp-content\/uploads\/2025\/04\/WhatsApp-Image-2025-04-17-at-7.39.57-PM.jpeg","width":600,"height":480},{"@type":"BreadcrumbList","@id":"https:\/\/fuentesfidedignas.com.mx\/index.php\/2025\/04\/18\/un-viaje-al-alma-de-la-inocencia-perdida\/#breadcrumb","itemListElement":[{"@type":"ListItem","position":1,"name":"Inicio","item":"https:\/\/fuentesfidedignas.com.mx\/"},{"@type":"ListItem","position":2,"name":"Un Viaje al Alma de la Inocencia Perdida"}]},{"@type":"WebSite","@id":"https:\/\/fuentesfidedignas.com.mx\/#website","url":"https:\/\/fuentesfidedignas.com.mx\/","name":"Fuentes Fidedignas","description":"Otro sitio realizado con WordPress","publisher":{"@id":"https:\/\/fuentesfidedignas.com.mx\/#organization"},"potentialAction":[{"@type":"SearchAction","target":{"@type":"EntryPoint","urlTemplate":"https:\/\/fuentesfidedignas.com.mx\/?s={search_term_string}"},"query-input":{"@type":"PropertyValueSpecification","valueRequired":true,"valueName":"search_term_string"}}],"inLanguage":"es"},{"@type":"Organization","@id":"https:\/\/fuentesfidedignas.com.mx\/#organization","name":"Fuentes Fidedignas","url":"https:\/\/fuentesfidedignas.com.mx\/","logo":{"@type":"ImageObject","inLanguage":"es","@id":"https:\/\/fuentesfidedignas.com.mx\/#\/schema\/logo\/image\/","url":"https:\/\/fuentesfidedignas.com.mx\/wp-content\/uploads\/2021\/04\/logo-retina.png","contentUrl":"https:\/\/fuentesfidedignas.com.mx\/wp-content\/uploads\/2021\/04\/logo-retina.png","width":280,"height":51,"caption":"Fuentes Fidedignas"},"image":{"@id":"https:\/\/fuentesfidedignas.com.mx\/#\/schema\/logo\/image\/"},"sameAs":["https:\/\/www.facebook.com\/Fuentes-Fidedignas-368234489921644","https:\/\/x.com\/fidedignas"]},{"@type":"Person","@id":"https:\/\/fuentesfidedignas.com.mx\/#\/schema\/person\/3f687c55082c557a647c7836bde45728","name":"Mtro. Horacio de Jes\u00fas Malcampo Moreno","image":{"@type":"ImageObject","inLanguage":"es","@id":"https:\/\/secure.gravatar.com\/avatar\/21fd667a5b9de079d383e44390566d4c728a6ce47b9b5e8419c61f1b793461ac?s=96&d=mm&r=g","url":"https:\/\/secure.gravatar.com\/avatar\/21fd667a5b9de079d383e44390566d4c728a6ce47b9b5e8419c61f1b793461ac?s=96&d=mm&r=g","contentUrl":"https:\/\/secure.gravatar.com\/avatar\/21fd667a5b9de079d383e44390566d4c728a6ce47b9b5e8419c61f1b793461ac?s=96&d=mm&r=g","caption":"Mtro. Horacio de Jes\u00fas Malcampo Moreno"},"url":"https:\/\/fuentesfidedignas.com.mx\/index.php\/author\/horacio\/"}]}},"_links":{"self":[{"href":"https:\/\/fuentesfidedignas.com.mx\/index.php\/wp-json\/wp\/v2\/posts\/106560","targetHints":{"allow":["GET"]}}],"collection":[{"href":"https:\/\/fuentesfidedignas.com.mx\/index.php\/wp-json\/wp\/v2\/posts"}],"about":[{"href":"https:\/\/fuentesfidedignas.com.mx\/index.php\/wp-json\/wp\/v2\/types\/post"}],"author":[{"embeddable":true,"href":"https:\/\/fuentesfidedignas.com.mx\/index.php\/wp-json\/wp\/v2\/users\/146"}],"replies":[{"embeddable":true,"href":"https:\/\/fuentesfidedignas.com.mx\/index.php\/wp-json\/wp\/v2\/comments?post=106560"}],"version-history":[{"count":1,"href":"https:\/\/fuentesfidedignas.com.mx\/index.php\/wp-json\/wp\/v2\/posts\/106560\/revisions"}],"predecessor-version":[{"id":106562,"href":"https:\/\/fuentesfidedignas.com.mx\/index.php\/wp-json\/wp\/v2\/posts\/106560\/revisions\/106562"}],"wp:featuredmedia":[{"embeddable":true,"href":"https:\/\/fuentesfidedignas.com.mx\/index.php\/wp-json\/wp\/v2\/media\/106561"}],"wp:attachment":[{"href":"https:\/\/fuentesfidedignas.com.mx\/index.php\/wp-json\/wp\/v2\/media?parent=106560"}],"wp:term":[{"taxonomy":"category","embeddable":true,"href":"https:\/\/fuentesfidedignas.com.mx\/index.php\/wp-json\/wp\/v2\/categories?post=106560"},{"taxonomy":"post_tag","embeddable":true,"href":"https:\/\/fuentesfidedignas.com.mx\/index.php\/wp-json\/wp\/v2\/tags?post=106560"}],"curies":[{"name":"wp","href":"https:\/\/api.w.org\/{rel}","templated":true}]}}