{"id":106482,"date":"2025-04-16T07:25:11","date_gmt":"2025-04-16T14:25:11","guid":{"rendered":"https:\/\/fuentesfidedignas.com.mx\/?p=106482"},"modified":"2025-04-16T07:25:16","modified_gmt":"2025-04-16T14:25:16","slug":"sismo-de-magnitud-4-4-sacude-a-ahome-este-16-de-abril","status":"publish","type":"post","link":"https:\/\/fuentesfidedignas.com.mx\/index.php\/2025\/04\/16\/sismo-de-magnitud-4-4-sacude-a-ahome-este-16-de-abril\/","title":{"rendered":"Sismo de magnitud 4.4 sacude a Ahome este 16 de abril"},"content":{"rendered":"\n<p><strong><em>El movimiento tel\u00farico fue registrado por el SSN al suroeste de Ahome<\/em><\/strong><\/p>\n\n\n\n<p>Este mi\u00e9rcoles 16 de abril de 2025, el Servicio Sismol\u00f3gico Nacional (SSN) report\u00f3 un sismo en Sinaloa a las 05:45 de la ma\u00f1ana. El temblor tuvo una magnitud de 4.4 y se ubic\u00f3 al suroeste de la regi\u00f3n de Ahome, sin que hasta el momento se reporten da\u00f1os materiales ni personas lesionadas.<\/p>\n\n\n\n<p>Aunque este tipo de sismos suelen ser de baja o moderada intensidad, no deja de recordarnos que M\u00e9xico es un pa\u00eds altamente s\u00edsmico. Pero, \u00bfpor qu\u00e9 tiembla tanto en nuestro pa\u00eds?<\/p>\n\n\n\n<p><strong>\u00bfPor qu\u00e9 tiembla en M\u00e9xico?<\/strong><br>La respuesta est\u00e1 en la ubicaci\u00f3n geogr\u00e1fica de M\u00e9xico. Nuestro territorio se encuentra sobre el Cintur\u00f3n de Fuego del Pac\u00edfico, una zona con gran actividad tect\u00f3nica y volc\u00e1nica. Adem\u00e1s, M\u00e9xico est\u00e1 en el punto donde convergen varias placas tect\u00f3nicas:<\/p>\n\n\n\n<ul class=\"wp-block-list\">\n<li><strong>Placa de Cocos<\/strong><\/li>\n\n\n\n<li><strong>Placa de Norteam\u00e9rica<\/strong><\/li>\n\n\n\n<li><strong>Placa del Pac\u00edfico<\/strong><\/li>\n\n\n\n<li><strong>Placa de Rivera<\/strong><\/li>\n<\/ul>\n\n\n\n<p>Estas placas est\u00e1n en constante movimiento. A veces una se desliza por debajo de otra o se acumula mucha presi\u00f3n entre ellas, y al liberarse esa energ\u00eda, se produce un sismo.<\/p>\n\n\n\n<p>Los movimientos que m\u00e1s afectan a M\u00e9xico son principalmente de dos tipos:<\/p>\n\n\n\n<ul class=\"wp-block-list\">\n<li><strong>Subducci\u00f3n:<\/strong>\u00a0sucede en las costas del Pac\u00edfico, como en Guerrero, Oaxaca y Chiapas. Ah\u00ed, la Placa de Cocos se mete debajo de la Placa de Norteam\u00e9rica, provocando sismos profundos y de gran magnitud.<\/li>\n\n\n\n<li><strong>Fallas locales:<\/strong>\u00a0tambi\u00e9n ocurren temblores en el interior del pa\u00eds, como en Puebla, Morelos o la Ciudad de M\u00e9xico. En estos casos, los sismos se deben a fallas geol\u00f3gicas dentro de la corteza terrestre.<\/li>\n<\/ul>\n\n\n\n<p>Otra zona con fuerte actividad s\u00edsmica es el suroeste del pa\u00eds, donde interact\u00faan tres placas (Cocos, Rivera y Pac\u00edfico) de manera compleja, generando movimientos frecuentes.<\/p>\n","protected":false},"excerpt":{"rendered":"<p>El movimiento tel\u00farico fue registrado por el SSN al suroeste de Ahome Este mi\u00e9rcoles 16 de abril de 2025, el Servicio Sismol\u00f3gico Nacional (SSN) report\u00f3 un sismo en Sinaloa a las 05:45 de la ma\u00f1ana. El temblor tuvo una magnitud de 4.4 y se ubic\u00f3 al suroeste de la regi\u00f3n de Ahome, sin que hasta [&hellip;]<\/p>\n","protected":false},"author":40,"featured_media":106483,"comment_status":"open","ping_status":"open","sticky":false,"template":"","format":"standard","meta":{"tdm_status":"","tdm_grid_status":"","footnotes":""},"categories":[37],"tags":[],"class_list":{"0":"post-106482","1":"post","2":"type-post","3":"status-publish","4":"format-standard","5":"has-post-thumbnail","7":"category-nota-principal"},"yoast_head":"<!-- This site is optimized with the Yoast SEO plugin v27.5 - https:\/\/yoast.com\/product\/yoast-seo-wordpress\/ -->\n<title>Sismo de magnitud 4.4 sacude a Ahome este 16 de abril - Fuentes Fidedignas<\/title>\n<meta name=\"robots\" content=\"index, follow, max-snippet:-1, max-image-preview:large, max-video-preview:-1\" \/>\n<link rel=\"canonical\" href=\"https:\/\/fuentesfidedignas.com.mx\/index.php\/2025\/04\/16\/sismo-de-magnitud-4-4-sacude-a-ahome-este-16-de-abril\/\" \/>\n<meta property=\"og:locale\" content=\"es_MX\" \/>\n<meta property=\"og:type\" content=\"article\" \/>\n<meta property=\"og:title\" content=\"Sismo de magnitud 4.4 sacude a Ahome este 16 de abril - Fuentes Fidedignas\" \/>\n<meta property=\"og:description\" content=\"El movimiento tel\u00farico fue registrado por el SSN al suroeste de Ahome Este mi\u00e9rcoles 16 de abril de 2025, el Servicio Sismol\u00f3gico Nacional (SSN) report\u00f3 un sismo en Sinaloa a las 05:45 de la ma\u00f1ana. El temblor tuvo una magnitud de 4.4 y se ubic\u00f3 al suroeste de la regi\u00f3n de Ahome, sin que hasta [&hellip;]\" \/>\n<meta property=\"og:url\" content=\"https:\/\/fuentesfidedignas.com.mx\/index.php\/2025\/04\/16\/sismo-de-magnitud-4-4-sacude-a-ahome-este-16-de-abril\/\" \/>\n<meta property=\"og:site_name\" content=\"Fuentes Fidedignas\" \/>\n<meta property=\"article:publisher\" content=\"https:\/\/www.facebook.com\/Fuentes-Fidedignas-368234489921644\" \/>\n<meta property=\"article:published_time\" content=\"2025-04-16T14:25:11+00:00\" \/>\n<meta property=\"article:modified_time\" content=\"2025-04-16T14:25:16+00:00\" \/>\n<meta property=\"og:image\" content=\"https:\/\/fuentesfidedignas.com.mx\/wp-content\/uploads\/2025\/04\/sismo_ahome.jpeg\" \/>\n\t<meta property=\"og:image:width\" content=\"600\" \/>\n\t<meta property=\"og:image:height\" content=\"400\" \/>\n\t<meta property=\"og:image:type\" content=\"image\/jpeg\" \/>\n<meta name=\"author\" content=\"El Imparcial\" \/>\n<meta name=\"twitter:card\" content=\"summary_large_image\" \/>\n<meta name=\"twitter:creator\" content=\"@fidedignas\" \/>\n<meta name=\"twitter:site\" content=\"@fidedignas\" \/>\n<meta name=\"twitter:label1\" content=\"Escrito por\" \/>\n\t<meta name=\"twitter:data1\" content=\"El Imparcial\" \/>\n\t<meta name=\"twitter:label2\" content=\"Tiempo de lectura\" \/>\n\t<meta name=\"twitter:data2\" content=\"2 minutos\" \/>\n<script type=\"application\/ld+json\" class=\"yoast-schema-graph\">{\"@context\":\"https:\\\/\\\/schema.org\",\"@graph\":[{\"@type\":\"Article\",\"@id\":\"https:\\\/\\\/fuentesfidedignas.com.mx\\\/index.php\\\/2025\\\/04\\\/16\\\/sismo-de-magnitud-4-4-sacude-a-ahome-este-16-de-abril\\\/#article\",\"isPartOf\":{\"@id\":\"https:\\\/\\\/fuentesfidedignas.com.mx\\\/index.php\\\/2025\\\/04\\\/16\\\/sismo-de-magnitud-4-4-sacude-a-ahome-este-16-de-abril\\\/\"},\"author\":{\"name\":\"El Imparcial\",\"@id\":\"https:\\\/\\\/fuentesfidedignas.com.mx\\\/#\\\/schema\\\/person\\\/ff4db17f8fd9c584e0cfc2a0c436b8a1\"},\"headline\":\"Sismo de magnitud 4.4 sacude a Ahome este 16 de abril\",\"datePublished\":\"2025-04-16T14:25:11+00:00\",\"dateModified\":\"2025-04-16T14:25:16+00:00\",\"mainEntityOfPage\":{\"@id\":\"https:\\\/\\\/fuentesfidedignas.com.mx\\\/index.php\\\/2025\\\/04\\\/16\\\/sismo-de-magnitud-4-4-sacude-a-ahome-este-16-de-abril\\\/\"},\"wordCount\":330,\"commentCount\":0,\"publisher\":{\"@id\":\"https:\\\/\\\/fuentesfidedignas.com.mx\\\/#organization\"},\"image\":{\"@id\":\"https:\\\/\\\/fuentesfidedignas.com.mx\\\/index.php\\\/2025\\\/04\\\/16\\\/sismo-de-magnitud-4-4-sacude-a-ahome-este-16-de-abril\\\/#primaryimage\"},\"thumbnailUrl\":\"https:\\\/\\\/fuentesfidedignas.com.mx\\\/wp-content\\\/uploads\\\/2025\\\/04\\\/sismo_ahome.jpeg\",\"articleSection\":[\"NOTA PRINCIPAL\"],\"inLanguage\":\"es\",\"potentialAction\":[{\"@type\":\"CommentAction\",\"name\":\"Comment\",\"target\":[\"https:\\\/\\\/fuentesfidedignas.com.mx\\\/index.php\\\/2025\\\/04\\\/16\\\/sismo-de-magnitud-4-4-sacude-a-ahome-este-16-de-abril\\\/#respond\"]}]},{\"@type\":\"WebPage\",\"@id\":\"https:\\\/\\\/fuentesfidedignas.com.mx\\\/index.php\\\/2025\\\/04\\\/16\\\/sismo-de-magnitud-4-4-sacude-a-ahome-este-16-de-abril\\\/\",\"url\":\"https:\\\/\\\/fuentesfidedignas.com.mx\\\/index.php\\\/2025\\\/04\\\/16\\\/sismo-de-magnitud-4-4-sacude-a-ahome-este-16-de-abril\\\/\",\"name\":\"Sismo de magnitud 4.4 sacude a Ahome este 16 de abril - Fuentes Fidedignas\",\"isPartOf\":{\"@id\":\"https:\\\/\\\/fuentesfidedignas.com.mx\\\/#website\"},\"primaryImageOfPage\":{\"@id\":\"https:\\\/\\\/fuentesfidedignas.com.mx\\\/index.php\\\/2025\\\/04\\\/16\\\/sismo-de-magnitud-4-4-sacude-a-ahome-este-16-de-abril\\\/#primaryimage\"},\"image\":{\"@id\":\"https:\\\/\\\/fuentesfidedignas.com.mx\\\/index.php\\\/2025\\\/04\\\/16\\\/sismo-de-magnitud-4-4-sacude-a-ahome-este-16-de-abril\\\/#primaryimage\"},\"thumbnailUrl\":\"https:\\\/\\\/fuentesfidedignas.com.mx\\\/wp-content\\\/uploads\\\/2025\\\/04\\\/sismo_ahome.jpeg\",\"datePublished\":\"2025-04-16T14:25:11+00:00\",\"dateModified\":\"2025-04-16T14:25:16+00:00\",\"breadcrumb\":{\"@id\":\"https:\\\/\\\/fuentesfidedignas.com.mx\\\/index.php\\\/2025\\\/04\\\/16\\\/sismo-de-magnitud-4-4-sacude-a-ahome-este-16-de-abril\\\/#breadcrumb\"},\"inLanguage\":\"es\",\"potentialAction\":[{\"@type\":\"ReadAction\",\"target\":[\"https:\\\/\\\/fuentesfidedignas.com.mx\\\/index.php\\\/2025\\\/04\\\/16\\\/sismo-de-magnitud-4-4-sacude-a-ahome-este-16-de-abril\\\/\"]}]},{\"@type\":\"ImageObject\",\"inLanguage\":\"es\",\"@id\":\"https:\\\/\\\/fuentesfidedignas.com.mx\\\/index.php\\\/2025\\\/04\\\/16\\\/sismo-de-magnitud-4-4-sacude-a-ahome-este-16-de-abril\\\/#primaryimage\",\"url\":\"https:\\\/\\\/fuentesfidedignas.com.mx\\\/wp-content\\\/uploads\\\/2025\\\/04\\\/sismo_ahome.jpeg\",\"contentUrl\":\"https:\\\/\\\/fuentesfidedignas.com.mx\\\/wp-content\\\/uploads\\\/2025\\\/04\\\/sismo_ahome.jpeg\",\"width\":600,\"height\":400},{\"@type\":\"BreadcrumbList\",\"@id\":\"https:\\\/\\\/fuentesfidedignas.com.mx\\\/index.php\\\/2025\\\/04\\\/16\\\/sismo-de-magnitud-4-4-sacude-a-ahome-este-16-de-abril\\\/#breadcrumb\",\"itemListElement\":[{\"@type\":\"ListItem\",\"position\":1,\"name\":\"Inicio\",\"item\":\"https:\\\/\\\/fuentesfidedignas.com.mx\\\/\"},{\"@type\":\"ListItem\",\"position\":2,\"name\":\"Sismo de magnitud 4.4 sacude a Ahome este 16 de abril\"}]},{\"@type\":\"WebSite\",\"@id\":\"https:\\\/\\\/fuentesfidedignas.com.mx\\\/#website\",\"url\":\"https:\\\/\\\/fuentesfidedignas.com.mx\\\/\",\"name\":\"Fuentes Fidedignas\",\"description\":\"Otro sitio realizado con WordPress\",\"publisher\":{\"@id\":\"https:\\\/\\\/fuentesfidedignas.com.mx\\\/#organization\"},\"potentialAction\":[{\"@type\":\"SearchAction\",\"target\":{\"@type\":\"EntryPoint\",\"urlTemplate\":\"https:\\\/\\\/fuentesfidedignas.com.mx\\\/?s={search_term_string}\"},\"query-input\":{\"@type\":\"PropertyValueSpecification\",\"valueRequired\":true,\"valueName\":\"search_term_string\"}}],\"inLanguage\":\"es\"},{\"@type\":\"Organization\",\"@id\":\"https:\\\/\\\/fuentesfidedignas.com.mx\\\/#organization\",\"name\":\"Fuentes Fidedignas\",\"url\":\"https:\\\/\\\/fuentesfidedignas.com.mx\\\/\",\"logo\":{\"@type\":\"ImageObject\",\"inLanguage\":\"es\",\"@id\":\"https:\\\/\\\/fuentesfidedignas.com.mx\\\/#\\\/schema\\\/logo\\\/image\\\/\",\"url\":\"https:\\\/\\\/fuentesfidedignas.com.mx\\\/wp-content\\\/uploads\\\/2021\\\/04\\\/logo-retina.png\",\"contentUrl\":\"https:\\\/\\\/fuentesfidedignas.com.mx\\\/wp-content\\\/uploads\\\/2021\\\/04\\\/logo-retina.png\",\"width\":280,\"height\":51,\"caption\":\"Fuentes Fidedignas\"},\"image\":{\"@id\":\"https:\\\/\\\/fuentesfidedignas.com.mx\\\/#\\\/schema\\\/logo\\\/image\\\/\"},\"sameAs\":[\"https:\\\/\\\/www.facebook.com\\\/Fuentes-Fidedignas-368234489921644\",\"https:\\\/\\\/x.com\\\/fidedignas\"]},{\"@type\":\"Person\",\"@id\":\"https:\\\/\\\/fuentesfidedignas.com.mx\\\/#\\\/schema\\\/person\\\/ff4db17f8fd9c584e0cfc2a0c436b8a1\",\"name\":\"El Imparcial\",\"image\":{\"@type\":\"ImageObject\",\"inLanguage\":\"es\",\"@id\":\"https:\\\/\\\/secure.gravatar.com\\\/avatar\\\/accd6807585a75316c237ee783498317be6f66ab34c47c940966f26a3f613161?s=96&d=mm&r=g\",\"url\":\"https:\\\/\\\/secure.gravatar.com\\\/avatar\\\/accd6807585a75316c237ee783498317be6f66ab34c47c940966f26a3f613161?s=96&d=mm&r=g\",\"contentUrl\":\"https:\\\/\\\/secure.gravatar.com\\\/avatar\\\/accd6807585a75316c237ee783498317be6f66ab34c47c940966f26a3f613161?s=96&d=mm&r=g\",\"caption\":\"El Imparcial\"},\"url\":\"https:\\\/\\\/fuentesfidedignas.com.mx\\\/index.php\\\/author\\\/imparcial\\\/\"}]}<\/script>\n<!-- \/ Yoast SEO plugin. -->","yoast_head_json":{"title":"Sismo de magnitud 4.4 sacude a Ahome este 16 de abril - Fuentes Fidedignas","robots":{"index":"index","follow":"follow","max-snippet":"max-snippet:-1","max-image-preview":"max-image-preview:large","max-video-preview":"max-video-preview:-1"},"canonical":"https:\/\/fuentesfidedignas.com.mx\/index.php\/2025\/04\/16\/sismo-de-magnitud-4-4-sacude-a-ahome-este-16-de-abril\/","og_locale":"es_MX","og_type":"article","og_title":"Sismo de magnitud 4.4 sacude a Ahome este 16 de abril - Fuentes Fidedignas","og_description":"El movimiento tel\u00farico fue registrado por el SSN al suroeste de Ahome Este mi\u00e9rcoles 16 de abril de 2025, el Servicio Sismol\u00f3gico Nacional (SSN) report\u00f3 un sismo en Sinaloa a las 05:45 de la ma\u00f1ana. El temblor tuvo una magnitud de 4.4 y se ubic\u00f3 al suroeste de la regi\u00f3n de Ahome, sin que hasta [&hellip;]","og_url":"https:\/\/fuentesfidedignas.com.mx\/index.php\/2025\/04\/16\/sismo-de-magnitud-4-4-sacude-a-ahome-este-16-de-abril\/","og_site_name":"Fuentes Fidedignas","article_publisher":"https:\/\/www.facebook.com\/Fuentes-Fidedignas-368234489921644","article_published_time":"2025-04-16T14:25:11+00:00","article_modified_time":"2025-04-16T14:25:16+00:00","og_image":[{"width":600,"height":400,"url":"https:\/\/fuentesfidedignas.com.mx\/wp-content\/uploads\/2025\/04\/sismo_ahome.jpeg","type":"image\/jpeg"}],"author":"El Imparcial","twitter_card":"summary_large_image","twitter_creator":"@fidedignas","twitter_site":"@fidedignas","twitter_misc":{"Escrito por":"El Imparcial","Tiempo de lectura":"2 minutos"},"schema":{"@context":"https:\/\/schema.org","@graph":[{"@type":"Article","@id":"https:\/\/fuentesfidedignas.com.mx\/index.php\/2025\/04\/16\/sismo-de-magnitud-4-4-sacude-a-ahome-este-16-de-abril\/#article","isPartOf":{"@id":"https:\/\/fuentesfidedignas.com.mx\/index.php\/2025\/04\/16\/sismo-de-magnitud-4-4-sacude-a-ahome-este-16-de-abril\/"},"author":{"name":"El Imparcial","@id":"https:\/\/fuentesfidedignas.com.mx\/#\/schema\/person\/ff4db17f8fd9c584e0cfc2a0c436b8a1"},"headline":"Sismo de magnitud 4.4 sacude a Ahome este 16 de abril","datePublished":"2025-04-16T14:25:11+00:00","dateModified":"2025-04-16T14:25:16+00:00","mainEntityOfPage":{"@id":"https:\/\/fuentesfidedignas.com.mx\/index.php\/2025\/04\/16\/sismo-de-magnitud-4-4-sacude-a-ahome-este-16-de-abril\/"},"wordCount":330,"commentCount":0,"publisher":{"@id":"https:\/\/fuentesfidedignas.com.mx\/#organization"},"image":{"@id":"https:\/\/fuentesfidedignas.com.mx\/index.php\/2025\/04\/16\/sismo-de-magnitud-4-4-sacude-a-ahome-este-16-de-abril\/#primaryimage"},"thumbnailUrl":"https:\/\/fuentesfidedignas.com.mx\/wp-content\/uploads\/2025\/04\/sismo_ahome.jpeg","articleSection":["NOTA PRINCIPAL"],"inLanguage":"es","potentialAction":[{"@type":"CommentAction","name":"Comment","target":["https:\/\/fuentesfidedignas.com.mx\/index.php\/2025\/04\/16\/sismo-de-magnitud-4-4-sacude-a-ahome-este-16-de-abril\/#respond"]}]},{"@type":"WebPage","@id":"https:\/\/fuentesfidedignas.com.mx\/index.php\/2025\/04\/16\/sismo-de-magnitud-4-4-sacude-a-ahome-este-16-de-abril\/","url":"https:\/\/fuentesfidedignas.com.mx\/index.php\/2025\/04\/16\/sismo-de-magnitud-4-4-sacude-a-ahome-este-16-de-abril\/","name":"Sismo de magnitud 4.4 sacude a Ahome este 16 de abril - Fuentes Fidedignas","isPartOf":{"@id":"https:\/\/fuentesfidedignas.com.mx\/#website"},"primaryImageOfPage":{"@id":"https:\/\/fuentesfidedignas.com.mx\/index.php\/2025\/04\/16\/sismo-de-magnitud-4-4-sacude-a-ahome-este-16-de-abril\/#primaryimage"},"image":{"@id":"https:\/\/fuentesfidedignas.com.mx\/index.php\/2025\/04\/16\/sismo-de-magnitud-4-4-sacude-a-ahome-este-16-de-abril\/#primaryimage"},"thumbnailUrl":"https:\/\/fuentesfidedignas.com.mx\/wp-content\/uploads\/2025\/04\/sismo_ahome.jpeg","datePublished":"2025-04-16T14:25:11+00:00","dateModified":"2025-04-16T14:25:16+00:00","breadcrumb":{"@id":"https:\/\/fuentesfidedignas.com.mx\/index.php\/2025\/04\/16\/sismo-de-magnitud-4-4-sacude-a-ahome-este-16-de-abril\/#breadcrumb"},"inLanguage":"es","potentialAction":[{"@type":"ReadAction","target":["https:\/\/fuentesfidedignas.com.mx\/index.php\/2025\/04\/16\/sismo-de-magnitud-4-4-sacude-a-ahome-este-16-de-abril\/"]}]},{"@type":"ImageObject","inLanguage":"es","@id":"https:\/\/fuentesfidedignas.com.mx\/index.php\/2025\/04\/16\/sismo-de-magnitud-4-4-sacude-a-ahome-este-16-de-abril\/#primaryimage","url":"https:\/\/fuentesfidedignas.com.mx\/wp-content\/uploads\/2025\/04\/sismo_ahome.jpeg","contentUrl":"https:\/\/fuentesfidedignas.com.mx\/wp-content\/uploads\/2025\/04\/sismo_ahome.jpeg","width":600,"height":400},{"@type":"BreadcrumbList","@id":"https:\/\/fuentesfidedignas.com.mx\/index.php\/2025\/04\/16\/sismo-de-magnitud-4-4-sacude-a-ahome-este-16-de-abril\/#breadcrumb","itemListElement":[{"@type":"ListItem","position":1,"name":"Inicio","item":"https:\/\/fuentesfidedignas.com.mx\/"},{"@type":"ListItem","position":2,"name":"Sismo de magnitud 4.4 sacude a Ahome este 16 de abril"}]},{"@type":"WebSite","@id":"https:\/\/fuentesfidedignas.com.mx\/#website","url":"https:\/\/fuentesfidedignas.com.mx\/","name":"Fuentes Fidedignas","description":"Otro sitio realizado con WordPress","publisher":{"@id":"https:\/\/fuentesfidedignas.com.mx\/#organization"},"potentialAction":[{"@type":"SearchAction","target":{"@type":"EntryPoint","urlTemplate":"https:\/\/fuentesfidedignas.com.mx\/?s={search_term_string}"},"query-input":{"@type":"PropertyValueSpecification","valueRequired":true,"valueName":"search_term_string"}}],"inLanguage":"es"},{"@type":"Organization","@id":"https:\/\/fuentesfidedignas.com.mx\/#organization","name":"Fuentes Fidedignas","url":"https:\/\/fuentesfidedignas.com.mx\/","logo":{"@type":"ImageObject","inLanguage":"es","@id":"https:\/\/fuentesfidedignas.com.mx\/#\/schema\/logo\/image\/","url":"https:\/\/fuentesfidedignas.com.mx\/wp-content\/uploads\/2021\/04\/logo-retina.png","contentUrl":"https:\/\/fuentesfidedignas.com.mx\/wp-content\/uploads\/2021\/04\/logo-retina.png","width":280,"height":51,"caption":"Fuentes Fidedignas"},"image":{"@id":"https:\/\/fuentesfidedignas.com.mx\/#\/schema\/logo\/image\/"},"sameAs":["https:\/\/www.facebook.com\/Fuentes-Fidedignas-368234489921644","https:\/\/x.com\/fidedignas"]},{"@type":"Person","@id":"https:\/\/fuentesfidedignas.com.mx\/#\/schema\/person\/ff4db17f8fd9c584e0cfc2a0c436b8a1","name":"El Imparcial","image":{"@type":"ImageObject","inLanguage":"es","@id":"https:\/\/secure.gravatar.com\/avatar\/accd6807585a75316c237ee783498317be6f66ab34c47c940966f26a3f613161?s=96&d=mm&r=g","url":"https:\/\/secure.gravatar.com\/avatar\/accd6807585a75316c237ee783498317be6f66ab34c47c940966f26a3f613161?s=96&d=mm&r=g","contentUrl":"https:\/\/secure.gravatar.com\/avatar\/accd6807585a75316c237ee783498317be6f66ab34c47c940966f26a3f613161?s=96&d=mm&r=g","caption":"El Imparcial"},"url":"https:\/\/fuentesfidedignas.com.mx\/index.php\/author\/imparcial\/"}]}},"_links":{"self":[{"href":"https:\/\/fuentesfidedignas.com.mx\/index.php\/wp-json\/wp\/v2\/posts\/106482","targetHints":{"allow":["GET"]}}],"collection":[{"href":"https:\/\/fuentesfidedignas.com.mx\/index.php\/wp-json\/wp\/v2\/posts"}],"about":[{"href":"https:\/\/fuentesfidedignas.com.mx\/index.php\/wp-json\/wp\/v2\/types\/post"}],"author":[{"embeddable":true,"href":"https:\/\/fuentesfidedignas.com.mx\/index.php\/wp-json\/wp\/v2\/users\/40"}],"replies":[{"embeddable":true,"href":"https:\/\/fuentesfidedignas.com.mx\/index.php\/wp-json\/wp\/v2\/comments?post=106482"}],"version-history":[{"count":1,"href":"https:\/\/fuentesfidedignas.com.mx\/index.php\/wp-json\/wp\/v2\/posts\/106482\/revisions"}],"predecessor-version":[{"id":106484,"href":"https:\/\/fuentesfidedignas.com.mx\/index.php\/wp-json\/wp\/v2\/posts\/106482\/revisions\/106484"}],"wp:featuredmedia":[{"embeddable":true,"href":"https:\/\/fuentesfidedignas.com.mx\/index.php\/wp-json\/wp\/v2\/media\/106483"}],"wp:attachment":[{"href":"https:\/\/fuentesfidedignas.com.mx\/index.php\/wp-json\/wp\/v2\/media?parent=106482"}],"wp:term":[{"taxonomy":"category","embeddable":true,"href":"https:\/\/fuentesfidedignas.com.mx\/index.php\/wp-json\/wp\/v2\/categories?post=106482"},{"taxonomy":"post_tag","embeddable":true,"href":"https:\/\/fuentesfidedignas.com.mx\/index.php\/wp-json\/wp\/v2\/tags?post=106482"}],"curies":[{"name":"wp","href":"https:\/\/api.w.org\/{rel}","templated":true}]}}