{"id":106473,"date":"2025-04-16T06:50:38","date_gmt":"2025-04-16T13:50:38","guid":{"rendered":"https:\/\/fuentesfidedignas.com.mx\/?p=106473"},"modified":"2025-04-16T08:19:36","modified_gmt":"2025-04-16T15:19:36","slug":"tres-policias-muertos-en-reten-del-puente-baluarte-de-la-supercarretera-durango-mazatlan","status":"publish","type":"post","link":"https:\/\/fuentesfidedignas.com.mx\/index.php\/2025\/04\/16\/tres-policias-muertos-en-reten-del-puente-baluarte-de-la-supercarretera-durango-mazatlan\/","title":{"rendered":"Tres polic\u00edas muertos en ret\u00e9n del puente Baluarte de la Supercarretera Durango &#8211; Mazatl\u00e1n"},"content":{"rendered":"\n<p><strong><em>Tres polic\u00edas muertos y tres m\u00e1s lesionados en ret\u00e9n preventivo del puente Baluarte de la Supercarretera Durango &#8211; Mazatl\u00e1n<\/em><\/strong><\/p>\n\n\n\n<p>Tres polic\u00edas muertos y tres m\u00e1s con lesiones de consideraci\u00f3n, es el saldo de un accidente ocurrido durante la madrugada de este mi\u00e9rcoles 16 de abril de 2025 en la Supercarretera Durango &#8211; Mazatl\u00e1n.<\/p>\n\n\n\n<p><strong>\u00bfC\u00f3mo ocurri\u00f3 el accidente fatal de la Supercarretera Durango &#8211; Mazatl\u00e1n?<\/strong><br>De acuerdo a la informaci\u00f3n recopilada, el accidente fatal ocurrido este mi\u00e9rcoles por la madrugada, se dio justo en el punto de control de seguridad instalado sobre el puente Baluarte.<\/p>\n\n\n\n<p>Ah\u00ed, un tractocami\u00f3n de color azul impact\u00f3 a dicho campamento y luego choc\u00f3 de frente contra otra unidad de caracter\u00edsticas similares, cuyo chofer sali\u00f3 ileso.<\/p>\n\n\n\n<p>En medio del impacto, el trailero embisti\u00f3 a seis personas, todos agentes estatales, uno de los cuales result\u00f3 ileso; dos m\u00e1s sobrevivieron con fracturas, pero tres quedaron sin vida en el lugar de los hechos.<\/p>\n\n\n\n<blockquote class=\"twitter-tweet\"><p lang=\"es\" dir=\"ltr\">\u2611\ufe0f ACTUALIZACI\u00d3N.<br>Autopista Durango &#8211; Mazatl\u00e1n, km 156, dir. Durango. Se informa a las personas usuarias que se registra cierre de circulaci\u00f3n por atenci\u00f3n a choque por alcance m\u00faltiple entre tracto camiones y veh\u00edculo particular. Dir. Mazatl\u00e1n, se restablece con reducci\u00f3n de\u2026<\/p>&mdash; CAPUFE (@CAPUFE) <a href=\"https:\/\/twitter.com\/CAPUFE\/status\/1912463367035298025?ref_src=twsrc%5Etfw\">April 16, 2025<\/a><\/blockquote> <script async src=\"https:\/\/platform.twitter.com\/widgets.js\" charset=\"utf-8\"><\/script>\n\n\n\n<p><strong>\u00bfQui\u00e9nes son los fallecidos en el accidente de la Supercarretera Durango &#8211; Mazatl\u00e1n?<\/strong><br>Las personas fallecidas fueron identificadas como Cristian Adri\u00e1n Andrade Cortez, quien era oficial de la Polic\u00eda Estatal; adem\u00e1s de los polic\u00edas municipales de Pueblo Nuevo, Julia Gonz\u00e1lez de la Cruz y Ramiro Orozco Buend\u00eda.<\/p>\n\n\n\n<p>Todos ellos hab\u00edan sido asignados al puesto de control que, como parte del operativo vacacional de Semana Santa, tienen retenes de vigilancia en distintas carreteras de Durango.<\/p>\n\n\n\n<iframe loading=\"lazy\" src=\"https:\/\/www.facebook.com\/plugins\/post.php?href=https%3A%2F%2Fwww.facebook.com%2Fssp.durango%2Fposts%2Fpfbid02Zb6fSNTu13P8i8J44RNPJy4dpouwana1MB3d5XtLL8JXqa42EfHayQgNKkw8GsS1l&#038;show_text=true&#038;width=500\" width=\"500\" height=\"722\" style=\"border:none;overflow:hidden\" scrolling=\"no\" frameborder=\"0\" allowfullscreen=\"true\" allow=\"autoplay; clipboard-write; encrypted-media; picture-in-picture; web-share\"><\/iframe>\n\n\n\n<p><strong>\u00bfQu\u00e9 pas\u00f3 con el chofer que ocasion\u00f3 el accidente de la Supercarretera Durango &#8211; Mazatl\u00e1n?<\/strong><br>Hasta el momento, se desconoce la identidad del presunto responsable del accidente fatal ocurrido en la Supercarretera Durango &#8211; Mazatl\u00e1n, pues aparentemente se dio a la fuga.<\/p>\n\n\n\n<p>Tampoco se sabe la raz\u00f3n por la que circulaba en sentido contrario, pues lo hab\u00eda hecho a lo largo de varios kil\u00f3metros, desde la zona de la rampa de frenado ubicada antes del t\u00fanel Baluarte.<\/p>\n","protected":false},"excerpt":{"rendered":"<p>Tres polic\u00edas muertos y tres m\u00e1s lesionados en ret\u00e9n preventivo del puente Baluarte de la Supercarretera Durango &#8211; Mazatl\u00e1n Tres polic\u00edas muertos y tres m\u00e1s con lesiones de consideraci\u00f3n, es el saldo de un accidente ocurrido durante la madrugada de este mi\u00e9rcoles 16 de abril de 2025 en la Supercarretera Durango &#8211; Mazatl\u00e1n. \u00bfC\u00f3mo ocurri\u00f3 [&hellip;]<\/p>\n","protected":false},"author":191,"featured_media":106474,"comment_status":"open","ping_status":"open","sticky":false,"template":"","format":"standard","meta":{"tdm_status":"","tdm_grid_status":"","footnotes":""},"categories":[37],"tags":[],"class_list":{"0":"post-106473","1":"post","2":"type-post","3":"status-publish","4":"format-standard","5":"has-post-thumbnail","7":"category-nota-principal"},"yoast_head":"<!-- This site is optimized with the Yoast SEO plugin v27.5 - https:\/\/yoast.com\/product\/yoast-seo-wordpress\/ -->\n<title>Tres polic\u00edas muertos en ret\u00e9n del puente Baluarte de la Supercarretera Durango - Mazatl\u00e1n - Fuentes Fidedignas<\/title>\n<meta name=\"robots\" content=\"index, follow, max-snippet:-1, max-image-preview:large, max-video-preview:-1\" \/>\n<link rel=\"canonical\" href=\"https:\/\/fuentesfidedignas.com.mx\/index.php\/2025\/04\/16\/tres-policias-muertos-en-reten-del-puente-baluarte-de-la-supercarretera-durango-mazatlan\/\" \/>\n<meta property=\"og:locale\" content=\"es_MX\" \/>\n<meta property=\"og:type\" content=\"article\" \/>\n<meta property=\"og:title\" content=\"Tres polic\u00edas muertos en ret\u00e9n del puente Baluarte de la Supercarretera Durango - Mazatl\u00e1n - Fuentes Fidedignas\" \/>\n<meta property=\"og:description\" content=\"Tres polic\u00edas muertos y tres m\u00e1s lesionados en ret\u00e9n preventivo del puente Baluarte de la Supercarretera Durango &#8211; Mazatl\u00e1n Tres polic\u00edas muertos y tres m\u00e1s con lesiones de consideraci\u00f3n, es el saldo de un accidente ocurrido durante la madrugada de este mi\u00e9rcoles 16 de abril de 2025 en la Supercarretera Durango &#8211; Mazatl\u00e1n. \u00bfC\u00f3mo ocurri\u00f3 [&hellip;]\" \/>\n<meta property=\"og:url\" content=\"https:\/\/fuentesfidedignas.com.mx\/index.php\/2025\/04\/16\/tres-policias-muertos-en-reten-del-puente-baluarte-de-la-supercarretera-durango-mazatlan\/\" \/>\n<meta property=\"og:site_name\" content=\"Fuentes Fidedignas\" \/>\n<meta property=\"article:publisher\" content=\"https:\/\/www.facebook.com\/Fuentes-Fidedignas-368234489921644\" \/>\n<meta property=\"article:published_time\" content=\"2025-04-16T13:50:38+00:00\" \/>\n<meta property=\"article:modified_time\" content=\"2025-04-16T15:19:36+00:00\" \/>\n<meta property=\"og:image\" content=\"https:\/\/fuentesfidedignas.com.mx\/wp-content\/uploads\/2025\/04\/accidente_puenteBaluarte.jpg\" \/>\n\t<meta property=\"og:image:width\" content=\"600\" \/>\n\t<meta property=\"og:image:height\" content=\"337\" \/>\n\t<meta property=\"og:image:type\" content=\"image\/jpeg\" \/>\n<meta name=\"author\" content=\"Posta\" \/>\n<meta name=\"twitter:card\" content=\"summary_large_image\" \/>\n<meta name=\"twitter:creator\" content=\"@fidedignas\" \/>\n<meta name=\"twitter:site\" content=\"@fidedignas\" \/>\n<meta name=\"twitter:label1\" content=\"Escrito por\" \/>\n\t<meta name=\"twitter:data1\" content=\"Posta\" \/>\n\t<meta name=\"twitter:label2\" content=\"Tiempo de lectura\" \/>\n\t<meta name=\"twitter:data2\" content=\"2 minutos\" \/>\n<script type=\"application\/ld+json\" class=\"yoast-schema-graph\">{\"@context\":\"https:\\\/\\\/schema.org\",\"@graph\":[{\"@type\":\"Article\",\"@id\":\"https:\\\/\\\/fuentesfidedignas.com.mx\\\/index.php\\\/2025\\\/04\\\/16\\\/tres-policias-muertos-en-reten-del-puente-baluarte-de-la-supercarretera-durango-mazatlan\\\/#article\",\"isPartOf\":{\"@id\":\"https:\\\/\\\/fuentesfidedignas.com.mx\\\/index.php\\\/2025\\\/04\\\/16\\\/tres-policias-muertos-en-reten-del-puente-baluarte-de-la-supercarretera-durango-mazatlan\\\/\"},\"author\":{\"name\":\"Posta\",\"@id\":\"https:\\\/\\\/fuentesfidedignas.com.mx\\\/#\\\/schema\\\/person\\\/ffa9c667372f3b028bd3afdedfc6cb16\"},\"headline\":\"Tres polic\u00edas muertos en ret\u00e9n del puente Baluarte de la Supercarretera Durango &#8211; Mazatl\u00e1n\",\"datePublished\":\"2025-04-16T13:50:38+00:00\",\"dateModified\":\"2025-04-16T15:19:36+00:00\",\"mainEntityOfPage\":{\"@id\":\"https:\\\/\\\/fuentesfidedignas.com.mx\\\/index.php\\\/2025\\\/04\\\/16\\\/tres-policias-muertos-en-reten-del-puente-baluarte-de-la-supercarretera-durango-mazatlan\\\/\"},\"wordCount\":403,\"commentCount\":0,\"publisher\":{\"@id\":\"https:\\\/\\\/fuentesfidedignas.com.mx\\\/#organization\"},\"image\":{\"@id\":\"https:\\\/\\\/fuentesfidedignas.com.mx\\\/index.php\\\/2025\\\/04\\\/16\\\/tres-policias-muertos-en-reten-del-puente-baluarte-de-la-supercarretera-durango-mazatlan\\\/#primaryimage\"},\"thumbnailUrl\":\"https:\\\/\\\/fuentesfidedignas.com.mx\\\/wp-content\\\/uploads\\\/2025\\\/04\\\/accidente_puenteBaluarte.jpg\",\"articleSection\":[\"NOTA PRINCIPAL\"],\"inLanguage\":\"es\",\"potentialAction\":[{\"@type\":\"CommentAction\",\"name\":\"Comment\",\"target\":[\"https:\\\/\\\/fuentesfidedignas.com.mx\\\/index.php\\\/2025\\\/04\\\/16\\\/tres-policias-muertos-en-reten-del-puente-baluarte-de-la-supercarretera-durango-mazatlan\\\/#respond\"]}]},{\"@type\":\"WebPage\",\"@id\":\"https:\\\/\\\/fuentesfidedignas.com.mx\\\/index.php\\\/2025\\\/04\\\/16\\\/tres-policias-muertos-en-reten-del-puente-baluarte-de-la-supercarretera-durango-mazatlan\\\/\",\"url\":\"https:\\\/\\\/fuentesfidedignas.com.mx\\\/index.php\\\/2025\\\/04\\\/16\\\/tres-policias-muertos-en-reten-del-puente-baluarte-de-la-supercarretera-durango-mazatlan\\\/\",\"name\":\"Tres polic\u00edas muertos en ret\u00e9n del puente Baluarte de la Supercarretera Durango - Mazatl\u00e1n - Fuentes Fidedignas\",\"isPartOf\":{\"@id\":\"https:\\\/\\\/fuentesfidedignas.com.mx\\\/#website\"},\"primaryImageOfPage\":{\"@id\":\"https:\\\/\\\/fuentesfidedignas.com.mx\\\/index.php\\\/2025\\\/04\\\/16\\\/tres-policias-muertos-en-reten-del-puente-baluarte-de-la-supercarretera-durango-mazatlan\\\/#primaryimage\"},\"image\":{\"@id\":\"https:\\\/\\\/fuentesfidedignas.com.mx\\\/index.php\\\/2025\\\/04\\\/16\\\/tres-policias-muertos-en-reten-del-puente-baluarte-de-la-supercarretera-durango-mazatlan\\\/#primaryimage\"},\"thumbnailUrl\":\"https:\\\/\\\/fuentesfidedignas.com.mx\\\/wp-content\\\/uploads\\\/2025\\\/04\\\/accidente_puenteBaluarte.jpg\",\"datePublished\":\"2025-04-16T13:50:38+00:00\",\"dateModified\":\"2025-04-16T15:19:36+00:00\",\"breadcrumb\":{\"@id\":\"https:\\\/\\\/fuentesfidedignas.com.mx\\\/index.php\\\/2025\\\/04\\\/16\\\/tres-policias-muertos-en-reten-del-puente-baluarte-de-la-supercarretera-durango-mazatlan\\\/#breadcrumb\"},\"inLanguage\":\"es\",\"potentialAction\":[{\"@type\":\"ReadAction\",\"target\":[\"https:\\\/\\\/fuentesfidedignas.com.mx\\\/index.php\\\/2025\\\/04\\\/16\\\/tres-policias-muertos-en-reten-del-puente-baluarte-de-la-supercarretera-durango-mazatlan\\\/\"]}]},{\"@type\":\"ImageObject\",\"inLanguage\":\"es\",\"@id\":\"https:\\\/\\\/fuentesfidedignas.com.mx\\\/index.php\\\/2025\\\/04\\\/16\\\/tres-policias-muertos-en-reten-del-puente-baluarte-de-la-supercarretera-durango-mazatlan\\\/#primaryimage\",\"url\":\"https:\\\/\\\/fuentesfidedignas.com.mx\\\/wp-content\\\/uploads\\\/2025\\\/04\\\/accidente_puenteBaluarte.jpg\",\"contentUrl\":\"https:\\\/\\\/fuentesfidedignas.com.mx\\\/wp-content\\\/uploads\\\/2025\\\/04\\\/accidente_puenteBaluarte.jpg\",\"width\":600,\"height\":337},{\"@type\":\"BreadcrumbList\",\"@id\":\"https:\\\/\\\/fuentesfidedignas.com.mx\\\/index.php\\\/2025\\\/04\\\/16\\\/tres-policias-muertos-en-reten-del-puente-baluarte-de-la-supercarretera-durango-mazatlan\\\/#breadcrumb\",\"itemListElement\":[{\"@type\":\"ListItem\",\"position\":1,\"name\":\"Inicio\",\"item\":\"https:\\\/\\\/fuentesfidedignas.com.mx\\\/\"},{\"@type\":\"ListItem\",\"position\":2,\"name\":\"Tres polic\u00edas muertos en ret\u00e9n del puente Baluarte de la Supercarretera Durango &#8211; Mazatl\u00e1n\"}]},{\"@type\":\"WebSite\",\"@id\":\"https:\\\/\\\/fuentesfidedignas.com.mx\\\/#website\",\"url\":\"https:\\\/\\\/fuentesfidedignas.com.mx\\\/\",\"name\":\"Fuentes Fidedignas\",\"description\":\"Otro sitio realizado con WordPress\",\"publisher\":{\"@id\":\"https:\\\/\\\/fuentesfidedignas.com.mx\\\/#organization\"},\"potentialAction\":[{\"@type\":\"SearchAction\",\"target\":{\"@type\":\"EntryPoint\",\"urlTemplate\":\"https:\\\/\\\/fuentesfidedignas.com.mx\\\/?s={search_term_string}\"},\"query-input\":{\"@type\":\"PropertyValueSpecification\",\"valueRequired\":true,\"valueName\":\"search_term_string\"}}],\"inLanguage\":\"es\"},{\"@type\":\"Organization\",\"@id\":\"https:\\\/\\\/fuentesfidedignas.com.mx\\\/#organization\",\"name\":\"Fuentes Fidedignas\",\"url\":\"https:\\\/\\\/fuentesfidedignas.com.mx\\\/\",\"logo\":{\"@type\":\"ImageObject\",\"inLanguage\":\"es\",\"@id\":\"https:\\\/\\\/fuentesfidedignas.com.mx\\\/#\\\/schema\\\/logo\\\/image\\\/\",\"url\":\"https:\\\/\\\/fuentesfidedignas.com.mx\\\/wp-content\\\/uploads\\\/2021\\\/04\\\/logo-retina.png\",\"contentUrl\":\"https:\\\/\\\/fuentesfidedignas.com.mx\\\/wp-content\\\/uploads\\\/2021\\\/04\\\/logo-retina.png\",\"width\":280,\"height\":51,\"caption\":\"Fuentes Fidedignas\"},\"image\":{\"@id\":\"https:\\\/\\\/fuentesfidedignas.com.mx\\\/#\\\/schema\\\/logo\\\/image\\\/\"},\"sameAs\":[\"https:\\\/\\\/www.facebook.com\\\/Fuentes-Fidedignas-368234489921644\",\"https:\\\/\\\/x.com\\\/fidedignas\"]},{\"@type\":\"Person\",\"@id\":\"https:\\\/\\\/fuentesfidedignas.com.mx\\\/#\\\/schema\\\/person\\\/ffa9c667372f3b028bd3afdedfc6cb16\",\"name\":\"Posta\",\"image\":{\"@type\":\"ImageObject\",\"inLanguage\":\"es\",\"@id\":\"https:\\\/\\\/secure.gravatar.com\\\/avatar\\\/f0744679186670455e2e337052f0b00a5a7f991925145494b74e4f16be569f35?s=96&d=mm&r=g\",\"url\":\"https:\\\/\\\/secure.gravatar.com\\\/avatar\\\/f0744679186670455e2e337052f0b00a5a7f991925145494b74e4f16be569f35?s=96&d=mm&r=g\",\"contentUrl\":\"https:\\\/\\\/secure.gravatar.com\\\/avatar\\\/f0744679186670455e2e337052f0b00a5a7f991925145494b74e4f16be569f35?s=96&d=mm&r=g\",\"caption\":\"Posta\"},\"url\":\"https:\\\/\\\/fuentesfidedignas.com.mx\\\/index.php\\\/author\\\/posta\\\/\"}]}<\/script>\n<!-- \/ Yoast SEO plugin. -->","yoast_head_json":{"title":"Tres polic\u00edas muertos en ret\u00e9n del puente Baluarte de la Supercarretera Durango - Mazatl\u00e1n - Fuentes Fidedignas","robots":{"index":"index","follow":"follow","max-snippet":"max-snippet:-1","max-image-preview":"max-image-preview:large","max-video-preview":"max-video-preview:-1"},"canonical":"https:\/\/fuentesfidedignas.com.mx\/index.php\/2025\/04\/16\/tres-policias-muertos-en-reten-del-puente-baluarte-de-la-supercarretera-durango-mazatlan\/","og_locale":"es_MX","og_type":"article","og_title":"Tres polic\u00edas muertos en ret\u00e9n del puente Baluarte de la Supercarretera Durango - Mazatl\u00e1n - Fuentes Fidedignas","og_description":"Tres polic\u00edas muertos y tres m\u00e1s lesionados en ret\u00e9n preventivo del puente Baluarte de la Supercarretera Durango &#8211; Mazatl\u00e1n Tres polic\u00edas muertos y tres m\u00e1s con lesiones de consideraci\u00f3n, es el saldo de un accidente ocurrido durante la madrugada de este mi\u00e9rcoles 16 de abril de 2025 en la Supercarretera Durango &#8211; Mazatl\u00e1n. \u00bfC\u00f3mo ocurri\u00f3 [&hellip;]","og_url":"https:\/\/fuentesfidedignas.com.mx\/index.php\/2025\/04\/16\/tres-policias-muertos-en-reten-del-puente-baluarte-de-la-supercarretera-durango-mazatlan\/","og_site_name":"Fuentes Fidedignas","article_publisher":"https:\/\/www.facebook.com\/Fuentes-Fidedignas-368234489921644","article_published_time":"2025-04-16T13:50:38+00:00","article_modified_time":"2025-04-16T15:19:36+00:00","og_image":[{"width":600,"height":337,"url":"https:\/\/fuentesfidedignas.com.mx\/wp-content\/uploads\/2025\/04\/accidente_puenteBaluarte.jpg","type":"image\/jpeg"}],"author":"Posta","twitter_card":"summary_large_image","twitter_creator":"@fidedignas","twitter_site":"@fidedignas","twitter_misc":{"Escrito por":"Posta","Tiempo de lectura":"2 minutos"},"schema":{"@context":"https:\/\/schema.org","@graph":[{"@type":"Article","@id":"https:\/\/fuentesfidedignas.com.mx\/index.php\/2025\/04\/16\/tres-policias-muertos-en-reten-del-puente-baluarte-de-la-supercarretera-durango-mazatlan\/#article","isPartOf":{"@id":"https:\/\/fuentesfidedignas.com.mx\/index.php\/2025\/04\/16\/tres-policias-muertos-en-reten-del-puente-baluarte-de-la-supercarretera-durango-mazatlan\/"},"author":{"name":"Posta","@id":"https:\/\/fuentesfidedignas.com.mx\/#\/schema\/person\/ffa9c667372f3b028bd3afdedfc6cb16"},"headline":"Tres polic\u00edas muertos en ret\u00e9n del puente Baluarte de la Supercarretera Durango &#8211; Mazatl\u00e1n","datePublished":"2025-04-16T13:50:38+00:00","dateModified":"2025-04-16T15:19:36+00:00","mainEntityOfPage":{"@id":"https:\/\/fuentesfidedignas.com.mx\/index.php\/2025\/04\/16\/tres-policias-muertos-en-reten-del-puente-baluarte-de-la-supercarretera-durango-mazatlan\/"},"wordCount":403,"commentCount":0,"publisher":{"@id":"https:\/\/fuentesfidedignas.com.mx\/#organization"},"image":{"@id":"https:\/\/fuentesfidedignas.com.mx\/index.php\/2025\/04\/16\/tres-policias-muertos-en-reten-del-puente-baluarte-de-la-supercarretera-durango-mazatlan\/#primaryimage"},"thumbnailUrl":"https:\/\/fuentesfidedignas.com.mx\/wp-content\/uploads\/2025\/04\/accidente_puenteBaluarte.jpg","articleSection":["NOTA PRINCIPAL"],"inLanguage":"es","potentialAction":[{"@type":"CommentAction","name":"Comment","target":["https:\/\/fuentesfidedignas.com.mx\/index.php\/2025\/04\/16\/tres-policias-muertos-en-reten-del-puente-baluarte-de-la-supercarretera-durango-mazatlan\/#respond"]}]},{"@type":"WebPage","@id":"https:\/\/fuentesfidedignas.com.mx\/index.php\/2025\/04\/16\/tres-policias-muertos-en-reten-del-puente-baluarte-de-la-supercarretera-durango-mazatlan\/","url":"https:\/\/fuentesfidedignas.com.mx\/index.php\/2025\/04\/16\/tres-policias-muertos-en-reten-del-puente-baluarte-de-la-supercarretera-durango-mazatlan\/","name":"Tres polic\u00edas muertos en ret\u00e9n del puente Baluarte de la Supercarretera Durango - Mazatl\u00e1n - Fuentes Fidedignas","isPartOf":{"@id":"https:\/\/fuentesfidedignas.com.mx\/#website"},"primaryImageOfPage":{"@id":"https:\/\/fuentesfidedignas.com.mx\/index.php\/2025\/04\/16\/tres-policias-muertos-en-reten-del-puente-baluarte-de-la-supercarretera-durango-mazatlan\/#primaryimage"},"image":{"@id":"https:\/\/fuentesfidedignas.com.mx\/index.php\/2025\/04\/16\/tres-policias-muertos-en-reten-del-puente-baluarte-de-la-supercarretera-durango-mazatlan\/#primaryimage"},"thumbnailUrl":"https:\/\/fuentesfidedignas.com.mx\/wp-content\/uploads\/2025\/04\/accidente_puenteBaluarte.jpg","datePublished":"2025-04-16T13:50:38+00:00","dateModified":"2025-04-16T15:19:36+00:00","breadcrumb":{"@id":"https:\/\/fuentesfidedignas.com.mx\/index.php\/2025\/04\/16\/tres-policias-muertos-en-reten-del-puente-baluarte-de-la-supercarretera-durango-mazatlan\/#breadcrumb"},"inLanguage":"es","potentialAction":[{"@type":"ReadAction","target":["https:\/\/fuentesfidedignas.com.mx\/index.php\/2025\/04\/16\/tres-policias-muertos-en-reten-del-puente-baluarte-de-la-supercarretera-durango-mazatlan\/"]}]},{"@type":"ImageObject","inLanguage":"es","@id":"https:\/\/fuentesfidedignas.com.mx\/index.php\/2025\/04\/16\/tres-policias-muertos-en-reten-del-puente-baluarte-de-la-supercarretera-durango-mazatlan\/#primaryimage","url":"https:\/\/fuentesfidedignas.com.mx\/wp-content\/uploads\/2025\/04\/accidente_puenteBaluarte.jpg","contentUrl":"https:\/\/fuentesfidedignas.com.mx\/wp-content\/uploads\/2025\/04\/accidente_puenteBaluarte.jpg","width":600,"height":337},{"@type":"BreadcrumbList","@id":"https:\/\/fuentesfidedignas.com.mx\/index.php\/2025\/04\/16\/tres-policias-muertos-en-reten-del-puente-baluarte-de-la-supercarretera-durango-mazatlan\/#breadcrumb","itemListElement":[{"@type":"ListItem","position":1,"name":"Inicio","item":"https:\/\/fuentesfidedignas.com.mx\/"},{"@type":"ListItem","position":2,"name":"Tres polic\u00edas muertos en ret\u00e9n del puente Baluarte de la Supercarretera Durango &#8211; Mazatl\u00e1n"}]},{"@type":"WebSite","@id":"https:\/\/fuentesfidedignas.com.mx\/#website","url":"https:\/\/fuentesfidedignas.com.mx\/","name":"Fuentes Fidedignas","description":"Otro sitio realizado con WordPress","publisher":{"@id":"https:\/\/fuentesfidedignas.com.mx\/#organization"},"potentialAction":[{"@type":"SearchAction","target":{"@type":"EntryPoint","urlTemplate":"https:\/\/fuentesfidedignas.com.mx\/?s={search_term_string}"},"query-input":{"@type":"PropertyValueSpecification","valueRequired":true,"valueName":"search_term_string"}}],"inLanguage":"es"},{"@type":"Organization","@id":"https:\/\/fuentesfidedignas.com.mx\/#organization","name":"Fuentes Fidedignas","url":"https:\/\/fuentesfidedignas.com.mx\/","logo":{"@type":"ImageObject","inLanguage":"es","@id":"https:\/\/fuentesfidedignas.com.mx\/#\/schema\/logo\/image\/","url":"https:\/\/fuentesfidedignas.com.mx\/wp-content\/uploads\/2021\/04\/logo-retina.png","contentUrl":"https:\/\/fuentesfidedignas.com.mx\/wp-content\/uploads\/2021\/04\/logo-retina.png","width":280,"height":51,"caption":"Fuentes Fidedignas"},"image":{"@id":"https:\/\/fuentesfidedignas.com.mx\/#\/schema\/logo\/image\/"},"sameAs":["https:\/\/www.facebook.com\/Fuentes-Fidedignas-368234489921644","https:\/\/x.com\/fidedignas"]},{"@type":"Person","@id":"https:\/\/fuentesfidedignas.com.mx\/#\/schema\/person\/ffa9c667372f3b028bd3afdedfc6cb16","name":"Posta","image":{"@type":"ImageObject","inLanguage":"es","@id":"https:\/\/secure.gravatar.com\/avatar\/f0744679186670455e2e337052f0b00a5a7f991925145494b74e4f16be569f35?s=96&d=mm&r=g","url":"https:\/\/secure.gravatar.com\/avatar\/f0744679186670455e2e337052f0b00a5a7f991925145494b74e4f16be569f35?s=96&d=mm&r=g","contentUrl":"https:\/\/secure.gravatar.com\/avatar\/f0744679186670455e2e337052f0b00a5a7f991925145494b74e4f16be569f35?s=96&d=mm&r=g","caption":"Posta"},"url":"https:\/\/fuentesfidedignas.com.mx\/index.php\/author\/posta\/"}]}},"_links":{"self":[{"href":"https:\/\/fuentesfidedignas.com.mx\/index.php\/wp-json\/wp\/v2\/posts\/106473","targetHints":{"allow":["GET"]}}],"collection":[{"href":"https:\/\/fuentesfidedignas.com.mx\/index.php\/wp-json\/wp\/v2\/posts"}],"about":[{"href":"https:\/\/fuentesfidedignas.com.mx\/index.php\/wp-json\/wp\/v2\/types\/post"}],"author":[{"embeddable":true,"href":"https:\/\/fuentesfidedignas.com.mx\/index.php\/wp-json\/wp\/v2\/users\/191"}],"replies":[{"embeddable":true,"href":"https:\/\/fuentesfidedignas.com.mx\/index.php\/wp-json\/wp\/v2\/comments?post=106473"}],"version-history":[{"count":5,"href":"https:\/\/fuentesfidedignas.com.mx\/index.php\/wp-json\/wp\/v2\/posts\/106473\/revisions"}],"predecessor-version":[{"id":106491,"href":"https:\/\/fuentesfidedignas.com.mx\/index.php\/wp-json\/wp\/v2\/posts\/106473\/revisions\/106491"}],"wp:featuredmedia":[{"embeddable":true,"href":"https:\/\/fuentesfidedignas.com.mx\/index.php\/wp-json\/wp\/v2\/media\/106474"}],"wp:attachment":[{"href":"https:\/\/fuentesfidedignas.com.mx\/index.php\/wp-json\/wp\/v2\/media?parent=106473"}],"wp:term":[{"taxonomy":"category","embeddable":true,"href":"https:\/\/fuentesfidedignas.com.mx\/index.php\/wp-json\/wp\/v2\/categories?post=106473"},{"taxonomy":"post_tag","embeddable":true,"href":"https:\/\/fuentesfidedignas.com.mx\/index.php\/wp-json\/wp\/v2\/tags?post=106473"}],"curies":[{"name":"wp","href":"https:\/\/api.w.org\/{rel}","templated":true}]}}