{"id":106380,"date":"2025-04-15T08:14:00","date_gmt":"2025-04-15T15:14:00","guid":{"rendered":"https:\/\/fuentesfidedignas.com.mx\/?p=106380"},"modified":"2025-04-15T07:45:30","modified_gmt":"2025-04-15T14:45:30","slug":"papa-francisco-delega-en-cardenales-ritos-de-semana-santa-y-escribe-el-texto-del-via-crucis","status":"publish","type":"post","link":"https:\/\/fuentesfidedignas.com.mx\/index.php\/2025\/04\/15\/papa-francisco-delega-en-cardenales-ritos-de-semana-santa-y-escribe-el-texto-del-via-crucis\/","title":{"rendered":"Papa Francisco delega en cardenales ritos de Semana Santa y escribe el texto del V\u00eda Crucis"},"content":{"rendered":"\n<p><strong><em>El Vaticano contin\u00faa sin confirmar la presencia del papa Francisco en los principales ritos de la Semana Santa<\/em><\/strong><\/p>\n\n\n\n<p>La presencia del papa en los ritos de la Semana Santa seguir\u00e1 siendo una inc\u00f3gnita y por el momento ha delegado en dos cardenales para que oficien las misas del Jueves y Viernes Santo, adem\u00e1s del V\u00eda Crucis en el Coliseo, para el que Francisco ha escrito las meditaciones que se leer\u00e1n en el anfiteatro romano.<\/p>\n\n\n\n<p>El pont\u00edfice, de 88 a\u00f1os, sigue mejorando de sus problemas de salud tanto desde el punto de vista de la movilidad y de la respiraci\u00f3n, as\u00ed como de la voz, como se pudo ver el domingo pasado, cuando dese\u00f3 una \u201cbuena Semana Santa\u201d tras aparecer en la plaza de San Pedro al final la misa del Domingo de Ramos, inform\u00f3 este martes la oficina de prensa del Vaticano.<\/p>\n\n\n\n<p>El pont\u00edfice argentino cada vez necesita menos tiempo con flujos de ox\u00edgeno, como se apreci\u00f3 en esa aparici\u00f3n, ya que se present\u00f3 en la plaza vaticana sin las c\u00e1nulas nasales.<\/p>\n\n\n\n<p>Tambi\u00e9n sigue recibiendo a los altos cargos de la Curia para continuar con su trabajo, y el lunes recibi\u00f3 al cardenal prefecto de la Causa de los Santos, Marcelo Semeraro, para firmar los decretos de los procesos de beatificaci\u00f3n y canonizaciones.<\/p>\n\n\n\n<p>El Vaticano contin\u00faa sin confirmar la presencia del papa Francisco en los ritos de Semana Santa, por lo que sus apariciones ser\u00e1n por sorpresa, y para la misa del Crisma deleg\u00f3 en el cardenal italiano Domenico Calcagno, mientras que la misa del Viernes Santo la oficiar\u00e1 el prefecto del dicasterio para las Iglesias Orientales, Claudio Gugeroti.<\/p>\n\n\n\n<p>El tradicional V\u00efa Crucis ser\u00e1 presidido por el cardenal Baldassare Reina, vicario para la di\u00f3cesis de Roma, pero los textos de la meditaciones han sido escritos por el papa Francisco, inform\u00f3 el Vaticano.<\/p>\n\n\n\n<p>El resto de cardenales que oficiar\u00e1n los ritos de la Semana Santa del s\u00e1bado y la Misa de Resurrecci\u00f3n del domingo se comunicar\u00e1n en los pr\u00f3ximos d\u00edas.<\/p>\n\n\n\n<p>A\u00fan se desconoce si el papa podr\u00e1 dar la bendici\u00f3n \u2018Urbi et Orbi\u2019 de la Pascua que se realiza en el balc\u00f3n de la Logia central de la fachada de la bas\u00edlica de San Pedro el Domingo de Resurrecci\u00f3n.<\/p>\n","protected":false},"excerpt":{"rendered":"<p>El Vaticano contin\u00faa sin confirmar la presencia del papa Francisco en los principales ritos de la Semana Santa La presencia del papa en los ritos de la Semana Santa seguir\u00e1 siendo una inc\u00f3gnita y por el momento ha delegado en dos cardenales para que oficien las misas del Jueves y Viernes Santo, adem\u00e1s del V\u00eda [&hellip;]<\/p>\n","protected":false},"author":22,"featured_media":106381,"comment_status":"open","ping_status":"open","sticky":false,"template":"","format":"standard","meta":{"tdm_status":"","tdm_grid_status":"","footnotes":""},"categories":[39],"tags":[],"class_list":{"0":"post-106380","1":"post","2":"type-post","3":"status-publish","4":"format-standard","5":"has-post-thumbnail","7":"category-noticias-nacionales"},"yoast_head":"<!-- This site is optimized with the Yoast SEO plugin v27.4 - https:\/\/yoast.com\/product\/yoast-seo-wordpress\/ -->\n<title>Papa Francisco delega en cardenales ritos de Semana Santa y escribe el texto del V\u00eda Crucis - Fuentes Fidedignas<\/title>\n<meta name=\"robots\" content=\"index, follow, max-snippet:-1, max-image-preview:large, max-video-preview:-1\" \/>\n<link rel=\"canonical\" href=\"https:\/\/fuentesfidedignas.com.mx\/index.php\/2025\/04\/15\/papa-francisco-delega-en-cardenales-ritos-de-semana-santa-y-escribe-el-texto-del-via-crucis\/\" \/>\n<meta property=\"og:locale\" content=\"es_MX\" \/>\n<meta property=\"og:type\" content=\"article\" \/>\n<meta property=\"og:title\" content=\"Papa Francisco delega en cardenales ritos de Semana Santa y escribe el texto del V\u00eda Crucis - Fuentes Fidedignas\" \/>\n<meta property=\"og:description\" content=\"El Vaticano contin\u00faa sin confirmar la presencia del papa Francisco en los principales ritos de la Semana Santa La presencia del papa en los ritos de la Semana Santa seguir\u00e1 siendo una inc\u00f3gnita y por el momento ha delegado en dos cardenales para que oficien las misas del Jueves y Viernes Santo, adem\u00e1s del V\u00eda [&hellip;]\" \/>\n<meta property=\"og:url\" content=\"https:\/\/fuentesfidedignas.com.mx\/index.php\/2025\/04\/15\/papa-francisco-delega-en-cardenales-ritos-de-semana-santa-y-escribe-el-texto-del-via-crucis\/\" \/>\n<meta property=\"og:site_name\" content=\"Fuentes Fidedignas\" \/>\n<meta property=\"article:publisher\" content=\"https:\/\/www.facebook.com\/Fuentes-Fidedignas-368234489921644\" \/>\n<meta property=\"article:published_time\" content=\"2025-04-15T15:14:00+00:00\" \/>\n<meta property=\"og:image\" content=\"https:\/\/fuentesfidedignas.com.mx\/wp-content\/uploads\/2025\/04\/papa-francisco-vaticano.jpg\" \/>\n\t<meta property=\"og:image:width\" content=\"1920\" \/>\n\t<meta property=\"og:image:height\" content=\"1280\" \/>\n\t<meta property=\"og:image:type\" content=\"image\/jpeg\" \/>\n<meta name=\"author\" content=\"EFE\" \/>\n<meta name=\"twitter:card\" content=\"summary_large_image\" \/>\n<meta name=\"twitter:creator\" content=\"@fidedignas\" \/>\n<meta name=\"twitter:site\" content=\"@fidedignas\" \/>\n<meta name=\"twitter:label1\" content=\"Escrito por\" \/>\n\t<meta name=\"twitter:data1\" content=\"EFE\" \/>\n\t<meta name=\"twitter:label2\" content=\"Tiempo de lectura\" \/>\n\t<meta name=\"twitter:data2\" content=\"2 minutos\" \/>\n<script type=\"application\/ld+json\" class=\"yoast-schema-graph\">{\"@context\":\"https:\\\/\\\/schema.org\",\"@graph\":[{\"@type\":\"Article\",\"@id\":\"https:\\\/\\\/fuentesfidedignas.com.mx\\\/index.php\\\/2025\\\/04\\\/15\\\/papa-francisco-delega-en-cardenales-ritos-de-semana-santa-y-escribe-el-texto-del-via-crucis\\\/#article\",\"isPartOf\":{\"@id\":\"https:\\\/\\\/fuentesfidedignas.com.mx\\\/index.php\\\/2025\\\/04\\\/15\\\/papa-francisco-delega-en-cardenales-ritos-de-semana-santa-y-escribe-el-texto-del-via-crucis\\\/\"},\"author\":{\"name\":\"EFE\",\"@id\":\"https:\\\/\\\/fuentesfidedignas.com.mx\\\/#\\\/schema\\\/person\\\/0d44615087b5a626d5d3f13afe31ac41\"},\"headline\":\"Papa Francisco delega en cardenales ritos de Semana Santa y escribe el texto del V\u00eda Crucis\",\"datePublished\":\"2025-04-15T15:14:00+00:00\",\"mainEntityOfPage\":{\"@id\":\"https:\\\/\\\/fuentesfidedignas.com.mx\\\/index.php\\\/2025\\\/04\\\/15\\\/papa-francisco-delega-en-cardenales-ritos-de-semana-santa-y-escribe-el-texto-del-via-crucis\\\/\"},\"wordCount\":413,\"commentCount\":0,\"publisher\":{\"@id\":\"https:\\\/\\\/fuentesfidedignas.com.mx\\\/#organization\"},\"image\":{\"@id\":\"https:\\\/\\\/fuentesfidedignas.com.mx\\\/index.php\\\/2025\\\/04\\\/15\\\/papa-francisco-delega-en-cardenales-ritos-de-semana-santa-y-escribe-el-texto-del-via-crucis\\\/#primaryimage\"},\"thumbnailUrl\":\"https:\\\/\\\/fuentesfidedignas.com.mx\\\/wp-content\\\/uploads\\\/2025\\\/04\\\/papa-francisco-vaticano.jpg\",\"articleSection\":[\"NOTICIAS NACIONALES\"],\"inLanguage\":\"es\",\"potentialAction\":[{\"@type\":\"CommentAction\",\"name\":\"Comment\",\"target\":[\"https:\\\/\\\/fuentesfidedignas.com.mx\\\/index.php\\\/2025\\\/04\\\/15\\\/papa-francisco-delega-en-cardenales-ritos-de-semana-santa-y-escribe-el-texto-del-via-crucis\\\/#respond\"]}]},{\"@type\":\"WebPage\",\"@id\":\"https:\\\/\\\/fuentesfidedignas.com.mx\\\/index.php\\\/2025\\\/04\\\/15\\\/papa-francisco-delega-en-cardenales-ritos-de-semana-santa-y-escribe-el-texto-del-via-crucis\\\/\",\"url\":\"https:\\\/\\\/fuentesfidedignas.com.mx\\\/index.php\\\/2025\\\/04\\\/15\\\/papa-francisco-delega-en-cardenales-ritos-de-semana-santa-y-escribe-el-texto-del-via-crucis\\\/\",\"name\":\"Papa Francisco delega en cardenales ritos de Semana Santa y escribe el texto del V\u00eda Crucis - Fuentes Fidedignas\",\"isPartOf\":{\"@id\":\"https:\\\/\\\/fuentesfidedignas.com.mx\\\/#website\"},\"primaryImageOfPage\":{\"@id\":\"https:\\\/\\\/fuentesfidedignas.com.mx\\\/index.php\\\/2025\\\/04\\\/15\\\/papa-francisco-delega-en-cardenales-ritos-de-semana-santa-y-escribe-el-texto-del-via-crucis\\\/#primaryimage\"},\"image\":{\"@id\":\"https:\\\/\\\/fuentesfidedignas.com.mx\\\/index.php\\\/2025\\\/04\\\/15\\\/papa-francisco-delega-en-cardenales-ritos-de-semana-santa-y-escribe-el-texto-del-via-crucis\\\/#primaryimage\"},\"thumbnailUrl\":\"https:\\\/\\\/fuentesfidedignas.com.mx\\\/wp-content\\\/uploads\\\/2025\\\/04\\\/papa-francisco-vaticano.jpg\",\"datePublished\":\"2025-04-15T15:14:00+00:00\",\"breadcrumb\":{\"@id\":\"https:\\\/\\\/fuentesfidedignas.com.mx\\\/index.php\\\/2025\\\/04\\\/15\\\/papa-francisco-delega-en-cardenales-ritos-de-semana-santa-y-escribe-el-texto-del-via-crucis\\\/#breadcrumb\"},\"inLanguage\":\"es\",\"potentialAction\":[{\"@type\":\"ReadAction\",\"target\":[\"https:\\\/\\\/fuentesfidedignas.com.mx\\\/index.php\\\/2025\\\/04\\\/15\\\/papa-francisco-delega-en-cardenales-ritos-de-semana-santa-y-escribe-el-texto-del-via-crucis\\\/\"]}]},{\"@type\":\"ImageObject\",\"inLanguage\":\"es\",\"@id\":\"https:\\\/\\\/fuentesfidedignas.com.mx\\\/index.php\\\/2025\\\/04\\\/15\\\/papa-francisco-delega-en-cardenales-ritos-de-semana-santa-y-escribe-el-texto-del-via-crucis\\\/#primaryimage\",\"url\":\"https:\\\/\\\/fuentesfidedignas.com.mx\\\/wp-content\\\/uploads\\\/2025\\\/04\\\/papa-francisco-vaticano.jpg\",\"contentUrl\":\"https:\\\/\\\/fuentesfidedignas.com.mx\\\/wp-content\\\/uploads\\\/2025\\\/04\\\/papa-francisco-vaticano.jpg\",\"width\":1920,\"height\":1280},{\"@type\":\"BreadcrumbList\",\"@id\":\"https:\\\/\\\/fuentesfidedignas.com.mx\\\/index.php\\\/2025\\\/04\\\/15\\\/papa-francisco-delega-en-cardenales-ritos-de-semana-santa-y-escribe-el-texto-del-via-crucis\\\/#breadcrumb\",\"itemListElement\":[{\"@type\":\"ListItem\",\"position\":1,\"name\":\"Inicio\",\"item\":\"https:\\\/\\\/fuentesfidedignas.com.mx\\\/\"},{\"@type\":\"ListItem\",\"position\":2,\"name\":\"Papa Francisco delega en cardenales ritos de Semana Santa y escribe el texto del V\u00eda Crucis\"}]},{\"@type\":\"WebSite\",\"@id\":\"https:\\\/\\\/fuentesfidedignas.com.mx\\\/#website\",\"url\":\"https:\\\/\\\/fuentesfidedignas.com.mx\\\/\",\"name\":\"Fuentes Fidedignas\",\"description\":\"Otro sitio realizado con WordPress\",\"publisher\":{\"@id\":\"https:\\\/\\\/fuentesfidedignas.com.mx\\\/#organization\"},\"potentialAction\":[{\"@type\":\"SearchAction\",\"target\":{\"@type\":\"EntryPoint\",\"urlTemplate\":\"https:\\\/\\\/fuentesfidedignas.com.mx\\\/?s={search_term_string}\"},\"query-input\":{\"@type\":\"PropertyValueSpecification\",\"valueRequired\":true,\"valueName\":\"search_term_string\"}}],\"inLanguage\":\"es\"},{\"@type\":\"Organization\",\"@id\":\"https:\\\/\\\/fuentesfidedignas.com.mx\\\/#organization\",\"name\":\"Fuentes Fidedignas\",\"url\":\"https:\\\/\\\/fuentesfidedignas.com.mx\\\/\",\"logo\":{\"@type\":\"ImageObject\",\"inLanguage\":\"es\",\"@id\":\"https:\\\/\\\/fuentesfidedignas.com.mx\\\/#\\\/schema\\\/logo\\\/image\\\/\",\"url\":\"https:\\\/\\\/fuentesfidedignas.com.mx\\\/wp-content\\\/uploads\\\/2021\\\/04\\\/logo-retina.png\",\"contentUrl\":\"https:\\\/\\\/fuentesfidedignas.com.mx\\\/wp-content\\\/uploads\\\/2021\\\/04\\\/logo-retina.png\",\"width\":280,\"height\":51,\"caption\":\"Fuentes Fidedignas\"},\"image\":{\"@id\":\"https:\\\/\\\/fuentesfidedignas.com.mx\\\/#\\\/schema\\\/logo\\\/image\\\/\"},\"sameAs\":[\"https:\\\/\\\/www.facebook.com\\\/Fuentes-Fidedignas-368234489921644\",\"https:\\\/\\\/x.com\\\/fidedignas\"]},{\"@type\":\"Person\",\"@id\":\"https:\\\/\\\/fuentesfidedignas.com.mx\\\/#\\\/schema\\\/person\\\/0d44615087b5a626d5d3f13afe31ac41\",\"name\":\"EFE\",\"image\":{\"@type\":\"ImageObject\",\"inLanguage\":\"es\",\"@id\":\"https:\\\/\\\/secure.gravatar.com\\\/avatar\\\/7048c2d9b569d9bed55bb53ad23821e6e047aa66338fb6ea9868627bbb9f54e8?s=96&d=mm&r=g\",\"url\":\"https:\\\/\\\/secure.gravatar.com\\\/avatar\\\/7048c2d9b569d9bed55bb53ad23821e6e047aa66338fb6ea9868627bbb9f54e8?s=96&d=mm&r=g\",\"contentUrl\":\"https:\\\/\\\/secure.gravatar.com\\\/avatar\\\/7048c2d9b569d9bed55bb53ad23821e6e047aa66338fb6ea9868627bbb9f54e8?s=96&d=mm&r=g\",\"caption\":\"EFE\"},\"url\":\"https:\\\/\\\/fuentesfidedignas.com.mx\\\/index.php\\\/author\\\/efe\\\/\"}]}<\/script>\n<!-- \/ Yoast SEO plugin. -->","yoast_head_json":{"title":"Papa Francisco delega en cardenales ritos de Semana Santa y escribe el texto del V\u00eda Crucis - Fuentes Fidedignas","robots":{"index":"index","follow":"follow","max-snippet":"max-snippet:-1","max-image-preview":"max-image-preview:large","max-video-preview":"max-video-preview:-1"},"canonical":"https:\/\/fuentesfidedignas.com.mx\/index.php\/2025\/04\/15\/papa-francisco-delega-en-cardenales-ritos-de-semana-santa-y-escribe-el-texto-del-via-crucis\/","og_locale":"es_MX","og_type":"article","og_title":"Papa Francisco delega en cardenales ritos de Semana Santa y escribe el texto del V\u00eda Crucis - Fuentes Fidedignas","og_description":"El Vaticano contin\u00faa sin confirmar la presencia del papa Francisco en los principales ritos de la Semana Santa La presencia del papa en los ritos de la Semana Santa seguir\u00e1 siendo una inc\u00f3gnita y por el momento ha delegado en dos cardenales para que oficien las misas del Jueves y Viernes Santo, adem\u00e1s del V\u00eda [&hellip;]","og_url":"https:\/\/fuentesfidedignas.com.mx\/index.php\/2025\/04\/15\/papa-francisco-delega-en-cardenales-ritos-de-semana-santa-y-escribe-el-texto-del-via-crucis\/","og_site_name":"Fuentes Fidedignas","article_publisher":"https:\/\/www.facebook.com\/Fuentes-Fidedignas-368234489921644","article_published_time":"2025-04-15T15:14:00+00:00","og_image":[{"width":1920,"height":1280,"url":"https:\/\/fuentesfidedignas.com.mx\/wp-content\/uploads\/2025\/04\/papa-francisco-vaticano.jpg","type":"image\/jpeg"}],"author":"EFE","twitter_card":"summary_large_image","twitter_creator":"@fidedignas","twitter_site":"@fidedignas","twitter_misc":{"Escrito por":"EFE","Tiempo de lectura":"2 minutos"},"schema":{"@context":"https:\/\/schema.org","@graph":[{"@type":"Article","@id":"https:\/\/fuentesfidedignas.com.mx\/index.php\/2025\/04\/15\/papa-francisco-delega-en-cardenales-ritos-de-semana-santa-y-escribe-el-texto-del-via-crucis\/#article","isPartOf":{"@id":"https:\/\/fuentesfidedignas.com.mx\/index.php\/2025\/04\/15\/papa-francisco-delega-en-cardenales-ritos-de-semana-santa-y-escribe-el-texto-del-via-crucis\/"},"author":{"name":"EFE","@id":"https:\/\/fuentesfidedignas.com.mx\/#\/schema\/person\/0d44615087b5a626d5d3f13afe31ac41"},"headline":"Papa Francisco delega en cardenales ritos de Semana Santa y escribe el texto del V\u00eda Crucis","datePublished":"2025-04-15T15:14:00+00:00","mainEntityOfPage":{"@id":"https:\/\/fuentesfidedignas.com.mx\/index.php\/2025\/04\/15\/papa-francisco-delega-en-cardenales-ritos-de-semana-santa-y-escribe-el-texto-del-via-crucis\/"},"wordCount":413,"commentCount":0,"publisher":{"@id":"https:\/\/fuentesfidedignas.com.mx\/#organization"},"image":{"@id":"https:\/\/fuentesfidedignas.com.mx\/index.php\/2025\/04\/15\/papa-francisco-delega-en-cardenales-ritos-de-semana-santa-y-escribe-el-texto-del-via-crucis\/#primaryimage"},"thumbnailUrl":"https:\/\/fuentesfidedignas.com.mx\/wp-content\/uploads\/2025\/04\/papa-francisco-vaticano.jpg","articleSection":["NOTICIAS NACIONALES"],"inLanguage":"es","potentialAction":[{"@type":"CommentAction","name":"Comment","target":["https:\/\/fuentesfidedignas.com.mx\/index.php\/2025\/04\/15\/papa-francisco-delega-en-cardenales-ritos-de-semana-santa-y-escribe-el-texto-del-via-crucis\/#respond"]}]},{"@type":"WebPage","@id":"https:\/\/fuentesfidedignas.com.mx\/index.php\/2025\/04\/15\/papa-francisco-delega-en-cardenales-ritos-de-semana-santa-y-escribe-el-texto-del-via-crucis\/","url":"https:\/\/fuentesfidedignas.com.mx\/index.php\/2025\/04\/15\/papa-francisco-delega-en-cardenales-ritos-de-semana-santa-y-escribe-el-texto-del-via-crucis\/","name":"Papa Francisco delega en cardenales ritos de Semana Santa y escribe el texto del V\u00eda Crucis - Fuentes Fidedignas","isPartOf":{"@id":"https:\/\/fuentesfidedignas.com.mx\/#website"},"primaryImageOfPage":{"@id":"https:\/\/fuentesfidedignas.com.mx\/index.php\/2025\/04\/15\/papa-francisco-delega-en-cardenales-ritos-de-semana-santa-y-escribe-el-texto-del-via-crucis\/#primaryimage"},"image":{"@id":"https:\/\/fuentesfidedignas.com.mx\/index.php\/2025\/04\/15\/papa-francisco-delega-en-cardenales-ritos-de-semana-santa-y-escribe-el-texto-del-via-crucis\/#primaryimage"},"thumbnailUrl":"https:\/\/fuentesfidedignas.com.mx\/wp-content\/uploads\/2025\/04\/papa-francisco-vaticano.jpg","datePublished":"2025-04-15T15:14:00+00:00","breadcrumb":{"@id":"https:\/\/fuentesfidedignas.com.mx\/index.php\/2025\/04\/15\/papa-francisco-delega-en-cardenales-ritos-de-semana-santa-y-escribe-el-texto-del-via-crucis\/#breadcrumb"},"inLanguage":"es","potentialAction":[{"@type":"ReadAction","target":["https:\/\/fuentesfidedignas.com.mx\/index.php\/2025\/04\/15\/papa-francisco-delega-en-cardenales-ritos-de-semana-santa-y-escribe-el-texto-del-via-crucis\/"]}]},{"@type":"ImageObject","inLanguage":"es","@id":"https:\/\/fuentesfidedignas.com.mx\/index.php\/2025\/04\/15\/papa-francisco-delega-en-cardenales-ritos-de-semana-santa-y-escribe-el-texto-del-via-crucis\/#primaryimage","url":"https:\/\/fuentesfidedignas.com.mx\/wp-content\/uploads\/2025\/04\/papa-francisco-vaticano.jpg","contentUrl":"https:\/\/fuentesfidedignas.com.mx\/wp-content\/uploads\/2025\/04\/papa-francisco-vaticano.jpg","width":1920,"height":1280},{"@type":"BreadcrumbList","@id":"https:\/\/fuentesfidedignas.com.mx\/index.php\/2025\/04\/15\/papa-francisco-delega-en-cardenales-ritos-de-semana-santa-y-escribe-el-texto-del-via-crucis\/#breadcrumb","itemListElement":[{"@type":"ListItem","position":1,"name":"Inicio","item":"https:\/\/fuentesfidedignas.com.mx\/"},{"@type":"ListItem","position":2,"name":"Papa Francisco delega en cardenales ritos de Semana Santa y escribe el texto del V\u00eda Crucis"}]},{"@type":"WebSite","@id":"https:\/\/fuentesfidedignas.com.mx\/#website","url":"https:\/\/fuentesfidedignas.com.mx\/","name":"Fuentes Fidedignas","description":"Otro sitio realizado con WordPress","publisher":{"@id":"https:\/\/fuentesfidedignas.com.mx\/#organization"},"potentialAction":[{"@type":"SearchAction","target":{"@type":"EntryPoint","urlTemplate":"https:\/\/fuentesfidedignas.com.mx\/?s={search_term_string}"},"query-input":{"@type":"PropertyValueSpecification","valueRequired":true,"valueName":"search_term_string"}}],"inLanguage":"es"},{"@type":"Organization","@id":"https:\/\/fuentesfidedignas.com.mx\/#organization","name":"Fuentes Fidedignas","url":"https:\/\/fuentesfidedignas.com.mx\/","logo":{"@type":"ImageObject","inLanguage":"es","@id":"https:\/\/fuentesfidedignas.com.mx\/#\/schema\/logo\/image\/","url":"https:\/\/fuentesfidedignas.com.mx\/wp-content\/uploads\/2021\/04\/logo-retina.png","contentUrl":"https:\/\/fuentesfidedignas.com.mx\/wp-content\/uploads\/2021\/04\/logo-retina.png","width":280,"height":51,"caption":"Fuentes Fidedignas"},"image":{"@id":"https:\/\/fuentesfidedignas.com.mx\/#\/schema\/logo\/image\/"},"sameAs":["https:\/\/www.facebook.com\/Fuentes-Fidedignas-368234489921644","https:\/\/x.com\/fidedignas"]},{"@type":"Person","@id":"https:\/\/fuentesfidedignas.com.mx\/#\/schema\/person\/0d44615087b5a626d5d3f13afe31ac41","name":"EFE","image":{"@type":"ImageObject","inLanguage":"es","@id":"https:\/\/secure.gravatar.com\/avatar\/7048c2d9b569d9bed55bb53ad23821e6e047aa66338fb6ea9868627bbb9f54e8?s=96&d=mm&r=g","url":"https:\/\/secure.gravatar.com\/avatar\/7048c2d9b569d9bed55bb53ad23821e6e047aa66338fb6ea9868627bbb9f54e8?s=96&d=mm&r=g","contentUrl":"https:\/\/secure.gravatar.com\/avatar\/7048c2d9b569d9bed55bb53ad23821e6e047aa66338fb6ea9868627bbb9f54e8?s=96&d=mm&r=g","caption":"EFE"},"url":"https:\/\/fuentesfidedignas.com.mx\/index.php\/author\/efe\/"}]}},"_links":{"self":[{"href":"https:\/\/fuentesfidedignas.com.mx\/index.php\/wp-json\/wp\/v2\/posts\/106380","targetHints":{"allow":["GET"]}}],"collection":[{"href":"https:\/\/fuentesfidedignas.com.mx\/index.php\/wp-json\/wp\/v2\/posts"}],"about":[{"href":"https:\/\/fuentesfidedignas.com.mx\/index.php\/wp-json\/wp\/v2\/types\/post"}],"author":[{"embeddable":true,"href":"https:\/\/fuentesfidedignas.com.mx\/index.php\/wp-json\/wp\/v2\/users\/22"}],"replies":[{"embeddable":true,"href":"https:\/\/fuentesfidedignas.com.mx\/index.php\/wp-json\/wp\/v2\/comments?post=106380"}],"version-history":[{"count":1,"href":"https:\/\/fuentesfidedignas.com.mx\/index.php\/wp-json\/wp\/v2\/posts\/106380\/revisions"}],"predecessor-version":[{"id":106382,"href":"https:\/\/fuentesfidedignas.com.mx\/index.php\/wp-json\/wp\/v2\/posts\/106380\/revisions\/106382"}],"wp:featuredmedia":[{"embeddable":true,"href":"https:\/\/fuentesfidedignas.com.mx\/index.php\/wp-json\/wp\/v2\/media\/106381"}],"wp:attachment":[{"href":"https:\/\/fuentesfidedignas.com.mx\/index.php\/wp-json\/wp\/v2\/media?parent=106380"}],"wp:term":[{"taxonomy":"category","embeddable":true,"href":"https:\/\/fuentesfidedignas.com.mx\/index.php\/wp-json\/wp\/v2\/categories?post=106380"},{"taxonomy":"post_tag","embeddable":true,"href":"https:\/\/fuentesfidedignas.com.mx\/index.php\/wp-json\/wp\/v2\/tags?post=106380"}],"curies":[{"name":"wp","href":"https:\/\/api.w.org\/{rel}","templated":true}]}}