{"id":106258,"date":"2025-04-14T05:24:00","date_gmt":"2025-04-14T12:24:00","guid":{"rendered":"https:\/\/fuentesfidedignas.com.mx\/?p=106258"},"modified":"2025-04-13T17:28:15","modified_gmt":"2025-04-14T00:28:15","slug":"se-pasa-el-alto-y-atropella-a-dos-jovenes-sus-cuerpos-volaron-mas-de-50-metros","status":"publish","type":"post","link":"https:\/\/fuentesfidedignas.com.mx\/index.php\/2025\/04\/14\/se-pasa-el-alto-y-atropella-a-dos-jovenes-sus-cuerpos-volaron-mas-de-50-metros\/","title":{"rendered":"Se pasa el alto y atropella a dos j\u00f3venes; sus cuerpos volaron m\u00e1s de 50 metros"},"content":{"rendered":"\n<p><strong><em>Las im\u00e1genes captadas por la c\u00e1mara de videovigilancia muestran claramente c\u00f3mo el veh\u00edculo no reduce la marcha y arremete directamente contra las j\u00f3venes<\/em><\/strong><\/p>\n\n\n\n<p><strong>Atropello fatal en S\u00e3o Caetano do Sul conmociona a Brasil<\/strong><br>La noche del martes 9 de abril, una escena estremecedora qued\u00f3 registrada por las c\u00e1maras de seguridad en la intersecci\u00f3n de la Avenida Goi\u00e1s y la Avenida doctor Augusto de Toledo, en S\u00e3o Caetano do Sul, Brasil. Dos j\u00f3venes de 18 a\u00f1os murieron de manera instant\u00e1nea tras ser brutalmente atropelladas por un veh\u00edculo que cruz\u00f3 el sem\u00e1foro en rojo a gran velocidad.<\/p>\n\n\n\n<p>El reloj marcaba las 22:55 horas cuando un autom\u00f3vil negro, circulando a exceso de velocidad, irrumpi\u00f3 en el cruce peatonal sin frenar. En ese momento, las dos v\u00edctimas caminaban por el paso de cebra con la luz verde para peatones. El impacto fue tan violento que sus cuerpos fueron proyectados a m\u00e1s de 50 metros de distancia, seg\u00fan confirmaron peritos forenses y testigos del lugar.<\/p>\n\n\n\n<p>Las im\u00e1genes captadas por la c\u00e1mara de videovigilancia muestran claramente c\u00f3mo el veh\u00edculo no reduce la marcha y arremete directamente contra las j\u00f3venes. Un segundo despu\u00e9s del atropello, los cuerpos desaparecen del cuadro de la c\u00e1mara, mientras algunos transe\u00fantes y conductores detienen su marcha, conmocionados por lo ocurrido.<\/p>\n\n\n\n<p><strong>Investigaci\u00f3n y situaci\u00f3n legal del conductor<\/strong><br>De acuerdo con las primeras indagatorias, el conductor, un hombre de 23 a\u00f1os, fue detenido minutos despu\u00e9s del incidente. Las autoridades informaron que se encontraba consciente y aparentemente no bajo los efectos del alcohol, aunque a\u00fan se esperaban los resultados toxicol\u00f3gicos. Ser\u00e1 procesado por homicidio culposo con agravantes, debido al exceso de velocidad y la omisi\u00f3n al sem\u00e1foro en rojo.<\/p>\n\n\n\n<figure class=\"wp-block-embed is-type-rich is-provider-twitter wp-block-embed-twitter\"><div class=\"wp-block-embed__wrapper\">\n<blockquote class=\"twitter-tweet\" data-width=\"550\" data-dnt=\"true\"><p lang=\"es\" dir=\"ltr\">Nunca jam\u00e1s confiarse al cruzar una calle. Nunca jam\u00e1s. <a href=\"https:\/\/t.co\/wKTg8kj3bm\">pic.twitter.com\/wKTg8kj3bm<\/a><\/p>&mdash; Pato Dur\u00e1n (@PDG99877990) <a href=\"https:\/\/twitter.com\/PDG99877990\/status\/1910899750401958115?ref_src=twsrc%5Etfw\">April 12, 2025<\/a><\/blockquote><script async src=\"https:\/\/platform.twitter.com\/widgets.js\" charset=\"utf-8\"><\/script>\n<\/div><\/figure>\n\n\n\n<p>Este tr\u00e1gico suceso ha causado conmoci\u00f3n en todo Brasil. En redes sociales, miles de usuarios compartieron el video del atropello, exigiendo justicia para las j\u00f3venes y mayores controles viales. &#8220;No fue un accidente, fue un asesinato al volante&#8221;, escribi\u00f3 un usuario, mientras otro comentaba: &#8220;Pudo haber sido cualquiera. Urge castigar la imprudencia criminal&#8221;.<\/p>\n\n\n\n<p>Las v\u00edctimas, identificadas por sus familiares como amigas de la infancia que regresaban de una clase nocturna, fueron despedidas este jueves en medio de escenas de dolor. \u201cEran j\u00f3venes, responsables, quer\u00edan estudiar y salir adelante\u201d, declar\u00f3 la madre de una de ellas ante medios locales.<\/p>\n\n\n\n<p><strong>Reacciones sociales y medidas oficiales<\/strong><br>El ayuntamiento de S\u00e3o Caetano anunci\u00f3 que revisar\u00e1 la semaforizaci\u00f3n del cruce y reforzar\u00e1 las campa\u00f1as de concientizaci\u00f3n sobre el respeto a las se\u00f1ales de tr\u00e1nsito. Mientras tanto, el pa\u00eds entero sigue conmovido por la violencia de un acto que pudo evitarse con tan solo frenar ante una luz roja.<\/p>\n\n\n\n<p>El caso ha generado una intensa respuesta social y pol\u00edtica en Brasil, especialmente por tratarse de un incidente que refleja una problem\u00e1tica creciente en el pa\u00eds: los accidentes viales fatales vinculados a la imprudencia al volante. De acuerdo con el Observat\u00f3rio Nacional de Seguran\u00e7a Vi\u00e1ria (ONSV), solo en 2023 Brasil registr\u00f3 m\u00e1s de 33 mil muertes por accidentes de tr\u00e1nsito, siendo una de las principales causas de muerte entre j\u00f3venes de 15 a 29 a\u00f1os.<\/p>\n\n\n\n<p>S\u00e3o Paulo, estado donde ocurri\u00f3 el atropello, concentra uno de los mayores \u00edndices de siniestros viales en el pa\u00eds.<\/p>\n\n\n\n<p><strong>Condiciones del cruce y antecedentes del conductor<\/strong><br>En relaci\u00f3n al cruce espec\u00edfico donde sucedi\u00f3 el incidente, medios locales y usuarios en redes han se\u00f1alado que la intersecci\u00f3n entre las avenidas Goi\u00e1s y Dr. Augusto de Toledo es conocida por su alta circulaci\u00f3n y ha sido objeto de quejas por parte de vecinos y peatones, quienes reclaman desde hace a\u00f1os una mejor se\u00f1alizaci\u00f3n y controles m\u00e1s estrictos, como c\u00e1maras de velocidad y presencia de agentes de tr\u00e1nsito.<\/p>\n\n\n\n<p>Respecto al conductor, la Polic\u00eda Civil del estado de S\u00e3o Paulo confirm\u00f3 que el acusado ten\u00eda antecedentes por infracciones de tr\u00e1nsito, incluyendo al menos una multa por exceso de velocidad en 2022, seg\u00fan el Departamento Estadual de Tr\u00e2nsito (DETRAN-SP). Aunque el examen toxicol\u00f3gico preliminar no arroj\u00f3 presencia de alcohol, las investigaciones contin\u00faan para determinar si el conductor estaba bajo el efecto de otras sustancias o si manipulaba el celular al momento del impacto, hip\u00f3tesis que surgi\u00f3 a partir del an\u00e1lisis de las c\u00e1maras y testimonios.<\/p>\n\n\n\n<p>El delito de homic\u00eddio culposo no tr\u00e2nsito com agravantes puede llevar a una pena de hasta 10 a\u00f1os de prisi\u00f3n en Brasil, especialmente si se comprueba negligencia grave o reincidencia. Organizaciones civiles como Instituto Zero Mortes han exigido que el caso no sea tipificado como un simple accidente, sino como un acto de imprudencia criminal, abriendo el debate sobre la necesidad de endurecer las penas por delitos de tr\u00e1nsito en el pa\u00eds.<\/p>\n\n\n\n<p><strong>Reformas viales en discusi\u00f3n<\/strong><br>Finalmente, tras la difusi\u00f3n del video del atropello, el Conselho Nacional de Tr\u00e2nsito (CONTRAN) anunci\u00f3 que evaluar\u00e1 nuevas medidas a nivel federal para fortalecer la fiscalizaci\u00f3n electr\u00f3nica y mejorar la seguridad peatonal en zonas urbanas.<\/p>\n","protected":false},"excerpt":{"rendered":"<p>Las im\u00e1genes captadas por la c\u00e1mara de videovigilancia muestran claramente c\u00f3mo el veh\u00edculo no reduce la marcha y arremete directamente contra las j\u00f3venes Atropello fatal en S\u00e3o Caetano do Sul conmociona a BrasilLa noche del martes 9 de abril, una escena estremecedora qued\u00f3 registrada por las c\u00e1maras de seguridad en la intersecci\u00f3n de la Avenida [&hellip;]<\/p>\n","protected":false},"author":7,"featured_media":106259,"comment_status":"open","ping_status":"open","sticky":false,"template":"","format":"standard","meta":{"tdm_status":"","tdm_grid_status":"","footnotes":""},"categories":[40],"tags":[],"class_list":{"0":"post-106258","1":"post","2":"type-post","3":"status-publish","4":"format-standard","5":"has-post-thumbnail","7":"category-las-asombrosas"},"yoast_head":"<!-- This site is optimized with the Yoast SEO plugin v27.5 - https:\/\/yoast.com\/product\/yoast-seo-wordpress\/ -->\n<title>Se pasa el alto y atropella a dos j\u00f3venes; sus cuerpos volaron m\u00e1s de 50 metros - Fuentes Fidedignas<\/title>\n<meta name=\"robots\" content=\"index, follow, max-snippet:-1, max-image-preview:large, max-video-preview:-1\" \/>\n<link rel=\"canonical\" href=\"https:\/\/fuentesfidedignas.com.mx\/index.php\/2025\/04\/14\/se-pasa-el-alto-y-atropella-a-dos-jovenes-sus-cuerpos-volaron-mas-de-50-metros\/\" \/>\n<meta property=\"og:locale\" content=\"es_MX\" \/>\n<meta property=\"og:type\" content=\"article\" \/>\n<meta property=\"og:title\" content=\"Se pasa el alto y atropella a dos j\u00f3venes; sus cuerpos volaron m\u00e1s de 50 metros - Fuentes Fidedignas\" \/>\n<meta property=\"og:description\" content=\"Las im\u00e1genes captadas por la c\u00e1mara de videovigilancia muestran claramente c\u00f3mo el veh\u00edculo no reduce la marcha y arremete directamente contra las j\u00f3venes Atropello fatal en S\u00e3o Caetano do Sul conmociona a BrasilLa noche del martes 9 de abril, una escena estremecedora qued\u00f3 registrada por las c\u00e1maras de seguridad en la intersecci\u00f3n de la Avenida [&hellip;]\" \/>\n<meta property=\"og:url\" content=\"https:\/\/fuentesfidedignas.com.mx\/index.php\/2025\/04\/14\/se-pasa-el-alto-y-atropella-a-dos-jovenes-sus-cuerpos-volaron-mas-de-50-metros\/\" \/>\n<meta property=\"og:site_name\" content=\"Fuentes Fidedignas\" \/>\n<meta property=\"article:publisher\" content=\"https:\/\/www.facebook.com\/Fuentes-Fidedignas-368234489921644\" \/>\n<meta property=\"article:published_time\" content=\"2025-04-14T12:24:00+00:00\" \/>\n<meta property=\"og:image\" content=\"https:\/\/fuentesfidedignas.com.mx\/wp-content\/uploads\/2025\/04\/atropellamiento_brasil.jpg\" \/>\n\t<meta property=\"og:image:width\" content=\"600\" \/>\n\t<meta property=\"og:image:height\" content=\"446\" \/>\n\t<meta property=\"og:image:type\" content=\"image\/jpeg\" \/>\n<meta name=\"author\" content=\"Exc\u00e9lsior\" \/>\n<meta name=\"twitter:card\" content=\"summary_large_image\" \/>\n<meta name=\"twitter:creator\" content=\"@fidedignas\" \/>\n<meta name=\"twitter:site\" content=\"@fidedignas\" \/>\n<meta name=\"twitter:label1\" content=\"Escrito por\" \/>\n\t<meta name=\"twitter:data1\" content=\"Exc\u00e9lsior\" \/>\n\t<meta name=\"twitter:label2\" content=\"Tiempo de lectura\" \/>\n\t<meta name=\"twitter:data2\" content=\"4 minutos\" \/>\n<script type=\"application\/ld+json\" class=\"yoast-schema-graph\">{\"@context\":\"https:\\\/\\\/schema.org\",\"@graph\":[{\"@type\":\"Article\",\"@id\":\"https:\\\/\\\/fuentesfidedignas.com.mx\\\/index.php\\\/2025\\\/04\\\/14\\\/se-pasa-el-alto-y-atropella-a-dos-jovenes-sus-cuerpos-volaron-mas-de-50-metros\\\/#article\",\"isPartOf\":{\"@id\":\"https:\\\/\\\/fuentesfidedignas.com.mx\\\/index.php\\\/2025\\\/04\\\/14\\\/se-pasa-el-alto-y-atropella-a-dos-jovenes-sus-cuerpos-volaron-mas-de-50-metros\\\/\"},\"author\":{\"name\":\"Exc\u00e9lsior\",\"@id\":\"https:\\\/\\\/fuentesfidedignas.com.mx\\\/#\\\/schema\\\/person\\\/ec4edd1fbf5efa3e44fce34fe2787780\"},\"headline\":\"Se pasa el alto y atropella a dos j\u00f3venes; sus cuerpos volaron m\u00e1s de 50 metros\",\"datePublished\":\"2025-04-14T12:24:00+00:00\",\"mainEntityOfPage\":{\"@id\":\"https:\\\/\\\/fuentesfidedignas.com.mx\\\/index.php\\\/2025\\\/04\\\/14\\\/se-pasa-el-alto-y-atropella-a-dos-jovenes-sus-cuerpos-volaron-mas-de-50-metros\\\/\"},\"wordCount\":898,\"commentCount\":0,\"publisher\":{\"@id\":\"https:\\\/\\\/fuentesfidedignas.com.mx\\\/#organization\"},\"image\":{\"@id\":\"https:\\\/\\\/fuentesfidedignas.com.mx\\\/index.php\\\/2025\\\/04\\\/14\\\/se-pasa-el-alto-y-atropella-a-dos-jovenes-sus-cuerpos-volaron-mas-de-50-metros\\\/#primaryimage\"},\"thumbnailUrl\":\"https:\\\/\\\/fuentesfidedignas.com.mx\\\/wp-content\\\/uploads\\\/2025\\\/04\\\/atropellamiento_brasil.jpg\",\"articleSection\":[\"LAS ASOMBROSAS\"],\"inLanguage\":\"es\",\"potentialAction\":[{\"@type\":\"CommentAction\",\"name\":\"Comment\",\"target\":[\"https:\\\/\\\/fuentesfidedignas.com.mx\\\/index.php\\\/2025\\\/04\\\/14\\\/se-pasa-el-alto-y-atropella-a-dos-jovenes-sus-cuerpos-volaron-mas-de-50-metros\\\/#respond\"]}]},{\"@type\":\"WebPage\",\"@id\":\"https:\\\/\\\/fuentesfidedignas.com.mx\\\/index.php\\\/2025\\\/04\\\/14\\\/se-pasa-el-alto-y-atropella-a-dos-jovenes-sus-cuerpos-volaron-mas-de-50-metros\\\/\",\"url\":\"https:\\\/\\\/fuentesfidedignas.com.mx\\\/index.php\\\/2025\\\/04\\\/14\\\/se-pasa-el-alto-y-atropella-a-dos-jovenes-sus-cuerpos-volaron-mas-de-50-metros\\\/\",\"name\":\"Se pasa el alto y atropella a dos j\u00f3venes; sus cuerpos volaron m\u00e1s de 50 metros - Fuentes Fidedignas\",\"isPartOf\":{\"@id\":\"https:\\\/\\\/fuentesfidedignas.com.mx\\\/#website\"},\"primaryImageOfPage\":{\"@id\":\"https:\\\/\\\/fuentesfidedignas.com.mx\\\/index.php\\\/2025\\\/04\\\/14\\\/se-pasa-el-alto-y-atropella-a-dos-jovenes-sus-cuerpos-volaron-mas-de-50-metros\\\/#primaryimage\"},\"image\":{\"@id\":\"https:\\\/\\\/fuentesfidedignas.com.mx\\\/index.php\\\/2025\\\/04\\\/14\\\/se-pasa-el-alto-y-atropella-a-dos-jovenes-sus-cuerpos-volaron-mas-de-50-metros\\\/#primaryimage\"},\"thumbnailUrl\":\"https:\\\/\\\/fuentesfidedignas.com.mx\\\/wp-content\\\/uploads\\\/2025\\\/04\\\/atropellamiento_brasil.jpg\",\"datePublished\":\"2025-04-14T12:24:00+00:00\",\"breadcrumb\":{\"@id\":\"https:\\\/\\\/fuentesfidedignas.com.mx\\\/index.php\\\/2025\\\/04\\\/14\\\/se-pasa-el-alto-y-atropella-a-dos-jovenes-sus-cuerpos-volaron-mas-de-50-metros\\\/#breadcrumb\"},\"inLanguage\":\"es\",\"potentialAction\":[{\"@type\":\"ReadAction\",\"target\":[\"https:\\\/\\\/fuentesfidedignas.com.mx\\\/index.php\\\/2025\\\/04\\\/14\\\/se-pasa-el-alto-y-atropella-a-dos-jovenes-sus-cuerpos-volaron-mas-de-50-metros\\\/\"]}]},{\"@type\":\"ImageObject\",\"inLanguage\":\"es\",\"@id\":\"https:\\\/\\\/fuentesfidedignas.com.mx\\\/index.php\\\/2025\\\/04\\\/14\\\/se-pasa-el-alto-y-atropella-a-dos-jovenes-sus-cuerpos-volaron-mas-de-50-metros\\\/#primaryimage\",\"url\":\"https:\\\/\\\/fuentesfidedignas.com.mx\\\/wp-content\\\/uploads\\\/2025\\\/04\\\/atropellamiento_brasil.jpg\",\"contentUrl\":\"https:\\\/\\\/fuentesfidedignas.com.mx\\\/wp-content\\\/uploads\\\/2025\\\/04\\\/atropellamiento_brasil.jpg\",\"width\":600,\"height\":446},{\"@type\":\"BreadcrumbList\",\"@id\":\"https:\\\/\\\/fuentesfidedignas.com.mx\\\/index.php\\\/2025\\\/04\\\/14\\\/se-pasa-el-alto-y-atropella-a-dos-jovenes-sus-cuerpos-volaron-mas-de-50-metros\\\/#breadcrumb\",\"itemListElement\":[{\"@type\":\"ListItem\",\"position\":1,\"name\":\"Inicio\",\"item\":\"https:\\\/\\\/fuentesfidedignas.com.mx\\\/\"},{\"@type\":\"ListItem\",\"position\":2,\"name\":\"Se pasa el alto y atropella a dos j\u00f3venes; sus cuerpos volaron m\u00e1s de 50 metros\"}]},{\"@type\":\"WebSite\",\"@id\":\"https:\\\/\\\/fuentesfidedignas.com.mx\\\/#website\",\"url\":\"https:\\\/\\\/fuentesfidedignas.com.mx\\\/\",\"name\":\"Fuentes Fidedignas\",\"description\":\"Otro sitio realizado con WordPress\",\"publisher\":{\"@id\":\"https:\\\/\\\/fuentesfidedignas.com.mx\\\/#organization\"},\"potentialAction\":[{\"@type\":\"SearchAction\",\"target\":{\"@type\":\"EntryPoint\",\"urlTemplate\":\"https:\\\/\\\/fuentesfidedignas.com.mx\\\/?s={search_term_string}\"},\"query-input\":{\"@type\":\"PropertyValueSpecification\",\"valueRequired\":true,\"valueName\":\"search_term_string\"}}],\"inLanguage\":\"es\"},{\"@type\":\"Organization\",\"@id\":\"https:\\\/\\\/fuentesfidedignas.com.mx\\\/#organization\",\"name\":\"Fuentes Fidedignas\",\"url\":\"https:\\\/\\\/fuentesfidedignas.com.mx\\\/\",\"logo\":{\"@type\":\"ImageObject\",\"inLanguage\":\"es\",\"@id\":\"https:\\\/\\\/fuentesfidedignas.com.mx\\\/#\\\/schema\\\/logo\\\/image\\\/\",\"url\":\"https:\\\/\\\/fuentesfidedignas.com.mx\\\/wp-content\\\/uploads\\\/2021\\\/04\\\/logo-retina.png\",\"contentUrl\":\"https:\\\/\\\/fuentesfidedignas.com.mx\\\/wp-content\\\/uploads\\\/2021\\\/04\\\/logo-retina.png\",\"width\":280,\"height\":51,\"caption\":\"Fuentes Fidedignas\"},\"image\":{\"@id\":\"https:\\\/\\\/fuentesfidedignas.com.mx\\\/#\\\/schema\\\/logo\\\/image\\\/\"},\"sameAs\":[\"https:\\\/\\\/www.facebook.com\\\/Fuentes-Fidedignas-368234489921644\",\"https:\\\/\\\/x.com\\\/fidedignas\"]},{\"@type\":\"Person\",\"@id\":\"https:\\\/\\\/fuentesfidedignas.com.mx\\\/#\\\/schema\\\/person\\\/ec4edd1fbf5efa3e44fce34fe2787780\",\"name\":\"Exc\u00e9lsior\",\"image\":{\"@type\":\"ImageObject\",\"inLanguage\":\"es\",\"@id\":\"https:\\\/\\\/secure.gravatar.com\\\/avatar\\\/4b7ee9206b48be08447852b3f0814dbc7c0f3b51541b164f1464a2725614020b?s=96&d=mm&r=g\",\"url\":\"https:\\\/\\\/secure.gravatar.com\\\/avatar\\\/4b7ee9206b48be08447852b3f0814dbc7c0f3b51541b164f1464a2725614020b?s=96&d=mm&r=g\",\"contentUrl\":\"https:\\\/\\\/secure.gravatar.com\\\/avatar\\\/4b7ee9206b48be08447852b3f0814dbc7c0f3b51541b164f1464a2725614020b?s=96&d=mm&r=g\",\"caption\":\"Exc\u00e9lsior\"},\"url\":\"https:\\\/\\\/fuentesfidedignas.com.mx\\\/index.php\\\/author\\\/excelsior\\\/\"}]}<\/script>\n<!-- \/ Yoast SEO plugin. -->","yoast_head_json":{"title":"Se pasa el alto y atropella a dos j\u00f3venes; sus cuerpos volaron m\u00e1s de 50 metros - Fuentes Fidedignas","robots":{"index":"index","follow":"follow","max-snippet":"max-snippet:-1","max-image-preview":"max-image-preview:large","max-video-preview":"max-video-preview:-1"},"canonical":"https:\/\/fuentesfidedignas.com.mx\/index.php\/2025\/04\/14\/se-pasa-el-alto-y-atropella-a-dos-jovenes-sus-cuerpos-volaron-mas-de-50-metros\/","og_locale":"es_MX","og_type":"article","og_title":"Se pasa el alto y atropella a dos j\u00f3venes; sus cuerpos volaron m\u00e1s de 50 metros - Fuentes Fidedignas","og_description":"Las im\u00e1genes captadas por la c\u00e1mara de videovigilancia muestran claramente c\u00f3mo el veh\u00edculo no reduce la marcha y arremete directamente contra las j\u00f3venes Atropello fatal en S\u00e3o Caetano do Sul conmociona a BrasilLa noche del martes 9 de abril, una escena estremecedora qued\u00f3 registrada por las c\u00e1maras de seguridad en la intersecci\u00f3n de la Avenida [&hellip;]","og_url":"https:\/\/fuentesfidedignas.com.mx\/index.php\/2025\/04\/14\/se-pasa-el-alto-y-atropella-a-dos-jovenes-sus-cuerpos-volaron-mas-de-50-metros\/","og_site_name":"Fuentes Fidedignas","article_publisher":"https:\/\/www.facebook.com\/Fuentes-Fidedignas-368234489921644","article_published_time":"2025-04-14T12:24:00+00:00","og_image":[{"width":600,"height":446,"url":"https:\/\/fuentesfidedignas.com.mx\/wp-content\/uploads\/2025\/04\/atropellamiento_brasil.jpg","type":"image\/jpeg"}],"author":"Exc\u00e9lsior","twitter_card":"summary_large_image","twitter_creator":"@fidedignas","twitter_site":"@fidedignas","twitter_misc":{"Escrito por":"Exc\u00e9lsior","Tiempo de lectura":"4 minutos"},"schema":{"@context":"https:\/\/schema.org","@graph":[{"@type":"Article","@id":"https:\/\/fuentesfidedignas.com.mx\/index.php\/2025\/04\/14\/se-pasa-el-alto-y-atropella-a-dos-jovenes-sus-cuerpos-volaron-mas-de-50-metros\/#article","isPartOf":{"@id":"https:\/\/fuentesfidedignas.com.mx\/index.php\/2025\/04\/14\/se-pasa-el-alto-y-atropella-a-dos-jovenes-sus-cuerpos-volaron-mas-de-50-metros\/"},"author":{"name":"Exc\u00e9lsior","@id":"https:\/\/fuentesfidedignas.com.mx\/#\/schema\/person\/ec4edd1fbf5efa3e44fce34fe2787780"},"headline":"Se pasa el alto y atropella a dos j\u00f3venes; sus cuerpos volaron m\u00e1s de 50 metros","datePublished":"2025-04-14T12:24:00+00:00","mainEntityOfPage":{"@id":"https:\/\/fuentesfidedignas.com.mx\/index.php\/2025\/04\/14\/se-pasa-el-alto-y-atropella-a-dos-jovenes-sus-cuerpos-volaron-mas-de-50-metros\/"},"wordCount":898,"commentCount":0,"publisher":{"@id":"https:\/\/fuentesfidedignas.com.mx\/#organization"},"image":{"@id":"https:\/\/fuentesfidedignas.com.mx\/index.php\/2025\/04\/14\/se-pasa-el-alto-y-atropella-a-dos-jovenes-sus-cuerpos-volaron-mas-de-50-metros\/#primaryimage"},"thumbnailUrl":"https:\/\/fuentesfidedignas.com.mx\/wp-content\/uploads\/2025\/04\/atropellamiento_brasil.jpg","articleSection":["LAS ASOMBROSAS"],"inLanguage":"es","potentialAction":[{"@type":"CommentAction","name":"Comment","target":["https:\/\/fuentesfidedignas.com.mx\/index.php\/2025\/04\/14\/se-pasa-el-alto-y-atropella-a-dos-jovenes-sus-cuerpos-volaron-mas-de-50-metros\/#respond"]}]},{"@type":"WebPage","@id":"https:\/\/fuentesfidedignas.com.mx\/index.php\/2025\/04\/14\/se-pasa-el-alto-y-atropella-a-dos-jovenes-sus-cuerpos-volaron-mas-de-50-metros\/","url":"https:\/\/fuentesfidedignas.com.mx\/index.php\/2025\/04\/14\/se-pasa-el-alto-y-atropella-a-dos-jovenes-sus-cuerpos-volaron-mas-de-50-metros\/","name":"Se pasa el alto y atropella a dos j\u00f3venes; sus cuerpos volaron m\u00e1s de 50 metros - Fuentes Fidedignas","isPartOf":{"@id":"https:\/\/fuentesfidedignas.com.mx\/#website"},"primaryImageOfPage":{"@id":"https:\/\/fuentesfidedignas.com.mx\/index.php\/2025\/04\/14\/se-pasa-el-alto-y-atropella-a-dos-jovenes-sus-cuerpos-volaron-mas-de-50-metros\/#primaryimage"},"image":{"@id":"https:\/\/fuentesfidedignas.com.mx\/index.php\/2025\/04\/14\/se-pasa-el-alto-y-atropella-a-dos-jovenes-sus-cuerpos-volaron-mas-de-50-metros\/#primaryimage"},"thumbnailUrl":"https:\/\/fuentesfidedignas.com.mx\/wp-content\/uploads\/2025\/04\/atropellamiento_brasil.jpg","datePublished":"2025-04-14T12:24:00+00:00","breadcrumb":{"@id":"https:\/\/fuentesfidedignas.com.mx\/index.php\/2025\/04\/14\/se-pasa-el-alto-y-atropella-a-dos-jovenes-sus-cuerpos-volaron-mas-de-50-metros\/#breadcrumb"},"inLanguage":"es","potentialAction":[{"@type":"ReadAction","target":["https:\/\/fuentesfidedignas.com.mx\/index.php\/2025\/04\/14\/se-pasa-el-alto-y-atropella-a-dos-jovenes-sus-cuerpos-volaron-mas-de-50-metros\/"]}]},{"@type":"ImageObject","inLanguage":"es","@id":"https:\/\/fuentesfidedignas.com.mx\/index.php\/2025\/04\/14\/se-pasa-el-alto-y-atropella-a-dos-jovenes-sus-cuerpos-volaron-mas-de-50-metros\/#primaryimage","url":"https:\/\/fuentesfidedignas.com.mx\/wp-content\/uploads\/2025\/04\/atropellamiento_brasil.jpg","contentUrl":"https:\/\/fuentesfidedignas.com.mx\/wp-content\/uploads\/2025\/04\/atropellamiento_brasil.jpg","width":600,"height":446},{"@type":"BreadcrumbList","@id":"https:\/\/fuentesfidedignas.com.mx\/index.php\/2025\/04\/14\/se-pasa-el-alto-y-atropella-a-dos-jovenes-sus-cuerpos-volaron-mas-de-50-metros\/#breadcrumb","itemListElement":[{"@type":"ListItem","position":1,"name":"Inicio","item":"https:\/\/fuentesfidedignas.com.mx\/"},{"@type":"ListItem","position":2,"name":"Se pasa el alto y atropella a dos j\u00f3venes; sus cuerpos volaron m\u00e1s de 50 metros"}]},{"@type":"WebSite","@id":"https:\/\/fuentesfidedignas.com.mx\/#website","url":"https:\/\/fuentesfidedignas.com.mx\/","name":"Fuentes Fidedignas","description":"Otro sitio realizado con WordPress","publisher":{"@id":"https:\/\/fuentesfidedignas.com.mx\/#organization"},"potentialAction":[{"@type":"SearchAction","target":{"@type":"EntryPoint","urlTemplate":"https:\/\/fuentesfidedignas.com.mx\/?s={search_term_string}"},"query-input":{"@type":"PropertyValueSpecification","valueRequired":true,"valueName":"search_term_string"}}],"inLanguage":"es"},{"@type":"Organization","@id":"https:\/\/fuentesfidedignas.com.mx\/#organization","name":"Fuentes Fidedignas","url":"https:\/\/fuentesfidedignas.com.mx\/","logo":{"@type":"ImageObject","inLanguage":"es","@id":"https:\/\/fuentesfidedignas.com.mx\/#\/schema\/logo\/image\/","url":"https:\/\/fuentesfidedignas.com.mx\/wp-content\/uploads\/2021\/04\/logo-retina.png","contentUrl":"https:\/\/fuentesfidedignas.com.mx\/wp-content\/uploads\/2021\/04\/logo-retina.png","width":280,"height":51,"caption":"Fuentes Fidedignas"},"image":{"@id":"https:\/\/fuentesfidedignas.com.mx\/#\/schema\/logo\/image\/"},"sameAs":["https:\/\/www.facebook.com\/Fuentes-Fidedignas-368234489921644","https:\/\/x.com\/fidedignas"]},{"@type":"Person","@id":"https:\/\/fuentesfidedignas.com.mx\/#\/schema\/person\/ec4edd1fbf5efa3e44fce34fe2787780","name":"Exc\u00e9lsior","image":{"@type":"ImageObject","inLanguage":"es","@id":"https:\/\/secure.gravatar.com\/avatar\/4b7ee9206b48be08447852b3f0814dbc7c0f3b51541b164f1464a2725614020b?s=96&d=mm&r=g","url":"https:\/\/secure.gravatar.com\/avatar\/4b7ee9206b48be08447852b3f0814dbc7c0f3b51541b164f1464a2725614020b?s=96&d=mm&r=g","contentUrl":"https:\/\/secure.gravatar.com\/avatar\/4b7ee9206b48be08447852b3f0814dbc7c0f3b51541b164f1464a2725614020b?s=96&d=mm&r=g","caption":"Exc\u00e9lsior"},"url":"https:\/\/fuentesfidedignas.com.mx\/index.php\/author\/excelsior\/"}]}},"_links":{"self":[{"href":"https:\/\/fuentesfidedignas.com.mx\/index.php\/wp-json\/wp\/v2\/posts\/106258","targetHints":{"allow":["GET"]}}],"collection":[{"href":"https:\/\/fuentesfidedignas.com.mx\/index.php\/wp-json\/wp\/v2\/posts"}],"about":[{"href":"https:\/\/fuentesfidedignas.com.mx\/index.php\/wp-json\/wp\/v2\/types\/post"}],"author":[{"embeddable":true,"href":"https:\/\/fuentesfidedignas.com.mx\/index.php\/wp-json\/wp\/v2\/users\/7"}],"replies":[{"embeddable":true,"href":"https:\/\/fuentesfidedignas.com.mx\/index.php\/wp-json\/wp\/v2\/comments?post=106258"}],"version-history":[{"count":1,"href":"https:\/\/fuentesfidedignas.com.mx\/index.php\/wp-json\/wp\/v2\/posts\/106258\/revisions"}],"predecessor-version":[{"id":106260,"href":"https:\/\/fuentesfidedignas.com.mx\/index.php\/wp-json\/wp\/v2\/posts\/106258\/revisions\/106260"}],"wp:featuredmedia":[{"embeddable":true,"href":"https:\/\/fuentesfidedignas.com.mx\/index.php\/wp-json\/wp\/v2\/media\/106259"}],"wp:attachment":[{"href":"https:\/\/fuentesfidedignas.com.mx\/index.php\/wp-json\/wp\/v2\/media?parent=106258"}],"wp:term":[{"taxonomy":"category","embeddable":true,"href":"https:\/\/fuentesfidedignas.com.mx\/index.php\/wp-json\/wp\/v2\/categories?post=106258"},{"taxonomy":"post_tag","embeddable":true,"href":"https:\/\/fuentesfidedignas.com.mx\/index.php\/wp-json\/wp\/v2\/tags?post=106258"}],"curies":[{"name":"wp","href":"https:\/\/api.w.org\/{rel}","templated":true}]}}