{"id":106231,"date":"2025-04-13T09:33:00","date_gmt":"2025-04-13T16:33:00","guid":{"rendered":"https:\/\/fuentesfidedignas.com.mx\/?p=106231"},"modified":"2025-04-13T08:38:50","modified_gmt":"2025-04-13T15:38:50","slug":"avion-pequeno-se-estrella-en-nueva-york-segundo-accidente-aereo-en-cuatro-dias","status":"publish","type":"post","link":"https:\/\/fuentesfidedignas.com.mx\/index.php\/2025\/04\/13\/avion-pequeno-se-estrella-en-nueva-york-segundo-accidente-aereo-en-cuatro-dias\/","title":{"rendered":"Avi\u00f3n peque\u00f1o se estrella en Nueva York, segundo accidente a\u00e9reo en cuatro d\u00edas"},"content":{"rendered":"\n<p><strong><em>Nueva York fue escenario de un nuevo accidente a\u00e9reo en el que un avi\u00f3n peque\u00f1o se estrell\u00f3 en medio de un campo; se presume al menos un muerto<\/em><\/strong><\/p>\n\n\n\n<p>Un avi\u00f3n bimotor con seis personas a bordo se estrell\u00f3 en un terreno pantanoso al norte de Nueva York, informaron desde la oficina del sheriff del condado de Columbia a\u00f1adiendo que hay v\u00edctimas mortales pero sin especificar el n\u00famero.<\/p>\n\n\n\n<p>Se trata del segundo accidente a\u00e9reo en el estado de Nueva York en cuesti\u00f3n de d\u00edas, despu\u00e9s de que el pasado jueves un helic\u00f3ptero impactara contra aguas del r\u00edo Hudson (entre la ciudad de Nueva York y Jersey City) dejando cinco espa\u00f1oles y un piloto estadounidense fallecidos.<\/p>\n\n\n\n<p>La Administraci\u00f3n Federal de Aviaci\u00f3n (FAA) inform\u00f3 que el avi\u00f3n ligero siniestrado en las \u00faltimas horas era un Mitsubishi MU-2B y que se dirig\u00eda al Aeropuerto del Condado de Columbia, cerca de la localidad de Hudson, pero se estrell\u00f3 a unos 48 kil\u00f3metros de distancia, en las inmediaciones del peque\u00f1o Copake.<\/p>\n\n\n\n<p>Este pueblo se encuentra a unos 80 kil\u00f3metros al sur de la capital, Albany, pr\u00f3ximo a la frontera con Massachusetts.<\/p>\n\n\n\n<p>\u201cEst\u00e1 en medio de un campo y hay bastante barro, por lo que el acceso es dif\u00edcil\u201d, declar\u00f3 la subjefa de la oficina del sheriff del condado de Columbia, Jacqueline Salvatore, en una rueda de prensa desde el lugar de los hechos.<\/p>\n\n\n\n<p>La Junta Nacional de Seguridad en el Transporte (NTSB) tambi\u00e9n inform\u00f3 que hab\u00eda desplegado un equipo de investigaci\u00f3n la pasada noche.<\/p>\n\n\n\n<p>NTSB ofrecer\u00e1 una rueda de prensa para actualizar la informaci\u00f3n acerca del incidente este domingo por la tarde.<\/p>\n\n\n\n<p>Adem\u00e1s de los dos siniestros a\u00e9reos de los \u00faltimos d\u00edas en el estado de Nueva York, una avioneta se estrell\u00f3 el viernes por la ma\u00f1ana en Boca Rat\u00f3n (Florida, EE.UU.) dejando tres v\u00edctimas mortales.<\/p>\n","protected":false},"excerpt":{"rendered":"<p>Nueva York fue escenario de un nuevo accidente a\u00e9reo en el que un avi\u00f3n peque\u00f1o se estrell\u00f3 en medio de un campo; se presume al menos un muerto Un avi\u00f3n bimotor con seis personas a bordo se estrell\u00f3 en un terreno pantanoso al norte de Nueva York, informaron desde la oficina del sheriff del condado [&hellip;]<\/p>\n","protected":false},"author":47,"featured_media":106232,"comment_status":"open","ping_status":"open","sticky":false,"template":"","format":"standard","meta":{"tdm_status":"","tdm_grid_status":"","footnotes":""},"categories":[39],"tags":[],"class_list":{"0":"post-106231","1":"post","2":"type-post","3":"status-publish","4":"format-standard","5":"has-post-thumbnail","7":"category-noticias-nacionales"},"yoast_head":"<!-- This site is optimized with the Yoast SEO plugin v27.4 - https:\/\/yoast.com\/product\/yoast-seo-wordpress\/ -->\n<title>Avi\u00f3n peque\u00f1o se estrella en Nueva York, segundo accidente a\u00e9reo en cuatro d\u00edas - Fuentes Fidedignas<\/title>\n<meta name=\"robots\" content=\"index, follow, max-snippet:-1, max-image-preview:large, max-video-preview:-1\" \/>\n<link rel=\"canonical\" href=\"https:\/\/fuentesfidedignas.com.mx\/index.php\/2025\/04\/13\/avion-pequeno-se-estrella-en-nueva-york-segundo-accidente-aereo-en-cuatro-dias\/\" \/>\n<meta property=\"og:locale\" content=\"es_MX\" \/>\n<meta property=\"og:type\" content=\"article\" \/>\n<meta property=\"og:title\" content=\"Avi\u00f3n peque\u00f1o se estrella en Nueva York, segundo accidente a\u00e9reo en cuatro d\u00edas - Fuentes Fidedignas\" \/>\n<meta property=\"og:description\" content=\"Nueva York fue escenario de un nuevo accidente a\u00e9reo en el que un avi\u00f3n peque\u00f1o se estrell\u00f3 en medio de un campo; se presume al menos un muerto Un avi\u00f3n bimotor con seis personas a bordo se estrell\u00f3 en un terreno pantanoso al norte de Nueva York, informaron desde la oficina del sheriff del condado [&hellip;]\" \/>\n<meta property=\"og:url\" content=\"https:\/\/fuentesfidedignas.com.mx\/index.php\/2025\/04\/13\/avion-pequeno-se-estrella-en-nueva-york-segundo-accidente-aereo-en-cuatro-dias\/\" \/>\n<meta property=\"og:site_name\" content=\"Fuentes Fidedignas\" \/>\n<meta property=\"article:publisher\" content=\"https:\/\/www.facebook.com\/Fuentes-Fidedignas-368234489921644\" \/>\n<meta property=\"article:published_time\" content=\"2025-04-13T16:33:00+00:00\" \/>\n<meta property=\"og:image\" content=\"https:\/\/fuentesfidedignas.com.mx\/wp-content\/uploads\/2025\/04\/servicios-de-emergencia-en-nueva-york-por-accidente-aereo.jpeg\" \/>\n\t<meta property=\"og:image:width\" content=\"600\" \/>\n\t<meta property=\"og:image:height\" content=\"337\" \/>\n\t<meta property=\"og:image:type\" content=\"image\/jpeg\" \/>\n<meta name=\"author\" content=\"L\u00f3pez D\u00f3riga\" \/>\n<meta name=\"twitter:card\" content=\"summary_large_image\" \/>\n<meta name=\"twitter:creator\" content=\"@fidedignas\" \/>\n<meta name=\"twitter:site\" content=\"@fidedignas\" \/>\n<meta name=\"twitter:label1\" content=\"Escrito por\" \/>\n\t<meta name=\"twitter:data1\" content=\"L\u00f3pez D\u00f3riga\" \/>\n\t<meta name=\"twitter:label2\" content=\"Tiempo de lectura\" \/>\n\t<meta name=\"twitter:data2\" content=\"2 minutos\" \/>\n<script type=\"application\/ld+json\" class=\"yoast-schema-graph\">{\"@context\":\"https:\\\/\\\/schema.org\",\"@graph\":[{\"@type\":\"Article\",\"@id\":\"https:\\\/\\\/fuentesfidedignas.com.mx\\\/index.php\\\/2025\\\/04\\\/13\\\/avion-pequeno-se-estrella-en-nueva-york-segundo-accidente-aereo-en-cuatro-dias\\\/#article\",\"isPartOf\":{\"@id\":\"https:\\\/\\\/fuentesfidedignas.com.mx\\\/index.php\\\/2025\\\/04\\\/13\\\/avion-pequeno-se-estrella-en-nueva-york-segundo-accidente-aereo-en-cuatro-dias\\\/\"},\"author\":{\"name\":\"L\u00f3pez D\u00f3riga\",\"@id\":\"https:\\\/\\\/fuentesfidedignas.com.mx\\\/#\\\/schema\\\/person\\\/67d852f0557c8509146a4b9ddebd543a\"},\"headline\":\"Avi\u00f3n peque\u00f1o se estrella en Nueva York, segundo accidente a\u00e9reo en cuatro d\u00edas\",\"datePublished\":\"2025-04-13T16:33:00+00:00\",\"mainEntityOfPage\":{\"@id\":\"https:\\\/\\\/fuentesfidedignas.com.mx\\\/index.php\\\/2025\\\/04\\\/13\\\/avion-pequeno-se-estrella-en-nueva-york-segundo-accidente-aereo-en-cuatro-dias\\\/\"},\"wordCount\":350,\"commentCount\":0,\"publisher\":{\"@id\":\"https:\\\/\\\/fuentesfidedignas.com.mx\\\/#organization\"},\"image\":{\"@id\":\"https:\\\/\\\/fuentesfidedignas.com.mx\\\/index.php\\\/2025\\\/04\\\/13\\\/avion-pequeno-se-estrella-en-nueva-york-segundo-accidente-aereo-en-cuatro-dias\\\/#primaryimage\"},\"thumbnailUrl\":\"https:\\\/\\\/fuentesfidedignas.com.mx\\\/wp-content\\\/uploads\\\/2025\\\/04\\\/servicios-de-emergencia-en-nueva-york-por-accidente-aereo.jpeg\",\"articleSection\":[\"NOTICIAS NACIONALES\"],\"inLanguage\":\"es\",\"potentialAction\":[{\"@type\":\"CommentAction\",\"name\":\"Comment\",\"target\":[\"https:\\\/\\\/fuentesfidedignas.com.mx\\\/index.php\\\/2025\\\/04\\\/13\\\/avion-pequeno-se-estrella-en-nueva-york-segundo-accidente-aereo-en-cuatro-dias\\\/#respond\"]}]},{\"@type\":\"WebPage\",\"@id\":\"https:\\\/\\\/fuentesfidedignas.com.mx\\\/index.php\\\/2025\\\/04\\\/13\\\/avion-pequeno-se-estrella-en-nueva-york-segundo-accidente-aereo-en-cuatro-dias\\\/\",\"url\":\"https:\\\/\\\/fuentesfidedignas.com.mx\\\/index.php\\\/2025\\\/04\\\/13\\\/avion-pequeno-se-estrella-en-nueva-york-segundo-accidente-aereo-en-cuatro-dias\\\/\",\"name\":\"Avi\u00f3n peque\u00f1o se estrella en Nueva York, segundo accidente a\u00e9reo en cuatro d\u00edas - Fuentes Fidedignas\",\"isPartOf\":{\"@id\":\"https:\\\/\\\/fuentesfidedignas.com.mx\\\/#website\"},\"primaryImageOfPage\":{\"@id\":\"https:\\\/\\\/fuentesfidedignas.com.mx\\\/index.php\\\/2025\\\/04\\\/13\\\/avion-pequeno-se-estrella-en-nueva-york-segundo-accidente-aereo-en-cuatro-dias\\\/#primaryimage\"},\"image\":{\"@id\":\"https:\\\/\\\/fuentesfidedignas.com.mx\\\/index.php\\\/2025\\\/04\\\/13\\\/avion-pequeno-se-estrella-en-nueva-york-segundo-accidente-aereo-en-cuatro-dias\\\/#primaryimage\"},\"thumbnailUrl\":\"https:\\\/\\\/fuentesfidedignas.com.mx\\\/wp-content\\\/uploads\\\/2025\\\/04\\\/servicios-de-emergencia-en-nueva-york-por-accidente-aereo.jpeg\",\"datePublished\":\"2025-04-13T16:33:00+00:00\",\"breadcrumb\":{\"@id\":\"https:\\\/\\\/fuentesfidedignas.com.mx\\\/index.php\\\/2025\\\/04\\\/13\\\/avion-pequeno-se-estrella-en-nueva-york-segundo-accidente-aereo-en-cuatro-dias\\\/#breadcrumb\"},\"inLanguage\":\"es\",\"potentialAction\":[{\"@type\":\"ReadAction\",\"target\":[\"https:\\\/\\\/fuentesfidedignas.com.mx\\\/index.php\\\/2025\\\/04\\\/13\\\/avion-pequeno-se-estrella-en-nueva-york-segundo-accidente-aereo-en-cuatro-dias\\\/\"]}]},{\"@type\":\"ImageObject\",\"inLanguage\":\"es\",\"@id\":\"https:\\\/\\\/fuentesfidedignas.com.mx\\\/index.php\\\/2025\\\/04\\\/13\\\/avion-pequeno-se-estrella-en-nueva-york-segundo-accidente-aereo-en-cuatro-dias\\\/#primaryimage\",\"url\":\"https:\\\/\\\/fuentesfidedignas.com.mx\\\/wp-content\\\/uploads\\\/2025\\\/04\\\/servicios-de-emergencia-en-nueva-york-por-accidente-aereo.jpeg\",\"contentUrl\":\"https:\\\/\\\/fuentesfidedignas.com.mx\\\/wp-content\\\/uploads\\\/2025\\\/04\\\/servicios-de-emergencia-en-nueva-york-por-accidente-aereo.jpeg\",\"width\":600,\"height\":337},{\"@type\":\"BreadcrumbList\",\"@id\":\"https:\\\/\\\/fuentesfidedignas.com.mx\\\/index.php\\\/2025\\\/04\\\/13\\\/avion-pequeno-se-estrella-en-nueva-york-segundo-accidente-aereo-en-cuatro-dias\\\/#breadcrumb\",\"itemListElement\":[{\"@type\":\"ListItem\",\"position\":1,\"name\":\"Inicio\",\"item\":\"https:\\\/\\\/fuentesfidedignas.com.mx\\\/\"},{\"@type\":\"ListItem\",\"position\":2,\"name\":\"Avi\u00f3n peque\u00f1o se estrella en Nueva York, segundo accidente a\u00e9reo en cuatro d\u00edas\"}]},{\"@type\":\"WebSite\",\"@id\":\"https:\\\/\\\/fuentesfidedignas.com.mx\\\/#website\",\"url\":\"https:\\\/\\\/fuentesfidedignas.com.mx\\\/\",\"name\":\"Fuentes Fidedignas\",\"description\":\"Otro sitio realizado con WordPress\",\"publisher\":{\"@id\":\"https:\\\/\\\/fuentesfidedignas.com.mx\\\/#organization\"},\"potentialAction\":[{\"@type\":\"SearchAction\",\"target\":{\"@type\":\"EntryPoint\",\"urlTemplate\":\"https:\\\/\\\/fuentesfidedignas.com.mx\\\/?s={search_term_string}\"},\"query-input\":{\"@type\":\"PropertyValueSpecification\",\"valueRequired\":true,\"valueName\":\"search_term_string\"}}],\"inLanguage\":\"es\"},{\"@type\":\"Organization\",\"@id\":\"https:\\\/\\\/fuentesfidedignas.com.mx\\\/#organization\",\"name\":\"Fuentes Fidedignas\",\"url\":\"https:\\\/\\\/fuentesfidedignas.com.mx\\\/\",\"logo\":{\"@type\":\"ImageObject\",\"inLanguage\":\"es\",\"@id\":\"https:\\\/\\\/fuentesfidedignas.com.mx\\\/#\\\/schema\\\/logo\\\/image\\\/\",\"url\":\"https:\\\/\\\/fuentesfidedignas.com.mx\\\/wp-content\\\/uploads\\\/2021\\\/04\\\/logo-retina.png\",\"contentUrl\":\"https:\\\/\\\/fuentesfidedignas.com.mx\\\/wp-content\\\/uploads\\\/2021\\\/04\\\/logo-retina.png\",\"width\":280,\"height\":51,\"caption\":\"Fuentes Fidedignas\"},\"image\":{\"@id\":\"https:\\\/\\\/fuentesfidedignas.com.mx\\\/#\\\/schema\\\/logo\\\/image\\\/\"},\"sameAs\":[\"https:\\\/\\\/www.facebook.com\\\/Fuentes-Fidedignas-368234489921644\",\"https:\\\/\\\/x.com\\\/fidedignas\"]},{\"@type\":\"Person\",\"@id\":\"https:\\\/\\\/fuentesfidedignas.com.mx\\\/#\\\/schema\\\/person\\\/67d852f0557c8509146a4b9ddebd543a\",\"name\":\"L\u00f3pez D\u00f3riga\",\"image\":{\"@type\":\"ImageObject\",\"inLanguage\":\"es\",\"@id\":\"https:\\\/\\\/secure.gravatar.com\\\/avatar\\\/e525b06574ca18b33cded59dfe5778d6c823b9513154eff47da551b0551bdd1e?s=96&d=mm&r=g\",\"url\":\"https:\\\/\\\/secure.gravatar.com\\\/avatar\\\/e525b06574ca18b33cded59dfe5778d6c823b9513154eff47da551b0551bdd1e?s=96&d=mm&r=g\",\"contentUrl\":\"https:\\\/\\\/secure.gravatar.com\\\/avatar\\\/e525b06574ca18b33cded59dfe5778d6c823b9513154eff47da551b0551bdd1e?s=96&d=mm&r=g\",\"caption\":\"L\u00f3pez D\u00f3riga\"},\"url\":\"https:\\\/\\\/fuentesfidedignas.com.mx\\\/index.php\\\/author\\\/doriga\\\/\"}]}<\/script>\n<!-- \/ Yoast SEO plugin. -->","yoast_head_json":{"title":"Avi\u00f3n peque\u00f1o se estrella en Nueva York, segundo accidente a\u00e9reo en cuatro d\u00edas - Fuentes Fidedignas","robots":{"index":"index","follow":"follow","max-snippet":"max-snippet:-1","max-image-preview":"max-image-preview:large","max-video-preview":"max-video-preview:-1"},"canonical":"https:\/\/fuentesfidedignas.com.mx\/index.php\/2025\/04\/13\/avion-pequeno-se-estrella-en-nueva-york-segundo-accidente-aereo-en-cuatro-dias\/","og_locale":"es_MX","og_type":"article","og_title":"Avi\u00f3n peque\u00f1o se estrella en Nueva York, segundo accidente a\u00e9reo en cuatro d\u00edas - Fuentes Fidedignas","og_description":"Nueva York fue escenario de un nuevo accidente a\u00e9reo en el que un avi\u00f3n peque\u00f1o se estrell\u00f3 en medio de un campo; se presume al menos un muerto Un avi\u00f3n bimotor con seis personas a bordo se estrell\u00f3 en un terreno pantanoso al norte de Nueva York, informaron desde la oficina del sheriff del condado [&hellip;]","og_url":"https:\/\/fuentesfidedignas.com.mx\/index.php\/2025\/04\/13\/avion-pequeno-se-estrella-en-nueva-york-segundo-accidente-aereo-en-cuatro-dias\/","og_site_name":"Fuentes Fidedignas","article_publisher":"https:\/\/www.facebook.com\/Fuentes-Fidedignas-368234489921644","article_published_time":"2025-04-13T16:33:00+00:00","og_image":[{"width":600,"height":337,"url":"https:\/\/fuentesfidedignas.com.mx\/wp-content\/uploads\/2025\/04\/servicios-de-emergencia-en-nueva-york-por-accidente-aereo.jpeg","type":"image\/jpeg"}],"author":"L\u00f3pez D\u00f3riga","twitter_card":"summary_large_image","twitter_creator":"@fidedignas","twitter_site":"@fidedignas","twitter_misc":{"Escrito por":"L\u00f3pez D\u00f3riga","Tiempo de lectura":"2 minutos"},"schema":{"@context":"https:\/\/schema.org","@graph":[{"@type":"Article","@id":"https:\/\/fuentesfidedignas.com.mx\/index.php\/2025\/04\/13\/avion-pequeno-se-estrella-en-nueva-york-segundo-accidente-aereo-en-cuatro-dias\/#article","isPartOf":{"@id":"https:\/\/fuentesfidedignas.com.mx\/index.php\/2025\/04\/13\/avion-pequeno-se-estrella-en-nueva-york-segundo-accidente-aereo-en-cuatro-dias\/"},"author":{"name":"L\u00f3pez D\u00f3riga","@id":"https:\/\/fuentesfidedignas.com.mx\/#\/schema\/person\/67d852f0557c8509146a4b9ddebd543a"},"headline":"Avi\u00f3n peque\u00f1o se estrella en Nueva York, segundo accidente a\u00e9reo en cuatro d\u00edas","datePublished":"2025-04-13T16:33:00+00:00","mainEntityOfPage":{"@id":"https:\/\/fuentesfidedignas.com.mx\/index.php\/2025\/04\/13\/avion-pequeno-se-estrella-en-nueva-york-segundo-accidente-aereo-en-cuatro-dias\/"},"wordCount":350,"commentCount":0,"publisher":{"@id":"https:\/\/fuentesfidedignas.com.mx\/#organization"},"image":{"@id":"https:\/\/fuentesfidedignas.com.mx\/index.php\/2025\/04\/13\/avion-pequeno-se-estrella-en-nueva-york-segundo-accidente-aereo-en-cuatro-dias\/#primaryimage"},"thumbnailUrl":"https:\/\/fuentesfidedignas.com.mx\/wp-content\/uploads\/2025\/04\/servicios-de-emergencia-en-nueva-york-por-accidente-aereo.jpeg","articleSection":["NOTICIAS NACIONALES"],"inLanguage":"es","potentialAction":[{"@type":"CommentAction","name":"Comment","target":["https:\/\/fuentesfidedignas.com.mx\/index.php\/2025\/04\/13\/avion-pequeno-se-estrella-en-nueva-york-segundo-accidente-aereo-en-cuatro-dias\/#respond"]}]},{"@type":"WebPage","@id":"https:\/\/fuentesfidedignas.com.mx\/index.php\/2025\/04\/13\/avion-pequeno-se-estrella-en-nueva-york-segundo-accidente-aereo-en-cuatro-dias\/","url":"https:\/\/fuentesfidedignas.com.mx\/index.php\/2025\/04\/13\/avion-pequeno-se-estrella-en-nueva-york-segundo-accidente-aereo-en-cuatro-dias\/","name":"Avi\u00f3n peque\u00f1o se estrella en Nueva York, segundo accidente a\u00e9reo en cuatro d\u00edas - Fuentes Fidedignas","isPartOf":{"@id":"https:\/\/fuentesfidedignas.com.mx\/#website"},"primaryImageOfPage":{"@id":"https:\/\/fuentesfidedignas.com.mx\/index.php\/2025\/04\/13\/avion-pequeno-se-estrella-en-nueva-york-segundo-accidente-aereo-en-cuatro-dias\/#primaryimage"},"image":{"@id":"https:\/\/fuentesfidedignas.com.mx\/index.php\/2025\/04\/13\/avion-pequeno-se-estrella-en-nueva-york-segundo-accidente-aereo-en-cuatro-dias\/#primaryimage"},"thumbnailUrl":"https:\/\/fuentesfidedignas.com.mx\/wp-content\/uploads\/2025\/04\/servicios-de-emergencia-en-nueva-york-por-accidente-aereo.jpeg","datePublished":"2025-04-13T16:33:00+00:00","breadcrumb":{"@id":"https:\/\/fuentesfidedignas.com.mx\/index.php\/2025\/04\/13\/avion-pequeno-se-estrella-en-nueva-york-segundo-accidente-aereo-en-cuatro-dias\/#breadcrumb"},"inLanguage":"es","potentialAction":[{"@type":"ReadAction","target":["https:\/\/fuentesfidedignas.com.mx\/index.php\/2025\/04\/13\/avion-pequeno-se-estrella-en-nueva-york-segundo-accidente-aereo-en-cuatro-dias\/"]}]},{"@type":"ImageObject","inLanguage":"es","@id":"https:\/\/fuentesfidedignas.com.mx\/index.php\/2025\/04\/13\/avion-pequeno-se-estrella-en-nueva-york-segundo-accidente-aereo-en-cuatro-dias\/#primaryimage","url":"https:\/\/fuentesfidedignas.com.mx\/wp-content\/uploads\/2025\/04\/servicios-de-emergencia-en-nueva-york-por-accidente-aereo.jpeg","contentUrl":"https:\/\/fuentesfidedignas.com.mx\/wp-content\/uploads\/2025\/04\/servicios-de-emergencia-en-nueva-york-por-accidente-aereo.jpeg","width":600,"height":337},{"@type":"BreadcrumbList","@id":"https:\/\/fuentesfidedignas.com.mx\/index.php\/2025\/04\/13\/avion-pequeno-se-estrella-en-nueva-york-segundo-accidente-aereo-en-cuatro-dias\/#breadcrumb","itemListElement":[{"@type":"ListItem","position":1,"name":"Inicio","item":"https:\/\/fuentesfidedignas.com.mx\/"},{"@type":"ListItem","position":2,"name":"Avi\u00f3n peque\u00f1o se estrella en Nueva York, segundo accidente a\u00e9reo en cuatro d\u00edas"}]},{"@type":"WebSite","@id":"https:\/\/fuentesfidedignas.com.mx\/#website","url":"https:\/\/fuentesfidedignas.com.mx\/","name":"Fuentes Fidedignas","description":"Otro sitio realizado con WordPress","publisher":{"@id":"https:\/\/fuentesfidedignas.com.mx\/#organization"},"potentialAction":[{"@type":"SearchAction","target":{"@type":"EntryPoint","urlTemplate":"https:\/\/fuentesfidedignas.com.mx\/?s={search_term_string}"},"query-input":{"@type":"PropertyValueSpecification","valueRequired":true,"valueName":"search_term_string"}}],"inLanguage":"es"},{"@type":"Organization","@id":"https:\/\/fuentesfidedignas.com.mx\/#organization","name":"Fuentes Fidedignas","url":"https:\/\/fuentesfidedignas.com.mx\/","logo":{"@type":"ImageObject","inLanguage":"es","@id":"https:\/\/fuentesfidedignas.com.mx\/#\/schema\/logo\/image\/","url":"https:\/\/fuentesfidedignas.com.mx\/wp-content\/uploads\/2021\/04\/logo-retina.png","contentUrl":"https:\/\/fuentesfidedignas.com.mx\/wp-content\/uploads\/2021\/04\/logo-retina.png","width":280,"height":51,"caption":"Fuentes Fidedignas"},"image":{"@id":"https:\/\/fuentesfidedignas.com.mx\/#\/schema\/logo\/image\/"},"sameAs":["https:\/\/www.facebook.com\/Fuentes-Fidedignas-368234489921644","https:\/\/x.com\/fidedignas"]},{"@type":"Person","@id":"https:\/\/fuentesfidedignas.com.mx\/#\/schema\/person\/67d852f0557c8509146a4b9ddebd543a","name":"L\u00f3pez D\u00f3riga","image":{"@type":"ImageObject","inLanguage":"es","@id":"https:\/\/secure.gravatar.com\/avatar\/e525b06574ca18b33cded59dfe5778d6c823b9513154eff47da551b0551bdd1e?s=96&d=mm&r=g","url":"https:\/\/secure.gravatar.com\/avatar\/e525b06574ca18b33cded59dfe5778d6c823b9513154eff47da551b0551bdd1e?s=96&d=mm&r=g","contentUrl":"https:\/\/secure.gravatar.com\/avatar\/e525b06574ca18b33cded59dfe5778d6c823b9513154eff47da551b0551bdd1e?s=96&d=mm&r=g","caption":"L\u00f3pez D\u00f3riga"},"url":"https:\/\/fuentesfidedignas.com.mx\/index.php\/author\/doriga\/"}]}},"_links":{"self":[{"href":"https:\/\/fuentesfidedignas.com.mx\/index.php\/wp-json\/wp\/v2\/posts\/106231","targetHints":{"allow":["GET"]}}],"collection":[{"href":"https:\/\/fuentesfidedignas.com.mx\/index.php\/wp-json\/wp\/v2\/posts"}],"about":[{"href":"https:\/\/fuentesfidedignas.com.mx\/index.php\/wp-json\/wp\/v2\/types\/post"}],"author":[{"embeddable":true,"href":"https:\/\/fuentesfidedignas.com.mx\/index.php\/wp-json\/wp\/v2\/users\/47"}],"replies":[{"embeddable":true,"href":"https:\/\/fuentesfidedignas.com.mx\/index.php\/wp-json\/wp\/v2\/comments?post=106231"}],"version-history":[{"count":1,"href":"https:\/\/fuentesfidedignas.com.mx\/index.php\/wp-json\/wp\/v2\/posts\/106231\/revisions"}],"predecessor-version":[{"id":106233,"href":"https:\/\/fuentesfidedignas.com.mx\/index.php\/wp-json\/wp\/v2\/posts\/106231\/revisions\/106233"}],"wp:featuredmedia":[{"embeddable":true,"href":"https:\/\/fuentesfidedignas.com.mx\/index.php\/wp-json\/wp\/v2\/media\/106232"}],"wp:attachment":[{"href":"https:\/\/fuentesfidedignas.com.mx\/index.php\/wp-json\/wp\/v2\/media?parent=106231"}],"wp:term":[{"taxonomy":"category","embeddable":true,"href":"https:\/\/fuentesfidedignas.com.mx\/index.php\/wp-json\/wp\/v2\/categories?post=106231"},{"taxonomy":"post_tag","embeddable":true,"href":"https:\/\/fuentesfidedignas.com.mx\/index.php\/wp-json\/wp\/v2\/tags?post=106231"}],"curies":[{"name":"wp","href":"https:\/\/api.w.org\/{rel}","templated":true}]}}