{"id":106055,"date":"2025-04-11T08:03:44","date_gmt":"2025-04-11T15:03:44","guid":{"rendered":"https:\/\/fuentesfidedignas.com.mx\/?p=106055"},"modified":"2025-04-11T08:03:47","modified_gmt":"2025-04-11T15:03:47","slug":"sheinbaum-descarta-negociar-tratado-de-aguas-con-estados-unidos-tras-reclamo-de-trump","status":"publish","type":"post","link":"https:\/\/fuentesfidedignas.com.mx\/index.php\/2025\/04\/11\/sheinbaum-descarta-negociar-tratado-de-aguas-con-estados-unidos-tras-reclamo-de-trump\/","title":{"rendered":"Sheinbaum descarta negociar Tratado de Aguas con Estados Unidos, tras reclamo de Trump"},"content":{"rendered":"\n<p><em><strong>La presidenta Claudia Sheinbaum apunt\u00f3 que el Tratado de Aguas de 1944 que se tiene con Estados Unidos es \u201cjusto\u201d<\/strong><\/em><\/p>\n\n\n\n<p>La presidenta Claudia Sheinbaum Pardo descart\u00f3 negociar el Tratado de Aguas de 1944 que se tiene con los Estados Unidos.<\/p>\n\n\n\n<p>En la conferencia matutina de Palacio Nacional, Sheinbaum Pardo dej\u00f3 en claro que dicho acuerdo \u201ces justo\u201d.<\/p>\n\n\n\n<p>No creo que deba negociarse, es un tratado justo (\u2026) Es un tratado que establece que Estados Unidos entrega agua por el r\u00edo Colorado y M\u00e9xico entrega agua por el r\u00edo Bravo\u201d, argument\u00f3.<\/p>\n\n\n\n<p>\u201cEs un tratado justo. De hecho, entrega m\u00e1s Estados Unidos de lo que nosotros entregamos porque as\u00ed es la cantidad que hay en cada lugar, no es m\u00e1s que eso t\u00e9cnicamente establecido\u201d, indic\u00f3.<\/p>\n\n\n\n<p>\u201cLa CILA (Comisi\u00f3n Internacional de L\u00edmites de Aguas), que es la instituci\u00f3n que se dedica a estar revisando el tratado, lo que est\u00e1 buscando son propuestas t\u00e9cnicas que permitan que ese tratado se cumpla, porque lo que ha pasado es que hay menos agua en el r\u00edo Bravo, llevamos cuatro a\u00f1os de sequ\u00eda, y lo que est\u00e1n buscando son otras alternativas para t\u00e9cnicamente poder cumplir con el tratado\u201d, destac\u00f3.<\/p>\n\n\n\n<p>El presidente de EE.UU., Donald Trump, acus\u00f3 en la previa a M\u00e9xico de violar el Tratado de Aguas de 1944, y asegur\u00f3 que esa actuaci\u00f3n \u201cinjusta\u201d y que perjudica a los agricultores de Texas se va a acabar \u201cYA\u201d.<\/p>\n\n\n\n<p>\u201c\u00a1ESO SE ACABA YA! Me asegurar\u00e9 de que M\u00e9xico no viole nuestros tratados ni perjudique a nuestros agricultores texanos\u201d, dijo en su red, Truth Social, en referencia a ese pacto que establece la asignaci\u00f3n de las aguas de los r\u00edos Tijuana, Colorado y Bravo desde Fort Quitman, Texas, hasta el golfo de M\u00e9xico, que EE.UU. ha rebautizado como golfo de Am\u00e9rica.<\/p>\n\n\n\n<p>El presidente asegur\u00f3 que M\u00e9xico debe al estado de Texas 1.3 millones de acres-pies de agua (aproximadamente 160,290 hect\u00f3metros c\u00fabicos), y que debido a ello el mes pasado ya hab\u00eda detenido env\u00edos de agua a Tijuana, algo que seguir\u00e1 vigente hasta que \u201cM\u00e9xico cumpla con el Tratado de Aguas de 1994\u201d, seg\u00fan explic\u00f3 el mandatario.<\/p>\n","protected":false},"excerpt":{"rendered":"<p>La presidenta Claudia Sheinbaum apunt\u00f3 que el Tratado de Aguas de 1944 que se tiene con Estados Unidos es \u201cjusto\u201d La presidenta Claudia Sheinbaum Pardo descart\u00f3 negociar el Tratado de Aguas de 1944 que se tiene con los Estados Unidos. En la conferencia matutina de Palacio Nacional, Sheinbaum Pardo dej\u00f3 en claro que dicho acuerdo [&hellip;]<\/p>\n","protected":false},"author":47,"featured_media":97917,"comment_status":"open","ping_status":"open","sticky":false,"template":"","format":"standard","meta":{"tdm_status":"","tdm_grid_status":"","footnotes":""},"categories":[39],"tags":[],"class_list":{"0":"post-106055","1":"post","2":"type-post","3":"status-publish","4":"format-standard","5":"has-post-thumbnail","7":"category-noticias-nacionales"},"yoast_head":"<!-- This site is optimized with the Yoast SEO plugin v27.4 - https:\/\/yoast.com\/product\/yoast-seo-wordpress\/ -->\n<title>Sheinbaum descarta negociar Tratado de Aguas con Estados Unidos, tras reclamo de Trump - Fuentes Fidedignas<\/title>\n<meta name=\"robots\" content=\"index, follow, max-snippet:-1, max-image-preview:large, max-video-preview:-1\" \/>\n<link rel=\"canonical\" href=\"https:\/\/fuentesfidedignas.com.mx\/index.php\/2025\/04\/11\/sheinbaum-descarta-negociar-tratado-de-aguas-con-estados-unidos-tras-reclamo-de-trump\/\" \/>\n<meta property=\"og:locale\" content=\"es_MX\" \/>\n<meta property=\"og:type\" content=\"article\" \/>\n<meta property=\"og:title\" content=\"Sheinbaum descarta negociar Tratado de Aguas con Estados Unidos, tras reclamo de Trump - Fuentes Fidedignas\" \/>\n<meta property=\"og:description\" content=\"La presidenta Claudia Sheinbaum apunt\u00f3 que el Tratado de Aguas de 1944 que se tiene con Estados Unidos es \u201cjusto\u201d La presidenta Claudia Sheinbaum Pardo descart\u00f3 negociar el Tratado de Aguas de 1944 que se tiene con los Estados Unidos. En la conferencia matutina de Palacio Nacional, Sheinbaum Pardo dej\u00f3 en claro que dicho acuerdo [&hellip;]\" \/>\n<meta property=\"og:url\" content=\"https:\/\/fuentesfidedignas.com.mx\/index.php\/2025\/04\/11\/sheinbaum-descarta-negociar-tratado-de-aguas-con-estados-unidos-tras-reclamo-de-trump\/\" \/>\n<meta property=\"og:site_name\" content=\"Fuentes Fidedignas\" \/>\n<meta property=\"article:publisher\" content=\"https:\/\/www.facebook.com\/Fuentes-Fidedignas-368234489921644\" \/>\n<meta property=\"article:published_time\" content=\"2025-04-11T15:03:44+00:00\" \/>\n<meta property=\"article:modified_time\" content=\"2025-04-11T15:03:47+00:00\" \/>\n<meta property=\"og:image\" content=\"https:\/\/fuentesfidedignas.com.mx\/wp-content\/uploads\/2024\/12\/sheinbaum.jpg\" \/>\n\t<meta property=\"og:image:width\" content=\"600\" \/>\n\t<meta property=\"og:image:height\" content=\"384\" \/>\n\t<meta property=\"og:image:type\" content=\"image\/jpeg\" \/>\n<meta name=\"author\" content=\"L\u00f3pez D\u00f3riga\" \/>\n<meta name=\"twitter:card\" content=\"summary_large_image\" \/>\n<meta name=\"twitter:creator\" content=\"@fidedignas\" \/>\n<meta name=\"twitter:site\" content=\"@fidedignas\" \/>\n<meta name=\"twitter:label1\" content=\"Escrito por\" \/>\n\t<meta name=\"twitter:data1\" content=\"L\u00f3pez D\u00f3riga\" \/>\n\t<meta name=\"twitter:label2\" content=\"Tiempo de lectura\" \/>\n\t<meta name=\"twitter:data2\" content=\"2 minutos\" \/>\n<script type=\"application\/ld+json\" class=\"yoast-schema-graph\">{\"@context\":\"https:\\\/\\\/schema.org\",\"@graph\":[{\"@type\":\"Article\",\"@id\":\"https:\\\/\\\/fuentesfidedignas.com.mx\\\/index.php\\\/2025\\\/04\\\/11\\\/sheinbaum-descarta-negociar-tratado-de-aguas-con-estados-unidos-tras-reclamo-de-trump\\\/#article\",\"isPartOf\":{\"@id\":\"https:\\\/\\\/fuentesfidedignas.com.mx\\\/index.php\\\/2025\\\/04\\\/11\\\/sheinbaum-descarta-negociar-tratado-de-aguas-con-estados-unidos-tras-reclamo-de-trump\\\/\"},\"author\":{\"name\":\"L\u00f3pez D\u00f3riga\",\"@id\":\"https:\\\/\\\/fuentesfidedignas.com.mx\\\/#\\\/schema\\\/person\\\/67d852f0557c8509146a4b9ddebd543a\"},\"headline\":\"Sheinbaum descarta negociar Tratado de Aguas con Estados Unidos, tras reclamo de Trump\",\"datePublished\":\"2025-04-11T15:03:44+00:00\",\"dateModified\":\"2025-04-11T15:03:47+00:00\",\"mainEntityOfPage\":{\"@id\":\"https:\\\/\\\/fuentesfidedignas.com.mx\\\/index.php\\\/2025\\\/04\\\/11\\\/sheinbaum-descarta-negociar-tratado-de-aguas-con-estados-unidos-tras-reclamo-de-trump\\\/\"},\"wordCount\":384,\"commentCount\":0,\"publisher\":{\"@id\":\"https:\\\/\\\/fuentesfidedignas.com.mx\\\/#organization\"},\"image\":{\"@id\":\"https:\\\/\\\/fuentesfidedignas.com.mx\\\/index.php\\\/2025\\\/04\\\/11\\\/sheinbaum-descarta-negociar-tratado-de-aguas-con-estados-unidos-tras-reclamo-de-trump\\\/#primaryimage\"},\"thumbnailUrl\":\"https:\\\/\\\/fuentesfidedignas.com.mx\\\/wp-content\\\/uploads\\\/2024\\\/12\\\/sheinbaum.jpg\",\"articleSection\":[\"NOTICIAS NACIONALES\"],\"inLanguage\":\"es\",\"potentialAction\":[{\"@type\":\"CommentAction\",\"name\":\"Comment\",\"target\":[\"https:\\\/\\\/fuentesfidedignas.com.mx\\\/index.php\\\/2025\\\/04\\\/11\\\/sheinbaum-descarta-negociar-tratado-de-aguas-con-estados-unidos-tras-reclamo-de-trump\\\/#respond\"]}]},{\"@type\":\"WebPage\",\"@id\":\"https:\\\/\\\/fuentesfidedignas.com.mx\\\/index.php\\\/2025\\\/04\\\/11\\\/sheinbaum-descarta-negociar-tratado-de-aguas-con-estados-unidos-tras-reclamo-de-trump\\\/\",\"url\":\"https:\\\/\\\/fuentesfidedignas.com.mx\\\/index.php\\\/2025\\\/04\\\/11\\\/sheinbaum-descarta-negociar-tratado-de-aguas-con-estados-unidos-tras-reclamo-de-trump\\\/\",\"name\":\"Sheinbaum descarta negociar Tratado de Aguas con Estados Unidos, tras reclamo de Trump - Fuentes Fidedignas\",\"isPartOf\":{\"@id\":\"https:\\\/\\\/fuentesfidedignas.com.mx\\\/#website\"},\"primaryImageOfPage\":{\"@id\":\"https:\\\/\\\/fuentesfidedignas.com.mx\\\/index.php\\\/2025\\\/04\\\/11\\\/sheinbaum-descarta-negociar-tratado-de-aguas-con-estados-unidos-tras-reclamo-de-trump\\\/#primaryimage\"},\"image\":{\"@id\":\"https:\\\/\\\/fuentesfidedignas.com.mx\\\/index.php\\\/2025\\\/04\\\/11\\\/sheinbaum-descarta-negociar-tratado-de-aguas-con-estados-unidos-tras-reclamo-de-trump\\\/#primaryimage\"},\"thumbnailUrl\":\"https:\\\/\\\/fuentesfidedignas.com.mx\\\/wp-content\\\/uploads\\\/2024\\\/12\\\/sheinbaum.jpg\",\"datePublished\":\"2025-04-11T15:03:44+00:00\",\"dateModified\":\"2025-04-11T15:03:47+00:00\",\"breadcrumb\":{\"@id\":\"https:\\\/\\\/fuentesfidedignas.com.mx\\\/index.php\\\/2025\\\/04\\\/11\\\/sheinbaum-descarta-negociar-tratado-de-aguas-con-estados-unidos-tras-reclamo-de-trump\\\/#breadcrumb\"},\"inLanguage\":\"es\",\"potentialAction\":[{\"@type\":\"ReadAction\",\"target\":[\"https:\\\/\\\/fuentesfidedignas.com.mx\\\/index.php\\\/2025\\\/04\\\/11\\\/sheinbaum-descarta-negociar-tratado-de-aguas-con-estados-unidos-tras-reclamo-de-trump\\\/\"]}]},{\"@type\":\"ImageObject\",\"inLanguage\":\"es\",\"@id\":\"https:\\\/\\\/fuentesfidedignas.com.mx\\\/index.php\\\/2025\\\/04\\\/11\\\/sheinbaum-descarta-negociar-tratado-de-aguas-con-estados-unidos-tras-reclamo-de-trump\\\/#primaryimage\",\"url\":\"https:\\\/\\\/fuentesfidedignas.com.mx\\\/wp-content\\\/uploads\\\/2024\\\/12\\\/sheinbaum.jpg\",\"contentUrl\":\"https:\\\/\\\/fuentesfidedignas.com.mx\\\/wp-content\\\/uploads\\\/2024\\\/12\\\/sheinbaum.jpg\",\"width\":600,\"height\":384},{\"@type\":\"BreadcrumbList\",\"@id\":\"https:\\\/\\\/fuentesfidedignas.com.mx\\\/index.php\\\/2025\\\/04\\\/11\\\/sheinbaum-descarta-negociar-tratado-de-aguas-con-estados-unidos-tras-reclamo-de-trump\\\/#breadcrumb\",\"itemListElement\":[{\"@type\":\"ListItem\",\"position\":1,\"name\":\"Inicio\",\"item\":\"https:\\\/\\\/fuentesfidedignas.com.mx\\\/\"},{\"@type\":\"ListItem\",\"position\":2,\"name\":\"Sheinbaum descarta negociar Tratado de Aguas con Estados Unidos, tras reclamo de Trump\"}]},{\"@type\":\"WebSite\",\"@id\":\"https:\\\/\\\/fuentesfidedignas.com.mx\\\/#website\",\"url\":\"https:\\\/\\\/fuentesfidedignas.com.mx\\\/\",\"name\":\"Fuentes Fidedignas\",\"description\":\"Otro sitio realizado con WordPress\",\"publisher\":{\"@id\":\"https:\\\/\\\/fuentesfidedignas.com.mx\\\/#organization\"},\"potentialAction\":[{\"@type\":\"SearchAction\",\"target\":{\"@type\":\"EntryPoint\",\"urlTemplate\":\"https:\\\/\\\/fuentesfidedignas.com.mx\\\/?s={search_term_string}\"},\"query-input\":{\"@type\":\"PropertyValueSpecification\",\"valueRequired\":true,\"valueName\":\"search_term_string\"}}],\"inLanguage\":\"es\"},{\"@type\":\"Organization\",\"@id\":\"https:\\\/\\\/fuentesfidedignas.com.mx\\\/#organization\",\"name\":\"Fuentes Fidedignas\",\"url\":\"https:\\\/\\\/fuentesfidedignas.com.mx\\\/\",\"logo\":{\"@type\":\"ImageObject\",\"inLanguage\":\"es\",\"@id\":\"https:\\\/\\\/fuentesfidedignas.com.mx\\\/#\\\/schema\\\/logo\\\/image\\\/\",\"url\":\"https:\\\/\\\/fuentesfidedignas.com.mx\\\/wp-content\\\/uploads\\\/2021\\\/04\\\/logo-retina.png\",\"contentUrl\":\"https:\\\/\\\/fuentesfidedignas.com.mx\\\/wp-content\\\/uploads\\\/2021\\\/04\\\/logo-retina.png\",\"width\":280,\"height\":51,\"caption\":\"Fuentes Fidedignas\"},\"image\":{\"@id\":\"https:\\\/\\\/fuentesfidedignas.com.mx\\\/#\\\/schema\\\/logo\\\/image\\\/\"},\"sameAs\":[\"https:\\\/\\\/www.facebook.com\\\/Fuentes-Fidedignas-368234489921644\",\"https:\\\/\\\/x.com\\\/fidedignas\"]},{\"@type\":\"Person\",\"@id\":\"https:\\\/\\\/fuentesfidedignas.com.mx\\\/#\\\/schema\\\/person\\\/67d852f0557c8509146a4b9ddebd543a\",\"name\":\"L\u00f3pez D\u00f3riga\",\"image\":{\"@type\":\"ImageObject\",\"inLanguage\":\"es\",\"@id\":\"https:\\\/\\\/secure.gravatar.com\\\/avatar\\\/e525b06574ca18b33cded59dfe5778d6c823b9513154eff47da551b0551bdd1e?s=96&d=mm&r=g\",\"url\":\"https:\\\/\\\/secure.gravatar.com\\\/avatar\\\/e525b06574ca18b33cded59dfe5778d6c823b9513154eff47da551b0551bdd1e?s=96&d=mm&r=g\",\"contentUrl\":\"https:\\\/\\\/secure.gravatar.com\\\/avatar\\\/e525b06574ca18b33cded59dfe5778d6c823b9513154eff47da551b0551bdd1e?s=96&d=mm&r=g\",\"caption\":\"L\u00f3pez D\u00f3riga\"},\"url\":\"https:\\\/\\\/fuentesfidedignas.com.mx\\\/index.php\\\/author\\\/doriga\\\/\"}]}<\/script>\n<!-- \/ Yoast SEO plugin. -->","yoast_head_json":{"title":"Sheinbaum descarta negociar Tratado de Aguas con Estados Unidos, tras reclamo de Trump - Fuentes Fidedignas","robots":{"index":"index","follow":"follow","max-snippet":"max-snippet:-1","max-image-preview":"max-image-preview:large","max-video-preview":"max-video-preview:-1"},"canonical":"https:\/\/fuentesfidedignas.com.mx\/index.php\/2025\/04\/11\/sheinbaum-descarta-negociar-tratado-de-aguas-con-estados-unidos-tras-reclamo-de-trump\/","og_locale":"es_MX","og_type":"article","og_title":"Sheinbaum descarta negociar Tratado de Aguas con Estados Unidos, tras reclamo de Trump - Fuentes Fidedignas","og_description":"La presidenta Claudia Sheinbaum apunt\u00f3 que el Tratado de Aguas de 1944 que se tiene con Estados Unidos es \u201cjusto\u201d La presidenta Claudia Sheinbaum Pardo descart\u00f3 negociar el Tratado de Aguas de 1944 que se tiene con los Estados Unidos. En la conferencia matutina de Palacio Nacional, Sheinbaum Pardo dej\u00f3 en claro que dicho acuerdo [&hellip;]","og_url":"https:\/\/fuentesfidedignas.com.mx\/index.php\/2025\/04\/11\/sheinbaum-descarta-negociar-tratado-de-aguas-con-estados-unidos-tras-reclamo-de-trump\/","og_site_name":"Fuentes Fidedignas","article_publisher":"https:\/\/www.facebook.com\/Fuentes-Fidedignas-368234489921644","article_published_time":"2025-04-11T15:03:44+00:00","article_modified_time":"2025-04-11T15:03:47+00:00","og_image":[{"width":600,"height":384,"url":"https:\/\/fuentesfidedignas.com.mx\/wp-content\/uploads\/2024\/12\/sheinbaum.jpg","type":"image\/jpeg"}],"author":"L\u00f3pez D\u00f3riga","twitter_card":"summary_large_image","twitter_creator":"@fidedignas","twitter_site":"@fidedignas","twitter_misc":{"Escrito por":"L\u00f3pez D\u00f3riga","Tiempo de lectura":"2 minutos"},"schema":{"@context":"https:\/\/schema.org","@graph":[{"@type":"Article","@id":"https:\/\/fuentesfidedignas.com.mx\/index.php\/2025\/04\/11\/sheinbaum-descarta-negociar-tratado-de-aguas-con-estados-unidos-tras-reclamo-de-trump\/#article","isPartOf":{"@id":"https:\/\/fuentesfidedignas.com.mx\/index.php\/2025\/04\/11\/sheinbaum-descarta-negociar-tratado-de-aguas-con-estados-unidos-tras-reclamo-de-trump\/"},"author":{"name":"L\u00f3pez D\u00f3riga","@id":"https:\/\/fuentesfidedignas.com.mx\/#\/schema\/person\/67d852f0557c8509146a4b9ddebd543a"},"headline":"Sheinbaum descarta negociar Tratado de Aguas con Estados Unidos, tras reclamo de Trump","datePublished":"2025-04-11T15:03:44+00:00","dateModified":"2025-04-11T15:03:47+00:00","mainEntityOfPage":{"@id":"https:\/\/fuentesfidedignas.com.mx\/index.php\/2025\/04\/11\/sheinbaum-descarta-negociar-tratado-de-aguas-con-estados-unidos-tras-reclamo-de-trump\/"},"wordCount":384,"commentCount":0,"publisher":{"@id":"https:\/\/fuentesfidedignas.com.mx\/#organization"},"image":{"@id":"https:\/\/fuentesfidedignas.com.mx\/index.php\/2025\/04\/11\/sheinbaum-descarta-negociar-tratado-de-aguas-con-estados-unidos-tras-reclamo-de-trump\/#primaryimage"},"thumbnailUrl":"https:\/\/fuentesfidedignas.com.mx\/wp-content\/uploads\/2024\/12\/sheinbaum.jpg","articleSection":["NOTICIAS NACIONALES"],"inLanguage":"es","potentialAction":[{"@type":"CommentAction","name":"Comment","target":["https:\/\/fuentesfidedignas.com.mx\/index.php\/2025\/04\/11\/sheinbaum-descarta-negociar-tratado-de-aguas-con-estados-unidos-tras-reclamo-de-trump\/#respond"]}]},{"@type":"WebPage","@id":"https:\/\/fuentesfidedignas.com.mx\/index.php\/2025\/04\/11\/sheinbaum-descarta-negociar-tratado-de-aguas-con-estados-unidos-tras-reclamo-de-trump\/","url":"https:\/\/fuentesfidedignas.com.mx\/index.php\/2025\/04\/11\/sheinbaum-descarta-negociar-tratado-de-aguas-con-estados-unidos-tras-reclamo-de-trump\/","name":"Sheinbaum descarta negociar Tratado de Aguas con Estados Unidos, tras reclamo de Trump - Fuentes Fidedignas","isPartOf":{"@id":"https:\/\/fuentesfidedignas.com.mx\/#website"},"primaryImageOfPage":{"@id":"https:\/\/fuentesfidedignas.com.mx\/index.php\/2025\/04\/11\/sheinbaum-descarta-negociar-tratado-de-aguas-con-estados-unidos-tras-reclamo-de-trump\/#primaryimage"},"image":{"@id":"https:\/\/fuentesfidedignas.com.mx\/index.php\/2025\/04\/11\/sheinbaum-descarta-negociar-tratado-de-aguas-con-estados-unidos-tras-reclamo-de-trump\/#primaryimage"},"thumbnailUrl":"https:\/\/fuentesfidedignas.com.mx\/wp-content\/uploads\/2024\/12\/sheinbaum.jpg","datePublished":"2025-04-11T15:03:44+00:00","dateModified":"2025-04-11T15:03:47+00:00","breadcrumb":{"@id":"https:\/\/fuentesfidedignas.com.mx\/index.php\/2025\/04\/11\/sheinbaum-descarta-negociar-tratado-de-aguas-con-estados-unidos-tras-reclamo-de-trump\/#breadcrumb"},"inLanguage":"es","potentialAction":[{"@type":"ReadAction","target":["https:\/\/fuentesfidedignas.com.mx\/index.php\/2025\/04\/11\/sheinbaum-descarta-negociar-tratado-de-aguas-con-estados-unidos-tras-reclamo-de-trump\/"]}]},{"@type":"ImageObject","inLanguage":"es","@id":"https:\/\/fuentesfidedignas.com.mx\/index.php\/2025\/04\/11\/sheinbaum-descarta-negociar-tratado-de-aguas-con-estados-unidos-tras-reclamo-de-trump\/#primaryimage","url":"https:\/\/fuentesfidedignas.com.mx\/wp-content\/uploads\/2024\/12\/sheinbaum.jpg","contentUrl":"https:\/\/fuentesfidedignas.com.mx\/wp-content\/uploads\/2024\/12\/sheinbaum.jpg","width":600,"height":384},{"@type":"BreadcrumbList","@id":"https:\/\/fuentesfidedignas.com.mx\/index.php\/2025\/04\/11\/sheinbaum-descarta-negociar-tratado-de-aguas-con-estados-unidos-tras-reclamo-de-trump\/#breadcrumb","itemListElement":[{"@type":"ListItem","position":1,"name":"Inicio","item":"https:\/\/fuentesfidedignas.com.mx\/"},{"@type":"ListItem","position":2,"name":"Sheinbaum descarta negociar Tratado de Aguas con Estados Unidos, tras reclamo de Trump"}]},{"@type":"WebSite","@id":"https:\/\/fuentesfidedignas.com.mx\/#website","url":"https:\/\/fuentesfidedignas.com.mx\/","name":"Fuentes Fidedignas","description":"Otro sitio realizado con WordPress","publisher":{"@id":"https:\/\/fuentesfidedignas.com.mx\/#organization"},"potentialAction":[{"@type":"SearchAction","target":{"@type":"EntryPoint","urlTemplate":"https:\/\/fuentesfidedignas.com.mx\/?s={search_term_string}"},"query-input":{"@type":"PropertyValueSpecification","valueRequired":true,"valueName":"search_term_string"}}],"inLanguage":"es"},{"@type":"Organization","@id":"https:\/\/fuentesfidedignas.com.mx\/#organization","name":"Fuentes Fidedignas","url":"https:\/\/fuentesfidedignas.com.mx\/","logo":{"@type":"ImageObject","inLanguage":"es","@id":"https:\/\/fuentesfidedignas.com.mx\/#\/schema\/logo\/image\/","url":"https:\/\/fuentesfidedignas.com.mx\/wp-content\/uploads\/2021\/04\/logo-retina.png","contentUrl":"https:\/\/fuentesfidedignas.com.mx\/wp-content\/uploads\/2021\/04\/logo-retina.png","width":280,"height":51,"caption":"Fuentes Fidedignas"},"image":{"@id":"https:\/\/fuentesfidedignas.com.mx\/#\/schema\/logo\/image\/"},"sameAs":["https:\/\/www.facebook.com\/Fuentes-Fidedignas-368234489921644","https:\/\/x.com\/fidedignas"]},{"@type":"Person","@id":"https:\/\/fuentesfidedignas.com.mx\/#\/schema\/person\/67d852f0557c8509146a4b9ddebd543a","name":"L\u00f3pez D\u00f3riga","image":{"@type":"ImageObject","inLanguage":"es","@id":"https:\/\/secure.gravatar.com\/avatar\/e525b06574ca18b33cded59dfe5778d6c823b9513154eff47da551b0551bdd1e?s=96&d=mm&r=g","url":"https:\/\/secure.gravatar.com\/avatar\/e525b06574ca18b33cded59dfe5778d6c823b9513154eff47da551b0551bdd1e?s=96&d=mm&r=g","contentUrl":"https:\/\/secure.gravatar.com\/avatar\/e525b06574ca18b33cded59dfe5778d6c823b9513154eff47da551b0551bdd1e?s=96&d=mm&r=g","caption":"L\u00f3pez D\u00f3riga"},"url":"https:\/\/fuentesfidedignas.com.mx\/index.php\/author\/doriga\/"}]}},"_links":{"self":[{"href":"https:\/\/fuentesfidedignas.com.mx\/index.php\/wp-json\/wp\/v2\/posts\/106055","targetHints":{"allow":["GET"]}}],"collection":[{"href":"https:\/\/fuentesfidedignas.com.mx\/index.php\/wp-json\/wp\/v2\/posts"}],"about":[{"href":"https:\/\/fuentesfidedignas.com.mx\/index.php\/wp-json\/wp\/v2\/types\/post"}],"author":[{"embeddable":true,"href":"https:\/\/fuentesfidedignas.com.mx\/index.php\/wp-json\/wp\/v2\/users\/47"}],"replies":[{"embeddable":true,"href":"https:\/\/fuentesfidedignas.com.mx\/index.php\/wp-json\/wp\/v2\/comments?post=106055"}],"version-history":[{"count":1,"href":"https:\/\/fuentesfidedignas.com.mx\/index.php\/wp-json\/wp\/v2\/posts\/106055\/revisions"}],"predecessor-version":[{"id":106056,"href":"https:\/\/fuentesfidedignas.com.mx\/index.php\/wp-json\/wp\/v2\/posts\/106055\/revisions\/106056"}],"wp:featuredmedia":[{"embeddable":true,"href":"https:\/\/fuentesfidedignas.com.mx\/index.php\/wp-json\/wp\/v2\/media\/97917"}],"wp:attachment":[{"href":"https:\/\/fuentesfidedignas.com.mx\/index.php\/wp-json\/wp\/v2\/media?parent=106055"}],"wp:term":[{"taxonomy":"category","embeddable":true,"href":"https:\/\/fuentesfidedignas.com.mx\/index.php\/wp-json\/wp\/v2\/categories?post=106055"},{"taxonomy":"post_tag","embeddable":true,"href":"https:\/\/fuentesfidedignas.com.mx\/index.php\/wp-json\/wp\/v2\/tags?post=106055"}],"curies":[{"name":"wp","href":"https:\/\/api.w.org\/{rel}","templated":true}]}}