{"id":106050,"date":"2025-04-11T07:27:11","date_gmt":"2025-04-11T14:27:11","guid":{"rendered":"https:\/\/fuentesfidedignas.com.mx\/?p=106050"},"modified":"2025-04-11T07:27:14","modified_gmt":"2025-04-11T14:27:14","slug":"estamos-consternados-desaparecen-8-jovenes-en-jalisco-4-son-estudiantes-de-la-udeg","status":"publish","type":"post","link":"https:\/\/fuentesfidedignas.com.mx\/index.php\/2025\/04\/11\/estamos-consternados-desaparecen-8-jovenes-en-jalisco-4-son-estudiantes-de-la-udeg\/","title":{"rendered":"\u2018Estamos consternados\u2019: Desaparecen 8 j\u00f3venes en Jalisco, 4 son estudiantes de la UdeG"},"content":{"rendered":"\n<p><strong><em>La Federaci\u00f3n de Estudiantes Universitarios de la UdeG (FEU) convoc\u00f3 a una manifestaci\u00f3n frente al Palacio de Gobierno para exigir la aparici\u00f3n con vida de los j\u00f3venes.<\/em><\/strong><\/p>\n\n\n\n<p>En Jalisco, se encuentran desaparecidos ocho j\u00f3venes, cuatro de ellos alumnos de la Universidad de Guadalajara, los otros son residentes de la zona de los Altos de Jalisco.<\/p>\n\n\n\n<p>En la localidad de Encarnaci\u00f3n de D\u00edaz, uno de los considerados puntos rojos de seguridad por acciones de la delincuencia organizada, se encuentran desaparecidos desde el pasado 5 de abril, Efr\u00e9n Romo, su primo Marcelo Romo Romo, y sus amigos Juan Pablo Beltr\u00e1n y Roberto Ram\u00edrez Guti\u00e9rrez.<\/p>\n\n\n\n<p>Los dos primeros salieron cerca de las 19:00 horas en una motocicleta a una tienda de autopartes en la localidad, en tanto que Pablo y Roberto salieron a la misma hora rumbo a San Sebasti\u00e1n, a bordo en un carro Malibu gris. Al momento no se sabe m\u00e1s de ellos.<\/p>\n\n\n\n<blockquote class=\"twitter-tweet\"><p lang=\"es\" dir=\"ltr\">Nueva desaparici\u00f3n masiva.<br>Desaparecieron 4 j\u00f3venes \u00e9l s\u00e1bado pasado en Encarnaci\u00f3n de D\u00edaz Jalisco<br>Son Juan Pablo, Roberto, Efr\u00e9n y Marcelo circulaban en una moto y un auto gris Malib\u00fa hacia una tienda de autopartes. Se cree que se reunir\u00edan, pero se perdi\u00f3 todo contacto. <a href=\"https:\/\/t.co\/WeC36xl81V\">pic.twitter.com\/WeC36xl81V<\/a><\/p>&mdash; JALISCO ROJO OFICIAL (@JaliscoRojo) <a href=\"https:\/\/twitter.com\/JaliscoRojo\/status\/1910172348033925581?ref_src=twsrc%5Etfw\">April 10, 2025<\/a><\/blockquote> <script async src=\"https:\/\/platform.twitter.com\/widgets.js\" charset=\"utf-8\"><\/script>\n\n\n\n<p>Respecto a los j\u00f3venes universitarios, la rectora de la casa de estudios, Karla Planter, inform\u00f3 que existe un protocolo dentro de la instituci\u00f3n para atender directamente a las familias de los desaparecidos. Uno de los j\u00f3venes desapareci\u00f3 desde enero pasado, los otros tres a lo largo de las \u00faltimas dos semanas.<\/p>\n\n\n\n<p>\u201cNosotros desde el inicio, desde el momento en que sabemos que hay alguien de la comunidad desapareci\u00f3, sea estudiante, trabajador, administrativo, operativo o acad\u00e9mico, nos ponemos en contacto inmediatamente con sus familias para ver de qu\u00e9 manera podemos ayudar, y los vamos acompa\u00f1ando\u201d, coment\u00f3 Planter.<\/p>\n\n\n\n<p>Los universitarios ausentes son Bryan de Huidor Rojo, de 17 a\u00f1os de edad, visto por \u00faltima vez en la colonia San Juan de Dios; Miguel Alejandro Medina del Castillo de 17 a\u00f1os, quien desapareci\u00f3 en la colonia San Rafael; y Edgar Axel R\u00edos, de 15 a\u00f1os estudiante del Polit\u00e9cnico, cuyo \u00faltimo avistamiento fue en la colonia Ol\u00edmpica; todos en Guadalajara.<\/p>\n\n\n\n<p>Del estudiante que desapareci\u00f3 en enero no se han informado datos.<\/p>\n\n\n\n<blockquote class=\"twitter-tweet\"><p lang=\"es\" dir=\"ltr\">Edgar, Miguel y Jes\u00fas, tres menores de edad, estudiantes de la UdG, desaparecidos estos d\u00edas. Teuchitl\u00e1n es el horror nuestro de cada d\u00eda en Jalisco. <a href=\"https:\/\/t.co\/hyo1O1K0pK\">pic.twitter.com\/hyo1O1K0pK<\/a><\/p>&mdash; Jorge Ram\u00edrez (@joraplas) <a href=\"https:\/\/twitter.com\/joraplas\/status\/1909342754196316307?ref_src=twsrc%5Etfw\">April 7, 2025<\/a><\/blockquote> <script async src=\"https:\/\/platform.twitter.com\/widgets.js\" charset=\"utf-8\"><\/script>\n\n\n\n<p><strong>Estudiantes de la UdeG protestan en Guadalajara; advierten riesgos por reclutamiento forzado<\/strong><br>Por su parte, la Federaci\u00f3n de Estudiantes Universitarios de la UdeG (FEU), convoc\u00f3 a una manifestaci\u00f3n frente al Palacio de Gobierno para exigir la aparici\u00f3n de 24 estudiantes, dos maestros y un empleado administrativo de la casa de estudios, quienes desde el a\u00f1o 2014 a la fecha est\u00e1n desaparecidos.<\/p>\n\n\n\n<p>As\u00ed lo expuso la dirigente del organismo estudiantil, Zo\u00e9 Garc\u00eda: \u201cestamos consternadas y consternados, la verdad, es que es una realidad que nos duele much\u00edsimo a la comunidad estudiantil porque no puede ser, no s\u00f3lo que estudiantes desaparezcan sino que personas desaparezcan. S\u00ed, vivimos en un espacio en un en un momento de crisis humanitaria, donde las autoridades de verdad les pedimos con todas nuestras fuerzas que se coordinen, que colaboren, que investiguen, que utilicen todos los medios posibles para poder dar con el paradero de las cientos y miles de personas desaparecidas\u201d.<\/p>\n\n\n\n<p>Durante la protesta, el gobernador de Jalisco, Pablo Lemus, y la rectora de la casa de estudios, se sentaron en el balc\u00f3n de edificio oficial, junto con la dirigente estudiantil, y delimitaron estrategias; entre los acuerdos alcanzados, destacan campa\u00f1as informativas dirigidas a estudiantes de la UdeG y de Jalisco, sobre los riesgos del reclutamiento forzado por parte del crimen organizado.<\/p>\n\n\n\n<p>As\u00ed mismo, se reforzar\u00e1n las acciones preventivas con las familias, las autoridades universitarias y los gobiernos municipales, estatales y federales.<\/p>\n\n\n\n<p>De acuerdo al Registro Estatal de Personas Desaparecidas en la zona altos de Jalisco, Lagos de Moreno es el que tiene m\u00e1s registros con 586, le sigue Encarnaci\u00f3n de D\u00edaz con 270 personas desaparecidas, y Tepatitl\u00e1n tienen el tercer lugar con 252.<\/p>\n\n\n\n<p><\/p>\n","protected":false},"excerpt":{"rendered":"<p>La Federaci\u00f3n de Estudiantes Universitarios de la UdeG (FEU) convoc\u00f3 a una manifestaci\u00f3n frente al Palacio de Gobierno para exigir la aparici\u00f3n con vida de los j\u00f3venes. En Jalisco, se encuentran desaparecidos ocho j\u00f3venes, cuatro de ellos alumnos de la Universidad de Guadalajara, los otros son residentes de la zona de los Altos de Jalisco. [&hellip;]<\/p>\n","protected":false},"author":21,"featured_media":106051,"comment_status":"open","ping_status":"open","sticky":false,"template":"","format":"standard","meta":{"tdm_status":"","tdm_grid_status":"","footnotes":""},"categories":[39],"tags":[],"class_list":{"0":"post-106050","1":"post","2":"type-post","3":"status-publish","4":"format-standard","5":"has-post-thumbnail","7":"category-noticias-nacionales"},"yoast_head":"<!-- This site is optimized with the Yoast SEO plugin v27.5 - https:\/\/yoast.com\/product\/yoast-seo-wordpress\/ -->\n<title>\u2018Estamos consternados\u2019: Desaparecen 8 j\u00f3venes en Jalisco, 4 son estudiantes de la UdeG - Fuentes Fidedignas<\/title>\n<meta name=\"robots\" content=\"index, follow, max-snippet:-1, max-image-preview:large, max-video-preview:-1\" \/>\n<link rel=\"canonical\" href=\"https:\/\/fuentesfidedignas.com.mx\/index.php\/2025\/04\/11\/estamos-consternados-desaparecen-8-jovenes-en-jalisco-4-son-estudiantes-de-la-udeg\/\" \/>\n<meta property=\"og:locale\" content=\"es_MX\" \/>\n<meta property=\"og:type\" content=\"article\" \/>\n<meta property=\"og:title\" content=\"\u2018Estamos consternados\u2019: Desaparecen 8 j\u00f3venes en Jalisco, 4 son estudiantes de la UdeG - Fuentes Fidedignas\" \/>\n<meta property=\"og:description\" content=\"La Federaci\u00f3n de Estudiantes Universitarios de la UdeG (FEU) convoc\u00f3 a una manifestaci\u00f3n frente al Palacio de Gobierno para exigir la aparici\u00f3n con vida de los j\u00f3venes. En Jalisco, se encuentran desaparecidos ocho j\u00f3venes, cuatro de ellos alumnos de la Universidad de Guadalajara, los otros son residentes de la zona de los Altos de Jalisco. [&hellip;]\" \/>\n<meta property=\"og:url\" content=\"https:\/\/fuentesfidedignas.com.mx\/index.php\/2025\/04\/11\/estamos-consternados-desaparecen-8-jovenes-en-jalisco-4-son-estudiantes-de-la-udeg\/\" \/>\n<meta property=\"og:site_name\" content=\"Fuentes Fidedignas\" \/>\n<meta property=\"article:publisher\" content=\"https:\/\/www.facebook.com\/Fuentes-Fidedignas-368234489921644\" \/>\n<meta property=\"article:published_time\" content=\"2025-04-11T14:27:11+00:00\" \/>\n<meta property=\"article:modified_time\" content=\"2025-04-11T14:27:14+00:00\" \/>\n<meta property=\"og:image\" content=\"https:\/\/fuentesfidedignas.com.mx\/wp-content\/uploads\/2025\/04\/desaparecidos_jalisco.jpg\" \/>\n\t<meta property=\"og:image:width\" content=\"600\" \/>\n\t<meta property=\"og:image:height\" content=\"337\" \/>\n\t<meta property=\"og:image:type\" content=\"image\/jpeg\" \/>\n<meta name=\"author\" content=\"El Financiero\" \/>\n<meta name=\"twitter:card\" content=\"summary_large_image\" \/>\n<meta name=\"twitter:creator\" content=\"@fidedignas\" \/>\n<meta name=\"twitter:site\" content=\"@fidedignas\" \/>\n<meta name=\"twitter:label1\" content=\"Escrito por\" \/>\n\t<meta name=\"twitter:data1\" content=\"El Financiero\" \/>\n\t<meta name=\"twitter:label2\" content=\"Tiempo de lectura\" \/>\n\t<meta name=\"twitter:data2\" content=\"3 minutos\" \/>\n<script type=\"application\/ld+json\" class=\"yoast-schema-graph\">{\"@context\":\"https:\\\/\\\/schema.org\",\"@graph\":[{\"@type\":\"Article\",\"@id\":\"https:\\\/\\\/fuentesfidedignas.com.mx\\\/index.php\\\/2025\\\/04\\\/11\\\/estamos-consternados-desaparecen-8-jovenes-en-jalisco-4-son-estudiantes-de-la-udeg\\\/#article\",\"isPartOf\":{\"@id\":\"https:\\\/\\\/fuentesfidedignas.com.mx\\\/index.php\\\/2025\\\/04\\\/11\\\/estamos-consternados-desaparecen-8-jovenes-en-jalisco-4-son-estudiantes-de-la-udeg\\\/\"},\"author\":{\"name\":\"El Financiero\",\"@id\":\"https:\\\/\\\/fuentesfidedignas.com.mx\\\/#\\\/schema\\\/person\\\/494f7e0dce8dfaaec5b64f16615b78e9\"},\"headline\":\"\u2018Estamos consternados\u2019: Desaparecen 8 j\u00f3venes en Jalisco, 4 son estudiantes de la UdeG\",\"datePublished\":\"2025-04-11T14:27:11+00:00\",\"dateModified\":\"2025-04-11T14:27:14+00:00\",\"mainEntityOfPage\":{\"@id\":\"https:\\\/\\\/fuentesfidedignas.com.mx\\\/index.php\\\/2025\\\/04\\\/11\\\/estamos-consternados-desaparecen-8-jovenes-en-jalisco-4-son-estudiantes-de-la-udeg\\\/\"},\"wordCount\":740,\"commentCount\":0,\"publisher\":{\"@id\":\"https:\\\/\\\/fuentesfidedignas.com.mx\\\/#organization\"},\"image\":{\"@id\":\"https:\\\/\\\/fuentesfidedignas.com.mx\\\/index.php\\\/2025\\\/04\\\/11\\\/estamos-consternados-desaparecen-8-jovenes-en-jalisco-4-son-estudiantes-de-la-udeg\\\/#primaryimage\"},\"thumbnailUrl\":\"https:\\\/\\\/fuentesfidedignas.com.mx\\\/wp-content\\\/uploads\\\/2025\\\/04\\\/desaparecidos_jalisco.jpg\",\"articleSection\":[\"NOTICIAS NACIONALES\"],\"inLanguage\":\"es\",\"potentialAction\":[{\"@type\":\"CommentAction\",\"name\":\"Comment\",\"target\":[\"https:\\\/\\\/fuentesfidedignas.com.mx\\\/index.php\\\/2025\\\/04\\\/11\\\/estamos-consternados-desaparecen-8-jovenes-en-jalisco-4-son-estudiantes-de-la-udeg\\\/#respond\"]}]},{\"@type\":\"WebPage\",\"@id\":\"https:\\\/\\\/fuentesfidedignas.com.mx\\\/index.php\\\/2025\\\/04\\\/11\\\/estamos-consternados-desaparecen-8-jovenes-en-jalisco-4-son-estudiantes-de-la-udeg\\\/\",\"url\":\"https:\\\/\\\/fuentesfidedignas.com.mx\\\/index.php\\\/2025\\\/04\\\/11\\\/estamos-consternados-desaparecen-8-jovenes-en-jalisco-4-son-estudiantes-de-la-udeg\\\/\",\"name\":\"\u2018Estamos consternados\u2019: Desaparecen 8 j\u00f3venes en Jalisco, 4 son estudiantes de la UdeG - Fuentes Fidedignas\",\"isPartOf\":{\"@id\":\"https:\\\/\\\/fuentesfidedignas.com.mx\\\/#website\"},\"primaryImageOfPage\":{\"@id\":\"https:\\\/\\\/fuentesfidedignas.com.mx\\\/index.php\\\/2025\\\/04\\\/11\\\/estamos-consternados-desaparecen-8-jovenes-en-jalisco-4-son-estudiantes-de-la-udeg\\\/#primaryimage\"},\"image\":{\"@id\":\"https:\\\/\\\/fuentesfidedignas.com.mx\\\/index.php\\\/2025\\\/04\\\/11\\\/estamos-consternados-desaparecen-8-jovenes-en-jalisco-4-son-estudiantes-de-la-udeg\\\/#primaryimage\"},\"thumbnailUrl\":\"https:\\\/\\\/fuentesfidedignas.com.mx\\\/wp-content\\\/uploads\\\/2025\\\/04\\\/desaparecidos_jalisco.jpg\",\"datePublished\":\"2025-04-11T14:27:11+00:00\",\"dateModified\":\"2025-04-11T14:27:14+00:00\",\"breadcrumb\":{\"@id\":\"https:\\\/\\\/fuentesfidedignas.com.mx\\\/index.php\\\/2025\\\/04\\\/11\\\/estamos-consternados-desaparecen-8-jovenes-en-jalisco-4-son-estudiantes-de-la-udeg\\\/#breadcrumb\"},\"inLanguage\":\"es\",\"potentialAction\":[{\"@type\":\"ReadAction\",\"target\":[\"https:\\\/\\\/fuentesfidedignas.com.mx\\\/index.php\\\/2025\\\/04\\\/11\\\/estamos-consternados-desaparecen-8-jovenes-en-jalisco-4-son-estudiantes-de-la-udeg\\\/\"]}]},{\"@type\":\"ImageObject\",\"inLanguage\":\"es\",\"@id\":\"https:\\\/\\\/fuentesfidedignas.com.mx\\\/index.php\\\/2025\\\/04\\\/11\\\/estamos-consternados-desaparecen-8-jovenes-en-jalisco-4-son-estudiantes-de-la-udeg\\\/#primaryimage\",\"url\":\"https:\\\/\\\/fuentesfidedignas.com.mx\\\/wp-content\\\/uploads\\\/2025\\\/04\\\/desaparecidos_jalisco.jpg\",\"contentUrl\":\"https:\\\/\\\/fuentesfidedignas.com.mx\\\/wp-content\\\/uploads\\\/2025\\\/04\\\/desaparecidos_jalisco.jpg\",\"width\":600,\"height\":337},{\"@type\":\"BreadcrumbList\",\"@id\":\"https:\\\/\\\/fuentesfidedignas.com.mx\\\/index.php\\\/2025\\\/04\\\/11\\\/estamos-consternados-desaparecen-8-jovenes-en-jalisco-4-son-estudiantes-de-la-udeg\\\/#breadcrumb\",\"itemListElement\":[{\"@type\":\"ListItem\",\"position\":1,\"name\":\"Inicio\",\"item\":\"https:\\\/\\\/fuentesfidedignas.com.mx\\\/\"},{\"@type\":\"ListItem\",\"position\":2,\"name\":\"\u2018Estamos consternados\u2019: Desaparecen 8 j\u00f3venes en Jalisco, 4 son estudiantes de la UdeG\"}]},{\"@type\":\"WebSite\",\"@id\":\"https:\\\/\\\/fuentesfidedignas.com.mx\\\/#website\",\"url\":\"https:\\\/\\\/fuentesfidedignas.com.mx\\\/\",\"name\":\"Fuentes Fidedignas\",\"description\":\"Otro sitio realizado con WordPress\",\"publisher\":{\"@id\":\"https:\\\/\\\/fuentesfidedignas.com.mx\\\/#organization\"},\"potentialAction\":[{\"@type\":\"SearchAction\",\"target\":{\"@type\":\"EntryPoint\",\"urlTemplate\":\"https:\\\/\\\/fuentesfidedignas.com.mx\\\/?s={search_term_string}\"},\"query-input\":{\"@type\":\"PropertyValueSpecification\",\"valueRequired\":true,\"valueName\":\"search_term_string\"}}],\"inLanguage\":\"es\"},{\"@type\":\"Organization\",\"@id\":\"https:\\\/\\\/fuentesfidedignas.com.mx\\\/#organization\",\"name\":\"Fuentes Fidedignas\",\"url\":\"https:\\\/\\\/fuentesfidedignas.com.mx\\\/\",\"logo\":{\"@type\":\"ImageObject\",\"inLanguage\":\"es\",\"@id\":\"https:\\\/\\\/fuentesfidedignas.com.mx\\\/#\\\/schema\\\/logo\\\/image\\\/\",\"url\":\"https:\\\/\\\/fuentesfidedignas.com.mx\\\/wp-content\\\/uploads\\\/2021\\\/04\\\/logo-retina.png\",\"contentUrl\":\"https:\\\/\\\/fuentesfidedignas.com.mx\\\/wp-content\\\/uploads\\\/2021\\\/04\\\/logo-retina.png\",\"width\":280,\"height\":51,\"caption\":\"Fuentes Fidedignas\"},\"image\":{\"@id\":\"https:\\\/\\\/fuentesfidedignas.com.mx\\\/#\\\/schema\\\/logo\\\/image\\\/\"},\"sameAs\":[\"https:\\\/\\\/www.facebook.com\\\/Fuentes-Fidedignas-368234489921644\",\"https:\\\/\\\/x.com\\\/fidedignas\"]},{\"@type\":\"Person\",\"@id\":\"https:\\\/\\\/fuentesfidedignas.com.mx\\\/#\\\/schema\\\/person\\\/494f7e0dce8dfaaec5b64f16615b78e9\",\"name\":\"El Financiero\",\"image\":{\"@type\":\"ImageObject\",\"inLanguage\":\"es\",\"@id\":\"https:\\\/\\\/secure.gravatar.com\\\/avatar\\\/88c0f3f2079389318ef8dd35c22cb997212aa89646e357ba59b318db26ed91a9?s=96&d=mm&r=g\",\"url\":\"https:\\\/\\\/secure.gravatar.com\\\/avatar\\\/88c0f3f2079389318ef8dd35c22cb997212aa89646e357ba59b318db26ed91a9?s=96&d=mm&r=g\",\"contentUrl\":\"https:\\\/\\\/secure.gravatar.com\\\/avatar\\\/88c0f3f2079389318ef8dd35c22cb997212aa89646e357ba59b318db26ed91a9?s=96&d=mm&r=g\",\"caption\":\"El Financiero\"},\"url\":\"https:\\\/\\\/fuentesfidedignas.com.mx\\\/index.php\\\/author\\\/financiero\\\/\"}]}<\/script>\n<!-- \/ Yoast SEO plugin. -->","yoast_head_json":{"title":"\u2018Estamos consternados\u2019: Desaparecen 8 j\u00f3venes en Jalisco, 4 son estudiantes de la UdeG - Fuentes Fidedignas","robots":{"index":"index","follow":"follow","max-snippet":"max-snippet:-1","max-image-preview":"max-image-preview:large","max-video-preview":"max-video-preview:-1"},"canonical":"https:\/\/fuentesfidedignas.com.mx\/index.php\/2025\/04\/11\/estamos-consternados-desaparecen-8-jovenes-en-jalisco-4-son-estudiantes-de-la-udeg\/","og_locale":"es_MX","og_type":"article","og_title":"\u2018Estamos consternados\u2019: Desaparecen 8 j\u00f3venes en Jalisco, 4 son estudiantes de la UdeG - Fuentes Fidedignas","og_description":"La Federaci\u00f3n de Estudiantes Universitarios de la UdeG (FEU) convoc\u00f3 a una manifestaci\u00f3n frente al Palacio de Gobierno para exigir la aparici\u00f3n con vida de los j\u00f3venes. En Jalisco, se encuentran desaparecidos ocho j\u00f3venes, cuatro de ellos alumnos de la Universidad de Guadalajara, los otros son residentes de la zona de los Altos de Jalisco. [&hellip;]","og_url":"https:\/\/fuentesfidedignas.com.mx\/index.php\/2025\/04\/11\/estamos-consternados-desaparecen-8-jovenes-en-jalisco-4-son-estudiantes-de-la-udeg\/","og_site_name":"Fuentes Fidedignas","article_publisher":"https:\/\/www.facebook.com\/Fuentes-Fidedignas-368234489921644","article_published_time":"2025-04-11T14:27:11+00:00","article_modified_time":"2025-04-11T14:27:14+00:00","og_image":[{"width":600,"height":337,"url":"https:\/\/fuentesfidedignas.com.mx\/wp-content\/uploads\/2025\/04\/desaparecidos_jalisco.jpg","type":"image\/jpeg"}],"author":"El Financiero","twitter_card":"summary_large_image","twitter_creator":"@fidedignas","twitter_site":"@fidedignas","twitter_misc":{"Escrito por":"El Financiero","Tiempo de lectura":"3 minutos"},"schema":{"@context":"https:\/\/schema.org","@graph":[{"@type":"Article","@id":"https:\/\/fuentesfidedignas.com.mx\/index.php\/2025\/04\/11\/estamos-consternados-desaparecen-8-jovenes-en-jalisco-4-son-estudiantes-de-la-udeg\/#article","isPartOf":{"@id":"https:\/\/fuentesfidedignas.com.mx\/index.php\/2025\/04\/11\/estamos-consternados-desaparecen-8-jovenes-en-jalisco-4-son-estudiantes-de-la-udeg\/"},"author":{"name":"El Financiero","@id":"https:\/\/fuentesfidedignas.com.mx\/#\/schema\/person\/494f7e0dce8dfaaec5b64f16615b78e9"},"headline":"\u2018Estamos consternados\u2019: Desaparecen 8 j\u00f3venes en Jalisco, 4 son estudiantes de la UdeG","datePublished":"2025-04-11T14:27:11+00:00","dateModified":"2025-04-11T14:27:14+00:00","mainEntityOfPage":{"@id":"https:\/\/fuentesfidedignas.com.mx\/index.php\/2025\/04\/11\/estamos-consternados-desaparecen-8-jovenes-en-jalisco-4-son-estudiantes-de-la-udeg\/"},"wordCount":740,"commentCount":0,"publisher":{"@id":"https:\/\/fuentesfidedignas.com.mx\/#organization"},"image":{"@id":"https:\/\/fuentesfidedignas.com.mx\/index.php\/2025\/04\/11\/estamos-consternados-desaparecen-8-jovenes-en-jalisco-4-son-estudiantes-de-la-udeg\/#primaryimage"},"thumbnailUrl":"https:\/\/fuentesfidedignas.com.mx\/wp-content\/uploads\/2025\/04\/desaparecidos_jalisco.jpg","articleSection":["NOTICIAS NACIONALES"],"inLanguage":"es","potentialAction":[{"@type":"CommentAction","name":"Comment","target":["https:\/\/fuentesfidedignas.com.mx\/index.php\/2025\/04\/11\/estamos-consternados-desaparecen-8-jovenes-en-jalisco-4-son-estudiantes-de-la-udeg\/#respond"]}]},{"@type":"WebPage","@id":"https:\/\/fuentesfidedignas.com.mx\/index.php\/2025\/04\/11\/estamos-consternados-desaparecen-8-jovenes-en-jalisco-4-son-estudiantes-de-la-udeg\/","url":"https:\/\/fuentesfidedignas.com.mx\/index.php\/2025\/04\/11\/estamos-consternados-desaparecen-8-jovenes-en-jalisco-4-son-estudiantes-de-la-udeg\/","name":"\u2018Estamos consternados\u2019: Desaparecen 8 j\u00f3venes en Jalisco, 4 son estudiantes de la UdeG - Fuentes Fidedignas","isPartOf":{"@id":"https:\/\/fuentesfidedignas.com.mx\/#website"},"primaryImageOfPage":{"@id":"https:\/\/fuentesfidedignas.com.mx\/index.php\/2025\/04\/11\/estamos-consternados-desaparecen-8-jovenes-en-jalisco-4-son-estudiantes-de-la-udeg\/#primaryimage"},"image":{"@id":"https:\/\/fuentesfidedignas.com.mx\/index.php\/2025\/04\/11\/estamos-consternados-desaparecen-8-jovenes-en-jalisco-4-son-estudiantes-de-la-udeg\/#primaryimage"},"thumbnailUrl":"https:\/\/fuentesfidedignas.com.mx\/wp-content\/uploads\/2025\/04\/desaparecidos_jalisco.jpg","datePublished":"2025-04-11T14:27:11+00:00","dateModified":"2025-04-11T14:27:14+00:00","breadcrumb":{"@id":"https:\/\/fuentesfidedignas.com.mx\/index.php\/2025\/04\/11\/estamos-consternados-desaparecen-8-jovenes-en-jalisco-4-son-estudiantes-de-la-udeg\/#breadcrumb"},"inLanguage":"es","potentialAction":[{"@type":"ReadAction","target":["https:\/\/fuentesfidedignas.com.mx\/index.php\/2025\/04\/11\/estamos-consternados-desaparecen-8-jovenes-en-jalisco-4-son-estudiantes-de-la-udeg\/"]}]},{"@type":"ImageObject","inLanguage":"es","@id":"https:\/\/fuentesfidedignas.com.mx\/index.php\/2025\/04\/11\/estamos-consternados-desaparecen-8-jovenes-en-jalisco-4-son-estudiantes-de-la-udeg\/#primaryimage","url":"https:\/\/fuentesfidedignas.com.mx\/wp-content\/uploads\/2025\/04\/desaparecidos_jalisco.jpg","contentUrl":"https:\/\/fuentesfidedignas.com.mx\/wp-content\/uploads\/2025\/04\/desaparecidos_jalisco.jpg","width":600,"height":337},{"@type":"BreadcrumbList","@id":"https:\/\/fuentesfidedignas.com.mx\/index.php\/2025\/04\/11\/estamos-consternados-desaparecen-8-jovenes-en-jalisco-4-son-estudiantes-de-la-udeg\/#breadcrumb","itemListElement":[{"@type":"ListItem","position":1,"name":"Inicio","item":"https:\/\/fuentesfidedignas.com.mx\/"},{"@type":"ListItem","position":2,"name":"\u2018Estamos consternados\u2019: Desaparecen 8 j\u00f3venes en Jalisco, 4 son estudiantes de la UdeG"}]},{"@type":"WebSite","@id":"https:\/\/fuentesfidedignas.com.mx\/#website","url":"https:\/\/fuentesfidedignas.com.mx\/","name":"Fuentes Fidedignas","description":"Otro sitio realizado con WordPress","publisher":{"@id":"https:\/\/fuentesfidedignas.com.mx\/#organization"},"potentialAction":[{"@type":"SearchAction","target":{"@type":"EntryPoint","urlTemplate":"https:\/\/fuentesfidedignas.com.mx\/?s={search_term_string}"},"query-input":{"@type":"PropertyValueSpecification","valueRequired":true,"valueName":"search_term_string"}}],"inLanguage":"es"},{"@type":"Organization","@id":"https:\/\/fuentesfidedignas.com.mx\/#organization","name":"Fuentes Fidedignas","url":"https:\/\/fuentesfidedignas.com.mx\/","logo":{"@type":"ImageObject","inLanguage":"es","@id":"https:\/\/fuentesfidedignas.com.mx\/#\/schema\/logo\/image\/","url":"https:\/\/fuentesfidedignas.com.mx\/wp-content\/uploads\/2021\/04\/logo-retina.png","contentUrl":"https:\/\/fuentesfidedignas.com.mx\/wp-content\/uploads\/2021\/04\/logo-retina.png","width":280,"height":51,"caption":"Fuentes Fidedignas"},"image":{"@id":"https:\/\/fuentesfidedignas.com.mx\/#\/schema\/logo\/image\/"},"sameAs":["https:\/\/www.facebook.com\/Fuentes-Fidedignas-368234489921644","https:\/\/x.com\/fidedignas"]},{"@type":"Person","@id":"https:\/\/fuentesfidedignas.com.mx\/#\/schema\/person\/494f7e0dce8dfaaec5b64f16615b78e9","name":"El Financiero","image":{"@type":"ImageObject","inLanguage":"es","@id":"https:\/\/secure.gravatar.com\/avatar\/88c0f3f2079389318ef8dd35c22cb997212aa89646e357ba59b318db26ed91a9?s=96&d=mm&r=g","url":"https:\/\/secure.gravatar.com\/avatar\/88c0f3f2079389318ef8dd35c22cb997212aa89646e357ba59b318db26ed91a9?s=96&d=mm&r=g","contentUrl":"https:\/\/secure.gravatar.com\/avatar\/88c0f3f2079389318ef8dd35c22cb997212aa89646e357ba59b318db26ed91a9?s=96&d=mm&r=g","caption":"El Financiero"},"url":"https:\/\/fuentesfidedignas.com.mx\/index.php\/author\/financiero\/"}]}},"_links":{"self":[{"href":"https:\/\/fuentesfidedignas.com.mx\/index.php\/wp-json\/wp\/v2\/posts\/106050","targetHints":{"allow":["GET"]}}],"collection":[{"href":"https:\/\/fuentesfidedignas.com.mx\/index.php\/wp-json\/wp\/v2\/posts"}],"about":[{"href":"https:\/\/fuentesfidedignas.com.mx\/index.php\/wp-json\/wp\/v2\/types\/post"}],"author":[{"embeddable":true,"href":"https:\/\/fuentesfidedignas.com.mx\/index.php\/wp-json\/wp\/v2\/users\/21"}],"replies":[{"embeddable":true,"href":"https:\/\/fuentesfidedignas.com.mx\/index.php\/wp-json\/wp\/v2\/comments?post=106050"}],"version-history":[{"count":1,"href":"https:\/\/fuentesfidedignas.com.mx\/index.php\/wp-json\/wp\/v2\/posts\/106050\/revisions"}],"predecessor-version":[{"id":106052,"href":"https:\/\/fuentesfidedignas.com.mx\/index.php\/wp-json\/wp\/v2\/posts\/106050\/revisions\/106052"}],"wp:featuredmedia":[{"embeddable":true,"href":"https:\/\/fuentesfidedignas.com.mx\/index.php\/wp-json\/wp\/v2\/media\/106051"}],"wp:attachment":[{"href":"https:\/\/fuentesfidedignas.com.mx\/index.php\/wp-json\/wp\/v2\/media?parent=106050"}],"wp:term":[{"taxonomy":"category","embeddable":true,"href":"https:\/\/fuentesfidedignas.com.mx\/index.php\/wp-json\/wp\/v2\/categories?post=106050"},{"taxonomy":"post_tag","embeddable":true,"href":"https:\/\/fuentesfidedignas.com.mx\/index.php\/wp-json\/wp\/v2\/tags?post=106050"}],"curies":[{"name":"wp","href":"https:\/\/api.w.org\/{rel}","templated":true}]}}