{"id":105813,"date":"2025-04-08T12:09:00","date_gmt":"2025-04-08T19:09:00","guid":{"rendered":"https:\/\/fuentesfidedignas.com.mx\/?p=105813"},"modified":"2025-04-08T15:18:35","modified_gmt":"2025-04-08T22:18:35","slug":"suman-mas-de-350-casos-nuevos-de-vih-en-una-semana-conoce-que-estados-afecta-mas","status":"publish","type":"post","link":"https:\/\/fuentesfidedignas.com.mx\/index.php\/2025\/04\/08\/suman-mas-de-350-casos-nuevos-de-vih-en-una-semana-conoce-que-estados-afecta-mas\/","title":{"rendered":"Suman m\u00e1s de 350 casos nuevos de VIH en una semana; conoce qu\u00e9 estados afecta m\u00e1s"},"content":{"rendered":"\n<p><strong><em>Las entidades m\u00e1s pobladas y tur\u00edsticas presentan la mayor concentraci\u00f3n de casos, mientras que otras mantienen cifras aparentemente bajas que podr\u00edan ocultar subregistro.<\/em><\/strong><\/p>\n\n\n\n<p>Durante la semana epidemiol\u00f3gica n\u00famero 13, comprendida del 23 al 29 de marzo, se confirmaron 353 nuevos casos de infecci\u00f3n por el Virus de la Inmunodeficiencia Humana (VIH) en M\u00e9xico, seg\u00fan datos oficiales del Bolet\u00edn Epidemiol\u00f3gico de la Secretar\u00eda de Salud.&nbsp;<\/p>\n\n\n\n<p>Con ello, el pa\u00eds acumula un total de tres mil 591 casos de VIH en lo que va del a\u00f1o, manteniendo una tendencia constante respecto a semanas previas.<\/p>\n\n\n\n<p><strong>\u00bfEn qu\u00e9 estados hay m\u00e1s casos nuevos?<\/strong><br>Del total de diagn\u00f3sticos nuevos registrados en la semana 13, Veracruz report\u00f3 el mayor n\u00famero de casos con 52 nuevas infecciones, seguido por la Ciudad de M\u00e9xico con 30 y el Estado de M\u00e9xico con 22.\u00a0<\/p>\n\n\n\n<p>Estas tres entidades mantienen una tendencia alta y sostenida en el registro semanal, y encabezan la lista tanto en contagios recientes como en casos acumulados en lo que va de 2025.<\/p>\n\n\n\n<p>En cifras acumuladas, el Estado de M\u00e9xico registra 522 casos desde enero, coloc\u00e1ndose como la entidad con mayor n\u00famero de contagios en lo que va del a\u00f1o. Le siguen la Ciudad de M\u00e9xico con 273, y Veracruz con 362.&nbsp;<\/p>\n\n\n\n<p>Quintana Roo tambi\u00e9n muestra una incidencia elevada con 36 casos nuevos en la semana, sumando un total de 253 durante el a\u00f1o.&nbsp;<\/p>\n\n\n\n<p>La cifra es particularmente relevante considerando la densidad poblacional de la entidad, lo que representa una proporci\u00f3n alta de incidencia por habitante. Jalisco report\u00f3 13 nuevos casos y alcanza un total de 206, lo que lo mantiene entre los cinco estados con mayor n\u00famero acumulado.<\/p>\n\n\n\n<p>Otros estados con aumentos notables durante esta semana incluyen Oaxaca (13 casos nuevos), Yucat\u00e1n (12), Hidalgo (11), Chihuahua (11) y Chiapas (11).&nbsp;<\/p>\n\n\n\n<p><strong>\u00bfCu\u00e1ntos casos nuevos hubo en la semana 13?<\/strong><br>Cabe destacar que Puebla contin\u00faa sin reportar ning\u00fan caso en lo que va del a\u00f1o, mientras que entidades como San Luis Potos\u00ed, Sinaloa, Sonora y Tamaulipas no registraron nuevos casos durante esta semana, aunque mantienen cifras acumuladas relevantes.<\/p>\n\n\n\n<p><strong>\u00bfC\u00f3mo avanza el VIH en M\u00e9xico?<\/strong><br>Hasta la semana 13, las entidades con mayor n\u00famero de casos acumulados en 2025 son:<\/p>\n\n\n\n<ul class=\"wp-block-list\">\n<li>Estado de M\u00e9xico: 522<\/li>\n\n\n\n<li>Veracruz: 362<\/li>\n\n\n\n<li>Ciudad de M\u00e9xico: 273<\/li>\n\n\n\n<li>Quintana Roo: 253<\/li>\n\n\n\n<li>Jalisco: 206<\/li>\n<\/ul>\n\n\n\n<p>En el extremo opuesto, Zacatecas (22 casos), Tlaxcala (13 casos) y Aguascalientes (26 casos) figuran entre los estados con menor incidencia acumulada. Sin embargo, autoridades sanitarias advierten que cifras bajas no necesariamente implican una baja transmisi\u00f3n, sino posibles rezagos en diagn\u00f3sticos y pruebas de detecci\u00f3n.<\/p>\n","protected":false},"excerpt":{"rendered":"<p>Las entidades m\u00e1s pobladas y tur\u00edsticas presentan la mayor concentraci\u00f3n de casos, mientras que otras mantienen cifras aparentemente bajas que podr\u00edan ocultar subregistro. Durante la semana epidemiol\u00f3gica n\u00famero 13, comprendida del 23 al 29 de marzo, se confirmaron 353 nuevos casos de infecci\u00f3n por el Virus de la Inmunodeficiencia Humana (VIH) en M\u00e9xico, seg\u00fan datos [&hellip;]<\/p>\n","protected":false},"author":9,"featured_media":18845,"comment_status":"open","ping_status":"open","sticky":false,"template":"","format":"standard","meta":{"tdm_status":"","tdm_grid_status":"","footnotes":""},"categories":[39],"tags":[],"class_list":{"0":"post-105813","1":"post","2":"type-post","3":"status-publish","4":"format-standard","5":"has-post-thumbnail","7":"category-noticias-nacionales"},"yoast_head":"<!-- This site is optimized with the Yoast SEO plugin v27.4 - https:\/\/yoast.com\/product\/yoast-seo-wordpress\/ -->\n<title>Suman m\u00e1s de 350 casos nuevos de VIH en una semana; conoce qu\u00e9 estados afecta m\u00e1s - Fuentes Fidedignas<\/title>\n<meta name=\"robots\" content=\"index, follow, max-snippet:-1, max-image-preview:large, max-video-preview:-1\" \/>\n<link rel=\"canonical\" href=\"https:\/\/fuentesfidedignas.com.mx\/index.php\/2025\/04\/08\/suman-mas-de-350-casos-nuevos-de-vih-en-una-semana-conoce-que-estados-afecta-mas\/\" \/>\n<meta property=\"og:locale\" content=\"es_MX\" \/>\n<meta property=\"og:type\" content=\"article\" \/>\n<meta property=\"og:title\" content=\"Suman m\u00e1s de 350 casos nuevos de VIH en una semana; conoce qu\u00e9 estados afecta m\u00e1s - Fuentes Fidedignas\" \/>\n<meta property=\"og:description\" content=\"Las entidades m\u00e1s pobladas y tur\u00edsticas presentan la mayor concentraci\u00f3n de casos, mientras que otras mantienen cifras aparentemente bajas que podr\u00edan ocultar subregistro. Durante la semana epidemiol\u00f3gica n\u00famero 13, comprendida del 23 al 29 de marzo, se confirmaron 353 nuevos casos de infecci\u00f3n por el Virus de la Inmunodeficiencia Humana (VIH) en M\u00e9xico, seg\u00fan datos [&hellip;]\" \/>\n<meta property=\"og:url\" content=\"https:\/\/fuentesfidedignas.com.mx\/index.php\/2025\/04\/08\/suman-mas-de-350-casos-nuevos-de-vih-en-una-semana-conoce-que-estados-afecta-mas\/\" \/>\n<meta property=\"og:site_name\" content=\"Fuentes Fidedignas\" \/>\n<meta property=\"article:publisher\" content=\"https:\/\/www.facebook.com\/Fuentes-Fidedignas-368234489921644\" \/>\n<meta property=\"article:published_time\" content=\"2025-04-08T19:09:00+00:00\" \/>\n<meta property=\"article:modified_time\" content=\"2025-04-08T22:18:35+00:00\" \/>\n<meta property=\"og:image\" content=\"https:\/\/fuentesfidedignas.com.mx\/wp-content\/uploads\/2021\/12\/01122021-DIA-MUNDIAL-LUCHA-VIH-SIDA-8.jpeg\" \/>\n\t<meta property=\"og:image:width\" content=\"1440\" \/>\n\t<meta property=\"og:image:height\" content=\"1080\" \/>\n\t<meta property=\"og:image:type\" content=\"image\/jpeg\" \/>\n<meta name=\"author\" content=\"Milenio\" \/>\n<meta name=\"twitter:card\" content=\"summary_large_image\" \/>\n<meta name=\"twitter:creator\" content=\"@fidedignas\" \/>\n<meta name=\"twitter:site\" content=\"@fidedignas\" \/>\n<meta name=\"twitter:label1\" content=\"Escrito por\" \/>\n\t<meta name=\"twitter:data1\" content=\"Milenio\" \/>\n\t<meta name=\"twitter:label2\" content=\"Tiempo de lectura\" \/>\n\t<meta name=\"twitter:data2\" content=\"3 minutos\" \/>\n<script type=\"application\/ld+json\" class=\"yoast-schema-graph\">{\"@context\":\"https:\\\/\\\/schema.org\",\"@graph\":[{\"@type\":\"Article\",\"@id\":\"https:\\\/\\\/fuentesfidedignas.com.mx\\\/index.php\\\/2025\\\/04\\\/08\\\/suman-mas-de-350-casos-nuevos-de-vih-en-una-semana-conoce-que-estados-afecta-mas\\\/#article\",\"isPartOf\":{\"@id\":\"https:\\\/\\\/fuentesfidedignas.com.mx\\\/index.php\\\/2025\\\/04\\\/08\\\/suman-mas-de-350-casos-nuevos-de-vih-en-una-semana-conoce-que-estados-afecta-mas\\\/\"},\"author\":{\"name\":\"Milenio\",\"@id\":\"https:\\\/\\\/fuentesfidedignas.com.mx\\\/#\\\/schema\\\/person\\\/47ec0135738f4b0c7495f06a77a2c976\"},\"headline\":\"Suman m\u00e1s de 350 casos nuevos de VIH en una semana; conoce qu\u00e9 estados afecta m\u00e1s\",\"datePublished\":\"2025-04-08T19:09:00+00:00\",\"dateModified\":\"2025-04-08T22:18:35+00:00\",\"mainEntityOfPage\":{\"@id\":\"https:\\\/\\\/fuentesfidedignas.com.mx\\\/index.php\\\/2025\\\/04\\\/08\\\/suman-mas-de-350-casos-nuevos-de-vih-en-una-semana-conoce-que-estados-afecta-mas\\\/\"},\"wordCount\":450,\"commentCount\":0,\"publisher\":{\"@id\":\"https:\\\/\\\/fuentesfidedignas.com.mx\\\/#organization\"},\"image\":{\"@id\":\"https:\\\/\\\/fuentesfidedignas.com.mx\\\/index.php\\\/2025\\\/04\\\/08\\\/suman-mas-de-350-casos-nuevos-de-vih-en-una-semana-conoce-que-estados-afecta-mas\\\/#primaryimage\"},\"thumbnailUrl\":\"https:\\\/\\\/fuentesfidedignas.com.mx\\\/wp-content\\\/uploads\\\/2021\\\/12\\\/01122021-DIA-MUNDIAL-LUCHA-VIH-SIDA-8.jpeg\",\"articleSection\":[\"NOTICIAS NACIONALES\"],\"inLanguage\":\"es\",\"potentialAction\":[{\"@type\":\"CommentAction\",\"name\":\"Comment\",\"target\":[\"https:\\\/\\\/fuentesfidedignas.com.mx\\\/index.php\\\/2025\\\/04\\\/08\\\/suman-mas-de-350-casos-nuevos-de-vih-en-una-semana-conoce-que-estados-afecta-mas\\\/#respond\"]}]},{\"@type\":\"WebPage\",\"@id\":\"https:\\\/\\\/fuentesfidedignas.com.mx\\\/index.php\\\/2025\\\/04\\\/08\\\/suman-mas-de-350-casos-nuevos-de-vih-en-una-semana-conoce-que-estados-afecta-mas\\\/\",\"url\":\"https:\\\/\\\/fuentesfidedignas.com.mx\\\/index.php\\\/2025\\\/04\\\/08\\\/suman-mas-de-350-casos-nuevos-de-vih-en-una-semana-conoce-que-estados-afecta-mas\\\/\",\"name\":\"Suman m\u00e1s de 350 casos nuevos de VIH en una semana; conoce qu\u00e9 estados afecta m\u00e1s - Fuentes Fidedignas\",\"isPartOf\":{\"@id\":\"https:\\\/\\\/fuentesfidedignas.com.mx\\\/#website\"},\"primaryImageOfPage\":{\"@id\":\"https:\\\/\\\/fuentesfidedignas.com.mx\\\/index.php\\\/2025\\\/04\\\/08\\\/suman-mas-de-350-casos-nuevos-de-vih-en-una-semana-conoce-que-estados-afecta-mas\\\/#primaryimage\"},\"image\":{\"@id\":\"https:\\\/\\\/fuentesfidedignas.com.mx\\\/index.php\\\/2025\\\/04\\\/08\\\/suman-mas-de-350-casos-nuevos-de-vih-en-una-semana-conoce-que-estados-afecta-mas\\\/#primaryimage\"},\"thumbnailUrl\":\"https:\\\/\\\/fuentesfidedignas.com.mx\\\/wp-content\\\/uploads\\\/2021\\\/12\\\/01122021-DIA-MUNDIAL-LUCHA-VIH-SIDA-8.jpeg\",\"datePublished\":\"2025-04-08T19:09:00+00:00\",\"dateModified\":\"2025-04-08T22:18:35+00:00\",\"breadcrumb\":{\"@id\":\"https:\\\/\\\/fuentesfidedignas.com.mx\\\/index.php\\\/2025\\\/04\\\/08\\\/suman-mas-de-350-casos-nuevos-de-vih-en-una-semana-conoce-que-estados-afecta-mas\\\/#breadcrumb\"},\"inLanguage\":\"es\",\"potentialAction\":[{\"@type\":\"ReadAction\",\"target\":[\"https:\\\/\\\/fuentesfidedignas.com.mx\\\/index.php\\\/2025\\\/04\\\/08\\\/suman-mas-de-350-casos-nuevos-de-vih-en-una-semana-conoce-que-estados-afecta-mas\\\/\"]}]},{\"@type\":\"ImageObject\",\"inLanguage\":\"es\",\"@id\":\"https:\\\/\\\/fuentesfidedignas.com.mx\\\/index.php\\\/2025\\\/04\\\/08\\\/suman-mas-de-350-casos-nuevos-de-vih-en-una-semana-conoce-que-estados-afecta-mas\\\/#primaryimage\",\"url\":\"https:\\\/\\\/fuentesfidedignas.com.mx\\\/wp-content\\\/uploads\\\/2021\\\/12\\\/01122021-DIA-MUNDIAL-LUCHA-VIH-SIDA-8.jpeg\",\"contentUrl\":\"https:\\\/\\\/fuentesfidedignas.com.mx\\\/wp-content\\\/uploads\\\/2021\\\/12\\\/01122021-DIA-MUNDIAL-LUCHA-VIH-SIDA-8.jpeg\",\"width\":1440,\"height\":1080},{\"@type\":\"BreadcrumbList\",\"@id\":\"https:\\\/\\\/fuentesfidedignas.com.mx\\\/index.php\\\/2025\\\/04\\\/08\\\/suman-mas-de-350-casos-nuevos-de-vih-en-una-semana-conoce-que-estados-afecta-mas\\\/#breadcrumb\",\"itemListElement\":[{\"@type\":\"ListItem\",\"position\":1,\"name\":\"Inicio\",\"item\":\"https:\\\/\\\/fuentesfidedignas.com.mx\\\/\"},{\"@type\":\"ListItem\",\"position\":2,\"name\":\"Suman m\u00e1s de 350 casos nuevos de VIH en una semana; conoce qu\u00e9 estados afecta m\u00e1s\"}]},{\"@type\":\"WebSite\",\"@id\":\"https:\\\/\\\/fuentesfidedignas.com.mx\\\/#website\",\"url\":\"https:\\\/\\\/fuentesfidedignas.com.mx\\\/\",\"name\":\"Fuentes Fidedignas\",\"description\":\"Otro sitio realizado con WordPress\",\"publisher\":{\"@id\":\"https:\\\/\\\/fuentesfidedignas.com.mx\\\/#organization\"},\"potentialAction\":[{\"@type\":\"SearchAction\",\"target\":{\"@type\":\"EntryPoint\",\"urlTemplate\":\"https:\\\/\\\/fuentesfidedignas.com.mx\\\/?s={search_term_string}\"},\"query-input\":{\"@type\":\"PropertyValueSpecification\",\"valueRequired\":true,\"valueName\":\"search_term_string\"}}],\"inLanguage\":\"es\"},{\"@type\":\"Organization\",\"@id\":\"https:\\\/\\\/fuentesfidedignas.com.mx\\\/#organization\",\"name\":\"Fuentes Fidedignas\",\"url\":\"https:\\\/\\\/fuentesfidedignas.com.mx\\\/\",\"logo\":{\"@type\":\"ImageObject\",\"inLanguage\":\"es\",\"@id\":\"https:\\\/\\\/fuentesfidedignas.com.mx\\\/#\\\/schema\\\/logo\\\/image\\\/\",\"url\":\"https:\\\/\\\/fuentesfidedignas.com.mx\\\/wp-content\\\/uploads\\\/2021\\\/04\\\/logo-retina.png\",\"contentUrl\":\"https:\\\/\\\/fuentesfidedignas.com.mx\\\/wp-content\\\/uploads\\\/2021\\\/04\\\/logo-retina.png\",\"width\":280,\"height\":51,\"caption\":\"Fuentes Fidedignas\"},\"image\":{\"@id\":\"https:\\\/\\\/fuentesfidedignas.com.mx\\\/#\\\/schema\\\/logo\\\/image\\\/\"},\"sameAs\":[\"https:\\\/\\\/www.facebook.com\\\/Fuentes-Fidedignas-368234489921644\",\"https:\\\/\\\/x.com\\\/fidedignas\"]},{\"@type\":\"Person\",\"@id\":\"https:\\\/\\\/fuentesfidedignas.com.mx\\\/#\\\/schema\\\/person\\\/47ec0135738f4b0c7495f06a77a2c976\",\"name\":\"Milenio\",\"image\":{\"@type\":\"ImageObject\",\"inLanguage\":\"es\",\"@id\":\"https:\\\/\\\/secure.gravatar.com\\\/avatar\\\/acabf7b54753e51c2c76457954577c236b3b764789b19879565769739d1e4a75?s=96&d=mm&r=g\",\"url\":\"https:\\\/\\\/secure.gravatar.com\\\/avatar\\\/acabf7b54753e51c2c76457954577c236b3b764789b19879565769739d1e4a75?s=96&d=mm&r=g\",\"contentUrl\":\"https:\\\/\\\/secure.gravatar.com\\\/avatar\\\/acabf7b54753e51c2c76457954577c236b3b764789b19879565769739d1e4a75?s=96&d=mm&r=g\",\"caption\":\"Milenio\"},\"url\":\"https:\\\/\\\/fuentesfidedignas.com.mx\\\/index.php\\\/author\\\/milenio\\\/\"}]}<\/script>\n<!-- \/ Yoast SEO plugin. -->","yoast_head_json":{"title":"Suman m\u00e1s de 350 casos nuevos de VIH en una semana; conoce qu\u00e9 estados afecta m\u00e1s - Fuentes Fidedignas","robots":{"index":"index","follow":"follow","max-snippet":"max-snippet:-1","max-image-preview":"max-image-preview:large","max-video-preview":"max-video-preview:-1"},"canonical":"https:\/\/fuentesfidedignas.com.mx\/index.php\/2025\/04\/08\/suman-mas-de-350-casos-nuevos-de-vih-en-una-semana-conoce-que-estados-afecta-mas\/","og_locale":"es_MX","og_type":"article","og_title":"Suman m\u00e1s de 350 casos nuevos de VIH en una semana; conoce qu\u00e9 estados afecta m\u00e1s - Fuentes Fidedignas","og_description":"Las entidades m\u00e1s pobladas y tur\u00edsticas presentan la mayor concentraci\u00f3n de casos, mientras que otras mantienen cifras aparentemente bajas que podr\u00edan ocultar subregistro. Durante la semana epidemiol\u00f3gica n\u00famero 13, comprendida del 23 al 29 de marzo, se confirmaron 353 nuevos casos de infecci\u00f3n por el Virus de la Inmunodeficiencia Humana (VIH) en M\u00e9xico, seg\u00fan datos [&hellip;]","og_url":"https:\/\/fuentesfidedignas.com.mx\/index.php\/2025\/04\/08\/suman-mas-de-350-casos-nuevos-de-vih-en-una-semana-conoce-que-estados-afecta-mas\/","og_site_name":"Fuentes Fidedignas","article_publisher":"https:\/\/www.facebook.com\/Fuentes-Fidedignas-368234489921644","article_published_time":"2025-04-08T19:09:00+00:00","article_modified_time":"2025-04-08T22:18:35+00:00","og_image":[{"width":1440,"height":1080,"url":"https:\/\/fuentesfidedignas.com.mx\/wp-content\/uploads\/2021\/12\/01122021-DIA-MUNDIAL-LUCHA-VIH-SIDA-8.jpeg","type":"image\/jpeg"}],"author":"Milenio","twitter_card":"summary_large_image","twitter_creator":"@fidedignas","twitter_site":"@fidedignas","twitter_misc":{"Escrito por":"Milenio","Tiempo de lectura":"3 minutos"},"schema":{"@context":"https:\/\/schema.org","@graph":[{"@type":"Article","@id":"https:\/\/fuentesfidedignas.com.mx\/index.php\/2025\/04\/08\/suman-mas-de-350-casos-nuevos-de-vih-en-una-semana-conoce-que-estados-afecta-mas\/#article","isPartOf":{"@id":"https:\/\/fuentesfidedignas.com.mx\/index.php\/2025\/04\/08\/suman-mas-de-350-casos-nuevos-de-vih-en-una-semana-conoce-que-estados-afecta-mas\/"},"author":{"name":"Milenio","@id":"https:\/\/fuentesfidedignas.com.mx\/#\/schema\/person\/47ec0135738f4b0c7495f06a77a2c976"},"headline":"Suman m\u00e1s de 350 casos nuevos de VIH en una semana; conoce qu\u00e9 estados afecta m\u00e1s","datePublished":"2025-04-08T19:09:00+00:00","dateModified":"2025-04-08T22:18:35+00:00","mainEntityOfPage":{"@id":"https:\/\/fuentesfidedignas.com.mx\/index.php\/2025\/04\/08\/suman-mas-de-350-casos-nuevos-de-vih-en-una-semana-conoce-que-estados-afecta-mas\/"},"wordCount":450,"commentCount":0,"publisher":{"@id":"https:\/\/fuentesfidedignas.com.mx\/#organization"},"image":{"@id":"https:\/\/fuentesfidedignas.com.mx\/index.php\/2025\/04\/08\/suman-mas-de-350-casos-nuevos-de-vih-en-una-semana-conoce-que-estados-afecta-mas\/#primaryimage"},"thumbnailUrl":"https:\/\/fuentesfidedignas.com.mx\/wp-content\/uploads\/2021\/12\/01122021-DIA-MUNDIAL-LUCHA-VIH-SIDA-8.jpeg","articleSection":["NOTICIAS NACIONALES"],"inLanguage":"es","potentialAction":[{"@type":"CommentAction","name":"Comment","target":["https:\/\/fuentesfidedignas.com.mx\/index.php\/2025\/04\/08\/suman-mas-de-350-casos-nuevos-de-vih-en-una-semana-conoce-que-estados-afecta-mas\/#respond"]}]},{"@type":"WebPage","@id":"https:\/\/fuentesfidedignas.com.mx\/index.php\/2025\/04\/08\/suman-mas-de-350-casos-nuevos-de-vih-en-una-semana-conoce-que-estados-afecta-mas\/","url":"https:\/\/fuentesfidedignas.com.mx\/index.php\/2025\/04\/08\/suman-mas-de-350-casos-nuevos-de-vih-en-una-semana-conoce-que-estados-afecta-mas\/","name":"Suman m\u00e1s de 350 casos nuevos de VIH en una semana; conoce qu\u00e9 estados afecta m\u00e1s - Fuentes Fidedignas","isPartOf":{"@id":"https:\/\/fuentesfidedignas.com.mx\/#website"},"primaryImageOfPage":{"@id":"https:\/\/fuentesfidedignas.com.mx\/index.php\/2025\/04\/08\/suman-mas-de-350-casos-nuevos-de-vih-en-una-semana-conoce-que-estados-afecta-mas\/#primaryimage"},"image":{"@id":"https:\/\/fuentesfidedignas.com.mx\/index.php\/2025\/04\/08\/suman-mas-de-350-casos-nuevos-de-vih-en-una-semana-conoce-que-estados-afecta-mas\/#primaryimage"},"thumbnailUrl":"https:\/\/fuentesfidedignas.com.mx\/wp-content\/uploads\/2021\/12\/01122021-DIA-MUNDIAL-LUCHA-VIH-SIDA-8.jpeg","datePublished":"2025-04-08T19:09:00+00:00","dateModified":"2025-04-08T22:18:35+00:00","breadcrumb":{"@id":"https:\/\/fuentesfidedignas.com.mx\/index.php\/2025\/04\/08\/suman-mas-de-350-casos-nuevos-de-vih-en-una-semana-conoce-que-estados-afecta-mas\/#breadcrumb"},"inLanguage":"es","potentialAction":[{"@type":"ReadAction","target":["https:\/\/fuentesfidedignas.com.mx\/index.php\/2025\/04\/08\/suman-mas-de-350-casos-nuevos-de-vih-en-una-semana-conoce-que-estados-afecta-mas\/"]}]},{"@type":"ImageObject","inLanguage":"es","@id":"https:\/\/fuentesfidedignas.com.mx\/index.php\/2025\/04\/08\/suman-mas-de-350-casos-nuevos-de-vih-en-una-semana-conoce-que-estados-afecta-mas\/#primaryimage","url":"https:\/\/fuentesfidedignas.com.mx\/wp-content\/uploads\/2021\/12\/01122021-DIA-MUNDIAL-LUCHA-VIH-SIDA-8.jpeg","contentUrl":"https:\/\/fuentesfidedignas.com.mx\/wp-content\/uploads\/2021\/12\/01122021-DIA-MUNDIAL-LUCHA-VIH-SIDA-8.jpeg","width":1440,"height":1080},{"@type":"BreadcrumbList","@id":"https:\/\/fuentesfidedignas.com.mx\/index.php\/2025\/04\/08\/suman-mas-de-350-casos-nuevos-de-vih-en-una-semana-conoce-que-estados-afecta-mas\/#breadcrumb","itemListElement":[{"@type":"ListItem","position":1,"name":"Inicio","item":"https:\/\/fuentesfidedignas.com.mx\/"},{"@type":"ListItem","position":2,"name":"Suman m\u00e1s de 350 casos nuevos de VIH en una semana; conoce qu\u00e9 estados afecta m\u00e1s"}]},{"@type":"WebSite","@id":"https:\/\/fuentesfidedignas.com.mx\/#website","url":"https:\/\/fuentesfidedignas.com.mx\/","name":"Fuentes Fidedignas","description":"Otro sitio realizado con WordPress","publisher":{"@id":"https:\/\/fuentesfidedignas.com.mx\/#organization"},"potentialAction":[{"@type":"SearchAction","target":{"@type":"EntryPoint","urlTemplate":"https:\/\/fuentesfidedignas.com.mx\/?s={search_term_string}"},"query-input":{"@type":"PropertyValueSpecification","valueRequired":true,"valueName":"search_term_string"}}],"inLanguage":"es"},{"@type":"Organization","@id":"https:\/\/fuentesfidedignas.com.mx\/#organization","name":"Fuentes Fidedignas","url":"https:\/\/fuentesfidedignas.com.mx\/","logo":{"@type":"ImageObject","inLanguage":"es","@id":"https:\/\/fuentesfidedignas.com.mx\/#\/schema\/logo\/image\/","url":"https:\/\/fuentesfidedignas.com.mx\/wp-content\/uploads\/2021\/04\/logo-retina.png","contentUrl":"https:\/\/fuentesfidedignas.com.mx\/wp-content\/uploads\/2021\/04\/logo-retina.png","width":280,"height":51,"caption":"Fuentes Fidedignas"},"image":{"@id":"https:\/\/fuentesfidedignas.com.mx\/#\/schema\/logo\/image\/"},"sameAs":["https:\/\/www.facebook.com\/Fuentes-Fidedignas-368234489921644","https:\/\/x.com\/fidedignas"]},{"@type":"Person","@id":"https:\/\/fuentesfidedignas.com.mx\/#\/schema\/person\/47ec0135738f4b0c7495f06a77a2c976","name":"Milenio","image":{"@type":"ImageObject","inLanguage":"es","@id":"https:\/\/secure.gravatar.com\/avatar\/acabf7b54753e51c2c76457954577c236b3b764789b19879565769739d1e4a75?s=96&d=mm&r=g","url":"https:\/\/secure.gravatar.com\/avatar\/acabf7b54753e51c2c76457954577c236b3b764789b19879565769739d1e4a75?s=96&d=mm&r=g","contentUrl":"https:\/\/secure.gravatar.com\/avatar\/acabf7b54753e51c2c76457954577c236b3b764789b19879565769739d1e4a75?s=96&d=mm&r=g","caption":"Milenio"},"url":"https:\/\/fuentesfidedignas.com.mx\/index.php\/author\/milenio\/"}]}},"_links":{"self":[{"href":"https:\/\/fuentesfidedignas.com.mx\/index.php\/wp-json\/wp\/v2\/posts\/105813","targetHints":{"allow":["GET"]}}],"collection":[{"href":"https:\/\/fuentesfidedignas.com.mx\/index.php\/wp-json\/wp\/v2\/posts"}],"about":[{"href":"https:\/\/fuentesfidedignas.com.mx\/index.php\/wp-json\/wp\/v2\/types\/post"}],"author":[{"embeddable":true,"href":"https:\/\/fuentesfidedignas.com.mx\/index.php\/wp-json\/wp\/v2\/users\/9"}],"replies":[{"embeddable":true,"href":"https:\/\/fuentesfidedignas.com.mx\/index.php\/wp-json\/wp\/v2\/comments?post=105813"}],"version-history":[{"count":1,"href":"https:\/\/fuentesfidedignas.com.mx\/index.php\/wp-json\/wp\/v2\/posts\/105813\/revisions"}],"predecessor-version":[{"id":105814,"href":"https:\/\/fuentesfidedignas.com.mx\/index.php\/wp-json\/wp\/v2\/posts\/105813\/revisions\/105814"}],"wp:featuredmedia":[{"embeddable":true,"href":"https:\/\/fuentesfidedignas.com.mx\/index.php\/wp-json\/wp\/v2\/media\/18845"}],"wp:attachment":[{"href":"https:\/\/fuentesfidedignas.com.mx\/index.php\/wp-json\/wp\/v2\/media?parent=105813"}],"wp:term":[{"taxonomy":"category","embeddable":true,"href":"https:\/\/fuentesfidedignas.com.mx\/index.php\/wp-json\/wp\/v2\/categories?post=105813"},{"taxonomy":"post_tag","embeddable":true,"href":"https:\/\/fuentesfidedignas.com.mx\/index.php\/wp-json\/wp\/v2\/tags?post=105813"}],"curies":[{"name":"wp","href":"https:\/\/api.w.org\/{rel}","templated":true}]}}