{"id":105701,"date":"2025-04-07T11:58:16","date_gmt":"2025-04-07T18:58:16","guid":{"rendered":"https:\/\/fuentesfidedignas.com.mx\/?p=105701"},"modified":"2025-04-07T11:58:19","modified_gmt":"2025-04-07T18:58:19","slug":"the-new-york-times-analiza-si-la-presidenta-sheinbaum-es-la-anti-trump","status":"publish","type":"post","link":"https:\/\/fuentesfidedignas.com.mx\/index.php\/2025\/04\/07\/the-new-york-times-analiza-si-la-presidenta-sheinbaum-es-la-anti-trump\/","title":{"rendered":"The New York Times analiza si la presidenta Sheinbaum es \u201cla anti-Trump\u201d"},"content":{"rendered":"\n<p><strong><em>La columnista Michelle Goldberg de TNYT se\u00f1ala que la presidenta Sheinbaum puede parecer una brillante excepci\u00f3n al machismo autocr\u00e1tico<\/em><\/strong><\/p>\n\n\n\n<p>The New York Times considera a la presidenta Claudia Sheinbaum como una \u201cant\u00edtesis de los arrogantes dictadores\u201d de la actual pol\u00edtica mundial, con lo que analiza si es \u201cla anti-Trump\u201c.<\/p>\n\n\n\n<p>La columnista Michelle Goldberg se\u00f1ala en \u00bfEs Claudia Sheinbaum la anti-Trump? que en un momento en que el humanismo liberal flaquea mientras las fuerzas de la crueldad reaccionaria avanzan, Sheinbaum \u201cpuede parecer una brillante excepci\u00f3n al esp\u00edritu imperante del machismo autocr\u00e1tico\u201c.<\/p>\n\n\n\n<p>Refiere que por su origen, Sheinbaum Pardo forma parte de la intelectualidad cosmopolita que los movimientos populistas suelen demonizar, pero que su estrecha relaci\u00f3n con el expresidente Andr\u00e9s Manuel L\u00f3pez Obrador le vali\u00f3 la aceptaci\u00f3n de gran parte de los mexicanos.<\/p>\n\n\n\n<p>El ser sucesora de L\u00f3pez Obrador y su promesa de mantener y ampliar el legado de \u201cprimero los pobres\u201d mediante programas considerados clientelares, se\u00f1ala Goldberg, han llevado a Sheinbaum a ser considerada por algunos izquierdistas en Estados Unidos como un \u201cs\u00edmbolo excepcional de \u00e9xito progresista\u201d y del funcionamiento de la pol\u00edtica de la clase trabajadora.<\/p>\n\n\n\n<p>As\u00ed, mientras que durante el primer mandato de Donald Trump la primera ministra neozelandesa Jacinda Ardern fue considerada la \u201canti-Trump\u201d, en el segundo mandato del republicano \u201cSheinbaum ocupa un lugar similar\u201d.<\/p>\n\n\n\n<p>&#8220;(Claudia Sheinbaum es considerada) una mujer inteligente, inclusiva y socialdem\u00f3crata que ofrece una alternativa al brutal gobierno de los oligarcas\u201d, refiere la Opini\u00f3n en TNYT.<\/p>\n\n\n\n<p>No obstante, se advierte que la esperanza en M\u00e9xico es fr\u00e1gil debido a su econom\u00eda d\u00e9bil y el asedio de los c\u00e1rteles del narcotr\u00e1fico.<\/p>\n\n\n\n<p>&#8220;Trump ha impulsado la popularidad de Sheinbaum, pero sus pol\u00edticas a\u00fan podr\u00edan causar estragos, incluso si M\u00e9xico se ha librado hasta ahora de lo peor de sus aranceles. Si su presidencia triunfa a pesar de todos estos desaf\u00edos, ser\u00e1 una fuente de inspiraci\u00f3n en un mundo cada vez m\u00e1s carente de ella\u201d, agrega.<\/p>\n\n\n\n<p>Se cuestiona tambi\u00e9n si a medida que Sheinbaum acumula mayor autoridad pol\u00edtica, tendr\u00e1 el deseo o voluntad de detener el desmantelamiento de las instituciones.<\/p>\n\n\n\n<p>Asimismo, si la presidenta continuar\u00e1 con el desprecio por la ley de L\u00f3pez Obrador, m\u00e1s a\u00fan tras la reforma al Poder Judicial y las pr\u00f3ximas elecciones del 1 de junio.<\/p>\n","protected":false},"excerpt":{"rendered":"<p>La columnista Michelle Goldberg de TNYT se\u00f1ala que la presidenta Sheinbaum puede parecer una brillante excepci\u00f3n al machismo autocr\u00e1tico The New York Times considera a la presidenta Claudia Sheinbaum como una \u201cant\u00edtesis de los arrogantes dictadores\u201d de la actual pol\u00edtica mundial, con lo que analiza si es \u201cla anti-Trump\u201c. La columnista Michelle Goldberg se\u00f1ala en [&hellip;]<\/p>\n","protected":false},"author":47,"featured_media":96102,"comment_status":"open","ping_status":"open","sticky":false,"template":"","format":"standard","meta":{"tdm_status":"","tdm_grid_status":"","footnotes":""},"categories":[39],"tags":[],"class_list":{"0":"post-105701","1":"post","2":"type-post","3":"status-publish","4":"format-standard","5":"has-post-thumbnail","7":"category-noticias-nacionales"},"yoast_head":"<!-- This site is optimized with the Yoast SEO plugin v27.4 - https:\/\/yoast.com\/product\/yoast-seo-wordpress\/ -->\n<title>The New York Times analiza si la presidenta Sheinbaum es \u201cla anti-Trump\u201d - Fuentes Fidedignas<\/title>\n<meta name=\"robots\" content=\"index, follow, max-snippet:-1, max-image-preview:large, max-video-preview:-1\" \/>\n<link rel=\"canonical\" href=\"https:\/\/fuentesfidedignas.com.mx\/index.php\/2025\/04\/07\/the-new-york-times-analiza-si-la-presidenta-sheinbaum-es-la-anti-trump\/\" \/>\n<meta property=\"og:locale\" content=\"es_MX\" \/>\n<meta property=\"og:type\" content=\"article\" \/>\n<meta property=\"og:title\" content=\"The New York Times analiza si la presidenta Sheinbaum es \u201cla anti-Trump\u201d - Fuentes Fidedignas\" \/>\n<meta property=\"og:description\" content=\"La columnista Michelle Goldberg de TNYT se\u00f1ala que la presidenta Sheinbaum puede parecer una brillante excepci\u00f3n al machismo autocr\u00e1tico The New York Times considera a la presidenta Claudia Sheinbaum como una \u201cant\u00edtesis de los arrogantes dictadores\u201d de la actual pol\u00edtica mundial, con lo que analiza si es \u201cla anti-Trump\u201c. La columnista Michelle Goldberg se\u00f1ala en [&hellip;]\" \/>\n<meta property=\"og:url\" content=\"https:\/\/fuentesfidedignas.com.mx\/index.php\/2025\/04\/07\/the-new-york-times-analiza-si-la-presidenta-sheinbaum-es-la-anti-trump\/\" \/>\n<meta property=\"og:site_name\" content=\"Fuentes Fidedignas\" \/>\n<meta property=\"article:publisher\" content=\"https:\/\/www.facebook.com\/Fuentes-Fidedignas-368234489921644\" \/>\n<meta property=\"article:published_time\" content=\"2025-04-07T18:58:16+00:00\" \/>\n<meta property=\"article:modified_time\" content=\"2025-04-07T18:58:19+00:00\" \/>\n<meta property=\"og:image\" content=\"https:\/\/fuentesfidedignas.com.mx\/wp-content\/uploads\/2024\/11\/claudia_sheinbaum.jpg\" \/>\n\t<meta property=\"og:image:width\" content=\"650\" \/>\n\t<meta property=\"og:image:height\" content=\"385\" \/>\n\t<meta property=\"og:image:type\" content=\"image\/jpeg\" \/>\n<meta name=\"author\" content=\"L\u00f3pez D\u00f3riga\" \/>\n<meta name=\"twitter:card\" content=\"summary_large_image\" \/>\n<meta name=\"twitter:creator\" content=\"@fidedignas\" \/>\n<meta name=\"twitter:site\" content=\"@fidedignas\" \/>\n<meta name=\"twitter:label1\" content=\"Escrito por\" \/>\n\t<meta name=\"twitter:data1\" content=\"L\u00f3pez D\u00f3riga\" \/>\n\t<meta name=\"twitter:label2\" content=\"Tiempo de lectura\" \/>\n\t<meta name=\"twitter:data2\" content=\"2 minutos\" \/>\n<script type=\"application\/ld+json\" class=\"yoast-schema-graph\">{\"@context\":\"https:\\\/\\\/schema.org\",\"@graph\":[{\"@type\":\"Article\",\"@id\":\"https:\\\/\\\/fuentesfidedignas.com.mx\\\/index.php\\\/2025\\\/04\\\/07\\\/the-new-york-times-analiza-si-la-presidenta-sheinbaum-es-la-anti-trump\\\/#article\",\"isPartOf\":{\"@id\":\"https:\\\/\\\/fuentesfidedignas.com.mx\\\/index.php\\\/2025\\\/04\\\/07\\\/the-new-york-times-analiza-si-la-presidenta-sheinbaum-es-la-anti-trump\\\/\"},\"author\":{\"name\":\"L\u00f3pez D\u00f3riga\",\"@id\":\"https:\\\/\\\/fuentesfidedignas.com.mx\\\/#\\\/schema\\\/person\\\/67d852f0557c8509146a4b9ddebd543a\"},\"headline\":\"The New York Times analiza si la presidenta Sheinbaum es \u201cla anti-Trump\u201d\",\"datePublished\":\"2025-04-07T18:58:16+00:00\",\"dateModified\":\"2025-04-07T18:58:19+00:00\",\"mainEntityOfPage\":{\"@id\":\"https:\\\/\\\/fuentesfidedignas.com.mx\\\/index.php\\\/2025\\\/04\\\/07\\\/the-new-york-times-analiza-si-la-presidenta-sheinbaum-es-la-anti-trump\\\/\"},\"wordCount\":422,\"commentCount\":0,\"publisher\":{\"@id\":\"https:\\\/\\\/fuentesfidedignas.com.mx\\\/#organization\"},\"image\":{\"@id\":\"https:\\\/\\\/fuentesfidedignas.com.mx\\\/index.php\\\/2025\\\/04\\\/07\\\/the-new-york-times-analiza-si-la-presidenta-sheinbaum-es-la-anti-trump\\\/#primaryimage\"},\"thumbnailUrl\":\"https:\\\/\\\/fuentesfidedignas.com.mx\\\/wp-content\\\/uploads\\\/2024\\\/11\\\/claudia_sheinbaum.jpg\",\"articleSection\":[\"NOTICIAS NACIONALES\"],\"inLanguage\":\"es\",\"potentialAction\":[{\"@type\":\"CommentAction\",\"name\":\"Comment\",\"target\":[\"https:\\\/\\\/fuentesfidedignas.com.mx\\\/index.php\\\/2025\\\/04\\\/07\\\/the-new-york-times-analiza-si-la-presidenta-sheinbaum-es-la-anti-trump\\\/#respond\"]}]},{\"@type\":\"WebPage\",\"@id\":\"https:\\\/\\\/fuentesfidedignas.com.mx\\\/index.php\\\/2025\\\/04\\\/07\\\/the-new-york-times-analiza-si-la-presidenta-sheinbaum-es-la-anti-trump\\\/\",\"url\":\"https:\\\/\\\/fuentesfidedignas.com.mx\\\/index.php\\\/2025\\\/04\\\/07\\\/the-new-york-times-analiza-si-la-presidenta-sheinbaum-es-la-anti-trump\\\/\",\"name\":\"The New York Times analiza si la presidenta Sheinbaum es \u201cla anti-Trump\u201d - Fuentes Fidedignas\",\"isPartOf\":{\"@id\":\"https:\\\/\\\/fuentesfidedignas.com.mx\\\/#website\"},\"primaryImageOfPage\":{\"@id\":\"https:\\\/\\\/fuentesfidedignas.com.mx\\\/index.php\\\/2025\\\/04\\\/07\\\/the-new-york-times-analiza-si-la-presidenta-sheinbaum-es-la-anti-trump\\\/#primaryimage\"},\"image\":{\"@id\":\"https:\\\/\\\/fuentesfidedignas.com.mx\\\/index.php\\\/2025\\\/04\\\/07\\\/the-new-york-times-analiza-si-la-presidenta-sheinbaum-es-la-anti-trump\\\/#primaryimage\"},\"thumbnailUrl\":\"https:\\\/\\\/fuentesfidedignas.com.mx\\\/wp-content\\\/uploads\\\/2024\\\/11\\\/claudia_sheinbaum.jpg\",\"datePublished\":\"2025-04-07T18:58:16+00:00\",\"dateModified\":\"2025-04-07T18:58:19+00:00\",\"breadcrumb\":{\"@id\":\"https:\\\/\\\/fuentesfidedignas.com.mx\\\/index.php\\\/2025\\\/04\\\/07\\\/the-new-york-times-analiza-si-la-presidenta-sheinbaum-es-la-anti-trump\\\/#breadcrumb\"},\"inLanguage\":\"es\",\"potentialAction\":[{\"@type\":\"ReadAction\",\"target\":[\"https:\\\/\\\/fuentesfidedignas.com.mx\\\/index.php\\\/2025\\\/04\\\/07\\\/the-new-york-times-analiza-si-la-presidenta-sheinbaum-es-la-anti-trump\\\/\"]}]},{\"@type\":\"ImageObject\",\"inLanguage\":\"es\",\"@id\":\"https:\\\/\\\/fuentesfidedignas.com.mx\\\/index.php\\\/2025\\\/04\\\/07\\\/the-new-york-times-analiza-si-la-presidenta-sheinbaum-es-la-anti-trump\\\/#primaryimage\",\"url\":\"https:\\\/\\\/fuentesfidedignas.com.mx\\\/wp-content\\\/uploads\\\/2024\\\/11\\\/claudia_sheinbaum.jpg\",\"contentUrl\":\"https:\\\/\\\/fuentesfidedignas.com.mx\\\/wp-content\\\/uploads\\\/2024\\\/11\\\/claudia_sheinbaum.jpg\",\"width\":650,\"height\":385},{\"@type\":\"BreadcrumbList\",\"@id\":\"https:\\\/\\\/fuentesfidedignas.com.mx\\\/index.php\\\/2025\\\/04\\\/07\\\/the-new-york-times-analiza-si-la-presidenta-sheinbaum-es-la-anti-trump\\\/#breadcrumb\",\"itemListElement\":[{\"@type\":\"ListItem\",\"position\":1,\"name\":\"Inicio\",\"item\":\"https:\\\/\\\/fuentesfidedignas.com.mx\\\/\"},{\"@type\":\"ListItem\",\"position\":2,\"name\":\"The New York Times analiza si la presidenta Sheinbaum es \u201cla anti-Trump\u201d\"}]},{\"@type\":\"WebSite\",\"@id\":\"https:\\\/\\\/fuentesfidedignas.com.mx\\\/#website\",\"url\":\"https:\\\/\\\/fuentesfidedignas.com.mx\\\/\",\"name\":\"Fuentes Fidedignas\",\"description\":\"Otro sitio realizado con WordPress\",\"publisher\":{\"@id\":\"https:\\\/\\\/fuentesfidedignas.com.mx\\\/#organization\"},\"potentialAction\":[{\"@type\":\"SearchAction\",\"target\":{\"@type\":\"EntryPoint\",\"urlTemplate\":\"https:\\\/\\\/fuentesfidedignas.com.mx\\\/?s={search_term_string}\"},\"query-input\":{\"@type\":\"PropertyValueSpecification\",\"valueRequired\":true,\"valueName\":\"search_term_string\"}}],\"inLanguage\":\"es\"},{\"@type\":\"Organization\",\"@id\":\"https:\\\/\\\/fuentesfidedignas.com.mx\\\/#organization\",\"name\":\"Fuentes Fidedignas\",\"url\":\"https:\\\/\\\/fuentesfidedignas.com.mx\\\/\",\"logo\":{\"@type\":\"ImageObject\",\"inLanguage\":\"es\",\"@id\":\"https:\\\/\\\/fuentesfidedignas.com.mx\\\/#\\\/schema\\\/logo\\\/image\\\/\",\"url\":\"https:\\\/\\\/fuentesfidedignas.com.mx\\\/wp-content\\\/uploads\\\/2021\\\/04\\\/logo-retina.png\",\"contentUrl\":\"https:\\\/\\\/fuentesfidedignas.com.mx\\\/wp-content\\\/uploads\\\/2021\\\/04\\\/logo-retina.png\",\"width\":280,\"height\":51,\"caption\":\"Fuentes Fidedignas\"},\"image\":{\"@id\":\"https:\\\/\\\/fuentesfidedignas.com.mx\\\/#\\\/schema\\\/logo\\\/image\\\/\"},\"sameAs\":[\"https:\\\/\\\/www.facebook.com\\\/Fuentes-Fidedignas-368234489921644\",\"https:\\\/\\\/x.com\\\/fidedignas\"]},{\"@type\":\"Person\",\"@id\":\"https:\\\/\\\/fuentesfidedignas.com.mx\\\/#\\\/schema\\\/person\\\/67d852f0557c8509146a4b9ddebd543a\",\"name\":\"L\u00f3pez D\u00f3riga\",\"image\":{\"@type\":\"ImageObject\",\"inLanguage\":\"es\",\"@id\":\"https:\\\/\\\/secure.gravatar.com\\\/avatar\\\/e525b06574ca18b33cded59dfe5778d6c823b9513154eff47da551b0551bdd1e?s=96&d=mm&r=g\",\"url\":\"https:\\\/\\\/secure.gravatar.com\\\/avatar\\\/e525b06574ca18b33cded59dfe5778d6c823b9513154eff47da551b0551bdd1e?s=96&d=mm&r=g\",\"contentUrl\":\"https:\\\/\\\/secure.gravatar.com\\\/avatar\\\/e525b06574ca18b33cded59dfe5778d6c823b9513154eff47da551b0551bdd1e?s=96&d=mm&r=g\",\"caption\":\"L\u00f3pez D\u00f3riga\"},\"url\":\"https:\\\/\\\/fuentesfidedignas.com.mx\\\/index.php\\\/author\\\/doriga\\\/\"}]}<\/script>\n<!-- \/ Yoast SEO plugin. -->","yoast_head_json":{"title":"The New York Times analiza si la presidenta Sheinbaum es \u201cla anti-Trump\u201d - Fuentes Fidedignas","robots":{"index":"index","follow":"follow","max-snippet":"max-snippet:-1","max-image-preview":"max-image-preview:large","max-video-preview":"max-video-preview:-1"},"canonical":"https:\/\/fuentesfidedignas.com.mx\/index.php\/2025\/04\/07\/the-new-york-times-analiza-si-la-presidenta-sheinbaum-es-la-anti-trump\/","og_locale":"es_MX","og_type":"article","og_title":"The New York Times analiza si la presidenta Sheinbaum es \u201cla anti-Trump\u201d - Fuentes Fidedignas","og_description":"La columnista Michelle Goldberg de TNYT se\u00f1ala que la presidenta Sheinbaum puede parecer una brillante excepci\u00f3n al machismo autocr\u00e1tico The New York Times considera a la presidenta Claudia Sheinbaum como una \u201cant\u00edtesis de los arrogantes dictadores\u201d de la actual pol\u00edtica mundial, con lo que analiza si es \u201cla anti-Trump\u201c. La columnista Michelle Goldberg se\u00f1ala en [&hellip;]","og_url":"https:\/\/fuentesfidedignas.com.mx\/index.php\/2025\/04\/07\/the-new-york-times-analiza-si-la-presidenta-sheinbaum-es-la-anti-trump\/","og_site_name":"Fuentes Fidedignas","article_publisher":"https:\/\/www.facebook.com\/Fuentes-Fidedignas-368234489921644","article_published_time":"2025-04-07T18:58:16+00:00","article_modified_time":"2025-04-07T18:58:19+00:00","og_image":[{"width":650,"height":385,"url":"https:\/\/fuentesfidedignas.com.mx\/wp-content\/uploads\/2024\/11\/claudia_sheinbaum.jpg","type":"image\/jpeg"}],"author":"L\u00f3pez D\u00f3riga","twitter_card":"summary_large_image","twitter_creator":"@fidedignas","twitter_site":"@fidedignas","twitter_misc":{"Escrito por":"L\u00f3pez D\u00f3riga","Tiempo de lectura":"2 minutos"},"schema":{"@context":"https:\/\/schema.org","@graph":[{"@type":"Article","@id":"https:\/\/fuentesfidedignas.com.mx\/index.php\/2025\/04\/07\/the-new-york-times-analiza-si-la-presidenta-sheinbaum-es-la-anti-trump\/#article","isPartOf":{"@id":"https:\/\/fuentesfidedignas.com.mx\/index.php\/2025\/04\/07\/the-new-york-times-analiza-si-la-presidenta-sheinbaum-es-la-anti-trump\/"},"author":{"name":"L\u00f3pez D\u00f3riga","@id":"https:\/\/fuentesfidedignas.com.mx\/#\/schema\/person\/67d852f0557c8509146a4b9ddebd543a"},"headline":"The New York Times analiza si la presidenta Sheinbaum es \u201cla anti-Trump\u201d","datePublished":"2025-04-07T18:58:16+00:00","dateModified":"2025-04-07T18:58:19+00:00","mainEntityOfPage":{"@id":"https:\/\/fuentesfidedignas.com.mx\/index.php\/2025\/04\/07\/the-new-york-times-analiza-si-la-presidenta-sheinbaum-es-la-anti-trump\/"},"wordCount":422,"commentCount":0,"publisher":{"@id":"https:\/\/fuentesfidedignas.com.mx\/#organization"},"image":{"@id":"https:\/\/fuentesfidedignas.com.mx\/index.php\/2025\/04\/07\/the-new-york-times-analiza-si-la-presidenta-sheinbaum-es-la-anti-trump\/#primaryimage"},"thumbnailUrl":"https:\/\/fuentesfidedignas.com.mx\/wp-content\/uploads\/2024\/11\/claudia_sheinbaum.jpg","articleSection":["NOTICIAS NACIONALES"],"inLanguage":"es","potentialAction":[{"@type":"CommentAction","name":"Comment","target":["https:\/\/fuentesfidedignas.com.mx\/index.php\/2025\/04\/07\/the-new-york-times-analiza-si-la-presidenta-sheinbaum-es-la-anti-trump\/#respond"]}]},{"@type":"WebPage","@id":"https:\/\/fuentesfidedignas.com.mx\/index.php\/2025\/04\/07\/the-new-york-times-analiza-si-la-presidenta-sheinbaum-es-la-anti-trump\/","url":"https:\/\/fuentesfidedignas.com.mx\/index.php\/2025\/04\/07\/the-new-york-times-analiza-si-la-presidenta-sheinbaum-es-la-anti-trump\/","name":"The New York Times analiza si la presidenta Sheinbaum es \u201cla anti-Trump\u201d - Fuentes Fidedignas","isPartOf":{"@id":"https:\/\/fuentesfidedignas.com.mx\/#website"},"primaryImageOfPage":{"@id":"https:\/\/fuentesfidedignas.com.mx\/index.php\/2025\/04\/07\/the-new-york-times-analiza-si-la-presidenta-sheinbaum-es-la-anti-trump\/#primaryimage"},"image":{"@id":"https:\/\/fuentesfidedignas.com.mx\/index.php\/2025\/04\/07\/the-new-york-times-analiza-si-la-presidenta-sheinbaum-es-la-anti-trump\/#primaryimage"},"thumbnailUrl":"https:\/\/fuentesfidedignas.com.mx\/wp-content\/uploads\/2024\/11\/claudia_sheinbaum.jpg","datePublished":"2025-04-07T18:58:16+00:00","dateModified":"2025-04-07T18:58:19+00:00","breadcrumb":{"@id":"https:\/\/fuentesfidedignas.com.mx\/index.php\/2025\/04\/07\/the-new-york-times-analiza-si-la-presidenta-sheinbaum-es-la-anti-trump\/#breadcrumb"},"inLanguage":"es","potentialAction":[{"@type":"ReadAction","target":["https:\/\/fuentesfidedignas.com.mx\/index.php\/2025\/04\/07\/the-new-york-times-analiza-si-la-presidenta-sheinbaum-es-la-anti-trump\/"]}]},{"@type":"ImageObject","inLanguage":"es","@id":"https:\/\/fuentesfidedignas.com.mx\/index.php\/2025\/04\/07\/the-new-york-times-analiza-si-la-presidenta-sheinbaum-es-la-anti-trump\/#primaryimage","url":"https:\/\/fuentesfidedignas.com.mx\/wp-content\/uploads\/2024\/11\/claudia_sheinbaum.jpg","contentUrl":"https:\/\/fuentesfidedignas.com.mx\/wp-content\/uploads\/2024\/11\/claudia_sheinbaum.jpg","width":650,"height":385},{"@type":"BreadcrumbList","@id":"https:\/\/fuentesfidedignas.com.mx\/index.php\/2025\/04\/07\/the-new-york-times-analiza-si-la-presidenta-sheinbaum-es-la-anti-trump\/#breadcrumb","itemListElement":[{"@type":"ListItem","position":1,"name":"Inicio","item":"https:\/\/fuentesfidedignas.com.mx\/"},{"@type":"ListItem","position":2,"name":"The New York Times analiza si la presidenta Sheinbaum es \u201cla anti-Trump\u201d"}]},{"@type":"WebSite","@id":"https:\/\/fuentesfidedignas.com.mx\/#website","url":"https:\/\/fuentesfidedignas.com.mx\/","name":"Fuentes Fidedignas","description":"Otro sitio realizado con WordPress","publisher":{"@id":"https:\/\/fuentesfidedignas.com.mx\/#organization"},"potentialAction":[{"@type":"SearchAction","target":{"@type":"EntryPoint","urlTemplate":"https:\/\/fuentesfidedignas.com.mx\/?s={search_term_string}"},"query-input":{"@type":"PropertyValueSpecification","valueRequired":true,"valueName":"search_term_string"}}],"inLanguage":"es"},{"@type":"Organization","@id":"https:\/\/fuentesfidedignas.com.mx\/#organization","name":"Fuentes Fidedignas","url":"https:\/\/fuentesfidedignas.com.mx\/","logo":{"@type":"ImageObject","inLanguage":"es","@id":"https:\/\/fuentesfidedignas.com.mx\/#\/schema\/logo\/image\/","url":"https:\/\/fuentesfidedignas.com.mx\/wp-content\/uploads\/2021\/04\/logo-retina.png","contentUrl":"https:\/\/fuentesfidedignas.com.mx\/wp-content\/uploads\/2021\/04\/logo-retina.png","width":280,"height":51,"caption":"Fuentes Fidedignas"},"image":{"@id":"https:\/\/fuentesfidedignas.com.mx\/#\/schema\/logo\/image\/"},"sameAs":["https:\/\/www.facebook.com\/Fuentes-Fidedignas-368234489921644","https:\/\/x.com\/fidedignas"]},{"@type":"Person","@id":"https:\/\/fuentesfidedignas.com.mx\/#\/schema\/person\/67d852f0557c8509146a4b9ddebd543a","name":"L\u00f3pez D\u00f3riga","image":{"@type":"ImageObject","inLanguage":"es","@id":"https:\/\/secure.gravatar.com\/avatar\/e525b06574ca18b33cded59dfe5778d6c823b9513154eff47da551b0551bdd1e?s=96&d=mm&r=g","url":"https:\/\/secure.gravatar.com\/avatar\/e525b06574ca18b33cded59dfe5778d6c823b9513154eff47da551b0551bdd1e?s=96&d=mm&r=g","contentUrl":"https:\/\/secure.gravatar.com\/avatar\/e525b06574ca18b33cded59dfe5778d6c823b9513154eff47da551b0551bdd1e?s=96&d=mm&r=g","caption":"L\u00f3pez D\u00f3riga"},"url":"https:\/\/fuentesfidedignas.com.mx\/index.php\/author\/doriga\/"}]}},"_links":{"self":[{"href":"https:\/\/fuentesfidedignas.com.mx\/index.php\/wp-json\/wp\/v2\/posts\/105701","targetHints":{"allow":["GET"]}}],"collection":[{"href":"https:\/\/fuentesfidedignas.com.mx\/index.php\/wp-json\/wp\/v2\/posts"}],"about":[{"href":"https:\/\/fuentesfidedignas.com.mx\/index.php\/wp-json\/wp\/v2\/types\/post"}],"author":[{"embeddable":true,"href":"https:\/\/fuentesfidedignas.com.mx\/index.php\/wp-json\/wp\/v2\/users\/47"}],"replies":[{"embeddable":true,"href":"https:\/\/fuentesfidedignas.com.mx\/index.php\/wp-json\/wp\/v2\/comments?post=105701"}],"version-history":[{"count":1,"href":"https:\/\/fuentesfidedignas.com.mx\/index.php\/wp-json\/wp\/v2\/posts\/105701\/revisions"}],"predecessor-version":[{"id":105702,"href":"https:\/\/fuentesfidedignas.com.mx\/index.php\/wp-json\/wp\/v2\/posts\/105701\/revisions\/105702"}],"wp:featuredmedia":[{"embeddable":true,"href":"https:\/\/fuentesfidedignas.com.mx\/index.php\/wp-json\/wp\/v2\/media\/96102"}],"wp:attachment":[{"href":"https:\/\/fuentesfidedignas.com.mx\/index.php\/wp-json\/wp\/v2\/media?parent=105701"}],"wp:term":[{"taxonomy":"category","embeddable":true,"href":"https:\/\/fuentesfidedignas.com.mx\/index.php\/wp-json\/wp\/v2\/categories?post=105701"},{"taxonomy":"post_tag","embeddable":true,"href":"https:\/\/fuentesfidedignas.com.mx\/index.php\/wp-json\/wp\/v2\/tags?post=105701"}],"curies":[{"name":"wp","href":"https:\/\/api.w.org\/{rel}","templated":true}]}}