{"id":105636,"date":"2025-04-06T09:19:56","date_gmt":"2025-04-06T16:19:56","guid":{"rendered":"https:\/\/fuentesfidedignas.com.mx\/?p=105636"},"modified":"2025-04-06T09:19:56","modified_gmt":"2025-04-06T16:19:56","slug":"quita-tus-manos-protestan-contra-los-recortes-de-trump-y-musk-en-todo-eu","status":"publish","type":"post","link":"https:\/\/fuentesfidedignas.com.mx\/index.php\/2025\/04\/06\/quita-tus-manos-protestan-contra-los-recortes-de-trump-y-musk-en-todo-eu\/","title":{"rendered":"\u2018\u00a1Quita tus manos!\u2019: Protestan contra los recortes de Trump y Musk en todo EU"},"content":{"rendered":"\n<p><br><strong><em>La protesta, dirigida especialmente contra Trump y Musk, fue la primera gran manifestaci\u00f3n desde que el l\u00edder republicano regres\u00f3 a la Casa Blanca el 20 de enero<\/em><\/strong><\/p>\n\n\n\n<p>Miles de personas participaron este s\u00e1bado en protestas convocadas en un millar de ciudades y municipios de Estados Unidos, como Washington y Nueva York, en contra de los recortes y otras pol\u00edticas del presidente, Donald Trump, a quien acusan de autoritario.<\/p>\n\n\n\n<figure class=\"wp-block-embed\"><div class=\"wp-block-embed__wrapper\">\n<blockquote class=\"tiktok-embed\" cite=\"https:\/\/www.tiktok.com\/@emmylou.de.lima\/video\/7489916414346661151\" data-video-id=\"7489916414346661151\" data-embed-from=\"oembed\" style=\"max-width:605px; min-width:325px;\"> <section> <a target=\"_blank\" title=\"@emmylou.de.lima\" href=\"https:\/\/www.tiktok.com\/@emmylou.de.lima?refer=embed\">@emmylou.de.lima<\/a> <p>San Diego Hands Off Protest \ud83d\udc4f\ud83d\udc4f protest handsoff freedom FDT<\/p> <a target=\"_blank\" title=\"\u266c tv off - Kendrick Lamar\" href=\"https:\/\/www.tiktok.com\/music\/tv-off-7440191403818240016?refer=embed\">\u266c tv off &#8211; Kendrick Lamar<\/a> <\/section> <\/blockquote> <script async src=\"https:\/\/www.tiktok.com\/embed.js\"><\/script>\n<\/div><\/figure>\n\n\n\n<p>La manifestaci\u00f3n, bautizada como \u2018\u00a1\u00a1\u00a1Quita tus manos!!!\u2019, fue organizada por unos 150 grupos progresistas, como organizaciones de derechos humanos, sindicatos, colectivos feministas y de la comunidad LGTBIQ+ en los 50 estados del pa\u00eds.<\/p>\n\n\n\n<p>La protesta, dirigida especialmente contra Trump y su mano derecha, el magnate Elon Musk, ide\u00f3logo del recorte masivo del Gobierno, fue la primera gran manifestaci\u00f3n desde que el l\u00edder republicano regres\u00f3 a la Casa Blanca el 20 de enero.<\/p>\n\n\n\n<p>Los manifestantes arremetieron contra&nbsp;<strong>el despido de miles de empleados federales<\/strong>, los recortes en los programas p\u00fablicos de salud o las deportaciones de migrantes, entre otros temas.<\/p>\n\n\n\n<p class=\"default__StyledText-sc-kkhi2r-0 eUMMPK body-paragraph\">Los convocantes argumentaron que el pa\u00eds est\u00e1 en \u201ccrisis\u201d por culpa de Trump y que \u201ces hora de actuar\u201d.<\/p>\n\n\n\n<p class=\"default__StyledText-sc-kkhi2r-0 eUMMPK body-paragraph\">\u201cNo consentimos la destrucci\u00f3n de nuestro gobierno y nuestra econom\u00eda en beneficio de Trump y sus aliados multimillonarios. Junto a los estadounidenses de todo el pa\u00eds, protestamos para exigir el fin del caos y construir un movimiento de oposici\u00f3n contra el saqueo de nuestro pa\u00eds\u201d, rezaba la convocatoria.<\/p>\n","protected":false},"excerpt":{"rendered":"<p>La protesta, dirigida especialmente contra Trump y Musk, fue la primera gran manifestaci\u00f3n desde que el l\u00edder republicano regres\u00f3 a la Casa Blanca el 20 de enero Miles de personas participaron este s\u00e1bado en protestas convocadas en un millar de ciudades y municipios de Estados Unidos, como Washington y Nueva York, en contra de los [&hellip;]<\/p>\n","protected":false},"author":22,"featured_media":105635,"comment_status":"closed","ping_status":"open","sticky":false,"template":"","format":"standard","meta":{"tdm_status":"","tdm_grid_status":"","footnotes":""},"categories":[39],"tags":[],"class_list":{"0":"post-105636","1":"post","2":"type-post","3":"status-publish","4":"format-standard","5":"has-post-thumbnail","7":"category-noticias-nacionales"},"yoast_head":"<!-- This site is optimized with the Yoast SEO plugin v27.5 - https:\/\/yoast.com\/product\/yoast-seo-wordpress\/ -->\n<title>\u2018\u00a1Quita tus manos!\u2019: Protestan contra los recortes de Trump y Musk en todo EU - Fuentes Fidedignas<\/title>\n<meta name=\"robots\" content=\"index, follow, max-snippet:-1, max-image-preview:large, max-video-preview:-1\" \/>\n<link rel=\"canonical\" href=\"https:\/\/fuentesfidedignas.com.mx\/index.php\/2025\/04\/06\/quita-tus-manos-protestan-contra-los-recortes-de-trump-y-musk-en-todo-eu\/\" \/>\n<meta property=\"og:locale\" content=\"es_MX\" \/>\n<meta property=\"og:type\" content=\"article\" \/>\n<meta property=\"og:title\" content=\"\u2018\u00a1Quita tus manos!\u2019: Protestan contra los recortes de Trump y Musk en todo EU - Fuentes Fidedignas\" \/>\n<meta property=\"og:description\" content=\"La protesta, dirigida especialmente contra Trump y Musk, fue la primera gran manifestaci\u00f3n desde que el l\u00edder republicano regres\u00f3 a la Casa Blanca el 20 de enero Miles de personas participaron este s\u00e1bado en protestas convocadas en un millar de ciudades y municipios de Estados Unidos, como Washington y Nueva York, en contra de los [&hellip;]\" \/>\n<meta property=\"og:url\" content=\"https:\/\/fuentesfidedignas.com.mx\/index.php\/2025\/04\/06\/quita-tus-manos-protestan-contra-los-recortes-de-trump-y-musk-en-todo-eu\/\" \/>\n<meta property=\"og:site_name\" content=\"Fuentes Fidedignas\" \/>\n<meta property=\"article:publisher\" content=\"https:\/\/www.facebook.com\/Fuentes-Fidedignas-368234489921644\" \/>\n<meta property=\"article:published_time\" content=\"2025-04-06T16:19:56+00:00\" \/>\n<meta property=\"og:image\" content=\"https:\/\/fuentesfidedignas.com.mx\/wp-content\/uploads\/2025\/04\/img_6400-1.png\" \/>\n\t<meta property=\"og:image:width\" content=\"390\" \/>\n\t<meta property=\"og:image:height\" content=\"219\" \/>\n\t<meta property=\"og:image:type\" content=\"image\/png\" \/>\n<meta name=\"author\" content=\"EFE\" \/>\n<meta name=\"twitter:card\" content=\"summary_large_image\" \/>\n<meta name=\"twitter:creator\" content=\"@fidedignas\" \/>\n<meta name=\"twitter:site\" content=\"@fidedignas\" \/>\n<meta name=\"twitter:label1\" content=\"Escrito por\" \/>\n\t<meta name=\"twitter:data1\" content=\"EFE\" \/>\n\t<meta name=\"twitter:label2\" content=\"Tiempo de lectura\" \/>\n\t<meta name=\"twitter:data2\" content=\"1 minuto\" \/>\n<script type=\"application\/ld+json\" class=\"yoast-schema-graph\">{\"@context\":\"https:\\\/\\\/schema.org\",\"@graph\":[{\"@type\":\"Article\",\"@id\":\"https:\\\/\\\/fuentesfidedignas.com.mx\\\/index.php\\\/2025\\\/04\\\/06\\\/quita-tus-manos-protestan-contra-los-recortes-de-trump-y-musk-en-todo-eu\\\/#article\",\"isPartOf\":{\"@id\":\"https:\\\/\\\/fuentesfidedignas.com.mx\\\/index.php\\\/2025\\\/04\\\/06\\\/quita-tus-manos-protestan-contra-los-recortes-de-trump-y-musk-en-todo-eu\\\/\"},\"author\":{\"name\":\"EFE\",\"@id\":\"https:\\\/\\\/fuentesfidedignas.com.mx\\\/#\\\/schema\\\/person\\\/0d44615087b5a626d5d3f13afe31ac41\"},\"headline\":\"\u2018\u00a1Quita tus manos!\u2019: Protestan contra los recortes de Trump y Musk en todo EU\",\"datePublished\":\"2025-04-06T16:19:56+00:00\",\"mainEntityOfPage\":{\"@id\":\"https:\\\/\\\/fuentesfidedignas.com.mx\\\/index.php\\\/2025\\\/04\\\/06\\\/quita-tus-manos-protestan-contra-los-recortes-de-trump-y-musk-en-todo-eu\\\/\"},\"wordCount\":275,\"publisher\":{\"@id\":\"https:\\\/\\\/fuentesfidedignas.com.mx\\\/#organization\"},\"image\":{\"@id\":\"https:\\\/\\\/fuentesfidedignas.com.mx\\\/index.php\\\/2025\\\/04\\\/06\\\/quita-tus-manos-protestan-contra-los-recortes-de-trump-y-musk-en-todo-eu\\\/#primaryimage\"},\"thumbnailUrl\":\"https:\\\/\\\/fuentesfidedignas.com.mx\\\/wp-content\\\/uploads\\\/2025\\\/04\\\/img_6400-1.png\",\"articleSection\":[\"NOTICIAS NACIONALES\"],\"inLanguage\":\"es\"},{\"@type\":\"WebPage\",\"@id\":\"https:\\\/\\\/fuentesfidedignas.com.mx\\\/index.php\\\/2025\\\/04\\\/06\\\/quita-tus-manos-protestan-contra-los-recortes-de-trump-y-musk-en-todo-eu\\\/\",\"url\":\"https:\\\/\\\/fuentesfidedignas.com.mx\\\/index.php\\\/2025\\\/04\\\/06\\\/quita-tus-manos-protestan-contra-los-recortes-de-trump-y-musk-en-todo-eu\\\/\",\"name\":\"\u2018\u00a1Quita tus manos!\u2019: Protestan contra los recortes de Trump y Musk en todo EU - Fuentes Fidedignas\",\"isPartOf\":{\"@id\":\"https:\\\/\\\/fuentesfidedignas.com.mx\\\/#website\"},\"primaryImageOfPage\":{\"@id\":\"https:\\\/\\\/fuentesfidedignas.com.mx\\\/index.php\\\/2025\\\/04\\\/06\\\/quita-tus-manos-protestan-contra-los-recortes-de-trump-y-musk-en-todo-eu\\\/#primaryimage\"},\"image\":{\"@id\":\"https:\\\/\\\/fuentesfidedignas.com.mx\\\/index.php\\\/2025\\\/04\\\/06\\\/quita-tus-manos-protestan-contra-los-recortes-de-trump-y-musk-en-todo-eu\\\/#primaryimage\"},\"thumbnailUrl\":\"https:\\\/\\\/fuentesfidedignas.com.mx\\\/wp-content\\\/uploads\\\/2025\\\/04\\\/img_6400-1.png\",\"datePublished\":\"2025-04-06T16:19:56+00:00\",\"breadcrumb\":{\"@id\":\"https:\\\/\\\/fuentesfidedignas.com.mx\\\/index.php\\\/2025\\\/04\\\/06\\\/quita-tus-manos-protestan-contra-los-recortes-de-trump-y-musk-en-todo-eu\\\/#breadcrumb\"},\"inLanguage\":\"es\",\"potentialAction\":[{\"@type\":\"ReadAction\",\"target\":[\"https:\\\/\\\/fuentesfidedignas.com.mx\\\/index.php\\\/2025\\\/04\\\/06\\\/quita-tus-manos-protestan-contra-los-recortes-de-trump-y-musk-en-todo-eu\\\/\"]}]},{\"@type\":\"ImageObject\",\"inLanguage\":\"es\",\"@id\":\"https:\\\/\\\/fuentesfidedignas.com.mx\\\/index.php\\\/2025\\\/04\\\/06\\\/quita-tus-manos-protestan-contra-los-recortes-de-trump-y-musk-en-todo-eu\\\/#primaryimage\",\"url\":\"https:\\\/\\\/fuentesfidedignas.com.mx\\\/wp-content\\\/uploads\\\/2025\\\/04\\\/img_6400-1.png\",\"contentUrl\":\"https:\\\/\\\/fuentesfidedignas.com.mx\\\/wp-content\\\/uploads\\\/2025\\\/04\\\/img_6400-1.png\",\"width\":390,\"height\":219},{\"@type\":\"BreadcrumbList\",\"@id\":\"https:\\\/\\\/fuentesfidedignas.com.mx\\\/index.php\\\/2025\\\/04\\\/06\\\/quita-tus-manos-protestan-contra-los-recortes-de-trump-y-musk-en-todo-eu\\\/#breadcrumb\",\"itemListElement\":[{\"@type\":\"ListItem\",\"position\":1,\"name\":\"Inicio\",\"item\":\"https:\\\/\\\/fuentesfidedignas.com.mx\\\/\"},{\"@type\":\"ListItem\",\"position\":2,\"name\":\"\u2018\u00a1Quita tus manos!\u2019: Protestan contra los recortes de Trump y Musk en todo EU\"}]},{\"@type\":\"WebSite\",\"@id\":\"https:\\\/\\\/fuentesfidedignas.com.mx\\\/#website\",\"url\":\"https:\\\/\\\/fuentesfidedignas.com.mx\\\/\",\"name\":\"Fuentes Fidedignas\",\"description\":\"Otro sitio realizado con WordPress\",\"publisher\":{\"@id\":\"https:\\\/\\\/fuentesfidedignas.com.mx\\\/#organization\"},\"potentialAction\":[{\"@type\":\"SearchAction\",\"target\":{\"@type\":\"EntryPoint\",\"urlTemplate\":\"https:\\\/\\\/fuentesfidedignas.com.mx\\\/?s={search_term_string}\"},\"query-input\":{\"@type\":\"PropertyValueSpecification\",\"valueRequired\":true,\"valueName\":\"search_term_string\"}}],\"inLanguage\":\"es\"},{\"@type\":\"Organization\",\"@id\":\"https:\\\/\\\/fuentesfidedignas.com.mx\\\/#organization\",\"name\":\"Fuentes Fidedignas\",\"url\":\"https:\\\/\\\/fuentesfidedignas.com.mx\\\/\",\"logo\":{\"@type\":\"ImageObject\",\"inLanguage\":\"es\",\"@id\":\"https:\\\/\\\/fuentesfidedignas.com.mx\\\/#\\\/schema\\\/logo\\\/image\\\/\",\"url\":\"https:\\\/\\\/fuentesfidedignas.com.mx\\\/wp-content\\\/uploads\\\/2021\\\/04\\\/logo-retina.png\",\"contentUrl\":\"https:\\\/\\\/fuentesfidedignas.com.mx\\\/wp-content\\\/uploads\\\/2021\\\/04\\\/logo-retina.png\",\"width\":280,\"height\":51,\"caption\":\"Fuentes Fidedignas\"},\"image\":{\"@id\":\"https:\\\/\\\/fuentesfidedignas.com.mx\\\/#\\\/schema\\\/logo\\\/image\\\/\"},\"sameAs\":[\"https:\\\/\\\/www.facebook.com\\\/Fuentes-Fidedignas-368234489921644\",\"https:\\\/\\\/x.com\\\/fidedignas\"]},{\"@type\":\"Person\",\"@id\":\"https:\\\/\\\/fuentesfidedignas.com.mx\\\/#\\\/schema\\\/person\\\/0d44615087b5a626d5d3f13afe31ac41\",\"name\":\"EFE\",\"image\":{\"@type\":\"ImageObject\",\"inLanguage\":\"es\",\"@id\":\"https:\\\/\\\/secure.gravatar.com\\\/avatar\\\/7048c2d9b569d9bed55bb53ad23821e6e047aa66338fb6ea9868627bbb9f54e8?s=96&d=mm&r=g\",\"url\":\"https:\\\/\\\/secure.gravatar.com\\\/avatar\\\/7048c2d9b569d9bed55bb53ad23821e6e047aa66338fb6ea9868627bbb9f54e8?s=96&d=mm&r=g\",\"contentUrl\":\"https:\\\/\\\/secure.gravatar.com\\\/avatar\\\/7048c2d9b569d9bed55bb53ad23821e6e047aa66338fb6ea9868627bbb9f54e8?s=96&d=mm&r=g\",\"caption\":\"EFE\"},\"url\":\"https:\\\/\\\/fuentesfidedignas.com.mx\\\/index.php\\\/author\\\/efe\\\/\"}]}<\/script>\n<!-- \/ Yoast SEO plugin. -->","yoast_head_json":{"title":"\u2018\u00a1Quita tus manos!\u2019: Protestan contra los recortes de Trump y Musk en todo EU - Fuentes Fidedignas","robots":{"index":"index","follow":"follow","max-snippet":"max-snippet:-1","max-image-preview":"max-image-preview:large","max-video-preview":"max-video-preview:-1"},"canonical":"https:\/\/fuentesfidedignas.com.mx\/index.php\/2025\/04\/06\/quita-tus-manos-protestan-contra-los-recortes-de-trump-y-musk-en-todo-eu\/","og_locale":"es_MX","og_type":"article","og_title":"\u2018\u00a1Quita tus manos!\u2019: Protestan contra los recortes de Trump y Musk en todo EU - Fuentes Fidedignas","og_description":"La protesta, dirigida especialmente contra Trump y Musk, fue la primera gran manifestaci\u00f3n desde que el l\u00edder republicano regres\u00f3 a la Casa Blanca el 20 de enero Miles de personas participaron este s\u00e1bado en protestas convocadas en un millar de ciudades y municipios de Estados Unidos, como Washington y Nueva York, en contra de los [&hellip;]","og_url":"https:\/\/fuentesfidedignas.com.mx\/index.php\/2025\/04\/06\/quita-tus-manos-protestan-contra-los-recortes-de-trump-y-musk-en-todo-eu\/","og_site_name":"Fuentes Fidedignas","article_publisher":"https:\/\/www.facebook.com\/Fuentes-Fidedignas-368234489921644","article_published_time":"2025-04-06T16:19:56+00:00","og_image":[{"width":390,"height":219,"url":"https:\/\/fuentesfidedignas.com.mx\/wp-content\/uploads\/2025\/04\/img_6400-1.png","type":"image\/png"}],"author":"EFE","twitter_card":"summary_large_image","twitter_creator":"@fidedignas","twitter_site":"@fidedignas","twitter_misc":{"Escrito por":"EFE","Tiempo de lectura":"1 minuto"},"schema":{"@context":"https:\/\/schema.org","@graph":[{"@type":"Article","@id":"https:\/\/fuentesfidedignas.com.mx\/index.php\/2025\/04\/06\/quita-tus-manos-protestan-contra-los-recortes-de-trump-y-musk-en-todo-eu\/#article","isPartOf":{"@id":"https:\/\/fuentesfidedignas.com.mx\/index.php\/2025\/04\/06\/quita-tus-manos-protestan-contra-los-recortes-de-trump-y-musk-en-todo-eu\/"},"author":{"name":"EFE","@id":"https:\/\/fuentesfidedignas.com.mx\/#\/schema\/person\/0d44615087b5a626d5d3f13afe31ac41"},"headline":"\u2018\u00a1Quita tus manos!\u2019: Protestan contra los recortes de Trump y Musk en todo EU","datePublished":"2025-04-06T16:19:56+00:00","mainEntityOfPage":{"@id":"https:\/\/fuentesfidedignas.com.mx\/index.php\/2025\/04\/06\/quita-tus-manos-protestan-contra-los-recortes-de-trump-y-musk-en-todo-eu\/"},"wordCount":275,"publisher":{"@id":"https:\/\/fuentesfidedignas.com.mx\/#organization"},"image":{"@id":"https:\/\/fuentesfidedignas.com.mx\/index.php\/2025\/04\/06\/quita-tus-manos-protestan-contra-los-recortes-de-trump-y-musk-en-todo-eu\/#primaryimage"},"thumbnailUrl":"https:\/\/fuentesfidedignas.com.mx\/wp-content\/uploads\/2025\/04\/img_6400-1.png","articleSection":["NOTICIAS NACIONALES"],"inLanguage":"es"},{"@type":"WebPage","@id":"https:\/\/fuentesfidedignas.com.mx\/index.php\/2025\/04\/06\/quita-tus-manos-protestan-contra-los-recortes-de-trump-y-musk-en-todo-eu\/","url":"https:\/\/fuentesfidedignas.com.mx\/index.php\/2025\/04\/06\/quita-tus-manos-protestan-contra-los-recortes-de-trump-y-musk-en-todo-eu\/","name":"\u2018\u00a1Quita tus manos!\u2019: Protestan contra los recortes de Trump y Musk en todo EU - Fuentes Fidedignas","isPartOf":{"@id":"https:\/\/fuentesfidedignas.com.mx\/#website"},"primaryImageOfPage":{"@id":"https:\/\/fuentesfidedignas.com.mx\/index.php\/2025\/04\/06\/quita-tus-manos-protestan-contra-los-recortes-de-trump-y-musk-en-todo-eu\/#primaryimage"},"image":{"@id":"https:\/\/fuentesfidedignas.com.mx\/index.php\/2025\/04\/06\/quita-tus-manos-protestan-contra-los-recortes-de-trump-y-musk-en-todo-eu\/#primaryimage"},"thumbnailUrl":"https:\/\/fuentesfidedignas.com.mx\/wp-content\/uploads\/2025\/04\/img_6400-1.png","datePublished":"2025-04-06T16:19:56+00:00","breadcrumb":{"@id":"https:\/\/fuentesfidedignas.com.mx\/index.php\/2025\/04\/06\/quita-tus-manos-protestan-contra-los-recortes-de-trump-y-musk-en-todo-eu\/#breadcrumb"},"inLanguage":"es","potentialAction":[{"@type":"ReadAction","target":["https:\/\/fuentesfidedignas.com.mx\/index.php\/2025\/04\/06\/quita-tus-manos-protestan-contra-los-recortes-de-trump-y-musk-en-todo-eu\/"]}]},{"@type":"ImageObject","inLanguage":"es","@id":"https:\/\/fuentesfidedignas.com.mx\/index.php\/2025\/04\/06\/quita-tus-manos-protestan-contra-los-recortes-de-trump-y-musk-en-todo-eu\/#primaryimage","url":"https:\/\/fuentesfidedignas.com.mx\/wp-content\/uploads\/2025\/04\/img_6400-1.png","contentUrl":"https:\/\/fuentesfidedignas.com.mx\/wp-content\/uploads\/2025\/04\/img_6400-1.png","width":390,"height":219},{"@type":"BreadcrumbList","@id":"https:\/\/fuentesfidedignas.com.mx\/index.php\/2025\/04\/06\/quita-tus-manos-protestan-contra-los-recortes-de-trump-y-musk-en-todo-eu\/#breadcrumb","itemListElement":[{"@type":"ListItem","position":1,"name":"Inicio","item":"https:\/\/fuentesfidedignas.com.mx\/"},{"@type":"ListItem","position":2,"name":"\u2018\u00a1Quita tus manos!\u2019: Protestan contra los recortes de Trump y Musk en todo EU"}]},{"@type":"WebSite","@id":"https:\/\/fuentesfidedignas.com.mx\/#website","url":"https:\/\/fuentesfidedignas.com.mx\/","name":"Fuentes Fidedignas","description":"Otro sitio realizado con WordPress","publisher":{"@id":"https:\/\/fuentesfidedignas.com.mx\/#organization"},"potentialAction":[{"@type":"SearchAction","target":{"@type":"EntryPoint","urlTemplate":"https:\/\/fuentesfidedignas.com.mx\/?s={search_term_string}"},"query-input":{"@type":"PropertyValueSpecification","valueRequired":true,"valueName":"search_term_string"}}],"inLanguage":"es"},{"@type":"Organization","@id":"https:\/\/fuentesfidedignas.com.mx\/#organization","name":"Fuentes Fidedignas","url":"https:\/\/fuentesfidedignas.com.mx\/","logo":{"@type":"ImageObject","inLanguage":"es","@id":"https:\/\/fuentesfidedignas.com.mx\/#\/schema\/logo\/image\/","url":"https:\/\/fuentesfidedignas.com.mx\/wp-content\/uploads\/2021\/04\/logo-retina.png","contentUrl":"https:\/\/fuentesfidedignas.com.mx\/wp-content\/uploads\/2021\/04\/logo-retina.png","width":280,"height":51,"caption":"Fuentes Fidedignas"},"image":{"@id":"https:\/\/fuentesfidedignas.com.mx\/#\/schema\/logo\/image\/"},"sameAs":["https:\/\/www.facebook.com\/Fuentes-Fidedignas-368234489921644","https:\/\/x.com\/fidedignas"]},{"@type":"Person","@id":"https:\/\/fuentesfidedignas.com.mx\/#\/schema\/person\/0d44615087b5a626d5d3f13afe31ac41","name":"EFE","image":{"@type":"ImageObject","inLanguage":"es","@id":"https:\/\/secure.gravatar.com\/avatar\/7048c2d9b569d9bed55bb53ad23821e6e047aa66338fb6ea9868627bbb9f54e8?s=96&d=mm&r=g","url":"https:\/\/secure.gravatar.com\/avatar\/7048c2d9b569d9bed55bb53ad23821e6e047aa66338fb6ea9868627bbb9f54e8?s=96&d=mm&r=g","contentUrl":"https:\/\/secure.gravatar.com\/avatar\/7048c2d9b569d9bed55bb53ad23821e6e047aa66338fb6ea9868627bbb9f54e8?s=96&d=mm&r=g","caption":"EFE"},"url":"https:\/\/fuentesfidedignas.com.mx\/index.php\/author\/efe\/"}]}},"_links":{"self":[{"href":"https:\/\/fuentesfidedignas.com.mx\/index.php\/wp-json\/wp\/v2\/posts\/105636","targetHints":{"allow":["GET"]}}],"collection":[{"href":"https:\/\/fuentesfidedignas.com.mx\/index.php\/wp-json\/wp\/v2\/posts"}],"about":[{"href":"https:\/\/fuentesfidedignas.com.mx\/index.php\/wp-json\/wp\/v2\/types\/post"}],"author":[{"embeddable":true,"href":"https:\/\/fuentesfidedignas.com.mx\/index.php\/wp-json\/wp\/v2\/users\/22"}],"replies":[{"embeddable":true,"href":"https:\/\/fuentesfidedignas.com.mx\/index.php\/wp-json\/wp\/v2\/comments?post=105636"}],"version-history":[{"count":1,"href":"https:\/\/fuentesfidedignas.com.mx\/index.php\/wp-json\/wp\/v2\/posts\/105636\/revisions"}],"predecessor-version":[{"id":105637,"href":"https:\/\/fuentesfidedignas.com.mx\/index.php\/wp-json\/wp\/v2\/posts\/105636\/revisions\/105637"}],"wp:featuredmedia":[{"embeddable":true,"href":"https:\/\/fuentesfidedignas.com.mx\/index.php\/wp-json\/wp\/v2\/media\/105635"}],"wp:attachment":[{"href":"https:\/\/fuentesfidedignas.com.mx\/index.php\/wp-json\/wp\/v2\/media?parent=105636"}],"wp:term":[{"taxonomy":"category","embeddable":true,"href":"https:\/\/fuentesfidedignas.com.mx\/index.php\/wp-json\/wp\/v2\/categories?post=105636"},{"taxonomy":"post_tag","embeddable":true,"href":"https:\/\/fuentesfidedignas.com.mx\/index.php\/wp-json\/wp\/v2\/tags?post=105636"}],"curies":[{"name":"wp","href":"https:\/\/api.w.org\/{rel}","templated":true}]}}