{"id":105624,"date":"2025-04-06T08:11:18","date_gmt":"2025-04-06T15:11:18","guid":{"rendered":"https:\/\/fuentesfidedignas.com.mx\/?p=105624"},"modified":"2025-04-06T08:11:18","modified_gmt":"2025-04-06T15:11:18","slug":"mueren-dos-personas-en-el-festival-axe-ceremonia-2025-por-caida-de-estructura","status":"publish","type":"post","link":"https:\/\/fuentesfidedignas.com.mx\/index.php\/2025\/04\/06\/mueren-dos-personas-en-el-festival-axe-ceremonia-2025-por-caida-de-estructura\/","title":{"rendered":"Mueren dos personas en el Festival Axe Ceremonia 2025 por ca\u00edda de estructura"},"content":{"rendered":"\n<p><\/p>\n\n\n\n<p><strong><em>La Secretar\u00eda de Gesti\u00f3n Integral de Riesgos y PC inform\u00f3 del deceso de los asistentes en un comunicado.<\/em><\/strong><\/p>\n\n\n\n<p>Ciudad de M\u00e9xico.- Durante el primer d\u00eda de actividades del Festival Axe Ceremonia 2025, que se lleva a cabo en el Parque Bicentenario de la Ciudad de M\u00e9xico, ocurri\u00f3 un suceso muy desafortunado: una estructura met\u00e1lica se cay\u00f3 y lesion\u00f3 a dos personas.<\/p>\n\n\n\n<p>Esto ocurri\u00f3 al filo de las 18 horas. Ante el estruendo, elementos del evento se acercaron para apoyar a los afectados. Despu\u00e9s de que fueron trasladados a un hospital, la Secretar\u00eda de Gesti\u00f3n Integral de Riesgos y PC inform\u00f3 que ambos afectados fallecieron.<\/p>\n\n\n\n<p>&#8220;<strong><em>La mencionada estructura cay\u00f3 sobre dos personas que recibieron atenci\u00f3n prehospitalaria en el lugar, para posteriormente ser trasladadas de prioridad al nosocomio, donde lamentablemente fallecieron<\/em><\/strong>&#8220;, revel\u00f3 la instituci\u00f3n.<\/p>\n\n\n\n<p>Ante este suceso, la Fiscal\u00eda General de Justicia de la Ciudad de M\u00e9xico abri\u00f3 una carpeta de investigaci\u00f3n para &#8220;realizar el deslinde de responsabilidades correspondiente&#8221;.<\/p>\n\n\n\n<p>Al tratarse de un evento privado, la Secretar\u00eda de Gesti\u00f3n Integral precis\u00f3 que &#8220;el Director responsable de obra y el Responsable oficial de protecci\u00f3n civil, contratados por los organizadores,&nbsp;<strong>deber\u00e1n someterse a una investigaci\u00f3n<\/strong>&#8220;.<\/p>\n\n\n\n<blockquote class=\"wp-block-quote is-layout-flow wp-block-quote-is-layout-flow\">\n<p>&#8220;Estos lamentables hechos fueron el resultado de una&nbsp;<strong>deficiente supervisi\u00f3n de medidas preventivas&nbsp;<\/strong>por parte de los organizadores y las \u00e1reas operativas de la alcald\u00eda Miguel Hidalgo&#8221;.<\/p>\n<\/blockquote>\n\n\n\n<p>Resalta que&nbsp;<strong>la Jefa de gobierno, Clara Brugada,&nbsp;<\/strong>inst\u00f3 a la Secretar\u00eda de Gesti\u00f3n Integral a permanecer atenta &#8220;al desarrollo de las investigaciones correspondientes&#8221;.<\/p>\n","protected":false},"excerpt":{"rendered":"<p>La Secretar\u00eda de Gesti\u00f3n Integral de Riesgos y PC inform\u00f3 del deceso de los asistentes en un comunicado. Ciudad de M\u00e9xico.- Durante el primer d\u00eda de actividades del Festival Axe Ceremonia 2025, que se lleva a cabo en el Parque Bicentenario de la Ciudad de M\u00e9xico, ocurri\u00f3 un suceso muy desafortunado: una estructura met\u00e1lica se [&hellip;]<\/p>\n","protected":false},"author":9,"featured_media":105623,"comment_status":"closed","ping_status":"open","sticky":false,"template":"","format":"standard","meta":{"tdm_status":"","tdm_grid_status":"","footnotes":""},"categories":[39],"tags":[],"class_list":{"0":"post-105624","1":"post","2":"type-post","3":"status-publish","4":"format-standard","5":"has-post-thumbnail","7":"category-noticias-nacionales"},"yoast_head":"<!-- This site is optimized with the Yoast SEO plugin v27.4 - https:\/\/yoast.com\/product\/yoast-seo-wordpress\/ -->\n<title>Mueren dos personas en el Festival Axe Ceremonia 2025 por ca\u00edda de estructura - Fuentes Fidedignas<\/title>\n<meta name=\"robots\" content=\"index, follow, max-snippet:-1, max-image-preview:large, max-video-preview:-1\" \/>\n<link rel=\"canonical\" href=\"https:\/\/fuentesfidedignas.com.mx\/index.php\/2025\/04\/06\/mueren-dos-personas-en-el-festival-axe-ceremonia-2025-por-caida-de-estructura\/\" \/>\n<meta property=\"og:locale\" content=\"es_MX\" \/>\n<meta property=\"og:type\" content=\"article\" \/>\n<meta property=\"og:title\" content=\"Mueren dos personas en el Festival Axe Ceremonia 2025 por ca\u00edda de estructura - Fuentes Fidedignas\" \/>\n<meta property=\"og:description\" content=\"La Secretar\u00eda de Gesti\u00f3n Integral de Riesgos y PC inform\u00f3 del deceso de los asistentes en un comunicado. Ciudad de M\u00e9xico.- Durante el primer d\u00eda de actividades del Festival Axe Ceremonia 2025, que se lleva a cabo en el Parque Bicentenario de la Ciudad de M\u00e9xico, ocurri\u00f3 un suceso muy desafortunado: una estructura met\u00e1lica se [&hellip;]\" \/>\n<meta property=\"og:url\" content=\"https:\/\/fuentesfidedignas.com.mx\/index.php\/2025\/04\/06\/mueren-dos-personas-en-el-festival-axe-ceremonia-2025-por-caida-de-estructura\/\" \/>\n<meta property=\"og:site_name\" content=\"Fuentes Fidedignas\" \/>\n<meta property=\"article:publisher\" content=\"https:\/\/www.facebook.com\/Fuentes-Fidedignas-368234489921644\" \/>\n<meta property=\"article:published_time\" content=\"2025-04-06T15:11:18+00:00\" \/>\n<meta property=\"og:image\" content=\"https:\/\/fuentesfidedignas.com.mx\/wp-content\/uploads\/2025\/04\/img_6390-1.jpg\" \/>\n\t<meta property=\"og:image:width\" content=\"738\" \/>\n\t<meta property=\"og:image:height\" content=\"415\" \/>\n\t<meta property=\"og:image:type\" content=\"image\/jpeg\" \/>\n<meta name=\"author\" content=\"Milenio\" \/>\n<meta name=\"twitter:card\" content=\"summary_large_image\" \/>\n<meta name=\"twitter:creator\" content=\"@fidedignas\" \/>\n<meta name=\"twitter:site\" content=\"@fidedignas\" \/>\n<meta name=\"twitter:label1\" content=\"Escrito por\" \/>\n\t<meta name=\"twitter:data1\" content=\"Milenio\" \/>\n\t<meta name=\"twitter:label2\" content=\"Tiempo de lectura\" \/>\n\t<meta name=\"twitter:data2\" content=\"1 minuto\" \/>\n<script type=\"application\/ld+json\" class=\"yoast-schema-graph\">{\"@context\":\"https:\\\/\\\/schema.org\",\"@graph\":[{\"@type\":\"Article\",\"@id\":\"https:\\\/\\\/fuentesfidedignas.com.mx\\\/index.php\\\/2025\\\/04\\\/06\\\/mueren-dos-personas-en-el-festival-axe-ceremonia-2025-por-caida-de-estructura\\\/#article\",\"isPartOf\":{\"@id\":\"https:\\\/\\\/fuentesfidedignas.com.mx\\\/index.php\\\/2025\\\/04\\\/06\\\/mueren-dos-personas-en-el-festival-axe-ceremonia-2025-por-caida-de-estructura\\\/\"},\"author\":{\"name\":\"Milenio\",\"@id\":\"https:\\\/\\\/fuentesfidedignas.com.mx\\\/#\\\/schema\\\/person\\\/47ec0135738f4b0c7495f06a77a2c976\"},\"headline\":\"Mueren dos personas en el Festival Axe Ceremonia 2025 por ca\u00edda de estructura\",\"datePublished\":\"2025-04-06T15:11:18+00:00\",\"mainEntityOfPage\":{\"@id\":\"https:\\\/\\\/fuentesfidedignas.com.mx\\\/index.php\\\/2025\\\/04\\\/06\\\/mueren-dos-personas-en-el-festival-axe-ceremonia-2025-por-caida-de-estructura\\\/\"},\"wordCount\":282,\"publisher\":{\"@id\":\"https:\\\/\\\/fuentesfidedignas.com.mx\\\/#organization\"},\"image\":{\"@id\":\"https:\\\/\\\/fuentesfidedignas.com.mx\\\/index.php\\\/2025\\\/04\\\/06\\\/mueren-dos-personas-en-el-festival-axe-ceremonia-2025-por-caida-de-estructura\\\/#primaryimage\"},\"thumbnailUrl\":\"https:\\\/\\\/fuentesfidedignas.com.mx\\\/wp-content\\\/uploads\\\/2025\\\/04\\\/img_6390-1.jpg\",\"articleSection\":[\"NOTICIAS NACIONALES\"],\"inLanguage\":\"es\"},{\"@type\":\"WebPage\",\"@id\":\"https:\\\/\\\/fuentesfidedignas.com.mx\\\/index.php\\\/2025\\\/04\\\/06\\\/mueren-dos-personas-en-el-festival-axe-ceremonia-2025-por-caida-de-estructura\\\/\",\"url\":\"https:\\\/\\\/fuentesfidedignas.com.mx\\\/index.php\\\/2025\\\/04\\\/06\\\/mueren-dos-personas-en-el-festival-axe-ceremonia-2025-por-caida-de-estructura\\\/\",\"name\":\"Mueren dos personas en el Festival Axe Ceremonia 2025 por ca\u00edda de estructura - Fuentes Fidedignas\",\"isPartOf\":{\"@id\":\"https:\\\/\\\/fuentesfidedignas.com.mx\\\/#website\"},\"primaryImageOfPage\":{\"@id\":\"https:\\\/\\\/fuentesfidedignas.com.mx\\\/index.php\\\/2025\\\/04\\\/06\\\/mueren-dos-personas-en-el-festival-axe-ceremonia-2025-por-caida-de-estructura\\\/#primaryimage\"},\"image\":{\"@id\":\"https:\\\/\\\/fuentesfidedignas.com.mx\\\/index.php\\\/2025\\\/04\\\/06\\\/mueren-dos-personas-en-el-festival-axe-ceremonia-2025-por-caida-de-estructura\\\/#primaryimage\"},\"thumbnailUrl\":\"https:\\\/\\\/fuentesfidedignas.com.mx\\\/wp-content\\\/uploads\\\/2025\\\/04\\\/img_6390-1.jpg\",\"datePublished\":\"2025-04-06T15:11:18+00:00\",\"breadcrumb\":{\"@id\":\"https:\\\/\\\/fuentesfidedignas.com.mx\\\/index.php\\\/2025\\\/04\\\/06\\\/mueren-dos-personas-en-el-festival-axe-ceremonia-2025-por-caida-de-estructura\\\/#breadcrumb\"},\"inLanguage\":\"es\",\"potentialAction\":[{\"@type\":\"ReadAction\",\"target\":[\"https:\\\/\\\/fuentesfidedignas.com.mx\\\/index.php\\\/2025\\\/04\\\/06\\\/mueren-dos-personas-en-el-festival-axe-ceremonia-2025-por-caida-de-estructura\\\/\"]}]},{\"@type\":\"ImageObject\",\"inLanguage\":\"es\",\"@id\":\"https:\\\/\\\/fuentesfidedignas.com.mx\\\/index.php\\\/2025\\\/04\\\/06\\\/mueren-dos-personas-en-el-festival-axe-ceremonia-2025-por-caida-de-estructura\\\/#primaryimage\",\"url\":\"https:\\\/\\\/fuentesfidedignas.com.mx\\\/wp-content\\\/uploads\\\/2025\\\/04\\\/img_6390-1.jpg\",\"contentUrl\":\"https:\\\/\\\/fuentesfidedignas.com.mx\\\/wp-content\\\/uploads\\\/2025\\\/04\\\/img_6390-1.jpg\",\"width\":738,\"height\":415},{\"@type\":\"BreadcrumbList\",\"@id\":\"https:\\\/\\\/fuentesfidedignas.com.mx\\\/index.php\\\/2025\\\/04\\\/06\\\/mueren-dos-personas-en-el-festival-axe-ceremonia-2025-por-caida-de-estructura\\\/#breadcrumb\",\"itemListElement\":[{\"@type\":\"ListItem\",\"position\":1,\"name\":\"Inicio\",\"item\":\"https:\\\/\\\/fuentesfidedignas.com.mx\\\/\"},{\"@type\":\"ListItem\",\"position\":2,\"name\":\"Mueren dos personas en el Festival Axe Ceremonia 2025 por ca\u00edda de estructura\"}]},{\"@type\":\"WebSite\",\"@id\":\"https:\\\/\\\/fuentesfidedignas.com.mx\\\/#website\",\"url\":\"https:\\\/\\\/fuentesfidedignas.com.mx\\\/\",\"name\":\"Fuentes Fidedignas\",\"description\":\"Otro sitio realizado con WordPress\",\"publisher\":{\"@id\":\"https:\\\/\\\/fuentesfidedignas.com.mx\\\/#organization\"},\"potentialAction\":[{\"@type\":\"SearchAction\",\"target\":{\"@type\":\"EntryPoint\",\"urlTemplate\":\"https:\\\/\\\/fuentesfidedignas.com.mx\\\/?s={search_term_string}\"},\"query-input\":{\"@type\":\"PropertyValueSpecification\",\"valueRequired\":true,\"valueName\":\"search_term_string\"}}],\"inLanguage\":\"es\"},{\"@type\":\"Organization\",\"@id\":\"https:\\\/\\\/fuentesfidedignas.com.mx\\\/#organization\",\"name\":\"Fuentes Fidedignas\",\"url\":\"https:\\\/\\\/fuentesfidedignas.com.mx\\\/\",\"logo\":{\"@type\":\"ImageObject\",\"inLanguage\":\"es\",\"@id\":\"https:\\\/\\\/fuentesfidedignas.com.mx\\\/#\\\/schema\\\/logo\\\/image\\\/\",\"url\":\"https:\\\/\\\/fuentesfidedignas.com.mx\\\/wp-content\\\/uploads\\\/2021\\\/04\\\/logo-retina.png\",\"contentUrl\":\"https:\\\/\\\/fuentesfidedignas.com.mx\\\/wp-content\\\/uploads\\\/2021\\\/04\\\/logo-retina.png\",\"width\":280,\"height\":51,\"caption\":\"Fuentes Fidedignas\"},\"image\":{\"@id\":\"https:\\\/\\\/fuentesfidedignas.com.mx\\\/#\\\/schema\\\/logo\\\/image\\\/\"},\"sameAs\":[\"https:\\\/\\\/www.facebook.com\\\/Fuentes-Fidedignas-368234489921644\",\"https:\\\/\\\/x.com\\\/fidedignas\"]},{\"@type\":\"Person\",\"@id\":\"https:\\\/\\\/fuentesfidedignas.com.mx\\\/#\\\/schema\\\/person\\\/47ec0135738f4b0c7495f06a77a2c976\",\"name\":\"Milenio\",\"image\":{\"@type\":\"ImageObject\",\"inLanguage\":\"es\",\"@id\":\"https:\\\/\\\/secure.gravatar.com\\\/avatar\\\/acabf7b54753e51c2c76457954577c236b3b764789b19879565769739d1e4a75?s=96&d=mm&r=g\",\"url\":\"https:\\\/\\\/secure.gravatar.com\\\/avatar\\\/acabf7b54753e51c2c76457954577c236b3b764789b19879565769739d1e4a75?s=96&d=mm&r=g\",\"contentUrl\":\"https:\\\/\\\/secure.gravatar.com\\\/avatar\\\/acabf7b54753e51c2c76457954577c236b3b764789b19879565769739d1e4a75?s=96&d=mm&r=g\",\"caption\":\"Milenio\"},\"url\":\"https:\\\/\\\/fuentesfidedignas.com.mx\\\/index.php\\\/author\\\/milenio\\\/\"}]}<\/script>\n<!-- \/ Yoast SEO plugin. -->","yoast_head_json":{"title":"Mueren dos personas en el Festival Axe Ceremonia 2025 por ca\u00edda de estructura - Fuentes Fidedignas","robots":{"index":"index","follow":"follow","max-snippet":"max-snippet:-1","max-image-preview":"max-image-preview:large","max-video-preview":"max-video-preview:-1"},"canonical":"https:\/\/fuentesfidedignas.com.mx\/index.php\/2025\/04\/06\/mueren-dos-personas-en-el-festival-axe-ceremonia-2025-por-caida-de-estructura\/","og_locale":"es_MX","og_type":"article","og_title":"Mueren dos personas en el Festival Axe Ceremonia 2025 por ca\u00edda de estructura - Fuentes Fidedignas","og_description":"La Secretar\u00eda de Gesti\u00f3n Integral de Riesgos y PC inform\u00f3 del deceso de los asistentes en un comunicado. Ciudad de M\u00e9xico.- Durante el primer d\u00eda de actividades del Festival Axe Ceremonia 2025, que se lleva a cabo en el Parque Bicentenario de la Ciudad de M\u00e9xico, ocurri\u00f3 un suceso muy desafortunado: una estructura met\u00e1lica se [&hellip;]","og_url":"https:\/\/fuentesfidedignas.com.mx\/index.php\/2025\/04\/06\/mueren-dos-personas-en-el-festival-axe-ceremonia-2025-por-caida-de-estructura\/","og_site_name":"Fuentes Fidedignas","article_publisher":"https:\/\/www.facebook.com\/Fuentes-Fidedignas-368234489921644","article_published_time":"2025-04-06T15:11:18+00:00","og_image":[{"width":738,"height":415,"url":"https:\/\/fuentesfidedignas.com.mx\/wp-content\/uploads\/2025\/04\/img_6390-1.jpg","type":"image\/jpeg"}],"author":"Milenio","twitter_card":"summary_large_image","twitter_creator":"@fidedignas","twitter_site":"@fidedignas","twitter_misc":{"Escrito por":"Milenio","Tiempo de lectura":"1 minuto"},"schema":{"@context":"https:\/\/schema.org","@graph":[{"@type":"Article","@id":"https:\/\/fuentesfidedignas.com.mx\/index.php\/2025\/04\/06\/mueren-dos-personas-en-el-festival-axe-ceremonia-2025-por-caida-de-estructura\/#article","isPartOf":{"@id":"https:\/\/fuentesfidedignas.com.mx\/index.php\/2025\/04\/06\/mueren-dos-personas-en-el-festival-axe-ceremonia-2025-por-caida-de-estructura\/"},"author":{"name":"Milenio","@id":"https:\/\/fuentesfidedignas.com.mx\/#\/schema\/person\/47ec0135738f4b0c7495f06a77a2c976"},"headline":"Mueren dos personas en el Festival Axe Ceremonia 2025 por ca\u00edda de estructura","datePublished":"2025-04-06T15:11:18+00:00","mainEntityOfPage":{"@id":"https:\/\/fuentesfidedignas.com.mx\/index.php\/2025\/04\/06\/mueren-dos-personas-en-el-festival-axe-ceremonia-2025-por-caida-de-estructura\/"},"wordCount":282,"publisher":{"@id":"https:\/\/fuentesfidedignas.com.mx\/#organization"},"image":{"@id":"https:\/\/fuentesfidedignas.com.mx\/index.php\/2025\/04\/06\/mueren-dos-personas-en-el-festival-axe-ceremonia-2025-por-caida-de-estructura\/#primaryimage"},"thumbnailUrl":"https:\/\/fuentesfidedignas.com.mx\/wp-content\/uploads\/2025\/04\/img_6390-1.jpg","articleSection":["NOTICIAS NACIONALES"],"inLanguage":"es"},{"@type":"WebPage","@id":"https:\/\/fuentesfidedignas.com.mx\/index.php\/2025\/04\/06\/mueren-dos-personas-en-el-festival-axe-ceremonia-2025-por-caida-de-estructura\/","url":"https:\/\/fuentesfidedignas.com.mx\/index.php\/2025\/04\/06\/mueren-dos-personas-en-el-festival-axe-ceremonia-2025-por-caida-de-estructura\/","name":"Mueren dos personas en el Festival Axe Ceremonia 2025 por ca\u00edda de estructura - Fuentes Fidedignas","isPartOf":{"@id":"https:\/\/fuentesfidedignas.com.mx\/#website"},"primaryImageOfPage":{"@id":"https:\/\/fuentesfidedignas.com.mx\/index.php\/2025\/04\/06\/mueren-dos-personas-en-el-festival-axe-ceremonia-2025-por-caida-de-estructura\/#primaryimage"},"image":{"@id":"https:\/\/fuentesfidedignas.com.mx\/index.php\/2025\/04\/06\/mueren-dos-personas-en-el-festival-axe-ceremonia-2025-por-caida-de-estructura\/#primaryimage"},"thumbnailUrl":"https:\/\/fuentesfidedignas.com.mx\/wp-content\/uploads\/2025\/04\/img_6390-1.jpg","datePublished":"2025-04-06T15:11:18+00:00","breadcrumb":{"@id":"https:\/\/fuentesfidedignas.com.mx\/index.php\/2025\/04\/06\/mueren-dos-personas-en-el-festival-axe-ceremonia-2025-por-caida-de-estructura\/#breadcrumb"},"inLanguage":"es","potentialAction":[{"@type":"ReadAction","target":["https:\/\/fuentesfidedignas.com.mx\/index.php\/2025\/04\/06\/mueren-dos-personas-en-el-festival-axe-ceremonia-2025-por-caida-de-estructura\/"]}]},{"@type":"ImageObject","inLanguage":"es","@id":"https:\/\/fuentesfidedignas.com.mx\/index.php\/2025\/04\/06\/mueren-dos-personas-en-el-festival-axe-ceremonia-2025-por-caida-de-estructura\/#primaryimage","url":"https:\/\/fuentesfidedignas.com.mx\/wp-content\/uploads\/2025\/04\/img_6390-1.jpg","contentUrl":"https:\/\/fuentesfidedignas.com.mx\/wp-content\/uploads\/2025\/04\/img_6390-1.jpg","width":738,"height":415},{"@type":"BreadcrumbList","@id":"https:\/\/fuentesfidedignas.com.mx\/index.php\/2025\/04\/06\/mueren-dos-personas-en-el-festival-axe-ceremonia-2025-por-caida-de-estructura\/#breadcrumb","itemListElement":[{"@type":"ListItem","position":1,"name":"Inicio","item":"https:\/\/fuentesfidedignas.com.mx\/"},{"@type":"ListItem","position":2,"name":"Mueren dos personas en el Festival Axe Ceremonia 2025 por ca\u00edda de estructura"}]},{"@type":"WebSite","@id":"https:\/\/fuentesfidedignas.com.mx\/#website","url":"https:\/\/fuentesfidedignas.com.mx\/","name":"Fuentes Fidedignas","description":"Otro sitio realizado con WordPress","publisher":{"@id":"https:\/\/fuentesfidedignas.com.mx\/#organization"},"potentialAction":[{"@type":"SearchAction","target":{"@type":"EntryPoint","urlTemplate":"https:\/\/fuentesfidedignas.com.mx\/?s={search_term_string}"},"query-input":{"@type":"PropertyValueSpecification","valueRequired":true,"valueName":"search_term_string"}}],"inLanguage":"es"},{"@type":"Organization","@id":"https:\/\/fuentesfidedignas.com.mx\/#organization","name":"Fuentes Fidedignas","url":"https:\/\/fuentesfidedignas.com.mx\/","logo":{"@type":"ImageObject","inLanguage":"es","@id":"https:\/\/fuentesfidedignas.com.mx\/#\/schema\/logo\/image\/","url":"https:\/\/fuentesfidedignas.com.mx\/wp-content\/uploads\/2021\/04\/logo-retina.png","contentUrl":"https:\/\/fuentesfidedignas.com.mx\/wp-content\/uploads\/2021\/04\/logo-retina.png","width":280,"height":51,"caption":"Fuentes Fidedignas"},"image":{"@id":"https:\/\/fuentesfidedignas.com.mx\/#\/schema\/logo\/image\/"},"sameAs":["https:\/\/www.facebook.com\/Fuentes-Fidedignas-368234489921644","https:\/\/x.com\/fidedignas"]},{"@type":"Person","@id":"https:\/\/fuentesfidedignas.com.mx\/#\/schema\/person\/47ec0135738f4b0c7495f06a77a2c976","name":"Milenio","image":{"@type":"ImageObject","inLanguage":"es","@id":"https:\/\/secure.gravatar.com\/avatar\/acabf7b54753e51c2c76457954577c236b3b764789b19879565769739d1e4a75?s=96&d=mm&r=g","url":"https:\/\/secure.gravatar.com\/avatar\/acabf7b54753e51c2c76457954577c236b3b764789b19879565769739d1e4a75?s=96&d=mm&r=g","contentUrl":"https:\/\/secure.gravatar.com\/avatar\/acabf7b54753e51c2c76457954577c236b3b764789b19879565769739d1e4a75?s=96&d=mm&r=g","caption":"Milenio"},"url":"https:\/\/fuentesfidedignas.com.mx\/index.php\/author\/milenio\/"}]}},"_links":{"self":[{"href":"https:\/\/fuentesfidedignas.com.mx\/index.php\/wp-json\/wp\/v2\/posts\/105624","targetHints":{"allow":["GET"]}}],"collection":[{"href":"https:\/\/fuentesfidedignas.com.mx\/index.php\/wp-json\/wp\/v2\/posts"}],"about":[{"href":"https:\/\/fuentesfidedignas.com.mx\/index.php\/wp-json\/wp\/v2\/types\/post"}],"author":[{"embeddable":true,"href":"https:\/\/fuentesfidedignas.com.mx\/index.php\/wp-json\/wp\/v2\/users\/9"}],"replies":[{"embeddable":true,"href":"https:\/\/fuentesfidedignas.com.mx\/index.php\/wp-json\/wp\/v2\/comments?post=105624"}],"version-history":[{"count":1,"href":"https:\/\/fuentesfidedignas.com.mx\/index.php\/wp-json\/wp\/v2\/posts\/105624\/revisions"}],"predecessor-version":[{"id":105625,"href":"https:\/\/fuentesfidedignas.com.mx\/index.php\/wp-json\/wp\/v2\/posts\/105624\/revisions\/105625"}],"wp:featuredmedia":[{"embeddable":true,"href":"https:\/\/fuentesfidedignas.com.mx\/index.php\/wp-json\/wp\/v2\/media\/105623"}],"wp:attachment":[{"href":"https:\/\/fuentesfidedignas.com.mx\/index.php\/wp-json\/wp\/v2\/media?parent=105624"}],"wp:term":[{"taxonomy":"category","embeddable":true,"href":"https:\/\/fuentesfidedignas.com.mx\/index.php\/wp-json\/wp\/v2\/categories?post=105624"},{"taxonomy":"post_tag","embeddable":true,"href":"https:\/\/fuentesfidedignas.com.mx\/index.php\/wp-json\/wp\/v2\/tags?post=105624"}],"curies":[{"name":"wp","href":"https:\/\/api.w.org\/{rel}","templated":true}]}}