{"id":105516,"date":"2025-04-04T09:29:56","date_gmt":"2025-04-04T16:29:56","guid":{"rendered":"https:\/\/fuentesfidedignas.com.mx\/?p=105516"},"modified":"2025-04-04T09:29:56","modified_gmt":"2025-04-04T16:29:56","slug":"geografia-de-una-vulnerabilidad-no-banalizada","status":"publish","type":"post","link":"https:\/\/fuentesfidedignas.com.mx\/index.php\/2025\/04\/04\/geografia-de-una-vulnerabilidad-no-banalizada\/","title":{"rendered":"Geograf\u00eda de una Vulnerabilidad No Banalizada"},"content":{"rendered":"\n<p><\/p>\n\n\n\n<p>En los pliegues m\u00e1s \u00edntimos de nuestra sociedad contempor\u00e1nea, hemos construido un altar a una felicidad que no existe. La positividad t\u00f3xica se despliega como un velo brillante que, lejos de iluminar, oscurece la aut\u00e9ntica naturaleza de nuestra condici\u00f3n humana.<br>&#8220;\u00c9chale ganas&#8221;, &#8220;t\u00fa puedes&#8221;, &#8220;\u00e1mate a ti mismo&#8221; frases que flotan en el aire como mariposas de papel, bellas pero fr\u00e1giles ante el viento de la realidad. Su seducci\u00f3n radica precisamente en su simplicidad, en la promesa velada de que la complejidad del sufrimiento humano puede disolverse en la sencillez de un aforismo. \u00bfQui\u00e9n de nosotros no ha sentido alguna vez la punzada de insuficiencia cuando, sumidos en un dolor leg\u00edtimo, recibimos como \u00fanica respuesta estas f\u00f3rmulas vac\u00edas?<br>La psicolog\u00eda pop, esa hija bastarda de la verdadera introspecci\u00f3n, nos ofrece consuelos inmediatos, soluciones empaquetadas que podemos consumir como quien bebe un refresco en un d\u00eda caluroso: satisfacci\u00f3n moment\u00e1nea que pronto se desvanece dejando una sed m\u00e1s profunda. \u00bfNo es esta la paradoja de nuestra \u00e9poca? Buscamos alivio en f\u00f3rmulas que, en su af\u00e1n por simplificar, mutilan la rica textura de la experiencia humana.<br>El desarrollo humano aut\u00e9ntico habita en territorios m\u00e1s complejos, en las sombras tanto como en la luz. Requiere de nosotros el valor para mirar de frente a nuestras heridas, para reconocer que la tristeza no es un enemigo a vencer sino un mensajero que trae noticias importantes sobre nuestra alma. La verdadera transformaci\u00f3n personal no surge de evitar el dolor, sino de aprender a dialogar con \u00e9l, de extraer sentido de las aguas turbias de la adversidad.<br>\u00bfNo es parad\u00f3jico que en nuestra b\u00fasqueda desenfrenada de bienestar hayamos terminado por desterrar precisamente aquellas emociones que nos humanizan? El sufrimiento, la melancol\u00eda, la duda \u2014territorios f\u00e9rtiles donde germina el verdadero conocimiento\u2014 han sido condenados como estados imperfectos, como defectos a corregir. Mientras tanto, en los m\u00e1rgenes de este optimismo manufacturado, cu\u00e1ntos de nosotros agonizamos en silencio, a\u00f1adiendo a nuestro dolor original la culpa por no ser capaces de &#8220;pensar en positivo&#8221;, por no poder transformar m\u00e1gicamente nuestro sufrimiento en lecciones inspiradoras.<br>Los mantras de positividad son como monedas brillantes arrojadas a un pozo oscuro; su resplandor moment\u00e1neo no ilumina la profundidad. &#8220;Todo pasa por algo&#8221;, &#8220;despu\u00e9s de la tormenta viene la calma&#8221; frases que pretenden ofrecer consuelo pero que, en su vacuidad, pueden convertirse en pu\u00f1ales para quien atraviesa la noche oscura.<br>\u00bfY si, en lugar de aspirar a convertirnos en versiones perfeccionadas y siempre sonrientes de nosotros mismos, nos atrevi\u00e9ramos a ser reales? Seres complejos, contradictorios, atravesados por la luz y la sombra. \u00bfY si, en vez de buscar recetas para la felicidad, cultiv\u00e1ramos el arte de vivir con conciencia plena, aceptando la naturaleza ef\u00edmera de todas nuestras emociones?<br>En los intersticios de la psicolog\u00eda profunda y la filosof\u00eda existencial encontramos caminos m\u00e1s honestos: el reconocimiento de que la vida no es un problema a resolver sino un misterio a experimentar. La comprensi\u00f3n de que nuestras heridas, lejos de ser obst\u00e1culos, son puertas hacia una humanidad m\u00e1s aut\u00e9ntica.<br>El verdadero desarrollo humano no florece bajo el sol artificial de las frases motivacionales, sino en el suelo nutricio de la verdad interior. All\u00ed donde nos atrevemos a nombrar nuestros abismos, a dialogar con nuestros fantasmas, a reconocer que la plenitud no es la ausencia de dolor sino la integraci\u00f3n de todas nuestras experiencias en un tapiz de sentido.<br>\u00bfNo ser\u00e1 que, despu\u00e9s de tanto buscar atajos hacia la felicidad, el camino m\u00e1s corto es, parad\u00f3jicamente, el m\u00e1s largo y sinuoso? Aquel que nos invita a descender a nuestras profundidades, a reconciliarnos con nuestra sombra, a comprender que en la aceptaci\u00f3n de nuestra condici\u00f3n mortal y vulnerable reside, quiz\u00e1s, la \u00fanica libertad verdadera.<br>Porque al final, m\u00e1s all\u00e1 de los espejismos de la positividad t\u00f3xica, lo que queda es la misteriosa belleza de existir, con todas sus contradicciones, con todos sus misterios irresolubles. Una belleza que no necesita ser embellecida con frases prefabricadas, porque en su desnudez contiene ya toda la verdad que buscamos.<\/p>\n","protected":false},"excerpt":{"rendered":"<p>En los pliegues m\u00e1s \u00edntimos de nuestra sociedad contempor\u00e1nea, hemos construido un altar a una felicidad que no existe. La positividad t\u00f3xica se despliega como un velo brillante que, lejos de iluminar, oscurece la aut\u00e9ntica naturaleza de nuestra condici\u00f3n humana.&#8220;\u00c9chale ganas&#8221;, &#8220;t\u00fa puedes&#8221;, &#8220;\u00e1mate a ti mismo&#8221; frases que flotan en el aire como mariposas [&hellip;]<\/p>\n","protected":false},"author":146,"featured_media":105515,"comment_status":"closed","ping_status":"open","sticky":false,"template":"","format":"standard","meta":{"tdm_status":"","tdm_grid_status":"","footnotes":""},"categories":[3064,3089],"tags":[],"class_list":{"0":"post-105516","1":"post","2":"type-post","3":"status-publish","4":"format-standard","5":"has-post-thumbnail","7":"category-columnas","8":"category-nutriendo-la-mente"},"yoast_head":"<!-- This site is optimized with the Yoast SEO plugin v27.5 - https:\/\/yoast.com\/product\/yoast-seo-wordpress\/ -->\n<title>Geograf\u00eda de una Vulnerabilidad No Banalizada - Fuentes Fidedignas<\/title>\n<meta name=\"robots\" content=\"index, follow, max-snippet:-1, max-image-preview:large, max-video-preview:-1\" \/>\n<link rel=\"canonical\" href=\"https:\/\/fuentesfidedignas.com.mx\/index.php\/2025\/04\/04\/geografia-de-una-vulnerabilidad-no-banalizada\/\" \/>\n<meta property=\"og:locale\" content=\"es_MX\" \/>\n<meta property=\"og:type\" content=\"article\" \/>\n<meta property=\"og:title\" content=\"Geograf\u00eda de una Vulnerabilidad No Banalizada - Fuentes Fidedignas\" \/>\n<meta property=\"og:description\" content=\"En los pliegues m\u00e1s \u00edntimos de nuestra sociedad contempor\u00e1nea, hemos construido un altar a una felicidad que no existe. La positividad t\u00f3xica se despliega como un velo brillante que, lejos de iluminar, oscurece la aut\u00e9ntica naturaleza de nuestra condici\u00f3n humana.&#8220;\u00c9chale ganas&#8221;, &#8220;t\u00fa puedes&#8221;, &#8220;\u00e1mate a ti mismo&#8221; frases que flotan en el aire como mariposas [&hellip;]\" \/>\n<meta property=\"og:url\" content=\"https:\/\/fuentesfidedignas.com.mx\/index.php\/2025\/04\/04\/geografia-de-una-vulnerabilidad-no-banalizada\/\" \/>\n<meta property=\"og:site_name\" content=\"Fuentes Fidedignas\" \/>\n<meta property=\"article:publisher\" content=\"https:\/\/www.facebook.com\/Fuentes-Fidedignas-368234489921644\" \/>\n<meta property=\"article:published_time\" content=\"2025-04-04T16:29:56+00:00\" \/>\n<meta property=\"og:image\" content=\"https:\/\/fuentesfidedignas.com.mx\/wp-content\/uploads\/2025\/04\/img_5919-1.jpg\" \/>\n\t<meta property=\"og:image:width\" content=\"1170\" \/>\n\t<meta property=\"og:image:height\" content=\"945\" \/>\n\t<meta property=\"og:image:type\" content=\"image\/jpeg\" \/>\n<meta name=\"author\" content=\"Mtro. Horacio de Jes\u00fas Malcampo Moreno\" \/>\n<meta name=\"twitter:card\" content=\"summary_large_image\" \/>\n<meta name=\"twitter:creator\" content=\"@fidedignas\" \/>\n<meta name=\"twitter:site\" content=\"@fidedignas\" \/>\n<meta name=\"twitter:label1\" content=\"Escrito por\" \/>\n\t<meta name=\"twitter:data1\" content=\"Mtro. Horacio de Jes\u00fas Malcampo Moreno\" \/>\n\t<meta name=\"twitter:label2\" content=\"Tiempo de lectura\" \/>\n\t<meta name=\"twitter:data2\" content=\"4 minutos\" \/>\n<script type=\"application\/ld+json\" class=\"yoast-schema-graph\">{\"@context\":\"https:\\\/\\\/schema.org\",\"@graph\":[{\"@type\":\"Article\",\"@id\":\"https:\\\/\\\/fuentesfidedignas.com.mx\\\/index.php\\\/2025\\\/04\\\/04\\\/geografia-de-una-vulnerabilidad-no-banalizada\\\/#article\",\"isPartOf\":{\"@id\":\"https:\\\/\\\/fuentesfidedignas.com.mx\\\/index.php\\\/2025\\\/04\\\/04\\\/geografia-de-una-vulnerabilidad-no-banalizada\\\/\"},\"author\":{\"name\":\"Mtro. Horacio de Jes\u00fas Malcampo Moreno\",\"@id\":\"https:\\\/\\\/fuentesfidedignas.com.mx\\\/#\\\/schema\\\/person\\\/3f687c55082c557a647c7836bde45728\"},\"headline\":\"Geograf\u00eda de una Vulnerabilidad No Banalizada\",\"datePublished\":\"2025-04-04T16:29:56+00:00\",\"mainEntityOfPage\":{\"@id\":\"https:\\\/\\\/fuentesfidedignas.com.mx\\\/index.php\\\/2025\\\/04\\\/04\\\/geografia-de-una-vulnerabilidad-no-banalizada\\\/\"},\"wordCount\":725,\"publisher\":{\"@id\":\"https:\\\/\\\/fuentesfidedignas.com.mx\\\/#organization\"},\"image\":{\"@id\":\"https:\\\/\\\/fuentesfidedignas.com.mx\\\/index.php\\\/2025\\\/04\\\/04\\\/geografia-de-una-vulnerabilidad-no-banalizada\\\/#primaryimage\"},\"thumbnailUrl\":\"https:\\\/\\\/fuentesfidedignas.com.mx\\\/wp-content\\\/uploads\\\/2025\\\/04\\\/img_5919-1.jpg\",\"articleSection\":[\"COLUMNAS\",\"NUTRIENDO LA MENTE\"],\"inLanguage\":\"es\"},{\"@type\":\"WebPage\",\"@id\":\"https:\\\/\\\/fuentesfidedignas.com.mx\\\/index.php\\\/2025\\\/04\\\/04\\\/geografia-de-una-vulnerabilidad-no-banalizada\\\/\",\"url\":\"https:\\\/\\\/fuentesfidedignas.com.mx\\\/index.php\\\/2025\\\/04\\\/04\\\/geografia-de-una-vulnerabilidad-no-banalizada\\\/\",\"name\":\"Geograf\u00eda de una Vulnerabilidad No Banalizada - Fuentes Fidedignas\",\"isPartOf\":{\"@id\":\"https:\\\/\\\/fuentesfidedignas.com.mx\\\/#website\"},\"primaryImageOfPage\":{\"@id\":\"https:\\\/\\\/fuentesfidedignas.com.mx\\\/index.php\\\/2025\\\/04\\\/04\\\/geografia-de-una-vulnerabilidad-no-banalizada\\\/#primaryimage\"},\"image\":{\"@id\":\"https:\\\/\\\/fuentesfidedignas.com.mx\\\/index.php\\\/2025\\\/04\\\/04\\\/geografia-de-una-vulnerabilidad-no-banalizada\\\/#primaryimage\"},\"thumbnailUrl\":\"https:\\\/\\\/fuentesfidedignas.com.mx\\\/wp-content\\\/uploads\\\/2025\\\/04\\\/img_5919-1.jpg\",\"datePublished\":\"2025-04-04T16:29:56+00:00\",\"breadcrumb\":{\"@id\":\"https:\\\/\\\/fuentesfidedignas.com.mx\\\/index.php\\\/2025\\\/04\\\/04\\\/geografia-de-una-vulnerabilidad-no-banalizada\\\/#breadcrumb\"},\"inLanguage\":\"es\",\"potentialAction\":[{\"@type\":\"ReadAction\",\"target\":[\"https:\\\/\\\/fuentesfidedignas.com.mx\\\/index.php\\\/2025\\\/04\\\/04\\\/geografia-de-una-vulnerabilidad-no-banalizada\\\/\"]}]},{\"@type\":\"ImageObject\",\"inLanguage\":\"es\",\"@id\":\"https:\\\/\\\/fuentesfidedignas.com.mx\\\/index.php\\\/2025\\\/04\\\/04\\\/geografia-de-una-vulnerabilidad-no-banalizada\\\/#primaryimage\",\"url\":\"https:\\\/\\\/fuentesfidedignas.com.mx\\\/wp-content\\\/uploads\\\/2025\\\/04\\\/img_5919-1.jpg\",\"contentUrl\":\"https:\\\/\\\/fuentesfidedignas.com.mx\\\/wp-content\\\/uploads\\\/2025\\\/04\\\/img_5919-1.jpg\",\"width\":1170,\"height\":945},{\"@type\":\"BreadcrumbList\",\"@id\":\"https:\\\/\\\/fuentesfidedignas.com.mx\\\/index.php\\\/2025\\\/04\\\/04\\\/geografia-de-una-vulnerabilidad-no-banalizada\\\/#breadcrumb\",\"itemListElement\":[{\"@type\":\"ListItem\",\"position\":1,\"name\":\"Inicio\",\"item\":\"https:\\\/\\\/fuentesfidedignas.com.mx\\\/\"},{\"@type\":\"ListItem\",\"position\":2,\"name\":\"Geograf\u00eda de una Vulnerabilidad No Banalizada\"}]},{\"@type\":\"WebSite\",\"@id\":\"https:\\\/\\\/fuentesfidedignas.com.mx\\\/#website\",\"url\":\"https:\\\/\\\/fuentesfidedignas.com.mx\\\/\",\"name\":\"Fuentes Fidedignas\",\"description\":\"Otro sitio realizado con WordPress\",\"publisher\":{\"@id\":\"https:\\\/\\\/fuentesfidedignas.com.mx\\\/#organization\"},\"potentialAction\":[{\"@type\":\"SearchAction\",\"target\":{\"@type\":\"EntryPoint\",\"urlTemplate\":\"https:\\\/\\\/fuentesfidedignas.com.mx\\\/?s={search_term_string}\"},\"query-input\":{\"@type\":\"PropertyValueSpecification\",\"valueRequired\":true,\"valueName\":\"search_term_string\"}}],\"inLanguage\":\"es\"},{\"@type\":\"Organization\",\"@id\":\"https:\\\/\\\/fuentesfidedignas.com.mx\\\/#organization\",\"name\":\"Fuentes Fidedignas\",\"url\":\"https:\\\/\\\/fuentesfidedignas.com.mx\\\/\",\"logo\":{\"@type\":\"ImageObject\",\"inLanguage\":\"es\",\"@id\":\"https:\\\/\\\/fuentesfidedignas.com.mx\\\/#\\\/schema\\\/logo\\\/image\\\/\",\"url\":\"https:\\\/\\\/fuentesfidedignas.com.mx\\\/wp-content\\\/uploads\\\/2021\\\/04\\\/logo-retina.png\",\"contentUrl\":\"https:\\\/\\\/fuentesfidedignas.com.mx\\\/wp-content\\\/uploads\\\/2021\\\/04\\\/logo-retina.png\",\"width\":280,\"height\":51,\"caption\":\"Fuentes Fidedignas\"},\"image\":{\"@id\":\"https:\\\/\\\/fuentesfidedignas.com.mx\\\/#\\\/schema\\\/logo\\\/image\\\/\"},\"sameAs\":[\"https:\\\/\\\/www.facebook.com\\\/Fuentes-Fidedignas-368234489921644\",\"https:\\\/\\\/x.com\\\/fidedignas\"]},{\"@type\":\"Person\",\"@id\":\"https:\\\/\\\/fuentesfidedignas.com.mx\\\/#\\\/schema\\\/person\\\/3f687c55082c557a647c7836bde45728\",\"name\":\"Mtro. Horacio de Jes\u00fas Malcampo Moreno\",\"image\":{\"@type\":\"ImageObject\",\"inLanguage\":\"es\",\"@id\":\"https:\\\/\\\/secure.gravatar.com\\\/avatar\\\/21fd667a5b9de079d383e44390566d4c728a6ce47b9b5e8419c61f1b793461ac?s=96&d=mm&r=g\",\"url\":\"https:\\\/\\\/secure.gravatar.com\\\/avatar\\\/21fd667a5b9de079d383e44390566d4c728a6ce47b9b5e8419c61f1b793461ac?s=96&d=mm&r=g\",\"contentUrl\":\"https:\\\/\\\/secure.gravatar.com\\\/avatar\\\/21fd667a5b9de079d383e44390566d4c728a6ce47b9b5e8419c61f1b793461ac?s=96&d=mm&r=g\",\"caption\":\"Mtro. Horacio de Jes\u00fas Malcampo Moreno\"},\"url\":\"https:\\\/\\\/fuentesfidedignas.com.mx\\\/index.php\\\/author\\\/horacio\\\/\"}]}<\/script>\n<!-- \/ Yoast SEO plugin. -->","yoast_head_json":{"title":"Geograf\u00eda de una Vulnerabilidad No Banalizada - Fuentes Fidedignas","robots":{"index":"index","follow":"follow","max-snippet":"max-snippet:-1","max-image-preview":"max-image-preview:large","max-video-preview":"max-video-preview:-1"},"canonical":"https:\/\/fuentesfidedignas.com.mx\/index.php\/2025\/04\/04\/geografia-de-una-vulnerabilidad-no-banalizada\/","og_locale":"es_MX","og_type":"article","og_title":"Geograf\u00eda de una Vulnerabilidad No Banalizada - Fuentes Fidedignas","og_description":"En los pliegues m\u00e1s \u00edntimos de nuestra sociedad contempor\u00e1nea, hemos construido un altar a una felicidad que no existe. La positividad t\u00f3xica se despliega como un velo brillante que, lejos de iluminar, oscurece la aut\u00e9ntica naturaleza de nuestra condici\u00f3n humana.&#8220;\u00c9chale ganas&#8221;, &#8220;t\u00fa puedes&#8221;, &#8220;\u00e1mate a ti mismo&#8221; frases que flotan en el aire como mariposas [&hellip;]","og_url":"https:\/\/fuentesfidedignas.com.mx\/index.php\/2025\/04\/04\/geografia-de-una-vulnerabilidad-no-banalizada\/","og_site_name":"Fuentes Fidedignas","article_publisher":"https:\/\/www.facebook.com\/Fuentes-Fidedignas-368234489921644","article_published_time":"2025-04-04T16:29:56+00:00","og_image":[{"width":1170,"height":945,"url":"https:\/\/fuentesfidedignas.com.mx\/wp-content\/uploads\/2025\/04\/img_5919-1.jpg","type":"image\/jpeg"}],"author":"Mtro. Horacio de Jes\u00fas Malcampo Moreno","twitter_card":"summary_large_image","twitter_creator":"@fidedignas","twitter_site":"@fidedignas","twitter_misc":{"Escrito por":"Mtro. Horacio de Jes\u00fas Malcampo Moreno","Tiempo de lectura":"4 minutos"},"schema":{"@context":"https:\/\/schema.org","@graph":[{"@type":"Article","@id":"https:\/\/fuentesfidedignas.com.mx\/index.php\/2025\/04\/04\/geografia-de-una-vulnerabilidad-no-banalizada\/#article","isPartOf":{"@id":"https:\/\/fuentesfidedignas.com.mx\/index.php\/2025\/04\/04\/geografia-de-una-vulnerabilidad-no-banalizada\/"},"author":{"name":"Mtro. Horacio de Jes\u00fas Malcampo Moreno","@id":"https:\/\/fuentesfidedignas.com.mx\/#\/schema\/person\/3f687c55082c557a647c7836bde45728"},"headline":"Geograf\u00eda de una Vulnerabilidad No Banalizada","datePublished":"2025-04-04T16:29:56+00:00","mainEntityOfPage":{"@id":"https:\/\/fuentesfidedignas.com.mx\/index.php\/2025\/04\/04\/geografia-de-una-vulnerabilidad-no-banalizada\/"},"wordCount":725,"publisher":{"@id":"https:\/\/fuentesfidedignas.com.mx\/#organization"},"image":{"@id":"https:\/\/fuentesfidedignas.com.mx\/index.php\/2025\/04\/04\/geografia-de-una-vulnerabilidad-no-banalizada\/#primaryimage"},"thumbnailUrl":"https:\/\/fuentesfidedignas.com.mx\/wp-content\/uploads\/2025\/04\/img_5919-1.jpg","articleSection":["COLUMNAS","NUTRIENDO LA MENTE"],"inLanguage":"es"},{"@type":"WebPage","@id":"https:\/\/fuentesfidedignas.com.mx\/index.php\/2025\/04\/04\/geografia-de-una-vulnerabilidad-no-banalizada\/","url":"https:\/\/fuentesfidedignas.com.mx\/index.php\/2025\/04\/04\/geografia-de-una-vulnerabilidad-no-banalizada\/","name":"Geograf\u00eda de una Vulnerabilidad No Banalizada - Fuentes Fidedignas","isPartOf":{"@id":"https:\/\/fuentesfidedignas.com.mx\/#website"},"primaryImageOfPage":{"@id":"https:\/\/fuentesfidedignas.com.mx\/index.php\/2025\/04\/04\/geografia-de-una-vulnerabilidad-no-banalizada\/#primaryimage"},"image":{"@id":"https:\/\/fuentesfidedignas.com.mx\/index.php\/2025\/04\/04\/geografia-de-una-vulnerabilidad-no-banalizada\/#primaryimage"},"thumbnailUrl":"https:\/\/fuentesfidedignas.com.mx\/wp-content\/uploads\/2025\/04\/img_5919-1.jpg","datePublished":"2025-04-04T16:29:56+00:00","breadcrumb":{"@id":"https:\/\/fuentesfidedignas.com.mx\/index.php\/2025\/04\/04\/geografia-de-una-vulnerabilidad-no-banalizada\/#breadcrumb"},"inLanguage":"es","potentialAction":[{"@type":"ReadAction","target":["https:\/\/fuentesfidedignas.com.mx\/index.php\/2025\/04\/04\/geografia-de-una-vulnerabilidad-no-banalizada\/"]}]},{"@type":"ImageObject","inLanguage":"es","@id":"https:\/\/fuentesfidedignas.com.mx\/index.php\/2025\/04\/04\/geografia-de-una-vulnerabilidad-no-banalizada\/#primaryimage","url":"https:\/\/fuentesfidedignas.com.mx\/wp-content\/uploads\/2025\/04\/img_5919-1.jpg","contentUrl":"https:\/\/fuentesfidedignas.com.mx\/wp-content\/uploads\/2025\/04\/img_5919-1.jpg","width":1170,"height":945},{"@type":"BreadcrumbList","@id":"https:\/\/fuentesfidedignas.com.mx\/index.php\/2025\/04\/04\/geografia-de-una-vulnerabilidad-no-banalizada\/#breadcrumb","itemListElement":[{"@type":"ListItem","position":1,"name":"Inicio","item":"https:\/\/fuentesfidedignas.com.mx\/"},{"@type":"ListItem","position":2,"name":"Geograf\u00eda de una Vulnerabilidad No Banalizada"}]},{"@type":"WebSite","@id":"https:\/\/fuentesfidedignas.com.mx\/#website","url":"https:\/\/fuentesfidedignas.com.mx\/","name":"Fuentes Fidedignas","description":"Otro sitio realizado con WordPress","publisher":{"@id":"https:\/\/fuentesfidedignas.com.mx\/#organization"},"potentialAction":[{"@type":"SearchAction","target":{"@type":"EntryPoint","urlTemplate":"https:\/\/fuentesfidedignas.com.mx\/?s={search_term_string}"},"query-input":{"@type":"PropertyValueSpecification","valueRequired":true,"valueName":"search_term_string"}}],"inLanguage":"es"},{"@type":"Organization","@id":"https:\/\/fuentesfidedignas.com.mx\/#organization","name":"Fuentes Fidedignas","url":"https:\/\/fuentesfidedignas.com.mx\/","logo":{"@type":"ImageObject","inLanguage":"es","@id":"https:\/\/fuentesfidedignas.com.mx\/#\/schema\/logo\/image\/","url":"https:\/\/fuentesfidedignas.com.mx\/wp-content\/uploads\/2021\/04\/logo-retina.png","contentUrl":"https:\/\/fuentesfidedignas.com.mx\/wp-content\/uploads\/2021\/04\/logo-retina.png","width":280,"height":51,"caption":"Fuentes Fidedignas"},"image":{"@id":"https:\/\/fuentesfidedignas.com.mx\/#\/schema\/logo\/image\/"},"sameAs":["https:\/\/www.facebook.com\/Fuentes-Fidedignas-368234489921644","https:\/\/x.com\/fidedignas"]},{"@type":"Person","@id":"https:\/\/fuentesfidedignas.com.mx\/#\/schema\/person\/3f687c55082c557a647c7836bde45728","name":"Mtro. Horacio de Jes\u00fas Malcampo Moreno","image":{"@type":"ImageObject","inLanguage":"es","@id":"https:\/\/secure.gravatar.com\/avatar\/21fd667a5b9de079d383e44390566d4c728a6ce47b9b5e8419c61f1b793461ac?s=96&d=mm&r=g","url":"https:\/\/secure.gravatar.com\/avatar\/21fd667a5b9de079d383e44390566d4c728a6ce47b9b5e8419c61f1b793461ac?s=96&d=mm&r=g","contentUrl":"https:\/\/secure.gravatar.com\/avatar\/21fd667a5b9de079d383e44390566d4c728a6ce47b9b5e8419c61f1b793461ac?s=96&d=mm&r=g","caption":"Mtro. Horacio de Jes\u00fas Malcampo Moreno"},"url":"https:\/\/fuentesfidedignas.com.mx\/index.php\/author\/horacio\/"}]}},"_links":{"self":[{"href":"https:\/\/fuentesfidedignas.com.mx\/index.php\/wp-json\/wp\/v2\/posts\/105516","targetHints":{"allow":["GET"]}}],"collection":[{"href":"https:\/\/fuentesfidedignas.com.mx\/index.php\/wp-json\/wp\/v2\/posts"}],"about":[{"href":"https:\/\/fuentesfidedignas.com.mx\/index.php\/wp-json\/wp\/v2\/types\/post"}],"author":[{"embeddable":true,"href":"https:\/\/fuentesfidedignas.com.mx\/index.php\/wp-json\/wp\/v2\/users\/146"}],"replies":[{"embeddable":true,"href":"https:\/\/fuentesfidedignas.com.mx\/index.php\/wp-json\/wp\/v2\/comments?post=105516"}],"version-history":[{"count":1,"href":"https:\/\/fuentesfidedignas.com.mx\/index.php\/wp-json\/wp\/v2\/posts\/105516\/revisions"}],"predecessor-version":[{"id":105517,"href":"https:\/\/fuentesfidedignas.com.mx\/index.php\/wp-json\/wp\/v2\/posts\/105516\/revisions\/105517"}],"wp:featuredmedia":[{"embeddable":true,"href":"https:\/\/fuentesfidedignas.com.mx\/index.php\/wp-json\/wp\/v2\/media\/105515"}],"wp:attachment":[{"href":"https:\/\/fuentesfidedignas.com.mx\/index.php\/wp-json\/wp\/v2\/media?parent=105516"}],"wp:term":[{"taxonomy":"category","embeddable":true,"href":"https:\/\/fuentesfidedignas.com.mx\/index.php\/wp-json\/wp\/v2\/categories?post=105516"},{"taxonomy":"post_tag","embeddable":true,"href":"https:\/\/fuentesfidedignas.com.mx\/index.php\/wp-json\/wp\/v2\/tags?post=105516"}],"curies":[{"name":"wp","href":"https:\/\/api.w.org\/{rel}","templated":true}]}}