{"id":105464,"date":"2025-04-03T17:11:15","date_gmt":"2025-04-04T00:11:15","guid":{"rendered":"https:\/\/fuentesfidedignas.com.mx\/?p=105464"},"modified":"2025-04-03T17:11:18","modified_gmt":"2025-04-04T00:11:18","slug":"elon-musk-abandonara-cargo-en-el-gobierno-de-eu-dentro-de-unos-meses-afirma-trump","status":"publish","type":"post","link":"https:\/\/fuentesfidedignas.com.mx\/index.php\/2025\/04\/03\/elon-musk-abandonara-cargo-en-el-gobierno-de-eu-dentro-de-unos-meses-afirma-trump\/","title":{"rendered":"Elon Musk abandonar\u00e1 cargo en el gobierno de EU dentro de unos meses, afirma Trump"},"content":{"rendered":"\n<p><strong><em>Algunos medios hab\u00edan informado que el magnate tecnol\u00f3gico dejar\u00eda el Departamento de Eficiencia Gubernamental (DOGE), desde donde ha promovido recortes de empleos.<\/em><\/strong><\/p>\n\n\n\n<p>El presidente de Estados Unidos, Donald Trump, dijo este jueves que el magnate Elon Musk, su mano derecha y el responsable de los recortes del gasto p\u00fablico, abandonar\u00e1 el gobierno dentro de &#8220;unos meses&#8221;.<\/p>\n\n\n\n<p>El republicano fue preguntado por la prensa a bordo del Air Force One sobre Musk, cuya imagen se ha visto afectada por las elecciones del martes al Tribunal Supremo de Wisconsin en las que perdi\u00f3 el juez conservador al que respaldaba el empresario.<\/p>\n\n\n\n<p>&#8220;Elon es genial. Pero tambi\u00e9n tiene que dirigir un gran n\u00famero de empresas&#8221;, declar\u00f3 Trump sobre Musk, consejero delegado de Tesla y SpaceX, y propietario de la red social X.<br>El l\u00edder republicano apunt\u00f3 que &#8220;en alg\u00fan punto Elon tendr\u00e1 que marcharse&#8221; y, al ser preguntado por una fecha, respondi\u00f3 &#8220;en unos meses&#8221;, si bien agreg\u00f3 que desear\u00eda que se quedara &#8220;el mayor tiempo posible&#8221;.<\/p>\n\n\n\n<p><strong>Casa Blanca hab\u00eda desmentido rumor<\/strong><br>Seg\u00fan informaron el mi\u00e9rcoles el portal Pol\u00edtico y la cadena ABC, Trump ha contado a su entorno, incluyendo a miembros de su gabinete, que Musk dejar\u00e1 &#8220;en las pr\u00f3ximas semanas&#8221; el Departamento de Eficiencia Gubernamental (DOGE), que fue creado para que \u00e9l lo liderara.<\/p>\n\n\n\n<p>La vocera de la Casa Blanca, Karoline Leavitt, calific\u00f3 la exclusiva de &#8220;basura&#8221; y se\u00f1al\u00f3 que siempre ha estado previsto que Musk deje el gobierno una vez haya &#8220;completado su incre\u00edble trabajo&#8221; en el DOGE.<\/p>\n\n\n\n<p>La gran influencia de Musk sobre Trump y los duros recortes que ha impulsado, con despidos de empleados federales y el cierre de agencias hist\u00f3ricas, ha despertado suspicacias incluso dentro de las filas republicanas.<\/p>\n\n\n\n<p><strong>Ventas mundiales de Tesla caen por rol de Musk en gobierno de EU<\/strong><br>Las ventas mundiales del fabricante de autos el\u00e9ctricos Tesla cayeron m\u00e1s de lo previsto en el primer trimestre del a\u00f1o, impacto causado por el papel de su propietario, Elon Musk, en el gobierno de Donald Trump.<\/p>\n\n\n\n<p>La marca ha sido objeto de cr\u00edticas, vandalismo, protestas y llamados al boicot en Estados Unidos y otros pa\u00edses.<\/p>\n\n\n\n<p>Musk, el hombre m\u00e1s rico del mundo y due\u00f1o tambi\u00e9n de SpaceX y la red X, promueve recortes de empleos en agencias federales a trav\u00e9s del Departamento de Eficiencia Gubernamental (Doge).<\/p>\n\n\n\n<p><strong>Retroceso en Europa<\/strong><br>Solo en el mes de marzo, sus ventas cayeron 36.8 por ciento en Francia y 63.9 por ciento en Suecia, mientras en el primer trimestre cayeron 56 por ciento en Dinamarca.<\/p>\n\n\n\n<p>Tesla redujo sus matriculaciones en un 49 por ciento acumulado en los meses de enero y febrero en la Uni\u00f3n Europea, cayendo a 19 mil 046 veh\u00edculos y un 1.1 por ciento de cuota de mercado, seg\u00fan cifras publicadas el 25 de marzo por la Asociaci\u00f3n de Constructores (ACEA).<\/p>\n\n\n\n<p>Paralelamente, la marca pionera en el\u00e9ctricos enfrenta con su gama envejecida una avalancha de nuevos modelos por parte de sus competidores, tanto europeos como asi\u00e1ticos.<\/p>\n","protected":false},"excerpt":{"rendered":"<p>Algunos medios hab\u00edan informado que el magnate tecnol\u00f3gico dejar\u00eda el Departamento de Eficiencia Gubernamental (DOGE), desde donde ha promovido recortes de empleos. El presidente de Estados Unidos, Donald Trump, dijo este jueves que el magnate Elon Musk, su mano derecha y el responsable de los recortes del gasto p\u00fablico, abandonar\u00e1 el gobierno dentro de &#8220;unos [&hellip;]<\/p>\n","protected":false},"author":9,"featured_media":105465,"comment_status":"open","ping_status":"open","sticky":false,"template":"","format":"standard","meta":{"tdm_status":"","tdm_grid_status":"","footnotes":""},"categories":[39],"tags":[],"class_list":{"0":"post-105464","1":"post","2":"type-post","3":"status-publish","4":"format-standard","5":"has-post-thumbnail","7":"category-noticias-nacionales"},"yoast_head":"<!-- This site is optimized with the Yoast SEO plugin v27.4 - https:\/\/yoast.com\/product\/yoast-seo-wordpress\/ -->\n<title>Elon Musk abandonar\u00e1 cargo en el gobierno de EU dentro de unos meses, afirma Trump - Fuentes Fidedignas<\/title>\n<meta name=\"robots\" content=\"index, follow, max-snippet:-1, max-image-preview:large, max-video-preview:-1\" \/>\n<link rel=\"canonical\" href=\"https:\/\/fuentesfidedignas.com.mx\/index.php\/2025\/04\/03\/elon-musk-abandonara-cargo-en-el-gobierno-de-eu-dentro-de-unos-meses-afirma-trump\/\" \/>\n<meta property=\"og:locale\" content=\"es_MX\" \/>\n<meta property=\"og:type\" content=\"article\" \/>\n<meta property=\"og:title\" content=\"Elon Musk abandonar\u00e1 cargo en el gobierno de EU dentro de unos meses, afirma Trump - Fuentes Fidedignas\" \/>\n<meta property=\"og:description\" content=\"Algunos medios hab\u00edan informado que el magnate tecnol\u00f3gico dejar\u00eda el Departamento de Eficiencia Gubernamental (DOGE), desde donde ha promovido recortes de empleos. El presidente de Estados Unidos, Donald Trump, dijo este jueves que el magnate Elon Musk, su mano derecha y el responsable de los recortes del gasto p\u00fablico, abandonar\u00e1 el gobierno dentro de &#8220;unos [&hellip;]\" \/>\n<meta property=\"og:url\" content=\"https:\/\/fuentesfidedignas.com.mx\/index.php\/2025\/04\/03\/elon-musk-abandonara-cargo-en-el-gobierno-de-eu-dentro-de-unos-meses-afirma-trump\/\" \/>\n<meta property=\"og:site_name\" content=\"Fuentes Fidedignas\" \/>\n<meta property=\"article:publisher\" content=\"https:\/\/www.facebook.com\/Fuentes-Fidedignas-368234489921644\" \/>\n<meta property=\"article:published_time\" content=\"2025-04-04T00:11:15+00:00\" \/>\n<meta property=\"article:modified_time\" content=\"2025-04-04T00:11:18+00:00\" \/>\n<meta property=\"og:image\" content=\"https:\/\/fuentesfidedignas.com.mx\/wp-content\/uploads\/2025\/04\/elon_musk.jpg\" \/>\n\t<meta property=\"og:image:width\" content=\"600\" \/>\n\t<meta property=\"og:image:height\" content=\"391\" \/>\n\t<meta property=\"og:image:type\" content=\"image\/jpeg\" \/>\n<meta name=\"author\" content=\"Milenio\" \/>\n<meta name=\"twitter:card\" content=\"summary_large_image\" \/>\n<meta name=\"twitter:creator\" content=\"@fidedignas\" \/>\n<meta name=\"twitter:site\" content=\"@fidedignas\" \/>\n<meta name=\"twitter:label1\" content=\"Escrito por\" \/>\n\t<meta name=\"twitter:data1\" content=\"Milenio\" \/>\n\t<meta name=\"twitter:label2\" content=\"Tiempo de lectura\" \/>\n\t<meta name=\"twitter:data2\" content=\"3 minutos\" \/>\n<script type=\"application\/ld+json\" class=\"yoast-schema-graph\">{\"@context\":\"https:\\\/\\\/schema.org\",\"@graph\":[{\"@type\":\"Article\",\"@id\":\"https:\\\/\\\/fuentesfidedignas.com.mx\\\/index.php\\\/2025\\\/04\\\/03\\\/elon-musk-abandonara-cargo-en-el-gobierno-de-eu-dentro-de-unos-meses-afirma-trump\\\/#article\",\"isPartOf\":{\"@id\":\"https:\\\/\\\/fuentesfidedignas.com.mx\\\/index.php\\\/2025\\\/04\\\/03\\\/elon-musk-abandonara-cargo-en-el-gobierno-de-eu-dentro-de-unos-meses-afirma-trump\\\/\"},\"author\":{\"name\":\"Milenio\",\"@id\":\"https:\\\/\\\/fuentesfidedignas.com.mx\\\/#\\\/schema\\\/person\\\/47ec0135738f4b0c7495f06a77a2c976\"},\"headline\":\"Elon Musk abandonar\u00e1 cargo en el gobierno de EU dentro de unos meses, afirma Trump\",\"datePublished\":\"2025-04-04T00:11:15+00:00\",\"dateModified\":\"2025-04-04T00:11:18+00:00\",\"mainEntityOfPage\":{\"@id\":\"https:\\\/\\\/fuentesfidedignas.com.mx\\\/index.php\\\/2025\\\/04\\\/03\\\/elon-musk-abandonara-cargo-en-el-gobierno-de-eu-dentro-de-unos-meses-afirma-trump\\\/\"},\"wordCount\":528,\"commentCount\":0,\"publisher\":{\"@id\":\"https:\\\/\\\/fuentesfidedignas.com.mx\\\/#organization\"},\"image\":{\"@id\":\"https:\\\/\\\/fuentesfidedignas.com.mx\\\/index.php\\\/2025\\\/04\\\/03\\\/elon-musk-abandonara-cargo-en-el-gobierno-de-eu-dentro-de-unos-meses-afirma-trump\\\/#primaryimage\"},\"thumbnailUrl\":\"https:\\\/\\\/fuentesfidedignas.com.mx\\\/wp-content\\\/uploads\\\/2025\\\/04\\\/elon_musk.jpg\",\"articleSection\":[\"NOTICIAS NACIONALES\"],\"inLanguage\":\"es\",\"potentialAction\":[{\"@type\":\"CommentAction\",\"name\":\"Comment\",\"target\":[\"https:\\\/\\\/fuentesfidedignas.com.mx\\\/index.php\\\/2025\\\/04\\\/03\\\/elon-musk-abandonara-cargo-en-el-gobierno-de-eu-dentro-de-unos-meses-afirma-trump\\\/#respond\"]}]},{\"@type\":\"WebPage\",\"@id\":\"https:\\\/\\\/fuentesfidedignas.com.mx\\\/index.php\\\/2025\\\/04\\\/03\\\/elon-musk-abandonara-cargo-en-el-gobierno-de-eu-dentro-de-unos-meses-afirma-trump\\\/\",\"url\":\"https:\\\/\\\/fuentesfidedignas.com.mx\\\/index.php\\\/2025\\\/04\\\/03\\\/elon-musk-abandonara-cargo-en-el-gobierno-de-eu-dentro-de-unos-meses-afirma-trump\\\/\",\"name\":\"Elon Musk abandonar\u00e1 cargo en el gobierno de EU dentro de unos meses, afirma Trump - Fuentes Fidedignas\",\"isPartOf\":{\"@id\":\"https:\\\/\\\/fuentesfidedignas.com.mx\\\/#website\"},\"primaryImageOfPage\":{\"@id\":\"https:\\\/\\\/fuentesfidedignas.com.mx\\\/index.php\\\/2025\\\/04\\\/03\\\/elon-musk-abandonara-cargo-en-el-gobierno-de-eu-dentro-de-unos-meses-afirma-trump\\\/#primaryimage\"},\"image\":{\"@id\":\"https:\\\/\\\/fuentesfidedignas.com.mx\\\/index.php\\\/2025\\\/04\\\/03\\\/elon-musk-abandonara-cargo-en-el-gobierno-de-eu-dentro-de-unos-meses-afirma-trump\\\/#primaryimage\"},\"thumbnailUrl\":\"https:\\\/\\\/fuentesfidedignas.com.mx\\\/wp-content\\\/uploads\\\/2025\\\/04\\\/elon_musk.jpg\",\"datePublished\":\"2025-04-04T00:11:15+00:00\",\"dateModified\":\"2025-04-04T00:11:18+00:00\",\"breadcrumb\":{\"@id\":\"https:\\\/\\\/fuentesfidedignas.com.mx\\\/index.php\\\/2025\\\/04\\\/03\\\/elon-musk-abandonara-cargo-en-el-gobierno-de-eu-dentro-de-unos-meses-afirma-trump\\\/#breadcrumb\"},\"inLanguage\":\"es\",\"potentialAction\":[{\"@type\":\"ReadAction\",\"target\":[\"https:\\\/\\\/fuentesfidedignas.com.mx\\\/index.php\\\/2025\\\/04\\\/03\\\/elon-musk-abandonara-cargo-en-el-gobierno-de-eu-dentro-de-unos-meses-afirma-trump\\\/\"]}]},{\"@type\":\"ImageObject\",\"inLanguage\":\"es\",\"@id\":\"https:\\\/\\\/fuentesfidedignas.com.mx\\\/index.php\\\/2025\\\/04\\\/03\\\/elon-musk-abandonara-cargo-en-el-gobierno-de-eu-dentro-de-unos-meses-afirma-trump\\\/#primaryimage\",\"url\":\"https:\\\/\\\/fuentesfidedignas.com.mx\\\/wp-content\\\/uploads\\\/2025\\\/04\\\/elon_musk.jpg\",\"contentUrl\":\"https:\\\/\\\/fuentesfidedignas.com.mx\\\/wp-content\\\/uploads\\\/2025\\\/04\\\/elon_musk.jpg\",\"width\":600,\"height\":391},{\"@type\":\"BreadcrumbList\",\"@id\":\"https:\\\/\\\/fuentesfidedignas.com.mx\\\/index.php\\\/2025\\\/04\\\/03\\\/elon-musk-abandonara-cargo-en-el-gobierno-de-eu-dentro-de-unos-meses-afirma-trump\\\/#breadcrumb\",\"itemListElement\":[{\"@type\":\"ListItem\",\"position\":1,\"name\":\"Inicio\",\"item\":\"https:\\\/\\\/fuentesfidedignas.com.mx\\\/\"},{\"@type\":\"ListItem\",\"position\":2,\"name\":\"Elon Musk abandonar\u00e1 cargo en el gobierno de EU dentro de unos meses, afirma Trump\"}]},{\"@type\":\"WebSite\",\"@id\":\"https:\\\/\\\/fuentesfidedignas.com.mx\\\/#website\",\"url\":\"https:\\\/\\\/fuentesfidedignas.com.mx\\\/\",\"name\":\"Fuentes Fidedignas\",\"description\":\"Otro sitio realizado con WordPress\",\"publisher\":{\"@id\":\"https:\\\/\\\/fuentesfidedignas.com.mx\\\/#organization\"},\"potentialAction\":[{\"@type\":\"SearchAction\",\"target\":{\"@type\":\"EntryPoint\",\"urlTemplate\":\"https:\\\/\\\/fuentesfidedignas.com.mx\\\/?s={search_term_string}\"},\"query-input\":{\"@type\":\"PropertyValueSpecification\",\"valueRequired\":true,\"valueName\":\"search_term_string\"}}],\"inLanguage\":\"es\"},{\"@type\":\"Organization\",\"@id\":\"https:\\\/\\\/fuentesfidedignas.com.mx\\\/#organization\",\"name\":\"Fuentes Fidedignas\",\"url\":\"https:\\\/\\\/fuentesfidedignas.com.mx\\\/\",\"logo\":{\"@type\":\"ImageObject\",\"inLanguage\":\"es\",\"@id\":\"https:\\\/\\\/fuentesfidedignas.com.mx\\\/#\\\/schema\\\/logo\\\/image\\\/\",\"url\":\"https:\\\/\\\/fuentesfidedignas.com.mx\\\/wp-content\\\/uploads\\\/2021\\\/04\\\/logo-retina.png\",\"contentUrl\":\"https:\\\/\\\/fuentesfidedignas.com.mx\\\/wp-content\\\/uploads\\\/2021\\\/04\\\/logo-retina.png\",\"width\":280,\"height\":51,\"caption\":\"Fuentes Fidedignas\"},\"image\":{\"@id\":\"https:\\\/\\\/fuentesfidedignas.com.mx\\\/#\\\/schema\\\/logo\\\/image\\\/\"},\"sameAs\":[\"https:\\\/\\\/www.facebook.com\\\/Fuentes-Fidedignas-368234489921644\",\"https:\\\/\\\/x.com\\\/fidedignas\"]},{\"@type\":\"Person\",\"@id\":\"https:\\\/\\\/fuentesfidedignas.com.mx\\\/#\\\/schema\\\/person\\\/47ec0135738f4b0c7495f06a77a2c976\",\"name\":\"Milenio\",\"image\":{\"@type\":\"ImageObject\",\"inLanguage\":\"es\",\"@id\":\"https:\\\/\\\/secure.gravatar.com\\\/avatar\\\/acabf7b54753e51c2c76457954577c236b3b764789b19879565769739d1e4a75?s=96&d=mm&r=g\",\"url\":\"https:\\\/\\\/secure.gravatar.com\\\/avatar\\\/acabf7b54753e51c2c76457954577c236b3b764789b19879565769739d1e4a75?s=96&d=mm&r=g\",\"contentUrl\":\"https:\\\/\\\/secure.gravatar.com\\\/avatar\\\/acabf7b54753e51c2c76457954577c236b3b764789b19879565769739d1e4a75?s=96&d=mm&r=g\",\"caption\":\"Milenio\"},\"url\":\"https:\\\/\\\/fuentesfidedignas.com.mx\\\/index.php\\\/author\\\/milenio\\\/\"}]}<\/script>\n<!-- \/ Yoast SEO plugin. -->","yoast_head_json":{"title":"Elon Musk abandonar\u00e1 cargo en el gobierno de EU dentro de unos meses, afirma Trump - Fuentes Fidedignas","robots":{"index":"index","follow":"follow","max-snippet":"max-snippet:-1","max-image-preview":"max-image-preview:large","max-video-preview":"max-video-preview:-1"},"canonical":"https:\/\/fuentesfidedignas.com.mx\/index.php\/2025\/04\/03\/elon-musk-abandonara-cargo-en-el-gobierno-de-eu-dentro-de-unos-meses-afirma-trump\/","og_locale":"es_MX","og_type":"article","og_title":"Elon Musk abandonar\u00e1 cargo en el gobierno de EU dentro de unos meses, afirma Trump - Fuentes Fidedignas","og_description":"Algunos medios hab\u00edan informado que el magnate tecnol\u00f3gico dejar\u00eda el Departamento de Eficiencia Gubernamental (DOGE), desde donde ha promovido recortes de empleos. El presidente de Estados Unidos, Donald Trump, dijo este jueves que el magnate Elon Musk, su mano derecha y el responsable de los recortes del gasto p\u00fablico, abandonar\u00e1 el gobierno dentro de &#8220;unos [&hellip;]","og_url":"https:\/\/fuentesfidedignas.com.mx\/index.php\/2025\/04\/03\/elon-musk-abandonara-cargo-en-el-gobierno-de-eu-dentro-de-unos-meses-afirma-trump\/","og_site_name":"Fuentes Fidedignas","article_publisher":"https:\/\/www.facebook.com\/Fuentes-Fidedignas-368234489921644","article_published_time":"2025-04-04T00:11:15+00:00","article_modified_time":"2025-04-04T00:11:18+00:00","og_image":[{"width":600,"height":391,"url":"https:\/\/fuentesfidedignas.com.mx\/wp-content\/uploads\/2025\/04\/elon_musk.jpg","type":"image\/jpeg"}],"author":"Milenio","twitter_card":"summary_large_image","twitter_creator":"@fidedignas","twitter_site":"@fidedignas","twitter_misc":{"Escrito por":"Milenio","Tiempo de lectura":"3 minutos"},"schema":{"@context":"https:\/\/schema.org","@graph":[{"@type":"Article","@id":"https:\/\/fuentesfidedignas.com.mx\/index.php\/2025\/04\/03\/elon-musk-abandonara-cargo-en-el-gobierno-de-eu-dentro-de-unos-meses-afirma-trump\/#article","isPartOf":{"@id":"https:\/\/fuentesfidedignas.com.mx\/index.php\/2025\/04\/03\/elon-musk-abandonara-cargo-en-el-gobierno-de-eu-dentro-de-unos-meses-afirma-trump\/"},"author":{"name":"Milenio","@id":"https:\/\/fuentesfidedignas.com.mx\/#\/schema\/person\/47ec0135738f4b0c7495f06a77a2c976"},"headline":"Elon Musk abandonar\u00e1 cargo en el gobierno de EU dentro de unos meses, afirma Trump","datePublished":"2025-04-04T00:11:15+00:00","dateModified":"2025-04-04T00:11:18+00:00","mainEntityOfPage":{"@id":"https:\/\/fuentesfidedignas.com.mx\/index.php\/2025\/04\/03\/elon-musk-abandonara-cargo-en-el-gobierno-de-eu-dentro-de-unos-meses-afirma-trump\/"},"wordCount":528,"commentCount":0,"publisher":{"@id":"https:\/\/fuentesfidedignas.com.mx\/#organization"},"image":{"@id":"https:\/\/fuentesfidedignas.com.mx\/index.php\/2025\/04\/03\/elon-musk-abandonara-cargo-en-el-gobierno-de-eu-dentro-de-unos-meses-afirma-trump\/#primaryimage"},"thumbnailUrl":"https:\/\/fuentesfidedignas.com.mx\/wp-content\/uploads\/2025\/04\/elon_musk.jpg","articleSection":["NOTICIAS NACIONALES"],"inLanguage":"es","potentialAction":[{"@type":"CommentAction","name":"Comment","target":["https:\/\/fuentesfidedignas.com.mx\/index.php\/2025\/04\/03\/elon-musk-abandonara-cargo-en-el-gobierno-de-eu-dentro-de-unos-meses-afirma-trump\/#respond"]}]},{"@type":"WebPage","@id":"https:\/\/fuentesfidedignas.com.mx\/index.php\/2025\/04\/03\/elon-musk-abandonara-cargo-en-el-gobierno-de-eu-dentro-de-unos-meses-afirma-trump\/","url":"https:\/\/fuentesfidedignas.com.mx\/index.php\/2025\/04\/03\/elon-musk-abandonara-cargo-en-el-gobierno-de-eu-dentro-de-unos-meses-afirma-trump\/","name":"Elon Musk abandonar\u00e1 cargo en el gobierno de EU dentro de unos meses, afirma Trump - Fuentes Fidedignas","isPartOf":{"@id":"https:\/\/fuentesfidedignas.com.mx\/#website"},"primaryImageOfPage":{"@id":"https:\/\/fuentesfidedignas.com.mx\/index.php\/2025\/04\/03\/elon-musk-abandonara-cargo-en-el-gobierno-de-eu-dentro-de-unos-meses-afirma-trump\/#primaryimage"},"image":{"@id":"https:\/\/fuentesfidedignas.com.mx\/index.php\/2025\/04\/03\/elon-musk-abandonara-cargo-en-el-gobierno-de-eu-dentro-de-unos-meses-afirma-trump\/#primaryimage"},"thumbnailUrl":"https:\/\/fuentesfidedignas.com.mx\/wp-content\/uploads\/2025\/04\/elon_musk.jpg","datePublished":"2025-04-04T00:11:15+00:00","dateModified":"2025-04-04T00:11:18+00:00","breadcrumb":{"@id":"https:\/\/fuentesfidedignas.com.mx\/index.php\/2025\/04\/03\/elon-musk-abandonara-cargo-en-el-gobierno-de-eu-dentro-de-unos-meses-afirma-trump\/#breadcrumb"},"inLanguage":"es","potentialAction":[{"@type":"ReadAction","target":["https:\/\/fuentesfidedignas.com.mx\/index.php\/2025\/04\/03\/elon-musk-abandonara-cargo-en-el-gobierno-de-eu-dentro-de-unos-meses-afirma-trump\/"]}]},{"@type":"ImageObject","inLanguage":"es","@id":"https:\/\/fuentesfidedignas.com.mx\/index.php\/2025\/04\/03\/elon-musk-abandonara-cargo-en-el-gobierno-de-eu-dentro-de-unos-meses-afirma-trump\/#primaryimage","url":"https:\/\/fuentesfidedignas.com.mx\/wp-content\/uploads\/2025\/04\/elon_musk.jpg","contentUrl":"https:\/\/fuentesfidedignas.com.mx\/wp-content\/uploads\/2025\/04\/elon_musk.jpg","width":600,"height":391},{"@type":"BreadcrumbList","@id":"https:\/\/fuentesfidedignas.com.mx\/index.php\/2025\/04\/03\/elon-musk-abandonara-cargo-en-el-gobierno-de-eu-dentro-de-unos-meses-afirma-trump\/#breadcrumb","itemListElement":[{"@type":"ListItem","position":1,"name":"Inicio","item":"https:\/\/fuentesfidedignas.com.mx\/"},{"@type":"ListItem","position":2,"name":"Elon Musk abandonar\u00e1 cargo en el gobierno de EU dentro de unos meses, afirma Trump"}]},{"@type":"WebSite","@id":"https:\/\/fuentesfidedignas.com.mx\/#website","url":"https:\/\/fuentesfidedignas.com.mx\/","name":"Fuentes Fidedignas","description":"Otro sitio realizado con WordPress","publisher":{"@id":"https:\/\/fuentesfidedignas.com.mx\/#organization"},"potentialAction":[{"@type":"SearchAction","target":{"@type":"EntryPoint","urlTemplate":"https:\/\/fuentesfidedignas.com.mx\/?s={search_term_string}"},"query-input":{"@type":"PropertyValueSpecification","valueRequired":true,"valueName":"search_term_string"}}],"inLanguage":"es"},{"@type":"Organization","@id":"https:\/\/fuentesfidedignas.com.mx\/#organization","name":"Fuentes Fidedignas","url":"https:\/\/fuentesfidedignas.com.mx\/","logo":{"@type":"ImageObject","inLanguage":"es","@id":"https:\/\/fuentesfidedignas.com.mx\/#\/schema\/logo\/image\/","url":"https:\/\/fuentesfidedignas.com.mx\/wp-content\/uploads\/2021\/04\/logo-retina.png","contentUrl":"https:\/\/fuentesfidedignas.com.mx\/wp-content\/uploads\/2021\/04\/logo-retina.png","width":280,"height":51,"caption":"Fuentes Fidedignas"},"image":{"@id":"https:\/\/fuentesfidedignas.com.mx\/#\/schema\/logo\/image\/"},"sameAs":["https:\/\/www.facebook.com\/Fuentes-Fidedignas-368234489921644","https:\/\/x.com\/fidedignas"]},{"@type":"Person","@id":"https:\/\/fuentesfidedignas.com.mx\/#\/schema\/person\/47ec0135738f4b0c7495f06a77a2c976","name":"Milenio","image":{"@type":"ImageObject","inLanguage":"es","@id":"https:\/\/secure.gravatar.com\/avatar\/acabf7b54753e51c2c76457954577c236b3b764789b19879565769739d1e4a75?s=96&d=mm&r=g","url":"https:\/\/secure.gravatar.com\/avatar\/acabf7b54753e51c2c76457954577c236b3b764789b19879565769739d1e4a75?s=96&d=mm&r=g","contentUrl":"https:\/\/secure.gravatar.com\/avatar\/acabf7b54753e51c2c76457954577c236b3b764789b19879565769739d1e4a75?s=96&d=mm&r=g","caption":"Milenio"},"url":"https:\/\/fuentesfidedignas.com.mx\/index.php\/author\/milenio\/"}]}},"_links":{"self":[{"href":"https:\/\/fuentesfidedignas.com.mx\/index.php\/wp-json\/wp\/v2\/posts\/105464","targetHints":{"allow":["GET"]}}],"collection":[{"href":"https:\/\/fuentesfidedignas.com.mx\/index.php\/wp-json\/wp\/v2\/posts"}],"about":[{"href":"https:\/\/fuentesfidedignas.com.mx\/index.php\/wp-json\/wp\/v2\/types\/post"}],"author":[{"embeddable":true,"href":"https:\/\/fuentesfidedignas.com.mx\/index.php\/wp-json\/wp\/v2\/users\/9"}],"replies":[{"embeddable":true,"href":"https:\/\/fuentesfidedignas.com.mx\/index.php\/wp-json\/wp\/v2\/comments?post=105464"}],"version-history":[{"count":1,"href":"https:\/\/fuentesfidedignas.com.mx\/index.php\/wp-json\/wp\/v2\/posts\/105464\/revisions"}],"predecessor-version":[{"id":105466,"href":"https:\/\/fuentesfidedignas.com.mx\/index.php\/wp-json\/wp\/v2\/posts\/105464\/revisions\/105466"}],"wp:featuredmedia":[{"embeddable":true,"href":"https:\/\/fuentesfidedignas.com.mx\/index.php\/wp-json\/wp\/v2\/media\/105465"}],"wp:attachment":[{"href":"https:\/\/fuentesfidedignas.com.mx\/index.php\/wp-json\/wp\/v2\/media?parent=105464"}],"wp:term":[{"taxonomy":"category","embeddable":true,"href":"https:\/\/fuentesfidedignas.com.mx\/index.php\/wp-json\/wp\/v2\/categories?post=105464"},{"taxonomy":"post_tag","embeddable":true,"href":"https:\/\/fuentesfidedignas.com.mx\/index.php\/wp-json\/wp\/v2\/tags?post=105464"}],"curies":[{"name":"wp","href":"https:\/\/api.w.org\/{rel}","templated":true}]}}