{"id":105457,"date":"2025-04-03T17:00:50","date_gmt":"2025-04-04T00:00:50","guid":{"rendered":"https:\/\/fuentesfidedignas.com.mx\/?p=105457"},"modified":"2025-04-03T17:00:54","modified_gmt":"2025-04-04T00:00:54","slug":"sheinbaum-anuncia-18-programas-y-acciones-del-plan-mexico-ante-aranceles-de-trump","status":"publish","type":"post","link":"https:\/\/fuentesfidedignas.com.mx\/index.php\/2025\/04\/03\/sheinbaum-anuncia-18-programas-y-acciones-del-plan-mexico-ante-aranceles-de-trump\/","title":{"rendered":"Sheinbaum anuncia 18 programas y acciones del Plan M\u00e9xico ante aranceles de Trump"},"content":{"rendered":"\n<p><strong><em>Las medidas del Plan M\u00e9xico buscan fortalecer la econom\u00eda mexicana, con especial \u00e9nfasis en la industria automotriz<\/em><\/strong><\/p>\n\n\n\n<p>La presidenta\u00a0Claudia Sheinbaum\u00a0present\u00f3\u00a018 programas y acciones\u00a0para\u00a0fortalecer\u00a0el\u00a0Plan\u00a0M\u00e9xico, mismos que dar\u00e1n\u00a0respuesta\u00a0a los\u00a0aranceles\u00a0impuestos por\u00a0Donald Trump\u00a0a los productos mexicanos.<\/p>\n\n\n\n<p>Las\u00a0medidas\u00a0buscan\u00a0fortalecer\u00a0la\u00a0econom\u00eda\u00a0mexicana, con especial \u00e9nfasis en la\u00a0industria automotriz.<\/p>\n\n\n\n<p>En este sentido, reiter\u00f3 que contin\u00faa el\u00a0di\u00e1logo\u00a0con el Gobierno de Estados Unidos para mejorar las condiciones de\u00a0exportaci\u00f3n de veh\u00edculos\u00a0y\u00a0autopartes, as\u00ed como del\u00a0acero\u00a0y\u00a0aluminio.<\/p>\n\n\n\n<p>Desde el\u00a0Museo Nacional de Antropolog\u00eda, la mandataria enlist\u00f3 los\u00a0ejes principales\u00a0del\u00a0Plan M\u00e9xico.<\/p>\n\n\n\n<ul class=\"wp-block-list\">\n<li>Fortalecimiento del mercado interno y el salario<\/li>\n\n\n\n<li>Aumentar la soberan\u00eda alimentaria<\/li>\n\n\n\n<li>Aumentar la soberan\u00eda energ\u00e9tica<\/li>\n\n\n\n<li>Aumentar la producci\u00f3n nacional y disminuir importaciones de pa\u00edses con los que no se tiene tratado comercial<\/li>\n\n\n\n<li>Fortalecer los programas de Bienestar<\/li>\n<\/ul>\n\n\n\n<p>En tanto, las 18 acciones a implementar ser\u00e1n:<\/p>\n\n\n\n<p>1.- Ampliar la autosuficiencia alimentaria de ma\u00edz, frijol, leche y arroz<br>2.- Ampliar la autosuficiencia energ\u00e9tica de gasolina, di\u00e9sel, turbosina y energ\u00eda el\u00e9ctrica, al tiempo que se reducir\u00e1 la importaci\u00f3n de gas natural<br>3.- Acelerar los proyectos de obra p\u00fablica para 2025<br>4.- Acelerar la construcci\u00f3n de vivienda y cr\u00e9ditos<br>5.- Fortalecer y ampliar la fabricaci\u00f3n nacional para el mercado interno de la industria textil, calzado, muebles, ropa, juguetes, as\u00ed como en acero y aluminio<br>6.- Fortalecer y ampliar la fabricaci\u00f3n nacional para el mercado interno de veh\u00edculos<br>7.- Aumentar la producci\u00f3n nacional de la industria farmac\u00e9utica y equipo m\u00e9dico<br>8.- Aumentar la producci\u00f3n de industria petroqu\u00edmica y fertilizantes<br>9.- Aumentar el contenido nacional de compras p\u00fablicas, a trav\u00e9s de la nueva Ley de Adquisiciones<br>10.- Aumentar la venta de productos nacionales en tiendas de autoservicios y departamentales<br>11.- Portafolio de inversiones y Ventanilla Digital Nacional de Inversiones<br>12.- Publicaci\u00f3n de la licitaci\u00f3n de 15 polos de bienestar en distintos estados<br>13.- Aumentar la creaci\u00f3n de al menos 100 mil empleos<br>14.- Financiamiento a micro y peque\u00f1as empresas<br>15.- Mayor inversi\u00f3n para investigaci\u00f3n cient\u00edfica y tecnol\u00f3gica, y simplificaci\u00f3n de tiempos para registro de patentes<br>16.- Renovar permanentemente el Paquete contra la Inflaci\u00f3n y la Carest\u00eda de la Canasta B\u00e1sica (PACIC)<br>17.- Mantener al aumento al salario m\u00ednimo hasta llegar a 2.5 canastas b\u00e1sicas<br>18.- Garantizar y ampliar los Programas de Bienestar<\/p>\n\n\n\n<p>La presidenta Claudia Sheinbaum adelant\u00f3 que algunas de las acciones ser\u00e1n detalladas en los pr\u00f3ximos d\u00edas, durante la \u2018Ma\u00f1anera del Pueblo\u2019.<\/p>\n","protected":false},"excerpt":{"rendered":"<p>Las medidas del Plan M\u00e9xico buscan fortalecer la econom\u00eda mexicana, con especial \u00e9nfasis en la industria automotriz La presidenta\u00a0Claudia Sheinbaum\u00a0present\u00f3\u00a018 programas y acciones\u00a0para\u00a0fortalecer\u00a0el\u00a0Plan\u00a0M\u00e9xico, mismos que dar\u00e1n\u00a0respuesta\u00a0a los\u00a0aranceles\u00a0impuestos por\u00a0Donald Trump\u00a0a los productos mexicanos. Las\u00a0medidas\u00a0buscan\u00a0fortalecer\u00a0la\u00a0econom\u00eda\u00a0mexicana, con especial \u00e9nfasis en la\u00a0industria automotriz. En este sentido, reiter\u00f3 que contin\u00faa el\u00a0di\u00e1logo\u00a0con el Gobierno de Estados Unidos para mejorar las condiciones [&hellip;]<\/p>\n","protected":false},"author":47,"featured_media":105459,"comment_status":"open","ping_status":"open","sticky":false,"template":"","format":"standard","meta":{"tdm_status":"","tdm_grid_status":"","footnotes":""},"categories":[39],"tags":[],"class_list":{"0":"post-105457","1":"post","2":"type-post","3":"status-publish","4":"format-standard","5":"has-post-thumbnail","7":"category-noticias-nacionales"},"yoast_head":"<!-- This site is optimized with the Yoast SEO plugin v27.4 - https:\/\/yoast.com\/product\/yoast-seo-wordpress\/ -->\n<title>Sheinbaum anuncia 18 programas y acciones del Plan M\u00e9xico ante aranceles de Trump - Fuentes Fidedignas<\/title>\n<meta name=\"robots\" content=\"index, follow, max-snippet:-1, max-image-preview:large, max-video-preview:-1\" \/>\n<link rel=\"canonical\" href=\"https:\/\/fuentesfidedignas.com.mx\/index.php\/2025\/04\/03\/sheinbaum-anuncia-18-programas-y-acciones-del-plan-mexico-ante-aranceles-de-trump\/\" \/>\n<meta property=\"og:locale\" content=\"es_MX\" \/>\n<meta property=\"og:type\" content=\"article\" \/>\n<meta property=\"og:title\" content=\"Sheinbaum anuncia 18 programas y acciones del Plan M\u00e9xico ante aranceles de Trump - Fuentes Fidedignas\" \/>\n<meta property=\"og:description\" content=\"Las medidas del Plan M\u00e9xico buscan fortalecer la econom\u00eda mexicana, con especial \u00e9nfasis en la industria automotriz La presidenta\u00a0Claudia Sheinbaum\u00a0present\u00f3\u00a018 programas y acciones\u00a0para\u00a0fortalecer\u00a0el\u00a0Plan\u00a0M\u00e9xico, mismos que dar\u00e1n\u00a0respuesta\u00a0a los\u00a0aranceles\u00a0impuestos por\u00a0Donald Trump\u00a0a los productos mexicanos. Las\u00a0medidas\u00a0buscan\u00a0fortalecer\u00a0la\u00a0econom\u00eda\u00a0mexicana, con especial \u00e9nfasis en la\u00a0industria automotriz. En este sentido, reiter\u00f3 que contin\u00faa el\u00a0di\u00e1logo\u00a0con el Gobierno de Estados Unidos para mejorar las condiciones [&hellip;]\" \/>\n<meta property=\"og:url\" content=\"https:\/\/fuentesfidedignas.com.mx\/index.php\/2025\/04\/03\/sheinbaum-anuncia-18-programas-y-acciones-del-plan-mexico-ante-aranceles-de-trump\/\" \/>\n<meta property=\"og:site_name\" content=\"Fuentes Fidedignas\" \/>\n<meta property=\"article:publisher\" content=\"https:\/\/www.facebook.com\/Fuentes-Fidedignas-368234489921644\" \/>\n<meta property=\"article:published_time\" content=\"2025-04-04T00:00:50+00:00\" \/>\n<meta property=\"article:modified_time\" content=\"2025-04-04T00:00:54+00:00\" \/>\n<meta property=\"og:image\" content=\"https:\/\/fuentesfidedignas.com.mx\/wp-content\/uploads\/2025\/04\/claudia-sheinbaum-en-presentacion-de-acciones-de-fortalecimiento-del-plan-mexico-2048x1362-1.jpeg\" \/>\n\t<meta property=\"og:image:width\" content=\"600\" \/>\n\t<meta property=\"og:image:height\" content=\"399\" \/>\n\t<meta property=\"og:image:type\" content=\"image\/jpeg\" \/>\n<meta name=\"author\" content=\"L\u00f3pez D\u00f3riga\" \/>\n<meta name=\"twitter:card\" content=\"summary_large_image\" \/>\n<meta name=\"twitter:creator\" content=\"@fidedignas\" \/>\n<meta name=\"twitter:site\" content=\"@fidedignas\" \/>\n<meta name=\"twitter:label1\" content=\"Escrito por\" \/>\n\t<meta name=\"twitter:data1\" content=\"L\u00f3pez D\u00f3riga\" \/>\n\t<meta name=\"twitter:label2\" content=\"Tiempo de lectura\" \/>\n\t<meta name=\"twitter:data2\" content=\"3 minutos\" \/>\n<script type=\"application\/ld+json\" class=\"yoast-schema-graph\">{\"@context\":\"https:\\\/\\\/schema.org\",\"@graph\":[{\"@type\":\"Article\",\"@id\":\"https:\\\/\\\/fuentesfidedignas.com.mx\\\/index.php\\\/2025\\\/04\\\/03\\\/sheinbaum-anuncia-18-programas-y-acciones-del-plan-mexico-ante-aranceles-de-trump\\\/#article\",\"isPartOf\":{\"@id\":\"https:\\\/\\\/fuentesfidedignas.com.mx\\\/index.php\\\/2025\\\/04\\\/03\\\/sheinbaum-anuncia-18-programas-y-acciones-del-plan-mexico-ante-aranceles-de-trump\\\/\"},\"author\":{\"name\":\"L\u00f3pez D\u00f3riga\",\"@id\":\"https:\\\/\\\/fuentesfidedignas.com.mx\\\/#\\\/schema\\\/person\\\/67d852f0557c8509146a4b9ddebd543a\"},\"headline\":\"Sheinbaum anuncia 18 programas y acciones del Plan M\u00e9xico ante aranceles de Trump\",\"datePublished\":\"2025-04-04T00:00:50+00:00\",\"dateModified\":\"2025-04-04T00:00:54+00:00\",\"mainEntityOfPage\":{\"@id\":\"https:\\\/\\\/fuentesfidedignas.com.mx\\\/index.php\\\/2025\\\/04\\\/03\\\/sheinbaum-anuncia-18-programas-y-acciones-del-plan-mexico-ante-aranceles-de-trump\\\/\"},\"wordCount\":463,\"commentCount\":0,\"publisher\":{\"@id\":\"https:\\\/\\\/fuentesfidedignas.com.mx\\\/#organization\"},\"image\":{\"@id\":\"https:\\\/\\\/fuentesfidedignas.com.mx\\\/index.php\\\/2025\\\/04\\\/03\\\/sheinbaum-anuncia-18-programas-y-acciones-del-plan-mexico-ante-aranceles-de-trump\\\/#primaryimage\"},\"thumbnailUrl\":\"https:\\\/\\\/fuentesfidedignas.com.mx\\\/wp-content\\\/uploads\\\/2025\\\/04\\\/claudia-sheinbaum-en-presentacion-de-acciones-de-fortalecimiento-del-plan-mexico-2048x1362-1.jpeg\",\"articleSection\":[\"NOTICIAS NACIONALES\"],\"inLanguage\":\"es\",\"potentialAction\":[{\"@type\":\"CommentAction\",\"name\":\"Comment\",\"target\":[\"https:\\\/\\\/fuentesfidedignas.com.mx\\\/index.php\\\/2025\\\/04\\\/03\\\/sheinbaum-anuncia-18-programas-y-acciones-del-plan-mexico-ante-aranceles-de-trump\\\/#respond\"]}]},{\"@type\":\"WebPage\",\"@id\":\"https:\\\/\\\/fuentesfidedignas.com.mx\\\/index.php\\\/2025\\\/04\\\/03\\\/sheinbaum-anuncia-18-programas-y-acciones-del-plan-mexico-ante-aranceles-de-trump\\\/\",\"url\":\"https:\\\/\\\/fuentesfidedignas.com.mx\\\/index.php\\\/2025\\\/04\\\/03\\\/sheinbaum-anuncia-18-programas-y-acciones-del-plan-mexico-ante-aranceles-de-trump\\\/\",\"name\":\"Sheinbaum anuncia 18 programas y acciones del Plan M\u00e9xico ante aranceles de Trump - Fuentes Fidedignas\",\"isPartOf\":{\"@id\":\"https:\\\/\\\/fuentesfidedignas.com.mx\\\/#website\"},\"primaryImageOfPage\":{\"@id\":\"https:\\\/\\\/fuentesfidedignas.com.mx\\\/index.php\\\/2025\\\/04\\\/03\\\/sheinbaum-anuncia-18-programas-y-acciones-del-plan-mexico-ante-aranceles-de-trump\\\/#primaryimage\"},\"image\":{\"@id\":\"https:\\\/\\\/fuentesfidedignas.com.mx\\\/index.php\\\/2025\\\/04\\\/03\\\/sheinbaum-anuncia-18-programas-y-acciones-del-plan-mexico-ante-aranceles-de-trump\\\/#primaryimage\"},\"thumbnailUrl\":\"https:\\\/\\\/fuentesfidedignas.com.mx\\\/wp-content\\\/uploads\\\/2025\\\/04\\\/claudia-sheinbaum-en-presentacion-de-acciones-de-fortalecimiento-del-plan-mexico-2048x1362-1.jpeg\",\"datePublished\":\"2025-04-04T00:00:50+00:00\",\"dateModified\":\"2025-04-04T00:00:54+00:00\",\"breadcrumb\":{\"@id\":\"https:\\\/\\\/fuentesfidedignas.com.mx\\\/index.php\\\/2025\\\/04\\\/03\\\/sheinbaum-anuncia-18-programas-y-acciones-del-plan-mexico-ante-aranceles-de-trump\\\/#breadcrumb\"},\"inLanguage\":\"es\",\"potentialAction\":[{\"@type\":\"ReadAction\",\"target\":[\"https:\\\/\\\/fuentesfidedignas.com.mx\\\/index.php\\\/2025\\\/04\\\/03\\\/sheinbaum-anuncia-18-programas-y-acciones-del-plan-mexico-ante-aranceles-de-trump\\\/\"]}]},{\"@type\":\"ImageObject\",\"inLanguage\":\"es\",\"@id\":\"https:\\\/\\\/fuentesfidedignas.com.mx\\\/index.php\\\/2025\\\/04\\\/03\\\/sheinbaum-anuncia-18-programas-y-acciones-del-plan-mexico-ante-aranceles-de-trump\\\/#primaryimage\",\"url\":\"https:\\\/\\\/fuentesfidedignas.com.mx\\\/wp-content\\\/uploads\\\/2025\\\/04\\\/claudia-sheinbaum-en-presentacion-de-acciones-de-fortalecimiento-del-plan-mexico-2048x1362-1.jpeg\",\"contentUrl\":\"https:\\\/\\\/fuentesfidedignas.com.mx\\\/wp-content\\\/uploads\\\/2025\\\/04\\\/claudia-sheinbaum-en-presentacion-de-acciones-de-fortalecimiento-del-plan-mexico-2048x1362-1.jpeg\",\"width\":600,\"height\":399},{\"@type\":\"BreadcrumbList\",\"@id\":\"https:\\\/\\\/fuentesfidedignas.com.mx\\\/index.php\\\/2025\\\/04\\\/03\\\/sheinbaum-anuncia-18-programas-y-acciones-del-plan-mexico-ante-aranceles-de-trump\\\/#breadcrumb\",\"itemListElement\":[{\"@type\":\"ListItem\",\"position\":1,\"name\":\"Inicio\",\"item\":\"https:\\\/\\\/fuentesfidedignas.com.mx\\\/\"},{\"@type\":\"ListItem\",\"position\":2,\"name\":\"Sheinbaum anuncia 18 programas y acciones del Plan M\u00e9xico ante aranceles de Trump\"}]},{\"@type\":\"WebSite\",\"@id\":\"https:\\\/\\\/fuentesfidedignas.com.mx\\\/#website\",\"url\":\"https:\\\/\\\/fuentesfidedignas.com.mx\\\/\",\"name\":\"Fuentes Fidedignas\",\"description\":\"Otro sitio realizado con WordPress\",\"publisher\":{\"@id\":\"https:\\\/\\\/fuentesfidedignas.com.mx\\\/#organization\"},\"potentialAction\":[{\"@type\":\"SearchAction\",\"target\":{\"@type\":\"EntryPoint\",\"urlTemplate\":\"https:\\\/\\\/fuentesfidedignas.com.mx\\\/?s={search_term_string}\"},\"query-input\":{\"@type\":\"PropertyValueSpecification\",\"valueRequired\":true,\"valueName\":\"search_term_string\"}}],\"inLanguage\":\"es\"},{\"@type\":\"Organization\",\"@id\":\"https:\\\/\\\/fuentesfidedignas.com.mx\\\/#organization\",\"name\":\"Fuentes Fidedignas\",\"url\":\"https:\\\/\\\/fuentesfidedignas.com.mx\\\/\",\"logo\":{\"@type\":\"ImageObject\",\"inLanguage\":\"es\",\"@id\":\"https:\\\/\\\/fuentesfidedignas.com.mx\\\/#\\\/schema\\\/logo\\\/image\\\/\",\"url\":\"https:\\\/\\\/fuentesfidedignas.com.mx\\\/wp-content\\\/uploads\\\/2021\\\/04\\\/logo-retina.png\",\"contentUrl\":\"https:\\\/\\\/fuentesfidedignas.com.mx\\\/wp-content\\\/uploads\\\/2021\\\/04\\\/logo-retina.png\",\"width\":280,\"height\":51,\"caption\":\"Fuentes Fidedignas\"},\"image\":{\"@id\":\"https:\\\/\\\/fuentesfidedignas.com.mx\\\/#\\\/schema\\\/logo\\\/image\\\/\"},\"sameAs\":[\"https:\\\/\\\/www.facebook.com\\\/Fuentes-Fidedignas-368234489921644\",\"https:\\\/\\\/x.com\\\/fidedignas\"]},{\"@type\":\"Person\",\"@id\":\"https:\\\/\\\/fuentesfidedignas.com.mx\\\/#\\\/schema\\\/person\\\/67d852f0557c8509146a4b9ddebd543a\",\"name\":\"L\u00f3pez D\u00f3riga\",\"image\":{\"@type\":\"ImageObject\",\"inLanguage\":\"es\",\"@id\":\"https:\\\/\\\/secure.gravatar.com\\\/avatar\\\/e525b06574ca18b33cded59dfe5778d6c823b9513154eff47da551b0551bdd1e?s=96&d=mm&r=g\",\"url\":\"https:\\\/\\\/secure.gravatar.com\\\/avatar\\\/e525b06574ca18b33cded59dfe5778d6c823b9513154eff47da551b0551bdd1e?s=96&d=mm&r=g\",\"contentUrl\":\"https:\\\/\\\/secure.gravatar.com\\\/avatar\\\/e525b06574ca18b33cded59dfe5778d6c823b9513154eff47da551b0551bdd1e?s=96&d=mm&r=g\",\"caption\":\"L\u00f3pez D\u00f3riga\"},\"url\":\"https:\\\/\\\/fuentesfidedignas.com.mx\\\/index.php\\\/author\\\/doriga\\\/\"}]}<\/script>\n<!-- \/ Yoast SEO plugin. -->","yoast_head_json":{"title":"Sheinbaum anuncia 18 programas y acciones del Plan M\u00e9xico ante aranceles de Trump - Fuentes Fidedignas","robots":{"index":"index","follow":"follow","max-snippet":"max-snippet:-1","max-image-preview":"max-image-preview:large","max-video-preview":"max-video-preview:-1"},"canonical":"https:\/\/fuentesfidedignas.com.mx\/index.php\/2025\/04\/03\/sheinbaum-anuncia-18-programas-y-acciones-del-plan-mexico-ante-aranceles-de-trump\/","og_locale":"es_MX","og_type":"article","og_title":"Sheinbaum anuncia 18 programas y acciones del Plan M\u00e9xico ante aranceles de Trump - Fuentes Fidedignas","og_description":"Las medidas del Plan M\u00e9xico buscan fortalecer la econom\u00eda mexicana, con especial \u00e9nfasis en la industria automotriz La presidenta\u00a0Claudia Sheinbaum\u00a0present\u00f3\u00a018 programas y acciones\u00a0para\u00a0fortalecer\u00a0el\u00a0Plan\u00a0M\u00e9xico, mismos que dar\u00e1n\u00a0respuesta\u00a0a los\u00a0aranceles\u00a0impuestos por\u00a0Donald Trump\u00a0a los productos mexicanos. Las\u00a0medidas\u00a0buscan\u00a0fortalecer\u00a0la\u00a0econom\u00eda\u00a0mexicana, con especial \u00e9nfasis en la\u00a0industria automotriz. En este sentido, reiter\u00f3 que contin\u00faa el\u00a0di\u00e1logo\u00a0con el Gobierno de Estados Unidos para mejorar las condiciones [&hellip;]","og_url":"https:\/\/fuentesfidedignas.com.mx\/index.php\/2025\/04\/03\/sheinbaum-anuncia-18-programas-y-acciones-del-plan-mexico-ante-aranceles-de-trump\/","og_site_name":"Fuentes Fidedignas","article_publisher":"https:\/\/www.facebook.com\/Fuentes-Fidedignas-368234489921644","article_published_time":"2025-04-04T00:00:50+00:00","article_modified_time":"2025-04-04T00:00:54+00:00","og_image":[{"width":600,"height":399,"url":"https:\/\/fuentesfidedignas.com.mx\/wp-content\/uploads\/2025\/04\/claudia-sheinbaum-en-presentacion-de-acciones-de-fortalecimiento-del-plan-mexico-2048x1362-1.jpeg","type":"image\/jpeg"}],"author":"L\u00f3pez D\u00f3riga","twitter_card":"summary_large_image","twitter_creator":"@fidedignas","twitter_site":"@fidedignas","twitter_misc":{"Escrito por":"L\u00f3pez D\u00f3riga","Tiempo de lectura":"3 minutos"},"schema":{"@context":"https:\/\/schema.org","@graph":[{"@type":"Article","@id":"https:\/\/fuentesfidedignas.com.mx\/index.php\/2025\/04\/03\/sheinbaum-anuncia-18-programas-y-acciones-del-plan-mexico-ante-aranceles-de-trump\/#article","isPartOf":{"@id":"https:\/\/fuentesfidedignas.com.mx\/index.php\/2025\/04\/03\/sheinbaum-anuncia-18-programas-y-acciones-del-plan-mexico-ante-aranceles-de-trump\/"},"author":{"name":"L\u00f3pez D\u00f3riga","@id":"https:\/\/fuentesfidedignas.com.mx\/#\/schema\/person\/67d852f0557c8509146a4b9ddebd543a"},"headline":"Sheinbaum anuncia 18 programas y acciones del Plan M\u00e9xico ante aranceles de Trump","datePublished":"2025-04-04T00:00:50+00:00","dateModified":"2025-04-04T00:00:54+00:00","mainEntityOfPage":{"@id":"https:\/\/fuentesfidedignas.com.mx\/index.php\/2025\/04\/03\/sheinbaum-anuncia-18-programas-y-acciones-del-plan-mexico-ante-aranceles-de-trump\/"},"wordCount":463,"commentCount":0,"publisher":{"@id":"https:\/\/fuentesfidedignas.com.mx\/#organization"},"image":{"@id":"https:\/\/fuentesfidedignas.com.mx\/index.php\/2025\/04\/03\/sheinbaum-anuncia-18-programas-y-acciones-del-plan-mexico-ante-aranceles-de-trump\/#primaryimage"},"thumbnailUrl":"https:\/\/fuentesfidedignas.com.mx\/wp-content\/uploads\/2025\/04\/claudia-sheinbaum-en-presentacion-de-acciones-de-fortalecimiento-del-plan-mexico-2048x1362-1.jpeg","articleSection":["NOTICIAS NACIONALES"],"inLanguage":"es","potentialAction":[{"@type":"CommentAction","name":"Comment","target":["https:\/\/fuentesfidedignas.com.mx\/index.php\/2025\/04\/03\/sheinbaum-anuncia-18-programas-y-acciones-del-plan-mexico-ante-aranceles-de-trump\/#respond"]}]},{"@type":"WebPage","@id":"https:\/\/fuentesfidedignas.com.mx\/index.php\/2025\/04\/03\/sheinbaum-anuncia-18-programas-y-acciones-del-plan-mexico-ante-aranceles-de-trump\/","url":"https:\/\/fuentesfidedignas.com.mx\/index.php\/2025\/04\/03\/sheinbaum-anuncia-18-programas-y-acciones-del-plan-mexico-ante-aranceles-de-trump\/","name":"Sheinbaum anuncia 18 programas y acciones del Plan M\u00e9xico ante aranceles de Trump - Fuentes Fidedignas","isPartOf":{"@id":"https:\/\/fuentesfidedignas.com.mx\/#website"},"primaryImageOfPage":{"@id":"https:\/\/fuentesfidedignas.com.mx\/index.php\/2025\/04\/03\/sheinbaum-anuncia-18-programas-y-acciones-del-plan-mexico-ante-aranceles-de-trump\/#primaryimage"},"image":{"@id":"https:\/\/fuentesfidedignas.com.mx\/index.php\/2025\/04\/03\/sheinbaum-anuncia-18-programas-y-acciones-del-plan-mexico-ante-aranceles-de-trump\/#primaryimage"},"thumbnailUrl":"https:\/\/fuentesfidedignas.com.mx\/wp-content\/uploads\/2025\/04\/claudia-sheinbaum-en-presentacion-de-acciones-de-fortalecimiento-del-plan-mexico-2048x1362-1.jpeg","datePublished":"2025-04-04T00:00:50+00:00","dateModified":"2025-04-04T00:00:54+00:00","breadcrumb":{"@id":"https:\/\/fuentesfidedignas.com.mx\/index.php\/2025\/04\/03\/sheinbaum-anuncia-18-programas-y-acciones-del-plan-mexico-ante-aranceles-de-trump\/#breadcrumb"},"inLanguage":"es","potentialAction":[{"@type":"ReadAction","target":["https:\/\/fuentesfidedignas.com.mx\/index.php\/2025\/04\/03\/sheinbaum-anuncia-18-programas-y-acciones-del-plan-mexico-ante-aranceles-de-trump\/"]}]},{"@type":"ImageObject","inLanguage":"es","@id":"https:\/\/fuentesfidedignas.com.mx\/index.php\/2025\/04\/03\/sheinbaum-anuncia-18-programas-y-acciones-del-plan-mexico-ante-aranceles-de-trump\/#primaryimage","url":"https:\/\/fuentesfidedignas.com.mx\/wp-content\/uploads\/2025\/04\/claudia-sheinbaum-en-presentacion-de-acciones-de-fortalecimiento-del-plan-mexico-2048x1362-1.jpeg","contentUrl":"https:\/\/fuentesfidedignas.com.mx\/wp-content\/uploads\/2025\/04\/claudia-sheinbaum-en-presentacion-de-acciones-de-fortalecimiento-del-plan-mexico-2048x1362-1.jpeg","width":600,"height":399},{"@type":"BreadcrumbList","@id":"https:\/\/fuentesfidedignas.com.mx\/index.php\/2025\/04\/03\/sheinbaum-anuncia-18-programas-y-acciones-del-plan-mexico-ante-aranceles-de-trump\/#breadcrumb","itemListElement":[{"@type":"ListItem","position":1,"name":"Inicio","item":"https:\/\/fuentesfidedignas.com.mx\/"},{"@type":"ListItem","position":2,"name":"Sheinbaum anuncia 18 programas y acciones del Plan M\u00e9xico ante aranceles de Trump"}]},{"@type":"WebSite","@id":"https:\/\/fuentesfidedignas.com.mx\/#website","url":"https:\/\/fuentesfidedignas.com.mx\/","name":"Fuentes Fidedignas","description":"Otro sitio realizado con WordPress","publisher":{"@id":"https:\/\/fuentesfidedignas.com.mx\/#organization"},"potentialAction":[{"@type":"SearchAction","target":{"@type":"EntryPoint","urlTemplate":"https:\/\/fuentesfidedignas.com.mx\/?s={search_term_string}"},"query-input":{"@type":"PropertyValueSpecification","valueRequired":true,"valueName":"search_term_string"}}],"inLanguage":"es"},{"@type":"Organization","@id":"https:\/\/fuentesfidedignas.com.mx\/#organization","name":"Fuentes Fidedignas","url":"https:\/\/fuentesfidedignas.com.mx\/","logo":{"@type":"ImageObject","inLanguage":"es","@id":"https:\/\/fuentesfidedignas.com.mx\/#\/schema\/logo\/image\/","url":"https:\/\/fuentesfidedignas.com.mx\/wp-content\/uploads\/2021\/04\/logo-retina.png","contentUrl":"https:\/\/fuentesfidedignas.com.mx\/wp-content\/uploads\/2021\/04\/logo-retina.png","width":280,"height":51,"caption":"Fuentes Fidedignas"},"image":{"@id":"https:\/\/fuentesfidedignas.com.mx\/#\/schema\/logo\/image\/"},"sameAs":["https:\/\/www.facebook.com\/Fuentes-Fidedignas-368234489921644","https:\/\/x.com\/fidedignas"]},{"@type":"Person","@id":"https:\/\/fuentesfidedignas.com.mx\/#\/schema\/person\/67d852f0557c8509146a4b9ddebd543a","name":"L\u00f3pez D\u00f3riga","image":{"@type":"ImageObject","inLanguage":"es","@id":"https:\/\/secure.gravatar.com\/avatar\/e525b06574ca18b33cded59dfe5778d6c823b9513154eff47da551b0551bdd1e?s=96&d=mm&r=g","url":"https:\/\/secure.gravatar.com\/avatar\/e525b06574ca18b33cded59dfe5778d6c823b9513154eff47da551b0551bdd1e?s=96&d=mm&r=g","contentUrl":"https:\/\/secure.gravatar.com\/avatar\/e525b06574ca18b33cded59dfe5778d6c823b9513154eff47da551b0551bdd1e?s=96&d=mm&r=g","caption":"L\u00f3pez D\u00f3riga"},"url":"https:\/\/fuentesfidedignas.com.mx\/index.php\/author\/doriga\/"}]}},"_links":{"self":[{"href":"https:\/\/fuentesfidedignas.com.mx\/index.php\/wp-json\/wp\/v2\/posts\/105457","targetHints":{"allow":["GET"]}}],"collection":[{"href":"https:\/\/fuentesfidedignas.com.mx\/index.php\/wp-json\/wp\/v2\/posts"}],"about":[{"href":"https:\/\/fuentesfidedignas.com.mx\/index.php\/wp-json\/wp\/v2\/types\/post"}],"author":[{"embeddable":true,"href":"https:\/\/fuentesfidedignas.com.mx\/index.php\/wp-json\/wp\/v2\/users\/47"}],"replies":[{"embeddable":true,"href":"https:\/\/fuentesfidedignas.com.mx\/index.php\/wp-json\/wp\/v2\/comments?post=105457"}],"version-history":[{"count":1,"href":"https:\/\/fuentesfidedignas.com.mx\/index.php\/wp-json\/wp\/v2\/posts\/105457\/revisions"}],"predecessor-version":[{"id":105462,"href":"https:\/\/fuentesfidedignas.com.mx\/index.php\/wp-json\/wp\/v2\/posts\/105457\/revisions\/105462"}],"wp:featuredmedia":[{"embeddable":true,"href":"https:\/\/fuentesfidedignas.com.mx\/index.php\/wp-json\/wp\/v2\/media\/105459"}],"wp:attachment":[{"href":"https:\/\/fuentesfidedignas.com.mx\/index.php\/wp-json\/wp\/v2\/media?parent=105457"}],"wp:term":[{"taxonomy":"category","embeddable":true,"href":"https:\/\/fuentesfidedignas.com.mx\/index.php\/wp-json\/wp\/v2\/categories?post=105457"},{"taxonomy":"post_tag","embeddable":true,"href":"https:\/\/fuentesfidedignas.com.mx\/index.php\/wp-json\/wp\/v2\/tags?post=105457"}],"curies":[{"name":"wp","href":"https:\/\/api.w.org\/{rel}","templated":true}]}}