{"id":105417,"date":"2025-04-03T10:59:18","date_gmt":"2025-04-03T17:59:18","guid":{"rendered":"https:\/\/fuentesfidedignas.com.mx\/?p=105417"},"modified":"2025-04-03T10:59:18","modified_gmt":"2025-04-03T17:59:18","slug":"retiran-prision-domiciliaria-a-mario-marin-y-lo-reingresan-al-altiplano","status":"publish","type":"post","link":"https:\/\/fuentesfidedignas.com.mx\/index.php\/2025\/04\/03\/retiran-prision-domiciliaria-a-mario-marin-y-lo-reingresan-al-altiplano\/","title":{"rendered":"Retiran prisi\u00f3n domiciliaria a Mario Mar\u00edn y lo reingresan al Altiplano"},"content":{"rendered":"\n<p>Quintana Roo.- Mario Mar\u00edn, exgobernador de Puebla, fue reingresado al penal del Altiplano en el Estado de M\u00e9xico para continuar con su proceso judicial por tortura en agravio de la periodista Lydia Cacho.<\/p>\n\n\n\n<p>El&nbsp;<strong>Tribunal Colegiado de Apelaci\u00f3n del Vig\u00e9simo S\u00e9ptimo Circuito<\/strong>, con sede en&nbsp;<strong>Canc\u00fan<\/strong>,&nbsp;<strong>Quintana Roo<\/strong>, revoc\u00f3 la medida cautelar de prisi\u00f3n domiciliaria otorgada por una jueza penal, inform\u00f3 en un comunicado la Fiscal\u00eda General de la Rep\u00fablica (FGR).<\/p>\n\n\n\n<p>Elementos de la&nbsp;<strong>Guardia Nacional<\/strong>&nbsp;(<strong>GN<\/strong>), dependientes de la Secretar\u00eda de la Defensa Nacional (Defensa), cumplimentaron la determinaci\u00f3n de dicho&nbsp;<strong>Tribunal<\/strong>.<\/p>\n\n\n\n<p>Mar\u00edn Torres encontraba bajo prisi\u00f3n domiciliaria, con brazalete electr\u00f3nico y supervisi\u00f3n directa desde agosto de 2024; sin embargo, la Fiscal\u00eda Especial en Materia de Derechos Humanos (FEMDH), a trav\u00e9s de la Fiscal\u00eda Especial para la Atenci\u00f3n de Delitos cometidos contra la Libertad de Expresi\u00f3n (FEADLE), impugn\u00f3 la decisi\u00f3n por considerar que no se ajustaba a derecho, por lo que se le internar\u00e1 en el Centro Federal de Reinserci\u00f3n Social n\u00famero 1 \u201cAltiplano\u201d.<\/p>\n\n\n\n<p>La decisi\u00f3n del Tribunal de Alzada estableci\u00f3 que la resoluci\u00f3n dictada en beneficio del exgobernador careci\u00f3 de fundamentaci\u00f3n adecuada, no valor\u00f3 los riesgos procesales y omiti\u00f3 considerar el riesgo de fuga y la gravedad de los hechos imputados.<\/p>\n","protected":false},"excerpt":{"rendered":"<p>Quintana Roo.- Mario Mar\u00edn, exgobernador de Puebla, fue reingresado al penal del Altiplano en el Estado de M\u00e9xico para continuar con su proceso judicial por tortura en agravio de la periodista Lydia Cacho. El&nbsp;Tribunal Colegiado de Apelaci\u00f3n del Vig\u00e9simo S\u00e9ptimo Circuito, con sede en&nbsp;Canc\u00fan,&nbsp;Quintana Roo, revoc\u00f3 la medida cautelar de prisi\u00f3n domiciliaria otorgada por una [&hellip;]<\/p>\n","protected":false},"author":47,"featured_media":105416,"comment_status":"closed","ping_status":"open","sticky":false,"template":"","format":"standard","meta":{"tdm_status":"","tdm_grid_status":"","footnotes":""},"categories":[39],"tags":[],"class_list":{"0":"post-105417","1":"post","2":"type-post","3":"status-publish","4":"format-standard","5":"has-post-thumbnail","7":"category-noticias-nacionales"},"yoast_head":"<!-- This site is optimized with the Yoast SEO plugin v27.4 - https:\/\/yoast.com\/product\/yoast-seo-wordpress\/ -->\n<title>Retiran prisi\u00f3n domiciliaria a Mario Mar\u00edn y lo reingresan al Altiplano - Fuentes Fidedignas<\/title>\n<meta name=\"robots\" content=\"index, follow, max-snippet:-1, max-image-preview:large, max-video-preview:-1\" \/>\n<link rel=\"canonical\" href=\"https:\/\/fuentesfidedignas.com.mx\/index.php\/2025\/04\/03\/retiran-prision-domiciliaria-a-mario-marin-y-lo-reingresan-al-altiplano\/\" \/>\n<meta property=\"og:locale\" content=\"es_MX\" \/>\n<meta property=\"og:type\" content=\"article\" \/>\n<meta property=\"og:title\" content=\"Retiran prisi\u00f3n domiciliaria a Mario Mar\u00edn y lo reingresan al Altiplano - Fuentes Fidedignas\" \/>\n<meta property=\"og:description\" content=\"Quintana Roo.- Mario Mar\u00edn, exgobernador de Puebla, fue reingresado al penal del Altiplano en el Estado de M\u00e9xico para continuar con su proceso judicial por tortura en agravio de la periodista Lydia Cacho. El&nbsp;Tribunal Colegiado de Apelaci\u00f3n del Vig\u00e9simo S\u00e9ptimo Circuito, con sede en&nbsp;Canc\u00fan,&nbsp;Quintana Roo, revoc\u00f3 la medida cautelar de prisi\u00f3n domiciliaria otorgada por una [&hellip;]\" \/>\n<meta property=\"og:url\" content=\"https:\/\/fuentesfidedignas.com.mx\/index.php\/2025\/04\/03\/retiran-prision-domiciliaria-a-mario-marin-y-lo-reingresan-al-altiplano\/\" \/>\n<meta property=\"og:site_name\" content=\"Fuentes Fidedignas\" \/>\n<meta property=\"article:publisher\" content=\"https:\/\/www.facebook.com\/Fuentes-Fidedignas-368234489921644\" \/>\n<meta property=\"article:published_time\" content=\"2025-04-03T17:59:18+00:00\" \/>\n<meta property=\"og:image\" content=\"https:\/\/fuentesfidedignas.com.mx\/wp-content\/uploads\/2025\/04\/img_5638-1.jpg\" \/>\n\t<meta property=\"og:image:width\" content=\"390\" \/>\n\t<meta property=\"og:image:height\" content=\"219\" \/>\n\t<meta property=\"og:image:type\" content=\"image\/jpeg\" \/>\n<meta name=\"author\" content=\"L\u00f3pez D\u00f3riga\" \/>\n<meta name=\"twitter:card\" content=\"summary_large_image\" \/>\n<meta name=\"twitter:creator\" content=\"@fidedignas\" \/>\n<meta name=\"twitter:site\" content=\"@fidedignas\" \/>\n<meta name=\"twitter:label1\" content=\"Escrito por\" \/>\n\t<meta name=\"twitter:data1\" content=\"L\u00f3pez D\u00f3riga\" \/>\n\t<meta name=\"twitter:label2\" content=\"Tiempo de lectura\" \/>\n\t<meta name=\"twitter:data2\" content=\"1 minuto\" \/>\n<script type=\"application\/ld+json\" class=\"yoast-schema-graph\">{\"@context\":\"https:\\\/\\\/schema.org\",\"@graph\":[{\"@type\":\"Article\",\"@id\":\"https:\\\/\\\/fuentesfidedignas.com.mx\\\/index.php\\\/2025\\\/04\\\/03\\\/retiran-prision-domiciliaria-a-mario-marin-y-lo-reingresan-al-altiplano\\\/#article\",\"isPartOf\":{\"@id\":\"https:\\\/\\\/fuentesfidedignas.com.mx\\\/index.php\\\/2025\\\/04\\\/03\\\/retiran-prision-domiciliaria-a-mario-marin-y-lo-reingresan-al-altiplano\\\/\"},\"author\":{\"name\":\"L\u00f3pez D\u00f3riga\",\"@id\":\"https:\\\/\\\/fuentesfidedignas.com.mx\\\/#\\\/schema\\\/person\\\/67d852f0557c8509146a4b9ddebd543a\"},\"headline\":\"Retiran prisi\u00f3n domiciliaria a Mario Mar\u00edn y lo reingresan al Altiplano\",\"datePublished\":\"2025-04-03T17:59:18+00:00\",\"mainEntityOfPage\":{\"@id\":\"https:\\\/\\\/fuentesfidedignas.com.mx\\\/index.php\\\/2025\\\/04\\\/03\\\/retiran-prision-domiciliaria-a-mario-marin-y-lo-reingresan-al-altiplano\\\/\"},\"wordCount\":246,\"publisher\":{\"@id\":\"https:\\\/\\\/fuentesfidedignas.com.mx\\\/#organization\"},\"image\":{\"@id\":\"https:\\\/\\\/fuentesfidedignas.com.mx\\\/index.php\\\/2025\\\/04\\\/03\\\/retiran-prision-domiciliaria-a-mario-marin-y-lo-reingresan-al-altiplano\\\/#primaryimage\"},\"thumbnailUrl\":\"https:\\\/\\\/fuentesfidedignas.com.mx\\\/wp-content\\\/uploads\\\/2025\\\/04\\\/img_5638-1.jpg\",\"articleSection\":[\"NOTICIAS NACIONALES\"],\"inLanguage\":\"es\"},{\"@type\":\"WebPage\",\"@id\":\"https:\\\/\\\/fuentesfidedignas.com.mx\\\/index.php\\\/2025\\\/04\\\/03\\\/retiran-prision-domiciliaria-a-mario-marin-y-lo-reingresan-al-altiplano\\\/\",\"url\":\"https:\\\/\\\/fuentesfidedignas.com.mx\\\/index.php\\\/2025\\\/04\\\/03\\\/retiran-prision-domiciliaria-a-mario-marin-y-lo-reingresan-al-altiplano\\\/\",\"name\":\"Retiran prisi\u00f3n domiciliaria a Mario Mar\u00edn y lo reingresan al Altiplano - Fuentes Fidedignas\",\"isPartOf\":{\"@id\":\"https:\\\/\\\/fuentesfidedignas.com.mx\\\/#website\"},\"primaryImageOfPage\":{\"@id\":\"https:\\\/\\\/fuentesfidedignas.com.mx\\\/index.php\\\/2025\\\/04\\\/03\\\/retiran-prision-domiciliaria-a-mario-marin-y-lo-reingresan-al-altiplano\\\/#primaryimage\"},\"image\":{\"@id\":\"https:\\\/\\\/fuentesfidedignas.com.mx\\\/index.php\\\/2025\\\/04\\\/03\\\/retiran-prision-domiciliaria-a-mario-marin-y-lo-reingresan-al-altiplano\\\/#primaryimage\"},\"thumbnailUrl\":\"https:\\\/\\\/fuentesfidedignas.com.mx\\\/wp-content\\\/uploads\\\/2025\\\/04\\\/img_5638-1.jpg\",\"datePublished\":\"2025-04-03T17:59:18+00:00\",\"breadcrumb\":{\"@id\":\"https:\\\/\\\/fuentesfidedignas.com.mx\\\/index.php\\\/2025\\\/04\\\/03\\\/retiran-prision-domiciliaria-a-mario-marin-y-lo-reingresan-al-altiplano\\\/#breadcrumb\"},\"inLanguage\":\"es\",\"potentialAction\":[{\"@type\":\"ReadAction\",\"target\":[\"https:\\\/\\\/fuentesfidedignas.com.mx\\\/index.php\\\/2025\\\/04\\\/03\\\/retiran-prision-domiciliaria-a-mario-marin-y-lo-reingresan-al-altiplano\\\/\"]}]},{\"@type\":\"ImageObject\",\"inLanguage\":\"es\",\"@id\":\"https:\\\/\\\/fuentesfidedignas.com.mx\\\/index.php\\\/2025\\\/04\\\/03\\\/retiran-prision-domiciliaria-a-mario-marin-y-lo-reingresan-al-altiplano\\\/#primaryimage\",\"url\":\"https:\\\/\\\/fuentesfidedignas.com.mx\\\/wp-content\\\/uploads\\\/2025\\\/04\\\/img_5638-1.jpg\",\"contentUrl\":\"https:\\\/\\\/fuentesfidedignas.com.mx\\\/wp-content\\\/uploads\\\/2025\\\/04\\\/img_5638-1.jpg\",\"width\":390,\"height\":219},{\"@type\":\"BreadcrumbList\",\"@id\":\"https:\\\/\\\/fuentesfidedignas.com.mx\\\/index.php\\\/2025\\\/04\\\/03\\\/retiran-prision-domiciliaria-a-mario-marin-y-lo-reingresan-al-altiplano\\\/#breadcrumb\",\"itemListElement\":[{\"@type\":\"ListItem\",\"position\":1,\"name\":\"Inicio\",\"item\":\"https:\\\/\\\/fuentesfidedignas.com.mx\\\/\"},{\"@type\":\"ListItem\",\"position\":2,\"name\":\"Retiran prisi\u00f3n domiciliaria a Mario Mar\u00edn y lo reingresan al Altiplano\"}]},{\"@type\":\"WebSite\",\"@id\":\"https:\\\/\\\/fuentesfidedignas.com.mx\\\/#website\",\"url\":\"https:\\\/\\\/fuentesfidedignas.com.mx\\\/\",\"name\":\"Fuentes Fidedignas\",\"description\":\"Otro sitio realizado con WordPress\",\"publisher\":{\"@id\":\"https:\\\/\\\/fuentesfidedignas.com.mx\\\/#organization\"},\"potentialAction\":[{\"@type\":\"SearchAction\",\"target\":{\"@type\":\"EntryPoint\",\"urlTemplate\":\"https:\\\/\\\/fuentesfidedignas.com.mx\\\/?s={search_term_string}\"},\"query-input\":{\"@type\":\"PropertyValueSpecification\",\"valueRequired\":true,\"valueName\":\"search_term_string\"}}],\"inLanguage\":\"es\"},{\"@type\":\"Organization\",\"@id\":\"https:\\\/\\\/fuentesfidedignas.com.mx\\\/#organization\",\"name\":\"Fuentes Fidedignas\",\"url\":\"https:\\\/\\\/fuentesfidedignas.com.mx\\\/\",\"logo\":{\"@type\":\"ImageObject\",\"inLanguage\":\"es\",\"@id\":\"https:\\\/\\\/fuentesfidedignas.com.mx\\\/#\\\/schema\\\/logo\\\/image\\\/\",\"url\":\"https:\\\/\\\/fuentesfidedignas.com.mx\\\/wp-content\\\/uploads\\\/2021\\\/04\\\/logo-retina.png\",\"contentUrl\":\"https:\\\/\\\/fuentesfidedignas.com.mx\\\/wp-content\\\/uploads\\\/2021\\\/04\\\/logo-retina.png\",\"width\":280,\"height\":51,\"caption\":\"Fuentes Fidedignas\"},\"image\":{\"@id\":\"https:\\\/\\\/fuentesfidedignas.com.mx\\\/#\\\/schema\\\/logo\\\/image\\\/\"},\"sameAs\":[\"https:\\\/\\\/www.facebook.com\\\/Fuentes-Fidedignas-368234489921644\",\"https:\\\/\\\/x.com\\\/fidedignas\"]},{\"@type\":\"Person\",\"@id\":\"https:\\\/\\\/fuentesfidedignas.com.mx\\\/#\\\/schema\\\/person\\\/67d852f0557c8509146a4b9ddebd543a\",\"name\":\"L\u00f3pez D\u00f3riga\",\"image\":{\"@type\":\"ImageObject\",\"inLanguage\":\"es\",\"@id\":\"https:\\\/\\\/secure.gravatar.com\\\/avatar\\\/e525b06574ca18b33cded59dfe5778d6c823b9513154eff47da551b0551bdd1e?s=96&d=mm&r=g\",\"url\":\"https:\\\/\\\/secure.gravatar.com\\\/avatar\\\/e525b06574ca18b33cded59dfe5778d6c823b9513154eff47da551b0551bdd1e?s=96&d=mm&r=g\",\"contentUrl\":\"https:\\\/\\\/secure.gravatar.com\\\/avatar\\\/e525b06574ca18b33cded59dfe5778d6c823b9513154eff47da551b0551bdd1e?s=96&d=mm&r=g\",\"caption\":\"L\u00f3pez D\u00f3riga\"},\"url\":\"https:\\\/\\\/fuentesfidedignas.com.mx\\\/index.php\\\/author\\\/doriga\\\/\"}]}<\/script>\n<!-- \/ Yoast SEO plugin. -->","yoast_head_json":{"title":"Retiran prisi\u00f3n domiciliaria a Mario Mar\u00edn y lo reingresan al Altiplano - Fuentes Fidedignas","robots":{"index":"index","follow":"follow","max-snippet":"max-snippet:-1","max-image-preview":"max-image-preview:large","max-video-preview":"max-video-preview:-1"},"canonical":"https:\/\/fuentesfidedignas.com.mx\/index.php\/2025\/04\/03\/retiran-prision-domiciliaria-a-mario-marin-y-lo-reingresan-al-altiplano\/","og_locale":"es_MX","og_type":"article","og_title":"Retiran prisi\u00f3n domiciliaria a Mario Mar\u00edn y lo reingresan al Altiplano - Fuentes Fidedignas","og_description":"Quintana Roo.- Mario Mar\u00edn, exgobernador de Puebla, fue reingresado al penal del Altiplano en el Estado de M\u00e9xico para continuar con su proceso judicial por tortura en agravio de la periodista Lydia Cacho. El&nbsp;Tribunal Colegiado de Apelaci\u00f3n del Vig\u00e9simo S\u00e9ptimo Circuito, con sede en&nbsp;Canc\u00fan,&nbsp;Quintana Roo, revoc\u00f3 la medida cautelar de prisi\u00f3n domiciliaria otorgada por una [&hellip;]","og_url":"https:\/\/fuentesfidedignas.com.mx\/index.php\/2025\/04\/03\/retiran-prision-domiciliaria-a-mario-marin-y-lo-reingresan-al-altiplano\/","og_site_name":"Fuentes Fidedignas","article_publisher":"https:\/\/www.facebook.com\/Fuentes-Fidedignas-368234489921644","article_published_time":"2025-04-03T17:59:18+00:00","og_image":[{"width":390,"height":219,"url":"https:\/\/fuentesfidedignas.com.mx\/wp-content\/uploads\/2025\/04\/img_5638-1.jpg","type":"image\/jpeg"}],"author":"L\u00f3pez D\u00f3riga","twitter_card":"summary_large_image","twitter_creator":"@fidedignas","twitter_site":"@fidedignas","twitter_misc":{"Escrito por":"L\u00f3pez D\u00f3riga","Tiempo de lectura":"1 minuto"},"schema":{"@context":"https:\/\/schema.org","@graph":[{"@type":"Article","@id":"https:\/\/fuentesfidedignas.com.mx\/index.php\/2025\/04\/03\/retiran-prision-domiciliaria-a-mario-marin-y-lo-reingresan-al-altiplano\/#article","isPartOf":{"@id":"https:\/\/fuentesfidedignas.com.mx\/index.php\/2025\/04\/03\/retiran-prision-domiciliaria-a-mario-marin-y-lo-reingresan-al-altiplano\/"},"author":{"name":"L\u00f3pez D\u00f3riga","@id":"https:\/\/fuentesfidedignas.com.mx\/#\/schema\/person\/67d852f0557c8509146a4b9ddebd543a"},"headline":"Retiran prisi\u00f3n domiciliaria a Mario Mar\u00edn y lo reingresan al Altiplano","datePublished":"2025-04-03T17:59:18+00:00","mainEntityOfPage":{"@id":"https:\/\/fuentesfidedignas.com.mx\/index.php\/2025\/04\/03\/retiran-prision-domiciliaria-a-mario-marin-y-lo-reingresan-al-altiplano\/"},"wordCount":246,"publisher":{"@id":"https:\/\/fuentesfidedignas.com.mx\/#organization"},"image":{"@id":"https:\/\/fuentesfidedignas.com.mx\/index.php\/2025\/04\/03\/retiran-prision-domiciliaria-a-mario-marin-y-lo-reingresan-al-altiplano\/#primaryimage"},"thumbnailUrl":"https:\/\/fuentesfidedignas.com.mx\/wp-content\/uploads\/2025\/04\/img_5638-1.jpg","articleSection":["NOTICIAS NACIONALES"],"inLanguage":"es"},{"@type":"WebPage","@id":"https:\/\/fuentesfidedignas.com.mx\/index.php\/2025\/04\/03\/retiran-prision-domiciliaria-a-mario-marin-y-lo-reingresan-al-altiplano\/","url":"https:\/\/fuentesfidedignas.com.mx\/index.php\/2025\/04\/03\/retiran-prision-domiciliaria-a-mario-marin-y-lo-reingresan-al-altiplano\/","name":"Retiran prisi\u00f3n domiciliaria a Mario Mar\u00edn y lo reingresan al Altiplano - Fuentes Fidedignas","isPartOf":{"@id":"https:\/\/fuentesfidedignas.com.mx\/#website"},"primaryImageOfPage":{"@id":"https:\/\/fuentesfidedignas.com.mx\/index.php\/2025\/04\/03\/retiran-prision-domiciliaria-a-mario-marin-y-lo-reingresan-al-altiplano\/#primaryimage"},"image":{"@id":"https:\/\/fuentesfidedignas.com.mx\/index.php\/2025\/04\/03\/retiran-prision-domiciliaria-a-mario-marin-y-lo-reingresan-al-altiplano\/#primaryimage"},"thumbnailUrl":"https:\/\/fuentesfidedignas.com.mx\/wp-content\/uploads\/2025\/04\/img_5638-1.jpg","datePublished":"2025-04-03T17:59:18+00:00","breadcrumb":{"@id":"https:\/\/fuentesfidedignas.com.mx\/index.php\/2025\/04\/03\/retiran-prision-domiciliaria-a-mario-marin-y-lo-reingresan-al-altiplano\/#breadcrumb"},"inLanguage":"es","potentialAction":[{"@type":"ReadAction","target":["https:\/\/fuentesfidedignas.com.mx\/index.php\/2025\/04\/03\/retiran-prision-domiciliaria-a-mario-marin-y-lo-reingresan-al-altiplano\/"]}]},{"@type":"ImageObject","inLanguage":"es","@id":"https:\/\/fuentesfidedignas.com.mx\/index.php\/2025\/04\/03\/retiran-prision-domiciliaria-a-mario-marin-y-lo-reingresan-al-altiplano\/#primaryimage","url":"https:\/\/fuentesfidedignas.com.mx\/wp-content\/uploads\/2025\/04\/img_5638-1.jpg","contentUrl":"https:\/\/fuentesfidedignas.com.mx\/wp-content\/uploads\/2025\/04\/img_5638-1.jpg","width":390,"height":219},{"@type":"BreadcrumbList","@id":"https:\/\/fuentesfidedignas.com.mx\/index.php\/2025\/04\/03\/retiran-prision-domiciliaria-a-mario-marin-y-lo-reingresan-al-altiplano\/#breadcrumb","itemListElement":[{"@type":"ListItem","position":1,"name":"Inicio","item":"https:\/\/fuentesfidedignas.com.mx\/"},{"@type":"ListItem","position":2,"name":"Retiran prisi\u00f3n domiciliaria a Mario Mar\u00edn y lo reingresan al Altiplano"}]},{"@type":"WebSite","@id":"https:\/\/fuentesfidedignas.com.mx\/#website","url":"https:\/\/fuentesfidedignas.com.mx\/","name":"Fuentes Fidedignas","description":"Otro sitio realizado con WordPress","publisher":{"@id":"https:\/\/fuentesfidedignas.com.mx\/#organization"},"potentialAction":[{"@type":"SearchAction","target":{"@type":"EntryPoint","urlTemplate":"https:\/\/fuentesfidedignas.com.mx\/?s={search_term_string}"},"query-input":{"@type":"PropertyValueSpecification","valueRequired":true,"valueName":"search_term_string"}}],"inLanguage":"es"},{"@type":"Organization","@id":"https:\/\/fuentesfidedignas.com.mx\/#organization","name":"Fuentes Fidedignas","url":"https:\/\/fuentesfidedignas.com.mx\/","logo":{"@type":"ImageObject","inLanguage":"es","@id":"https:\/\/fuentesfidedignas.com.mx\/#\/schema\/logo\/image\/","url":"https:\/\/fuentesfidedignas.com.mx\/wp-content\/uploads\/2021\/04\/logo-retina.png","contentUrl":"https:\/\/fuentesfidedignas.com.mx\/wp-content\/uploads\/2021\/04\/logo-retina.png","width":280,"height":51,"caption":"Fuentes Fidedignas"},"image":{"@id":"https:\/\/fuentesfidedignas.com.mx\/#\/schema\/logo\/image\/"},"sameAs":["https:\/\/www.facebook.com\/Fuentes-Fidedignas-368234489921644","https:\/\/x.com\/fidedignas"]},{"@type":"Person","@id":"https:\/\/fuentesfidedignas.com.mx\/#\/schema\/person\/67d852f0557c8509146a4b9ddebd543a","name":"L\u00f3pez D\u00f3riga","image":{"@type":"ImageObject","inLanguage":"es","@id":"https:\/\/secure.gravatar.com\/avatar\/e525b06574ca18b33cded59dfe5778d6c823b9513154eff47da551b0551bdd1e?s=96&d=mm&r=g","url":"https:\/\/secure.gravatar.com\/avatar\/e525b06574ca18b33cded59dfe5778d6c823b9513154eff47da551b0551bdd1e?s=96&d=mm&r=g","contentUrl":"https:\/\/secure.gravatar.com\/avatar\/e525b06574ca18b33cded59dfe5778d6c823b9513154eff47da551b0551bdd1e?s=96&d=mm&r=g","caption":"L\u00f3pez D\u00f3riga"},"url":"https:\/\/fuentesfidedignas.com.mx\/index.php\/author\/doriga\/"}]}},"_links":{"self":[{"href":"https:\/\/fuentesfidedignas.com.mx\/index.php\/wp-json\/wp\/v2\/posts\/105417","targetHints":{"allow":["GET"]}}],"collection":[{"href":"https:\/\/fuentesfidedignas.com.mx\/index.php\/wp-json\/wp\/v2\/posts"}],"about":[{"href":"https:\/\/fuentesfidedignas.com.mx\/index.php\/wp-json\/wp\/v2\/types\/post"}],"author":[{"embeddable":true,"href":"https:\/\/fuentesfidedignas.com.mx\/index.php\/wp-json\/wp\/v2\/users\/47"}],"replies":[{"embeddable":true,"href":"https:\/\/fuentesfidedignas.com.mx\/index.php\/wp-json\/wp\/v2\/comments?post=105417"}],"version-history":[{"count":1,"href":"https:\/\/fuentesfidedignas.com.mx\/index.php\/wp-json\/wp\/v2\/posts\/105417\/revisions"}],"predecessor-version":[{"id":105418,"href":"https:\/\/fuentesfidedignas.com.mx\/index.php\/wp-json\/wp\/v2\/posts\/105417\/revisions\/105418"}],"wp:featuredmedia":[{"embeddable":true,"href":"https:\/\/fuentesfidedignas.com.mx\/index.php\/wp-json\/wp\/v2\/media\/105416"}],"wp:attachment":[{"href":"https:\/\/fuentesfidedignas.com.mx\/index.php\/wp-json\/wp\/v2\/media?parent=105417"}],"wp:term":[{"taxonomy":"category","embeddable":true,"href":"https:\/\/fuentesfidedignas.com.mx\/index.php\/wp-json\/wp\/v2\/categories?post=105417"},{"taxonomy":"post_tag","embeddable":true,"href":"https:\/\/fuentesfidedignas.com.mx\/index.php\/wp-json\/wp\/v2\/tags?post=105417"}],"curies":[{"name":"wp","href":"https:\/\/api.w.org\/{rel}","templated":true}]}}