{"id":105311,"date":"2025-04-02T07:38:40","date_gmt":"2025-04-02T14:38:40","guid":{"rendered":"https:\/\/fuentesfidedignas.com.mx\/?p=105311"},"modified":"2025-04-02T07:38:46","modified_gmt":"2025-04-02T14:38:46","slug":"integrante-de-los-alegres-del-barranco-agradece-apoyo-del-publico-tras-cancelaciones","status":"publish","type":"post","link":"https:\/\/fuentesfidedignas.com.mx\/index.php\/2025\/04\/02\/integrante-de-los-alegres-del-barranco-agradece-apoyo-del-publico-tras-cancelaciones\/","title":{"rendered":"Integrante de Los Alegres del Barranco, agradece apoyo del p\u00fablico tras cancelaciones"},"content":{"rendered":"\n<p><strong><em>El acordeonista refiri\u00f3 a las muestras de cari\u00f1o tras la pol\u00e9mica por el presunto homenaje a &#8220;El Mencho&#8221;. &#8220;Vamos para adelante&#8221;, dijo.<\/em><\/strong><\/p>\n\n\n\n<p>Tras la pol\u00e9mica que envolvi\u00f3 a la agrupaci\u00f3n &#8220;Los Alegres del Barranco&#8221; por proyectar im\u00e1genes de El Mencho, l\u00edder del C\u00e1rtel Jalisco Nueva Generaci\u00f3n, durante presentaciones musicales, el acordeonista y segunda voz del grupo, P\u00e1vel Moreno,\u00a0envi\u00f3 palabras de agradecimiento a su p\u00fablico y prometi\u00f3 que la banda &#8220;va para adelante&#8221;.\u00a0<\/p>\n\n\n\n<p>A trav\u00e9s de una transmisi\u00f3n en vivo en la plataforma TikTok, el integrante del grupo regional originario de Sinaloa, dijo &#8220;estar tranquilo&#8221; ante el &#8220;esc\u00e1ndalo&#8221;, pues asegur\u00f3 que eso ayuda a volverse &#8220;viral&#8221; en internet.&nbsp;<\/p>\n\n\n\n<p><strong>&#8220;Los Alegres del Barranco&#8221; proyectaron fotos de\u00a0El Mencho en conciertos\u00a0<\/strong><br>El s\u00e1bado 29 de marzo, la agrupaci\u00f3n se present\u00f3 en el Auditorio Telmex, de la Universidad de Guadalajara (UdeG), donde interpretaron un corrido dedicado a Nemesio Oseguera Cervantes El Mencho, l\u00edder del C\u00e1rtel Jalisco Nueva Generaci\u00f3n. Adem\u00e1s, acompa\u00f1aron la canci\u00f3n con fotos del capo del c\u00e1rtel de las cuatro letras.\u00a0<\/p>\n\n\n\n<p>&#8220;Soy el due\u00f1o del palenque, cuatro letras van al frente, soy del mero Michoac\u00e1n, donde es la Tierra Caliente, soy el se\u00f1or de los gallos, el del c\u00e1rtel jalisciense&#8221;, menciona una parte de la letra del corrido.\u00a0<\/p>\n\n\n\n<p>La misma alusi\u00f3n a El Mencho se repiti\u00f3 en una presentaci\u00f3n en Uruapan, Michoac\u00e1n, causando gran controversia entre internautas y autoridades.<\/p>\n\n\n\n<p><strong>&#8220;Vamos para adelante&#8221;<\/strong><br>La indignaci\u00f3n no s\u00f3lo alcanz\u00f3 a M\u00e9xico, pues, presuntamente, el gobierno de Estados Unidos habr\u00eda retirado las visas a los m\u00fasicos para impedirles trabajar en el pa\u00eds norteamericano.\u00a0<\/p>\n\n\n\n<p>No obstante, su acordeonista extern\u00f3 la poca importancia que le da a este asunto, pues en redes sociales dijo que se la banda &#8220;se queda&#8221; con el&nbsp;apoyo que les brindan sus seguidores.&nbsp;<\/p>\n\n\n\n<p>&#8220;No, \u00bfqu\u00e9 triste voy a andar? Si ando bien contento por todo el apoyo que nos brindan, mach\u00edn, y con eso nos quedamos (\u2026) La neta muchas gracias a todo el p\u00fablico, a todos los que apoyan ah\u00ed&#8221;, dijo.\u00a0<\/p>\n\n\n\n<p>&#8220;Est\u00e1 bien el esc\u00e1ndalo para que se haga m\u00e1s viral uno (\u2026) todas tranquilas y tranquilos (\u2026) Nos vamos a ir para adelante, al contrario, m\u00e1s para adelante, porque esto va creciendo, gracias a Dios&#8221;.<\/p>\n\n\n\n<blockquote class=\"twitter-tweet\"><p lang=\"es\" dir=\"ltr\">A los Alegres del Barranco no les preocupa la opini\u00f3n p\u00fablica. Al contrario sienten que con esto ahora son m\u00e1s famosos. Tampoco les import\u00f3 lo de sus VISAS.<br><br>El SAT deber\u00eda investigar qui\u00e9n patrocina a estos grupos.<br><br>Pavel Moreno est\u00e1 como si nada, sin importar los muertos y las\u2026 <a href=\"https:\/\/t.co\/gmKDRPEgWD\">pic.twitter.com\/gmKDRPEgWD<\/a><\/p>&mdash; Sunshine\uff08\u2579\u25e1\u2579\uff09\ud83d\udd95 (@BotDe20Millones) <a href=\"https:\/\/twitter.com\/BotDe20Millones\/status\/1907183692453130597?ref_src=twsrc%5Etfw\">April 1, 2025<\/a><\/blockquote> <script async src=\"https:\/\/platform.twitter.com\/widgets.js\" charset=\"utf-8\"><\/script>\n\n\n\n<p>Al leer los comentarios del p\u00fablico, Moreno expres\u00f3: &#8220;\u00a1Qu\u00e9 chulada!&#8221; cuando un internauta le mencion\u00f3 que sali\u00f3 en La Ma\u00f1anera.&nbsp;<\/p>\n\n\n\n<p>Fue este lunes que en la conferencia matutina, la presidenta Claudia Sheinbaum pidi\u00f3 investigar\u00a0la difusi\u00f3n de la imagen de El Mencho, asegurando que su gobierno buscar\u00e1 prohibir la m\u00fasica con contenido violento.\u00a0<\/p>\n","protected":false},"excerpt":{"rendered":"<p>El acordeonista refiri\u00f3 a las muestras de cari\u00f1o tras la pol\u00e9mica por el presunto homenaje a &#8220;El Mencho&#8221;. &#8220;Vamos para adelante&#8221;, dijo. Tras la pol\u00e9mica que envolvi\u00f3 a la agrupaci\u00f3n &#8220;Los Alegres del Barranco&#8221; por proyectar im\u00e1genes de El Mencho, l\u00edder del C\u00e1rtel Jalisco Nueva Generaci\u00f3n, durante presentaciones musicales, el acordeonista y segunda voz del [&hellip;]<\/p>\n","protected":false},"author":9,"featured_media":105312,"comment_status":"open","ping_status":"open","sticky":false,"template":"","format":"standard","meta":{"tdm_status":"","tdm_grid_status":"","footnotes":""},"categories":[39],"tags":[],"class_list":{"0":"post-105311","1":"post","2":"type-post","3":"status-publish","4":"format-standard","5":"has-post-thumbnail","7":"category-noticias-nacionales"},"yoast_head":"<!-- This site is optimized with the Yoast SEO plugin v27.4 - https:\/\/yoast.com\/product\/yoast-seo-wordpress\/ -->\n<title>Integrante de Los Alegres del Barranco, agradece apoyo del p\u00fablico tras cancelaciones - Fuentes Fidedignas<\/title>\n<meta name=\"robots\" content=\"index, follow, max-snippet:-1, max-image-preview:large, max-video-preview:-1\" \/>\n<link rel=\"canonical\" href=\"https:\/\/fuentesfidedignas.com.mx\/index.php\/2025\/04\/02\/integrante-de-los-alegres-del-barranco-agradece-apoyo-del-publico-tras-cancelaciones\/\" \/>\n<meta property=\"og:locale\" content=\"es_MX\" \/>\n<meta property=\"og:type\" content=\"article\" \/>\n<meta property=\"og:title\" content=\"Integrante de Los Alegres del Barranco, agradece apoyo del p\u00fablico tras cancelaciones - Fuentes Fidedignas\" \/>\n<meta property=\"og:description\" content=\"El acordeonista refiri\u00f3 a las muestras de cari\u00f1o tras la pol\u00e9mica por el presunto homenaje a &#8220;El Mencho&#8221;. &#8220;Vamos para adelante&#8221;, dijo. Tras la pol\u00e9mica que envolvi\u00f3 a la agrupaci\u00f3n &#8220;Los Alegres del Barranco&#8221; por proyectar im\u00e1genes de El Mencho, l\u00edder del C\u00e1rtel Jalisco Nueva Generaci\u00f3n, durante presentaciones musicales, el acordeonista y segunda voz del [&hellip;]\" \/>\n<meta property=\"og:url\" content=\"https:\/\/fuentesfidedignas.com.mx\/index.php\/2025\/04\/02\/integrante-de-los-alegres-del-barranco-agradece-apoyo-del-publico-tras-cancelaciones\/\" \/>\n<meta property=\"og:site_name\" content=\"Fuentes Fidedignas\" \/>\n<meta property=\"article:publisher\" content=\"https:\/\/www.facebook.com\/Fuentes-Fidedignas-368234489921644\" \/>\n<meta property=\"article:published_time\" content=\"2025-04-02T14:38:40+00:00\" \/>\n<meta property=\"article:modified_time\" content=\"2025-04-02T14:38:46+00:00\" \/>\n<meta property=\"og:image\" content=\"https:\/\/fuentesfidedignas.com.mx\/wp-content\/uploads\/2025\/04\/Alegres-del-Barranco.jpg\" \/>\n\t<meta property=\"og:image:width\" content=\"565\" \/>\n\t<meta property=\"og:image:height\" content=\"361\" \/>\n\t<meta property=\"og:image:type\" content=\"image\/jpeg\" \/>\n<meta name=\"author\" content=\"Milenio\" \/>\n<meta name=\"twitter:card\" content=\"summary_large_image\" \/>\n<meta name=\"twitter:creator\" content=\"@fidedignas\" \/>\n<meta name=\"twitter:site\" content=\"@fidedignas\" \/>\n<meta name=\"twitter:label1\" content=\"Escrito por\" \/>\n\t<meta name=\"twitter:data1\" content=\"Milenio\" \/>\n\t<meta name=\"twitter:label2\" content=\"Tiempo de lectura\" \/>\n\t<meta name=\"twitter:data2\" content=\"3 minutos\" \/>\n<script type=\"application\/ld+json\" class=\"yoast-schema-graph\">{\"@context\":\"https:\\\/\\\/schema.org\",\"@graph\":[{\"@type\":\"Article\",\"@id\":\"https:\\\/\\\/fuentesfidedignas.com.mx\\\/index.php\\\/2025\\\/04\\\/02\\\/integrante-de-los-alegres-del-barranco-agradece-apoyo-del-publico-tras-cancelaciones\\\/#article\",\"isPartOf\":{\"@id\":\"https:\\\/\\\/fuentesfidedignas.com.mx\\\/index.php\\\/2025\\\/04\\\/02\\\/integrante-de-los-alegres-del-barranco-agradece-apoyo-del-publico-tras-cancelaciones\\\/\"},\"author\":{\"name\":\"Milenio\",\"@id\":\"https:\\\/\\\/fuentesfidedignas.com.mx\\\/#\\\/schema\\\/person\\\/47ec0135738f4b0c7495f06a77a2c976\"},\"headline\":\"Integrante de Los Alegres del Barranco, agradece apoyo del p\u00fablico tras cancelaciones\",\"datePublished\":\"2025-04-02T14:38:40+00:00\",\"dateModified\":\"2025-04-02T14:38:46+00:00\",\"mainEntityOfPage\":{\"@id\":\"https:\\\/\\\/fuentesfidedignas.com.mx\\\/index.php\\\/2025\\\/04\\\/02\\\/integrante-de-los-alegres-del-barranco-agradece-apoyo-del-publico-tras-cancelaciones\\\/\"},\"wordCount\":538,\"commentCount\":0,\"publisher\":{\"@id\":\"https:\\\/\\\/fuentesfidedignas.com.mx\\\/#organization\"},\"image\":{\"@id\":\"https:\\\/\\\/fuentesfidedignas.com.mx\\\/index.php\\\/2025\\\/04\\\/02\\\/integrante-de-los-alegres-del-barranco-agradece-apoyo-del-publico-tras-cancelaciones\\\/#primaryimage\"},\"thumbnailUrl\":\"https:\\\/\\\/fuentesfidedignas.com.mx\\\/wp-content\\\/uploads\\\/2025\\\/04\\\/Alegres-del-Barranco.jpg\",\"articleSection\":[\"NOTICIAS NACIONALES\"],\"inLanguage\":\"es\",\"potentialAction\":[{\"@type\":\"CommentAction\",\"name\":\"Comment\",\"target\":[\"https:\\\/\\\/fuentesfidedignas.com.mx\\\/index.php\\\/2025\\\/04\\\/02\\\/integrante-de-los-alegres-del-barranco-agradece-apoyo-del-publico-tras-cancelaciones\\\/#respond\"]}]},{\"@type\":\"WebPage\",\"@id\":\"https:\\\/\\\/fuentesfidedignas.com.mx\\\/index.php\\\/2025\\\/04\\\/02\\\/integrante-de-los-alegres-del-barranco-agradece-apoyo-del-publico-tras-cancelaciones\\\/\",\"url\":\"https:\\\/\\\/fuentesfidedignas.com.mx\\\/index.php\\\/2025\\\/04\\\/02\\\/integrante-de-los-alegres-del-barranco-agradece-apoyo-del-publico-tras-cancelaciones\\\/\",\"name\":\"Integrante de Los Alegres del Barranco, agradece apoyo del p\u00fablico tras cancelaciones - Fuentes Fidedignas\",\"isPartOf\":{\"@id\":\"https:\\\/\\\/fuentesfidedignas.com.mx\\\/#website\"},\"primaryImageOfPage\":{\"@id\":\"https:\\\/\\\/fuentesfidedignas.com.mx\\\/index.php\\\/2025\\\/04\\\/02\\\/integrante-de-los-alegres-del-barranco-agradece-apoyo-del-publico-tras-cancelaciones\\\/#primaryimage\"},\"image\":{\"@id\":\"https:\\\/\\\/fuentesfidedignas.com.mx\\\/index.php\\\/2025\\\/04\\\/02\\\/integrante-de-los-alegres-del-barranco-agradece-apoyo-del-publico-tras-cancelaciones\\\/#primaryimage\"},\"thumbnailUrl\":\"https:\\\/\\\/fuentesfidedignas.com.mx\\\/wp-content\\\/uploads\\\/2025\\\/04\\\/Alegres-del-Barranco.jpg\",\"datePublished\":\"2025-04-02T14:38:40+00:00\",\"dateModified\":\"2025-04-02T14:38:46+00:00\",\"breadcrumb\":{\"@id\":\"https:\\\/\\\/fuentesfidedignas.com.mx\\\/index.php\\\/2025\\\/04\\\/02\\\/integrante-de-los-alegres-del-barranco-agradece-apoyo-del-publico-tras-cancelaciones\\\/#breadcrumb\"},\"inLanguage\":\"es\",\"potentialAction\":[{\"@type\":\"ReadAction\",\"target\":[\"https:\\\/\\\/fuentesfidedignas.com.mx\\\/index.php\\\/2025\\\/04\\\/02\\\/integrante-de-los-alegres-del-barranco-agradece-apoyo-del-publico-tras-cancelaciones\\\/\"]}]},{\"@type\":\"ImageObject\",\"inLanguage\":\"es\",\"@id\":\"https:\\\/\\\/fuentesfidedignas.com.mx\\\/index.php\\\/2025\\\/04\\\/02\\\/integrante-de-los-alegres-del-barranco-agradece-apoyo-del-publico-tras-cancelaciones\\\/#primaryimage\",\"url\":\"https:\\\/\\\/fuentesfidedignas.com.mx\\\/wp-content\\\/uploads\\\/2025\\\/04\\\/Alegres-del-Barranco.jpg\",\"contentUrl\":\"https:\\\/\\\/fuentesfidedignas.com.mx\\\/wp-content\\\/uploads\\\/2025\\\/04\\\/Alegres-del-Barranco.jpg\",\"width\":565,\"height\":361},{\"@type\":\"BreadcrumbList\",\"@id\":\"https:\\\/\\\/fuentesfidedignas.com.mx\\\/index.php\\\/2025\\\/04\\\/02\\\/integrante-de-los-alegres-del-barranco-agradece-apoyo-del-publico-tras-cancelaciones\\\/#breadcrumb\",\"itemListElement\":[{\"@type\":\"ListItem\",\"position\":1,\"name\":\"Inicio\",\"item\":\"https:\\\/\\\/fuentesfidedignas.com.mx\\\/\"},{\"@type\":\"ListItem\",\"position\":2,\"name\":\"Integrante de Los Alegres del Barranco, agradece apoyo del p\u00fablico tras cancelaciones\"}]},{\"@type\":\"WebSite\",\"@id\":\"https:\\\/\\\/fuentesfidedignas.com.mx\\\/#website\",\"url\":\"https:\\\/\\\/fuentesfidedignas.com.mx\\\/\",\"name\":\"Fuentes Fidedignas\",\"description\":\"Otro sitio realizado con WordPress\",\"publisher\":{\"@id\":\"https:\\\/\\\/fuentesfidedignas.com.mx\\\/#organization\"},\"potentialAction\":[{\"@type\":\"SearchAction\",\"target\":{\"@type\":\"EntryPoint\",\"urlTemplate\":\"https:\\\/\\\/fuentesfidedignas.com.mx\\\/?s={search_term_string}\"},\"query-input\":{\"@type\":\"PropertyValueSpecification\",\"valueRequired\":true,\"valueName\":\"search_term_string\"}}],\"inLanguage\":\"es\"},{\"@type\":\"Organization\",\"@id\":\"https:\\\/\\\/fuentesfidedignas.com.mx\\\/#organization\",\"name\":\"Fuentes Fidedignas\",\"url\":\"https:\\\/\\\/fuentesfidedignas.com.mx\\\/\",\"logo\":{\"@type\":\"ImageObject\",\"inLanguage\":\"es\",\"@id\":\"https:\\\/\\\/fuentesfidedignas.com.mx\\\/#\\\/schema\\\/logo\\\/image\\\/\",\"url\":\"https:\\\/\\\/fuentesfidedignas.com.mx\\\/wp-content\\\/uploads\\\/2021\\\/04\\\/logo-retina.png\",\"contentUrl\":\"https:\\\/\\\/fuentesfidedignas.com.mx\\\/wp-content\\\/uploads\\\/2021\\\/04\\\/logo-retina.png\",\"width\":280,\"height\":51,\"caption\":\"Fuentes Fidedignas\"},\"image\":{\"@id\":\"https:\\\/\\\/fuentesfidedignas.com.mx\\\/#\\\/schema\\\/logo\\\/image\\\/\"},\"sameAs\":[\"https:\\\/\\\/www.facebook.com\\\/Fuentes-Fidedignas-368234489921644\",\"https:\\\/\\\/x.com\\\/fidedignas\"]},{\"@type\":\"Person\",\"@id\":\"https:\\\/\\\/fuentesfidedignas.com.mx\\\/#\\\/schema\\\/person\\\/47ec0135738f4b0c7495f06a77a2c976\",\"name\":\"Milenio\",\"image\":{\"@type\":\"ImageObject\",\"inLanguage\":\"es\",\"@id\":\"https:\\\/\\\/secure.gravatar.com\\\/avatar\\\/acabf7b54753e51c2c76457954577c236b3b764789b19879565769739d1e4a75?s=96&d=mm&r=g\",\"url\":\"https:\\\/\\\/secure.gravatar.com\\\/avatar\\\/acabf7b54753e51c2c76457954577c236b3b764789b19879565769739d1e4a75?s=96&d=mm&r=g\",\"contentUrl\":\"https:\\\/\\\/secure.gravatar.com\\\/avatar\\\/acabf7b54753e51c2c76457954577c236b3b764789b19879565769739d1e4a75?s=96&d=mm&r=g\",\"caption\":\"Milenio\"},\"url\":\"https:\\\/\\\/fuentesfidedignas.com.mx\\\/index.php\\\/author\\\/milenio\\\/\"}]}<\/script>\n<!-- \/ Yoast SEO plugin. -->","yoast_head_json":{"title":"Integrante de Los Alegres del Barranco, agradece apoyo del p\u00fablico tras cancelaciones - Fuentes Fidedignas","robots":{"index":"index","follow":"follow","max-snippet":"max-snippet:-1","max-image-preview":"max-image-preview:large","max-video-preview":"max-video-preview:-1"},"canonical":"https:\/\/fuentesfidedignas.com.mx\/index.php\/2025\/04\/02\/integrante-de-los-alegres-del-barranco-agradece-apoyo-del-publico-tras-cancelaciones\/","og_locale":"es_MX","og_type":"article","og_title":"Integrante de Los Alegres del Barranco, agradece apoyo del p\u00fablico tras cancelaciones - Fuentes Fidedignas","og_description":"El acordeonista refiri\u00f3 a las muestras de cari\u00f1o tras la pol\u00e9mica por el presunto homenaje a &#8220;El Mencho&#8221;. &#8220;Vamos para adelante&#8221;, dijo. Tras la pol\u00e9mica que envolvi\u00f3 a la agrupaci\u00f3n &#8220;Los Alegres del Barranco&#8221; por proyectar im\u00e1genes de El Mencho, l\u00edder del C\u00e1rtel Jalisco Nueva Generaci\u00f3n, durante presentaciones musicales, el acordeonista y segunda voz del [&hellip;]","og_url":"https:\/\/fuentesfidedignas.com.mx\/index.php\/2025\/04\/02\/integrante-de-los-alegres-del-barranco-agradece-apoyo-del-publico-tras-cancelaciones\/","og_site_name":"Fuentes Fidedignas","article_publisher":"https:\/\/www.facebook.com\/Fuentes-Fidedignas-368234489921644","article_published_time":"2025-04-02T14:38:40+00:00","article_modified_time":"2025-04-02T14:38:46+00:00","og_image":[{"width":565,"height":361,"url":"https:\/\/fuentesfidedignas.com.mx\/wp-content\/uploads\/2025\/04\/Alegres-del-Barranco.jpg","type":"image\/jpeg"}],"author":"Milenio","twitter_card":"summary_large_image","twitter_creator":"@fidedignas","twitter_site":"@fidedignas","twitter_misc":{"Escrito por":"Milenio","Tiempo de lectura":"3 minutos"},"schema":{"@context":"https:\/\/schema.org","@graph":[{"@type":"Article","@id":"https:\/\/fuentesfidedignas.com.mx\/index.php\/2025\/04\/02\/integrante-de-los-alegres-del-barranco-agradece-apoyo-del-publico-tras-cancelaciones\/#article","isPartOf":{"@id":"https:\/\/fuentesfidedignas.com.mx\/index.php\/2025\/04\/02\/integrante-de-los-alegres-del-barranco-agradece-apoyo-del-publico-tras-cancelaciones\/"},"author":{"name":"Milenio","@id":"https:\/\/fuentesfidedignas.com.mx\/#\/schema\/person\/47ec0135738f4b0c7495f06a77a2c976"},"headline":"Integrante de Los Alegres del Barranco, agradece apoyo del p\u00fablico tras cancelaciones","datePublished":"2025-04-02T14:38:40+00:00","dateModified":"2025-04-02T14:38:46+00:00","mainEntityOfPage":{"@id":"https:\/\/fuentesfidedignas.com.mx\/index.php\/2025\/04\/02\/integrante-de-los-alegres-del-barranco-agradece-apoyo-del-publico-tras-cancelaciones\/"},"wordCount":538,"commentCount":0,"publisher":{"@id":"https:\/\/fuentesfidedignas.com.mx\/#organization"},"image":{"@id":"https:\/\/fuentesfidedignas.com.mx\/index.php\/2025\/04\/02\/integrante-de-los-alegres-del-barranco-agradece-apoyo-del-publico-tras-cancelaciones\/#primaryimage"},"thumbnailUrl":"https:\/\/fuentesfidedignas.com.mx\/wp-content\/uploads\/2025\/04\/Alegres-del-Barranco.jpg","articleSection":["NOTICIAS NACIONALES"],"inLanguage":"es","potentialAction":[{"@type":"CommentAction","name":"Comment","target":["https:\/\/fuentesfidedignas.com.mx\/index.php\/2025\/04\/02\/integrante-de-los-alegres-del-barranco-agradece-apoyo-del-publico-tras-cancelaciones\/#respond"]}]},{"@type":"WebPage","@id":"https:\/\/fuentesfidedignas.com.mx\/index.php\/2025\/04\/02\/integrante-de-los-alegres-del-barranco-agradece-apoyo-del-publico-tras-cancelaciones\/","url":"https:\/\/fuentesfidedignas.com.mx\/index.php\/2025\/04\/02\/integrante-de-los-alegres-del-barranco-agradece-apoyo-del-publico-tras-cancelaciones\/","name":"Integrante de Los Alegres del Barranco, agradece apoyo del p\u00fablico tras cancelaciones - Fuentes Fidedignas","isPartOf":{"@id":"https:\/\/fuentesfidedignas.com.mx\/#website"},"primaryImageOfPage":{"@id":"https:\/\/fuentesfidedignas.com.mx\/index.php\/2025\/04\/02\/integrante-de-los-alegres-del-barranco-agradece-apoyo-del-publico-tras-cancelaciones\/#primaryimage"},"image":{"@id":"https:\/\/fuentesfidedignas.com.mx\/index.php\/2025\/04\/02\/integrante-de-los-alegres-del-barranco-agradece-apoyo-del-publico-tras-cancelaciones\/#primaryimage"},"thumbnailUrl":"https:\/\/fuentesfidedignas.com.mx\/wp-content\/uploads\/2025\/04\/Alegres-del-Barranco.jpg","datePublished":"2025-04-02T14:38:40+00:00","dateModified":"2025-04-02T14:38:46+00:00","breadcrumb":{"@id":"https:\/\/fuentesfidedignas.com.mx\/index.php\/2025\/04\/02\/integrante-de-los-alegres-del-barranco-agradece-apoyo-del-publico-tras-cancelaciones\/#breadcrumb"},"inLanguage":"es","potentialAction":[{"@type":"ReadAction","target":["https:\/\/fuentesfidedignas.com.mx\/index.php\/2025\/04\/02\/integrante-de-los-alegres-del-barranco-agradece-apoyo-del-publico-tras-cancelaciones\/"]}]},{"@type":"ImageObject","inLanguage":"es","@id":"https:\/\/fuentesfidedignas.com.mx\/index.php\/2025\/04\/02\/integrante-de-los-alegres-del-barranco-agradece-apoyo-del-publico-tras-cancelaciones\/#primaryimage","url":"https:\/\/fuentesfidedignas.com.mx\/wp-content\/uploads\/2025\/04\/Alegres-del-Barranco.jpg","contentUrl":"https:\/\/fuentesfidedignas.com.mx\/wp-content\/uploads\/2025\/04\/Alegres-del-Barranco.jpg","width":565,"height":361},{"@type":"BreadcrumbList","@id":"https:\/\/fuentesfidedignas.com.mx\/index.php\/2025\/04\/02\/integrante-de-los-alegres-del-barranco-agradece-apoyo-del-publico-tras-cancelaciones\/#breadcrumb","itemListElement":[{"@type":"ListItem","position":1,"name":"Inicio","item":"https:\/\/fuentesfidedignas.com.mx\/"},{"@type":"ListItem","position":2,"name":"Integrante de Los Alegres del Barranco, agradece apoyo del p\u00fablico tras cancelaciones"}]},{"@type":"WebSite","@id":"https:\/\/fuentesfidedignas.com.mx\/#website","url":"https:\/\/fuentesfidedignas.com.mx\/","name":"Fuentes Fidedignas","description":"Otro sitio realizado con WordPress","publisher":{"@id":"https:\/\/fuentesfidedignas.com.mx\/#organization"},"potentialAction":[{"@type":"SearchAction","target":{"@type":"EntryPoint","urlTemplate":"https:\/\/fuentesfidedignas.com.mx\/?s={search_term_string}"},"query-input":{"@type":"PropertyValueSpecification","valueRequired":true,"valueName":"search_term_string"}}],"inLanguage":"es"},{"@type":"Organization","@id":"https:\/\/fuentesfidedignas.com.mx\/#organization","name":"Fuentes Fidedignas","url":"https:\/\/fuentesfidedignas.com.mx\/","logo":{"@type":"ImageObject","inLanguage":"es","@id":"https:\/\/fuentesfidedignas.com.mx\/#\/schema\/logo\/image\/","url":"https:\/\/fuentesfidedignas.com.mx\/wp-content\/uploads\/2021\/04\/logo-retina.png","contentUrl":"https:\/\/fuentesfidedignas.com.mx\/wp-content\/uploads\/2021\/04\/logo-retina.png","width":280,"height":51,"caption":"Fuentes Fidedignas"},"image":{"@id":"https:\/\/fuentesfidedignas.com.mx\/#\/schema\/logo\/image\/"},"sameAs":["https:\/\/www.facebook.com\/Fuentes-Fidedignas-368234489921644","https:\/\/x.com\/fidedignas"]},{"@type":"Person","@id":"https:\/\/fuentesfidedignas.com.mx\/#\/schema\/person\/47ec0135738f4b0c7495f06a77a2c976","name":"Milenio","image":{"@type":"ImageObject","inLanguage":"es","@id":"https:\/\/secure.gravatar.com\/avatar\/acabf7b54753e51c2c76457954577c236b3b764789b19879565769739d1e4a75?s=96&d=mm&r=g","url":"https:\/\/secure.gravatar.com\/avatar\/acabf7b54753e51c2c76457954577c236b3b764789b19879565769739d1e4a75?s=96&d=mm&r=g","contentUrl":"https:\/\/secure.gravatar.com\/avatar\/acabf7b54753e51c2c76457954577c236b3b764789b19879565769739d1e4a75?s=96&d=mm&r=g","caption":"Milenio"},"url":"https:\/\/fuentesfidedignas.com.mx\/index.php\/author\/milenio\/"}]}},"_links":{"self":[{"href":"https:\/\/fuentesfidedignas.com.mx\/index.php\/wp-json\/wp\/v2\/posts\/105311","targetHints":{"allow":["GET"]}}],"collection":[{"href":"https:\/\/fuentesfidedignas.com.mx\/index.php\/wp-json\/wp\/v2\/posts"}],"about":[{"href":"https:\/\/fuentesfidedignas.com.mx\/index.php\/wp-json\/wp\/v2\/types\/post"}],"author":[{"embeddable":true,"href":"https:\/\/fuentesfidedignas.com.mx\/index.php\/wp-json\/wp\/v2\/users\/9"}],"replies":[{"embeddable":true,"href":"https:\/\/fuentesfidedignas.com.mx\/index.php\/wp-json\/wp\/v2\/comments?post=105311"}],"version-history":[{"count":1,"href":"https:\/\/fuentesfidedignas.com.mx\/index.php\/wp-json\/wp\/v2\/posts\/105311\/revisions"}],"predecessor-version":[{"id":105313,"href":"https:\/\/fuentesfidedignas.com.mx\/index.php\/wp-json\/wp\/v2\/posts\/105311\/revisions\/105313"}],"wp:featuredmedia":[{"embeddable":true,"href":"https:\/\/fuentesfidedignas.com.mx\/index.php\/wp-json\/wp\/v2\/media\/105312"}],"wp:attachment":[{"href":"https:\/\/fuentesfidedignas.com.mx\/index.php\/wp-json\/wp\/v2\/media?parent=105311"}],"wp:term":[{"taxonomy":"category","embeddable":true,"href":"https:\/\/fuentesfidedignas.com.mx\/index.php\/wp-json\/wp\/v2\/categories?post=105311"},{"taxonomy":"post_tag","embeddable":true,"href":"https:\/\/fuentesfidedignas.com.mx\/index.php\/wp-json\/wp\/v2\/tags?post=105311"}],"curies":[{"name":"wp","href":"https:\/\/api.w.org\/{rel}","templated":true}]}}