{"id":105309,"date":"2025-04-02T07:19:18","date_gmt":"2025-04-02T14:19:18","guid":{"rendered":"https:\/\/fuentesfidedignas.com.mx\/?p=105309"},"modified":"2025-04-02T07:19:23","modified_gmt":"2025-04-02T14:19:23","slug":"trump-anunciara-otra-tanda-de-aranceles-este-2-de-abril-en-el-dia-de-la-liberacion-de-eu","status":"publish","type":"post","link":"https:\/\/fuentesfidedignas.com.mx\/index.php\/2025\/04\/02\/trump-anunciara-otra-tanda-de-aranceles-este-2-de-abril-en-el-dia-de-la-liberacion-de-eu\/","title":{"rendered":"Trump anunciar\u00e1 otra tanda de aranceles este 2 de abril, en el \u201cD\u00eda de la Liberaci\u00f3n\u201d de EU"},"content":{"rendered":"\n<p><strong><em>El anuncio de Trump sobre nuevos aranceles tendr\u00e1 lugar en un evento llamado \u2018Make America Wealthy Again\u2019 en la Casa Blanca<\/em><\/strong><\/p>\n\n\n\n<p>El presidente de Estados Unidos, Donald Trump, planea anunciar este mi\u00e9rcoles 2 de abril, jornada que ha bautizado como el \u201cD\u00eda de la Liberaci\u00f3n\u201c, nuevos aranceles contra varios pa\u00edses, en una medida que podr\u00eda sacudir el sistema econ\u00f3mico global como no se ha visto en d\u00e9cadas.<\/p>\n\n\n\n<p>El anuncio tendr\u00e1 lugar a las 16:00 h local (14:00 h tiempo del Centro de M\u00e9xico) en un gran evento llamado \u2018Make America Wealthy Again\u2018 (\u201cHacer a EE.UU. rico de nuevo\u201d), que se celebrar\u00e1 en la Rosaleda de la Casa Blanca, donde los cerezos ya est\u00e1n en flor, y al que acudir\u00e1n todos los miembros de su gabinete.<\/p>\n\n\n\n<p>Una vez que Trump haga el anuncio los aranceles entrar\u00e1n en vigor inmediatamente, seg\u00fan detall\u00f3 la Casa Blanca.<\/p>\n\n\n\n<p>Todav\u00eda, sin embargo, se desconocen muchos detalles sobre c\u00f3mo se implementar\u00e1n esos \u201caranceles rec\u00edprocos\u201d, dirigidos contra aquellos pa\u00edses que imponen barreras a los productos y servicios estadounidenses, una medida que podr\u00eda afectar especialmente a la Uni\u00f3n Europea (UE).<\/p>\n\n\n\n<p>La idea es simple: Washington elevar\u00e1 sus aranceles sobre bienes y servicios extranjeros para igualar las barreras comerciales y fiscales \u2014como el IVA europeo\u2014 que otras naciones imponen a los productos estadounidenses. \u201cSi ellos nos cobran, nosotros les cobramos\u201d, ha repetido Trump en varias ocasiones.<\/p>\n\n\n\n<p>Esos aranceles rec\u00edprocos podr\u00edan adoptar distintas formas. Por ejemplo, podr\u00edan establecerse diferentes grav\u00e1menes dependiendo del producto y su pa\u00eds de origen, o bien fijar un arancel para todas las importaciones de un pa\u00eds, calculando el promedio de lo que esa naci\u00f3n grava a productos estadounidenses.<\/p>\n\n\n\n<p>Una de las opciones que Trump tiene sobre la mesa es la imposici\u00f3n de aranceles generalizados del 20 % sobre la mayor\u00eda de las importaciones que llegan a Estados Unidos, algo que podr\u00eda provocar fuertes turbulencias en los mercados financieros y desencadenar represalias de sus socios comerciales.<\/p>\n\n\n\n<p>La Casa Blanca ha adelantado que impondr\u00e1 aranceles contra Brasil, la India, Corea del Sur y la Uni\u00f3n Europea, aunque no ha aclarado si sancionar\u00e1 a la UE como bloque o si evaluar\u00e1 a cada pa\u00eds por separado. Lo que s\u00ed ha dejado claro es que \u201cpor ahora, no habr\u00e1 exenciones\u201d.<\/p>\n\n\n\n<p><strong>Un 25% de aranceles para los pa\u00edses que compran petr\u00f3leo de Venezuela<\/strong><br>Tambi\u00e9n este mi\u00e9rcoles Trump podr\u00eda anunciar aranceles destinados a aislar econ\u00f3micamente a\u00fan m\u00e1s a Venezuela, aunque la Casa Blanca no ha confirmado si formar\u00e1n parte del paquete.<\/p>\n\n\n\n<p>En concreto, la idea de esos aranceles, que Trump adelant\u00f3 a finales de marzo, es imponer grav\u00e1menes del 25 % a los pa\u00edses que compren petr\u00f3leo o gas venezolano.<\/p>\n\n\n\n<p>Esta decisi\u00f3n supondr\u00eda un golpe directo a China, principal destino del crudo venezolano, con compras de unos 500 mil barriles diarios.<\/p>\n\n\n\n<p><strong>M\u00e1s presi\u00f3n sobre M\u00e9xico y Canad\u00e1<\/strong><br>Aunque la Casa Blanca tampoco lo ha confirmado, este mi\u00e9rcoles Trump tambi\u00e9n podr\u00eda anunciar aranceles adicionales a M\u00e9xico y Canad\u00e1, los principales socios comerciales de Estados Unidos.<\/p>\n\n\n\n<p>Ya el 4 de marzo, Trump impuso aranceles del 25 por ciento a las importaciones de Canad\u00e1 y M\u00e9xico, pero estableci\u00f3 una moratoria de un mes para los productos de esos dos pa\u00edses cubiertos por el tratado de libre comercio T-MEC, que incluye desde productos agr\u00edcolas hasta partes de autom\u00f3viles o ciertos tipos de maquinaria.<\/p>\n\n\n\n<p>De esa forma, a partir de ahora, podr\u00edan empezar a aplicarse aranceles sobre esos productos, lo que en la pr\u00e1ctica supondr\u00eda la muerte del Tratado entre M\u00e9xico, Estados Unidos y Canad\u00e1 (T-MEC).<\/p>\n\n\n\n<p>No obstante, a\u00fan no est\u00e1 claro si estos aranceles se implementar\u00e1n finalmente, ya que el mandatario no ha hecho comentarios al respecto en los \u00faltimos d\u00edas, y en ocasiones anteriores ya ha pospuesto su entrada en vigor.<\/p>\n","protected":false},"excerpt":{"rendered":"<p>El anuncio de Trump sobre nuevos aranceles tendr\u00e1 lugar en un evento llamado \u2018Make America Wealthy Again\u2019 en la Casa Blanca El presidente de Estados Unidos, Donald Trump, planea anunciar este mi\u00e9rcoles 2 de abril, jornada que ha bautizado como el \u201cD\u00eda de la Liberaci\u00f3n\u201c, nuevos aranceles contra varios pa\u00edses, en una medida que podr\u00eda [&hellip;]<\/p>\n","protected":false},"author":47,"featured_media":5078,"comment_status":"open","ping_status":"open","sticky":false,"template":"","format":"standard","meta":{"tdm_status":"","tdm_grid_status":"","footnotes":""},"categories":[39],"tags":[],"class_list":{"0":"post-105309","1":"post","2":"type-post","3":"status-publish","4":"format-standard","5":"has-post-thumbnail","7":"category-noticias-nacionales"},"yoast_head":"<!-- This site is optimized with the Yoast SEO plugin v27.4 - https:\/\/yoast.com\/product\/yoast-seo-wordpress\/ -->\n<title>Trump anunciar\u00e1 otra tanda de aranceles este 2 de abril, en el \u201cD\u00eda de la Liberaci\u00f3n\u201d de EU - Fuentes Fidedignas<\/title>\n<meta name=\"robots\" content=\"index, follow, max-snippet:-1, max-image-preview:large, max-video-preview:-1\" \/>\n<link rel=\"canonical\" href=\"https:\/\/fuentesfidedignas.com.mx\/index.php\/2025\/04\/02\/trump-anunciara-otra-tanda-de-aranceles-este-2-de-abril-en-el-dia-de-la-liberacion-de-eu\/\" \/>\n<meta property=\"og:locale\" content=\"es_MX\" \/>\n<meta property=\"og:type\" content=\"article\" \/>\n<meta property=\"og:title\" content=\"Trump anunciar\u00e1 otra tanda de aranceles este 2 de abril, en el \u201cD\u00eda de la Liberaci\u00f3n\u201d de EU - Fuentes Fidedignas\" \/>\n<meta property=\"og:description\" content=\"El anuncio de Trump sobre nuevos aranceles tendr\u00e1 lugar en un evento llamado \u2018Make America Wealthy Again\u2019 en la Casa Blanca El presidente de Estados Unidos, Donald Trump, planea anunciar este mi\u00e9rcoles 2 de abril, jornada que ha bautizado como el \u201cD\u00eda de la Liberaci\u00f3n\u201c, nuevos aranceles contra varios pa\u00edses, en una medida que podr\u00eda [&hellip;]\" \/>\n<meta property=\"og:url\" content=\"https:\/\/fuentesfidedignas.com.mx\/index.php\/2025\/04\/02\/trump-anunciara-otra-tanda-de-aranceles-este-2-de-abril-en-el-dia-de-la-liberacion-de-eu\/\" \/>\n<meta property=\"og:site_name\" content=\"Fuentes Fidedignas\" \/>\n<meta property=\"article:publisher\" content=\"https:\/\/www.facebook.com\/Fuentes-Fidedignas-368234489921644\" \/>\n<meta property=\"article:published_time\" content=\"2025-04-02T14:19:18+00:00\" \/>\n<meta property=\"article:modified_time\" content=\"2025-04-02T14:19:23+00:00\" \/>\n<meta property=\"og:image\" content=\"https:\/\/fuentesfidedignas.com.mx\/wp-content\/uploads\/2021\/06\/TRUMP_001.jpg\" \/>\n\t<meta property=\"og:image:width\" content=\"640\" \/>\n\t<meta property=\"og:image:height\" content=\"360\" \/>\n\t<meta property=\"og:image:type\" content=\"image\/jpeg\" \/>\n<meta name=\"author\" content=\"L\u00f3pez D\u00f3riga\" \/>\n<meta name=\"twitter:card\" content=\"summary_large_image\" \/>\n<meta name=\"twitter:creator\" content=\"@fidedignas\" \/>\n<meta name=\"twitter:site\" content=\"@fidedignas\" \/>\n<meta name=\"twitter:label1\" content=\"Escrito por\" \/>\n\t<meta name=\"twitter:data1\" content=\"L\u00f3pez D\u00f3riga\" \/>\n\t<meta name=\"twitter:label2\" content=\"Tiempo de lectura\" \/>\n\t<meta name=\"twitter:data2\" content=\"4 minutos\" \/>\n<script type=\"application\/ld+json\" class=\"yoast-schema-graph\">{\"@context\":\"https:\\\/\\\/schema.org\",\"@graph\":[{\"@type\":\"Article\",\"@id\":\"https:\\\/\\\/fuentesfidedignas.com.mx\\\/index.php\\\/2025\\\/04\\\/02\\\/trump-anunciara-otra-tanda-de-aranceles-este-2-de-abril-en-el-dia-de-la-liberacion-de-eu\\\/#article\",\"isPartOf\":{\"@id\":\"https:\\\/\\\/fuentesfidedignas.com.mx\\\/index.php\\\/2025\\\/04\\\/02\\\/trump-anunciara-otra-tanda-de-aranceles-este-2-de-abril-en-el-dia-de-la-liberacion-de-eu\\\/\"},\"author\":{\"name\":\"L\u00f3pez D\u00f3riga\",\"@id\":\"https:\\\/\\\/fuentesfidedignas.com.mx\\\/#\\\/schema\\\/person\\\/67d852f0557c8509146a4b9ddebd543a\"},\"headline\":\"Trump anunciar\u00e1 otra tanda de aranceles este 2 de abril, en el \u201cD\u00eda de la Liberaci\u00f3n\u201d de EU\",\"datePublished\":\"2025-04-02T14:19:18+00:00\",\"dateModified\":\"2025-04-02T14:19:23+00:00\",\"mainEntityOfPage\":{\"@id\":\"https:\\\/\\\/fuentesfidedignas.com.mx\\\/index.php\\\/2025\\\/04\\\/02\\\/trump-anunciara-otra-tanda-de-aranceles-este-2-de-abril-en-el-dia-de-la-liberacion-de-eu\\\/\"},\"wordCount\":687,\"commentCount\":0,\"publisher\":{\"@id\":\"https:\\\/\\\/fuentesfidedignas.com.mx\\\/#organization\"},\"image\":{\"@id\":\"https:\\\/\\\/fuentesfidedignas.com.mx\\\/index.php\\\/2025\\\/04\\\/02\\\/trump-anunciara-otra-tanda-de-aranceles-este-2-de-abril-en-el-dia-de-la-liberacion-de-eu\\\/#primaryimage\"},\"thumbnailUrl\":\"https:\\\/\\\/fuentesfidedignas.com.mx\\\/wp-content\\\/uploads\\\/2021\\\/06\\\/TRUMP_001.jpg\",\"articleSection\":[\"NOTICIAS NACIONALES\"],\"inLanguage\":\"es\",\"potentialAction\":[{\"@type\":\"CommentAction\",\"name\":\"Comment\",\"target\":[\"https:\\\/\\\/fuentesfidedignas.com.mx\\\/index.php\\\/2025\\\/04\\\/02\\\/trump-anunciara-otra-tanda-de-aranceles-este-2-de-abril-en-el-dia-de-la-liberacion-de-eu\\\/#respond\"]}]},{\"@type\":\"WebPage\",\"@id\":\"https:\\\/\\\/fuentesfidedignas.com.mx\\\/index.php\\\/2025\\\/04\\\/02\\\/trump-anunciara-otra-tanda-de-aranceles-este-2-de-abril-en-el-dia-de-la-liberacion-de-eu\\\/\",\"url\":\"https:\\\/\\\/fuentesfidedignas.com.mx\\\/index.php\\\/2025\\\/04\\\/02\\\/trump-anunciara-otra-tanda-de-aranceles-este-2-de-abril-en-el-dia-de-la-liberacion-de-eu\\\/\",\"name\":\"Trump anunciar\u00e1 otra tanda de aranceles este 2 de abril, en el \u201cD\u00eda de la Liberaci\u00f3n\u201d de EU - Fuentes Fidedignas\",\"isPartOf\":{\"@id\":\"https:\\\/\\\/fuentesfidedignas.com.mx\\\/#website\"},\"primaryImageOfPage\":{\"@id\":\"https:\\\/\\\/fuentesfidedignas.com.mx\\\/index.php\\\/2025\\\/04\\\/02\\\/trump-anunciara-otra-tanda-de-aranceles-este-2-de-abril-en-el-dia-de-la-liberacion-de-eu\\\/#primaryimage\"},\"image\":{\"@id\":\"https:\\\/\\\/fuentesfidedignas.com.mx\\\/index.php\\\/2025\\\/04\\\/02\\\/trump-anunciara-otra-tanda-de-aranceles-este-2-de-abril-en-el-dia-de-la-liberacion-de-eu\\\/#primaryimage\"},\"thumbnailUrl\":\"https:\\\/\\\/fuentesfidedignas.com.mx\\\/wp-content\\\/uploads\\\/2021\\\/06\\\/TRUMP_001.jpg\",\"datePublished\":\"2025-04-02T14:19:18+00:00\",\"dateModified\":\"2025-04-02T14:19:23+00:00\",\"breadcrumb\":{\"@id\":\"https:\\\/\\\/fuentesfidedignas.com.mx\\\/index.php\\\/2025\\\/04\\\/02\\\/trump-anunciara-otra-tanda-de-aranceles-este-2-de-abril-en-el-dia-de-la-liberacion-de-eu\\\/#breadcrumb\"},\"inLanguage\":\"es\",\"potentialAction\":[{\"@type\":\"ReadAction\",\"target\":[\"https:\\\/\\\/fuentesfidedignas.com.mx\\\/index.php\\\/2025\\\/04\\\/02\\\/trump-anunciara-otra-tanda-de-aranceles-este-2-de-abril-en-el-dia-de-la-liberacion-de-eu\\\/\"]}]},{\"@type\":\"ImageObject\",\"inLanguage\":\"es\",\"@id\":\"https:\\\/\\\/fuentesfidedignas.com.mx\\\/index.php\\\/2025\\\/04\\\/02\\\/trump-anunciara-otra-tanda-de-aranceles-este-2-de-abril-en-el-dia-de-la-liberacion-de-eu\\\/#primaryimage\",\"url\":\"https:\\\/\\\/fuentesfidedignas.com.mx\\\/wp-content\\\/uploads\\\/2021\\\/06\\\/TRUMP_001.jpg\",\"contentUrl\":\"https:\\\/\\\/fuentesfidedignas.com.mx\\\/wp-content\\\/uploads\\\/2021\\\/06\\\/TRUMP_001.jpg\",\"width\":640,\"height\":360},{\"@type\":\"BreadcrumbList\",\"@id\":\"https:\\\/\\\/fuentesfidedignas.com.mx\\\/index.php\\\/2025\\\/04\\\/02\\\/trump-anunciara-otra-tanda-de-aranceles-este-2-de-abril-en-el-dia-de-la-liberacion-de-eu\\\/#breadcrumb\",\"itemListElement\":[{\"@type\":\"ListItem\",\"position\":1,\"name\":\"Inicio\",\"item\":\"https:\\\/\\\/fuentesfidedignas.com.mx\\\/\"},{\"@type\":\"ListItem\",\"position\":2,\"name\":\"Trump anunciar\u00e1 otra tanda de aranceles este 2 de abril, en el \u201cD\u00eda de la Liberaci\u00f3n\u201d de EU\"}]},{\"@type\":\"WebSite\",\"@id\":\"https:\\\/\\\/fuentesfidedignas.com.mx\\\/#website\",\"url\":\"https:\\\/\\\/fuentesfidedignas.com.mx\\\/\",\"name\":\"Fuentes Fidedignas\",\"description\":\"Otro sitio realizado con WordPress\",\"publisher\":{\"@id\":\"https:\\\/\\\/fuentesfidedignas.com.mx\\\/#organization\"},\"potentialAction\":[{\"@type\":\"SearchAction\",\"target\":{\"@type\":\"EntryPoint\",\"urlTemplate\":\"https:\\\/\\\/fuentesfidedignas.com.mx\\\/?s={search_term_string}\"},\"query-input\":{\"@type\":\"PropertyValueSpecification\",\"valueRequired\":true,\"valueName\":\"search_term_string\"}}],\"inLanguage\":\"es\"},{\"@type\":\"Organization\",\"@id\":\"https:\\\/\\\/fuentesfidedignas.com.mx\\\/#organization\",\"name\":\"Fuentes Fidedignas\",\"url\":\"https:\\\/\\\/fuentesfidedignas.com.mx\\\/\",\"logo\":{\"@type\":\"ImageObject\",\"inLanguage\":\"es\",\"@id\":\"https:\\\/\\\/fuentesfidedignas.com.mx\\\/#\\\/schema\\\/logo\\\/image\\\/\",\"url\":\"https:\\\/\\\/fuentesfidedignas.com.mx\\\/wp-content\\\/uploads\\\/2021\\\/04\\\/logo-retina.png\",\"contentUrl\":\"https:\\\/\\\/fuentesfidedignas.com.mx\\\/wp-content\\\/uploads\\\/2021\\\/04\\\/logo-retina.png\",\"width\":280,\"height\":51,\"caption\":\"Fuentes Fidedignas\"},\"image\":{\"@id\":\"https:\\\/\\\/fuentesfidedignas.com.mx\\\/#\\\/schema\\\/logo\\\/image\\\/\"},\"sameAs\":[\"https:\\\/\\\/www.facebook.com\\\/Fuentes-Fidedignas-368234489921644\",\"https:\\\/\\\/x.com\\\/fidedignas\"]},{\"@type\":\"Person\",\"@id\":\"https:\\\/\\\/fuentesfidedignas.com.mx\\\/#\\\/schema\\\/person\\\/67d852f0557c8509146a4b9ddebd543a\",\"name\":\"L\u00f3pez D\u00f3riga\",\"image\":{\"@type\":\"ImageObject\",\"inLanguage\":\"es\",\"@id\":\"https:\\\/\\\/secure.gravatar.com\\\/avatar\\\/e525b06574ca18b33cded59dfe5778d6c823b9513154eff47da551b0551bdd1e?s=96&d=mm&r=g\",\"url\":\"https:\\\/\\\/secure.gravatar.com\\\/avatar\\\/e525b06574ca18b33cded59dfe5778d6c823b9513154eff47da551b0551bdd1e?s=96&d=mm&r=g\",\"contentUrl\":\"https:\\\/\\\/secure.gravatar.com\\\/avatar\\\/e525b06574ca18b33cded59dfe5778d6c823b9513154eff47da551b0551bdd1e?s=96&d=mm&r=g\",\"caption\":\"L\u00f3pez D\u00f3riga\"},\"url\":\"https:\\\/\\\/fuentesfidedignas.com.mx\\\/index.php\\\/author\\\/doriga\\\/\"}]}<\/script>\n<!-- \/ Yoast SEO plugin. -->","yoast_head_json":{"title":"Trump anunciar\u00e1 otra tanda de aranceles este 2 de abril, en el \u201cD\u00eda de la Liberaci\u00f3n\u201d de EU - Fuentes Fidedignas","robots":{"index":"index","follow":"follow","max-snippet":"max-snippet:-1","max-image-preview":"max-image-preview:large","max-video-preview":"max-video-preview:-1"},"canonical":"https:\/\/fuentesfidedignas.com.mx\/index.php\/2025\/04\/02\/trump-anunciara-otra-tanda-de-aranceles-este-2-de-abril-en-el-dia-de-la-liberacion-de-eu\/","og_locale":"es_MX","og_type":"article","og_title":"Trump anunciar\u00e1 otra tanda de aranceles este 2 de abril, en el \u201cD\u00eda de la Liberaci\u00f3n\u201d de EU - Fuentes Fidedignas","og_description":"El anuncio de Trump sobre nuevos aranceles tendr\u00e1 lugar en un evento llamado \u2018Make America Wealthy Again\u2019 en la Casa Blanca El presidente de Estados Unidos, Donald Trump, planea anunciar este mi\u00e9rcoles 2 de abril, jornada que ha bautizado como el \u201cD\u00eda de la Liberaci\u00f3n\u201c, nuevos aranceles contra varios pa\u00edses, en una medida que podr\u00eda [&hellip;]","og_url":"https:\/\/fuentesfidedignas.com.mx\/index.php\/2025\/04\/02\/trump-anunciara-otra-tanda-de-aranceles-este-2-de-abril-en-el-dia-de-la-liberacion-de-eu\/","og_site_name":"Fuentes Fidedignas","article_publisher":"https:\/\/www.facebook.com\/Fuentes-Fidedignas-368234489921644","article_published_time":"2025-04-02T14:19:18+00:00","article_modified_time":"2025-04-02T14:19:23+00:00","og_image":[{"width":640,"height":360,"url":"https:\/\/fuentesfidedignas.com.mx\/wp-content\/uploads\/2021\/06\/TRUMP_001.jpg","type":"image\/jpeg"}],"author":"L\u00f3pez D\u00f3riga","twitter_card":"summary_large_image","twitter_creator":"@fidedignas","twitter_site":"@fidedignas","twitter_misc":{"Escrito por":"L\u00f3pez D\u00f3riga","Tiempo de lectura":"4 minutos"},"schema":{"@context":"https:\/\/schema.org","@graph":[{"@type":"Article","@id":"https:\/\/fuentesfidedignas.com.mx\/index.php\/2025\/04\/02\/trump-anunciara-otra-tanda-de-aranceles-este-2-de-abril-en-el-dia-de-la-liberacion-de-eu\/#article","isPartOf":{"@id":"https:\/\/fuentesfidedignas.com.mx\/index.php\/2025\/04\/02\/trump-anunciara-otra-tanda-de-aranceles-este-2-de-abril-en-el-dia-de-la-liberacion-de-eu\/"},"author":{"name":"L\u00f3pez D\u00f3riga","@id":"https:\/\/fuentesfidedignas.com.mx\/#\/schema\/person\/67d852f0557c8509146a4b9ddebd543a"},"headline":"Trump anunciar\u00e1 otra tanda de aranceles este 2 de abril, en el \u201cD\u00eda de la Liberaci\u00f3n\u201d de EU","datePublished":"2025-04-02T14:19:18+00:00","dateModified":"2025-04-02T14:19:23+00:00","mainEntityOfPage":{"@id":"https:\/\/fuentesfidedignas.com.mx\/index.php\/2025\/04\/02\/trump-anunciara-otra-tanda-de-aranceles-este-2-de-abril-en-el-dia-de-la-liberacion-de-eu\/"},"wordCount":687,"commentCount":0,"publisher":{"@id":"https:\/\/fuentesfidedignas.com.mx\/#organization"},"image":{"@id":"https:\/\/fuentesfidedignas.com.mx\/index.php\/2025\/04\/02\/trump-anunciara-otra-tanda-de-aranceles-este-2-de-abril-en-el-dia-de-la-liberacion-de-eu\/#primaryimage"},"thumbnailUrl":"https:\/\/fuentesfidedignas.com.mx\/wp-content\/uploads\/2021\/06\/TRUMP_001.jpg","articleSection":["NOTICIAS NACIONALES"],"inLanguage":"es","potentialAction":[{"@type":"CommentAction","name":"Comment","target":["https:\/\/fuentesfidedignas.com.mx\/index.php\/2025\/04\/02\/trump-anunciara-otra-tanda-de-aranceles-este-2-de-abril-en-el-dia-de-la-liberacion-de-eu\/#respond"]}]},{"@type":"WebPage","@id":"https:\/\/fuentesfidedignas.com.mx\/index.php\/2025\/04\/02\/trump-anunciara-otra-tanda-de-aranceles-este-2-de-abril-en-el-dia-de-la-liberacion-de-eu\/","url":"https:\/\/fuentesfidedignas.com.mx\/index.php\/2025\/04\/02\/trump-anunciara-otra-tanda-de-aranceles-este-2-de-abril-en-el-dia-de-la-liberacion-de-eu\/","name":"Trump anunciar\u00e1 otra tanda de aranceles este 2 de abril, en el \u201cD\u00eda de la Liberaci\u00f3n\u201d de EU - Fuentes Fidedignas","isPartOf":{"@id":"https:\/\/fuentesfidedignas.com.mx\/#website"},"primaryImageOfPage":{"@id":"https:\/\/fuentesfidedignas.com.mx\/index.php\/2025\/04\/02\/trump-anunciara-otra-tanda-de-aranceles-este-2-de-abril-en-el-dia-de-la-liberacion-de-eu\/#primaryimage"},"image":{"@id":"https:\/\/fuentesfidedignas.com.mx\/index.php\/2025\/04\/02\/trump-anunciara-otra-tanda-de-aranceles-este-2-de-abril-en-el-dia-de-la-liberacion-de-eu\/#primaryimage"},"thumbnailUrl":"https:\/\/fuentesfidedignas.com.mx\/wp-content\/uploads\/2021\/06\/TRUMP_001.jpg","datePublished":"2025-04-02T14:19:18+00:00","dateModified":"2025-04-02T14:19:23+00:00","breadcrumb":{"@id":"https:\/\/fuentesfidedignas.com.mx\/index.php\/2025\/04\/02\/trump-anunciara-otra-tanda-de-aranceles-este-2-de-abril-en-el-dia-de-la-liberacion-de-eu\/#breadcrumb"},"inLanguage":"es","potentialAction":[{"@type":"ReadAction","target":["https:\/\/fuentesfidedignas.com.mx\/index.php\/2025\/04\/02\/trump-anunciara-otra-tanda-de-aranceles-este-2-de-abril-en-el-dia-de-la-liberacion-de-eu\/"]}]},{"@type":"ImageObject","inLanguage":"es","@id":"https:\/\/fuentesfidedignas.com.mx\/index.php\/2025\/04\/02\/trump-anunciara-otra-tanda-de-aranceles-este-2-de-abril-en-el-dia-de-la-liberacion-de-eu\/#primaryimage","url":"https:\/\/fuentesfidedignas.com.mx\/wp-content\/uploads\/2021\/06\/TRUMP_001.jpg","contentUrl":"https:\/\/fuentesfidedignas.com.mx\/wp-content\/uploads\/2021\/06\/TRUMP_001.jpg","width":640,"height":360},{"@type":"BreadcrumbList","@id":"https:\/\/fuentesfidedignas.com.mx\/index.php\/2025\/04\/02\/trump-anunciara-otra-tanda-de-aranceles-este-2-de-abril-en-el-dia-de-la-liberacion-de-eu\/#breadcrumb","itemListElement":[{"@type":"ListItem","position":1,"name":"Inicio","item":"https:\/\/fuentesfidedignas.com.mx\/"},{"@type":"ListItem","position":2,"name":"Trump anunciar\u00e1 otra tanda de aranceles este 2 de abril, en el \u201cD\u00eda de la Liberaci\u00f3n\u201d de EU"}]},{"@type":"WebSite","@id":"https:\/\/fuentesfidedignas.com.mx\/#website","url":"https:\/\/fuentesfidedignas.com.mx\/","name":"Fuentes Fidedignas","description":"Otro sitio realizado con WordPress","publisher":{"@id":"https:\/\/fuentesfidedignas.com.mx\/#organization"},"potentialAction":[{"@type":"SearchAction","target":{"@type":"EntryPoint","urlTemplate":"https:\/\/fuentesfidedignas.com.mx\/?s={search_term_string}"},"query-input":{"@type":"PropertyValueSpecification","valueRequired":true,"valueName":"search_term_string"}}],"inLanguage":"es"},{"@type":"Organization","@id":"https:\/\/fuentesfidedignas.com.mx\/#organization","name":"Fuentes Fidedignas","url":"https:\/\/fuentesfidedignas.com.mx\/","logo":{"@type":"ImageObject","inLanguage":"es","@id":"https:\/\/fuentesfidedignas.com.mx\/#\/schema\/logo\/image\/","url":"https:\/\/fuentesfidedignas.com.mx\/wp-content\/uploads\/2021\/04\/logo-retina.png","contentUrl":"https:\/\/fuentesfidedignas.com.mx\/wp-content\/uploads\/2021\/04\/logo-retina.png","width":280,"height":51,"caption":"Fuentes Fidedignas"},"image":{"@id":"https:\/\/fuentesfidedignas.com.mx\/#\/schema\/logo\/image\/"},"sameAs":["https:\/\/www.facebook.com\/Fuentes-Fidedignas-368234489921644","https:\/\/x.com\/fidedignas"]},{"@type":"Person","@id":"https:\/\/fuentesfidedignas.com.mx\/#\/schema\/person\/67d852f0557c8509146a4b9ddebd543a","name":"L\u00f3pez D\u00f3riga","image":{"@type":"ImageObject","inLanguage":"es","@id":"https:\/\/secure.gravatar.com\/avatar\/e525b06574ca18b33cded59dfe5778d6c823b9513154eff47da551b0551bdd1e?s=96&d=mm&r=g","url":"https:\/\/secure.gravatar.com\/avatar\/e525b06574ca18b33cded59dfe5778d6c823b9513154eff47da551b0551bdd1e?s=96&d=mm&r=g","contentUrl":"https:\/\/secure.gravatar.com\/avatar\/e525b06574ca18b33cded59dfe5778d6c823b9513154eff47da551b0551bdd1e?s=96&d=mm&r=g","caption":"L\u00f3pez D\u00f3riga"},"url":"https:\/\/fuentesfidedignas.com.mx\/index.php\/author\/doriga\/"}]}},"_links":{"self":[{"href":"https:\/\/fuentesfidedignas.com.mx\/index.php\/wp-json\/wp\/v2\/posts\/105309","targetHints":{"allow":["GET"]}}],"collection":[{"href":"https:\/\/fuentesfidedignas.com.mx\/index.php\/wp-json\/wp\/v2\/posts"}],"about":[{"href":"https:\/\/fuentesfidedignas.com.mx\/index.php\/wp-json\/wp\/v2\/types\/post"}],"author":[{"embeddable":true,"href":"https:\/\/fuentesfidedignas.com.mx\/index.php\/wp-json\/wp\/v2\/users\/47"}],"replies":[{"embeddable":true,"href":"https:\/\/fuentesfidedignas.com.mx\/index.php\/wp-json\/wp\/v2\/comments?post=105309"}],"version-history":[{"count":1,"href":"https:\/\/fuentesfidedignas.com.mx\/index.php\/wp-json\/wp\/v2\/posts\/105309\/revisions"}],"predecessor-version":[{"id":105310,"href":"https:\/\/fuentesfidedignas.com.mx\/index.php\/wp-json\/wp\/v2\/posts\/105309\/revisions\/105310"}],"wp:featuredmedia":[{"embeddable":true,"href":"https:\/\/fuentesfidedignas.com.mx\/index.php\/wp-json\/wp\/v2\/media\/5078"}],"wp:attachment":[{"href":"https:\/\/fuentesfidedignas.com.mx\/index.php\/wp-json\/wp\/v2\/media?parent=105309"}],"wp:term":[{"taxonomy":"category","embeddable":true,"href":"https:\/\/fuentesfidedignas.com.mx\/index.php\/wp-json\/wp\/v2\/categories?post=105309"},{"taxonomy":"post_tag","embeddable":true,"href":"https:\/\/fuentesfidedignas.com.mx\/index.php\/wp-json\/wp\/v2\/tags?post=105309"}],"curies":[{"name":"wp","href":"https:\/\/api.w.org\/{rel}","templated":true}]}}