{"id":105290,"date":"2025-04-02T04:20:00","date_gmt":"2025-04-02T11:20:00","guid":{"rendered":"https:\/\/fuentesfidedignas.com.mx\/?p=105290"},"modified":"2025-04-01T21:23:42","modified_gmt":"2025-04-02T04:23:42","slug":"su-hijo-no-lo-podia-creer-joven-maquilla-a-su-suegra-despues-de-anos-de-estar-sumida-en-depresion","status":"publish","type":"post","link":"https:\/\/fuentesfidedignas.com.mx\/index.php\/2025\/04\/02\/su-hijo-no-lo-podia-creer-joven-maquilla-a-su-suegra-despues-de-anos-de-estar-sumida-en-depresion\/","title":{"rendered":"\u201cSu hijo no lo pod\u00eda creer\u201d: Joven maquilla a su suegra despu\u00e9s de a\u00f1os de estar sumida en depresi\u00f3n"},"content":{"rendered":"\n<p><strong><em>Este gesto de amor no solo ha inspirado a aquellos que lo han visto, sino que tambi\u00e9n resalta la importancia de los peque\u00f1os actos de bondad y c\u00f3mo un cambio positivo, por m\u00e1s peque\u00f1o que sea, puede hacer una gran diferencia en la vida de alguien.<\/em><\/strong><\/p>\n\n\n\n<p>ESTADOS UNIDOS-. Un video que se ha hecho viral en TikTok ha conmovido a miles de usuarios al mostrar el gesto de amor y apoyo de una nuera hacia su suegra, quien ha estado sufriendo de depresi\u00f3n durante a\u00f1os.<\/p>\n\n\n\n<p>El video, lleno de ternura y emotividad, refleja c\u00f3mo un cambio de look puede tener un impacto positivo en la vida de alguien, no solo en su apariencia, sino tambi\u00e9n en su \u00e1nimo.<\/p>\n\n\n\n<p><strong>Un cambio de look lleno de amor y empat\u00eda<\/strong><br>En el video, la protagonista, acompa\u00f1ada de su nieta peque\u00f1a y su nuera, se somete a un cambio de imagen. La mujer, que ha estado luchando contra la depresi\u00f3n, es maquillada y peinada para resaltar a\u00fan m\u00e1s su belleza natural.<\/p>\n\n\n\n<p>El proceso de transformaci\u00f3n es grabado y se muestra c\u00f3mo la mujer, poco a poco, va recuperando la sonrisa y la confianza en s\u00ed misma.<\/p>\n\n\n\n<p>Lo m\u00e1s conmovedor llega cuando su hijo, al llegar a casa y ver a su madre, se queda sorprendido y emocionado por el cambio. Visiblemente conmovido, no puede evitar sonre\u00edr al ver a su madre tan feliz, algo que no suced\u00eda desde hac\u00eda mucho tiempo.<\/p>\n\n\n\n<p>Este gesto, que puede parecer simple, tiene un profundo significado para la familia y muestra c\u00f3mo el amor y el apoyo mutuo pueden ser una fuerza poderosa para sanar.<\/p>\n\n\n\n<blockquote class=\"tiktok-embed\" cite=\"https:\/\/www.tiktok.com\/@majo_lalangui\/video\/7485938354354228510\" data-video-id=\"7485938354354228510\" style=\"max-width: 605px;min-width: 325px;\" > <section> <a target=\"_blank\" title=\"@majo_lalangui\" href=\"https:\/\/www.tiktok.com\/@majo_lalangui?refer=embed\">@majo_lalangui<\/a> Despu\u00e9s de verla por a\u00f1os triste a su madre , hoy el es el hijo m\u00e1s feliz vi\u00e9ndola recuperar su brillo ese que la depresi\u00f3n alg\u00fan d\u00eda se lo arrebat\u00f3. \u2764\ufe0f\u200d\ud83e\ude79\ud83d\ude4f\ud83c\udffb <a title=\"suegra\" target=\"_blank\" href=\"https:\/\/www.tiktok.com\/tag\/suegra?refer=embed\">#suegra<\/a> <a title=\"nuera\" target=\"_blank\" href=\"https:\/\/www.tiktok.com\/tag\/nuera?refer=embed\">#nuera<\/a> <a title=\"cambiodevida\" target=\"_blank\" href=\"https:\/\/www.tiktok.com\/tag\/cambiodevida?refer=embed\">#cambiodevida<\/a> <a title=\"fyp\" target=\"_blank\" href=\"https:\/\/www.tiktok.com\/tag\/fyp?refer=embed\">#fyp<\/a> <a title=\"parati\" target=\"_blank\" href=\"https:\/\/www.tiktok.com\/tag\/parati?refer=embed\">#parati<\/a> <a title=\"viral\" target=\"_blank\" href=\"https:\/\/www.tiktok.com\/tag\/viral?refer=embed\">#viral<\/a> <a title=\"historiasreales\" target=\"_blank\" href=\"https:\/\/www.tiktok.com\/tag\/historiasreales?refer=embed\">#historiasreales<\/a> <a title=\"conmovedor\" target=\"_blank\" href=\"https:\/\/www.tiktok.com\/tag\/conmovedor?refer=embed\">#conmovedor<\/a> <a title=\"tendencias\" target=\"_blank\" href=\"https:\/\/www.tiktok.com\/tag\/tendencias?refer=embed\">#tendencias<\/a> <a title=\"saludmental\" target=\"_blank\" href=\"https:\/\/www.tiktok.com\/tag\/saludmental?refer=embed\">#saludmental<\/a> <a title=\"cambiodelook\" target=\"_blank\" href=\"https:\/\/www.tiktok.com\/tag\/cambiodelook?refer=embed\">#cambiodelook<\/a> <a title=\"motivacion\" target=\"_blank\" href=\"https:\/\/www.tiktok.com\/tag\/motivacion?refer=embed\">#motivacion<\/a> <a title=\"resilencia\" target=\"_blank\" href=\"https:\/\/www.tiktok.com\/tag\/resilencia?refer=embed\">#resilencia<\/a> <a title=\"esperanza\" target=\"_blank\" href=\"https:\/\/www.tiktok.com\/tag\/esperanza?refer=embed\">#esperanza<\/a> <a target=\"_blank\" title=\"\u266c Photograph - Ed Sheeran\" href=\"https:\/\/www.tiktok.com\/music\/Photograph-6705017357909100545?refer=embed\">\u266c Photograph &#8211; Ed Sheeran<\/a> <\/section> <\/blockquote> <script async src=\"https:\/\/www.tiktok.com\/embed.js\"><\/script>\n\n\n\n<p><strong>Un gesto de amor que inspira a miles<\/strong><br>El video ha logrado acumular 1 mill\u00f3n de reacciones y ha generado una ola de comentarios llenos de admiraci\u00f3n y emoci\u00f3n.<\/p>\n\n\n\n<p>Los internautas han destacado la relaci\u00f3n \u00fanica entre la nuera y la suegra, comentando: \u201cAdmiro esa relaci\u00f3n de suegra y nuera.\u201d; \u201cQu\u00e9 bonito, la importancia de un amor verdadero.\u201d; y \u201cYo tambi\u00e9n tuve una suegra que era como mi madre.\u201d<\/p>\n\n\n\n<p>Este gesto de amor no solo ha inspirado a aquellos que lo han visto, sino que tambi\u00e9n resalta la importancia de los peque\u00f1os actos de bondad y c\u00f3mo un cambio positivo, por m\u00e1s peque\u00f1o que sea, puede hacer una gran diferencia en la vida de alguien.<\/p>\n","protected":false},"excerpt":{"rendered":"<p>Este gesto de amor no solo ha inspirado a aquellos que lo han visto, sino que tambi\u00e9n resalta la importancia de los peque\u00f1os actos de bondad y c\u00f3mo un cambio positivo, por m\u00e1s peque\u00f1o que sea, puede hacer una gran diferencia en la vida de alguien. ESTADOS UNIDOS-. Un video que se ha hecho viral [&hellip;]<\/p>\n","protected":false},"author":40,"featured_media":105291,"comment_status":"open","ping_status":"open","sticky":false,"template":"","format":"standard","meta":{"tdm_status":"","tdm_grid_status":"","footnotes":""},"categories":[40],"tags":[],"class_list":{"0":"post-105290","1":"post","2":"type-post","3":"status-publish","4":"format-standard","5":"has-post-thumbnail","7":"category-las-asombrosas"},"yoast_head":"<!-- This site is optimized with the Yoast SEO plugin v27.5 - https:\/\/yoast.com\/product\/yoast-seo-wordpress\/ -->\n<title>\u201cSu hijo no lo pod\u00eda creer\u201d: Joven maquilla a su suegra despu\u00e9s de a\u00f1os de estar sumida en depresi\u00f3n - Fuentes Fidedignas<\/title>\n<meta name=\"robots\" content=\"index, follow, max-snippet:-1, max-image-preview:large, max-video-preview:-1\" \/>\n<link rel=\"canonical\" href=\"https:\/\/fuentesfidedignas.com.mx\/index.php\/2025\/04\/02\/su-hijo-no-lo-podia-creer-joven-maquilla-a-su-suegra-despues-de-anos-de-estar-sumida-en-depresion\/\" \/>\n<meta property=\"og:locale\" content=\"es_MX\" \/>\n<meta property=\"og:type\" content=\"article\" \/>\n<meta property=\"og:title\" content=\"\u201cSu hijo no lo pod\u00eda creer\u201d: Joven maquilla a su suegra despu\u00e9s de a\u00f1os de estar sumida en depresi\u00f3n - Fuentes Fidedignas\" \/>\n<meta property=\"og:description\" content=\"Este gesto de amor no solo ha inspirado a aquellos que lo han visto, sino que tambi\u00e9n resalta la importancia de los peque\u00f1os actos de bondad y c\u00f3mo un cambio positivo, por m\u00e1s peque\u00f1o que sea, puede hacer una gran diferencia en la vida de alguien. ESTADOS UNIDOS-. Un video que se ha hecho viral [&hellip;]\" \/>\n<meta property=\"og:url\" content=\"https:\/\/fuentesfidedignas.com.mx\/index.php\/2025\/04\/02\/su-hijo-no-lo-podia-creer-joven-maquilla-a-su-suegra-despues-de-anos-de-estar-sumida-en-depresion\/\" \/>\n<meta property=\"og:site_name\" content=\"Fuentes Fidedignas\" \/>\n<meta property=\"article:publisher\" content=\"https:\/\/www.facebook.com\/Fuentes-Fidedignas-368234489921644\" \/>\n<meta property=\"article:published_time\" content=\"2025-04-02T11:20:00+00:00\" \/>\n<meta property=\"og:image\" content=\"https:\/\/fuentesfidedignas.com.mx\/wp-content\/uploads\/2025\/04\/sra_maquillaje.jpg\" \/>\n\t<meta property=\"og:image:width\" content=\"600\" \/>\n\t<meta property=\"og:image:height\" content=\"400\" \/>\n\t<meta property=\"og:image:type\" content=\"image\/jpeg\" \/>\n<meta name=\"author\" content=\"El Imparcial\" \/>\n<meta name=\"twitter:card\" content=\"summary_large_image\" \/>\n<meta name=\"twitter:creator\" content=\"@fidedignas\" \/>\n<meta name=\"twitter:site\" content=\"@fidedignas\" \/>\n<meta name=\"twitter:label1\" content=\"Escrito por\" \/>\n\t<meta name=\"twitter:data1\" content=\"El Imparcial\" \/>\n\t<meta name=\"twitter:label2\" content=\"Tiempo de lectura\" \/>\n\t<meta name=\"twitter:data2\" content=\"2 minutos\" \/>\n<script type=\"application\/ld+json\" class=\"yoast-schema-graph\">{\"@context\":\"https:\\\/\\\/schema.org\",\"@graph\":[{\"@type\":\"Article\",\"@id\":\"https:\\\/\\\/fuentesfidedignas.com.mx\\\/index.php\\\/2025\\\/04\\\/02\\\/su-hijo-no-lo-podia-creer-joven-maquilla-a-su-suegra-despues-de-anos-de-estar-sumida-en-depresion\\\/#article\",\"isPartOf\":{\"@id\":\"https:\\\/\\\/fuentesfidedignas.com.mx\\\/index.php\\\/2025\\\/04\\\/02\\\/su-hijo-no-lo-podia-creer-joven-maquilla-a-su-suegra-despues-de-anos-de-estar-sumida-en-depresion\\\/\"},\"author\":{\"name\":\"El Imparcial\",\"@id\":\"https:\\\/\\\/fuentesfidedignas.com.mx\\\/#\\\/schema\\\/person\\\/ff4db17f8fd9c584e0cfc2a0c436b8a1\"},\"headline\":\"\u201cSu hijo no lo pod\u00eda creer\u201d: Joven maquilla a su suegra despu\u00e9s de a\u00f1os de estar sumida en depresi\u00f3n\",\"datePublished\":\"2025-04-02T11:20:00+00:00\",\"mainEntityOfPage\":{\"@id\":\"https:\\\/\\\/fuentesfidedignas.com.mx\\\/index.php\\\/2025\\\/04\\\/02\\\/su-hijo-no-lo-podia-creer-joven-maquilla-a-su-suegra-despues-de-anos-de-estar-sumida-en-depresion\\\/\"},\"wordCount\":492,\"commentCount\":0,\"publisher\":{\"@id\":\"https:\\\/\\\/fuentesfidedignas.com.mx\\\/#organization\"},\"image\":{\"@id\":\"https:\\\/\\\/fuentesfidedignas.com.mx\\\/index.php\\\/2025\\\/04\\\/02\\\/su-hijo-no-lo-podia-creer-joven-maquilla-a-su-suegra-despues-de-anos-de-estar-sumida-en-depresion\\\/#primaryimage\"},\"thumbnailUrl\":\"https:\\\/\\\/fuentesfidedignas.com.mx\\\/wp-content\\\/uploads\\\/2025\\\/04\\\/sra_maquillaje.jpg\",\"articleSection\":[\"LAS ASOMBROSAS\"],\"inLanguage\":\"es\",\"potentialAction\":[{\"@type\":\"CommentAction\",\"name\":\"Comment\",\"target\":[\"https:\\\/\\\/fuentesfidedignas.com.mx\\\/index.php\\\/2025\\\/04\\\/02\\\/su-hijo-no-lo-podia-creer-joven-maquilla-a-su-suegra-despues-de-anos-de-estar-sumida-en-depresion\\\/#respond\"]}]},{\"@type\":\"WebPage\",\"@id\":\"https:\\\/\\\/fuentesfidedignas.com.mx\\\/index.php\\\/2025\\\/04\\\/02\\\/su-hijo-no-lo-podia-creer-joven-maquilla-a-su-suegra-despues-de-anos-de-estar-sumida-en-depresion\\\/\",\"url\":\"https:\\\/\\\/fuentesfidedignas.com.mx\\\/index.php\\\/2025\\\/04\\\/02\\\/su-hijo-no-lo-podia-creer-joven-maquilla-a-su-suegra-despues-de-anos-de-estar-sumida-en-depresion\\\/\",\"name\":\"\u201cSu hijo no lo pod\u00eda creer\u201d: Joven maquilla a su suegra despu\u00e9s de a\u00f1os de estar sumida en depresi\u00f3n - Fuentes Fidedignas\",\"isPartOf\":{\"@id\":\"https:\\\/\\\/fuentesfidedignas.com.mx\\\/#website\"},\"primaryImageOfPage\":{\"@id\":\"https:\\\/\\\/fuentesfidedignas.com.mx\\\/index.php\\\/2025\\\/04\\\/02\\\/su-hijo-no-lo-podia-creer-joven-maquilla-a-su-suegra-despues-de-anos-de-estar-sumida-en-depresion\\\/#primaryimage\"},\"image\":{\"@id\":\"https:\\\/\\\/fuentesfidedignas.com.mx\\\/index.php\\\/2025\\\/04\\\/02\\\/su-hijo-no-lo-podia-creer-joven-maquilla-a-su-suegra-despues-de-anos-de-estar-sumida-en-depresion\\\/#primaryimage\"},\"thumbnailUrl\":\"https:\\\/\\\/fuentesfidedignas.com.mx\\\/wp-content\\\/uploads\\\/2025\\\/04\\\/sra_maquillaje.jpg\",\"datePublished\":\"2025-04-02T11:20:00+00:00\",\"breadcrumb\":{\"@id\":\"https:\\\/\\\/fuentesfidedignas.com.mx\\\/index.php\\\/2025\\\/04\\\/02\\\/su-hijo-no-lo-podia-creer-joven-maquilla-a-su-suegra-despues-de-anos-de-estar-sumida-en-depresion\\\/#breadcrumb\"},\"inLanguage\":\"es\",\"potentialAction\":[{\"@type\":\"ReadAction\",\"target\":[\"https:\\\/\\\/fuentesfidedignas.com.mx\\\/index.php\\\/2025\\\/04\\\/02\\\/su-hijo-no-lo-podia-creer-joven-maquilla-a-su-suegra-despues-de-anos-de-estar-sumida-en-depresion\\\/\"]}]},{\"@type\":\"ImageObject\",\"inLanguage\":\"es\",\"@id\":\"https:\\\/\\\/fuentesfidedignas.com.mx\\\/index.php\\\/2025\\\/04\\\/02\\\/su-hijo-no-lo-podia-creer-joven-maquilla-a-su-suegra-despues-de-anos-de-estar-sumida-en-depresion\\\/#primaryimage\",\"url\":\"https:\\\/\\\/fuentesfidedignas.com.mx\\\/wp-content\\\/uploads\\\/2025\\\/04\\\/sra_maquillaje.jpg\",\"contentUrl\":\"https:\\\/\\\/fuentesfidedignas.com.mx\\\/wp-content\\\/uploads\\\/2025\\\/04\\\/sra_maquillaje.jpg\",\"width\":600,\"height\":400},{\"@type\":\"BreadcrumbList\",\"@id\":\"https:\\\/\\\/fuentesfidedignas.com.mx\\\/index.php\\\/2025\\\/04\\\/02\\\/su-hijo-no-lo-podia-creer-joven-maquilla-a-su-suegra-despues-de-anos-de-estar-sumida-en-depresion\\\/#breadcrumb\",\"itemListElement\":[{\"@type\":\"ListItem\",\"position\":1,\"name\":\"Inicio\",\"item\":\"https:\\\/\\\/fuentesfidedignas.com.mx\\\/\"},{\"@type\":\"ListItem\",\"position\":2,\"name\":\"\u201cSu hijo no lo pod\u00eda creer\u201d: Joven maquilla a su suegra despu\u00e9s de a\u00f1os de estar sumida en depresi\u00f3n\"}]},{\"@type\":\"WebSite\",\"@id\":\"https:\\\/\\\/fuentesfidedignas.com.mx\\\/#website\",\"url\":\"https:\\\/\\\/fuentesfidedignas.com.mx\\\/\",\"name\":\"Fuentes Fidedignas\",\"description\":\"Otro sitio realizado con WordPress\",\"publisher\":{\"@id\":\"https:\\\/\\\/fuentesfidedignas.com.mx\\\/#organization\"},\"potentialAction\":[{\"@type\":\"SearchAction\",\"target\":{\"@type\":\"EntryPoint\",\"urlTemplate\":\"https:\\\/\\\/fuentesfidedignas.com.mx\\\/?s={search_term_string}\"},\"query-input\":{\"@type\":\"PropertyValueSpecification\",\"valueRequired\":true,\"valueName\":\"search_term_string\"}}],\"inLanguage\":\"es\"},{\"@type\":\"Organization\",\"@id\":\"https:\\\/\\\/fuentesfidedignas.com.mx\\\/#organization\",\"name\":\"Fuentes Fidedignas\",\"url\":\"https:\\\/\\\/fuentesfidedignas.com.mx\\\/\",\"logo\":{\"@type\":\"ImageObject\",\"inLanguage\":\"es\",\"@id\":\"https:\\\/\\\/fuentesfidedignas.com.mx\\\/#\\\/schema\\\/logo\\\/image\\\/\",\"url\":\"https:\\\/\\\/fuentesfidedignas.com.mx\\\/wp-content\\\/uploads\\\/2021\\\/04\\\/logo-retina.png\",\"contentUrl\":\"https:\\\/\\\/fuentesfidedignas.com.mx\\\/wp-content\\\/uploads\\\/2021\\\/04\\\/logo-retina.png\",\"width\":280,\"height\":51,\"caption\":\"Fuentes Fidedignas\"},\"image\":{\"@id\":\"https:\\\/\\\/fuentesfidedignas.com.mx\\\/#\\\/schema\\\/logo\\\/image\\\/\"},\"sameAs\":[\"https:\\\/\\\/www.facebook.com\\\/Fuentes-Fidedignas-368234489921644\",\"https:\\\/\\\/x.com\\\/fidedignas\"]},{\"@type\":\"Person\",\"@id\":\"https:\\\/\\\/fuentesfidedignas.com.mx\\\/#\\\/schema\\\/person\\\/ff4db17f8fd9c584e0cfc2a0c436b8a1\",\"name\":\"El Imparcial\",\"image\":{\"@type\":\"ImageObject\",\"inLanguage\":\"es\",\"@id\":\"https:\\\/\\\/secure.gravatar.com\\\/avatar\\\/accd6807585a75316c237ee783498317be6f66ab34c47c940966f26a3f613161?s=96&d=mm&r=g\",\"url\":\"https:\\\/\\\/secure.gravatar.com\\\/avatar\\\/accd6807585a75316c237ee783498317be6f66ab34c47c940966f26a3f613161?s=96&d=mm&r=g\",\"contentUrl\":\"https:\\\/\\\/secure.gravatar.com\\\/avatar\\\/accd6807585a75316c237ee783498317be6f66ab34c47c940966f26a3f613161?s=96&d=mm&r=g\",\"caption\":\"El Imparcial\"},\"url\":\"https:\\\/\\\/fuentesfidedignas.com.mx\\\/index.php\\\/author\\\/imparcial\\\/\"}]}<\/script>\n<!-- \/ Yoast SEO plugin. -->","yoast_head_json":{"title":"\u201cSu hijo no lo pod\u00eda creer\u201d: Joven maquilla a su suegra despu\u00e9s de a\u00f1os de estar sumida en depresi\u00f3n - Fuentes Fidedignas","robots":{"index":"index","follow":"follow","max-snippet":"max-snippet:-1","max-image-preview":"max-image-preview:large","max-video-preview":"max-video-preview:-1"},"canonical":"https:\/\/fuentesfidedignas.com.mx\/index.php\/2025\/04\/02\/su-hijo-no-lo-podia-creer-joven-maquilla-a-su-suegra-despues-de-anos-de-estar-sumida-en-depresion\/","og_locale":"es_MX","og_type":"article","og_title":"\u201cSu hijo no lo pod\u00eda creer\u201d: Joven maquilla a su suegra despu\u00e9s de a\u00f1os de estar sumida en depresi\u00f3n - Fuentes Fidedignas","og_description":"Este gesto de amor no solo ha inspirado a aquellos que lo han visto, sino que tambi\u00e9n resalta la importancia de los peque\u00f1os actos de bondad y c\u00f3mo un cambio positivo, por m\u00e1s peque\u00f1o que sea, puede hacer una gran diferencia en la vida de alguien. ESTADOS UNIDOS-. Un video que se ha hecho viral [&hellip;]","og_url":"https:\/\/fuentesfidedignas.com.mx\/index.php\/2025\/04\/02\/su-hijo-no-lo-podia-creer-joven-maquilla-a-su-suegra-despues-de-anos-de-estar-sumida-en-depresion\/","og_site_name":"Fuentes Fidedignas","article_publisher":"https:\/\/www.facebook.com\/Fuentes-Fidedignas-368234489921644","article_published_time":"2025-04-02T11:20:00+00:00","og_image":[{"width":600,"height":400,"url":"https:\/\/fuentesfidedignas.com.mx\/wp-content\/uploads\/2025\/04\/sra_maquillaje.jpg","type":"image\/jpeg"}],"author":"El Imparcial","twitter_card":"summary_large_image","twitter_creator":"@fidedignas","twitter_site":"@fidedignas","twitter_misc":{"Escrito por":"El Imparcial","Tiempo de lectura":"2 minutos"},"schema":{"@context":"https:\/\/schema.org","@graph":[{"@type":"Article","@id":"https:\/\/fuentesfidedignas.com.mx\/index.php\/2025\/04\/02\/su-hijo-no-lo-podia-creer-joven-maquilla-a-su-suegra-despues-de-anos-de-estar-sumida-en-depresion\/#article","isPartOf":{"@id":"https:\/\/fuentesfidedignas.com.mx\/index.php\/2025\/04\/02\/su-hijo-no-lo-podia-creer-joven-maquilla-a-su-suegra-despues-de-anos-de-estar-sumida-en-depresion\/"},"author":{"name":"El Imparcial","@id":"https:\/\/fuentesfidedignas.com.mx\/#\/schema\/person\/ff4db17f8fd9c584e0cfc2a0c436b8a1"},"headline":"\u201cSu hijo no lo pod\u00eda creer\u201d: Joven maquilla a su suegra despu\u00e9s de a\u00f1os de estar sumida en depresi\u00f3n","datePublished":"2025-04-02T11:20:00+00:00","mainEntityOfPage":{"@id":"https:\/\/fuentesfidedignas.com.mx\/index.php\/2025\/04\/02\/su-hijo-no-lo-podia-creer-joven-maquilla-a-su-suegra-despues-de-anos-de-estar-sumida-en-depresion\/"},"wordCount":492,"commentCount":0,"publisher":{"@id":"https:\/\/fuentesfidedignas.com.mx\/#organization"},"image":{"@id":"https:\/\/fuentesfidedignas.com.mx\/index.php\/2025\/04\/02\/su-hijo-no-lo-podia-creer-joven-maquilla-a-su-suegra-despues-de-anos-de-estar-sumida-en-depresion\/#primaryimage"},"thumbnailUrl":"https:\/\/fuentesfidedignas.com.mx\/wp-content\/uploads\/2025\/04\/sra_maquillaje.jpg","articleSection":["LAS ASOMBROSAS"],"inLanguage":"es","potentialAction":[{"@type":"CommentAction","name":"Comment","target":["https:\/\/fuentesfidedignas.com.mx\/index.php\/2025\/04\/02\/su-hijo-no-lo-podia-creer-joven-maquilla-a-su-suegra-despues-de-anos-de-estar-sumida-en-depresion\/#respond"]}]},{"@type":"WebPage","@id":"https:\/\/fuentesfidedignas.com.mx\/index.php\/2025\/04\/02\/su-hijo-no-lo-podia-creer-joven-maquilla-a-su-suegra-despues-de-anos-de-estar-sumida-en-depresion\/","url":"https:\/\/fuentesfidedignas.com.mx\/index.php\/2025\/04\/02\/su-hijo-no-lo-podia-creer-joven-maquilla-a-su-suegra-despues-de-anos-de-estar-sumida-en-depresion\/","name":"\u201cSu hijo no lo pod\u00eda creer\u201d: Joven maquilla a su suegra despu\u00e9s de a\u00f1os de estar sumida en depresi\u00f3n - Fuentes Fidedignas","isPartOf":{"@id":"https:\/\/fuentesfidedignas.com.mx\/#website"},"primaryImageOfPage":{"@id":"https:\/\/fuentesfidedignas.com.mx\/index.php\/2025\/04\/02\/su-hijo-no-lo-podia-creer-joven-maquilla-a-su-suegra-despues-de-anos-de-estar-sumida-en-depresion\/#primaryimage"},"image":{"@id":"https:\/\/fuentesfidedignas.com.mx\/index.php\/2025\/04\/02\/su-hijo-no-lo-podia-creer-joven-maquilla-a-su-suegra-despues-de-anos-de-estar-sumida-en-depresion\/#primaryimage"},"thumbnailUrl":"https:\/\/fuentesfidedignas.com.mx\/wp-content\/uploads\/2025\/04\/sra_maquillaje.jpg","datePublished":"2025-04-02T11:20:00+00:00","breadcrumb":{"@id":"https:\/\/fuentesfidedignas.com.mx\/index.php\/2025\/04\/02\/su-hijo-no-lo-podia-creer-joven-maquilla-a-su-suegra-despues-de-anos-de-estar-sumida-en-depresion\/#breadcrumb"},"inLanguage":"es","potentialAction":[{"@type":"ReadAction","target":["https:\/\/fuentesfidedignas.com.mx\/index.php\/2025\/04\/02\/su-hijo-no-lo-podia-creer-joven-maquilla-a-su-suegra-despues-de-anos-de-estar-sumida-en-depresion\/"]}]},{"@type":"ImageObject","inLanguage":"es","@id":"https:\/\/fuentesfidedignas.com.mx\/index.php\/2025\/04\/02\/su-hijo-no-lo-podia-creer-joven-maquilla-a-su-suegra-despues-de-anos-de-estar-sumida-en-depresion\/#primaryimage","url":"https:\/\/fuentesfidedignas.com.mx\/wp-content\/uploads\/2025\/04\/sra_maquillaje.jpg","contentUrl":"https:\/\/fuentesfidedignas.com.mx\/wp-content\/uploads\/2025\/04\/sra_maquillaje.jpg","width":600,"height":400},{"@type":"BreadcrumbList","@id":"https:\/\/fuentesfidedignas.com.mx\/index.php\/2025\/04\/02\/su-hijo-no-lo-podia-creer-joven-maquilla-a-su-suegra-despues-de-anos-de-estar-sumida-en-depresion\/#breadcrumb","itemListElement":[{"@type":"ListItem","position":1,"name":"Inicio","item":"https:\/\/fuentesfidedignas.com.mx\/"},{"@type":"ListItem","position":2,"name":"\u201cSu hijo no lo pod\u00eda creer\u201d: Joven maquilla a su suegra despu\u00e9s de a\u00f1os de estar sumida en depresi\u00f3n"}]},{"@type":"WebSite","@id":"https:\/\/fuentesfidedignas.com.mx\/#website","url":"https:\/\/fuentesfidedignas.com.mx\/","name":"Fuentes Fidedignas","description":"Otro sitio realizado con WordPress","publisher":{"@id":"https:\/\/fuentesfidedignas.com.mx\/#organization"},"potentialAction":[{"@type":"SearchAction","target":{"@type":"EntryPoint","urlTemplate":"https:\/\/fuentesfidedignas.com.mx\/?s={search_term_string}"},"query-input":{"@type":"PropertyValueSpecification","valueRequired":true,"valueName":"search_term_string"}}],"inLanguage":"es"},{"@type":"Organization","@id":"https:\/\/fuentesfidedignas.com.mx\/#organization","name":"Fuentes Fidedignas","url":"https:\/\/fuentesfidedignas.com.mx\/","logo":{"@type":"ImageObject","inLanguage":"es","@id":"https:\/\/fuentesfidedignas.com.mx\/#\/schema\/logo\/image\/","url":"https:\/\/fuentesfidedignas.com.mx\/wp-content\/uploads\/2021\/04\/logo-retina.png","contentUrl":"https:\/\/fuentesfidedignas.com.mx\/wp-content\/uploads\/2021\/04\/logo-retina.png","width":280,"height":51,"caption":"Fuentes Fidedignas"},"image":{"@id":"https:\/\/fuentesfidedignas.com.mx\/#\/schema\/logo\/image\/"},"sameAs":["https:\/\/www.facebook.com\/Fuentes-Fidedignas-368234489921644","https:\/\/x.com\/fidedignas"]},{"@type":"Person","@id":"https:\/\/fuentesfidedignas.com.mx\/#\/schema\/person\/ff4db17f8fd9c584e0cfc2a0c436b8a1","name":"El Imparcial","image":{"@type":"ImageObject","inLanguage":"es","@id":"https:\/\/secure.gravatar.com\/avatar\/accd6807585a75316c237ee783498317be6f66ab34c47c940966f26a3f613161?s=96&d=mm&r=g","url":"https:\/\/secure.gravatar.com\/avatar\/accd6807585a75316c237ee783498317be6f66ab34c47c940966f26a3f613161?s=96&d=mm&r=g","contentUrl":"https:\/\/secure.gravatar.com\/avatar\/accd6807585a75316c237ee783498317be6f66ab34c47c940966f26a3f613161?s=96&d=mm&r=g","caption":"El Imparcial"},"url":"https:\/\/fuentesfidedignas.com.mx\/index.php\/author\/imparcial\/"}]}},"_links":{"self":[{"href":"https:\/\/fuentesfidedignas.com.mx\/index.php\/wp-json\/wp\/v2\/posts\/105290","targetHints":{"allow":["GET"]}}],"collection":[{"href":"https:\/\/fuentesfidedignas.com.mx\/index.php\/wp-json\/wp\/v2\/posts"}],"about":[{"href":"https:\/\/fuentesfidedignas.com.mx\/index.php\/wp-json\/wp\/v2\/types\/post"}],"author":[{"embeddable":true,"href":"https:\/\/fuentesfidedignas.com.mx\/index.php\/wp-json\/wp\/v2\/users\/40"}],"replies":[{"embeddable":true,"href":"https:\/\/fuentesfidedignas.com.mx\/index.php\/wp-json\/wp\/v2\/comments?post=105290"}],"version-history":[{"count":1,"href":"https:\/\/fuentesfidedignas.com.mx\/index.php\/wp-json\/wp\/v2\/posts\/105290\/revisions"}],"predecessor-version":[{"id":105292,"href":"https:\/\/fuentesfidedignas.com.mx\/index.php\/wp-json\/wp\/v2\/posts\/105290\/revisions\/105292"}],"wp:featuredmedia":[{"embeddable":true,"href":"https:\/\/fuentesfidedignas.com.mx\/index.php\/wp-json\/wp\/v2\/media\/105291"}],"wp:attachment":[{"href":"https:\/\/fuentesfidedignas.com.mx\/index.php\/wp-json\/wp\/v2\/media?parent=105290"}],"wp:term":[{"taxonomy":"category","embeddable":true,"href":"https:\/\/fuentesfidedignas.com.mx\/index.php\/wp-json\/wp\/v2\/categories?post=105290"},{"taxonomy":"post_tag","embeddable":true,"href":"https:\/\/fuentesfidedignas.com.mx\/index.php\/wp-json\/wp\/v2\/tags?post=105290"}],"curies":[{"name":"wp","href":"https:\/\/api.w.org\/{rel}","templated":true}]}}