{"id":105279,"date":"2025-04-01T20:53:35","date_gmt":"2025-04-02T03:53:35","guid":{"rendered":"https:\/\/fuentesfidedignas.com.mx\/?p=105279"},"modified":"2025-04-01T20:53:38","modified_gmt":"2025-04-02T03:53:38","slug":"muere-maria-pinete-vargas-vicepresidenta-de-la-mesa-directiva-en-san-lazaro","status":"publish","type":"post","link":"https:\/\/fuentesfidedignas.com.mx\/index.php\/2025\/04\/01\/muere-maria-pinete-vargas-vicepresidenta-de-la-mesa-directiva-en-san-lazaro\/","title":{"rendered":"Muere Mar\u00eda Pinete Vargas, vicepresidenta de la Mesa Directiva en San L\u00e1zaro"},"content":{"rendered":"\n<p><strong><em>Mar\u00eda del Carmen Pinete, vicepresidenta de la C\u00e1mara de Diputados por el PVEM, muri\u00f3 este martes\u00a0a causa de una complicaci\u00f3n respiratoria.<\/em><\/strong><\/p>\n\n\n\n<p>Mar\u00eda del Carmen Pinete, vicepresidenta de la C\u00e1mara de Diputados por el PVEM, muri\u00f3 este martes\u00a0a causa de una complicaci\u00f3n respiratoria.<\/p>\n\n\n\n<p>As\u00ed lo confirmaron Sergio Guti\u00e9rrez Luna, presidente de la Mesa Directiva en el Palacio de San L\u00e1zaro, y el l\u00edder parlamentario de Morena, Ricardo Monreal, quienes expresaron su pesar y ofrecieron condolencias a los familiares de la legisladora veracruzana.<\/p>\n\n\n\n<p>\u201cCon profunda tristeza informo el sensible fallecimiento de mi compa\u00f1era diputada y amiga Maru (Mar\u00eda) Pinete. Mi paisana siempre fue una mujer comprometida y generosa.\u00a0<br>\u201cMe quedo con su tenacidad y su incansable lucha por transformar a nuestro pa\u00eds. A su familia y seres queridos, todo mi abrazo y mi solidaridad. Hasta siempre, Maru\u201d, se\u00f1al\u00f3 Guti\u00e9rrez Luna en un mensaje en redes sociales.<\/p>\n\n\n\n<blockquote class=\"twitter-tweet\"><p lang=\"es\" dir=\"ltr\">Con profunda tristeza informo el sensible fallecimiento de mi compa\u00f1era diputada y amiga Maru Pinete. <br>Mi paisana siempre fue una mujer comprometida y generosa. Me quedo con su tenacidad y su incansable lucha por transformar a nuestro pa\u00eds.<br><br>A su familia y seres queridos, todo mi\u2026 <a href=\"https:\/\/t.co\/wckhK4aesz\">pic.twitter.com\/wckhK4aesz<\/a><\/p>&mdash; Sergio Gutz. Luna (@Sergeluna_S) <a href=\"https:\/\/twitter.com\/Sergeluna_S\/status\/1907231933458743435?ref_src=twsrc%5Etfw\">April 2, 2025<\/a><\/blockquote> <script async src=\"https:\/\/platform.twitter.com\/widgets.js\" charset=\"utf-8\"><\/script>\n\n\n\n<p>Por la misma v\u00eda, Monreal lament\u00f3 el deceso de la diputada del PVEM, a quien defini\u00f3 como una mujer comprometida con M\u00e9xico.<\/p>\n\n\n\n<p>\u201cCon gran pesar recibimos la noticia del fallecimiento de nuestra compa\u00f1era diputada del PVEM, Mar\u00eda del Carmen Pinete Vargas, mujer comprometida con M\u00e9xico y ejemplo de trabajo. Enviamos nuestras condolencias a su familia y seres queridos en este trance tan doloroso. Descanse en paz\u201d, escribi\u00f3.<\/p>\n\n\n\n<blockquote class=\"twitter-tweet\"><p lang=\"es\" dir=\"ltr\">Con gran pesar recibimos la noticia del fallecimiento de nuestra compa\u00f1era Diputada del PVEM Ma. del Carmen Pinete Vargas, mujer comprometida con M\u00e9xico y ejemplo de trabajo. Enviamos nuestras condolencias a su familia y seres queridos en este trance tan doloroso. Descanse en paz<\/p>&mdash; Ricardo Monreal A. (@RicardoMonrealA) <a href=\"https:\/\/twitter.com\/RicardoMonrealA\/status\/1907227327479574829?ref_src=twsrc%5Etfw\">April 2, 2025<\/a><\/blockquote> <script async src=\"https:\/\/platform.twitter.com\/widgets.js\" charset=\"utf-8\"><\/script>\n\n\n\n<p>El coordinador de los diputados federales del PAN, Jos\u00e9 El\u00edas Lixa, se uni\u00f3 al pesar por el deceso de Pinete.&nbsp;<\/p>\n\n\n\n<p>\u201cLamento mucho el sensible fallecimiento de la vicepresidenta de C\u00e1mara de Diputados, diputada Mar\u00eda del Carmen Pinete Vargas. Expreso a nombre del grupo parlamentario del PAN nuestra solidaridad y m\u00e1s sentido p\u00e9same<\/p>\n\n\n\n<blockquote class=\"twitter-tweet\"><p lang=\"es\" dir=\"ltr\">Lamento mucho el sensible fallecimiento de la Vicepresidenta de <a href=\"https:\/\/twitter.com\/Mx_Diputados?ref_src=twsrc%5Etfw\">@Mx_Diputados<\/a>, diputada Mar\u00eda del Carmen Pinete Vargas. Expreso a nombre de mi grupo <a href=\"https:\/\/twitter.com\/diputadospan?ref_src=twsrc%5Etfw\">@diputadospan<\/a>, nuestra solidaridad y m\u00e1s sentido p\u00e9same a sus familiares, amistades y a su grupo <a href=\"https:\/\/twitter.com\/DiputadosVerdes?ref_src=twsrc%5Etfw\">@DiputadosVerdes<\/a>.<a href=\"https:\/\/twitter.com\/CarlosPuenteZAC?ref_src=twsrc%5Etfw\">@CarlosPuenteZAC<\/a> <a href=\"https:\/\/t.co\/xcT2urmdv1\">pic.twitter.com\/xcT2urmdv1<\/a><\/p>&mdash; El\u00edas Lixa (@eLiasLixa) <a href=\"https:\/\/twitter.com\/eLiasLixa\/status\/1907242668121620564?ref_src=twsrc%5Etfw\">April 2, 2025<\/a><\/blockquote> <script async src=\"https:\/\/platform.twitter.com\/widgets.js\" charset=\"utf-8\"><\/script>\n\n\n\n<p><\/p>\n","protected":false},"excerpt":{"rendered":"<p>Mar\u00eda del Carmen Pinete, vicepresidenta de la C\u00e1mara de Diputados por el PVEM, muri\u00f3 este martes\u00a0a causa de una complicaci\u00f3n respiratoria. Mar\u00eda del Carmen Pinete, vicepresidenta de la C\u00e1mara de Diputados por el PVEM, muri\u00f3 este martes\u00a0a causa de una complicaci\u00f3n respiratoria. As\u00ed lo confirmaron Sergio Guti\u00e9rrez Luna, presidente de la Mesa Directiva en el [&hellip;]<\/p>\n","protected":false},"author":9,"featured_media":105280,"comment_status":"open","ping_status":"open","sticky":false,"template":"","format":"standard","meta":{"tdm_status":"","tdm_grid_status":"","footnotes":""},"categories":[39],"tags":[],"class_list":{"0":"post-105279","1":"post","2":"type-post","3":"status-publish","4":"format-standard","5":"has-post-thumbnail","7":"category-noticias-nacionales"},"yoast_head":"<!-- This site is optimized with the Yoast SEO plugin v27.5 - https:\/\/yoast.com\/product\/yoast-seo-wordpress\/ -->\n<title>Muere Mar\u00eda Pinete Vargas, vicepresidenta de la Mesa Directiva en San L\u00e1zaro - Fuentes Fidedignas<\/title>\n<meta name=\"robots\" content=\"index, follow, max-snippet:-1, max-image-preview:large, max-video-preview:-1\" \/>\n<link rel=\"canonical\" href=\"https:\/\/fuentesfidedignas.com.mx\/index.php\/2025\/04\/01\/muere-maria-pinete-vargas-vicepresidenta-de-la-mesa-directiva-en-san-lazaro\/\" \/>\n<meta property=\"og:locale\" content=\"es_MX\" \/>\n<meta property=\"og:type\" content=\"article\" \/>\n<meta property=\"og:title\" content=\"Muere Mar\u00eda Pinete Vargas, vicepresidenta de la Mesa Directiva en San L\u00e1zaro - Fuentes Fidedignas\" \/>\n<meta property=\"og:description\" content=\"Mar\u00eda del Carmen Pinete, vicepresidenta de la C\u00e1mara de Diputados por el PVEM, muri\u00f3 este martes\u00a0a causa de una complicaci\u00f3n respiratoria. Mar\u00eda del Carmen Pinete, vicepresidenta de la C\u00e1mara de Diputados por el PVEM, muri\u00f3 este martes\u00a0a causa de una complicaci\u00f3n respiratoria. As\u00ed lo confirmaron Sergio Guti\u00e9rrez Luna, presidente de la Mesa Directiva en el [&hellip;]\" \/>\n<meta property=\"og:url\" content=\"https:\/\/fuentesfidedignas.com.mx\/index.php\/2025\/04\/01\/muere-maria-pinete-vargas-vicepresidenta-de-la-mesa-directiva-en-san-lazaro\/\" \/>\n<meta property=\"og:site_name\" content=\"Fuentes Fidedignas\" \/>\n<meta property=\"article:publisher\" content=\"https:\/\/www.facebook.com\/Fuentes-Fidedignas-368234489921644\" \/>\n<meta property=\"article:published_time\" content=\"2025-04-02T03:53:35+00:00\" \/>\n<meta property=\"article:modified_time\" content=\"2025-04-02T03:53:38+00:00\" \/>\n<meta property=\"og:image\" content=\"https:\/\/fuentesfidedignas.com.mx\/wp-content\/uploads\/2025\/04\/DIPUTADA_FALLECIDA_PVEM.jpg\" \/>\n\t<meta property=\"og:image:width\" content=\"600\" \/>\n\t<meta property=\"og:image:height\" content=\"365\" \/>\n\t<meta property=\"og:image:type\" content=\"image\/jpeg\" \/>\n<meta name=\"author\" content=\"Milenio\" \/>\n<meta name=\"twitter:card\" content=\"summary_large_image\" \/>\n<meta name=\"twitter:creator\" content=\"@fidedignas\" \/>\n<meta name=\"twitter:site\" content=\"@fidedignas\" \/>\n<meta name=\"twitter:label1\" content=\"Escrito por\" \/>\n\t<meta name=\"twitter:data1\" content=\"Milenio\" \/>\n\t<meta name=\"twitter:label2\" content=\"Tiempo de lectura\" \/>\n\t<meta name=\"twitter:data2\" content=\"2 minutos\" \/>\n<script type=\"application\/ld+json\" class=\"yoast-schema-graph\">{\"@context\":\"https:\\\/\\\/schema.org\",\"@graph\":[{\"@type\":\"Article\",\"@id\":\"https:\\\/\\\/fuentesfidedignas.com.mx\\\/index.php\\\/2025\\\/04\\\/01\\\/muere-maria-pinete-vargas-vicepresidenta-de-la-mesa-directiva-en-san-lazaro\\\/#article\",\"isPartOf\":{\"@id\":\"https:\\\/\\\/fuentesfidedignas.com.mx\\\/index.php\\\/2025\\\/04\\\/01\\\/muere-maria-pinete-vargas-vicepresidenta-de-la-mesa-directiva-en-san-lazaro\\\/\"},\"author\":{\"name\":\"Milenio\",\"@id\":\"https:\\\/\\\/fuentesfidedignas.com.mx\\\/#\\\/schema\\\/person\\\/47ec0135738f4b0c7495f06a77a2c976\"},\"headline\":\"Muere Mar\u00eda Pinete Vargas, vicepresidenta de la Mesa Directiva en San L\u00e1zaro\",\"datePublished\":\"2025-04-02T03:53:35+00:00\",\"dateModified\":\"2025-04-02T03:53:38+00:00\",\"mainEntityOfPage\":{\"@id\":\"https:\\\/\\\/fuentesfidedignas.com.mx\\\/index.php\\\/2025\\\/04\\\/01\\\/muere-maria-pinete-vargas-vicepresidenta-de-la-mesa-directiva-en-san-lazaro\\\/\"},\"wordCount\":470,\"commentCount\":0,\"publisher\":{\"@id\":\"https:\\\/\\\/fuentesfidedignas.com.mx\\\/#organization\"},\"image\":{\"@id\":\"https:\\\/\\\/fuentesfidedignas.com.mx\\\/index.php\\\/2025\\\/04\\\/01\\\/muere-maria-pinete-vargas-vicepresidenta-de-la-mesa-directiva-en-san-lazaro\\\/#primaryimage\"},\"thumbnailUrl\":\"https:\\\/\\\/fuentesfidedignas.com.mx\\\/wp-content\\\/uploads\\\/2025\\\/04\\\/DIPUTADA_FALLECIDA_PVEM.jpg\",\"articleSection\":[\"NOTICIAS NACIONALES\"],\"inLanguage\":\"es\",\"potentialAction\":[{\"@type\":\"CommentAction\",\"name\":\"Comment\",\"target\":[\"https:\\\/\\\/fuentesfidedignas.com.mx\\\/index.php\\\/2025\\\/04\\\/01\\\/muere-maria-pinete-vargas-vicepresidenta-de-la-mesa-directiva-en-san-lazaro\\\/#respond\"]}]},{\"@type\":\"WebPage\",\"@id\":\"https:\\\/\\\/fuentesfidedignas.com.mx\\\/index.php\\\/2025\\\/04\\\/01\\\/muere-maria-pinete-vargas-vicepresidenta-de-la-mesa-directiva-en-san-lazaro\\\/\",\"url\":\"https:\\\/\\\/fuentesfidedignas.com.mx\\\/index.php\\\/2025\\\/04\\\/01\\\/muere-maria-pinete-vargas-vicepresidenta-de-la-mesa-directiva-en-san-lazaro\\\/\",\"name\":\"Muere Mar\u00eda Pinete Vargas, vicepresidenta de la Mesa Directiva en San L\u00e1zaro - Fuentes Fidedignas\",\"isPartOf\":{\"@id\":\"https:\\\/\\\/fuentesfidedignas.com.mx\\\/#website\"},\"primaryImageOfPage\":{\"@id\":\"https:\\\/\\\/fuentesfidedignas.com.mx\\\/index.php\\\/2025\\\/04\\\/01\\\/muere-maria-pinete-vargas-vicepresidenta-de-la-mesa-directiva-en-san-lazaro\\\/#primaryimage\"},\"image\":{\"@id\":\"https:\\\/\\\/fuentesfidedignas.com.mx\\\/index.php\\\/2025\\\/04\\\/01\\\/muere-maria-pinete-vargas-vicepresidenta-de-la-mesa-directiva-en-san-lazaro\\\/#primaryimage\"},\"thumbnailUrl\":\"https:\\\/\\\/fuentesfidedignas.com.mx\\\/wp-content\\\/uploads\\\/2025\\\/04\\\/DIPUTADA_FALLECIDA_PVEM.jpg\",\"datePublished\":\"2025-04-02T03:53:35+00:00\",\"dateModified\":\"2025-04-02T03:53:38+00:00\",\"breadcrumb\":{\"@id\":\"https:\\\/\\\/fuentesfidedignas.com.mx\\\/index.php\\\/2025\\\/04\\\/01\\\/muere-maria-pinete-vargas-vicepresidenta-de-la-mesa-directiva-en-san-lazaro\\\/#breadcrumb\"},\"inLanguage\":\"es\",\"potentialAction\":[{\"@type\":\"ReadAction\",\"target\":[\"https:\\\/\\\/fuentesfidedignas.com.mx\\\/index.php\\\/2025\\\/04\\\/01\\\/muere-maria-pinete-vargas-vicepresidenta-de-la-mesa-directiva-en-san-lazaro\\\/\"]}]},{\"@type\":\"ImageObject\",\"inLanguage\":\"es\",\"@id\":\"https:\\\/\\\/fuentesfidedignas.com.mx\\\/index.php\\\/2025\\\/04\\\/01\\\/muere-maria-pinete-vargas-vicepresidenta-de-la-mesa-directiva-en-san-lazaro\\\/#primaryimage\",\"url\":\"https:\\\/\\\/fuentesfidedignas.com.mx\\\/wp-content\\\/uploads\\\/2025\\\/04\\\/DIPUTADA_FALLECIDA_PVEM.jpg\",\"contentUrl\":\"https:\\\/\\\/fuentesfidedignas.com.mx\\\/wp-content\\\/uploads\\\/2025\\\/04\\\/DIPUTADA_FALLECIDA_PVEM.jpg\",\"width\":600,\"height\":365},{\"@type\":\"BreadcrumbList\",\"@id\":\"https:\\\/\\\/fuentesfidedignas.com.mx\\\/index.php\\\/2025\\\/04\\\/01\\\/muere-maria-pinete-vargas-vicepresidenta-de-la-mesa-directiva-en-san-lazaro\\\/#breadcrumb\",\"itemListElement\":[{\"@type\":\"ListItem\",\"position\":1,\"name\":\"Inicio\",\"item\":\"https:\\\/\\\/fuentesfidedignas.com.mx\\\/\"},{\"@type\":\"ListItem\",\"position\":2,\"name\":\"Muere Mar\u00eda Pinete Vargas, vicepresidenta de la Mesa Directiva en San L\u00e1zaro\"}]},{\"@type\":\"WebSite\",\"@id\":\"https:\\\/\\\/fuentesfidedignas.com.mx\\\/#website\",\"url\":\"https:\\\/\\\/fuentesfidedignas.com.mx\\\/\",\"name\":\"Fuentes Fidedignas\",\"description\":\"Otro sitio realizado con WordPress\",\"publisher\":{\"@id\":\"https:\\\/\\\/fuentesfidedignas.com.mx\\\/#organization\"},\"potentialAction\":[{\"@type\":\"SearchAction\",\"target\":{\"@type\":\"EntryPoint\",\"urlTemplate\":\"https:\\\/\\\/fuentesfidedignas.com.mx\\\/?s={search_term_string}\"},\"query-input\":{\"@type\":\"PropertyValueSpecification\",\"valueRequired\":true,\"valueName\":\"search_term_string\"}}],\"inLanguage\":\"es\"},{\"@type\":\"Organization\",\"@id\":\"https:\\\/\\\/fuentesfidedignas.com.mx\\\/#organization\",\"name\":\"Fuentes Fidedignas\",\"url\":\"https:\\\/\\\/fuentesfidedignas.com.mx\\\/\",\"logo\":{\"@type\":\"ImageObject\",\"inLanguage\":\"es\",\"@id\":\"https:\\\/\\\/fuentesfidedignas.com.mx\\\/#\\\/schema\\\/logo\\\/image\\\/\",\"url\":\"https:\\\/\\\/fuentesfidedignas.com.mx\\\/wp-content\\\/uploads\\\/2021\\\/04\\\/logo-retina.png\",\"contentUrl\":\"https:\\\/\\\/fuentesfidedignas.com.mx\\\/wp-content\\\/uploads\\\/2021\\\/04\\\/logo-retina.png\",\"width\":280,\"height\":51,\"caption\":\"Fuentes Fidedignas\"},\"image\":{\"@id\":\"https:\\\/\\\/fuentesfidedignas.com.mx\\\/#\\\/schema\\\/logo\\\/image\\\/\"},\"sameAs\":[\"https:\\\/\\\/www.facebook.com\\\/Fuentes-Fidedignas-368234489921644\",\"https:\\\/\\\/x.com\\\/fidedignas\"]},{\"@type\":\"Person\",\"@id\":\"https:\\\/\\\/fuentesfidedignas.com.mx\\\/#\\\/schema\\\/person\\\/47ec0135738f4b0c7495f06a77a2c976\",\"name\":\"Milenio\",\"image\":{\"@type\":\"ImageObject\",\"inLanguage\":\"es\",\"@id\":\"https:\\\/\\\/secure.gravatar.com\\\/avatar\\\/acabf7b54753e51c2c76457954577c236b3b764789b19879565769739d1e4a75?s=96&d=mm&r=g\",\"url\":\"https:\\\/\\\/secure.gravatar.com\\\/avatar\\\/acabf7b54753e51c2c76457954577c236b3b764789b19879565769739d1e4a75?s=96&d=mm&r=g\",\"contentUrl\":\"https:\\\/\\\/secure.gravatar.com\\\/avatar\\\/acabf7b54753e51c2c76457954577c236b3b764789b19879565769739d1e4a75?s=96&d=mm&r=g\",\"caption\":\"Milenio\"},\"url\":\"https:\\\/\\\/fuentesfidedignas.com.mx\\\/index.php\\\/author\\\/milenio\\\/\"}]}<\/script>\n<!-- \/ Yoast SEO plugin. -->","yoast_head_json":{"title":"Muere Mar\u00eda Pinete Vargas, vicepresidenta de la Mesa Directiva en San L\u00e1zaro - Fuentes Fidedignas","robots":{"index":"index","follow":"follow","max-snippet":"max-snippet:-1","max-image-preview":"max-image-preview:large","max-video-preview":"max-video-preview:-1"},"canonical":"https:\/\/fuentesfidedignas.com.mx\/index.php\/2025\/04\/01\/muere-maria-pinete-vargas-vicepresidenta-de-la-mesa-directiva-en-san-lazaro\/","og_locale":"es_MX","og_type":"article","og_title":"Muere Mar\u00eda Pinete Vargas, vicepresidenta de la Mesa Directiva en San L\u00e1zaro - Fuentes Fidedignas","og_description":"Mar\u00eda del Carmen Pinete, vicepresidenta de la C\u00e1mara de Diputados por el PVEM, muri\u00f3 este martes\u00a0a causa de una complicaci\u00f3n respiratoria. Mar\u00eda del Carmen Pinete, vicepresidenta de la C\u00e1mara de Diputados por el PVEM, muri\u00f3 este martes\u00a0a causa de una complicaci\u00f3n respiratoria. As\u00ed lo confirmaron Sergio Guti\u00e9rrez Luna, presidente de la Mesa Directiva en el [&hellip;]","og_url":"https:\/\/fuentesfidedignas.com.mx\/index.php\/2025\/04\/01\/muere-maria-pinete-vargas-vicepresidenta-de-la-mesa-directiva-en-san-lazaro\/","og_site_name":"Fuentes Fidedignas","article_publisher":"https:\/\/www.facebook.com\/Fuentes-Fidedignas-368234489921644","article_published_time":"2025-04-02T03:53:35+00:00","article_modified_time":"2025-04-02T03:53:38+00:00","og_image":[{"width":600,"height":365,"url":"https:\/\/fuentesfidedignas.com.mx\/wp-content\/uploads\/2025\/04\/DIPUTADA_FALLECIDA_PVEM.jpg","type":"image\/jpeg"}],"author":"Milenio","twitter_card":"summary_large_image","twitter_creator":"@fidedignas","twitter_site":"@fidedignas","twitter_misc":{"Escrito por":"Milenio","Tiempo de lectura":"2 minutos"},"schema":{"@context":"https:\/\/schema.org","@graph":[{"@type":"Article","@id":"https:\/\/fuentesfidedignas.com.mx\/index.php\/2025\/04\/01\/muere-maria-pinete-vargas-vicepresidenta-de-la-mesa-directiva-en-san-lazaro\/#article","isPartOf":{"@id":"https:\/\/fuentesfidedignas.com.mx\/index.php\/2025\/04\/01\/muere-maria-pinete-vargas-vicepresidenta-de-la-mesa-directiva-en-san-lazaro\/"},"author":{"name":"Milenio","@id":"https:\/\/fuentesfidedignas.com.mx\/#\/schema\/person\/47ec0135738f4b0c7495f06a77a2c976"},"headline":"Muere Mar\u00eda Pinete Vargas, vicepresidenta de la Mesa Directiva en San L\u00e1zaro","datePublished":"2025-04-02T03:53:35+00:00","dateModified":"2025-04-02T03:53:38+00:00","mainEntityOfPage":{"@id":"https:\/\/fuentesfidedignas.com.mx\/index.php\/2025\/04\/01\/muere-maria-pinete-vargas-vicepresidenta-de-la-mesa-directiva-en-san-lazaro\/"},"wordCount":470,"commentCount":0,"publisher":{"@id":"https:\/\/fuentesfidedignas.com.mx\/#organization"},"image":{"@id":"https:\/\/fuentesfidedignas.com.mx\/index.php\/2025\/04\/01\/muere-maria-pinete-vargas-vicepresidenta-de-la-mesa-directiva-en-san-lazaro\/#primaryimage"},"thumbnailUrl":"https:\/\/fuentesfidedignas.com.mx\/wp-content\/uploads\/2025\/04\/DIPUTADA_FALLECIDA_PVEM.jpg","articleSection":["NOTICIAS NACIONALES"],"inLanguage":"es","potentialAction":[{"@type":"CommentAction","name":"Comment","target":["https:\/\/fuentesfidedignas.com.mx\/index.php\/2025\/04\/01\/muere-maria-pinete-vargas-vicepresidenta-de-la-mesa-directiva-en-san-lazaro\/#respond"]}]},{"@type":"WebPage","@id":"https:\/\/fuentesfidedignas.com.mx\/index.php\/2025\/04\/01\/muere-maria-pinete-vargas-vicepresidenta-de-la-mesa-directiva-en-san-lazaro\/","url":"https:\/\/fuentesfidedignas.com.mx\/index.php\/2025\/04\/01\/muere-maria-pinete-vargas-vicepresidenta-de-la-mesa-directiva-en-san-lazaro\/","name":"Muere Mar\u00eda Pinete Vargas, vicepresidenta de la Mesa Directiva en San L\u00e1zaro - Fuentes Fidedignas","isPartOf":{"@id":"https:\/\/fuentesfidedignas.com.mx\/#website"},"primaryImageOfPage":{"@id":"https:\/\/fuentesfidedignas.com.mx\/index.php\/2025\/04\/01\/muere-maria-pinete-vargas-vicepresidenta-de-la-mesa-directiva-en-san-lazaro\/#primaryimage"},"image":{"@id":"https:\/\/fuentesfidedignas.com.mx\/index.php\/2025\/04\/01\/muere-maria-pinete-vargas-vicepresidenta-de-la-mesa-directiva-en-san-lazaro\/#primaryimage"},"thumbnailUrl":"https:\/\/fuentesfidedignas.com.mx\/wp-content\/uploads\/2025\/04\/DIPUTADA_FALLECIDA_PVEM.jpg","datePublished":"2025-04-02T03:53:35+00:00","dateModified":"2025-04-02T03:53:38+00:00","breadcrumb":{"@id":"https:\/\/fuentesfidedignas.com.mx\/index.php\/2025\/04\/01\/muere-maria-pinete-vargas-vicepresidenta-de-la-mesa-directiva-en-san-lazaro\/#breadcrumb"},"inLanguage":"es","potentialAction":[{"@type":"ReadAction","target":["https:\/\/fuentesfidedignas.com.mx\/index.php\/2025\/04\/01\/muere-maria-pinete-vargas-vicepresidenta-de-la-mesa-directiva-en-san-lazaro\/"]}]},{"@type":"ImageObject","inLanguage":"es","@id":"https:\/\/fuentesfidedignas.com.mx\/index.php\/2025\/04\/01\/muere-maria-pinete-vargas-vicepresidenta-de-la-mesa-directiva-en-san-lazaro\/#primaryimage","url":"https:\/\/fuentesfidedignas.com.mx\/wp-content\/uploads\/2025\/04\/DIPUTADA_FALLECIDA_PVEM.jpg","contentUrl":"https:\/\/fuentesfidedignas.com.mx\/wp-content\/uploads\/2025\/04\/DIPUTADA_FALLECIDA_PVEM.jpg","width":600,"height":365},{"@type":"BreadcrumbList","@id":"https:\/\/fuentesfidedignas.com.mx\/index.php\/2025\/04\/01\/muere-maria-pinete-vargas-vicepresidenta-de-la-mesa-directiva-en-san-lazaro\/#breadcrumb","itemListElement":[{"@type":"ListItem","position":1,"name":"Inicio","item":"https:\/\/fuentesfidedignas.com.mx\/"},{"@type":"ListItem","position":2,"name":"Muere Mar\u00eda Pinete Vargas, vicepresidenta de la Mesa Directiva en San L\u00e1zaro"}]},{"@type":"WebSite","@id":"https:\/\/fuentesfidedignas.com.mx\/#website","url":"https:\/\/fuentesfidedignas.com.mx\/","name":"Fuentes Fidedignas","description":"Otro sitio realizado con WordPress","publisher":{"@id":"https:\/\/fuentesfidedignas.com.mx\/#organization"},"potentialAction":[{"@type":"SearchAction","target":{"@type":"EntryPoint","urlTemplate":"https:\/\/fuentesfidedignas.com.mx\/?s={search_term_string}"},"query-input":{"@type":"PropertyValueSpecification","valueRequired":true,"valueName":"search_term_string"}}],"inLanguage":"es"},{"@type":"Organization","@id":"https:\/\/fuentesfidedignas.com.mx\/#organization","name":"Fuentes Fidedignas","url":"https:\/\/fuentesfidedignas.com.mx\/","logo":{"@type":"ImageObject","inLanguage":"es","@id":"https:\/\/fuentesfidedignas.com.mx\/#\/schema\/logo\/image\/","url":"https:\/\/fuentesfidedignas.com.mx\/wp-content\/uploads\/2021\/04\/logo-retina.png","contentUrl":"https:\/\/fuentesfidedignas.com.mx\/wp-content\/uploads\/2021\/04\/logo-retina.png","width":280,"height":51,"caption":"Fuentes Fidedignas"},"image":{"@id":"https:\/\/fuentesfidedignas.com.mx\/#\/schema\/logo\/image\/"},"sameAs":["https:\/\/www.facebook.com\/Fuentes-Fidedignas-368234489921644","https:\/\/x.com\/fidedignas"]},{"@type":"Person","@id":"https:\/\/fuentesfidedignas.com.mx\/#\/schema\/person\/47ec0135738f4b0c7495f06a77a2c976","name":"Milenio","image":{"@type":"ImageObject","inLanguage":"es","@id":"https:\/\/secure.gravatar.com\/avatar\/acabf7b54753e51c2c76457954577c236b3b764789b19879565769739d1e4a75?s=96&d=mm&r=g","url":"https:\/\/secure.gravatar.com\/avatar\/acabf7b54753e51c2c76457954577c236b3b764789b19879565769739d1e4a75?s=96&d=mm&r=g","contentUrl":"https:\/\/secure.gravatar.com\/avatar\/acabf7b54753e51c2c76457954577c236b3b764789b19879565769739d1e4a75?s=96&d=mm&r=g","caption":"Milenio"},"url":"https:\/\/fuentesfidedignas.com.mx\/index.php\/author\/milenio\/"}]}},"_links":{"self":[{"href":"https:\/\/fuentesfidedignas.com.mx\/index.php\/wp-json\/wp\/v2\/posts\/105279","targetHints":{"allow":["GET"]}}],"collection":[{"href":"https:\/\/fuentesfidedignas.com.mx\/index.php\/wp-json\/wp\/v2\/posts"}],"about":[{"href":"https:\/\/fuentesfidedignas.com.mx\/index.php\/wp-json\/wp\/v2\/types\/post"}],"author":[{"embeddable":true,"href":"https:\/\/fuentesfidedignas.com.mx\/index.php\/wp-json\/wp\/v2\/users\/9"}],"replies":[{"embeddable":true,"href":"https:\/\/fuentesfidedignas.com.mx\/index.php\/wp-json\/wp\/v2\/comments?post=105279"}],"version-history":[{"count":1,"href":"https:\/\/fuentesfidedignas.com.mx\/index.php\/wp-json\/wp\/v2\/posts\/105279\/revisions"}],"predecessor-version":[{"id":105281,"href":"https:\/\/fuentesfidedignas.com.mx\/index.php\/wp-json\/wp\/v2\/posts\/105279\/revisions\/105281"}],"wp:featuredmedia":[{"embeddable":true,"href":"https:\/\/fuentesfidedignas.com.mx\/index.php\/wp-json\/wp\/v2\/media\/105280"}],"wp:attachment":[{"href":"https:\/\/fuentesfidedignas.com.mx\/index.php\/wp-json\/wp\/v2\/media?parent=105279"}],"wp:term":[{"taxonomy":"category","embeddable":true,"href":"https:\/\/fuentesfidedignas.com.mx\/index.php\/wp-json\/wp\/v2\/categories?post=105279"},{"taxonomy":"post_tag","embeddable":true,"href":"https:\/\/fuentesfidedignas.com.mx\/index.php\/wp-json\/wp\/v2\/tags?post=105279"}],"curies":[{"name":"wp","href":"https:\/\/api.w.org\/{rel}","templated":true}]}}