{"id":105195,"date":"2025-04-01T05:04:00","date_gmt":"2025-04-01T12:04:00","guid":{"rendered":"https:\/\/fuentesfidedignas.com.mx\/?p=105195"},"modified":"2025-03-31T21:12:38","modified_gmt":"2025-04-01T04:12:38","slug":"madre-protagoniza-xv-anos-de-su-hija-con-show-de-danza-arabe-y-redes-estallan","status":"publish","type":"post","link":"https:\/\/fuentesfidedignas.com.mx\/index.php\/2025\/04\/01\/madre-protagoniza-xv-anos-de-su-hija-con-show-de-danza-arabe-y-redes-estallan\/","title":{"rendered":"Madre protagoniza XV a\u00f1os de su hija con show de danza \u00e1rabe y redes &#8216;estallan&#8217;"},"content":{"rendered":"\n<p><strong><em>La mujer fue sumamente criticada en redes sociales por haber &#8216;opacado&#8217; la noche especial de su hija; as\u00ed fue el momento del show.<\/em><\/strong><\/p>\n\n\n\n<p>Las fiestas de XV a\u00f1os son un momento sumamente especial para cientos de jovencitas que anhelan la llegada de dicha celebraci\u00f3n, pues lucen espectaculares vestidos, peinados, maquillajes y un inolvidable recuerdo.<\/p>\n\n\n\n<p>Sin embargo, una joven fue tema de conversaci\u00f3n porque su fiesta result\u00f3 un tanto inusual y no por ella si no por su madre, quien decidi\u00f3 llevar a cabo un inesperado espect\u00e1culo de danza \u00e1rabe que dej\u00f3 a todos impactados.<\/p>\n\n\n\n<p>Y es que la sorpresa no fue por la impresi\u00f3n de lo bien que bail\u00f3, fue en realidad el shock de que la se\u00f1ora decidiera hacer una presentaci\u00f3n de &#8216;belly dance&#8217; en plena fiesta de su hija, quien estaba festejando sus XV a\u00f1os.<\/p>\n\n\n\n<p>El video fue compartido por un m\u00fasico que toca el saxof\u00f3n, luego de que la mam\u00e1 de la quincea\u00f1era le pidi\u00f3 tocar una melod\u00eda rom\u00e1ntica para que pudiera llevar a cabo el show en cuesti\u00f3n, por lo cual comparti\u00f3 el pol\u00e9mico momento.<\/p>\n\n\n\n<p>La se\u00f1ora sali\u00f3 con un vestido rojo entallado con aberturas, los cuales son utilizados por las bailarinas de \u00e9ste tipo de danza, aunque \u00fanicamente dur\u00f3 un par de segundos en el escenario; luego fue a hacer una reverencia a su hija.<\/p>\n\n\n\n<p>La joven se levant\u00f3 y abraz\u00f3 a su mam\u00e1, quien luc\u00eda una gran sonrisa, mientras estrechaba a la quincea\u00f1era; sin embargo, en redes sociales se abri\u00f3 un acalorado debate sobre lo ocurrido en donde acusaron a la mujer de haber abochornado a su hija.<\/p>\n\n\n\n<p>Fueron diversos comentarios negativos los que llenaron el video en cuesti\u00f3n alegando que estuvo fuera de lugar haber tenido tal gesto, ya que hab\u00eda otras maneras de celebrar junto a su hija un momento tan especial.<\/p>\n\n\n\n<p>Aunado a ello puntualizaron que la hizo pasar una gran verg\u00fcenza, al grado de que sus XV a\u00f1os ser\u00e1s recordados por el baile de su madre y no por la festejada, lo cual lamentaron porque no habr\u00e1 una segunda oportunidad de que cumpla la misma edad.<\/p>\n\n\n\n<ul class=\"wp-block-list\">\n<li>&#8220;Que oso jajajaja&#8221;.<\/li>\n\n\n\n<li>&#8220;Le ped\u00ed a mi esposo que si se me ocurre una de esas sorpresas para mis hijas me duerma unos dos d\u00edas antes&#8221;.<\/li>\n\n\n\n<li>&#8220;Ni al caso. Es el d\u00eda de su hija. Claramente quiere resaltar. P\u00e9simo gusto&#8221;.<\/li>\n\n\n\n<li>&#8220;Las consecuencias de haber sido madre adolescente, ahora se proyecta en la fiesta de xv de la chica&#8221;.<\/li>\n\n\n\n<li>&#8220;La se\u00f1ora que no acepta que su tiempo ya paso, es el d\u00eda de la quincea\u00f1era usted deber\u00eda irse al zumba en su colonia&#8221;.<\/li>\n\n\n\n<li>&#8220;C\u00f3mo hacer que todo se trate de mi&#8221;.<\/li>\n\n\n\n<li>&#8220;Porque ahora les ha dado a las madres por robarle el protagonismo a la quincea\u00f1era?&#8221;.<\/li>\n<\/ul>\n\n\n\n<blockquote class=\"tiktok-embed\" cite=\"https:\/\/www.tiktok.com\/@ericg_sax\/video\/7468792565991492869\" data-video-id=\"7468792565991492869\" style=\"max-width: 605px;min-width: 325px;\" > <section> <a target=\"_blank\" title=\"@ericg_sax\" href=\"https:\/\/www.tiktok.com\/@ericg_sax?refer=embed\">@ericg_sax<\/a> El baile y Sax en uni\u00f3n \ud83c\udfb7\ud83d\udc83\ud83c\udfb6 . . . . . . . <a title=\"sax\" target=\"_blank\" href=\"https:\/\/www.tiktok.com\/tag\/sax?refer=embed\">#sax<\/a> <a title=\"saxofonistaparaeventos\" target=\"_blank\" href=\"https:\/\/www.tiktok.com\/tag\/saxofonistaparaeventos?refer=embed\">#saxofonistaparaeventos<\/a> <a title=\"gdl\" target=\"_blank\" href=\"https:\/\/www.tiktok.com\/tag\/gdl?refer=embed\">#GDL<\/a> <a title=\"xva\u00f1os\" target=\"_blank\" href=\"https:\/\/www.tiktok.com\/tag\/xva%C3%B1os?refer=embed\">#xva\u00f1os<\/a> <a title=\"cumplea\u00f1os\" target=\"_blank\" href=\"https:\/\/www.tiktok.com\/tag\/cumplea%C3%B1os?refer=embed\">#cumplea\u00f1os<\/a> <a title=\"bodas\" target=\"_blank\" href=\"https:\/\/www.tiktok.com\/tag\/bodas?refer=embed\">#bodas<\/a> <a title=\"fyp\" target=\"_blank\" href=\"https:\/\/www.tiktok.com\/tag\/fyp?refer=embed\">#fyp<\/a> <a title=\"besamemucho\" target=\"_blank\" href=\"https:\/\/www.tiktok.com\/tag\/besamemucho?refer=embed\">#besamemucho<\/a> <a title=\"bellydance\" target=\"_blank\" href=\"https:\/\/www.tiktok.com\/tag\/bellydance?refer=embed\">#bellydance<\/a> <a target=\"_blank\" title=\"\u266c sonido original - ericg_sax\" href=\"https:\/\/www.tiktok.com\/music\/sonido-original-7468792582664194822?refer=embed\">\u266c sonido original &#8211; ericg_sax<\/a> <\/section> <\/blockquote> <script async src=\"https:\/\/www.tiktok.com\/embed.js\"><\/script>\n","protected":false},"excerpt":{"rendered":"<p>La mujer fue sumamente criticada en redes sociales por haber &#8216;opacado&#8217; la noche especial de su hija; as\u00ed fue el momento del show. Las fiestas de XV a\u00f1os son un momento sumamente especial para cientos de jovencitas que anhelan la llegada de dicha celebraci\u00f3n, pues lucen espectaculares vestidos, peinados, maquillajes y un inolvidable recuerdo. Sin [&hellip;]<\/p>\n","protected":false},"author":9,"featured_media":105196,"comment_status":"open","ping_status":"open","sticky":false,"template":"","format":"standard","meta":{"tdm_status":"","tdm_grid_status":"","footnotes":""},"categories":[40],"tags":[],"class_list":{"0":"post-105195","1":"post","2":"type-post","3":"status-publish","4":"format-standard","5":"has-post-thumbnail","7":"category-las-asombrosas"},"yoast_head":"<!-- This site is optimized with the Yoast SEO plugin v27.4 - https:\/\/yoast.com\/product\/yoast-seo-wordpress\/ -->\n<title>Madre protagoniza XV a\u00f1os de su hija con show de danza \u00e1rabe y redes &#039;estallan&#039; - Fuentes Fidedignas<\/title>\n<meta name=\"robots\" content=\"index, follow, max-snippet:-1, max-image-preview:large, max-video-preview:-1\" \/>\n<link rel=\"canonical\" href=\"https:\/\/fuentesfidedignas.com.mx\/index.php\/2025\/04\/01\/madre-protagoniza-xv-anos-de-su-hija-con-show-de-danza-arabe-y-redes-estallan\/\" \/>\n<meta property=\"og:locale\" content=\"es_MX\" \/>\n<meta property=\"og:type\" content=\"article\" \/>\n<meta property=\"og:title\" content=\"Madre protagoniza XV a\u00f1os de su hija con show de danza \u00e1rabe y redes &#039;estallan&#039; - Fuentes Fidedignas\" \/>\n<meta property=\"og:description\" content=\"La mujer fue sumamente criticada en redes sociales por haber &#8216;opacado&#8217; la noche especial de su hija; as\u00ed fue el momento del show. Las fiestas de XV a\u00f1os son un momento sumamente especial para cientos de jovencitas que anhelan la llegada de dicha celebraci\u00f3n, pues lucen espectaculares vestidos, peinados, maquillajes y un inolvidable recuerdo. Sin [&hellip;]\" \/>\n<meta property=\"og:url\" content=\"https:\/\/fuentesfidedignas.com.mx\/index.php\/2025\/04\/01\/madre-protagoniza-xv-anos-de-su-hija-con-show-de-danza-arabe-y-redes-estallan\/\" \/>\n<meta property=\"og:site_name\" content=\"Fuentes Fidedignas\" \/>\n<meta property=\"article:publisher\" content=\"https:\/\/www.facebook.com\/Fuentes-Fidedignas-368234489921644\" \/>\n<meta property=\"article:published_time\" content=\"2025-04-01T12:04:00+00:00\" \/>\n<meta property=\"og:image\" content=\"https:\/\/fuentesfidedignas.com.mx\/wp-content\/uploads\/2025\/03\/mama_danza.jpg\" \/>\n\t<meta property=\"og:image:width\" content=\"600\" \/>\n\t<meta property=\"og:image:height\" content=\"384\" \/>\n\t<meta property=\"og:image:type\" content=\"image\/jpeg\" \/>\n<meta name=\"author\" content=\"Milenio\" \/>\n<meta name=\"twitter:card\" content=\"summary_large_image\" \/>\n<meta name=\"twitter:creator\" content=\"@fidedignas\" \/>\n<meta name=\"twitter:site\" content=\"@fidedignas\" \/>\n<meta name=\"twitter:label1\" content=\"Escrito por\" \/>\n\t<meta name=\"twitter:data1\" content=\"Milenio\" \/>\n\t<meta name=\"twitter:label2\" content=\"Tiempo de lectura\" \/>\n\t<meta name=\"twitter:data2\" content=\"3 minutos\" \/>\n<script type=\"application\/ld+json\" class=\"yoast-schema-graph\">{\"@context\":\"https:\\\/\\\/schema.org\",\"@graph\":[{\"@type\":\"Article\",\"@id\":\"https:\\\/\\\/fuentesfidedignas.com.mx\\\/index.php\\\/2025\\\/04\\\/01\\\/madre-protagoniza-xv-anos-de-su-hija-con-show-de-danza-arabe-y-redes-estallan\\\/#article\",\"isPartOf\":{\"@id\":\"https:\\\/\\\/fuentesfidedignas.com.mx\\\/index.php\\\/2025\\\/04\\\/01\\\/madre-protagoniza-xv-anos-de-su-hija-con-show-de-danza-arabe-y-redes-estallan\\\/\"},\"author\":{\"name\":\"Milenio\",\"@id\":\"https:\\\/\\\/fuentesfidedignas.com.mx\\\/#\\\/schema\\\/person\\\/47ec0135738f4b0c7495f06a77a2c976\"},\"headline\":\"Madre protagoniza XV a\u00f1os de su hija con show de danza \u00e1rabe y redes &#8216;estallan&#8217;\",\"datePublished\":\"2025-04-01T12:04:00+00:00\",\"mainEntityOfPage\":{\"@id\":\"https:\\\/\\\/fuentesfidedignas.com.mx\\\/index.php\\\/2025\\\/04\\\/01\\\/madre-protagoniza-xv-anos-de-su-hija-con-show-de-danza-arabe-y-redes-estallan\\\/\"},\"wordCount\":524,\"commentCount\":0,\"publisher\":{\"@id\":\"https:\\\/\\\/fuentesfidedignas.com.mx\\\/#organization\"},\"image\":{\"@id\":\"https:\\\/\\\/fuentesfidedignas.com.mx\\\/index.php\\\/2025\\\/04\\\/01\\\/madre-protagoniza-xv-anos-de-su-hija-con-show-de-danza-arabe-y-redes-estallan\\\/#primaryimage\"},\"thumbnailUrl\":\"https:\\\/\\\/fuentesfidedignas.com.mx\\\/wp-content\\\/uploads\\\/2025\\\/03\\\/mama_danza.jpg\",\"articleSection\":[\"LAS ASOMBROSAS\"],\"inLanguage\":\"es\",\"potentialAction\":[{\"@type\":\"CommentAction\",\"name\":\"Comment\",\"target\":[\"https:\\\/\\\/fuentesfidedignas.com.mx\\\/index.php\\\/2025\\\/04\\\/01\\\/madre-protagoniza-xv-anos-de-su-hija-con-show-de-danza-arabe-y-redes-estallan\\\/#respond\"]}]},{\"@type\":\"WebPage\",\"@id\":\"https:\\\/\\\/fuentesfidedignas.com.mx\\\/index.php\\\/2025\\\/04\\\/01\\\/madre-protagoniza-xv-anos-de-su-hija-con-show-de-danza-arabe-y-redes-estallan\\\/\",\"url\":\"https:\\\/\\\/fuentesfidedignas.com.mx\\\/index.php\\\/2025\\\/04\\\/01\\\/madre-protagoniza-xv-anos-de-su-hija-con-show-de-danza-arabe-y-redes-estallan\\\/\",\"name\":\"Madre protagoniza XV a\u00f1os de su hija con show de danza \u00e1rabe y redes 'estallan' - Fuentes Fidedignas\",\"isPartOf\":{\"@id\":\"https:\\\/\\\/fuentesfidedignas.com.mx\\\/#website\"},\"primaryImageOfPage\":{\"@id\":\"https:\\\/\\\/fuentesfidedignas.com.mx\\\/index.php\\\/2025\\\/04\\\/01\\\/madre-protagoniza-xv-anos-de-su-hija-con-show-de-danza-arabe-y-redes-estallan\\\/#primaryimage\"},\"image\":{\"@id\":\"https:\\\/\\\/fuentesfidedignas.com.mx\\\/index.php\\\/2025\\\/04\\\/01\\\/madre-protagoniza-xv-anos-de-su-hija-con-show-de-danza-arabe-y-redes-estallan\\\/#primaryimage\"},\"thumbnailUrl\":\"https:\\\/\\\/fuentesfidedignas.com.mx\\\/wp-content\\\/uploads\\\/2025\\\/03\\\/mama_danza.jpg\",\"datePublished\":\"2025-04-01T12:04:00+00:00\",\"breadcrumb\":{\"@id\":\"https:\\\/\\\/fuentesfidedignas.com.mx\\\/index.php\\\/2025\\\/04\\\/01\\\/madre-protagoniza-xv-anos-de-su-hija-con-show-de-danza-arabe-y-redes-estallan\\\/#breadcrumb\"},\"inLanguage\":\"es\",\"potentialAction\":[{\"@type\":\"ReadAction\",\"target\":[\"https:\\\/\\\/fuentesfidedignas.com.mx\\\/index.php\\\/2025\\\/04\\\/01\\\/madre-protagoniza-xv-anos-de-su-hija-con-show-de-danza-arabe-y-redes-estallan\\\/\"]}]},{\"@type\":\"ImageObject\",\"inLanguage\":\"es\",\"@id\":\"https:\\\/\\\/fuentesfidedignas.com.mx\\\/index.php\\\/2025\\\/04\\\/01\\\/madre-protagoniza-xv-anos-de-su-hija-con-show-de-danza-arabe-y-redes-estallan\\\/#primaryimage\",\"url\":\"https:\\\/\\\/fuentesfidedignas.com.mx\\\/wp-content\\\/uploads\\\/2025\\\/03\\\/mama_danza.jpg\",\"contentUrl\":\"https:\\\/\\\/fuentesfidedignas.com.mx\\\/wp-content\\\/uploads\\\/2025\\\/03\\\/mama_danza.jpg\",\"width\":600,\"height\":384},{\"@type\":\"BreadcrumbList\",\"@id\":\"https:\\\/\\\/fuentesfidedignas.com.mx\\\/index.php\\\/2025\\\/04\\\/01\\\/madre-protagoniza-xv-anos-de-su-hija-con-show-de-danza-arabe-y-redes-estallan\\\/#breadcrumb\",\"itemListElement\":[{\"@type\":\"ListItem\",\"position\":1,\"name\":\"Inicio\",\"item\":\"https:\\\/\\\/fuentesfidedignas.com.mx\\\/\"},{\"@type\":\"ListItem\",\"position\":2,\"name\":\"Madre protagoniza XV a\u00f1os de su hija con show de danza \u00e1rabe y redes &#8216;estallan&#8217;\"}]},{\"@type\":\"WebSite\",\"@id\":\"https:\\\/\\\/fuentesfidedignas.com.mx\\\/#website\",\"url\":\"https:\\\/\\\/fuentesfidedignas.com.mx\\\/\",\"name\":\"Fuentes Fidedignas\",\"description\":\"Otro sitio realizado con WordPress\",\"publisher\":{\"@id\":\"https:\\\/\\\/fuentesfidedignas.com.mx\\\/#organization\"},\"potentialAction\":[{\"@type\":\"SearchAction\",\"target\":{\"@type\":\"EntryPoint\",\"urlTemplate\":\"https:\\\/\\\/fuentesfidedignas.com.mx\\\/?s={search_term_string}\"},\"query-input\":{\"@type\":\"PropertyValueSpecification\",\"valueRequired\":true,\"valueName\":\"search_term_string\"}}],\"inLanguage\":\"es\"},{\"@type\":\"Organization\",\"@id\":\"https:\\\/\\\/fuentesfidedignas.com.mx\\\/#organization\",\"name\":\"Fuentes Fidedignas\",\"url\":\"https:\\\/\\\/fuentesfidedignas.com.mx\\\/\",\"logo\":{\"@type\":\"ImageObject\",\"inLanguage\":\"es\",\"@id\":\"https:\\\/\\\/fuentesfidedignas.com.mx\\\/#\\\/schema\\\/logo\\\/image\\\/\",\"url\":\"https:\\\/\\\/fuentesfidedignas.com.mx\\\/wp-content\\\/uploads\\\/2021\\\/04\\\/logo-retina.png\",\"contentUrl\":\"https:\\\/\\\/fuentesfidedignas.com.mx\\\/wp-content\\\/uploads\\\/2021\\\/04\\\/logo-retina.png\",\"width\":280,\"height\":51,\"caption\":\"Fuentes Fidedignas\"},\"image\":{\"@id\":\"https:\\\/\\\/fuentesfidedignas.com.mx\\\/#\\\/schema\\\/logo\\\/image\\\/\"},\"sameAs\":[\"https:\\\/\\\/www.facebook.com\\\/Fuentes-Fidedignas-368234489921644\",\"https:\\\/\\\/x.com\\\/fidedignas\"]},{\"@type\":\"Person\",\"@id\":\"https:\\\/\\\/fuentesfidedignas.com.mx\\\/#\\\/schema\\\/person\\\/47ec0135738f4b0c7495f06a77a2c976\",\"name\":\"Milenio\",\"image\":{\"@type\":\"ImageObject\",\"inLanguage\":\"es\",\"@id\":\"https:\\\/\\\/secure.gravatar.com\\\/avatar\\\/acabf7b54753e51c2c76457954577c236b3b764789b19879565769739d1e4a75?s=96&d=mm&r=g\",\"url\":\"https:\\\/\\\/secure.gravatar.com\\\/avatar\\\/acabf7b54753e51c2c76457954577c236b3b764789b19879565769739d1e4a75?s=96&d=mm&r=g\",\"contentUrl\":\"https:\\\/\\\/secure.gravatar.com\\\/avatar\\\/acabf7b54753e51c2c76457954577c236b3b764789b19879565769739d1e4a75?s=96&d=mm&r=g\",\"caption\":\"Milenio\"},\"url\":\"https:\\\/\\\/fuentesfidedignas.com.mx\\\/index.php\\\/author\\\/milenio\\\/\"}]}<\/script>\n<!-- \/ Yoast SEO plugin. -->","yoast_head_json":{"title":"Madre protagoniza XV a\u00f1os de su hija con show de danza \u00e1rabe y redes 'estallan' - Fuentes Fidedignas","robots":{"index":"index","follow":"follow","max-snippet":"max-snippet:-1","max-image-preview":"max-image-preview:large","max-video-preview":"max-video-preview:-1"},"canonical":"https:\/\/fuentesfidedignas.com.mx\/index.php\/2025\/04\/01\/madre-protagoniza-xv-anos-de-su-hija-con-show-de-danza-arabe-y-redes-estallan\/","og_locale":"es_MX","og_type":"article","og_title":"Madre protagoniza XV a\u00f1os de su hija con show de danza \u00e1rabe y redes 'estallan' - Fuentes Fidedignas","og_description":"La mujer fue sumamente criticada en redes sociales por haber &#8216;opacado&#8217; la noche especial de su hija; as\u00ed fue el momento del show. Las fiestas de XV a\u00f1os son un momento sumamente especial para cientos de jovencitas que anhelan la llegada de dicha celebraci\u00f3n, pues lucen espectaculares vestidos, peinados, maquillajes y un inolvidable recuerdo. Sin [&hellip;]","og_url":"https:\/\/fuentesfidedignas.com.mx\/index.php\/2025\/04\/01\/madre-protagoniza-xv-anos-de-su-hija-con-show-de-danza-arabe-y-redes-estallan\/","og_site_name":"Fuentes Fidedignas","article_publisher":"https:\/\/www.facebook.com\/Fuentes-Fidedignas-368234489921644","article_published_time":"2025-04-01T12:04:00+00:00","og_image":[{"width":600,"height":384,"url":"https:\/\/fuentesfidedignas.com.mx\/wp-content\/uploads\/2025\/03\/mama_danza.jpg","type":"image\/jpeg"}],"author":"Milenio","twitter_card":"summary_large_image","twitter_creator":"@fidedignas","twitter_site":"@fidedignas","twitter_misc":{"Escrito por":"Milenio","Tiempo de lectura":"3 minutos"},"schema":{"@context":"https:\/\/schema.org","@graph":[{"@type":"Article","@id":"https:\/\/fuentesfidedignas.com.mx\/index.php\/2025\/04\/01\/madre-protagoniza-xv-anos-de-su-hija-con-show-de-danza-arabe-y-redes-estallan\/#article","isPartOf":{"@id":"https:\/\/fuentesfidedignas.com.mx\/index.php\/2025\/04\/01\/madre-protagoniza-xv-anos-de-su-hija-con-show-de-danza-arabe-y-redes-estallan\/"},"author":{"name":"Milenio","@id":"https:\/\/fuentesfidedignas.com.mx\/#\/schema\/person\/47ec0135738f4b0c7495f06a77a2c976"},"headline":"Madre protagoniza XV a\u00f1os de su hija con show de danza \u00e1rabe y redes &#8216;estallan&#8217;","datePublished":"2025-04-01T12:04:00+00:00","mainEntityOfPage":{"@id":"https:\/\/fuentesfidedignas.com.mx\/index.php\/2025\/04\/01\/madre-protagoniza-xv-anos-de-su-hija-con-show-de-danza-arabe-y-redes-estallan\/"},"wordCount":524,"commentCount":0,"publisher":{"@id":"https:\/\/fuentesfidedignas.com.mx\/#organization"},"image":{"@id":"https:\/\/fuentesfidedignas.com.mx\/index.php\/2025\/04\/01\/madre-protagoniza-xv-anos-de-su-hija-con-show-de-danza-arabe-y-redes-estallan\/#primaryimage"},"thumbnailUrl":"https:\/\/fuentesfidedignas.com.mx\/wp-content\/uploads\/2025\/03\/mama_danza.jpg","articleSection":["LAS ASOMBROSAS"],"inLanguage":"es","potentialAction":[{"@type":"CommentAction","name":"Comment","target":["https:\/\/fuentesfidedignas.com.mx\/index.php\/2025\/04\/01\/madre-protagoniza-xv-anos-de-su-hija-con-show-de-danza-arabe-y-redes-estallan\/#respond"]}]},{"@type":"WebPage","@id":"https:\/\/fuentesfidedignas.com.mx\/index.php\/2025\/04\/01\/madre-protagoniza-xv-anos-de-su-hija-con-show-de-danza-arabe-y-redes-estallan\/","url":"https:\/\/fuentesfidedignas.com.mx\/index.php\/2025\/04\/01\/madre-protagoniza-xv-anos-de-su-hija-con-show-de-danza-arabe-y-redes-estallan\/","name":"Madre protagoniza XV a\u00f1os de su hija con show de danza \u00e1rabe y redes 'estallan' - Fuentes Fidedignas","isPartOf":{"@id":"https:\/\/fuentesfidedignas.com.mx\/#website"},"primaryImageOfPage":{"@id":"https:\/\/fuentesfidedignas.com.mx\/index.php\/2025\/04\/01\/madre-protagoniza-xv-anos-de-su-hija-con-show-de-danza-arabe-y-redes-estallan\/#primaryimage"},"image":{"@id":"https:\/\/fuentesfidedignas.com.mx\/index.php\/2025\/04\/01\/madre-protagoniza-xv-anos-de-su-hija-con-show-de-danza-arabe-y-redes-estallan\/#primaryimage"},"thumbnailUrl":"https:\/\/fuentesfidedignas.com.mx\/wp-content\/uploads\/2025\/03\/mama_danza.jpg","datePublished":"2025-04-01T12:04:00+00:00","breadcrumb":{"@id":"https:\/\/fuentesfidedignas.com.mx\/index.php\/2025\/04\/01\/madre-protagoniza-xv-anos-de-su-hija-con-show-de-danza-arabe-y-redes-estallan\/#breadcrumb"},"inLanguage":"es","potentialAction":[{"@type":"ReadAction","target":["https:\/\/fuentesfidedignas.com.mx\/index.php\/2025\/04\/01\/madre-protagoniza-xv-anos-de-su-hija-con-show-de-danza-arabe-y-redes-estallan\/"]}]},{"@type":"ImageObject","inLanguage":"es","@id":"https:\/\/fuentesfidedignas.com.mx\/index.php\/2025\/04\/01\/madre-protagoniza-xv-anos-de-su-hija-con-show-de-danza-arabe-y-redes-estallan\/#primaryimage","url":"https:\/\/fuentesfidedignas.com.mx\/wp-content\/uploads\/2025\/03\/mama_danza.jpg","contentUrl":"https:\/\/fuentesfidedignas.com.mx\/wp-content\/uploads\/2025\/03\/mama_danza.jpg","width":600,"height":384},{"@type":"BreadcrumbList","@id":"https:\/\/fuentesfidedignas.com.mx\/index.php\/2025\/04\/01\/madre-protagoniza-xv-anos-de-su-hija-con-show-de-danza-arabe-y-redes-estallan\/#breadcrumb","itemListElement":[{"@type":"ListItem","position":1,"name":"Inicio","item":"https:\/\/fuentesfidedignas.com.mx\/"},{"@type":"ListItem","position":2,"name":"Madre protagoniza XV a\u00f1os de su hija con show de danza \u00e1rabe y redes &#8216;estallan&#8217;"}]},{"@type":"WebSite","@id":"https:\/\/fuentesfidedignas.com.mx\/#website","url":"https:\/\/fuentesfidedignas.com.mx\/","name":"Fuentes Fidedignas","description":"Otro sitio realizado con WordPress","publisher":{"@id":"https:\/\/fuentesfidedignas.com.mx\/#organization"},"potentialAction":[{"@type":"SearchAction","target":{"@type":"EntryPoint","urlTemplate":"https:\/\/fuentesfidedignas.com.mx\/?s={search_term_string}"},"query-input":{"@type":"PropertyValueSpecification","valueRequired":true,"valueName":"search_term_string"}}],"inLanguage":"es"},{"@type":"Organization","@id":"https:\/\/fuentesfidedignas.com.mx\/#organization","name":"Fuentes Fidedignas","url":"https:\/\/fuentesfidedignas.com.mx\/","logo":{"@type":"ImageObject","inLanguage":"es","@id":"https:\/\/fuentesfidedignas.com.mx\/#\/schema\/logo\/image\/","url":"https:\/\/fuentesfidedignas.com.mx\/wp-content\/uploads\/2021\/04\/logo-retina.png","contentUrl":"https:\/\/fuentesfidedignas.com.mx\/wp-content\/uploads\/2021\/04\/logo-retina.png","width":280,"height":51,"caption":"Fuentes Fidedignas"},"image":{"@id":"https:\/\/fuentesfidedignas.com.mx\/#\/schema\/logo\/image\/"},"sameAs":["https:\/\/www.facebook.com\/Fuentes-Fidedignas-368234489921644","https:\/\/x.com\/fidedignas"]},{"@type":"Person","@id":"https:\/\/fuentesfidedignas.com.mx\/#\/schema\/person\/47ec0135738f4b0c7495f06a77a2c976","name":"Milenio","image":{"@type":"ImageObject","inLanguage":"es","@id":"https:\/\/secure.gravatar.com\/avatar\/acabf7b54753e51c2c76457954577c236b3b764789b19879565769739d1e4a75?s=96&d=mm&r=g","url":"https:\/\/secure.gravatar.com\/avatar\/acabf7b54753e51c2c76457954577c236b3b764789b19879565769739d1e4a75?s=96&d=mm&r=g","contentUrl":"https:\/\/secure.gravatar.com\/avatar\/acabf7b54753e51c2c76457954577c236b3b764789b19879565769739d1e4a75?s=96&d=mm&r=g","caption":"Milenio"},"url":"https:\/\/fuentesfidedignas.com.mx\/index.php\/author\/milenio\/"}]}},"_links":{"self":[{"href":"https:\/\/fuentesfidedignas.com.mx\/index.php\/wp-json\/wp\/v2\/posts\/105195","targetHints":{"allow":["GET"]}}],"collection":[{"href":"https:\/\/fuentesfidedignas.com.mx\/index.php\/wp-json\/wp\/v2\/posts"}],"about":[{"href":"https:\/\/fuentesfidedignas.com.mx\/index.php\/wp-json\/wp\/v2\/types\/post"}],"author":[{"embeddable":true,"href":"https:\/\/fuentesfidedignas.com.mx\/index.php\/wp-json\/wp\/v2\/users\/9"}],"replies":[{"embeddable":true,"href":"https:\/\/fuentesfidedignas.com.mx\/index.php\/wp-json\/wp\/v2\/comments?post=105195"}],"version-history":[{"count":1,"href":"https:\/\/fuentesfidedignas.com.mx\/index.php\/wp-json\/wp\/v2\/posts\/105195\/revisions"}],"predecessor-version":[{"id":105197,"href":"https:\/\/fuentesfidedignas.com.mx\/index.php\/wp-json\/wp\/v2\/posts\/105195\/revisions\/105197"}],"wp:featuredmedia":[{"embeddable":true,"href":"https:\/\/fuentesfidedignas.com.mx\/index.php\/wp-json\/wp\/v2\/media\/105196"}],"wp:attachment":[{"href":"https:\/\/fuentesfidedignas.com.mx\/index.php\/wp-json\/wp\/v2\/media?parent=105195"}],"wp:term":[{"taxonomy":"category","embeddable":true,"href":"https:\/\/fuentesfidedignas.com.mx\/index.php\/wp-json\/wp\/v2\/categories?post=105195"},{"taxonomy":"post_tag","embeddable":true,"href":"https:\/\/fuentesfidedignas.com.mx\/index.php\/wp-json\/wp\/v2\/tags?post=105195"}],"curies":[{"name":"wp","href":"https:\/\/api.w.org\/{rel}","templated":true}]}}