{"id":105132,"date":"2025-03-31T06:55:06","date_gmt":"2025-03-31T13:55:06","guid":{"rendered":"https:\/\/fuentesfidedignas.com.mx\/?p=105132"},"modified":"2025-03-31T07:20:38","modified_gmt":"2025-03-31T14:20:38","slug":"video-banda-proyecta-imagenes-de-el-mencho-durante-concierto-en-zapopan","status":"publish","type":"post","link":"https:\/\/fuentesfidedignas.com.mx\/index.php\/2025\/03\/31\/video-banda-proyecta-imagenes-de-el-mencho-durante-concierto-en-zapopan\/","title":{"rendered":"VIDEO | Grupo proyecta im\u00e1genes de \u2018El Mencho\u2019 durante concierto en Zapopan"},"content":{"rendered":"\n<p><strong><em>En el Auditorio Telmex de Zapopan, Jalisco, Los Alegres del Barranco toc\u00f3 una canci\u00f3n con referencia a \u2018El Mencho\u2019 y se proyectaron im\u00e1genes del narcotraficante<\/em><\/strong><\/p>\n\n\n\n<p>La banda Los Alegres del Barranco mostr\u00f3 im\u00e1genes de Nemesio Oseguera Cervantes, alias \u2018El Mencho\u2018, durante un concierto ofrecido el s\u00e1bado 29 de marzo.<\/p>\n\n\n\n<p>En el Auditorio Telmex de Zapopan, Jalisco, la banda toc\u00f3 una canci\u00f3n con referencia al l\u00edder del C\u00e1rtel Jalisco Nueva Generaci\u00f3n (CJNG) y se proyectaron im\u00e1genes del narcotraficante.<\/p>\n\n\n\n<figure class=\"wp-block-embed is-type-rich is-provider-twitter wp-block-embed-twitter\"><div class=\"wp-block-embed__wrapper\">\n<blockquote class=\"twitter-tweet\" data-width=\"550\" data-dnt=\"true\"><p lang=\"es\" dir=\"ltr\">Mientras M\u00e9xico llora a sus desaparecidos y se indigna por Teuchitl\u00e1n, Los Alegres del Barranco promueven la narcocultura con \u201cEl Se\u00f1or de los Gallos\u201d, un corrido dedicado a El Mencho, l\u00edder del CJNG. <a href=\"https:\/\/t.co\/v9cCZtt42D\">pic.twitter.com\/v9cCZtt42D<\/a><\/p>&mdash; apartadomex (@ApartadoMex) <a href=\"https:\/\/twitter.com\/ApartadoMex\/status\/1906453169795690675?ref_src=twsrc%5Etfw\">March 30, 2025<\/a><\/blockquote><script async src=\"https:\/\/platform.twitter.com\/widgets.js\" charset=\"utf-8\"><\/script>\n<\/div><\/figure>\n\n\n\n<p>El momento fue captado por asistentes al concierto y fue compartido en redes sociales.<\/p>\n\n\n\n<p>La canci\u00f3n interpretada fue \u2018El due\u00f1o del palenque\u2019 y hace referencia a Oseguera Cervantes y hace referencia al CJNG.<\/p>\n\n\n\n<p>Esta presentaci\u00f3n ha generado pol\u00e9mica por el reciente hallazgo de un presunto centro de entrenamiento del C\u00e1rtel Jalisco Nueva Generaci\u00f3n en el Rancho Izaguirre ubicado en Teuchitl\u00e1n, Jalisco.<\/p>\n","protected":false},"excerpt":{"rendered":"<p>En el Auditorio Telmex de Zapopan, Jalisco, Los Alegres del Barranco toc\u00f3 una canci\u00f3n con referencia a \u2018El Mencho\u2019 y se proyectaron im\u00e1genes del narcotraficante La banda Los Alegres del Barranco mostr\u00f3 im\u00e1genes de Nemesio Oseguera Cervantes, alias \u2018El Mencho\u2018, durante un concierto ofrecido el s\u00e1bado 29 de marzo. En el Auditorio Telmex de Zapopan, [&hellip;]<\/p>\n","protected":false},"author":47,"featured_media":105133,"comment_status":"open","ping_status":"open","sticky":false,"template":"","format":"standard","meta":{"tdm_status":"","tdm_grid_status":"","footnotes":""},"categories":[39],"tags":[],"class_list":{"0":"post-105132","1":"post","2":"type-post","3":"status-publish","4":"format-standard","5":"has-post-thumbnail","7":"category-noticias-nacionales"},"yoast_head":"<!-- This site is optimized with the Yoast SEO plugin v27.4 - https:\/\/yoast.com\/product\/yoast-seo-wordpress\/ -->\n<title>VIDEO | Grupo proyecta im\u00e1genes de \u2018El Mencho\u2019 durante concierto en Zapopan - Fuentes Fidedignas<\/title>\n<meta name=\"robots\" content=\"index, follow, max-snippet:-1, max-image-preview:large, max-video-preview:-1\" \/>\n<link rel=\"canonical\" href=\"https:\/\/fuentesfidedignas.com.mx\/index.php\/2025\/03\/31\/video-banda-proyecta-imagenes-de-el-mencho-durante-concierto-en-zapopan\/\" \/>\n<meta property=\"og:locale\" content=\"es_MX\" \/>\n<meta property=\"og:type\" content=\"article\" \/>\n<meta property=\"og:title\" content=\"VIDEO | Grupo proyecta im\u00e1genes de \u2018El Mencho\u2019 durante concierto en Zapopan - Fuentes Fidedignas\" \/>\n<meta property=\"og:description\" content=\"En el Auditorio Telmex de Zapopan, Jalisco, Los Alegres del Barranco toc\u00f3 una canci\u00f3n con referencia a \u2018El Mencho\u2019 y se proyectaron im\u00e1genes del narcotraficante La banda Los Alegres del Barranco mostr\u00f3 im\u00e1genes de Nemesio Oseguera Cervantes, alias \u2018El Mencho\u2018, durante un concierto ofrecido el s\u00e1bado 29 de marzo. En el Auditorio Telmex de Zapopan, [&hellip;]\" \/>\n<meta property=\"og:url\" content=\"https:\/\/fuentesfidedignas.com.mx\/index.php\/2025\/03\/31\/video-banda-proyecta-imagenes-de-el-mencho-durante-concierto-en-zapopan\/\" \/>\n<meta property=\"og:site_name\" content=\"Fuentes Fidedignas\" \/>\n<meta property=\"article:publisher\" content=\"https:\/\/www.facebook.com\/Fuentes-Fidedignas-368234489921644\" \/>\n<meta property=\"article:published_time\" content=\"2025-03-31T13:55:06+00:00\" \/>\n<meta property=\"article:modified_time\" content=\"2025-03-31T14:20:38+00:00\" \/>\n<meta property=\"og:image\" content=\"https:\/\/fuentesfidedignas.com.mx\/wp-content\/uploads\/2025\/03\/banda-proyecta-imagenes-de-el-mencho-durante-concierto-en-zapopan.jpg\" \/>\n\t<meta property=\"og:image:width\" content=\"600\" \/>\n\t<meta property=\"og:image:height\" content=\"337\" \/>\n\t<meta property=\"og:image:type\" content=\"image\/jpeg\" \/>\n<meta name=\"author\" content=\"L\u00f3pez D\u00f3riga\" \/>\n<meta name=\"twitter:card\" content=\"summary_large_image\" \/>\n<meta name=\"twitter:creator\" content=\"@fidedignas\" \/>\n<meta name=\"twitter:site\" content=\"@fidedignas\" \/>\n<meta name=\"twitter:label1\" content=\"Escrito por\" \/>\n\t<meta name=\"twitter:data1\" content=\"L\u00f3pez D\u00f3riga\" \/>\n\t<meta name=\"twitter:label2\" content=\"Tiempo de lectura\" \/>\n\t<meta name=\"twitter:data2\" content=\"1 minuto\" \/>\n<script type=\"application\/ld+json\" class=\"yoast-schema-graph\">{\"@context\":\"https:\\\/\\\/schema.org\",\"@graph\":[{\"@type\":\"Article\",\"@id\":\"https:\\\/\\\/fuentesfidedignas.com.mx\\\/index.php\\\/2025\\\/03\\\/31\\\/video-banda-proyecta-imagenes-de-el-mencho-durante-concierto-en-zapopan\\\/#article\",\"isPartOf\":{\"@id\":\"https:\\\/\\\/fuentesfidedignas.com.mx\\\/index.php\\\/2025\\\/03\\\/31\\\/video-banda-proyecta-imagenes-de-el-mencho-durante-concierto-en-zapopan\\\/\"},\"author\":{\"name\":\"L\u00f3pez D\u00f3riga\",\"@id\":\"https:\\\/\\\/fuentesfidedignas.com.mx\\\/#\\\/schema\\\/person\\\/67d852f0557c8509146a4b9ddebd543a\"},\"headline\":\"VIDEO | Grupo proyecta im\u00e1genes de \u2018El Mencho\u2019 durante concierto en Zapopan\",\"datePublished\":\"2025-03-31T13:55:06+00:00\",\"dateModified\":\"2025-03-31T14:20:38+00:00\",\"mainEntityOfPage\":{\"@id\":\"https:\\\/\\\/fuentesfidedignas.com.mx\\\/index.php\\\/2025\\\/03\\\/31\\\/video-banda-proyecta-imagenes-de-el-mencho-durante-concierto-en-zapopan\\\/\"},\"wordCount\":170,\"commentCount\":0,\"publisher\":{\"@id\":\"https:\\\/\\\/fuentesfidedignas.com.mx\\\/#organization\"},\"image\":{\"@id\":\"https:\\\/\\\/fuentesfidedignas.com.mx\\\/index.php\\\/2025\\\/03\\\/31\\\/video-banda-proyecta-imagenes-de-el-mencho-durante-concierto-en-zapopan\\\/#primaryimage\"},\"thumbnailUrl\":\"https:\\\/\\\/fuentesfidedignas.com.mx\\\/wp-content\\\/uploads\\\/2025\\\/03\\\/banda-proyecta-imagenes-de-el-mencho-durante-concierto-en-zapopan.jpg\",\"articleSection\":[\"NOTICIAS NACIONALES\"],\"inLanguage\":\"es\",\"potentialAction\":[{\"@type\":\"CommentAction\",\"name\":\"Comment\",\"target\":[\"https:\\\/\\\/fuentesfidedignas.com.mx\\\/index.php\\\/2025\\\/03\\\/31\\\/video-banda-proyecta-imagenes-de-el-mencho-durante-concierto-en-zapopan\\\/#respond\"]}]},{\"@type\":\"WebPage\",\"@id\":\"https:\\\/\\\/fuentesfidedignas.com.mx\\\/index.php\\\/2025\\\/03\\\/31\\\/video-banda-proyecta-imagenes-de-el-mencho-durante-concierto-en-zapopan\\\/\",\"url\":\"https:\\\/\\\/fuentesfidedignas.com.mx\\\/index.php\\\/2025\\\/03\\\/31\\\/video-banda-proyecta-imagenes-de-el-mencho-durante-concierto-en-zapopan\\\/\",\"name\":\"VIDEO | Grupo proyecta im\u00e1genes de \u2018El Mencho\u2019 durante concierto en Zapopan - Fuentes Fidedignas\",\"isPartOf\":{\"@id\":\"https:\\\/\\\/fuentesfidedignas.com.mx\\\/#website\"},\"primaryImageOfPage\":{\"@id\":\"https:\\\/\\\/fuentesfidedignas.com.mx\\\/index.php\\\/2025\\\/03\\\/31\\\/video-banda-proyecta-imagenes-de-el-mencho-durante-concierto-en-zapopan\\\/#primaryimage\"},\"image\":{\"@id\":\"https:\\\/\\\/fuentesfidedignas.com.mx\\\/index.php\\\/2025\\\/03\\\/31\\\/video-banda-proyecta-imagenes-de-el-mencho-durante-concierto-en-zapopan\\\/#primaryimage\"},\"thumbnailUrl\":\"https:\\\/\\\/fuentesfidedignas.com.mx\\\/wp-content\\\/uploads\\\/2025\\\/03\\\/banda-proyecta-imagenes-de-el-mencho-durante-concierto-en-zapopan.jpg\",\"datePublished\":\"2025-03-31T13:55:06+00:00\",\"dateModified\":\"2025-03-31T14:20:38+00:00\",\"breadcrumb\":{\"@id\":\"https:\\\/\\\/fuentesfidedignas.com.mx\\\/index.php\\\/2025\\\/03\\\/31\\\/video-banda-proyecta-imagenes-de-el-mencho-durante-concierto-en-zapopan\\\/#breadcrumb\"},\"inLanguage\":\"es\",\"potentialAction\":[{\"@type\":\"ReadAction\",\"target\":[\"https:\\\/\\\/fuentesfidedignas.com.mx\\\/index.php\\\/2025\\\/03\\\/31\\\/video-banda-proyecta-imagenes-de-el-mencho-durante-concierto-en-zapopan\\\/\"]}]},{\"@type\":\"ImageObject\",\"inLanguage\":\"es\",\"@id\":\"https:\\\/\\\/fuentesfidedignas.com.mx\\\/index.php\\\/2025\\\/03\\\/31\\\/video-banda-proyecta-imagenes-de-el-mencho-durante-concierto-en-zapopan\\\/#primaryimage\",\"url\":\"https:\\\/\\\/fuentesfidedignas.com.mx\\\/wp-content\\\/uploads\\\/2025\\\/03\\\/banda-proyecta-imagenes-de-el-mencho-durante-concierto-en-zapopan.jpg\",\"contentUrl\":\"https:\\\/\\\/fuentesfidedignas.com.mx\\\/wp-content\\\/uploads\\\/2025\\\/03\\\/banda-proyecta-imagenes-de-el-mencho-durante-concierto-en-zapopan.jpg\",\"width\":600,\"height\":337},{\"@type\":\"BreadcrumbList\",\"@id\":\"https:\\\/\\\/fuentesfidedignas.com.mx\\\/index.php\\\/2025\\\/03\\\/31\\\/video-banda-proyecta-imagenes-de-el-mencho-durante-concierto-en-zapopan\\\/#breadcrumb\",\"itemListElement\":[{\"@type\":\"ListItem\",\"position\":1,\"name\":\"Inicio\",\"item\":\"https:\\\/\\\/fuentesfidedignas.com.mx\\\/\"},{\"@type\":\"ListItem\",\"position\":2,\"name\":\"VIDEO | Grupo proyecta im\u00e1genes de \u2018El Mencho\u2019 durante concierto en Zapopan\"}]},{\"@type\":\"WebSite\",\"@id\":\"https:\\\/\\\/fuentesfidedignas.com.mx\\\/#website\",\"url\":\"https:\\\/\\\/fuentesfidedignas.com.mx\\\/\",\"name\":\"Fuentes Fidedignas\",\"description\":\"Otro sitio realizado con WordPress\",\"publisher\":{\"@id\":\"https:\\\/\\\/fuentesfidedignas.com.mx\\\/#organization\"},\"potentialAction\":[{\"@type\":\"SearchAction\",\"target\":{\"@type\":\"EntryPoint\",\"urlTemplate\":\"https:\\\/\\\/fuentesfidedignas.com.mx\\\/?s={search_term_string}\"},\"query-input\":{\"@type\":\"PropertyValueSpecification\",\"valueRequired\":true,\"valueName\":\"search_term_string\"}}],\"inLanguage\":\"es\"},{\"@type\":\"Organization\",\"@id\":\"https:\\\/\\\/fuentesfidedignas.com.mx\\\/#organization\",\"name\":\"Fuentes Fidedignas\",\"url\":\"https:\\\/\\\/fuentesfidedignas.com.mx\\\/\",\"logo\":{\"@type\":\"ImageObject\",\"inLanguage\":\"es\",\"@id\":\"https:\\\/\\\/fuentesfidedignas.com.mx\\\/#\\\/schema\\\/logo\\\/image\\\/\",\"url\":\"https:\\\/\\\/fuentesfidedignas.com.mx\\\/wp-content\\\/uploads\\\/2021\\\/04\\\/logo-retina.png\",\"contentUrl\":\"https:\\\/\\\/fuentesfidedignas.com.mx\\\/wp-content\\\/uploads\\\/2021\\\/04\\\/logo-retina.png\",\"width\":280,\"height\":51,\"caption\":\"Fuentes Fidedignas\"},\"image\":{\"@id\":\"https:\\\/\\\/fuentesfidedignas.com.mx\\\/#\\\/schema\\\/logo\\\/image\\\/\"},\"sameAs\":[\"https:\\\/\\\/www.facebook.com\\\/Fuentes-Fidedignas-368234489921644\",\"https:\\\/\\\/x.com\\\/fidedignas\"]},{\"@type\":\"Person\",\"@id\":\"https:\\\/\\\/fuentesfidedignas.com.mx\\\/#\\\/schema\\\/person\\\/67d852f0557c8509146a4b9ddebd543a\",\"name\":\"L\u00f3pez D\u00f3riga\",\"image\":{\"@type\":\"ImageObject\",\"inLanguage\":\"es\",\"@id\":\"https:\\\/\\\/secure.gravatar.com\\\/avatar\\\/e525b06574ca18b33cded59dfe5778d6c823b9513154eff47da551b0551bdd1e?s=96&d=mm&r=g\",\"url\":\"https:\\\/\\\/secure.gravatar.com\\\/avatar\\\/e525b06574ca18b33cded59dfe5778d6c823b9513154eff47da551b0551bdd1e?s=96&d=mm&r=g\",\"contentUrl\":\"https:\\\/\\\/secure.gravatar.com\\\/avatar\\\/e525b06574ca18b33cded59dfe5778d6c823b9513154eff47da551b0551bdd1e?s=96&d=mm&r=g\",\"caption\":\"L\u00f3pez D\u00f3riga\"},\"url\":\"https:\\\/\\\/fuentesfidedignas.com.mx\\\/index.php\\\/author\\\/doriga\\\/\"}]}<\/script>\n<!-- \/ Yoast SEO plugin. -->","yoast_head_json":{"title":"VIDEO | Grupo proyecta im\u00e1genes de \u2018El Mencho\u2019 durante concierto en Zapopan - Fuentes Fidedignas","robots":{"index":"index","follow":"follow","max-snippet":"max-snippet:-1","max-image-preview":"max-image-preview:large","max-video-preview":"max-video-preview:-1"},"canonical":"https:\/\/fuentesfidedignas.com.mx\/index.php\/2025\/03\/31\/video-banda-proyecta-imagenes-de-el-mencho-durante-concierto-en-zapopan\/","og_locale":"es_MX","og_type":"article","og_title":"VIDEO | Grupo proyecta im\u00e1genes de \u2018El Mencho\u2019 durante concierto en Zapopan - Fuentes Fidedignas","og_description":"En el Auditorio Telmex de Zapopan, Jalisco, Los Alegres del Barranco toc\u00f3 una canci\u00f3n con referencia a \u2018El Mencho\u2019 y se proyectaron im\u00e1genes del narcotraficante La banda Los Alegres del Barranco mostr\u00f3 im\u00e1genes de Nemesio Oseguera Cervantes, alias \u2018El Mencho\u2018, durante un concierto ofrecido el s\u00e1bado 29 de marzo. En el Auditorio Telmex de Zapopan, [&hellip;]","og_url":"https:\/\/fuentesfidedignas.com.mx\/index.php\/2025\/03\/31\/video-banda-proyecta-imagenes-de-el-mencho-durante-concierto-en-zapopan\/","og_site_name":"Fuentes Fidedignas","article_publisher":"https:\/\/www.facebook.com\/Fuentes-Fidedignas-368234489921644","article_published_time":"2025-03-31T13:55:06+00:00","article_modified_time":"2025-03-31T14:20:38+00:00","og_image":[{"width":600,"height":337,"url":"https:\/\/fuentesfidedignas.com.mx\/wp-content\/uploads\/2025\/03\/banda-proyecta-imagenes-de-el-mencho-durante-concierto-en-zapopan.jpg","type":"image\/jpeg"}],"author":"L\u00f3pez D\u00f3riga","twitter_card":"summary_large_image","twitter_creator":"@fidedignas","twitter_site":"@fidedignas","twitter_misc":{"Escrito por":"L\u00f3pez D\u00f3riga","Tiempo de lectura":"1 minuto"},"schema":{"@context":"https:\/\/schema.org","@graph":[{"@type":"Article","@id":"https:\/\/fuentesfidedignas.com.mx\/index.php\/2025\/03\/31\/video-banda-proyecta-imagenes-de-el-mencho-durante-concierto-en-zapopan\/#article","isPartOf":{"@id":"https:\/\/fuentesfidedignas.com.mx\/index.php\/2025\/03\/31\/video-banda-proyecta-imagenes-de-el-mencho-durante-concierto-en-zapopan\/"},"author":{"name":"L\u00f3pez D\u00f3riga","@id":"https:\/\/fuentesfidedignas.com.mx\/#\/schema\/person\/67d852f0557c8509146a4b9ddebd543a"},"headline":"VIDEO | Grupo proyecta im\u00e1genes de \u2018El Mencho\u2019 durante concierto en Zapopan","datePublished":"2025-03-31T13:55:06+00:00","dateModified":"2025-03-31T14:20:38+00:00","mainEntityOfPage":{"@id":"https:\/\/fuentesfidedignas.com.mx\/index.php\/2025\/03\/31\/video-banda-proyecta-imagenes-de-el-mencho-durante-concierto-en-zapopan\/"},"wordCount":170,"commentCount":0,"publisher":{"@id":"https:\/\/fuentesfidedignas.com.mx\/#organization"},"image":{"@id":"https:\/\/fuentesfidedignas.com.mx\/index.php\/2025\/03\/31\/video-banda-proyecta-imagenes-de-el-mencho-durante-concierto-en-zapopan\/#primaryimage"},"thumbnailUrl":"https:\/\/fuentesfidedignas.com.mx\/wp-content\/uploads\/2025\/03\/banda-proyecta-imagenes-de-el-mencho-durante-concierto-en-zapopan.jpg","articleSection":["NOTICIAS NACIONALES"],"inLanguage":"es","potentialAction":[{"@type":"CommentAction","name":"Comment","target":["https:\/\/fuentesfidedignas.com.mx\/index.php\/2025\/03\/31\/video-banda-proyecta-imagenes-de-el-mencho-durante-concierto-en-zapopan\/#respond"]}]},{"@type":"WebPage","@id":"https:\/\/fuentesfidedignas.com.mx\/index.php\/2025\/03\/31\/video-banda-proyecta-imagenes-de-el-mencho-durante-concierto-en-zapopan\/","url":"https:\/\/fuentesfidedignas.com.mx\/index.php\/2025\/03\/31\/video-banda-proyecta-imagenes-de-el-mencho-durante-concierto-en-zapopan\/","name":"VIDEO | Grupo proyecta im\u00e1genes de \u2018El Mencho\u2019 durante concierto en Zapopan - Fuentes Fidedignas","isPartOf":{"@id":"https:\/\/fuentesfidedignas.com.mx\/#website"},"primaryImageOfPage":{"@id":"https:\/\/fuentesfidedignas.com.mx\/index.php\/2025\/03\/31\/video-banda-proyecta-imagenes-de-el-mencho-durante-concierto-en-zapopan\/#primaryimage"},"image":{"@id":"https:\/\/fuentesfidedignas.com.mx\/index.php\/2025\/03\/31\/video-banda-proyecta-imagenes-de-el-mencho-durante-concierto-en-zapopan\/#primaryimage"},"thumbnailUrl":"https:\/\/fuentesfidedignas.com.mx\/wp-content\/uploads\/2025\/03\/banda-proyecta-imagenes-de-el-mencho-durante-concierto-en-zapopan.jpg","datePublished":"2025-03-31T13:55:06+00:00","dateModified":"2025-03-31T14:20:38+00:00","breadcrumb":{"@id":"https:\/\/fuentesfidedignas.com.mx\/index.php\/2025\/03\/31\/video-banda-proyecta-imagenes-de-el-mencho-durante-concierto-en-zapopan\/#breadcrumb"},"inLanguage":"es","potentialAction":[{"@type":"ReadAction","target":["https:\/\/fuentesfidedignas.com.mx\/index.php\/2025\/03\/31\/video-banda-proyecta-imagenes-de-el-mencho-durante-concierto-en-zapopan\/"]}]},{"@type":"ImageObject","inLanguage":"es","@id":"https:\/\/fuentesfidedignas.com.mx\/index.php\/2025\/03\/31\/video-banda-proyecta-imagenes-de-el-mencho-durante-concierto-en-zapopan\/#primaryimage","url":"https:\/\/fuentesfidedignas.com.mx\/wp-content\/uploads\/2025\/03\/banda-proyecta-imagenes-de-el-mencho-durante-concierto-en-zapopan.jpg","contentUrl":"https:\/\/fuentesfidedignas.com.mx\/wp-content\/uploads\/2025\/03\/banda-proyecta-imagenes-de-el-mencho-durante-concierto-en-zapopan.jpg","width":600,"height":337},{"@type":"BreadcrumbList","@id":"https:\/\/fuentesfidedignas.com.mx\/index.php\/2025\/03\/31\/video-banda-proyecta-imagenes-de-el-mencho-durante-concierto-en-zapopan\/#breadcrumb","itemListElement":[{"@type":"ListItem","position":1,"name":"Inicio","item":"https:\/\/fuentesfidedignas.com.mx\/"},{"@type":"ListItem","position":2,"name":"VIDEO | Grupo proyecta im\u00e1genes de \u2018El Mencho\u2019 durante concierto en Zapopan"}]},{"@type":"WebSite","@id":"https:\/\/fuentesfidedignas.com.mx\/#website","url":"https:\/\/fuentesfidedignas.com.mx\/","name":"Fuentes Fidedignas","description":"Otro sitio realizado con WordPress","publisher":{"@id":"https:\/\/fuentesfidedignas.com.mx\/#organization"},"potentialAction":[{"@type":"SearchAction","target":{"@type":"EntryPoint","urlTemplate":"https:\/\/fuentesfidedignas.com.mx\/?s={search_term_string}"},"query-input":{"@type":"PropertyValueSpecification","valueRequired":true,"valueName":"search_term_string"}}],"inLanguage":"es"},{"@type":"Organization","@id":"https:\/\/fuentesfidedignas.com.mx\/#organization","name":"Fuentes Fidedignas","url":"https:\/\/fuentesfidedignas.com.mx\/","logo":{"@type":"ImageObject","inLanguage":"es","@id":"https:\/\/fuentesfidedignas.com.mx\/#\/schema\/logo\/image\/","url":"https:\/\/fuentesfidedignas.com.mx\/wp-content\/uploads\/2021\/04\/logo-retina.png","contentUrl":"https:\/\/fuentesfidedignas.com.mx\/wp-content\/uploads\/2021\/04\/logo-retina.png","width":280,"height":51,"caption":"Fuentes Fidedignas"},"image":{"@id":"https:\/\/fuentesfidedignas.com.mx\/#\/schema\/logo\/image\/"},"sameAs":["https:\/\/www.facebook.com\/Fuentes-Fidedignas-368234489921644","https:\/\/x.com\/fidedignas"]},{"@type":"Person","@id":"https:\/\/fuentesfidedignas.com.mx\/#\/schema\/person\/67d852f0557c8509146a4b9ddebd543a","name":"L\u00f3pez D\u00f3riga","image":{"@type":"ImageObject","inLanguage":"es","@id":"https:\/\/secure.gravatar.com\/avatar\/e525b06574ca18b33cded59dfe5778d6c823b9513154eff47da551b0551bdd1e?s=96&d=mm&r=g","url":"https:\/\/secure.gravatar.com\/avatar\/e525b06574ca18b33cded59dfe5778d6c823b9513154eff47da551b0551bdd1e?s=96&d=mm&r=g","contentUrl":"https:\/\/secure.gravatar.com\/avatar\/e525b06574ca18b33cded59dfe5778d6c823b9513154eff47da551b0551bdd1e?s=96&d=mm&r=g","caption":"L\u00f3pez D\u00f3riga"},"url":"https:\/\/fuentesfidedignas.com.mx\/index.php\/author\/doriga\/"}]}},"_links":{"self":[{"href":"https:\/\/fuentesfidedignas.com.mx\/index.php\/wp-json\/wp\/v2\/posts\/105132","targetHints":{"allow":["GET"]}}],"collection":[{"href":"https:\/\/fuentesfidedignas.com.mx\/index.php\/wp-json\/wp\/v2\/posts"}],"about":[{"href":"https:\/\/fuentesfidedignas.com.mx\/index.php\/wp-json\/wp\/v2\/types\/post"}],"author":[{"embeddable":true,"href":"https:\/\/fuentesfidedignas.com.mx\/index.php\/wp-json\/wp\/v2\/users\/47"}],"replies":[{"embeddable":true,"href":"https:\/\/fuentesfidedignas.com.mx\/index.php\/wp-json\/wp\/v2\/comments?post=105132"}],"version-history":[{"count":2,"href":"https:\/\/fuentesfidedignas.com.mx\/index.php\/wp-json\/wp\/v2\/posts\/105132\/revisions"}],"predecessor-version":[{"id":105138,"href":"https:\/\/fuentesfidedignas.com.mx\/index.php\/wp-json\/wp\/v2\/posts\/105132\/revisions\/105138"}],"wp:featuredmedia":[{"embeddable":true,"href":"https:\/\/fuentesfidedignas.com.mx\/index.php\/wp-json\/wp\/v2\/media\/105133"}],"wp:attachment":[{"href":"https:\/\/fuentesfidedignas.com.mx\/index.php\/wp-json\/wp\/v2\/media?parent=105132"}],"wp:term":[{"taxonomy":"category","embeddable":true,"href":"https:\/\/fuentesfidedignas.com.mx\/index.php\/wp-json\/wp\/v2\/categories?post=105132"},{"taxonomy":"post_tag","embeddable":true,"href":"https:\/\/fuentesfidedignas.com.mx\/index.php\/wp-json\/wp\/v2\/tags?post=105132"}],"curies":[{"name":"wp","href":"https:\/\/api.w.org\/{rel}","templated":true}]}}