{"id":105087,"date":"2025-03-30T12:29:08","date_gmt":"2025-03-30T19:29:08","guid":{"rendered":"https:\/\/fuentesfidedignas.com.mx\/?p=105087"},"modified":"2025-03-30T12:29:14","modified_gmt":"2025-03-30T19:29:14","slug":"iglesia-pide-informarse-sobre-las-candidaturas-en-las-elecciones-judiciales","status":"publish","type":"post","link":"https:\/\/fuentesfidedignas.com.mx\/index.php\/2025\/03\/30\/iglesia-pide-informarse-sobre-las-candidaturas-en-las-elecciones-judiciales\/","title":{"rendered":"Iglesia pide informarse sobre las candidaturas en las elecciones judiciales"},"content":{"rendered":"\n<p><strong><em>La Iglesia pidi\u00f3 a la ciudadan\u00eda conocer a los candidatos a las elecciones judiciales, con el fin de tomar una decisi\u00f3n bien informada<\/em><\/strong><\/p>\n\n\n\n<p>La Iglesia cat\u00f3lica pidi\u00f3 a los ciudadanos informarse sobre las candidaturas a los diversos cargos en las elecciones del Poder Judicial del pr\u00f3ximo 1 de junio y reflexionar acerca de la importancia de esta jornada.<\/p>\n\n\n\n<p>Seg\u00fan el Instituto Nacional Electoral (INE), 3 mil 422 personas participar\u00e1n como candidatas en este proceso y este domingo arrancan sus campa\u00f1as que se extender\u00e1n durante 60 d\u00edas. En total, se elegir\u00e1n 881 cargos federales en la elecci\u00f3n en la que m\u00e1s de 100 millones de ciudadanos est\u00e1n convocados a votar.<\/p>\n\n\n\n<p>\u201cEn el inicio de la in\u00e9dita campa\u00f1a electoral judicial, no podemos dejar de reflexionar sobre la importancia de esta elecci\u00f3n (\u2026) nos referimos a la importancia de que los ciudadanos hagan conciencia en que la elecci\u00f3n de un juez tiene incidencia directa en la vida cotidiana\u201d, apunt\u00f3 la Arquidi\u00f3cesis de M\u00e9xico en su editorial del semanario \u2018Desde la Fe\u2019.<\/p>\n\n\n\n<p>\u201cUn mal juez puede encarcelar inocentes, puede favorecer la injusticia en alg\u00fan juicio patrimonial o mercantil, puede afectar para mal a la sociedad\u201d, a\u00f1adi\u00f3.<\/p>\n\n\n\n<p>De aqu\u00ed, dijo, \u201cla importancia de que los ciudadanos hagan un esfuerzo por informarse sobre las candidaturas a los diversos cargos judiciales y participar activamente\u201d por el cuidado de su familia, su comunidad y su pa\u00eds.<\/p>\n\n\n\n<p>A partir de este 30 de marzo, el INE pondr\u00e1 a disposici\u00f3n de la ciudadan\u00eda el sistema \u2018Con\u00f3celes\u2018, plataforma en internet en la que se podr\u00e1 consultar la informaci\u00f3n curricular y propuestas de los candidatos a un cargo.<\/p>\n\n\n\n<p>Ante ello, la Iglesia cat\u00f3lica enfatiz\u00f3 sobre \u201cla necesidad de contar con fuentes efectivas de informaci\u00f3n, pues solo as\u00ed los electores tendr\u00e1n herramientas para conocer a los candidatos y con base en ellas tomar una decisi\u00f3n bien informada\u201c.<\/p>\n\n\n\n<p>Tambi\u00e9n dijo que existen instituciones acad\u00e9micas o sociales que planean colaborar en el esfuerzo de \u201cdar a conocer a la ciudadan\u00eda los diversos niveles y competencias de jueces a elegir, la forma en que se realizar\u00e1 la votaci\u00f3n, y los perfiles de quienes est\u00e1n compitiendo\u201d.<\/p>\n\n\n\n<p>Adem\u00e1s, consider\u00f3 \u201cfundamental aclarar que la Iglesia no ha buscado ni buscar\u00e1 involucrarse en este proceso violando disposiciones electorales\u201d y record\u00f3 que la Iglesia \u201cest\u00e1 compuesta por ciudadanos y son los propios ciudadanos quienes decidir\u00e1n, con la informaci\u00f3n que tengan, su voto para elegir a los pr\u00f3ximos jueces\u201d.<\/p>\n\n\n\n<p>Tambi\u00e9n se\u00f1al\u00f3 que desde su ejercicio editorial \u201cno asumir\u00e1 el rol de recibir, gestionar ni moderar contenidos de los candidatos\u201d, esto en respeto a lo expresado recientemente por las autoridades civiles del pa\u00eds, y para no arriesgar las candidaturas de quienes confiar\u00edan en este medio para publicar sus propuestas.<\/p>\n\n\n\n<p>La Iglesia cat\u00f3lica dijo que conf\u00eda en que las autoridades electorales \u201cestablecer\u00e1n lineamientos claros sobre la participaci\u00f3n de los candidatos en foros y plataformas digitales\u201d y record\u00f3 que \u201cuna sociedad informada es la base de una democracia s\u00f3lida\u201c.<\/p>\n\n\n\n<p>El s\u00e1bado, el INE prohibi\u00f3 a los Gobiernos federal, estatal o municipal y a cualquier instituci\u00f3n p\u00fablica o funcionario p\u00fablico o ministro de culto promover la participaci\u00f3n ciudadana en la elecci\u00f3n del Poder Judicial.<\/p>\n\n\n\n<p><\/p>\n","protected":false},"excerpt":{"rendered":"<p>La Iglesia pidi\u00f3 a la ciudadan\u00eda conocer a los candidatos a las elecciones judiciales, con el fin de tomar una decisi\u00f3n bien informada La Iglesia cat\u00f3lica pidi\u00f3 a los ciudadanos informarse sobre las candidaturas a los diversos cargos en las elecciones del Poder Judicial del pr\u00f3ximo 1 de junio y reflexionar acerca de la importancia [&hellip;]<\/p>\n","protected":false},"author":47,"featured_media":100820,"comment_status":"open","ping_status":"open","sticky":false,"template":"","format":"standard","meta":{"tdm_status":"","tdm_grid_status":"","footnotes":""},"categories":[39],"tags":[],"class_list":{"0":"post-105087","1":"post","2":"type-post","3":"status-publish","4":"format-standard","5":"has-post-thumbnail","7":"category-noticias-nacionales"},"yoast_head":"<!-- This site is optimized with the Yoast SEO plugin v27.4 - https:\/\/yoast.com\/product\/yoast-seo-wordpress\/ -->\n<title>Iglesia pide informarse sobre las candidaturas en las elecciones judiciales - Fuentes Fidedignas<\/title>\n<meta name=\"robots\" content=\"index, follow, max-snippet:-1, max-image-preview:large, max-video-preview:-1\" \/>\n<link rel=\"canonical\" href=\"https:\/\/fuentesfidedignas.com.mx\/index.php\/2025\/03\/30\/iglesia-pide-informarse-sobre-las-candidaturas-en-las-elecciones-judiciales\/\" \/>\n<meta property=\"og:locale\" content=\"es_MX\" \/>\n<meta property=\"og:type\" content=\"article\" \/>\n<meta property=\"og:title\" content=\"Iglesia pide informarse sobre las candidaturas en las elecciones judiciales - Fuentes Fidedignas\" \/>\n<meta property=\"og:description\" content=\"La Iglesia pidi\u00f3 a la ciudadan\u00eda conocer a los candidatos a las elecciones judiciales, con el fin de tomar una decisi\u00f3n bien informada La Iglesia cat\u00f3lica pidi\u00f3 a los ciudadanos informarse sobre las candidaturas a los diversos cargos en las elecciones del Poder Judicial del pr\u00f3ximo 1 de junio y reflexionar acerca de la importancia [&hellip;]\" \/>\n<meta property=\"og:url\" content=\"https:\/\/fuentesfidedignas.com.mx\/index.php\/2025\/03\/30\/iglesia-pide-informarse-sobre-las-candidaturas-en-las-elecciones-judiciales\/\" \/>\n<meta property=\"og:site_name\" content=\"Fuentes Fidedignas\" \/>\n<meta property=\"article:publisher\" content=\"https:\/\/www.facebook.com\/Fuentes-Fidedignas-368234489921644\" \/>\n<meta property=\"article:published_time\" content=\"2025-03-30T19:29:08+00:00\" \/>\n<meta property=\"article:modified_time\" content=\"2025-03-30T19:29:14+00:00\" \/>\n<meta property=\"og:image\" content=\"https:\/\/fuentesfidedignas.com.mx\/wp-content\/uploads\/2025\/02\/mazo_juez.jpg\" \/>\n\t<meta property=\"og:image:width\" content=\"600\" \/>\n\t<meta property=\"og:image:height\" content=\"415\" \/>\n\t<meta property=\"og:image:type\" content=\"image\/jpeg\" \/>\n<meta name=\"author\" content=\"L\u00f3pez D\u00f3riga\" \/>\n<meta name=\"twitter:card\" content=\"summary_large_image\" \/>\n<meta name=\"twitter:creator\" content=\"@fidedignas\" \/>\n<meta name=\"twitter:site\" content=\"@fidedignas\" \/>\n<meta name=\"twitter:label1\" content=\"Escrito por\" \/>\n\t<meta name=\"twitter:data1\" content=\"L\u00f3pez D\u00f3riga\" \/>\n\t<meta name=\"twitter:label2\" content=\"Tiempo de lectura\" \/>\n\t<meta name=\"twitter:data2\" content=\"3 minutos\" \/>\n<script type=\"application\/ld+json\" class=\"yoast-schema-graph\">{\"@context\":\"https:\\\/\\\/schema.org\",\"@graph\":[{\"@type\":\"Article\",\"@id\":\"https:\\\/\\\/fuentesfidedignas.com.mx\\\/index.php\\\/2025\\\/03\\\/30\\\/iglesia-pide-informarse-sobre-las-candidaturas-en-las-elecciones-judiciales\\\/#article\",\"isPartOf\":{\"@id\":\"https:\\\/\\\/fuentesfidedignas.com.mx\\\/index.php\\\/2025\\\/03\\\/30\\\/iglesia-pide-informarse-sobre-las-candidaturas-en-las-elecciones-judiciales\\\/\"},\"author\":{\"name\":\"L\u00f3pez D\u00f3riga\",\"@id\":\"https:\\\/\\\/fuentesfidedignas.com.mx\\\/#\\\/schema\\\/person\\\/67d852f0557c8509146a4b9ddebd543a\"},\"headline\":\"Iglesia pide informarse sobre las candidaturas en las elecciones judiciales\",\"datePublished\":\"2025-03-30T19:29:08+00:00\",\"dateModified\":\"2025-03-30T19:29:14+00:00\",\"mainEntityOfPage\":{\"@id\":\"https:\\\/\\\/fuentesfidedignas.com.mx\\\/index.php\\\/2025\\\/03\\\/30\\\/iglesia-pide-informarse-sobre-las-candidaturas-en-las-elecciones-judiciales\\\/\"},\"wordCount\":574,\"commentCount\":0,\"publisher\":{\"@id\":\"https:\\\/\\\/fuentesfidedignas.com.mx\\\/#organization\"},\"image\":{\"@id\":\"https:\\\/\\\/fuentesfidedignas.com.mx\\\/index.php\\\/2025\\\/03\\\/30\\\/iglesia-pide-informarse-sobre-las-candidaturas-en-las-elecciones-judiciales\\\/#primaryimage\"},\"thumbnailUrl\":\"https:\\\/\\\/fuentesfidedignas.com.mx\\\/wp-content\\\/uploads\\\/2025\\\/02\\\/mazo_juez.jpg\",\"articleSection\":[\"NOTICIAS NACIONALES\"],\"inLanguage\":\"es\",\"potentialAction\":[{\"@type\":\"CommentAction\",\"name\":\"Comment\",\"target\":[\"https:\\\/\\\/fuentesfidedignas.com.mx\\\/index.php\\\/2025\\\/03\\\/30\\\/iglesia-pide-informarse-sobre-las-candidaturas-en-las-elecciones-judiciales\\\/#respond\"]}]},{\"@type\":\"WebPage\",\"@id\":\"https:\\\/\\\/fuentesfidedignas.com.mx\\\/index.php\\\/2025\\\/03\\\/30\\\/iglesia-pide-informarse-sobre-las-candidaturas-en-las-elecciones-judiciales\\\/\",\"url\":\"https:\\\/\\\/fuentesfidedignas.com.mx\\\/index.php\\\/2025\\\/03\\\/30\\\/iglesia-pide-informarse-sobre-las-candidaturas-en-las-elecciones-judiciales\\\/\",\"name\":\"Iglesia pide informarse sobre las candidaturas en las elecciones judiciales - Fuentes Fidedignas\",\"isPartOf\":{\"@id\":\"https:\\\/\\\/fuentesfidedignas.com.mx\\\/#website\"},\"primaryImageOfPage\":{\"@id\":\"https:\\\/\\\/fuentesfidedignas.com.mx\\\/index.php\\\/2025\\\/03\\\/30\\\/iglesia-pide-informarse-sobre-las-candidaturas-en-las-elecciones-judiciales\\\/#primaryimage\"},\"image\":{\"@id\":\"https:\\\/\\\/fuentesfidedignas.com.mx\\\/index.php\\\/2025\\\/03\\\/30\\\/iglesia-pide-informarse-sobre-las-candidaturas-en-las-elecciones-judiciales\\\/#primaryimage\"},\"thumbnailUrl\":\"https:\\\/\\\/fuentesfidedignas.com.mx\\\/wp-content\\\/uploads\\\/2025\\\/02\\\/mazo_juez.jpg\",\"datePublished\":\"2025-03-30T19:29:08+00:00\",\"dateModified\":\"2025-03-30T19:29:14+00:00\",\"breadcrumb\":{\"@id\":\"https:\\\/\\\/fuentesfidedignas.com.mx\\\/index.php\\\/2025\\\/03\\\/30\\\/iglesia-pide-informarse-sobre-las-candidaturas-en-las-elecciones-judiciales\\\/#breadcrumb\"},\"inLanguage\":\"es\",\"potentialAction\":[{\"@type\":\"ReadAction\",\"target\":[\"https:\\\/\\\/fuentesfidedignas.com.mx\\\/index.php\\\/2025\\\/03\\\/30\\\/iglesia-pide-informarse-sobre-las-candidaturas-en-las-elecciones-judiciales\\\/\"]}]},{\"@type\":\"ImageObject\",\"inLanguage\":\"es\",\"@id\":\"https:\\\/\\\/fuentesfidedignas.com.mx\\\/index.php\\\/2025\\\/03\\\/30\\\/iglesia-pide-informarse-sobre-las-candidaturas-en-las-elecciones-judiciales\\\/#primaryimage\",\"url\":\"https:\\\/\\\/fuentesfidedignas.com.mx\\\/wp-content\\\/uploads\\\/2025\\\/02\\\/mazo_juez.jpg\",\"contentUrl\":\"https:\\\/\\\/fuentesfidedignas.com.mx\\\/wp-content\\\/uploads\\\/2025\\\/02\\\/mazo_juez.jpg\",\"width\":600,\"height\":415},{\"@type\":\"BreadcrumbList\",\"@id\":\"https:\\\/\\\/fuentesfidedignas.com.mx\\\/index.php\\\/2025\\\/03\\\/30\\\/iglesia-pide-informarse-sobre-las-candidaturas-en-las-elecciones-judiciales\\\/#breadcrumb\",\"itemListElement\":[{\"@type\":\"ListItem\",\"position\":1,\"name\":\"Inicio\",\"item\":\"https:\\\/\\\/fuentesfidedignas.com.mx\\\/\"},{\"@type\":\"ListItem\",\"position\":2,\"name\":\"Iglesia pide informarse sobre las candidaturas en las elecciones judiciales\"}]},{\"@type\":\"WebSite\",\"@id\":\"https:\\\/\\\/fuentesfidedignas.com.mx\\\/#website\",\"url\":\"https:\\\/\\\/fuentesfidedignas.com.mx\\\/\",\"name\":\"Fuentes Fidedignas\",\"description\":\"Otro sitio realizado con WordPress\",\"publisher\":{\"@id\":\"https:\\\/\\\/fuentesfidedignas.com.mx\\\/#organization\"},\"potentialAction\":[{\"@type\":\"SearchAction\",\"target\":{\"@type\":\"EntryPoint\",\"urlTemplate\":\"https:\\\/\\\/fuentesfidedignas.com.mx\\\/?s={search_term_string}\"},\"query-input\":{\"@type\":\"PropertyValueSpecification\",\"valueRequired\":true,\"valueName\":\"search_term_string\"}}],\"inLanguage\":\"es\"},{\"@type\":\"Organization\",\"@id\":\"https:\\\/\\\/fuentesfidedignas.com.mx\\\/#organization\",\"name\":\"Fuentes Fidedignas\",\"url\":\"https:\\\/\\\/fuentesfidedignas.com.mx\\\/\",\"logo\":{\"@type\":\"ImageObject\",\"inLanguage\":\"es\",\"@id\":\"https:\\\/\\\/fuentesfidedignas.com.mx\\\/#\\\/schema\\\/logo\\\/image\\\/\",\"url\":\"https:\\\/\\\/fuentesfidedignas.com.mx\\\/wp-content\\\/uploads\\\/2021\\\/04\\\/logo-retina.png\",\"contentUrl\":\"https:\\\/\\\/fuentesfidedignas.com.mx\\\/wp-content\\\/uploads\\\/2021\\\/04\\\/logo-retina.png\",\"width\":280,\"height\":51,\"caption\":\"Fuentes Fidedignas\"},\"image\":{\"@id\":\"https:\\\/\\\/fuentesfidedignas.com.mx\\\/#\\\/schema\\\/logo\\\/image\\\/\"},\"sameAs\":[\"https:\\\/\\\/www.facebook.com\\\/Fuentes-Fidedignas-368234489921644\",\"https:\\\/\\\/x.com\\\/fidedignas\"]},{\"@type\":\"Person\",\"@id\":\"https:\\\/\\\/fuentesfidedignas.com.mx\\\/#\\\/schema\\\/person\\\/67d852f0557c8509146a4b9ddebd543a\",\"name\":\"L\u00f3pez D\u00f3riga\",\"image\":{\"@type\":\"ImageObject\",\"inLanguage\":\"es\",\"@id\":\"https:\\\/\\\/secure.gravatar.com\\\/avatar\\\/e525b06574ca18b33cded59dfe5778d6c823b9513154eff47da551b0551bdd1e?s=96&d=mm&r=g\",\"url\":\"https:\\\/\\\/secure.gravatar.com\\\/avatar\\\/e525b06574ca18b33cded59dfe5778d6c823b9513154eff47da551b0551bdd1e?s=96&d=mm&r=g\",\"contentUrl\":\"https:\\\/\\\/secure.gravatar.com\\\/avatar\\\/e525b06574ca18b33cded59dfe5778d6c823b9513154eff47da551b0551bdd1e?s=96&d=mm&r=g\",\"caption\":\"L\u00f3pez D\u00f3riga\"},\"url\":\"https:\\\/\\\/fuentesfidedignas.com.mx\\\/index.php\\\/author\\\/doriga\\\/\"}]}<\/script>\n<!-- \/ Yoast SEO plugin. -->","yoast_head_json":{"title":"Iglesia pide informarse sobre las candidaturas en las elecciones judiciales - Fuentes Fidedignas","robots":{"index":"index","follow":"follow","max-snippet":"max-snippet:-1","max-image-preview":"max-image-preview:large","max-video-preview":"max-video-preview:-1"},"canonical":"https:\/\/fuentesfidedignas.com.mx\/index.php\/2025\/03\/30\/iglesia-pide-informarse-sobre-las-candidaturas-en-las-elecciones-judiciales\/","og_locale":"es_MX","og_type":"article","og_title":"Iglesia pide informarse sobre las candidaturas en las elecciones judiciales - Fuentes Fidedignas","og_description":"La Iglesia pidi\u00f3 a la ciudadan\u00eda conocer a los candidatos a las elecciones judiciales, con el fin de tomar una decisi\u00f3n bien informada La Iglesia cat\u00f3lica pidi\u00f3 a los ciudadanos informarse sobre las candidaturas a los diversos cargos en las elecciones del Poder Judicial del pr\u00f3ximo 1 de junio y reflexionar acerca de la importancia [&hellip;]","og_url":"https:\/\/fuentesfidedignas.com.mx\/index.php\/2025\/03\/30\/iglesia-pide-informarse-sobre-las-candidaturas-en-las-elecciones-judiciales\/","og_site_name":"Fuentes Fidedignas","article_publisher":"https:\/\/www.facebook.com\/Fuentes-Fidedignas-368234489921644","article_published_time":"2025-03-30T19:29:08+00:00","article_modified_time":"2025-03-30T19:29:14+00:00","og_image":[{"width":600,"height":415,"url":"https:\/\/fuentesfidedignas.com.mx\/wp-content\/uploads\/2025\/02\/mazo_juez.jpg","type":"image\/jpeg"}],"author":"L\u00f3pez D\u00f3riga","twitter_card":"summary_large_image","twitter_creator":"@fidedignas","twitter_site":"@fidedignas","twitter_misc":{"Escrito por":"L\u00f3pez D\u00f3riga","Tiempo de lectura":"3 minutos"},"schema":{"@context":"https:\/\/schema.org","@graph":[{"@type":"Article","@id":"https:\/\/fuentesfidedignas.com.mx\/index.php\/2025\/03\/30\/iglesia-pide-informarse-sobre-las-candidaturas-en-las-elecciones-judiciales\/#article","isPartOf":{"@id":"https:\/\/fuentesfidedignas.com.mx\/index.php\/2025\/03\/30\/iglesia-pide-informarse-sobre-las-candidaturas-en-las-elecciones-judiciales\/"},"author":{"name":"L\u00f3pez D\u00f3riga","@id":"https:\/\/fuentesfidedignas.com.mx\/#\/schema\/person\/67d852f0557c8509146a4b9ddebd543a"},"headline":"Iglesia pide informarse sobre las candidaturas en las elecciones judiciales","datePublished":"2025-03-30T19:29:08+00:00","dateModified":"2025-03-30T19:29:14+00:00","mainEntityOfPage":{"@id":"https:\/\/fuentesfidedignas.com.mx\/index.php\/2025\/03\/30\/iglesia-pide-informarse-sobre-las-candidaturas-en-las-elecciones-judiciales\/"},"wordCount":574,"commentCount":0,"publisher":{"@id":"https:\/\/fuentesfidedignas.com.mx\/#organization"},"image":{"@id":"https:\/\/fuentesfidedignas.com.mx\/index.php\/2025\/03\/30\/iglesia-pide-informarse-sobre-las-candidaturas-en-las-elecciones-judiciales\/#primaryimage"},"thumbnailUrl":"https:\/\/fuentesfidedignas.com.mx\/wp-content\/uploads\/2025\/02\/mazo_juez.jpg","articleSection":["NOTICIAS NACIONALES"],"inLanguage":"es","potentialAction":[{"@type":"CommentAction","name":"Comment","target":["https:\/\/fuentesfidedignas.com.mx\/index.php\/2025\/03\/30\/iglesia-pide-informarse-sobre-las-candidaturas-en-las-elecciones-judiciales\/#respond"]}]},{"@type":"WebPage","@id":"https:\/\/fuentesfidedignas.com.mx\/index.php\/2025\/03\/30\/iglesia-pide-informarse-sobre-las-candidaturas-en-las-elecciones-judiciales\/","url":"https:\/\/fuentesfidedignas.com.mx\/index.php\/2025\/03\/30\/iglesia-pide-informarse-sobre-las-candidaturas-en-las-elecciones-judiciales\/","name":"Iglesia pide informarse sobre las candidaturas en las elecciones judiciales - Fuentes Fidedignas","isPartOf":{"@id":"https:\/\/fuentesfidedignas.com.mx\/#website"},"primaryImageOfPage":{"@id":"https:\/\/fuentesfidedignas.com.mx\/index.php\/2025\/03\/30\/iglesia-pide-informarse-sobre-las-candidaturas-en-las-elecciones-judiciales\/#primaryimage"},"image":{"@id":"https:\/\/fuentesfidedignas.com.mx\/index.php\/2025\/03\/30\/iglesia-pide-informarse-sobre-las-candidaturas-en-las-elecciones-judiciales\/#primaryimage"},"thumbnailUrl":"https:\/\/fuentesfidedignas.com.mx\/wp-content\/uploads\/2025\/02\/mazo_juez.jpg","datePublished":"2025-03-30T19:29:08+00:00","dateModified":"2025-03-30T19:29:14+00:00","breadcrumb":{"@id":"https:\/\/fuentesfidedignas.com.mx\/index.php\/2025\/03\/30\/iglesia-pide-informarse-sobre-las-candidaturas-en-las-elecciones-judiciales\/#breadcrumb"},"inLanguage":"es","potentialAction":[{"@type":"ReadAction","target":["https:\/\/fuentesfidedignas.com.mx\/index.php\/2025\/03\/30\/iglesia-pide-informarse-sobre-las-candidaturas-en-las-elecciones-judiciales\/"]}]},{"@type":"ImageObject","inLanguage":"es","@id":"https:\/\/fuentesfidedignas.com.mx\/index.php\/2025\/03\/30\/iglesia-pide-informarse-sobre-las-candidaturas-en-las-elecciones-judiciales\/#primaryimage","url":"https:\/\/fuentesfidedignas.com.mx\/wp-content\/uploads\/2025\/02\/mazo_juez.jpg","contentUrl":"https:\/\/fuentesfidedignas.com.mx\/wp-content\/uploads\/2025\/02\/mazo_juez.jpg","width":600,"height":415},{"@type":"BreadcrumbList","@id":"https:\/\/fuentesfidedignas.com.mx\/index.php\/2025\/03\/30\/iglesia-pide-informarse-sobre-las-candidaturas-en-las-elecciones-judiciales\/#breadcrumb","itemListElement":[{"@type":"ListItem","position":1,"name":"Inicio","item":"https:\/\/fuentesfidedignas.com.mx\/"},{"@type":"ListItem","position":2,"name":"Iglesia pide informarse sobre las candidaturas en las elecciones judiciales"}]},{"@type":"WebSite","@id":"https:\/\/fuentesfidedignas.com.mx\/#website","url":"https:\/\/fuentesfidedignas.com.mx\/","name":"Fuentes Fidedignas","description":"Otro sitio realizado con WordPress","publisher":{"@id":"https:\/\/fuentesfidedignas.com.mx\/#organization"},"potentialAction":[{"@type":"SearchAction","target":{"@type":"EntryPoint","urlTemplate":"https:\/\/fuentesfidedignas.com.mx\/?s={search_term_string}"},"query-input":{"@type":"PropertyValueSpecification","valueRequired":true,"valueName":"search_term_string"}}],"inLanguage":"es"},{"@type":"Organization","@id":"https:\/\/fuentesfidedignas.com.mx\/#organization","name":"Fuentes Fidedignas","url":"https:\/\/fuentesfidedignas.com.mx\/","logo":{"@type":"ImageObject","inLanguage":"es","@id":"https:\/\/fuentesfidedignas.com.mx\/#\/schema\/logo\/image\/","url":"https:\/\/fuentesfidedignas.com.mx\/wp-content\/uploads\/2021\/04\/logo-retina.png","contentUrl":"https:\/\/fuentesfidedignas.com.mx\/wp-content\/uploads\/2021\/04\/logo-retina.png","width":280,"height":51,"caption":"Fuentes Fidedignas"},"image":{"@id":"https:\/\/fuentesfidedignas.com.mx\/#\/schema\/logo\/image\/"},"sameAs":["https:\/\/www.facebook.com\/Fuentes-Fidedignas-368234489921644","https:\/\/x.com\/fidedignas"]},{"@type":"Person","@id":"https:\/\/fuentesfidedignas.com.mx\/#\/schema\/person\/67d852f0557c8509146a4b9ddebd543a","name":"L\u00f3pez D\u00f3riga","image":{"@type":"ImageObject","inLanguage":"es","@id":"https:\/\/secure.gravatar.com\/avatar\/e525b06574ca18b33cded59dfe5778d6c823b9513154eff47da551b0551bdd1e?s=96&d=mm&r=g","url":"https:\/\/secure.gravatar.com\/avatar\/e525b06574ca18b33cded59dfe5778d6c823b9513154eff47da551b0551bdd1e?s=96&d=mm&r=g","contentUrl":"https:\/\/secure.gravatar.com\/avatar\/e525b06574ca18b33cded59dfe5778d6c823b9513154eff47da551b0551bdd1e?s=96&d=mm&r=g","caption":"L\u00f3pez D\u00f3riga"},"url":"https:\/\/fuentesfidedignas.com.mx\/index.php\/author\/doriga\/"}]}},"_links":{"self":[{"href":"https:\/\/fuentesfidedignas.com.mx\/index.php\/wp-json\/wp\/v2\/posts\/105087","targetHints":{"allow":["GET"]}}],"collection":[{"href":"https:\/\/fuentesfidedignas.com.mx\/index.php\/wp-json\/wp\/v2\/posts"}],"about":[{"href":"https:\/\/fuentesfidedignas.com.mx\/index.php\/wp-json\/wp\/v2\/types\/post"}],"author":[{"embeddable":true,"href":"https:\/\/fuentesfidedignas.com.mx\/index.php\/wp-json\/wp\/v2\/users\/47"}],"replies":[{"embeddable":true,"href":"https:\/\/fuentesfidedignas.com.mx\/index.php\/wp-json\/wp\/v2\/comments?post=105087"}],"version-history":[{"count":1,"href":"https:\/\/fuentesfidedignas.com.mx\/index.php\/wp-json\/wp\/v2\/posts\/105087\/revisions"}],"predecessor-version":[{"id":105088,"href":"https:\/\/fuentesfidedignas.com.mx\/index.php\/wp-json\/wp\/v2\/posts\/105087\/revisions\/105088"}],"wp:featuredmedia":[{"embeddable":true,"href":"https:\/\/fuentesfidedignas.com.mx\/index.php\/wp-json\/wp\/v2\/media\/100820"}],"wp:attachment":[{"href":"https:\/\/fuentesfidedignas.com.mx\/index.php\/wp-json\/wp\/v2\/media?parent=105087"}],"wp:term":[{"taxonomy":"category","embeddable":true,"href":"https:\/\/fuentesfidedignas.com.mx\/index.php\/wp-json\/wp\/v2\/categories?post=105087"},{"taxonomy":"post_tag","embeddable":true,"href":"https:\/\/fuentesfidedignas.com.mx\/index.php\/wp-json\/wp\/v2\/tags?post=105087"}],"curies":[{"name":"wp","href":"https:\/\/api.w.org\/{rel}","templated":true}]}}